{"id":18728,"date":"2026-04-28T18:24:43","date_gmt":"2026-04-28T22:24:43","guid":{"rendered":"https:\/\/diarioellabrador.cl\/?p=18728"},"modified":"2026-04-28T18:24:49","modified_gmt":"2026-04-28T22:24:49","slug":"gobierno-en-terreno-en-alhue-reunio-a-multiples-servicios-publicos-privados-y-voluntariados","status":"publish","type":"post","link":"https:\/\/diarioellabrador.cl\/index.php\/2026\/04\/28\/gobierno-en-terreno-en-alhue-reunio-a-multiples-servicios-publicos-privados-y-voluntariados\/","title":{"rendered":"Gobierno en Terreno en Alhu\u00e9 reuni\u00f3 a m\u00faltiples servicios p\u00fablicos, privados y voluntariados"},"content":{"rendered":"\n<ul class=\"wp-block-list\">\n<li><strong>La actividad se desarroll\u00f3 de la mano de Delegaci\u00f3n Provincial de Melipilla, en colaboraci\u00f3n con el municipio local, logrando reunir cerca de 15 instituciones que entregaron atenci\u00f3n directa a los vecinos del sector. \u00a0<\/strong><\/li>\n<\/ul>\n\n\n\n<p>A un costado de la tradicional feria libre de los d\u00edas viernes, se desarroll\u00f3 en la comuna de Alhu\u00e9 una nueva jornada de Gobierno en Terreno, iniciativa impulsada por Delegaci\u00f3n Presidencial Provincial de Melipilla, actividad que cont\u00f3 con la participaci\u00f3n de cerca de 15 servicios p\u00fablicos, privados y voluntariados, entre ellos salud primaria con punto de vacunaci\u00f3n contra la influenza, atenci\u00f3n del CESFAM, Registro Civil, ChileAtiende, CGE, INDAP, CONAF, SII, JUNAEB, entre otros, adem\u00e1s de atenci\u00f3n gratuita de peluquer\u00eda, facilitando el acceso a tr\u00e1mites, orientaci\u00f3n y prestaciones en un s\u00f3lo lugar.<\/p>\n\n\n\n<p>El Delegado Presidencial Provincial de Melipilla, Gast\u00f3n Libuy, valor\u00f3 el desarrollo de la jornada y destac\u00f3 la importancia de este tipo de iniciativas en comunas m\u00e1s apartadas de la Regi\u00f3n Metropolitana.<\/p>\n\n\n\n<p>\u201cUna muy provechosa jornada tuvimos en la comuna de Alhu\u00e9 con nuestro Gobierno en Terreno, donde una vez m\u00e1s pudimos acercar los servicios p\u00fablicos de la provincia, facilitando el acceso a los distintos tr\u00e1mites y servicios que presta el Estado. Nuestro compromiso como Delegaci\u00f3n Presidencial Provincial es seguir&nbsp; recorriendo los territorios con nuevos operativos, junto a los diversos servicios, para mejorar la calidad de vida de nuestras comunidades\u201d, indic\u00f3 la autoridad.<\/p>\n\n\n\n<p>Por su parte, Gladys Rojas, vecina de la comuna, agradeci\u00f3 la instancia. \u201cEncuentro muy bien todo esto, especialmente para las personas mayores, porque nos ayudan a informarnos sobre servicios que muchas veces no conocemos o est\u00e1n lejos. Aqu\u00ed me atendieron r\u00e1pido, pude resolver mis consultas y me gust\u00f3 todo esto\u201d, manifest\u00f3.<\/p>\n\n\n\n<p>Finalmente, Daniel Gonz\u00e1lez, vecino de Villa Alhu\u00e9, destac\u00f3 el despliegue en terreno de los diversos servicios p\u00fablicos. \u201cEsto es algo muy instructivo para la gente, porque se ve poco esto ac\u00e1. El Gobierno en Terreno es muy bueno, porque hay oficinas de CGE, INDAP, donde uno puede hacer muchas consultas, y este arbolito de CONAF que llevo, es para colocarlo al fondo de mi sitio, es un quillay\u201d, concluy\u00f3.<\/p>\n","protected":false},"excerpt":{"rendered":"<p>A un costado de la tradicional feria libre de los d\u00edas viernes, se desarroll\u00f3 en la comuna de Alhu\u00e9 una nueva jornada de Gobierno en Terreno, iniciativa impulsada por Delegaci\u00f3n Presidencial Provincial de Melipilla, actividad que cont\u00f3 con la participaci\u00f3n de cerca de 15 servicios p\u00fablicos, privados y voluntariados, entre ellos salud primaria con punto<\/p>\n<div class=\"read-more-wrapper\"><a class=\"read-more\" href=\"https:\/\/diarioellabrador.cl\/index.php\/2026\/04\/28\/gobierno-en-terreno-en-alhue-reunio-a-multiples-servicios-publicos-privados-y-voluntariados\/\" title=\"Leer m\u00e1s\"> <span class=\"button \">Leer m\u00e1s<\/span><\/a><\/div>\n","protected":false},"author":2,"featured_media":18671,"comment_status":"open","ping_status":"open","sticky":false,"template":"","format":"standard","meta":{"footnotes":""},"categories":[1],"tags":[],"class_list":["post-18728","post","type-post","status-publish","format-standard","has-post-thumbnail","hentry","category-cronica"],"yoast_head":"<!-- This site is optimized with the Yoast SEO plugin v27.5 - https:\/\/yoast.com\/product\/yoast-seo-wordpress\/ -->\n<title>Gobierno en Terreno en Alhu\u00e9 reuni\u00f3 a m\u00faltiples servicios p\u00fablicos, privados y voluntariados - Diario El Labrador<\/title>\n<meta name=\"robots\" content=\"index, follow, max-snippet:-1, max-image-preview:large, max-video-preview:-1\" \/>\n<link rel=\"canonical\" href=\"https:\/\/diarioellabrador.cl\/index.php\/2026\/04\/28\/gobierno-en-terreno-en-alhue-reunio-a-multiples-servicios-publicos-privados-y-voluntariados\/\" \/>\n<meta property=\"og:locale\" content=\"es_ES\" \/>\n<meta property=\"og:type\" content=\"article\" \/>\n<meta property=\"og:title\" content=\"Gobierno en Terreno en Alhu\u00e9 reuni\u00f3 a m\u00faltiples servicios p\u00fablicos, privados y voluntariados - Diario El Labrador\" \/>\n<meta property=\"og:description\" content=\"A un costado de la tradicional feria libre de los d\u00edas viernes, se desarroll\u00f3 en la comuna de Alhu\u00e9 una nueva jornada de Gobierno en Terreno, iniciativa impulsada por Delegaci\u00f3n Presidencial Provincial de Melipilla, actividad que cont\u00f3 con la participaci\u00f3n de cerca de 15 servicios p\u00fablicos, privados y voluntariados, entre ellos salud primaria con punto Leer m\u00e1s\" \/>\n<meta property=\"og:url\" content=\"https:\/\/diarioellabrador.cl\/index.php\/2026\/04\/28\/gobierno-en-terreno-en-alhue-reunio-a-multiples-servicios-publicos-privados-y-voluntariados\/\" \/>\n<meta property=\"og:site_name\" content=\"Diario El Labrador\" \/>\n<meta property=\"article:publisher\" content=\"https:\/\/web.facebook.com\/profile.php?id=61576120840621\" \/>\n<meta property=\"article:published_time\" content=\"2026-04-28T22:24:43+00:00\" \/>\n<meta property=\"article:modified_time\" content=\"2026-04-28T22:24:49+00:00\" \/>\n<meta property=\"og:image\" content=\"https:\/\/diarioellabrador.cl\/wp-content\/uploads\/2026\/04\/Gobierno-en-Terreno-en-Alhue-reunio-a-multiples-servicios-publicos-privados-y-voluntariados-3.jpeg\" \/>\n\t<meta property=\"og:image:width\" content=\"1280\" \/>\n\t<meta property=\"og:image:height\" content=\"960\" \/>\n\t<meta property=\"og:image:type\" content=\"image\/jpeg\" \/>\n<meta name=\"author\" content=\"Editor\" \/>\n<meta name=\"twitter:card\" content=\"summary_large_image\" \/>\n<meta name=\"twitter:creator\" content=\"@ElLabradorOf\" \/>\n<meta name=\"twitter:site\" content=\"@ElLabradorOf\" \/>\n<meta name=\"twitter:label1\" content=\"Escrito por\" \/>\n\t<meta name=\"twitter:data1\" content=\"Editor\" \/>\n\t<meta name=\"twitter:label2\" content=\"Tiempo de lectura\" \/>\n\t<meta name=\"twitter:data2\" content=\"2 minutos\" \/>\n<script type=\"application\/ld+json\" class=\"yoast-schema-graph\">{\"@context\":\"https:\\\/\\\/schema.org\",\"@graph\":[{\"@type\":\"Article\",\"@id\":\"https:\\\/\\\/diarioellabrador.cl\\\/index.php\\\/2026\\\/04\\\/28\\\/gobierno-en-terreno-en-alhue-reunio-a-multiples-servicios-publicos-privados-y-voluntariados\\\/#article\",\"isPartOf\":{\"@id\":\"https:\\\/\\\/diarioellabrador.cl\\\/index.php\\\/2026\\\/04\\\/28\\\/gobierno-en-terreno-en-alhue-reunio-a-multiples-servicios-publicos-privados-y-voluntariados\\\/\"},\"author\":{\"name\":\"Editor\",\"@id\":\"https:\\\/\\\/diarioellabrador.cl\\\/#\\\/schema\\\/person\\\/bc25ff80b4563f9c7f4bd7855df01685\"},\"headline\":\"Gobierno en Terreno en Alhu\u00e9 reuni\u00f3 a m\u00faltiples servicios p\u00fablicos, privados y voluntariados\",\"datePublished\":\"2026-04-28T22:24:43+00:00\",\"dateModified\":\"2026-04-28T22:24:49+00:00\",\"mainEntityOfPage\":{\"@id\":\"https:\\\/\\\/diarioellabrador.cl\\\/index.php\\\/2026\\\/04\\\/28\\\/gobierno-en-terreno-en-alhue-reunio-a-multiples-servicios-publicos-privados-y-voluntariados\\\/\"},\"wordCount\":386,\"commentCount\":0,\"publisher\":{\"@id\":\"https:\\\/\\\/diarioellabrador.cl\\\/#organization\"},\"image\":{\"@id\":\"https:\\\/\\\/diarioellabrador.cl\\\/index.php\\\/2026\\\/04\\\/28\\\/gobierno-en-terreno-en-alhue-reunio-a-multiples-servicios-publicos-privados-y-voluntariados\\\/#primaryimage\"},\"thumbnailUrl\":\"https:\\\/\\\/diarioellabrador.cl\\\/wp-content\\\/uploads\\\/2026\\\/04\\\/Gobierno-en-Terreno-en-Alhue-reunio-a-multiples-servicios-publicos-privados-y-voluntariados-3.jpeg\",\"articleSection\":[\"Cr\u00f3nica\"],\"inLanguage\":\"es\",\"potentialAction\":[{\"@type\":\"CommentAction\",\"name\":\"Comment\",\"target\":[\"https:\\\/\\\/diarioellabrador.cl\\\/index.php\\\/2026\\\/04\\\/28\\\/gobierno-en-terreno-en-alhue-reunio-a-multiples-servicios-publicos-privados-y-voluntariados\\\/#respond\"]}]},{\"@type\":\"WebPage\",\"@id\":\"https:\\\/\\\/diarioellabrador.cl\\\/index.php\\\/2026\\\/04\\\/28\\\/gobierno-en-terreno-en-alhue-reunio-a-multiples-servicios-publicos-privados-y-voluntariados\\\/\",\"url\":\"https:\\\/\\\/diarioellabrador.cl\\\/index.php\\\/2026\\\/04\\\/28\\\/gobierno-en-terreno-en-alhue-reunio-a-multiples-servicios-publicos-privados-y-voluntariados\\\/\",\"name\":\"Gobierno en Terreno en Alhu\u00e9 reuni\u00f3 a m\u00faltiples servicios p\u00fablicos, privados y voluntariados - Diario El Labrador\",\"isPartOf\":{\"@id\":\"https:\\\/\\\/diarioellabrador.cl\\\/#website\"},\"primaryImageOfPage\":{\"@id\":\"https:\\\/\\\/diarioellabrador.cl\\\/index.php\\\/2026\\\/04\\\/28\\\/gobierno-en-terreno-en-alhue-reunio-a-multiples-servicios-publicos-privados-y-voluntariados\\\/#primaryimage\"},\"image\":{\"@id\":\"https:\\\/\\\/diarioellabrador.cl\\\/index.php\\\/2026\\\/04\\\/28\\\/gobierno-en-terreno-en-alhue-reunio-a-multiples-servicios-publicos-privados-y-voluntariados\\\/#primaryimage\"},\"thumbnailUrl\":\"https:\\\/\\\/diarioellabrador.cl\\\/wp-content\\\/uploads\\\/2026\\\/04\\\/Gobierno-en-Terreno-en-Alhue-reunio-a-multiples-servicios-publicos-privados-y-voluntariados-3.jpeg\",\"datePublished\":\"2026-04-28T22:24:43+00:00\",\"dateModified\":\"2026-04-28T22:24:49+00:00\",\"breadcrumb\":{\"@id\":\"https:\\\/\\\/diarioellabrador.cl\\\/index.php\\\/2026\\\/04\\\/28\\\/gobierno-en-terreno-en-alhue-reunio-a-multiples-servicios-publicos-privados-y-voluntariados\\\/#breadcrumb\"},\"inLanguage\":\"es\",\"potentialAction\":[{\"@type\":\"ReadAction\",\"target\":[\"https:\\\/\\\/diarioellabrador.cl\\\/index.php\\\/2026\\\/04\\\/28\\\/gobierno-en-terreno-en-alhue-reunio-a-multiples-servicios-publicos-privados-y-voluntariados\\\/\"]}]},{\"@type\":\"ImageObject\",\"inLanguage\":\"es\",\"@id\":\"https:\\\/\\\/diarioellabrador.cl\\\/index.php\\\/2026\\\/04\\\/28\\\/gobierno-en-terreno-en-alhue-reunio-a-multiples-servicios-publicos-privados-y-voluntariados\\\/#primaryimage\",\"url\":\"https:\\\/\\\/diarioellabrador.cl\\\/wp-content\\\/uploads\\\/2026\\\/04\\\/Gobierno-en-Terreno-en-Alhue-reunio-a-multiples-servicios-publicos-privados-y-voluntariados-3.jpeg\",\"contentUrl\":\"https:\\\/\\\/diarioellabrador.cl\\\/wp-content\\\/uploads\\\/2026\\\/04\\\/Gobierno-en-Terreno-en-Alhue-reunio-a-multiples-servicios-publicos-privados-y-voluntariados-3.jpeg\",\"width\":1280,\"height\":960},{\"@type\":\"BreadcrumbList\",\"@id\":\"https:\\\/\\\/diarioellabrador.cl\\\/index.php\\\/2026\\\/04\\\/28\\\/gobierno-en-terreno-en-alhue-reunio-a-multiples-servicios-publicos-privados-y-voluntariados\\\/#breadcrumb\",\"itemListElement\":[{\"@type\":\"ListItem\",\"position\":1,\"name\":\"Portada\",\"item\":\"https:\\\/\\\/diarioellabrador.cl\\\/\"},{\"@type\":\"ListItem\",\"position\":2,\"name\":\"Gobierno en Terreno en Alhu\u00e9 reuni\u00f3 a m\u00faltiples servicios p\u00fablicos, privados y voluntariados\"}]},{\"@type\":\"WebSite\",\"@id\":\"https:\\\/\\\/diarioellabrador.cl\\\/#website\",\"url\":\"https:\\\/\\\/diarioellabrador.cl\\\/\",\"name\":\"Diario El Labrador\",\"description\":\"Haciendo noticia desde 1921\",\"publisher\":{\"@id\":\"https:\\\/\\\/diarioellabrador.cl\\\/#organization\"},\"potentialAction\":[{\"@type\":\"SearchAction\",\"target\":{\"@type\":\"EntryPoint\",\"urlTemplate\":\"https:\\\/\\\/diarioellabrador.cl\\\/?s={search_term_string}\"},\"query-input\":{\"@type\":\"PropertyValueSpecification\",\"valueRequired\":true,\"valueName\":\"search_term_string\"}}],\"inLanguage\":\"es\"},{\"@type\":\"Organization\",\"@id\":\"https:\\\/\\\/diarioellabrador.cl\\\/#organization\",\"name\":\"Diario El Labrador\",\"url\":\"https:\\\/\\\/diarioellabrador.cl\\\/\",\"logo\":{\"@type\":\"ImageObject\",\"inLanguage\":\"es\",\"@id\":\"https:\\\/\\\/diarioellabrador.cl\\\/#\\\/schema\\\/logo\\\/image\\\/\",\"url\":\"https:\\\/\\\/diarioellabrador.cl\\\/wp-content\\\/uploads\\\/2025\\\/02\\\/cropped-Logo-Icono.png\",\"contentUrl\":\"https:\\\/\\\/diarioellabrador.cl\\\/wp-content\\\/uploads\\\/2025\\\/02\\\/cropped-Logo-Icono.png\",\"width\":512,\"height\":512,\"caption\":\"Diario El Labrador\"},\"image\":{\"@id\":\"https:\\\/\\\/diarioellabrador.cl\\\/#\\\/schema\\\/logo\\\/image\\\/\"},\"sameAs\":[\"https:\\\/\\\/web.facebook.com\\\/profile.php?id=61576120840621\",\"https:\\\/\\\/x.com\\\/ElLabradorOf\",\"https:\\\/\\\/www.instagram.com\\\/diarioellabradoroficial\\\/\"]},{\"@type\":\"Person\",\"@id\":\"https:\\\/\\\/diarioellabrador.cl\\\/#\\\/schema\\\/person\\\/bc25ff80b4563f9c7f4bd7855df01685\",\"name\":\"Editor\",\"image\":{\"@type\":\"ImageObject\",\"inLanguage\":\"es\",\"@id\":\"https:\\\/\\\/secure.gravatar.com\\\/avatar\\\/109c326cf2be5c04f048c2c2a2b8b6ef44bf3d8d1d3d4c55d0ac40c4bc994684?s=96&d=mm&r=g\",\"url\":\"https:\\\/\\\/secure.gravatar.com\\\/avatar\\\/109c326cf2be5c04f048c2c2a2b8b6ef44bf3d8d1d3d4c55d0ac40c4bc994684?s=96&d=mm&r=g\",\"contentUrl\":\"https:\\\/\\\/secure.gravatar.com\\\/avatar\\\/109c326cf2be5c04f048c2c2a2b8b6ef44bf3d8d1d3d4c55d0ac40c4bc994684?s=96&d=mm&r=g\",\"caption\":\"Editor\"},\"url\":\"https:\\\/\\\/diarioellabrador.cl\\\/index.php\\\/author\\\/editor\\\/\"}]}<\/script>\n<!-- \/ Yoast SEO plugin. -->","yoast_head_json":{"title":"Gobierno en Terreno en Alhu\u00e9 reuni\u00f3 a m\u00faltiples servicios p\u00fablicos, privados y voluntariados - Diario El Labrador","robots":{"index":"index","follow":"follow","max-snippet":"max-snippet:-1","max-image-preview":"max-image-preview:large","max-video-preview":"max-video-preview:-1"},"canonical":"https:\/\/diarioellabrador.cl\/index.php\/2026\/04\/28\/gobierno-en-terreno-en-alhue-reunio-a-multiples-servicios-publicos-privados-y-voluntariados\/","og_locale":"es_ES","og_type":"article","og_title":"Gobierno en Terreno en Alhu\u00e9 reuni\u00f3 a m\u00faltiples servicios p\u00fablicos, privados y voluntariados - Diario El Labrador","og_description":"A un costado de la tradicional feria libre de los d\u00edas viernes, se desarroll\u00f3 en la comuna de Alhu\u00e9 una nueva jornada de Gobierno en Terreno, iniciativa impulsada por Delegaci\u00f3n Presidencial Provincial de Melipilla, actividad que cont\u00f3 con la participaci\u00f3n de cerca de 15 servicios p\u00fablicos, privados y voluntariados, entre ellos salud primaria con punto Leer m\u00e1s","og_url":"https:\/\/diarioellabrador.cl\/index.php\/2026\/04\/28\/gobierno-en-terreno-en-alhue-reunio-a-multiples-servicios-publicos-privados-y-voluntariados\/","og_site_name":"Diario El Labrador","article_publisher":"https:\/\/web.facebook.com\/profile.php?id=61576120840621","article_published_time":"2026-04-28T22:24:43+00:00","article_modified_time":"2026-04-28T22:24:49+00:00","og_image":[{"width":1280,"height":960,"url":"https:\/\/diarioellabrador.cl\/wp-content\/uploads\/2026\/04\/Gobierno-en-Terreno-en-Alhue-reunio-a-multiples-servicios-publicos-privados-y-voluntariados-3.jpeg","type":"image\/jpeg"}],"author":"Editor","twitter_card":"summary_large_image","twitter_creator":"@ElLabradorOf","twitter_site":"@ElLabradorOf","twitter_misc":{"Escrito por":"Editor","Tiempo de lectura":"2 minutos"},"schema":{"@context":"https:\/\/schema.org","@graph":[{"@type":"Article","@id":"https:\/\/diarioellabrador.cl\/index.php\/2026\/04\/28\/gobierno-en-terreno-en-alhue-reunio-a-multiples-servicios-publicos-privados-y-voluntariados\/#article","isPartOf":{"@id":"https:\/\/diarioellabrador.cl\/index.php\/2026\/04\/28\/gobierno-en-terreno-en-alhue-reunio-a-multiples-servicios-publicos-privados-y-voluntariados\/"},"author":{"name":"Editor","@id":"https:\/\/diarioellabrador.cl\/#\/schema\/person\/bc25ff80b4563f9c7f4bd7855df01685"},"headline":"Gobierno en Terreno en Alhu\u00e9 reuni\u00f3 a m\u00faltiples servicios p\u00fablicos, privados y voluntariados","datePublished":"2026-04-28T22:24:43+00:00","dateModified":"2026-04-28T22:24:49+00:00","mainEntityOfPage":{"@id":"https:\/\/diarioellabrador.cl\/index.php\/2026\/04\/28\/gobierno-en-terreno-en-alhue-reunio-a-multiples-servicios-publicos-privados-y-voluntariados\/"},"wordCount":386,"commentCount":0,"publisher":{"@id":"https:\/\/diarioellabrador.cl\/#organization"},"image":{"@id":"https:\/\/diarioellabrador.cl\/index.php\/2026\/04\/28\/gobierno-en-terreno-en-alhue-reunio-a-multiples-servicios-publicos-privados-y-voluntariados\/#primaryimage"},"thumbnailUrl":"https:\/\/diarioellabrador.cl\/wp-content\/uploads\/2026\/04\/Gobierno-en-Terreno-en-Alhue-reunio-a-multiples-servicios-publicos-privados-y-voluntariados-3.jpeg","articleSection":["Cr\u00f3nica"],"inLanguage":"es","potentialAction":[{"@type":"CommentAction","name":"Comment","target":["https:\/\/diarioellabrador.cl\/index.php\/2026\/04\/28\/gobierno-en-terreno-en-alhue-reunio-a-multiples-servicios-publicos-privados-y-voluntariados\/#respond"]}]},{"@type":"WebPage","@id":"https:\/\/diarioellabrador.cl\/index.php\/2026\/04\/28\/gobierno-en-terreno-en-alhue-reunio-a-multiples-servicios-publicos-privados-y-voluntariados\/","url":"https:\/\/diarioellabrador.cl\/index.php\/2026\/04\/28\/gobierno-en-terreno-en-alhue-reunio-a-multiples-servicios-publicos-privados-y-voluntariados\/","name":"Gobierno en Terreno en Alhu\u00e9 reuni\u00f3 a m\u00faltiples servicios p\u00fablicos, privados y voluntariados - Diario El Labrador","isPartOf":{"@id":"https:\/\/diarioellabrador.cl\/#website"},"primaryImageOfPage":{"@id":"https:\/\/diarioellabrador.cl\/index.php\/2026\/04\/28\/gobierno-en-terreno-en-alhue-reunio-a-multiples-servicios-publicos-privados-y-voluntariados\/#primaryimage"},"image":{"@id":"https:\/\/diarioellabrador.cl\/index.php\/2026\/04\/28\/gobierno-en-terreno-en-alhue-reunio-a-multiples-servicios-publicos-privados-y-voluntariados\/#primaryimage"},"thumbnailUrl":"https:\/\/diarioellabrador.cl\/wp-content\/uploads\/2026\/04\/Gobierno-en-Terreno-en-Alhue-reunio-a-multiples-servicios-publicos-privados-y-voluntariados-3.jpeg","datePublished":"2026-04-28T22:24:43+00:00","dateModified":"2026-04-28T22:24:49+00:00","breadcrumb":{"@id":"https:\/\/diarioellabrador.cl\/index.php\/2026\/04\/28\/gobierno-en-terreno-en-alhue-reunio-a-multiples-servicios-publicos-privados-y-voluntariados\/#breadcrumb"},"inLanguage":"es","potentialAction":[{"@type":"ReadAction","target":["https:\/\/diarioellabrador.cl\/index.php\/2026\/04\/28\/gobierno-en-terreno-en-alhue-reunio-a-multiples-servicios-publicos-privados-y-voluntariados\/"]}]},{"@type":"ImageObject","inLanguage":"es","@id":"https:\/\/diarioellabrador.cl\/index.php\/2026\/04\/28\/gobierno-en-terreno-en-alhue-reunio-a-multiples-servicios-publicos-privados-y-voluntariados\/#primaryimage","url":"https:\/\/diarioellabrador.cl\/wp-content\/uploads\/2026\/04\/Gobierno-en-Terreno-en-Alhue-reunio-a-multiples-servicios-publicos-privados-y-voluntariados-3.jpeg","contentUrl":"https:\/\/diarioellabrador.cl\/wp-content\/uploads\/2026\/04\/Gobierno-en-Terreno-en-Alhue-reunio-a-multiples-servicios-publicos-privados-y-voluntariados-3.jpeg","width":1280,"height":960},{"@type":"BreadcrumbList","@id":"https:\/\/diarioellabrador.cl\/index.php\/2026\/04\/28\/gobierno-en-terreno-en-alhue-reunio-a-multiples-servicios-publicos-privados-y-voluntariados\/#breadcrumb","itemListElement":[{"@type":"ListItem","position":1,"name":"Portada","item":"https:\/\/diarioellabrador.cl\/"},{"@type":"ListItem","position":2,"name":"Gobierno en Terreno en Alhu\u00e9 reuni\u00f3 a m\u00faltiples servicios p\u00fablicos, privados y voluntariados"}]},{"@type":"WebSite","@id":"https:\/\/diarioellabrador.cl\/#website","url":"https:\/\/diarioellabrador.cl\/","name":"Diario El Labrador","description":"Haciendo noticia desde 1921","publisher":{"@id":"https:\/\/diarioellabrador.cl\/#organization"},"potentialAction":[{"@type":"SearchAction","target":{"@type":"EntryPoint","urlTemplate":"https:\/\/diarioellabrador.cl\/?s={search_term_string}"},"query-input":{"@type":"PropertyValueSpecification","valueRequired":true,"valueName":"search_term_string"}}],"inLanguage":"es"},{"@type":"Organization","@id":"https:\/\/diarioellabrador.cl\/#organization","name":"Diario El Labrador","url":"https:\/\/diarioellabrador.cl\/","logo":{"@type":"ImageObject","inLanguage":"es","@id":"https:\/\/diarioellabrador.cl\/#\/schema\/logo\/image\/","url":"https:\/\/diarioellabrador.cl\/wp-content\/uploads\/2025\/02\/cropped-Logo-Icono.png","contentUrl":"https:\/\/diarioellabrador.cl\/wp-content\/uploads\/2025\/02\/cropped-Logo-Icono.png","width":512,"height":512,"caption":"Diario El Labrador"},"image":{"@id":"https:\/\/diarioellabrador.cl\/#\/schema\/logo\/image\/"},"sameAs":["https:\/\/web.facebook.com\/profile.php?id=61576120840621","https:\/\/x.com\/ElLabradorOf","https:\/\/www.instagram.com\/diarioellabradoroficial\/"]},{"@type":"Person","@id":"https:\/\/diarioellabrador.cl\/#\/schema\/person\/bc25ff80b4563f9c7f4bd7855df01685","name":"Editor","image":{"@type":"ImageObject","inLanguage":"es","@id":"https:\/\/secure.gravatar.com\/avatar\/109c326cf2be5c04f048c2c2a2b8b6ef44bf3d8d1d3d4c55d0ac40c4bc994684?s=96&d=mm&r=g","url":"https:\/\/secure.gravatar.com\/avatar\/109c326cf2be5c04f048c2c2a2b8b6ef44bf3d8d1d3d4c55d0ac40c4bc994684?s=96&d=mm&r=g","contentUrl":"https:\/\/secure.gravatar.com\/avatar\/109c326cf2be5c04f048c2c2a2b8b6ef44bf3d8d1d3d4c55d0ac40c4bc994684?s=96&d=mm&r=g","caption":"Editor"},"url":"https:\/\/diarioellabrador.cl\/index.php\/author\/editor\/"}]}},"_links":{"self":[{"href":"https:\/\/diarioellabrador.cl\/index.php\/wp-json\/wp\/v2\/posts\/18728","targetHints":{"allow":["GET"]}}],"collection":[{"href":"https:\/\/diarioellabrador.cl\/index.php\/wp-json\/wp\/v2\/posts"}],"about":[{"href":"https:\/\/diarioellabrador.cl\/index.php\/wp-json\/wp\/v2\/types\/post"}],"author":[{"embeddable":true,"href":"https:\/\/diarioellabrador.cl\/index.php\/wp-json\/wp\/v2\/users\/2"}],"replies":[{"embeddable":true,"href":"https:\/\/diarioellabrador.cl\/index.php\/wp-json\/wp\/v2\/comments?post=18728"}],"version-history":[{"count":1,"href":"https:\/\/diarioellabrador.cl\/index.php\/wp-json\/wp\/v2\/posts\/18728\/revisions"}],"predecessor-version":[{"id":18729,"href":"https:\/\/diarioellabrador.cl\/index.php\/wp-json\/wp\/v2\/posts\/18728\/revisions\/18729"}],"wp:featuredmedia":[{"embeddable":true,"href":"https:\/\/diarioellabrador.cl\/index.php\/wp-json\/wp\/v2\/media\/18671"}],"wp:attachment":[{"href":"https:\/\/diarioellabrador.cl\/index.php\/wp-json\/wp\/v2\/media?parent=18728"}],"wp:term":[{"taxonomy":"category","embeddable":true,"href":"https:\/\/diarioellabrador.cl\/index.php\/wp-json\/wp\/v2\/categories?post=18728"},{"taxonomy":"post_tag","embeddable":true,"href":"https:\/\/diarioellabrador.cl\/index.php\/wp-json\/wp\/v2\/tags?post=18728"}],"curies":[{"name":"wp","href":"https:\/\/api.w.org\/{rel}","templated":true}]}}