{"id":18722,"date":"2026-04-28T18:21:50","date_gmt":"2026-04-28T22:21:50","guid":{"rendered":"https:\/\/diarioellabrador.cl\/?p=18722"},"modified":"2026-04-28T18:21:57","modified_gmt":"2026-04-28T22:21:57","slug":"gobierno-de-santiago-amplia-capacitacion-en-dd-hh-a-carabineros-e-incorpora-por-primera-vez-a-funcionarios-de-vif","status":"publish","type":"post","link":"https:\/\/diarioellabrador.cl\/index.php\/2026\/04\/28\/gobierno-de-santiago-amplia-capacitacion-en-dd-hh-a-carabineros-e-incorpora-por-primera-vez-a-funcionarios-de-vif\/","title":{"rendered":"Gobierno de Santiago ampl\u00eda capacitaci\u00f3n en DD.HH. a Carabineros e incorpora por primera vez a funcionarios de VIF\u00a0"},"content":{"rendered":"\n<p><strong>\u2022&nbsp;<\/strong><em>El programa aument\u00f3 sus cupos en un 50% y&nbsp;sum\u00f3&nbsp;a efectivos que atienden violencia intrafamiliar, reforzando la formaci\u00f3n en contextos de alta complejidad.<\/em>&nbsp;<\/p>\n\n\n\n<p>Con una demanda que super\u00f3 los cupos disponibles, el Gobierno de Santiago dio inicio a la quinta versi\u00f3n del programa de capacitaci\u00f3n en Derechos Humanos para Carabineros de Chile, el que por primera vez incorpora a funcionarios que se desempe\u00f1an en salas de Violencia Intrafamiliar (VIF), fortaleciendo la atenci\u00f3n directa a v\u00edctimas.&nbsp;<\/p>\n\n\n\n<p>El curso alcanz\u00f3 60 funcionarios inscritos \u2014un 50% m\u00e1s que en sus versiones anteriores\u2014, reflejando el creciente inter\u00e9s por avanzar hacia una labor policial m\u00e1s profesional, moderna y con enfoque de derechos.&nbsp;<\/p>\n\n\n\n<p>El gobernador de Santiago, Claudio Orrego, destac\u00f3 que \u201cuna mejor seguridad no solo se construye con m\u00e1s recursos, sino tambi\u00e9n con mejor formaci\u00f3n. Este programa busca contar con polic\u00edas m\u00e1s preparados, con herramientas para actuar con eficacia y con respeto irrestricto a los derechos humanos\u201d.&nbsp;<\/p>\n\n\n\n<p>En esa l\u00ednea, subray\u00f3 que \u201cla incorporaci\u00f3n de carabineros que trabajan en salas de Violencia Intrafamiliar permite fortalecer capacidades en uno de los \u00e1mbitos m\u00e1s sensibles y complejos de la labor policial, mejorando la respuesta frente a v\u00edctimas, especialmente mujeres,&nbsp;ni\u00f1os y ni\u00f1as\u201d.&nbsp;<\/p>\n\n\n\n<p>El programa contempla 100 horas acad\u00e9micas en Derecho Internacional de los Derechos Humanos, con foco en la toma de decisiones en terreno y en la atenci\u00f3n a personas en situaci\u00f3n de vulnerabilidad, entregando herramientas concretas para el ejercicio diario de la funci\u00f3n policial.&nbsp;<\/p>\n\n\n\n<p>\u201cPara Carabineros de Chile, es fundamental que la capacitaci\u00f3n de nuestro personal cuente con la excelencia acad\u00e9mica de la Facultad de Derecho de la Universidad de Chile. Valoramos especialmente que en este curso participen&nbsp;funcionarios y funcionarias&nbsp;que se desempe\u00f1an d\u00eda a d\u00eda en Salas de Familia y Oficinas de Violencia Intrafamiliar, espacios donde la sensibilidad, el profesionalismo y el respeto por la dignidad de las personas son esenciales. Esta alianza con el Gobierno de Santiago y la Universidad de Chile reafirma nuestro compromiso permanente con una labor de protecci\u00f3n que resguarde, con respeto y dignidad, los derechos de cada persona\u201d, sostuvo la&nbsp;Mayor Mar\u00eda Fernanda Mu\u00f1oz<strong>,<\/strong>&nbsp;jefa del Departamento de Protecci\u00f3n de la Familia y Grupos Vulnerables de Carabineros de Chile. &nbsp;<\/p>\n\n\n\n<p>Por su parte, Claudia Iriarte, investigadora del Centro de Derechos Humanos de la Universidad de Chile, destac\u00f3 que en esta nueva versi\u00f3n aument\u00f3 el n\u00famero de inscritos. \u201cNos alegra el entusiasmo de los participantes, ya que el aprendizaje colaborativo que se genera entre los propios compa\u00f1eros, al compartir experiencias y puntos de vista, abre espacio a conversaciones y an\u00e1lisis que antes no hab\u00edan podido darse. Esto impacta profundamente en su forma de comprender el rol de los Derechos Humanos en su quehacer diario\u201d.&nbsp;<\/p>\n\n\n\n<p>La iniciativa se enmarca en la estrategia de seguridad del Gobierno de Santiago, que combina inversi\u00f3n en equipamiento, infraestructura y formaci\u00f3n especializada, apuntando a mejorar tanto la efectividad policial como la confianza ciudadana.&nbsp;<\/p>\n\n\n\n<p>A la fecha, el programa ha capacitado a m\u00e1s de un centenar de carabineros en la Regi\u00f3n Metropolitana y proyecta alcanzar 200 funcionarios durante 2026, consolidando una l\u00ednea de formaci\u00f3n continua en derechos humanos.&nbsp;<\/p>\n","protected":false},"excerpt":{"rendered":"<p>\u2022&nbsp;El programa aument\u00f3 sus cupos en un 50% y&nbsp;sum\u00f3&nbsp;a efectivos que atienden violencia intrafamiliar, reforzando la formaci\u00f3n en contextos de alta complejidad.&nbsp; Con una demanda que super\u00f3 los cupos disponibles, el Gobierno de Santiago dio inicio a la quinta versi\u00f3n del programa de capacitaci\u00f3n en Derechos Humanos para Carabineros de Chile, el que por primera<\/p>\n<div class=\"read-more-wrapper\"><a class=\"read-more\" href=\"https:\/\/diarioellabrador.cl\/index.php\/2026\/04\/28\/gobierno-de-santiago-amplia-capacitacion-en-dd-hh-a-carabineros-e-incorpora-por-primera-vez-a-funcionarios-de-vif\/\" title=\"Leer m\u00e1s\"> <span class=\"button \">Leer m\u00e1s<\/span><\/a><\/div>\n","protected":false},"author":2,"featured_media":18679,"comment_status":"open","ping_status":"open","sticky":false,"template":"","format":"standard","meta":{"footnotes":""},"categories":[1],"tags":[],"class_list":["post-18722","post","type-post","status-publish","format-standard","has-post-thumbnail","hentry","category-cronica"],"yoast_head":"<!-- This site is optimized with the Yoast SEO plugin v27.5 - https:\/\/yoast.com\/product\/yoast-seo-wordpress\/ -->\n<title>Gobierno de Santiago ampl\u00eda capacitaci\u00f3n en DD.HH. a Carabineros e incorpora por primera vez a funcionarios de VIF\u00a0 - Diario El Labrador<\/title>\n<meta name=\"robots\" content=\"index, follow, max-snippet:-1, max-image-preview:large, max-video-preview:-1\" \/>\n<link rel=\"canonical\" href=\"https:\/\/diarioellabrador.cl\/index.php\/2026\/04\/28\/gobierno-de-santiago-amplia-capacitacion-en-dd-hh-a-carabineros-e-incorpora-por-primera-vez-a-funcionarios-de-vif\/\" \/>\n<meta property=\"og:locale\" content=\"es_ES\" \/>\n<meta property=\"og:type\" content=\"article\" \/>\n<meta property=\"og:title\" content=\"Gobierno de Santiago ampl\u00eda capacitaci\u00f3n en DD.HH. a Carabineros e incorpora por primera vez a funcionarios de VIF\u00a0 - Diario El Labrador\" \/>\n<meta property=\"og:description\" content=\"\u2022&nbsp;El programa aument\u00f3 sus cupos en un 50% y&nbsp;sum\u00f3&nbsp;a efectivos que atienden violencia intrafamiliar, reforzando la formaci\u00f3n en contextos de alta complejidad.&nbsp; Con una demanda que super\u00f3 los cupos disponibles, el Gobierno de Santiago dio inicio a la quinta versi\u00f3n del programa de capacitaci\u00f3n en Derechos Humanos para Carabineros de Chile, el que por primera Leer m\u00e1s\" \/>\n<meta property=\"og:url\" content=\"https:\/\/diarioellabrador.cl\/index.php\/2026\/04\/28\/gobierno-de-santiago-amplia-capacitacion-en-dd-hh-a-carabineros-e-incorpora-por-primera-vez-a-funcionarios-de-vif\/\" \/>\n<meta property=\"og:site_name\" content=\"Diario El Labrador\" \/>\n<meta property=\"article:publisher\" content=\"https:\/\/web.facebook.com\/profile.php?id=61576120840621\" \/>\n<meta property=\"article:published_time\" content=\"2026-04-28T22:21:50+00:00\" \/>\n<meta property=\"article:modified_time\" content=\"2026-04-28T22:21:57+00:00\" \/>\n<meta property=\"og:image\" content=\"https:\/\/diarioellabrador.cl\/wp-content\/uploads\/2026\/04\/Gobierno-de-Santiago-amplia-capacitacion-en-DD.HH_.-a-Carabineros-e-incorpora-por-primera-vez-a-funcionarios-de-VIF.jpeg\" \/>\n\t<meta property=\"og:image:width\" content=\"1280\" \/>\n\t<meta property=\"og:image:height\" content=\"960\" \/>\n\t<meta property=\"og:image:type\" content=\"image\/jpeg\" \/>\n<meta name=\"author\" content=\"Editor\" \/>\n<meta name=\"twitter:card\" content=\"summary_large_image\" \/>\n<meta name=\"twitter:creator\" content=\"@ElLabradorOf\" \/>\n<meta name=\"twitter:site\" content=\"@ElLabradorOf\" \/>\n<meta name=\"twitter:label1\" content=\"Escrito por\" \/>\n\t<meta name=\"twitter:data1\" content=\"Editor\" \/>\n\t<meta name=\"twitter:label2\" content=\"Tiempo de lectura\" \/>\n\t<meta name=\"twitter:data2\" content=\"3 minutos\" \/>\n<script type=\"application\/ld+json\" class=\"yoast-schema-graph\">{\"@context\":\"https:\\\/\\\/schema.org\",\"@graph\":[{\"@type\":\"Article\",\"@id\":\"https:\\\/\\\/diarioellabrador.cl\\\/index.php\\\/2026\\\/04\\\/28\\\/gobierno-de-santiago-amplia-capacitacion-en-dd-hh-a-carabineros-e-incorpora-por-primera-vez-a-funcionarios-de-vif\\\/#article\",\"isPartOf\":{\"@id\":\"https:\\\/\\\/diarioellabrador.cl\\\/index.php\\\/2026\\\/04\\\/28\\\/gobierno-de-santiago-amplia-capacitacion-en-dd-hh-a-carabineros-e-incorpora-por-primera-vez-a-funcionarios-de-vif\\\/\"},\"author\":{\"name\":\"Editor\",\"@id\":\"https:\\\/\\\/diarioellabrador.cl\\\/#\\\/schema\\\/person\\\/bc25ff80b4563f9c7f4bd7855df01685\"},\"headline\":\"Gobierno de Santiago ampl\u00eda capacitaci\u00f3n en DD.HH. a Carabineros e incorpora por primera vez a funcionarios de VIF\u00a0\",\"datePublished\":\"2026-04-28T22:21:50+00:00\",\"dateModified\":\"2026-04-28T22:21:57+00:00\",\"mainEntityOfPage\":{\"@id\":\"https:\\\/\\\/diarioellabrador.cl\\\/index.php\\\/2026\\\/04\\\/28\\\/gobierno-de-santiago-amplia-capacitacion-en-dd-hh-a-carabineros-e-incorpora-por-primera-vez-a-funcionarios-de-vif\\\/\"},\"wordCount\":588,\"commentCount\":0,\"publisher\":{\"@id\":\"https:\\\/\\\/diarioellabrador.cl\\\/#organization\"},\"image\":{\"@id\":\"https:\\\/\\\/diarioellabrador.cl\\\/index.php\\\/2026\\\/04\\\/28\\\/gobierno-de-santiago-amplia-capacitacion-en-dd-hh-a-carabineros-e-incorpora-por-primera-vez-a-funcionarios-de-vif\\\/#primaryimage\"},\"thumbnailUrl\":\"https:\\\/\\\/diarioellabrador.cl\\\/wp-content\\\/uploads\\\/2026\\\/04\\\/Gobierno-de-Santiago-amplia-capacitacion-en-DD.HH_.-a-Carabineros-e-incorpora-por-primera-vez-a-funcionarios-de-VIF.jpeg\",\"articleSection\":[\"Cr\u00f3nica\"],\"inLanguage\":\"es\",\"potentialAction\":[{\"@type\":\"CommentAction\",\"name\":\"Comment\",\"target\":[\"https:\\\/\\\/diarioellabrador.cl\\\/index.php\\\/2026\\\/04\\\/28\\\/gobierno-de-santiago-amplia-capacitacion-en-dd-hh-a-carabineros-e-incorpora-por-primera-vez-a-funcionarios-de-vif\\\/#respond\"]}]},{\"@type\":\"WebPage\",\"@id\":\"https:\\\/\\\/diarioellabrador.cl\\\/index.php\\\/2026\\\/04\\\/28\\\/gobierno-de-santiago-amplia-capacitacion-en-dd-hh-a-carabineros-e-incorpora-por-primera-vez-a-funcionarios-de-vif\\\/\",\"url\":\"https:\\\/\\\/diarioellabrador.cl\\\/index.php\\\/2026\\\/04\\\/28\\\/gobierno-de-santiago-amplia-capacitacion-en-dd-hh-a-carabineros-e-incorpora-por-primera-vez-a-funcionarios-de-vif\\\/\",\"name\":\"Gobierno de Santiago ampl\u00eda capacitaci\u00f3n en DD.HH. a Carabineros e incorpora por primera vez a funcionarios de VIF\u00a0 - Diario El Labrador\",\"isPartOf\":{\"@id\":\"https:\\\/\\\/diarioellabrador.cl\\\/#website\"},\"primaryImageOfPage\":{\"@id\":\"https:\\\/\\\/diarioellabrador.cl\\\/index.php\\\/2026\\\/04\\\/28\\\/gobierno-de-santiago-amplia-capacitacion-en-dd-hh-a-carabineros-e-incorpora-por-primera-vez-a-funcionarios-de-vif\\\/#primaryimage\"},\"image\":{\"@id\":\"https:\\\/\\\/diarioellabrador.cl\\\/index.php\\\/2026\\\/04\\\/28\\\/gobierno-de-santiago-amplia-capacitacion-en-dd-hh-a-carabineros-e-incorpora-por-primera-vez-a-funcionarios-de-vif\\\/#primaryimage\"},\"thumbnailUrl\":\"https:\\\/\\\/diarioellabrador.cl\\\/wp-content\\\/uploads\\\/2026\\\/04\\\/Gobierno-de-Santiago-amplia-capacitacion-en-DD.HH_.-a-Carabineros-e-incorpora-por-primera-vez-a-funcionarios-de-VIF.jpeg\",\"datePublished\":\"2026-04-28T22:21:50+00:00\",\"dateModified\":\"2026-04-28T22:21:57+00:00\",\"breadcrumb\":{\"@id\":\"https:\\\/\\\/diarioellabrador.cl\\\/index.php\\\/2026\\\/04\\\/28\\\/gobierno-de-santiago-amplia-capacitacion-en-dd-hh-a-carabineros-e-incorpora-por-primera-vez-a-funcionarios-de-vif\\\/#breadcrumb\"},\"inLanguage\":\"es\",\"potentialAction\":[{\"@type\":\"ReadAction\",\"target\":[\"https:\\\/\\\/diarioellabrador.cl\\\/index.php\\\/2026\\\/04\\\/28\\\/gobierno-de-santiago-amplia-capacitacion-en-dd-hh-a-carabineros-e-incorpora-por-primera-vez-a-funcionarios-de-vif\\\/\"]}]},{\"@type\":\"ImageObject\",\"inLanguage\":\"es\",\"@id\":\"https:\\\/\\\/diarioellabrador.cl\\\/index.php\\\/2026\\\/04\\\/28\\\/gobierno-de-santiago-amplia-capacitacion-en-dd-hh-a-carabineros-e-incorpora-por-primera-vez-a-funcionarios-de-vif\\\/#primaryimage\",\"url\":\"https:\\\/\\\/diarioellabrador.cl\\\/wp-content\\\/uploads\\\/2026\\\/04\\\/Gobierno-de-Santiago-amplia-capacitacion-en-DD.HH_.-a-Carabineros-e-incorpora-por-primera-vez-a-funcionarios-de-VIF.jpeg\",\"contentUrl\":\"https:\\\/\\\/diarioellabrador.cl\\\/wp-content\\\/uploads\\\/2026\\\/04\\\/Gobierno-de-Santiago-amplia-capacitacion-en-DD.HH_.-a-Carabineros-e-incorpora-por-primera-vez-a-funcionarios-de-VIF.jpeg\",\"width\":1280,\"height\":960},{\"@type\":\"BreadcrumbList\",\"@id\":\"https:\\\/\\\/diarioellabrador.cl\\\/index.php\\\/2026\\\/04\\\/28\\\/gobierno-de-santiago-amplia-capacitacion-en-dd-hh-a-carabineros-e-incorpora-por-primera-vez-a-funcionarios-de-vif\\\/#breadcrumb\",\"itemListElement\":[{\"@type\":\"ListItem\",\"position\":1,\"name\":\"Portada\",\"item\":\"https:\\\/\\\/diarioellabrador.cl\\\/\"},{\"@type\":\"ListItem\",\"position\":2,\"name\":\"Gobierno de Santiago ampl\u00eda capacitaci\u00f3n en DD.HH. a Carabineros e incorpora por primera vez a funcionarios de VIF\u00a0\"}]},{\"@type\":\"WebSite\",\"@id\":\"https:\\\/\\\/diarioellabrador.cl\\\/#website\",\"url\":\"https:\\\/\\\/diarioellabrador.cl\\\/\",\"name\":\"Diario El Labrador\",\"description\":\"Haciendo noticia desde 1921\",\"publisher\":{\"@id\":\"https:\\\/\\\/diarioellabrador.cl\\\/#organization\"},\"potentialAction\":[{\"@type\":\"SearchAction\",\"target\":{\"@type\":\"EntryPoint\",\"urlTemplate\":\"https:\\\/\\\/diarioellabrador.cl\\\/?s={search_term_string}\"},\"query-input\":{\"@type\":\"PropertyValueSpecification\",\"valueRequired\":true,\"valueName\":\"search_term_string\"}}],\"inLanguage\":\"es\"},{\"@type\":\"Organization\",\"@id\":\"https:\\\/\\\/diarioellabrador.cl\\\/#organization\",\"name\":\"Diario El Labrador\",\"url\":\"https:\\\/\\\/diarioellabrador.cl\\\/\",\"logo\":{\"@type\":\"ImageObject\",\"inLanguage\":\"es\",\"@id\":\"https:\\\/\\\/diarioellabrador.cl\\\/#\\\/schema\\\/logo\\\/image\\\/\",\"url\":\"https:\\\/\\\/diarioellabrador.cl\\\/wp-content\\\/uploads\\\/2025\\\/02\\\/cropped-Logo-Icono.png\",\"contentUrl\":\"https:\\\/\\\/diarioellabrador.cl\\\/wp-content\\\/uploads\\\/2025\\\/02\\\/cropped-Logo-Icono.png\",\"width\":512,\"height\":512,\"caption\":\"Diario El Labrador\"},\"image\":{\"@id\":\"https:\\\/\\\/diarioellabrador.cl\\\/#\\\/schema\\\/logo\\\/image\\\/\"},\"sameAs\":[\"https:\\\/\\\/web.facebook.com\\\/profile.php?id=61576120840621\",\"https:\\\/\\\/x.com\\\/ElLabradorOf\",\"https:\\\/\\\/www.instagram.com\\\/diarioellabradoroficial\\\/\"]},{\"@type\":\"Person\",\"@id\":\"https:\\\/\\\/diarioellabrador.cl\\\/#\\\/schema\\\/person\\\/bc25ff80b4563f9c7f4bd7855df01685\",\"name\":\"Editor\",\"image\":{\"@type\":\"ImageObject\",\"inLanguage\":\"es\",\"@id\":\"https:\\\/\\\/secure.gravatar.com\\\/avatar\\\/109c326cf2be5c04f048c2c2a2b8b6ef44bf3d8d1d3d4c55d0ac40c4bc994684?s=96&d=mm&r=g\",\"url\":\"https:\\\/\\\/secure.gravatar.com\\\/avatar\\\/109c326cf2be5c04f048c2c2a2b8b6ef44bf3d8d1d3d4c55d0ac40c4bc994684?s=96&d=mm&r=g\",\"contentUrl\":\"https:\\\/\\\/secure.gravatar.com\\\/avatar\\\/109c326cf2be5c04f048c2c2a2b8b6ef44bf3d8d1d3d4c55d0ac40c4bc994684?s=96&d=mm&r=g\",\"caption\":\"Editor\"},\"url\":\"https:\\\/\\\/diarioellabrador.cl\\\/index.php\\\/author\\\/editor\\\/\"}]}<\/script>\n<!-- \/ Yoast SEO plugin. -->","yoast_head_json":{"title":"Gobierno de Santiago ampl\u00eda capacitaci\u00f3n en DD.HH. a Carabineros e incorpora por primera vez a funcionarios de VIF\u00a0 - Diario El Labrador","robots":{"index":"index","follow":"follow","max-snippet":"max-snippet:-1","max-image-preview":"max-image-preview:large","max-video-preview":"max-video-preview:-1"},"canonical":"https:\/\/diarioellabrador.cl\/index.php\/2026\/04\/28\/gobierno-de-santiago-amplia-capacitacion-en-dd-hh-a-carabineros-e-incorpora-por-primera-vez-a-funcionarios-de-vif\/","og_locale":"es_ES","og_type":"article","og_title":"Gobierno de Santiago ampl\u00eda capacitaci\u00f3n en DD.HH. a Carabineros e incorpora por primera vez a funcionarios de VIF\u00a0 - Diario El Labrador","og_description":"\u2022&nbsp;El programa aument\u00f3 sus cupos en un 50% y&nbsp;sum\u00f3&nbsp;a efectivos que atienden violencia intrafamiliar, reforzando la formaci\u00f3n en contextos de alta complejidad.&nbsp; Con una demanda que super\u00f3 los cupos disponibles, el Gobierno de Santiago dio inicio a la quinta versi\u00f3n del programa de capacitaci\u00f3n en Derechos Humanos para Carabineros de Chile, el que por primera Leer m\u00e1s","og_url":"https:\/\/diarioellabrador.cl\/index.php\/2026\/04\/28\/gobierno-de-santiago-amplia-capacitacion-en-dd-hh-a-carabineros-e-incorpora-por-primera-vez-a-funcionarios-de-vif\/","og_site_name":"Diario El Labrador","article_publisher":"https:\/\/web.facebook.com\/profile.php?id=61576120840621","article_published_time":"2026-04-28T22:21:50+00:00","article_modified_time":"2026-04-28T22:21:57+00:00","og_image":[{"width":1280,"height":960,"url":"https:\/\/diarioellabrador.cl\/wp-content\/uploads\/2026\/04\/Gobierno-de-Santiago-amplia-capacitacion-en-DD.HH_.-a-Carabineros-e-incorpora-por-primera-vez-a-funcionarios-de-VIF.jpeg","type":"image\/jpeg"}],"author":"Editor","twitter_card":"summary_large_image","twitter_creator":"@ElLabradorOf","twitter_site":"@ElLabradorOf","twitter_misc":{"Escrito por":"Editor","Tiempo de lectura":"3 minutos"},"schema":{"@context":"https:\/\/schema.org","@graph":[{"@type":"Article","@id":"https:\/\/diarioellabrador.cl\/index.php\/2026\/04\/28\/gobierno-de-santiago-amplia-capacitacion-en-dd-hh-a-carabineros-e-incorpora-por-primera-vez-a-funcionarios-de-vif\/#article","isPartOf":{"@id":"https:\/\/diarioellabrador.cl\/index.php\/2026\/04\/28\/gobierno-de-santiago-amplia-capacitacion-en-dd-hh-a-carabineros-e-incorpora-por-primera-vez-a-funcionarios-de-vif\/"},"author":{"name":"Editor","@id":"https:\/\/diarioellabrador.cl\/#\/schema\/person\/bc25ff80b4563f9c7f4bd7855df01685"},"headline":"Gobierno de Santiago ampl\u00eda capacitaci\u00f3n en DD.HH. a Carabineros e incorpora por primera vez a funcionarios de VIF\u00a0","datePublished":"2026-04-28T22:21:50+00:00","dateModified":"2026-04-28T22:21:57+00:00","mainEntityOfPage":{"@id":"https:\/\/diarioellabrador.cl\/index.php\/2026\/04\/28\/gobierno-de-santiago-amplia-capacitacion-en-dd-hh-a-carabineros-e-incorpora-por-primera-vez-a-funcionarios-de-vif\/"},"wordCount":588,"commentCount":0,"publisher":{"@id":"https:\/\/diarioellabrador.cl\/#organization"},"image":{"@id":"https:\/\/diarioellabrador.cl\/index.php\/2026\/04\/28\/gobierno-de-santiago-amplia-capacitacion-en-dd-hh-a-carabineros-e-incorpora-por-primera-vez-a-funcionarios-de-vif\/#primaryimage"},"thumbnailUrl":"https:\/\/diarioellabrador.cl\/wp-content\/uploads\/2026\/04\/Gobierno-de-Santiago-amplia-capacitacion-en-DD.HH_.-a-Carabineros-e-incorpora-por-primera-vez-a-funcionarios-de-VIF.jpeg","articleSection":["Cr\u00f3nica"],"inLanguage":"es","potentialAction":[{"@type":"CommentAction","name":"Comment","target":["https:\/\/diarioellabrador.cl\/index.php\/2026\/04\/28\/gobierno-de-santiago-amplia-capacitacion-en-dd-hh-a-carabineros-e-incorpora-por-primera-vez-a-funcionarios-de-vif\/#respond"]}]},{"@type":"WebPage","@id":"https:\/\/diarioellabrador.cl\/index.php\/2026\/04\/28\/gobierno-de-santiago-amplia-capacitacion-en-dd-hh-a-carabineros-e-incorpora-por-primera-vez-a-funcionarios-de-vif\/","url":"https:\/\/diarioellabrador.cl\/index.php\/2026\/04\/28\/gobierno-de-santiago-amplia-capacitacion-en-dd-hh-a-carabineros-e-incorpora-por-primera-vez-a-funcionarios-de-vif\/","name":"Gobierno de Santiago ampl\u00eda capacitaci\u00f3n en DD.HH. a Carabineros e incorpora por primera vez a funcionarios de VIF\u00a0 - Diario El Labrador","isPartOf":{"@id":"https:\/\/diarioellabrador.cl\/#website"},"primaryImageOfPage":{"@id":"https:\/\/diarioellabrador.cl\/index.php\/2026\/04\/28\/gobierno-de-santiago-amplia-capacitacion-en-dd-hh-a-carabineros-e-incorpora-por-primera-vez-a-funcionarios-de-vif\/#primaryimage"},"image":{"@id":"https:\/\/diarioellabrador.cl\/index.php\/2026\/04\/28\/gobierno-de-santiago-amplia-capacitacion-en-dd-hh-a-carabineros-e-incorpora-por-primera-vez-a-funcionarios-de-vif\/#primaryimage"},"thumbnailUrl":"https:\/\/diarioellabrador.cl\/wp-content\/uploads\/2026\/04\/Gobierno-de-Santiago-amplia-capacitacion-en-DD.HH_.-a-Carabineros-e-incorpora-por-primera-vez-a-funcionarios-de-VIF.jpeg","datePublished":"2026-04-28T22:21:50+00:00","dateModified":"2026-04-28T22:21:57+00:00","breadcrumb":{"@id":"https:\/\/diarioellabrador.cl\/index.php\/2026\/04\/28\/gobierno-de-santiago-amplia-capacitacion-en-dd-hh-a-carabineros-e-incorpora-por-primera-vez-a-funcionarios-de-vif\/#breadcrumb"},"inLanguage":"es","potentialAction":[{"@type":"ReadAction","target":["https:\/\/diarioellabrador.cl\/index.php\/2026\/04\/28\/gobierno-de-santiago-amplia-capacitacion-en-dd-hh-a-carabineros-e-incorpora-por-primera-vez-a-funcionarios-de-vif\/"]}]},{"@type":"ImageObject","inLanguage":"es","@id":"https:\/\/diarioellabrador.cl\/index.php\/2026\/04\/28\/gobierno-de-santiago-amplia-capacitacion-en-dd-hh-a-carabineros-e-incorpora-por-primera-vez-a-funcionarios-de-vif\/#primaryimage","url":"https:\/\/diarioellabrador.cl\/wp-content\/uploads\/2026\/04\/Gobierno-de-Santiago-amplia-capacitacion-en-DD.HH_.-a-Carabineros-e-incorpora-por-primera-vez-a-funcionarios-de-VIF.jpeg","contentUrl":"https:\/\/diarioellabrador.cl\/wp-content\/uploads\/2026\/04\/Gobierno-de-Santiago-amplia-capacitacion-en-DD.HH_.-a-Carabineros-e-incorpora-por-primera-vez-a-funcionarios-de-VIF.jpeg","width":1280,"height":960},{"@type":"BreadcrumbList","@id":"https:\/\/diarioellabrador.cl\/index.php\/2026\/04\/28\/gobierno-de-santiago-amplia-capacitacion-en-dd-hh-a-carabineros-e-incorpora-por-primera-vez-a-funcionarios-de-vif\/#breadcrumb","itemListElement":[{"@type":"ListItem","position":1,"name":"Portada","item":"https:\/\/diarioellabrador.cl\/"},{"@type":"ListItem","position":2,"name":"Gobierno de Santiago ampl\u00eda capacitaci\u00f3n en DD.HH. a Carabineros e incorpora por primera vez a funcionarios de VIF\u00a0"}]},{"@type":"WebSite","@id":"https:\/\/diarioellabrador.cl\/#website","url":"https:\/\/diarioellabrador.cl\/","name":"Diario El Labrador","description":"Haciendo noticia desde 1921","publisher":{"@id":"https:\/\/diarioellabrador.cl\/#organization"},"potentialAction":[{"@type":"SearchAction","target":{"@type":"EntryPoint","urlTemplate":"https:\/\/diarioellabrador.cl\/?s={search_term_string}"},"query-input":{"@type":"PropertyValueSpecification","valueRequired":true,"valueName":"search_term_string"}}],"inLanguage":"es"},{"@type":"Organization","@id":"https:\/\/diarioellabrador.cl\/#organization","name":"Diario El Labrador","url":"https:\/\/diarioellabrador.cl\/","logo":{"@type":"ImageObject","inLanguage":"es","@id":"https:\/\/diarioellabrador.cl\/#\/schema\/logo\/image\/","url":"https:\/\/diarioellabrador.cl\/wp-content\/uploads\/2025\/02\/cropped-Logo-Icono.png","contentUrl":"https:\/\/diarioellabrador.cl\/wp-content\/uploads\/2025\/02\/cropped-Logo-Icono.png","width":512,"height":512,"caption":"Diario El Labrador"},"image":{"@id":"https:\/\/diarioellabrador.cl\/#\/schema\/logo\/image\/"},"sameAs":["https:\/\/web.facebook.com\/profile.php?id=61576120840621","https:\/\/x.com\/ElLabradorOf","https:\/\/www.instagram.com\/diarioellabradoroficial\/"]},{"@type":"Person","@id":"https:\/\/diarioellabrador.cl\/#\/schema\/person\/bc25ff80b4563f9c7f4bd7855df01685","name":"Editor","image":{"@type":"ImageObject","inLanguage":"es","@id":"https:\/\/secure.gravatar.com\/avatar\/109c326cf2be5c04f048c2c2a2b8b6ef44bf3d8d1d3d4c55d0ac40c4bc994684?s=96&d=mm&r=g","url":"https:\/\/secure.gravatar.com\/avatar\/109c326cf2be5c04f048c2c2a2b8b6ef44bf3d8d1d3d4c55d0ac40c4bc994684?s=96&d=mm&r=g","contentUrl":"https:\/\/secure.gravatar.com\/avatar\/109c326cf2be5c04f048c2c2a2b8b6ef44bf3d8d1d3d4c55d0ac40c4bc994684?s=96&d=mm&r=g","caption":"Editor"},"url":"https:\/\/diarioellabrador.cl\/index.php\/author\/editor\/"}]}},"_links":{"self":[{"href":"https:\/\/diarioellabrador.cl\/index.php\/wp-json\/wp\/v2\/posts\/18722","targetHints":{"allow":["GET"]}}],"collection":[{"href":"https:\/\/diarioellabrador.cl\/index.php\/wp-json\/wp\/v2\/posts"}],"about":[{"href":"https:\/\/diarioellabrador.cl\/index.php\/wp-json\/wp\/v2\/types\/post"}],"author":[{"embeddable":true,"href":"https:\/\/diarioellabrador.cl\/index.php\/wp-json\/wp\/v2\/users\/2"}],"replies":[{"embeddable":true,"href":"https:\/\/diarioellabrador.cl\/index.php\/wp-json\/wp\/v2\/comments?post=18722"}],"version-history":[{"count":1,"href":"https:\/\/diarioellabrador.cl\/index.php\/wp-json\/wp\/v2\/posts\/18722\/revisions"}],"predecessor-version":[{"id":18723,"href":"https:\/\/diarioellabrador.cl\/index.php\/wp-json\/wp\/v2\/posts\/18722\/revisions\/18723"}],"wp:featuredmedia":[{"embeddable":true,"href":"https:\/\/diarioellabrador.cl\/index.php\/wp-json\/wp\/v2\/media\/18679"}],"wp:attachment":[{"href":"https:\/\/diarioellabrador.cl\/index.php\/wp-json\/wp\/v2\/media?parent=18722"}],"wp:term":[{"taxonomy":"category","embeddable":true,"href":"https:\/\/diarioellabrador.cl\/index.php\/wp-json\/wp\/v2\/categories?post=18722"},{"taxonomy":"post_tag","embeddable":true,"href":"https:\/\/diarioellabrador.cl\/index.php\/wp-json\/wp\/v2\/tags?post=18722"}],"curies":[{"name":"wp","href":"https:\/\/api.w.org\/{rel}","templated":true}]}}