{"id":18720,"date":"2026-04-28T18:20:21","date_gmt":"2026-04-28T22:20:21","guid":{"rendered":"https:\/\/diarioellabrador.cl\/?p=18720"},"modified":"2026-04-28T18:21:10","modified_gmt":"2026-04-28T22:21:10","slug":"establecen-sesion-trimestral-del-sistema-tactico-operativo-policial-stop-de-carabineros-2","status":"publish","type":"post","link":"https:\/\/diarioellabrador.cl\/index.php\/2026\/04\/28\/establecen-sesion-trimestral-del-sistema-tactico-operativo-policial-stop-de-carabineros-2\/","title":{"rendered":"Establecen sesi\u00f3n trimestral del Sistema T\u00e1ctico Operativo Policial STOP de Carabineros"},"content":{"rendered":"\n<ul class=\"wp-block-list\">\n<li><strong>La jornada cont\u00f3 con la participaci\u00f3n del Delegado Presidencial Provincial de Melipilla, Gast\u00f3n Libuy; el Seremi de Seguridad, Juan Andr\u00e9s Barrientos; la alcaldesa de Melipilla, Paula G\u00e1rate; adem\u00e1s de Fiscal\u00eda, y representantes de las comunas de Alhu\u00e9, Mar\u00eda Pinto y Curacav\u00ed.<\/strong><\/li>\n<\/ul>\n\n\n\n<p>En dependencias de la 24\u00aa Comisar\u00eda de Carabineros de Melipilla se desarroll\u00f3 una nueva sesi\u00f3n trimestral del Sistema T\u00e1ctico Operativo Policial (STOP), instancia encabezada por el prefecto de la Prefectura Costa, coronel Cristian Matus, instancia que cont\u00f3 con la participaci\u00f3n del delegado presidencial provincial de Melipilla, Gast\u00f3n Libuy; el seremi de Seguridad, Juan Andr\u00e9s Barrientos; la alcaldesa de Melipilla, Paula G\u00e1rate; adem\u00e1s de fiscal\u00eda y representantes de las comunas de Mar\u00eda Pinto, Curacav\u00ed y Alhu\u00e9.<\/p>\n\n\n\n<p>La instancia tuvo como prop\u00f3sito analizar el comportamiento delictual, con foco en los delitos de mayor connotaci\u00f3n social, permitiendo evaluar el trabajo realizado durante el primer trimestre del a\u00f1o y proyectar nuevas estrategias para la prevenci\u00f3n y el combate de la delincuencia en la provincia.<\/p>\n\n\n\n<p>En este contexto, el delegado provincial de Melipilla, Gast\u00f3n Libuy, valor\u00f3 las exposiciones y el trabajo coordinado entre las instituciones. \u201cContamos con la presencia de nuestro Seremi de Seguridad, quien hizo una muy buena exposici\u00f3n en cuanto a la situaci\u00f3n actual de operativos policiales en la comuna, y una proyecci\u00f3n de despliegues de seguridad que se van a hacer en la provincia. Satisfecho con la presentaci\u00f3n del seremi, una muy buena exposici\u00f3n del mayor de Carabineros de la 24\u00b0 Comisar\u00eda Melipilla, as\u00ed como el capit\u00e1n de la 63\u00b0 de Curacav\u00ed. Esperamos que lo que hemos planificado y las metas que nos hemos propuesto hoy d\u00eda rindan frutos, y vamos a estar dando cuenta de ello a los vecinos &nbsp;de la Provincia de Melipilla\u201d.<\/p>\n\n\n\n<p>El Seremi de Seguridad, Juan Andr\u00e9s Barrientos, se\u00f1al\u00f3 tras el encuentro que \u201cvamos a trabajar el Plan de Acci\u00f3n Rural, que va enfocado \u00fanica y exclusivamente a que las personas puedan tener una cercan\u00eda mucho m\u00e1s f\u00e1cil con el Gobierno, nos puedan dar a conocer todo tipo de incivilidades que existen en su comuna y denuncias correspondientes\u201d.<\/p>\n\n\n\n<p>En esta l\u00ednea, precis\u00f3 la importancia de la denuncia. \u201cImportante es dar a conocer que nosotros contamos con el tel\u00e9fono *4242, que es Denuncia Seguro, donde las personas pueden dar a conocer toda la informaci\u00f3n respecto a il\u00edcitos, l\u00ednea de contacto que es de car\u00e1cter an\u00f3nima, reservada y confidencial, no queda registrado el tel\u00e9fono en particular, y si se hace la denuncia online, no queda registrada la IP. Estos antecedentes son canalizados por un equipo multidisciplinario policial, adem\u00e1s trabajan abogados, soci\u00f3logos, asistentes sociales, quienes reincorporan la informaci\u00f3n y la traspasan a Fiscal\u00eda, con la finalidad de derivar la informaci\u00f3n y trabajar las especialidades de OS7, OS9, SIP y Polic\u00eda de Investigaciones de Chile, con la finalidad de prevenir el delito\u201d.<\/p>\n\n\n\n<p>Por su parte, el Prefecto de la Prefectura Costa de Carabineros, Coronel Cristian Matus, destac\u00f3 la instancia de coordinaci\u00f3n y an\u00e1lisis policial. \u201cLa relevancia de esta sesi\u00f3n STOP es que se analizan los tres primeros meses del a\u00f1o, evaluaci\u00f3n de la realidad delictual del primer trimestre del a\u00f1o 2026, donde se tratan los delitos de mayor connotaci\u00f3n socio-policial, siendo importante la presencia del Seremi de Seguridad, quien se comprometi\u00f3 con los recursos estatales para poder atacar los problemas delictuales de las comunas de la provincia\u201d.<\/p>\n\n\n\n<p>Finalmente, las autoridades coincidieron en la importancia de continuar fortaleciendo el trabajo conjunto entre las distintas instituciones, con el objetivo de avanzar en seguridad, prevenci\u00f3n y tranquilidad para los vecinos de la Provincia de Melipilla.<\/p>\n","protected":false},"excerpt":{"rendered":"<p>En dependencias de la 24\u00aa Comisar\u00eda de Carabineros de Melipilla se desarroll\u00f3 una nueva sesi\u00f3n trimestral del Sistema T\u00e1ctico Operativo Policial (STOP), instancia encabezada por el prefecto de la Prefectura Costa, coronel Cristian Matus, instancia que cont\u00f3 con la participaci\u00f3n del delegado presidencial provincial de Melipilla, Gast\u00f3n Libuy; el seremi de Seguridad, Juan Andr\u00e9s Barrientos;<\/p>\n<div class=\"read-more-wrapper\"><a class=\"read-more\" href=\"https:\/\/diarioellabrador.cl\/index.php\/2026\/04\/28\/establecen-sesion-trimestral-del-sistema-tactico-operativo-policial-stop-de-carabineros-2\/\" title=\"Leer m\u00e1s\"> <span class=\"button \">Leer m\u00e1s<\/span><\/a><\/div>\n","protected":false},"author":2,"featured_media":18676,"comment_status":"open","ping_status":"open","sticky":false,"template":"","format":"standard","meta":{"footnotes":""},"categories":[1],"tags":[],"class_list":["post-18720","post","type-post","status-publish","format-standard","has-post-thumbnail","hentry","category-cronica"],"yoast_head":"<!-- This site is optimized with the Yoast SEO plugin v27.5 - https:\/\/yoast.com\/product\/yoast-seo-wordpress\/ -->\n<title>Establecen sesi\u00f3n trimestral del Sistema T\u00e1ctico Operativo Policial STOP de Carabineros - Diario El Labrador<\/title>\n<meta name=\"robots\" content=\"index, follow, max-snippet:-1, max-image-preview:large, max-video-preview:-1\" \/>\n<link rel=\"canonical\" href=\"https:\/\/diarioellabrador.cl\/index.php\/2026\/04\/28\/establecen-sesion-trimestral-del-sistema-tactico-operativo-policial-stop-de-carabineros-2\/\" \/>\n<meta property=\"og:locale\" content=\"es_ES\" \/>\n<meta property=\"og:type\" content=\"article\" \/>\n<meta property=\"og:title\" content=\"Establecen sesi\u00f3n trimestral del Sistema T\u00e1ctico Operativo Policial STOP de Carabineros - Diario El Labrador\" \/>\n<meta property=\"og:description\" content=\"En dependencias de la 24\u00aa Comisar\u00eda de Carabineros de Melipilla se desarroll\u00f3 una nueva sesi\u00f3n trimestral del Sistema T\u00e1ctico Operativo Policial (STOP), instancia encabezada por el prefecto de la Prefectura Costa, coronel Cristian Matus, instancia que cont\u00f3 con la participaci\u00f3n del delegado presidencial provincial de Melipilla, Gast\u00f3n Libuy; el seremi de Seguridad, Juan Andr\u00e9s Barrientos; Leer m\u00e1s\" \/>\n<meta property=\"og:url\" content=\"https:\/\/diarioellabrador.cl\/index.php\/2026\/04\/28\/establecen-sesion-trimestral-del-sistema-tactico-operativo-policial-stop-de-carabineros-2\/\" \/>\n<meta property=\"og:site_name\" content=\"Diario El Labrador\" \/>\n<meta property=\"article:publisher\" content=\"https:\/\/web.facebook.com\/profile.php?id=61576120840621\" \/>\n<meta property=\"article:published_time\" content=\"2026-04-28T22:20:21+00:00\" \/>\n<meta property=\"article:modified_time\" content=\"2026-04-28T22:21:10+00:00\" \/>\n<meta property=\"og:image\" content=\"https:\/\/diarioellabrador.cl\/wp-content\/uploads\/2026\/04\/Establecen-sesion-trimestral-del-Sistema-Tactico-Operativo-Policial-STOP-de-Carabineros-2-scaled.jpeg\" \/>\n\t<meta property=\"og:image:width\" content=\"2560\" \/>\n\t<meta property=\"og:image:height\" content=\"1920\" \/>\n\t<meta property=\"og:image:type\" content=\"image\/jpeg\" \/>\n<meta name=\"author\" content=\"Editor\" \/>\n<meta name=\"twitter:card\" content=\"summary_large_image\" \/>\n<meta name=\"twitter:creator\" content=\"@ElLabradorOf\" \/>\n<meta name=\"twitter:site\" content=\"@ElLabradorOf\" \/>\n<meta name=\"twitter:label1\" content=\"Escrito por\" \/>\n\t<meta name=\"twitter:data1\" content=\"Editor\" \/>\n\t<meta name=\"twitter:label2\" content=\"Tiempo de lectura\" \/>\n\t<meta name=\"twitter:data2\" content=\"3 minutos\" \/>\n<script type=\"application\/ld+json\" class=\"yoast-schema-graph\">{\"@context\":\"https:\\\/\\\/schema.org\",\"@graph\":[{\"@type\":\"Article\",\"@id\":\"https:\\\/\\\/diarioellabrador.cl\\\/index.php\\\/2026\\\/04\\\/28\\\/establecen-sesion-trimestral-del-sistema-tactico-operativo-policial-stop-de-carabineros-2\\\/#article\",\"isPartOf\":{\"@id\":\"https:\\\/\\\/diarioellabrador.cl\\\/index.php\\\/2026\\\/04\\\/28\\\/establecen-sesion-trimestral-del-sistema-tactico-operativo-policial-stop-de-carabineros-2\\\/\"},\"author\":{\"name\":\"Editor\",\"@id\":\"https:\\\/\\\/diarioellabrador.cl\\\/#\\\/schema\\\/person\\\/bc25ff80b4563f9c7f4bd7855df01685\"},\"headline\":\"Establecen sesi\u00f3n trimestral del Sistema T\u00e1ctico Operativo Policial STOP de Carabineros\",\"datePublished\":\"2026-04-28T22:20:21+00:00\",\"dateModified\":\"2026-04-28T22:21:10+00:00\",\"mainEntityOfPage\":{\"@id\":\"https:\\\/\\\/diarioellabrador.cl\\\/index.php\\\/2026\\\/04\\\/28\\\/establecen-sesion-trimestral-del-sistema-tactico-operativo-policial-stop-de-carabineros-2\\\/\"},\"wordCount\":648,\"commentCount\":0,\"publisher\":{\"@id\":\"https:\\\/\\\/diarioellabrador.cl\\\/#organization\"},\"image\":{\"@id\":\"https:\\\/\\\/diarioellabrador.cl\\\/index.php\\\/2026\\\/04\\\/28\\\/establecen-sesion-trimestral-del-sistema-tactico-operativo-policial-stop-de-carabineros-2\\\/#primaryimage\"},\"thumbnailUrl\":\"https:\\\/\\\/diarioellabrador.cl\\\/wp-content\\\/uploads\\\/2026\\\/04\\\/Establecen-sesion-trimestral-del-Sistema-Tactico-Operativo-Policial-STOP-de-Carabineros-2-scaled.jpeg\",\"articleSection\":[\"Cr\u00f3nica\"],\"inLanguage\":\"es\",\"potentialAction\":[{\"@type\":\"CommentAction\",\"name\":\"Comment\",\"target\":[\"https:\\\/\\\/diarioellabrador.cl\\\/index.php\\\/2026\\\/04\\\/28\\\/establecen-sesion-trimestral-del-sistema-tactico-operativo-policial-stop-de-carabineros-2\\\/#respond\"]}]},{\"@type\":\"WebPage\",\"@id\":\"https:\\\/\\\/diarioellabrador.cl\\\/index.php\\\/2026\\\/04\\\/28\\\/establecen-sesion-trimestral-del-sistema-tactico-operativo-policial-stop-de-carabineros-2\\\/\",\"url\":\"https:\\\/\\\/diarioellabrador.cl\\\/index.php\\\/2026\\\/04\\\/28\\\/establecen-sesion-trimestral-del-sistema-tactico-operativo-policial-stop-de-carabineros-2\\\/\",\"name\":\"Establecen sesi\u00f3n trimestral del Sistema T\u00e1ctico Operativo Policial STOP de Carabineros - Diario El Labrador\",\"isPartOf\":{\"@id\":\"https:\\\/\\\/diarioellabrador.cl\\\/#website\"},\"primaryImageOfPage\":{\"@id\":\"https:\\\/\\\/diarioellabrador.cl\\\/index.php\\\/2026\\\/04\\\/28\\\/establecen-sesion-trimestral-del-sistema-tactico-operativo-policial-stop-de-carabineros-2\\\/#primaryimage\"},\"image\":{\"@id\":\"https:\\\/\\\/diarioellabrador.cl\\\/index.php\\\/2026\\\/04\\\/28\\\/establecen-sesion-trimestral-del-sistema-tactico-operativo-policial-stop-de-carabineros-2\\\/#primaryimage\"},\"thumbnailUrl\":\"https:\\\/\\\/diarioellabrador.cl\\\/wp-content\\\/uploads\\\/2026\\\/04\\\/Establecen-sesion-trimestral-del-Sistema-Tactico-Operativo-Policial-STOP-de-Carabineros-2-scaled.jpeg\",\"datePublished\":\"2026-04-28T22:20:21+00:00\",\"dateModified\":\"2026-04-28T22:21:10+00:00\",\"breadcrumb\":{\"@id\":\"https:\\\/\\\/diarioellabrador.cl\\\/index.php\\\/2026\\\/04\\\/28\\\/establecen-sesion-trimestral-del-sistema-tactico-operativo-policial-stop-de-carabineros-2\\\/#breadcrumb\"},\"inLanguage\":\"es\",\"potentialAction\":[{\"@type\":\"ReadAction\",\"target\":[\"https:\\\/\\\/diarioellabrador.cl\\\/index.php\\\/2026\\\/04\\\/28\\\/establecen-sesion-trimestral-del-sistema-tactico-operativo-policial-stop-de-carabineros-2\\\/\"]}]},{\"@type\":\"ImageObject\",\"inLanguage\":\"es\",\"@id\":\"https:\\\/\\\/diarioellabrador.cl\\\/index.php\\\/2026\\\/04\\\/28\\\/establecen-sesion-trimestral-del-sistema-tactico-operativo-policial-stop-de-carabineros-2\\\/#primaryimage\",\"url\":\"https:\\\/\\\/diarioellabrador.cl\\\/wp-content\\\/uploads\\\/2026\\\/04\\\/Establecen-sesion-trimestral-del-Sistema-Tactico-Operativo-Policial-STOP-de-Carabineros-2-scaled.jpeg\",\"contentUrl\":\"https:\\\/\\\/diarioellabrador.cl\\\/wp-content\\\/uploads\\\/2026\\\/04\\\/Establecen-sesion-trimestral-del-Sistema-Tactico-Operativo-Policial-STOP-de-Carabineros-2-scaled.jpeg\",\"width\":2560,\"height\":1920},{\"@type\":\"BreadcrumbList\",\"@id\":\"https:\\\/\\\/diarioellabrador.cl\\\/index.php\\\/2026\\\/04\\\/28\\\/establecen-sesion-trimestral-del-sistema-tactico-operativo-policial-stop-de-carabineros-2\\\/#breadcrumb\",\"itemListElement\":[{\"@type\":\"ListItem\",\"position\":1,\"name\":\"Portada\",\"item\":\"https:\\\/\\\/diarioellabrador.cl\\\/\"},{\"@type\":\"ListItem\",\"position\":2,\"name\":\"Establecen sesi\u00f3n trimestral del Sistema T\u00e1ctico Operativo Policial STOP de Carabineros\"}]},{\"@type\":\"WebSite\",\"@id\":\"https:\\\/\\\/diarioellabrador.cl\\\/#website\",\"url\":\"https:\\\/\\\/diarioellabrador.cl\\\/\",\"name\":\"Diario El Labrador\",\"description\":\"Haciendo noticia desde 1921\",\"publisher\":{\"@id\":\"https:\\\/\\\/diarioellabrador.cl\\\/#organization\"},\"potentialAction\":[{\"@type\":\"SearchAction\",\"target\":{\"@type\":\"EntryPoint\",\"urlTemplate\":\"https:\\\/\\\/diarioellabrador.cl\\\/?s={search_term_string}\"},\"query-input\":{\"@type\":\"PropertyValueSpecification\",\"valueRequired\":true,\"valueName\":\"search_term_string\"}}],\"inLanguage\":\"es\"},{\"@type\":\"Organization\",\"@id\":\"https:\\\/\\\/diarioellabrador.cl\\\/#organization\",\"name\":\"Diario El Labrador\",\"url\":\"https:\\\/\\\/diarioellabrador.cl\\\/\",\"logo\":{\"@type\":\"ImageObject\",\"inLanguage\":\"es\",\"@id\":\"https:\\\/\\\/diarioellabrador.cl\\\/#\\\/schema\\\/logo\\\/image\\\/\",\"url\":\"https:\\\/\\\/diarioellabrador.cl\\\/wp-content\\\/uploads\\\/2025\\\/02\\\/cropped-Logo-Icono.png\",\"contentUrl\":\"https:\\\/\\\/diarioellabrador.cl\\\/wp-content\\\/uploads\\\/2025\\\/02\\\/cropped-Logo-Icono.png\",\"width\":512,\"height\":512,\"caption\":\"Diario El Labrador\"},\"image\":{\"@id\":\"https:\\\/\\\/diarioellabrador.cl\\\/#\\\/schema\\\/logo\\\/image\\\/\"},\"sameAs\":[\"https:\\\/\\\/web.facebook.com\\\/profile.php?id=61576120840621\",\"https:\\\/\\\/x.com\\\/ElLabradorOf\",\"https:\\\/\\\/www.instagram.com\\\/diarioellabradoroficial\\\/\"]},{\"@type\":\"Person\",\"@id\":\"https:\\\/\\\/diarioellabrador.cl\\\/#\\\/schema\\\/person\\\/bc25ff80b4563f9c7f4bd7855df01685\",\"name\":\"Editor\",\"image\":{\"@type\":\"ImageObject\",\"inLanguage\":\"es\",\"@id\":\"https:\\\/\\\/secure.gravatar.com\\\/avatar\\\/109c326cf2be5c04f048c2c2a2b8b6ef44bf3d8d1d3d4c55d0ac40c4bc994684?s=96&d=mm&r=g\",\"url\":\"https:\\\/\\\/secure.gravatar.com\\\/avatar\\\/109c326cf2be5c04f048c2c2a2b8b6ef44bf3d8d1d3d4c55d0ac40c4bc994684?s=96&d=mm&r=g\",\"contentUrl\":\"https:\\\/\\\/secure.gravatar.com\\\/avatar\\\/109c326cf2be5c04f048c2c2a2b8b6ef44bf3d8d1d3d4c55d0ac40c4bc994684?s=96&d=mm&r=g\",\"caption\":\"Editor\"},\"url\":\"https:\\\/\\\/diarioellabrador.cl\\\/index.php\\\/author\\\/editor\\\/\"}]}<\/script>\n<!-- \/ Yoast SEO plugin. -->","yoast_head_json":{"title":"Establecen sesi\u00f3n trimestral del Sistema T\u00e1ctico Operativo Policial STOP de Carabineros - Diario El Labrador","robots":{"index":"index","follow":"follow","max-snippet":"max-snippet:-1","max-image-preview":"max-image-preview:large","max-video-preview":"max-video-preview:-1"},"canonical":"https:\/\/diarioellabrador.cl\/index.php\/2026\/04\/28\/establecen-sesion-trimestral-del-sistema-tactico-operativo-policial-stop-de-carabineros-2\/","og_locale":"es_ES","og_type":"article","og_title":"Establecen sesi\u00f3n trimestral del Sistema T\u00e1ctico Operativo Policial STOP de Carabineros - Diario El Labrador","og_description":"En dependencias de la 24\u00aa Comisar\u00eda de Carabineros de Melipilla se desarroll\u00f3 una nueva sesi\u00f3n trimestral del Sistema T\u00e1ctico Operativo Policial (STOP), instancia encabezada por el prefecto de la Prefectura Costa, coronel Cristian Matus, instancia que cont\u00f3 con la participaci\u00f3n del delegado presidencial provincial de Melipilla, Gast\u00f3n Libuy; el seremi de Seguridad, Juan Andr\u00e9s Barrientos; Leer m\u00e1s","og_url":"https:\/\/diarioellabrador.cl\/index.php\/2026\/04\/28\/establecen-sesion-trimestral-del-sistema-tactico-operativo-policial-stop-de-carabineros-2\/","og_site_name":"Diario El Labrador","article_publisher":"https:\/\/web.facebook.com\/profile.php?id=61576120840621","article_published_time":"2026-04-28T22:20:21+00:00","article_modified_time":"2026-04-28T22:21:10+00:00","og_image":[{"width":2560,"height":1920,"url":"https:\/\/diarioellabrador.cl\/wp-content\/uploads\/2026\/04\/Establecen-sesion-trimestral-del-Sistema-Tactico-Operativo-Policial-STOP-de-Carabineros-2-scaled.jpeg","type":"image\/jpeg"}],"author":"Editor","twitter_card":"summary_large_image","twitter_creator":"@ElLabradorOf","twitter_site":"@ElLabradorOf","twitter_misc":{"Escrito por":"Editor","Tiempo de lectura":"3 minutos"},"schema":{"@context":"https:\/\/schema.org","@graph":[{"@type":"Article","@id":"https:\/\/diarioellabrador.cl\/index.php\/2026\/04\/28\/establecen-sesion-trimestral-del-sistema-tactico-operativo-policial-stop-de-carabineros-2\/#article","isPartOf":{"@id":"https:\/\/diarioellabrador.cl\/index.php\/2026\/04\/28\/establecen-sesion-trimestral-del-sistema-tactico-operativo-policial-stop-de-carabineros-2\/"},"author":{"name":"Editor","@id":"https:\/\/diarioellabrador.cl\/#\/schema\/person\/bc25ff80b4563f9c7f4bd7855df01685"},"headline":"Establecen sesi\u00f3n trimestral del Sistema T\u00e1ctico Operativo Policial STOP de Carabineros","datePublished":"2026-04-28T22:20:21+00:00","dateModified":"2026-04-28T22:21:10+00:00","mainEntityOfPage":{"@id":"https:\/\/diarioellabrador.cl\/index.php\/2026\/04\/28\/establecen-sesion-trimestral-del-sistema-tactico-operativo-policial-stop-de-carabineros-2\/"},"wordCount":648,"commentCount":0,"publisher":{"@id":"https:\/\/diarioellabrador.cl\/#organization"},"image":{"@id":"https:\/\/diarioellabrador.cl\/index.php\/2026\/04\/28\/establecen-sesion-trimestral-del-sistema-tactico-operativo-policial-stop-de-carabineros-2\/#primaryimage"},"thumbnailUrl":"https:\/\/diarioellabrador.cl\/wp-content\/uploads\/2026\/04\/Establecen-sesion-trimestral-del-Sistema-Tactico-Operativo-Policial-STOP-de-Carabineros-2-scaled.jpeg","articleSection":["Cr\u00f3nica"],"inLanguage":"es","potentialAction":[{"@type":"CommentAction","name":"Comment","target":["https:\/\/diarioellabrador.cl\/index.php\/2026\/04\/28\/establecen-sesion-trimestral-del-sistema-tactico-operativo-policial-stop-de-carabineros-2\/#respond"]}]},{"@type":"WebPage","@id":"https:\/\/diarioellabrador.cl\/index.php\/2026\/04\/28\/establecen-sesion-trimestral-del-sistema-tactico-operativo-policial-stop-de-carabineros-2\/","url":"https:\/\/diarioellabrador.cl\/index.php\/2026\/04\/28\/establecen-sesion-trimestral-del-sistema-tactico-operativo-policial-stop-de-carabineros-2\/","name":"Establecen sesi\u00f3n trimestral del Sistema T\u00e1ctico Operativo Policial STOP de Carabineros - Diario El Labrador","isPartOf":{"@id":"https:\/\/diarioellabrador.cl\/#website"},"primaryImageOfPage":{"@id":"https:\/\/diarioellabrador.cl\/index.php\/2026\/04\/28\/establecen-sesion-trimestral-del-sistema-tactico-operativo-policial-stop-de-carabineros-2\/#primaryimage"},"image":{"@id":"https:\/\/diarioellabrador.cl\/index.php\/2026\/04\/28\/establecen-sesion-trimestral-del-sistema-tactico-operativo-policial-stop-de-carabineros-2\/#primaryimage"},"thumbnailUrl":"https:\/\/diarioellabrador.cl\/wp-content\/uploads\/2026\/04\/Establecen-sesion-trimestral-del-Sistema-Tactico-Operativo-Policial-STOP-de-Carabineros-2-scaled.jpeg","datePublished":"2026-04-28T22:20:21+00:00","dateModified":"2026-04-28T22:21:10+00:00","breadcrumb":{"@id":"https:\/\/diarioellabrador.cl\/index.php\/2026\/04\/28\/establecen-sesion-trimestral-del-sistema-tactico-operativo-policial-stop-de-carabineros-2\/#breadcrumb"},"inLanguage":"es","potentialAction":[{"@type":"ReadAction","target":["https:\/\/diarioellabrador.cl\/index.php\/2026\/04\/28\/establecen-sesion-trimestral-del-sistema-tactico-operativo-policial-stop-de-carabineros-2\/"]}]},{"@type":"ImageObject","inLanguage":"es","@id":"https:\/\/diarioellabrador.cl\/index.php\/2026\/04\/28\/establecen-sesion-trimestral-del-sistema-tactico-operativo-policial-stop-de-carabineros-2\/#primaryimage","url":"https:\/\/diarioellabrador.cl\/wp-content\/uploads\/2026\/04\/Establecen-sesion-trimestral-del-Sistema-Tactico-Operativo-Policial-STOP-de-Carabineros-2-scaled.jpeg","contentUrl":"https:\/\/diarioellabrador.cl\/wp-content\/uploads\/2026\/04\/Establecen-sesion-trimestral-del-Sistema-Tactico-Operativo-Policial-STOP-de-Carabineros-2-scaled.jpeg","width":2560,"height":1920},{"@type":"BreadcrumbList","@id":"https:\/\/diarioellabrador.cl\/index.php\/2026\/04\/28\/establecen-sesion-trimestral-del-sistema-tactico-operativo-policial-stop-de-carabineros-2\/#breadcrumb","itemListElement":[{"@type":"ListItem","position":1,"name":"Portada","item":"https:\/\/diarioellabrador.cl\/"},{"@type":"ListItem","position":2,"name":"Establecen sesi\u00f3n trimestral del Sistema T\u00e1ctico Operativo Policial STOP de Carabineros"}]},{"@type":"WebSite","@id":"https:\/\/diarioellabrador.cl\/#website","url":"https:\/\/diarioellabrador.cl\/","name":"Diario El Labrador","description":"Haciendo noticia desde 1921","publisher":{"@id":"https:\/\/diarioellabrador.cl\/#organization"},"potentialAction":[{"@type":"SearchAction","target":{"@type":"EntryPoint","urlTemplate":"https:\/\/diarioellabrador.cl\/?s={search_term_string}"},"query-input":{"@type":"PropertyValueSpecification","valueRequired":true,"valueName":"search_term_string"}}],"inLanguage":"es"},{"@type":"Organization","@id":"https:\/\/diarioellabrador.cl\/#organization","name":"Diario El Labrador","url":"https:\/\/diarioellabrador.cl\/","logo":{"@type":"ImageObject","inLanguage":"es","@id":"https:\/\/diarioellabrador.cl\/#\/schema\/logo\/image\/","url":"https:\/\/diarioellabrador.cl\/wp-content\/uploads\/2025\/02\/cropped-Logo-Icono.png","contentUrl":"https:\/\/diarioellabrador.cl\/wp-content\/uploads\/2025\/02\/cropped-Logo-Icono.png","width":512,"height":512,"caption":"Diario El Labrador"},"image":{"@id":"https:\/\/diarioellabrador.cl\/#\/schema\/logo\/image\/"},"sameAs":["https:\/\/web.facebook.com\/profile.php?id=61576120840621","https:\/\/x.com\/ElLabradorOf","https:\/\/www.instagram.com\/diarioellabradoroficial\/"]},{"@type":"Person","@id":"https:\/\/diarioellabrador.cl\/#\/schema\/person\/bc25ff80b4563f9c7f4bd7855df01685","name":"Editor","image":{"@type":"ImageObject","inLanguage":"es","@id":"https:\/\/secure.gravatar.com\/avatar\/109c326cf2be5c04f048c2c2a2b8b6ef44bf3d8d1d3d4c55d0ac40c4bc994684?s=96&d=mm&r=g","url":"https:\/\/secure.gravatar.com\/avatar\/109c326cf2be5c04f048c2c2a2b8b6ef44bf3d8d1d3d4c55d0ac40c4bc994684?s=96&d=mm&r=g","contentUrl":"https:\/\/secure.gravatar.com\/avatar\/109c326cf2be5c04f048c2c2a2b8b6ef44bf3d8d1d3d4c55d0ac40c4bc994684?s=96&d=mm&r=g","caption":"Editor"},"url":"https:\/\/diarioellabrador.cl\/index.php\/author\/editor\/"}]}},"_links":{"self":[{"href":"https:\/\/diarioellabrador.cl\/index.php\/wp-json\/wp\/v2\/posts\/18720","targetHints":{"allow":["GET"]}}],"collection":[{"href":"https:\/\/diarioellabrador.cl\/index.php\/wp-json\/wp\/v2\/posts"}],"about":[{"href":"https:\/\/diarioellabrador.cl\/index.php\/wp-json\/wp\/v2\/types\/post"}],"author":[{"embeddable":true,"href":"https:\/\/diarioellabrador.cl\/index.php\/wp-json\/wp\/v2\/users\/2"}],"replies":[{"embeddable":true,"href":"https:\/\/diarioellabrador.cl\/index.php\/wp-json\/wp\/v2\/comments?post=18720"}],"version-history":[{"count":1,"href":"https:\/\/diarioellabrador.cl\/index.php\/wp-json\/wp\/v2\/posts\/18720\/revisions"}],"predecessor-version":[{"id":18721,"href":"https:\/\/diarioellabrador.cl\/index.php\/wp-json\/wp\/v2\/posts\/18720\/revisions\/18721"}],"wp:featuredmedia":[{"embeddable":true,"href":"https:\/\/diarioellabrador.cl\/index.php\/wp-json\/wp\/v2\/media\/18676"}],"wp:attachment":[{"href":"https:\/\/diarioellabrador.cl\/index.php\/wp-json\/wp\/v2\/media?parent=18720"}],"wp:term":[{"taxonomy":"category","embeddable":true,"href":"https:\/\/diarioellabrador.cl\/index.php\/wp-json\/wp\/v2\/categories?post=18720"},{"taxonomy":"post_tag","embeddable":true,"href":"https:\/\/diarioellabrador.cl\/index.php\/wp-json\/wp\/v2\/tags?post=18720"}],"curies":[{"name":"wp","href":"https:\/\/api.w.org\/{rel}","templated":true}]}}