{"id":18716,"date":"2026-04-28T18:17:35","date_gmt":"2026-04-28T22:17:35","guid":{"rendered":"https:\/\/diarioellabrador.cl\/?p=18716"},"modified":"2026-04-28T18:17:38","modified_gmt":"2026-04-28T22:17:38","slug":"jornada-sobre-innovacion-en-salud-abordo-desafios-de-la-inteligencia-artificial-y-la-gestion-digital","status":"publish","type":"post","link":"https:\/\/diarioellabrador.cl\/index.php\/2026\/04\/28\/jornada-sobre-innovacion-en-salud-abordo-desafios-de-la-inteligencia-artificial-y-la-gestion-digital\/","title":{"rendered":"Jornada sobre innovaci\u00f3n en salud abord\u00f3 desaf\u00edos de la inteligencia artificial y la gesti\u00f3n digital"},"content":{"rendered":"\n<p>Con el objetivo de analizar los avances y desaf\u00edos en el sistema sanitario, fue realizada una jornada de Innovaci\u00f3n y Tecnolog\u00edas en Gesti\u00f3n en Sistemas de Salud, instancia que reuni\u00f3 a expertos, directivos y profesionales del \u00e1rea.<\/p>\n\n\n\n<p>En el encuentro abordaron el impacto de la inteligencia artificial, la transformaci\u00f3n digital y los nuevos modelos de gesti\u00f3n en salud, promoviendo el intercambio de experiencias y el aprendizaje colaborativo entre equipos cl\u00ednicos, referentes t\u00e9cnicos y autoridades.<\/p>\n\n\n\n<p>Por Salud Occidente, particip\u00f3 la directora, Dra. Daniella Greibe, quien integr\u00f3 el panel \u201cDesaf\u00edo directivo: red de Servicios de Salud que innovan\u201d. En este espacio tambi\u00e9n participaron Alejandra Garc\u00eda, directiva ejecutiva de CENS; Valeria San Mart\u00edn, jefa de Salud Digital del Servicio de Salud Talcahuano; el Dr. Alberto Vargas, director del Servicio de Salud Metropolitano Oriente; y Manuel Herbage, director (s) del Servicio de Salud Biob\u00edo. En la oportunidad, la Dra. Greibe destac\u00f3 que la Red Occidente cuenta con un alto porcentaje de comunas rurales, se\u00f1alando que los proyectos de innovaci\u00f3n han permitido acercar soluciones de salud, disminuir traslados y aumentar la resolutividad de la hospitalizaci\u00f3n domiciliaria. Asimismo, realiz\u00f3 un llamado a continuar avanzando en esta \u00e1rea<\/p>\n","protected":false},"excerpt":{"rendered":"<p>Con el objetivo de analizar los avances y desaf\u00edos en el sistema sanitario, fue realizada una jornada de Innovaci\u00f3n y Tecnolog\u00edas en Gesti\u00f3n en Sistemas de Salud, instancia que reuni\u00f3 a expertos, directivos y profesionales del \u00e1rea. En el encuentro abordaron el impacto de la inteligencia artificial, la transformaci\u00f3n digital y los nuevos modelos de<\/p>\n<div class=\"read-more-wrapper\"><a class=\"read-more\" href=\"https:\/\/diarioellabrador.cl\/index.php\/2026\/04\/28\/jornada-sobre-innovacion-en-salud-abordo-desafios-de-la-inteligencia-artificial-y-la-gestion-digital\/\" title=\"Leer m\u00e1s\"> <span class=\"button \">Leer m\u00e1s<\/span><\/a><\/div>\n","protected":false},"author":2,"featured_media":18681,"comment_status":"open","ping_status":"open","sticky":false,"template":"","format":"standard","meta":{"footnotes":""},"categories":[1],"tags":[],"class_list":["post-18716","post","type-post","status-publish","format-standard","has-post-thumbnail","hentry","category-cronica"],"yoast_head":"<!-- This site is optimized with the Yoast SEO plugin v27.5 - https:\/\/yoast.com\/product\/yoast-seo-wordpress\/ -->\n<title>Jornada sobre innovaci\u00f3n en salud abord\u00f3 desaf\u00edos de la inteligencia artificial y la gesti\u00f3n digital - Diario El Labrador<\/title>\n<meta name=\"robots\" content=\"index, follow, max-snippet:-1, max-image-preview:large, max-video-preview:-1\" \/>\n<link rel=\"canonical\" href=\"https:\/\/diarioellabrador.cl\/index.php\/2026\/04\/28\/jornada-sobre-innovacion-en-salud-abordo-desafios-de-la-inteligencia-artificial-y-la-gestion-digital\/\" \/>\n<meta property=\"og:locale\" content=\"es_ES\" \/>\n<meta property=\"og:type\" content=\"article\" \/>\n<meta property=\"og:title\" content=\"Jornada sobre innovaci\u00f3n en salud abord\u00f3 desaf\u00edos de la inteligencia artificial y la gesti\u00f3n digital - Diario El Labrador\" \/>\n<meta property=\"og:description\" content=\"Con el objetivo de analizar los avances y desaf\u00edos en el sistema sanitario, fue realizada una jornada de Innovaci\u00f3n y Tecnolog\u00edas en Gesti\u00f3n en Sistemas de Salud, instancia que reuni\u00f3 a expertos, directivos y profesionales del \u00e1rea. En el encuentro abordaron el impacto de la inteligencia artificial, la transformaci\u00f3n digital y los nuevos modelos de Leer m\u00e1s\" \/>\n<meta property=\"og:url\" content=\"https:\/\/diarioellabrador.cl\/index.php\/2026\/04\/28\/jornada-sobre-innovacion-en-salud-abordo-desafios-de-la-inteligencia-artificial-y-la-gestion-digital\/\" \/>\n<meta property=\"og:site_name\" content=\"Diario El Labrador\" \/>\n<meta property=\"article:publisher\" content=\"https:\/\/web.facebook.com\/profile.php?id=61576120840621\" \/>\n<meta property=\"article:published_time\" content=\"2026-04-28T22:17:35+00:00\" \/>\n<meta property=\"article:modified_time\" content=\"2026-04-28T22:17:38+00:00\" \/>\n<meta property=\"og:image\" content=\"https:\/\/diarioellabrador.cl\/wp-content\/uploads\/2026\/04\/Jornada-sobre-innovacion-en-salud-abordo-desafios-de-la-inteligencia-artificial-y-la-gestion-digital.jpg\" \/>\n\t<meta property=\"og:image:width\" content=\"1080\" \/>\n\t<meta property=\"og:image:height\" content=\"696\" \/>\n\t<meta property=\"og:image:type\" content=\"image\/jpeg\" \/>\n<meta name=\"author\" content=\"Editor\" \/>\n<meta name=\"twitter:card\" content=\"summary_large_image\" \/>\n<meta name=\"twitter:creator\" content=\"@ElLabradorOf\" \/>\n<meta name=\"twitter:site\" content=\"@ElLabradorOf\" \/>\n<meta name=\"twitter:label1\" content=\"Escrito por\" \/>\n\t<meta name=\"twitter:data1\" content=\"Editor\" \/>\n\t<meta name=\"twitter:label2\" content=\"Tiempo de lectura\" \/>\n\t<meta name=\"twitter:data2\" content=\"2 minutos\" \/>\n<script type=\"application\/ld+json\" class=\"yoast-schema-graph\">{\"@context\":\"https:\\\/\\\/schema.org\",\"@graph\":[{\"@type\":\"Article\",\"@id\":\"https:\\\/\\\/diarioellabrador.cl\\\/index.php\\\/2026\\\/04\\\/28\\\/jornada-sobre-innovacion-en-salud-abordo-desafios-de-la-inteligencia-artificial-y-la-gestion-digital\\\/#article\",\"isPartOf\":{\"@id\":\"https:\\\/\\\/diarioellabrador.cl\\\/index.php\\\/2026\\\/04\\\/28\\\/jornada-sobre-innovacion-en-salud-abordo-desafios-de-la-inteligencia-artificial-y-la-gestion-digital\\\/\"},\"author\":{\"name\":\"Editor\",\"@id\":\"https:\\\/\\\/diarioellabrador.cl\\\/#\\\/schema\\\/person\\\/bc25ff80b4563f9c7f4bd7855df01685\"},\"headline\":\"Jornada sobre innovaci\u00f3n en salud abord\u00f3 desaf\u00edos de la inteligencia artificial y la gesti\u00f3n digital\",\"datePublished\":\"2026-04-28T22:17:35+00:00\",\"dateModified\":\"2026-04-28T22:17:38+00:00\",\"mainEntityOfPage\":{\"@id\":\"https:\\\/\\\/diarioellabrador.cl\\\/index.php\\\/2026\\\/04\\\/28\\\/jornada-sobre-innovacion-en-salud-abordo-desafios-de-la-inteligencia-artificial-y-la-gestion-digital\\\/\"},\"wordCount\":225,\"commentCount\":0,\"publisher\":{\"@id\":\"https:\\\/\\\/diarioellabrador.cl\\\/#organization\"},\"image\":{\"@id\":\"https:\\\/\\\/diarioellabrador.cl\\\/index.php\\\/2026\\\/04\\\/28\\\/jornada-sobre-innovacion-en-salud-abordo-desafios-de-la-inteligencia-artificial-y-la-gestion-digital\\\/#primaryimage\"},\"thumbnailUrl\":\"https:\\\/\\\/diarioellabrador.cl\\\/wp-content\\\/uploads\\\/2026\\\/04\\\/Jornada-sobre-innovacion-en-salud-abordo-desafios-de-la-inteligencia-artificial-y-la-gestion-digital.jpg\",\"articleSection\":[\"Cr\u00f3nica\"],\"inLanguage\":\"es\",\"potentialAction\":[{\"@type\":\"CommentAction\",\"name\":\"Comment\",\"target\":[\"https:\\\/\\\/diarioellabrador.cl\\\/index.php\\\/2026\\\/04\\\/28\\\/jornada-sobre-innovacion-en-salud-abordo-desafios-de-la-inteligencia-artificial-y-la-gestion-digital\\\/#respond\"]}]},{\"@type\":\"WebPage\",\"@id\":\"https:\\\/\\\/diarioellabrador.cl\\\/index.php\\\/2026\\\/04\\\/28\\\/jornada-sobre-innovacion-en-salud-abordo-desafios-de-la-inteligencia-artificial-y-la-gestion-digital\\\/\",\"url\":\"https:\\\/\\\/diarioellabrador.cl\\\/index.php\\\/2026\\\/04\\\/28\\\/jornada-sobre-innovacion-en-salud-abordo-desafios-de-la-inteligencia-artificial-y-la-gestion-digital\\\/\",\"name\":\"Jornada sobre innovaci\u00f3n en salud abord\u00f3 desaf\u00edos de la inteligencia artificial y la gesti\u00f3n digital - Diario El Labrador\",\"isPartOf\":{\"@id\":\"https:\\\/\\\/diarioellabrador.cl\\\/#website\"},\"primaryImageOfPage\":{\"@id\":\"https:\\\/\\\/diarioellabrador.cl\\\/index.php\\\/2026\\\/04\\\/28\\\/jornada-sobre-innovacion-en-salud-abordo-desafios-de-la-inteligencia-artificial-y-la-gestion-digital\\\/#primaryimage\"},\"image\":{\"@id\":\"https:\\\/\\\/diarioellabrador.cl\\\/index.php\\\/2026\\\/04\\\/28\\\/jornada-sobre-innovacion-en-salud-abordo-desafios-de-la-inteligencia-artificial-y-la-gestion-digital\\\/#primaryimage\"},\"thumbnailUrl\":\"https:\\\/\\\/diarioellabrador.cl\\\/wp-content\\\/uploads\\\/2026\\\/04\\\/Jornada-sobre-innovacion-en-salud-abordo-desafios-de-la-inteligencia-artificial-y-la-gestion-digital.jpg\",\"datePublished\":\"2026-04-28T22:17:35+00:00\",\"dateModified\":\"2026-04-28T22:17:38+00:00\",\"breadcrumb\":{\"@id\":\"https:\\\/\\\/diarioellabrador.cl\\\/index.php\\\/2026\\\/04\\\/28\\\/jornada-sobre-innovacion-en-salud-abordo-desafios-de-la-inteligencia-artificial-y-la-gestion-digital\\\/#breadcrumb\"},\"inLanguage\":\"es\",\"potentialAction\":[{\"@type\":\"ReadAction\",\"target\":[\"https:\\\/\\\/diarioellabrador.cl\\\/index.php\\\/2026\\\/04\\\/28\\\/jornada-sobre-innovacion-en-salud-abordo-desafios-de-la-inteligencia-artificial-y-la-gestion-digital\\\/\"]}]},{\"@type\":\"ImageObject\",\"inLanguage\":\"es\",\"@id\":\"https:\\\/\\\/diarioellabrador.cl\\\/index.php\\\/2026\\\/04\\\/28\\\/jornada-sobre-innovacion-en-salud-abordo-desafios-de-la-inteligencia-artificial-y-la-gestion-digital\\\/#primaryimage\",\"url\":\"https:\\\/\\\/diarioellabrador.cl\\\/wp-content\\\/uploads\\\/2026\\\/04\\\/Jornada-sobre-innovacion-en-salud-abordo-desafios-de-la-inteligencia-artificial-y-la-gestion-digital.jpg\",\"contentUrl\":\"https:\\\/\\\/diarioellabrador.cl\\\/wp-content\\\/uploads\\\/2026\\\/04\\\/Jornada-sobre-innovacion-en-salud-abordo-desafios-de-la-inteligencia-artificial-y-la-gestion-digital.jpg\",\"width\":1080,\"height\":696},{\"@type\":\"BreadcrumbList\",\"@id\":\"https:\\\/\\\/diarioellabrador.cl\\\/index.php\\\/2026\\\/04\\\/28\\\/jornada-sobre-innovacion-en-salud-abordo-desafios-de-la-inteligencia-artificial-y-la-gestion-digital\\\/#breadcrumb\",\"itemListElement\":[{\"@type\":\"ListItem\",\"position\":1,\"name\":\"Portada\",\"item\":\"https:\\\/\\\/diarioellabrador.cl\\\/\"},{\"@type\":\"ListItem\",\"position\":2,\"name\":\"Jornada sobre innovaci\u00f3n en salud abord\u00f3 desaf\u00edos de la inteligencia artificial y la gesti\u00f3n digital\"}]},{\"@type\":\"WebSite\",\"@id\":\"https:\\\/\\\/diarioellabrador.cl\\\/#website\",\"url\":\"https:\\\/\\\/diarioellabrador.cl\\\/\",\"name\":\"Diario El Labrador\",\"description\":\"Haciendo noticia desde 1921\",\"publisher\":{\"@id\":\"https:\\\/\\\/diarioellabrador.cl\\\/#organization\"},\"potentialAction\":[{\"@type\":\"SearchAction\",\"target\":{\"@type\":\"EntryPoint\",\"urlTemplate\":\"https:\\\/\\\/diarioellabrador.cl\\\/?s={search_term_string}\"},\"query-input\":{\"@type\":\"PropertyValueSpecification\",\"valueRequired\":true,\"valueName\":\"search_term_string\"}}],\"inLanguage\":\"es\"},{\"@type\":\"Organization\",\"@id\":\"https:\\\/\\\/diarioellabrador.cl\\\/#organization\",\"name\":\"Diario El Labrador\",\"url\":\"https:\\\/\\\/diarioellabrador.cl\\\/\",\"logo\":{\"@type\":\"ImageObject\",\"inLanguage\":\"es\",\"@id\":\"https:\\\/\\\/diarioellabrador.cl\\\/#\\\/schema\\\/logo\\\/image\\\/\",\"url\":\"https:\\\/\\\/diarioellabrador.cl\\\/wp-content\\\/uploads\\\/2025\\\/02\\\/cropped-Logo-Icono.png\",\"contentUrl\":\"https:\\\/\\\/diarioellabrador.cl\\\/wp-content\\\/uploads\\\/2025\\\/02\\\/cropped-Logo-Icono.png\",\"width\":512,\"height\":512,\"caption\":\"Diario El Labrador\"},\"image\":{\"@id\":\"https:\\\/\\\/diarioellabrador.cl\\\/#\\\/schema\\\/logo\\\/image\\\/\"},\"sameAs\":[\"https:\\\/\\\/web.facebook.com\\\/profile.php?id=61576120840621\",\"https:\\\/\\\/x.com\\\/ElLabradorOf\",\"https:\\\/\\\/www.instagram.com\\\/diarioellabradoroficial\\\/\"]},{\"@type\":\"Person\",\"@id\":\"https:\\\/\\\/diarioellabrador.cl\\\/#\\\/schema\\\/person\\\/bc25ff80b4563f9c7f4bd7855df01685\",\"name\":\"Editor\",\"image\":{\"@type\":\"ImageObject\",\"inLanguage\":\"es\",\"@id\":\"https:\\\/\\\/secure.gravatar.com\\\/avatar\\\/109c326cf2be5c04f048c2c2a2b8b6ef44bf3d8d1d3d4c55d0ac40c4bc994684?s=96&d=mm&r=g\",\"url\":\"https:\\\/\\\/secure.gravatar.com\\\/avatar\\\/109c326cf2be5c04f048c2c2a2b8b6ef44bf3d8d1d3d4c55d0ac40c4bc994684?s=96&d=mm&r=g\",\"contentUrl\":\"https:\\\/\\\/secure.gravatar.com\\\/avatar\\\/109c326cf2be5c04f048c2c2a2b8b6ef44bf3d8d1d3d4c55d0ac40c4bc994684?s=96&d=mm&r=g\",\"caption\":\"Editor\"},\"url\":\"https:\\\/\\\/diarioellabrador.cl\\\/index.php\\\/author\\\/editor\\\/\"}]}<\/script>\n<!-- \/ Yoast SEO plugin. -->","yoast_head_json":{"title":"Jornada sobre innovaci\u00f3n en salud abord\u00f3 desaf\u00edos de la inteligencia artificial y la gesti\u00f3n digital - Diario El Labrador","robots":{"index":"index","follow":"follow","max-snippet":"max-snippet:-1","max-image-preview":"max-image-preview:large","max-video-preview":"max-video-preview:-1"},"canonical":"https:\/\/diarioellabrador.cl\/index.php\/2026\/04\/28\/jornada-sobre-innovacion-en-salud-abordo-desafios-de-la-inteligencia-artificial-y-la-gestion-digital\/","og_locale":"es_ES","og_type":"article","og_title":"Jornada sobre innovaci\u00f3n en salud abord\u00f3 desaf\u00edos de la inteligencia artificial y la gesti\u00f3n digital - Diario El Labrador","og_description":"Con el objetivo de analizar los avances y desaf\u00edos en el sistema sanitario, fue realizada una jornada de Innovaci\u00f3n y Tecnolog\u00edas en Gesti\u00f3n en Sistemas de Salud, instancia que reuni\u00f3 a expertos, directivos y profesionales del \u00e1rea. En el encuentro abordaron el impacto de la inteligencia artificial, la transformaci\u00f3n digital y los nuevos modelos de Leer m\u00e1s","og_url":"https:\/\/diarioellabrador.cl\/index.php\/2026\/04\/28\/jornada-sobre-innovacion-en-salud-abordo-desafios-de-la-inteligencia-artificial-y-la-gestion-digital\/","og_site_name":"Diario El Labrador","article_publisher":"https:\/\/web.facebook.com\/profile.php?id=61576120840621","article_published_time":"2026-04-28T22:17:35+00:00","article_modified_time":"2026-04-28T22:17:38+00:00","og_image":[{"width":1080,"height":696,"url":"https:\/\/diarioellabrador.cl\/wp-content\/uploads\/2026\/04\/Jornada-sobre-innovacion-en-salud-abordo-desafios-de-la-inteligencia-artificial-y-la-gestion-digital.jpg","type":"image\/jpeg"}],"author":"Editor","twitter_card":"summary_large_image","twitter_creator":"@ElLabradorOf","twitter_site":"@ElLabradorOf","twitter_misc":{"Escrito por":"Editor","Tiempo de lectura":"2 minutos"},"schema":{"@context":"https:\/\/schema.org","@graph":[{"@type":"Article","@id":"https:\/\/diarioellabrador.cl\/index.php\/2026\/04\/28\/jornada-sobre-innovacion-en-salud-abordo-desafios-de-la-inteligencia-artificial-y-la-gestion-digital\/#article","isPartOf":{"@id":"https:\/\/diarioellabrador.cl\/index.php\/2026\/04\/28\/jornada-sobre-innovacion-en-salud-abordo-desafios-de-la-inteligencia-artificial-y-la-gestion-digital\/"},"author":{"name":"Editor","@id":"https:\/\/diarioellabrador.cl\/#\/schema\/person\/bc25ff80b4563f9c7f4bd7855df01685"},"headline":"Jornada sobre innovaci\u00f3n en salud abord\u00f3 desaf\u00edos de la inteligencia artificial y la gesti\u00f3n digital","datePublished":"2026-04-28T22:17:35+00:00","dateModified":"2026-04-28T22:17:38+00:00","mainEntityOfPage":{"@id":"https:\/\/diarioellabrador.cl\/index.php\/2026\/04\/28\/jornada-sobre-innovacion-en-salud-abordo-desafios-de-la-inteligencia-artificial-y-la-gestion-digital\/"},"wordCount":225,"commentCount":0,"publisher":{"@id":"https:\/\/diarioellabrador.cl\/#organization"},"image":{"@id":"https:\/\/diarioellabrador.cl\/index.php\/2026\/04\/28\/jornada-sobre-innovacion-en-salud-abordo-desafios-de-la-inteligencia-artificial-y-la-gestion-digital\/#primaryimage"},"thumbnailUrl":"https:\/\/diarioellabrador.cl\/wp-content\/uploads\/2026\/04\/Jornada-sobre-innovacion-en-salud-abordo-desafios-de-la-inteligencia-artificial-y-la-gestion-digital.jpg","articleSection":["Cr\u00f3nica"],"inLanguage":"es","potentialAction":[{"@type":"CommentAction","name":"Comment","target":["https:\/\/diarioellabrador.cl\/index.php\/2026\/04\/28\/jornada-sobre-innovacion-en-salud-abordo-desafios-de-la-inteligencia-artificial-y-la-gestion-digital\/#respond"]}]},{"@type":"WebPage","@id":"https:\/\/diarioellabrador.cl\/index.php\/2026\/04\/28\/jornada-sobre-innovacion-en-salud-abordo-desafios-de-la-inteligencia-artificial-y-la-gestion-digital\/","url":"https:\/\/diarioellabrador.cl\/index.php\/2026\/04\/28\/jornada-sobre-innovacion-en-salud-abordo-desafios-de-la-inteligencia-artificial-y-la-gestion-digital\/","name":"Jornada sobre innovaci\u00f3n en salud abord\u00f3 desaf\u00edos de la inteligencia artificial y la gesti\u00f3n digital - Diario El Labrador","isPartOf":{"@id":"https:\/\/diarioellabrador.cl\/#website"},"primaryImageOfPage":{"@id":"https:\/\/diarioellabrador.cl\/index.php\/2026\/04\/28\/jornada-sobre-innovacion-en-salud-abordo-desafios-de-la-inteligencia-artificial-y-la-gestion-digital\/#primaryimage"},"image":{"@id":"https:\/\/diarioellabrador.cl\/index.php\/2026\/04\/28\/jornada-sobre-innovacion-en-salud-abordo-desafios-de-la-inteligencia-artificial-y-la-gestion-digital\/#primaryimage"},"thumbnailUrl":"https:\/\/diarioellabrador.cl\/wp-content\/uploads\/2026\/04\/Jornada-sobre-innovacion-en-salud-abordo-desafios-de-la-inteligencia-artificial-y-la-gestion-digital.jpg","datePublished":"2026-04-28T22:17:35+00:00","dateModified":"2026-04-28T22:17:38+00:00","breadcrumb":{"@id":"https:\/\/diarioellabrador.cl\/index.php\/2026\/04\/28\/jornada-sobre-innovacion-en-salud-abordo-desafios-de-la-inteligencia-artificial-y-la-gestion-digital\/#breadcrumb"},"inLanguage":"es","potentialAction":[{"@type":"ReadAction","target":["https:\/\/diarioellabrador.cl\/index.php\/2026\/04\/28\/jornada-sobre-innovacion-en-salud-abordo-desafios-de-la-inteligencia-artificial-y-la-gestion-digital\/"]}]},{"@type":"ImageObject","inLanguage":"es","@id":"https:\/\/diarioellabrador.cl\/index.php\/2026\/04\/28\/jornada-sobre-innovacion-en-salud-abordo-desafios-de-la-inteligencia-artificial-y-la-gestion-digital\/#primaryimage","url":"https:\/\/diarioellabrador.cl\/wp-content\/uploads\/2026\/04\/Jornada-sobre-innovacion-en-salud-abordo-desafios-de-la-inteligencia-artificial-y-la-gestion-digital.jpg","contentUrl":"https:\/\/diarioellabrador.cl\/wp-content\/uploads\/2026\/04\/Jornada-sobre-innovacion-en-salud-abordo-desafios-de-la-inteligencia-artificial-y-la-gestion-digital.jpg","width":1080,"height":696},{"@type":"BreadcrumbList","@id":"https:\/\/diarioellabrador.cl\/index.php\/2026\/04\/28\/jornada-sobre-innovacion-en-salud-abordo-desafios-de-la-inteligencia-artificial-y-la-gestion-digital\/#breadcrumb","itemListElement":[{"@type":"ListItem","position":1,"name":"Portada","item":"https:\/\/diarioellabrador.cl\/"},{"@type":"ListItem","position":2,"name":"Jornada sobre innovaci\u00f3n en salud abord\u00f3 desaf\u00edos de la inteligencia artificial y la gesti\u00f3n digital"}]},{"@type":"WebSite","@id":"https:\/\/diarioellabrador.cl\/#website","url":"https:\/\/diarioellabrador.cl\/","name":"Diario El Labrador","description":"Haciendo noticia desde 1921","publisher":{"@id":"https:\/\/diarioellabrador.cl\/#organization"},"potentialAction":[{"@type":"SearchAction","target":{"@type":"EntryPoint","urlTemplate":"https:\/\/diarioellabrador.cl\/?s={search_term_string}"},"query-input":{"@type":"PropertyValueSpecification","valueRequired":true,"valueName":"search_term_string"}}],"inLanguage":"es"},{"@type":"Organization","@id":"https:\/\/diarioellabrador.cl\/#organization","name":"Diario El Labrador","url":"https:\/\/diarioellabrador.cl\/","logo":{"@type":"ImageObject","inLanguage":"es","@id":"https:\/\/diarioellabrador.cl\/#\/schema\/logo\/image\/","url":"https:\/\/diarioellabrador.cl\/wp-content\/uploads\/2025\/02\/cropped-Logo-Icono.png","contentUrl":"https:\/\/diarioellabrador.cl\/wp-content\/uploads\/2025\/02\/cropped-Logo-Icono.png","width":512,"height":512,"caption":"Diario El Labrador"},"image":{"@id":"https:\/\/diarioellabrador.cl\/#\/schema\/logo\/image\/"},"sameAs":["https:\/\/web.facebook.com\/profile.php?id=61576120840621","https:\/\/x.com\/ElLabradorOf","https:\/\/www.instagram.com\/diarioellabradoroficial\/"]},{"@type":"Person","@id":"https:\/\/diarioellabrador.cl\/#\/schema\/person\/bc25ff80b4563f9c7f4bd7855df01685","name":"Editor","image":{"@type":"ImageObject","inLanguage":"es","@id":"https:\/\/secure.gravatar.com\/avatar\/109c326cf2be5c04f048c2c2a2b8b6ef44bf3d8d1d3d4c55d0ac40c4bc994684?s=96&d=mm&r=g","url":"https:\/\/secure.gravatar.com\/avatar\/109c326cf2be5c04f048c2c2a2b8b6ef44bf3d8d1d3d4c55d0ac40c4bc994684?s=96&d=mm&r=g","contentUrl":"https:\/\/secure.gravatar.com\/avatar\/109c326cf2be5c04f048c2c2a2b8b6ef44bf3d8d1d3d4c55d0ac40c4bc994684?s=96&d=mm&r=g","caption":"Editor"},"url":"https:\/\/diarioellabrador.cl\/index.php\/author\/editor\/"}]}},"_links":{"self":[{"href":"https:\/\/diarioellabrador.cl\/index.php\/wp-json\/wp\/v2\/posts\/18716","targetHints":{"allow":["GET"]}}],"collection":[{"href":"https:\/\/diarioellabrador.cl\/index.php\/wp-json\/wp\/v2\/posts"}],"about":[{"href":"https:\/\/diarioellabrador.cl\/index.php\/wp-json\/wp\/v2\/types\/post"}],"author":[{"embeddable":true,"href":"https:\/\/diarioellabrador.cl\/index.php\/wp-json\/wp\/v2\/users\/2"}],"replies":[{"embeddable":true,"href":"https:\/\/diarioellabrador.cl\/index.php\/wp-json\/wp\/v2\/comments?post=18716"}],"version-history":[{"count":1,"href":"https:\/\/diarioellabrador.cl\/index.php\/wp-json\/wp\/v2\/posts\/18716\/revisions"}],"predecessor-version":[{"id":18717,"href":"https:\/\/diarioellabrador.cl\/index.php\/wp-json\/wp\/v2\/posts\/18716\/revisions\/18717"}],"wp:featuredmedia":[{"embeddable":true,"href":"https:\/\/diarioellabrador.cl\/index.php\/wp-json\/wp\/v2\/media\/18681"}],"wp:attachment":[{"href":"https:\/\/diarioellabrador.cl\/index.php\/wp-json\/wp\/v2\/media?parent=18716"}],"wp:term":[{"taxonomy":"category","embeddable":true,"href":"https:\/\/diarioellabrador.cl\/index.php\/wp-json\/wp\/v2\/categories?post=18716"},{"taxonomy":"post_tag","embeddable":true,"href":"https:\/\/diarioellabrador.cl\/index.php\/wp-json\/wp\/v2\/tags?post=18716"}],"curies":[{"name":"wp","href":"https:\/\/api.w.org\/{rel}","templated":true}]}}