{"id":18711,"date":"2026-04-28T18:14:34","date_gmt":"2026-04-28T22:14:34","guid":{"rendered":"https:\/\/diarioellabrador.cl\/?p=18711"},"modified":"2026-04-28T18:14:36","modified_gmt":"2026-04-28T22:14:36","slug":"operacion-rey-david-allanamiento-a-casa-de-francisco-kaminski-dejo-como-saldo-su-detencion-por-ley-20-000","status":"publish","type":"post","link":"https:\/\/diarioellabrador.cl\/index.php\/2026\/04\/28\/operacion-rey-david-allanamiento-a-casa-de-francisco-kaminski-dejo-como-saldo-su-detencion-por-ley-20-000\/","title":{"rendered":"\u201cOperaci\u00f3n Rey David\u201d: Allanamiento a casa de Francisco Kaminski dejo como saldo su detenci\u00f3n por Ley 20.000"},"content":{"rendered":"\n<p>Por Johnny Ahumada Sep\u00falveda<\/p>\n\n\n\n<p>En la ma\u00f1ana del martes 28 de abril, el comunicador que ha estado en el ojo del hurac\u00e1n, Francisco Kaminski, tuvo un allanamiento en su domicilio, el cual dej\u00f3 como saldo su detenci\u00f3n provisoria por la Ley 20.000, en una investigaci\u00f3n encabezada por la Fiscal\u00eda Sur y la Brigada Antinarc\u00f3ticos de la polic\u00eda civil.<\/p>\n\n\n\n<p>El procedimiento se dio en medio de una indagatoria por lavado de activos asociado al narcotr\u00e1fico seg\u00fan fuentes policiales. En dicha causa, Kaminski no figuraba como imputado, sino como un sujeto de inter\u00e9s dentro de la detenci\u00f3n, que est\u00e1 a la espera de confirmar o descartar su v\u00ednculo con una organizaci\u00f3n criminal.<\/p>\n\n\n\n<p>Sin embargo, en medio del allanamiento se determin\u00f3 su presunta detenci\u00f3n por la ley 20.000, la ley de consumo o distribuci\u00f3n de drogas.<\/p>\n\n\n\n<p>El allanamiento ocurri\u00f3 en la madrugada de este martes, la PDI allan\u00f3 al menos 26 domicilios en comunas como Las Condes, La Florida, Lo Prado y Puente Alto. A ellas se suman otras comunas de las regiones de Valpara\u00edso y O\u2019Higgins.&nbsp;&nbsp;&nbsp;&nbsp;&nbsp;&nbsp;&nbsp;<\/p>\n\n\n\n<p>Los delitos que derivaron en el allanamiento al comunicador son estafa reiterada y falsificaci\u00f3n de instrumento p\u00fablico, en la indagatoria que surge como arista de otra causa que persigue a narcotraficantes. La organizaci\u00f3n criminal utilizaba empresas de fachada para comercializar autom\u00f3viles.<\/p>\n\n\n\n<p>El operativo tuvo como nombre \u201cOperaci\u00f3n Rey David\u201d, debido a que uno de los l\u00edderes de la organizaci\u00f3n criminal llevar\u00eda ese nombre, y ser\u00eda el due\u00f1o de una comercializadora de autos chocados en la comuna de Puente Alto. Dicho lugar tambi\u00e9n fue allanado.<\/p>\n\n\n\n<p>Recordemos que Francisco Kaminski ten\u00eda denuncias previas por delito de estafa, de comienzo solo era un sujeto de inter\u00e9s dentro de la indagatoria, y se buscaba para esclarecer su v\u00ednculo con la banda. Sin embargo, termino detenido por ley de drogas.<\/p>\n","protected":false},"excerpt":{"rendered":"<p>Por Johnny Ahumada Sep\u00falveda En la ma\u00f1ana del martes 28 de abril, el comunicador que ha estado en el ojo del hurac\u00e1n, Francisco Kaminski, tuvo un allanamiento en su domicilio, el cual dej\u00f3 como saldo su detenci\u00f3n provisoria por la Ley 20.000, en una investigaci\u00f3n encabezada por la Fiscal\u00eda Sur y la Brigada Antinarc\u00f3ticos de<\/p>\n<div class=\"read-more-wrapper\"><a class=\"read-more\" href=\"https:\/\/diarioellabrador.cl\/index.php\/2026\/04\/28\/operacion-rey-david-allanamiento-a-casa-de-francisco-kaminski-dejo-como-saldo-su-detencion-por-ley-20-000\/\" title=\"Leer m\u00e1s\"> <span class=\"button \">Leer m\u00e1s<\/span><\/a><\/div>\n","protected":false},"author":2,"featured_media":18675,"comment_status":"open","ping_status":"open","sticky":false,"template":"","format":"standard","meta":{"footnotes":""},"categories":[1],"tags":[],"class_list":["post-18711","post","type-post","status-publish","format-standard","has-post-thumbnail","hentry","category-cronica"],"yoast_head":"<!-- This site is optimized with the Yoast SEO plugin v27.5 - https:\/\/yoast.com\/product\/yoast-seo-wordpress\/ -->\n<title>\u201cOperaci\u00f3n Rey David\u201d: Allanamiento a casa de Francisco Kaminski dejo como saldo su detenci\u00f3n por Ley 20.000 - Diario El Labrador<\/title>\n<meta name=\"robots\" content=\"index, follow, max-snippet:-1, max-image-preview:large, max-video-preview:-1\" \/>\n<link rel=\"canonical\" href=\"https:\/\/diarioellabrador.cl\/index.php\/2026\/04\/28\/operacion-rey-david-allanamiento-a-casa-de-francisco-kaminski-dejo-como-saldo-su-detencion-por-ley-20-000\/\" \/>\n<meta property=\"og:locale\" content=\"es_ES\" \/>\n<meta property=\"og:type\" content=\"article\" \/>\n<meta property=\"og:title\" content=\"\u201cOperaci\u00f3n Rey David\u201d: Allanamiento a casa de Francisco Kaminski dejo como saldo su detenci\u00f3n por Ley 20.000 - Diario El Labrador\" \/>\n<meta property=\"og:description\" content=\"Por Johnny Ahumada Sep\u00falveda En la ma\u00f1ana del martes 28 de abril, el comunicador que ha estado en el ojo del hurac\u00e1n, Francisco Kaminski, tuvo un allanamiento en su domicilio, el cual dej\u00f3 como saldo su detenci\u00f3n provisoria por la Ley 20.000, en una investigaci\u00f3n encabezada por la Fiscal\u00eda Sur y la Brigada Antinarc\u00f3ticos de Leer m\u00e1s\" \/>\n<meta property=\"og:url\" content=\"https:\/\/diarioellabrador.cl\/index.php\/2026\/04\/28\/operacion-rey-david-allanamiento-a-casa-de-francisco-kaminski-dejo-como-saldo-su-detencion-por-ley-20-000\/\" \/>\n<meta property=\"og:site_name\" content=\"Diario El Labrador\" \/>\n<meta property=\"article:publisher\" content=\"https:\/\/web.facebook.com\/profile.php?id=61576120840621\" \/>\n<meta property=\"article:published_time\" content=\"2026-04-28T22:14:34+00:00\" \/>\n<meta property=\"article:modified_time\" content=\"2026-04-28T22:14:36+00:00\" \/>\n<meta property=\"og:image\" content=\"https:\/\/diarioellabrador.cl\/wp-content\/uploads\/2026\/04\/Operacion-Rey-David.jpg\" \/>\n\t<meta property=\"og:image:width\" content=\"1600\" \/>\n\t<meta property=\"og:image:height\" content=\"900\" \/>\n\t<meta property=\"og:image:type\" content=\"image\/jpeg\" \/>\n<meta name=\"author\" content=\"Editor\" \/>\n<meta name=\"twitter:card\" content=\"summary_large_image\" \/>\n<meta name=\"twitter:creator\" content=\"@ElLabradorOf\" \/>\n<meta name=\"twitter:site\" content=\"@ElLabradorOf\" \/>\n<meta name=\"twitter:label1\" content=\"Escrito por\" \/>\n\t<meta name=\"twitter:data1\" content=\"Editor\" \/>\n\t<meta name=\"twitter:label2\" content=\"Tiempo de lectura\" \/>\n\t<meta name=\"twitter:data2\" content=\"2 minutos\" \/>\n<script type=\"application\/ld+json\" class=\"yoast-schema-graph\">{\"@context\":\"https:\\\/\\\/schema.org\",\"@graph\":[{\"@type\":\"Article\",\"@id\":\"https:\\\/\\\/diarioellabrador.cl\\\/index.php\\\/2026\\\/04\\\/28\\\/operacion-rey-david-allanamiento-a-casa-de-francisco-kaminski-dejo-como-saldo-su-detencion-por-ley-20-000\\\/#article\",\"isPartOf\":{\"@id\":\"https:\\\/\\\/diarioellabrador.cl\\\/index.php\\\/2026\\\/04\\\/28\\\/operacion-rey-david-allanamiento-a-casa-de-francisco-kaminski-dejo-como-saldo-su-detencion-por-ley-20-000\\\/\"},\"author\":{\"name\":\"Editor\",\"@id\":\"https:\\\/\\\/diarioellabrador.cl\\\/#\\\/schema\\\/person\\\/bc25ff80b4563f9c7f4bd7855df01685\"},\"headline\":\"\u201cOperaci\u00f3n Rey David\u201d: Allanamiento a casa de Francisco Kaminski dejo como saldo su detenci\u00f3n por Ley 20.000\",\"datePublished\":\"2026-04-28T22:14:34+00:00\",\"dateModified\":\"2026-04-28T22:14:36+00:00\",\"mainEntityOfPage\":{\"@id\":\"https:\\\/\\\/diarioellabrador.cl\\\/index.php\\\/2026\\\/04\\\/28\\\/operacion-rey-david-allanamiento-a-casa-de-francisco-kaminski-dejo-como-saldo-su-detencion-por-ley-20-000\\\/\"},\"wordCount\":352,\"commentCount\":0,\"publisher\":{\"@id\":\"https:\\\/\\\/diarioellabrador.cl\\\/#organization\"},\"image\":{\"@id\":\"https:\\\/\\\/diarioellabrador.cl\\\/index.php\\\/2026\\\/04\\\/28\\\/operacion-rey-david-allanamiento-a-casa-de-francisco-kaminski-dejo-como-saldo-su-detencion-por-ley-20-000\\\/#primaryimage\"},\"thumbnailUrl\":\"https:\\\/\\\/diarioellabrador.cl\\\/wp-content\\\/uploads\\\/2026\\\/04\\\/Operacion-Rey-David.jpg\",\"articleSection\":[\"Cr\u00f3nica\"],\"inLanguage\":\"es\",\"potentialAction\":[{\"@type\":\"CommentAction\",\"name\":\"Comment\",\"target\":[\"https:\\\/\\\/diarioellabrador.cl\\\/index.php\\\/2026\\\/04\\\/28\\\/operacion-rey-david-allanamiento-a-casa-de-francisco-kaminski-dejo-como-saldo-su-detencion-por-ley-20-000\\\/#respond\"]}]},{\"@type\":\"WebPage\",\"@id\":\"https:\\\/\\\/diarioellabrador.cl\\\/index.php\\\/2026\\\/04\\\/28\\\/operacion-rey-david-allanamiento-a-casa-de-francisco-kaminski-dejo-como-saldo-su-detencion-por-ley-20-000\\\/\",\"url\":\"https:\\\/\\\/diarioellabrador.cl\\\/index.php\\\/2026\\\/04\\\/28\\\/operacion-rey-david-allanamiento-a-casa-de-francisco-kaminski-dejo-como-saldo-su-detencion-por-ley-20-000\\\/\",\"name\":\"\u201cOperaci\u00f3n Rey David\u201d: Allanamiento a casa de Francisco Kaminski dejo como saldo su detenci\u00f3n por Ley 20.000 - Diario El Labrador\",\"isPartOf\":{\"@id\":\"https:\\\/\\\/diarioellabrador.cl\\\/#website\"},\"primaryImageOfPage\":{\"@id\":\"https:\\\/\\\/diarioellabrador.cl\\\/index.php\\\/2026\\\/04\\\/28\\\/operacion-rey-david-allanamiento-a-casa-de-francisco-kaminski-dejo-como-saldo-su-detencion-por-ley-20-000\\\/#primaryimage\"},\"image\":{\"@id\":\"https:\\\/\\\/diarioellabrador.cl\\\/index.php\\\/2026\\\/04\\\/28\\\/operacion-rey-david-allanamiento-a-casa-de-francisco-kaminski-dejo-como-saldo-su-detencion-por-ley-20-000\\\/#primaryimage\"},\"thumbnailUrl\":\"https:\\\/\\\/diarioellabrador.cl\\\/wp-content\\\/uploads\\\/2026\\\/04\\\/Operacion-Rey-David.jpg\",\"datePublished\":\"2026-04-28T22:14:34+00:00\",\"dateModified\":\"2026-04-28T22:14:36+00:00\",\"breadcrumb\":{\"@id\":\"https:\\\/\\\/diarioellabrador.cl\\\/index.php\\\/2026\\\/04\\\/28\\\/operacion-rey-david-allanamiento-a-casa-de-francisco-kaminski-dejo-como-saldo-su-detencion-por-ley-20-000\\\/#breadcrumb\"},\"inLanguage\":\"es\",\"potentialAction\":[{\"@type\":\"ReadAction\",\"target\":[\"https:\\\/\\\/diarioellabrador.cl\\\/index.php\\\/2026\\\/04\\\/28\\\/operacion-rey-david-allanamiento-a-casa-de-francisco-kaminski-dejo-como-saldo-su-detencion-por-ley-20-000\\\/\"]}]},{\"@type\":\"ImageObject\",\"inLanguage\":\"es\",\"@id\":\"https:\\\/\\\/diarioellabrador.cl\\\/index.php\\\/2026\\\/04\\\/28\\\/operacion-rey-david-allanamiento-a-casa-de-francisco-kaminski-dejo-como-saldo-su-detencion-por-ley-20-000\\\/#primaryimage\",\"url\":\"https:\\\/\\\/diarioellabrador.cl\\\/wp-content\\\/uploads\\\/2026\\\/04\\\/Operacion-Rey-David.jpg\",\"contentUrl\":\"https:\\\/\\\/diarioellabrador.cl\\\/wp-content\\\/uploads\\\/2026\\\/04\\\/Operacion-Rey-David.jpg\",\"width\":1600,\"height\":900},{\"@type\":\"BreadcrumbList\",\"@id\":\"https:\\\/\\\/diarioellabrador.cl\\\/index.php\\\/2026\\\/04\\\/28\\\/operacion-rey-david-allanamiento-a-casa-de-francisco-kaminski-dejo-como-saldo-su-detencion-por-ley-20-000\\\/#breadcrumb\",\"itemListElement\":[{\"@type\":\"ListItem\",\"position\":1,\"name\":\"Portada\",\"item\":\"https:\\\/\\\/diarioellabrador.cl\\\/\"},{\"@type\":\"ListItem\",\"position\":2,\"name\":\"\u201cOperaci\u00f3n Rey David\u201d: Allanamiento a casa de Francisco Kaminski dejo como saldo su detenci\u00f3n por Ley 20.000\"}]},{\"@type\":\"WebSite\",\"@id\":\"https:\\\/\\\/diarioellabrador.cl\\\/#website\",\"url\":\"https:\\\/\\\/diarioellabrador.cl\\\/\",\"name\":\"Diario El Labrador\",\"description\":\"Haciendo noticia desde 1921\",\"publisher\":{\"@id\":\"https:\\\/\\\/diarioellabrador.cl\\\/#organization\"},\"potentialAction\":[{\"@type\":\"SearchAction\",\"target\":{\"@type\":\"EntryPoint\",\"urlTemplate\":\"https:\\\/\\\/diarioellabrador.cl\\\/?s={search_term_string}\"},\"query-input\":{\"@type\":\"PropertyValueSpecification\",\"valueRequired\":true,\"valueName\":\"search_term_string\"}}],\"inLanguage\":\"es\"},{\"@type\":\"Organization\",\"@id\":\"https:\\\/\\\/diarioellabrador.cl\\\/#organization\",\"name\":\"Diario El Labrador\",\"url\":\"https:\\\/\\\/diarioellabrador.cl\\\/\",\"logo\":{\"@type\":\"ImageObject\",\"inLanguage\":\"es\",\"@id\":\"https:\\\/\\\/diarioellabrador.cl\\\/#\\\/schema\\\/logo\\\/image\\\/\",\"url\":\"https:\\\/\\\/diarioellabrador.cl\\\/wp-content\\\/uploads\\\/2025\\\/02\\\/cropped-Logo-Icono.png\",\"contentUrl\":\"https:\\\/\\\/diarioellabrador.cl\\\/wp-content\\\/uploads\\\/2025\\\/02\\\/cropped-Logo-Icono.png\",\"width\":512,\"height\":512,\"caption\":\"Diario El Labrador\"},\"image\":{\"@id\":\"https:\\\/\\\/diarioellabrador.cl\\\/#\\\/schema\\\/logo\\\/image\\\/\"},\"sameAs\":[\"https:\\\/\\\/web.facebook.com\\\/profile.php?id=61576120840621\",\"https:\\\/\\\/x.com\\\/ElLabradorOf\",\"https:\\\/\\\/www.instagram.com\\\/diarioellabradoroficial\\\/\"]},{\"@type\":\"Person\",\"@id\":\"https:\\\/\\\/diarioellabrador.cl\\\/#\\\/schema\\\/person\\\/bc25ff80b4563f9c7f4bd7855df01685\",\"name\":\"Editor\",\"image\":{\"@type\":\"ImageObject\",\"inLanguage\":\"es\",\"@id\":\"https:\\\/\\\/secure.gravatar.com\\\/avatar\\\/109c326cf2be5c04f048c2c2a2b8b6ef44bf3d8d1d3d4c55d0ac40c4bc994684?s=96&d=mm&r=g\",\"url\":\"https:\\\/\\\/secure.gravatar.com\\\/avatar\\\/109c326cf2be5c04f048c2c2a2b8b6ef44bf3d8d1d3d4c55d0ac40c4bc994684?s=96&d=mm&r=g\",\"contentUrl\":\"https:\\\/\\\/secure.gravatar.com\\\/avatar\\\/109c326cf2be5c04f048c2c2a2b8b6ef44bf3d8d1d3d4c55d0ac40c4bc994684?s=96&d=mm&r=g\",\"caption\":\"Editor\"},\"url\":\"https:\\\/\\\/diarioellabrador.cl\\\/index.php\\\/author\\\/editor\\\/\"}]}<\/script>\n<!-- \/ Yoast SEO plugin. -->","yoast_head_json":{"title":"\u201cOperaci\u00f3n Rey David\u201d: Allanamiento a casa de Francisco Kaminski dejo como saldo su detenci\u00f3n por Ley 20.000 - Diario El Labrador","robots":{"index":"index","follow":"follow","max-snippet":"max-snippet:-1","max-image-preview":"max-image-preview:large","max-video-preview":"max-video-preview:-1"},"canonical":"https:\/\/diarioellabrador.cl\/index.php\/2026\/04\/28\/operacion-rey-david-allanamiento-a-casa-de-francisco-kaminski-dejo-como-saldo-su-detencion-por-ley-20-000\/","og_locale":"es_ES","og_type":"article","og_title":"\u201cOperaci\u00f3n Rey David\u201d: Allanamiento a casa de Francisco Kaminski dejo como saldo su detenci\u00f3n por Ley 20.000 - Diario El Labrador","og_description":"Por Johnny Ahumada Sep\u00falveda En la ma\u00f1ana del martes 28 de abril, el comunicador que ha estado en el ojo del hurac\u00e1n, Francisco Kaminski, tuvo un allanamiento en su domicilio, el cual dej\u00f3 como saldo su detenci\u00f3n provisoria por la Ley 20.000, en una investigaci\u00f3n encabezada por la Fiscal\u00eda Sur y la Brigada Antinarc\u00f3ticos de Leer m\u00e1s","og_url":"https:\/\/diarioellabrador.cl\/index.php\/2026\/04\/28\/operacion-rey-david-allanamiento-a-casa-de-francisco-kaminski-dejo-como-saldo-su-detencion-por-ley-20-000\/","og_site_name":"Diario El Labrador","article_publisher":"https:\/\/web.facebook.com\/profile.php?id=61576120840621","article_published_time":"2026-04-28T22:14:34+00:00","article_modified_time":"2026-04-28T22:14:36+00:00","og_image":[{"width":1600,"height":900,"url":"https:\/\/diarioellabrador.cl\/wp-content\/uploads\/2026\/04\/Operacion-Rey-David.jpg","type":"image\/jpeg"}],"author":"Editor","twitter_card":"summary_large_image","twitter_creator":"@ElLabradorOf","twitter_site":"@ElLabradorOf","twitter_misc":{"Escrito por":"Editor","Tiempo de lectura":"2 minutos"},"schema":{"@context":"https:\/\/schema.org","@graph":[{"@type":"Article","@id":"https:\/\/diarioellabrador.cl\/index.php\/2026\/04\/28\/operacion-rey-david-allanamiento-a-casa-de-francisco-kaminski-dejo-como-saldo-su-detencion-por-ley-20-000\/#article","isPartOf":{"@id":"https:\/\/diarioellabrador.cl\/index.php\/2026\/04\/28\/operacion-rey-david-allanamiento-a-casa-de-francisco-kaminski-dejo-como-saldo-su-detencion-por-ley-20-000\/"},"author":{"name":"Editor","@id":"https:\/\/diarioellabrador.cl\/#\/schema\/person\/bc25ff80b4563f9c7f4bd7855df01685"},"headline":"\u201cOperaci\u00f3n Rey David\u201d: Allanamiento a casa de Francisco Kaminski dejo como saldo su detenci\u00f3n por Ley 20.000","datePublished":"2026-04-28T22:14:34+00:00","dateModified":"2026-04-28T22:14:36+00:00","mainEntityOfPage":{"@id":"https:\/\/diarioellabrador.cl\/index.php\/2026\/04\/28\/operacion-rey-david-allanamiento-a-casa-de-francisco-kaminski-dejo-como-saldo-su-detencion-por-ley-20-000\/"},"wordCount":352,"commentCount":0,"publisher":{"@id":"https:\/\/diarioellabrador.cl\/#organization"},"image":{"@id":"https:\/\/diarioellabrador.cl\/index.php\/2026\/04\/28\/operacion-rey-david-allanamiento-a-casa-de-francisco-kaminski-dejo-como-saldo-su-detencion-por-ley-20-000\/#primaryimage"},"thumbnailUrl":"https:\/\/diarioellabrador.cl\/wp-content\/uploads\/2026\/04\/Operacion-Rey-David.jpg","articleSection":["Cr\u00f3nica"],"inLanguage":"es","potentialAction":[{"@type":"CommentAction","name":"Comment","target":["https:\/\/diarioellabrador.cl\/index.php\/2026\/04\/28\/operacion-rey-david-allanamiento-a-casa-de-francisco-kaminski-dejo-como-saldo-su-detencion-por-ley-20-000\/#respond"]}]},{"@type":"WebPage","@id":"https:\/\/diarioellabrador.cl\/index.php\/2026\/04\/28\/operacion-rey-david-allanamiento-a-casa-de-francisco-kaminski-dejo-como-saldo-su-detencion-por-ley-20-000\/","url":"https:\/\/diarioellabrador.cl\/index.php\/2026\/04\/28\/operacion-rey-david-allanamiento-a-casa-de-francisco-kaminski-dejo-como-saldo-su-detencion-por-ley-20-000\/","name":"\u201cOperaci\u00f3n Rey David\u201d: Allanamiento a casa de Francisco Kaminski dejo como saldo su detenci\u00f3n por Ley 20.000 - Diario El Labrador","isPartOf":{"@id":"https:\/\/diarioellabrador.cl\/#website"},"primaryImageOfPage":{"@id":"https:\/\/diarioellabrador.cl\/index.php\/2026\/04\/28\/operacion-rey-david-allanamiento-a-casa-de-francisco-kaminski-dejo-como-saldo-su-detencion-por-ley-20-000\/#primaryimage"},"image":{"@id":"https:\/\/diarioellabrador.cl\/index.php\/2026\/04\/28\/operacion-rey-david-allanamiento-a-casa-de-francisco-kaminski-dejo-como-saldo-su-detencion-por-ley-20-000\/#primaryimage"},"thumbnailUrl":"https:\/\/diarioellabrador.cl\/wp-content\/uploads\/2026\/04\/Operacion-Rey-David.jpg","datePublished":"2026-04-28T22:14:34+00:00","dateModified":"2026-04-28T22:14:36+00:00","breadcrumb":{"@id":"https:\/\/diarioellabrador.cl\/index.php\/2026\/04\/28\/operacion-rey-david-allanamiento-a-casa-de-francisco-kaminski-dejo-como-saldo-su-detencion-por-ley-20-000\/#breadcrumb"},"inLanguage":"es","potentialAction":[{"@type":"ReadAction","target":["https:\/\/diarioellabrador.cl\/index.php\/2026\/04\/28\/operacion-rey-david-allanamiento-a-casa-de-francisco-kaminski-dejo-como-saldo-su-detencion-por-ley-20-000\/"]}]},{"@type":"ImageObject","inLanguage":"es","@id":"https:\/\/diarioellabrador.cl\/index.php\/2026\/04\/28\/operacion-rey-david-allanamiento-a-casa-de-francisco-kaminski-dejo-como-saldo-su-detencion-por-ley-20-000\/#primaryimage","url":"https:\/\/diarioellabrador.cl\/wp-content\/uploads\/2026\/04\/Operacion-Rey-David.jpg","contentUrl":"https:\/\/diarioellabrador.cl\/wp-content\/uploads\/2026\/04\/Operacion-Rey-David.jpg","width":1600,"height":900},{"@type":"BreadcrumbList","@id":"https:\/\/diarioellabrador.cl\/index.php\/2026\/04\/28\/operacion-rey-david-allanamiento-a-casa-de-francisco-kaminski-dejo-como-saldo-su-detencion-por-ley-20-000\/#breadcrumb","itemListElement":[{"@type":"ListItem","position":1,"name":"Portada","item":"https:\/\/diarioellabrador.cl\/"},{"@type":"ListItem","position":2,"name":"\u201cOperaci\u00f3n Rey David\u201d: Allanamiento a casa de Francisco Kaminski dejo como saldo su detenci\u00f3n por Ley 20.000"}]},{"@type":"WebSite","@id":"https:\/\/diarioellabrador.cl\/#website","url":"https:\/\/diarioellabrador.cl\/","name":"Diario El Labrador","description":"Haciendo noticia desde 1921","publisher":{"@id":"https:\/\/diarioellabrador.cl\/#organization"},"potentialAction":[{"@type":"SearchAction","target":{"@type":"EntryPoint","urlTemplate":"https:\/\/diarioellabrador.cl\/?s={search_term_string}"},"query-input":{"@type":"PropertyValueSpecification","valueRequired":true,"valueName":"search_term_string"}}],"inLanguage":"es"},{"@type":"Organization","@id":"https:\/\/diarioellabrador.cl\/#organization","name":"Diario El Labrador","url":"https:\/\/diarioellabrador.cl\/","logo":{"@type":"ImageObject","inLanguage":"es","@id":"https:\/\/diarioellabrador.cl\/#\/schema\/logo\/image\/","url":"https:\/\/diarioellabrador.cl\/wp-content\/uploads\/2025\/02\/cropped-Logo-Icono.png","contentUrl":"https:\/\/diarioellabrador.cl\/wp-content\/uploads\/2025\/02\/cropped-Logo-Icono.png","width":512,"height":512,"caption":"Diario El Labrador"},"image":{"@id":"https:\/\/diarioellabrador.cl\/#\/schema\/logo\/image\/"},"sameAs":["https:\/\/web.facebook.com\/profile.php?id=61576120840621","https:\/\/x.com\/ElLabradorOf","https:\/\/www.instagram.com\/diarioellabradoroficial\/"]},{"@type":"Person","@id":"https:\/\/diarioellabrador.cl\/#\/schema\/person\/bc25ff80b4563f9c7f4bd7855df01685","name":"Editor","image":{"@type":"ImageObject","inLanguage":"es","@id":"https:\/\/secure.gravatar.com\/avatar\/109c326cf2be5c04f048c2c2a2b8b6ef44bf3d8d1d3d4c55d0ac40c4bc994684?s=96&d=mm&r=g","url":"https:\/\/secure.gravatar.com\/avatar\/109c326cf2be5c04f048c2c2a2b8b6ef44bf3d8d1d3d4c55d0ac40c4bc994684?s=96&d=mm&r=g","contentUrl":"https:\/\/secure.gravatar.com\/avatar\/109c326cf2be5c04f048c2c2a2b8b6ef44bf3d8d1d3d4c55d0ac40c4bc994684?s=96&d=mm&r=g","caption":"Editor"},"url":"https:\/\/diarioellabrador.cl\/index.php\/author\/editor\/"}]}},"_links":{"self":[{"href":"https:\/\/diarioellabrador.cl\/index.php\/wp-json\/wp\/v2\/posts\/18711","targetHints":{"allow":["GET"]}}],"collection":[{"href":"https:\/\/diarioellabrador.cl\/index.php\/wp-json\/wp\/v2\/posts"}],"about":[{"href":"https:\/\/diarioellabrador.cl\/index.php\/wp-json\/wp\/v2\/types\/post"}],"author":[{"embeddable":true,"href":"https:\/\/diarioellabrador.cl\/index.php\/wp-json\/wp\/v2\/users\/2"}],"replies":[{"embeddable":true,"href":"https:\/\/diarioellabrador.cl\/index.php\/wp-json\/wp\/v2\/comments?post=18711"}],"version-history":[{"count":1,"href":"https:\/\/diarioellabrador.cl\/index.php\/wp-json\/wp\/v2\/posts\/18711\/revisions"}],"predecessor-version":[{"id":18712,"href":"https:\/\/diarioellabrador.cl\/index.php\/wp-json\/wp\/v2\/posts\/18711\/revisions\/18712"}],"wp:featuredmedia":[{"embeddable":true,"href":"https:\/\/diarioellabrador.cl\/index.php\/wp-json\/wp\/v2\/media\/18675"}],"wp:attachment":[{"href":"https:\/\/diarioellabrador.cl\/index.php\/wp-json\/wp\/v2\/media?parent=18711"}],"wp:term":[{"taxonomy":"category","embeddable":true,"href":"https:\/\/diarioellabrador.cl\/index.php\/wp-json\/wp\/v2\/categories?post=18711"},{"taxonomy":"post_tag","embeddable":true,"href":"https:\/\/diarioellabrador.cl\/index.php\/wp-json\/wp\/v2\/tags?post=18711"}],"curies":[{"name":"wp","href":"https:\/\/api.w.org\/{rel}","templated":true}]}}