{"id":18709,"date":"2026-04-28T18:13:49","date_gmt":"2026-04-28T22:13:49","guid":{"rendered":"https:\/\/diarioellabrador.cl\/?p=18709"},"modified":"2026-04-28T18:13:50","modified_gmt":"2026-04-28T22:13:50","slug":"incendio-en-minimarket-de-padre-hurtado-dejo-a-sus-duenos-fallecidos","status":"publish","type":"post","link":"https:\/\/diarioellabrador.cl\/index.php\/2026\/04\/28\/incendio-en-minimarket-de-padre-hurtado-dejo-a-sus-duenos-fallecidos\/","title":{"rendered":"Incendio en minimarket de Padre Hurtado dej\u00f3 a sus due\u00f1os fallecidos"},"content":{"rendered":"\n<p>Por Johnny Ahumada Sep\u00falveda<\/p>\n\n\n\n<p>Un incendio se registr\u00f3 en la madrugada del d\u00eda martes 28 de abril, que consumi\u00f3 por completo un emblem\u00e1tico minimarket ubicado en la calle R\u00edo Aconcagua, en la comuna de Padre Hurtado.<\/p>\n\n\n\n<p>Luego de combatir las llamas, voluntarios de Bomberos confirmaron el hallazgo de dos personas fallecidas, que corresponden a los propietarios del recinto.<\/p>\n\n\n\n<p>Las v\u00edctimas del incendio pertenec\u00edan a la familia Moya, un clan familiar que ten\u00eda una gran historia y trayectoria en el sector suroeste de la capital.<\/p>\n\n\n\n<p>El alcalde de la comuna, Felipe Mu\u00f1oz, se\u00f1al\u00f3 \u00abLa familia Moya es una de las m\u00e1s queridas de nuestra comuna. Este fue uno de los primeros locales grandes de Padre Hurtado, funcionaba pr\u00e1cticamente como nuestro supermercado hace mucho tiempo\u00bb.<\/p>\n\n\n\n<p>\u00abEran dos adultos mayores muy cercanos a su comunidad. Duele bastante esta situaci\u00f3n\u00bb, enfatiz\u00f3.<\/p>\n\n\n\n<p>Equipo de Bomberos trabajaron en el sitio del suceso para determinar el origen fuego. Hasta el momento, las causas del siniestro se mantienen bajo investigaci\u00f3n.<\/p>\n\n\n\n<p>\u201cAl controlar el incendio, Bomberos confirma el hallazgo de un cuerpo sin vida al interior de estos locales comerciales\u201d, se\u00f1al\u00f3 el capit\u00e1n Carlos P\u00e9rez, oficial de ronda de la Prefectura Costa de Carabineros.<\/p>\n\n\n\n<p>En esta emergencia resulto una voluntaria de Bomberos lesionada con una contusi\u00f3n de rodilla.<\/p>\n","protected":false},"excerpt":{"rendered":"<p>Por Johnny Ahumada Sep\u00falveda Un incendio se registr\u00f3 en la madrugada del d\u00eda martes 28 de abril, que consumi\u00f3 por completo un emblem\u00e1tico minimarket ubicado en la calle R\u00edo Aconcagua, en la comuna de Padre Hurtado. Luego de combatir las llamas, voluntarios de Bomberos confirmaron el hallazgo de dos personas fallecidas, que corresponden a los<\/p>\n<div class=\"read-more-wrapper\"><a class=\"read-more\" href=\"https:\/\/diarioellabrador.cl\/index.php\/2026\/04\/28\/incendio-en-minimarket-de-padre-hurtado-dejo-a-sus-duenos-fallecidos\/\" title=\"Leer m\u00e1s\"> <span class=\"button \">Leer m\u00e1s<\/span><\/a><\/div>\n","protected":false},"author":2,"featured_media":18674,"comment_status":"open","ping_status":"open","sticky":false,"template":"","format":"standard","meta":{"footnotes":""},"categories":[3],"tags":[],"class_list":["post-18709","post","type-post","status-publish","format-standard","has-post-thumbnail","hentry","category-policial"],"yoast_head":"<!-- This site is optimized with the Yoast SEO plugin v27.5 - https:\/\/yoast.com\/product\/yoast-seo-wordpress\/ -->\n<title>Incendio en minimarket de Padre Hurtado dej\u00f3 a sus due\u00f1os fallecidos - Diario El Labrador<\/title>\n<meta name=\"robots\" content=\"index, follow, max-snippet:-1, max-image-preview:large, max-video-preview:-1\" \/>\n<link rel=\"canonical\" href=\"https:\/\/diarioellabrador.cl\/index.php\/2026\/04\/28\/incendio-en-minimarket-de-padre-hurtado-dejo-a-sus-duenos-fallecidos\/\" \/>\n<meta property=\"og:locale\" content=\"es_ES\" \/>\n<meta property=\"og:type\" content=\"article\" \/>\n<meta property=\"og:title\" content=\"Incendio en minimarket de Padre Hurtado dej\u00f3 a sus due\u00f1os fallecidos - Diario El Labrador\" \/>\n<meta property=\"og:description\" content=\"Por Johnny Ahumada Sep\u00falveda Un incendio se registr\u00f3 en la madrugada del d\u00eda martes 28 de abril, que consumi\u00f3 por completo un emblem\u00e1tico minimarket ubicado en la calle R\u00edo Aconcagua, en la comuna de Padre Hurtado. Luego de combatir las llamas, voluntarios de Bomberos confirmaron el hallazgo de dos personas fallecidas, que corresponden a los Leer m\u00e1s\" \/>\n<meta property=\"og:url\" content=\"https:\/\/diarioellabrador.cl\/index.php\/2026\/04\/28\/incendio-en-minimarket-de-padre-hurtado-dejo-a-sus-duenos-fallecidos\/\" \/>\n<meta property=\"og:site_name\" content=\"Diario El Labrador\" \/>\n<meta property=\"article:publisher\" content=\"https:\/\/web.facebook.com\/profile.php?id=61576120840621\" \/>\n<meta property=\"article:published_time\" content=\"2026-04-28T22:13:49+00:00\" \/>\n<meta property=\"article:modified_time\" content=\"2026-04-28T22:13:50+00:00\" \/>\n<meta property=\"og:image\" content=\"https:\/\/diarioellabrador.cl\/wp-content\/uploads\/2026\/04\/Incendio-en-minimarket-de-Padre-Hurtado-dejo-a-sus-duenos-fallecidos.jpg\" \/>\n\t<meta property=\"og:image:width\" content=\"1600\" \/>\n\t<meta property=\"og:image:height\" content=\"900\" \/>\n\t<meta property=\"og:image:type\" content=\"image\/jpeg\" \/>\n<meta name=\"author\" content=\"Editor\" \/>\n<meta name=\"twitter:card\" content=\"summary_large_image\" \/>\n<meta name=\"twitter:creator\" content=\"@ElLabradorOf\" \/>\n<meta name=\"twitter:site\" content=\"@ElLabradorOf\" \/>\n<meta name=\"twitter:label1\" content=\"Escrito por\" \/>\n\t<meta name=\"twitter:data1\" content=\"Editor\" \/>\n\t<meta name=\"twitter:label2\" content=\"Tiempo de lectura\" \/>\n\t<meta name=\"twitter:data2\" content=\"2 minutos\" \/>\n<script type=\"application\/ld+json\" class=\"yoast-schema-graph\">{\"@context\":\"https:\\\/\\\/schema.org\",\"@graph\":[{\"@type\":\"Article\",\"@id\":\"https:\\\/\\\/diarioellabrador.cl\\\/index.php\\\/2026\\\/04\\\/28\\\/incendio-en-minimarket-de-padre-hurtado-dejo-a-sus-duenos-fallecidos\\\/#article\",\"isPartOf\":{\"@id\":\"https:\\\/\\\/diarioellabrador.cl\\\/index.php\\\/2026\\\/04\\\/28\\\/incendio-en-minimarket-de-padre-hurtado-dejo-a-sus-duenos-fallecidos\\\/\"},\"author\":{\"name\":\"Editor\",\"@id\":\"https:\\\/\\\/diarioellabrador.cl\\\/#\\\/schema\\\/person\\\/bc25ff80b4563f9c7f4bd7855df01685\"},\"headline\":\"Incendio en minimarket de Padre Hurtado dej\u00f3 a sus due\u00f1os fallecidos\",\"datePublished\":\"2026-04-28T22:13:49+00:00\",\"dateModified\":\"2026-04-28T22:13:50+00:00\",\"mainEntityOfPage\":{\"@id\":\"https:\\\/\\\/diarioellabrador.cl\\\/index.php\\\/2026\\\/04\\\/28\\\/incendio-en-minimarket-de-padre-hurtado-dejo-a-sus-duenos-fallecidos\\\/\"},\"wordCount\":237,\"commentCount\":0,\"publisher\":{\"@id\":\"https:\\\/\\\/diarioellabrador.cl\\\/#organization\"},\"image\":{\"@id\":\"https:\\\/\\\/diarioellabrador.cl\\\/index.php\\\/2026\\\/04\\\/28\\\/incendio-en-minimarket-de-padre-hurtado-dejo-a-sus-duenos-fallecidos\\\/#primaryimage\"},\"thumbnailUrl\":\"https:\\\/\\\/diarioellabrador.cl\\\/wp-content\\\/uploads\\\/2026\\\/04\\\/Incendio-en-minimarket-de-Padre-Hurtado-dejo-a-sus-duenos-fallecidos.jpg\",\"articleSection\":[\"Policial\"],\"inLanguage\":\"es\",\"potentialAction\":[{\"@type\":\"CommentAction\",\"name\":\"Comment\",\"target\":[\"https:\\\/\\\/diarioellabrador.cl\\\/index.php\\\/2026\\\/04\\\/28\\\/incendio-en-minimarket-de-padre-hurtado-dejo-a-sus-duenos-fallecidos\\\/#respond\"]}]},{\"@type\":\"WebPage\",\"@id\":\"https:\\\/\\\/diarioellabrador.cl\\\/index.php\\\/2026\\\/04\\\/28\\\/incendio-en-minimarket-de-padre-hurtado-dejo-a-sus-duenos-fallecidos\\\/\",\"url\":\"https:\\\/\\\/diarioellabrador.cl\\\/index.php\\\/2026\\\/04\\\/28\\\/incendio-en-minimarket-de-padre-hurtado-dejo-a-sus-duenos-fallecidos\\\/\",\"name\":\"Incendio en minimarket de Padre Hurtado dej\u00f3 a sus due\u00f1os fallecidos - Diario El Labrador\",\"isPartOf\":{\"@id\":\"https:\\\/\\\/diarioellabrador.cl\\\/#website\"},\"primaryImageOfPage\":{\"@id\":\"https:\\\/\\\/diarioellabrador.cl\\\/index.php\\\/2026\\\/04\\\/28\\\/incendio-en-minimarket-de-padre-hurtado-dejo-a-sus-duenos-fallecidos\\\/#primaryimage\"},\"image\":{\"@id\":\"https:\\\/\\\/diarioellabrador.cl\\\/index.php\\\/2026\\\/04\\\/28\\\/incendio-en-minimarket-de-padre-hurtado-dejo-a-sus-duenos-fallecidos\\\/#primaryimage\"},\"thumbnailUrl\":\"https:\\\/\\\/diarioellabrador.cl\\\/wp-content\\\/uploads\\\/2026\\\/04\\\/Incendio-en-minimarket-de-Padre-Hurtado-dejo-a-sus-duenos-fallecidos.jpg\",\"datePublished\":\"2026-04-28T22:13:49+00:00\",\"dateModified\":\"2026-04-28T22:13:50+00:00\",\"breadcrumb\":{\"@id\":\"https:\\\/\\\/diarioellabrador.cl\\\/index.php\\\/2026\\\/04\\\/28\\\/incendio-en-minimarket-de-padre-hurtado-dejo-a-sus-duenos-fallecidos\\\/#breadcrumb\"},\"inLanguage\":\"es\",\"potentialAction\":[{\"@type\":\"ReadAction\",\"target\":[\"https:\\\/\\\/diarioellabrador.cl\\\/index.php\\\/2026\\\/04\\\/28\\\/incendio-en-minimarket-de-padre-hurtado-dejo-a-sus-duenos-fallecidos\\\/\"]}]},{\"@type\":\"ImageObject\",\"inLanguage\":\"es\",\"@id\":\"https:\\\/\\\/diarioellabrador.cl\\\/index.php\\\/2026\\\/04\\\/28\\\/incendio-en-minimarket-de-padre-hurtado-dejo-a-sus-duenos-fallecidos\\\/#primaryimage\",\"url\":\"https:\\\/\\\/diarioellabrador.cl\\\/wp-content\\\/uploads\\\/2026\\\/04\\\/Incendio-en-minimarket-de-Padre-Hurtado-dejo-a-sus-duenos-fallecidos.jpg\",\"contentUrl\":\"https:\\\/\\\/diarioellabrador.cl\\\/wp-content\\\/uploads\\\/2026\\\/04\\\/Incendio-en-minimarket-de-Padre-Hurtado-dejo-a-sus-duenos-fallecidos.jpg\",\"width\":1600,\"height\":900},{\"@type\":\"BreadcrumbList\",\"@id\":\"https:\\\/\\\/diarioellabrador.cl\\\/index.php\\\/2026\\\/04\\\/28\\\/incendio-en-minimarket-de-padre-hurtado-dejo-a-sus-duenos-fallecidos\\\/#breadcrumb\",\"itemListElement\":[{\"@type\":\"ListItem\",\"position\":1,\"name\":\"Portada\",\"item\":\"https:\\\/\\\/diarioellabrador.cl\\\/\"},{\"@type\":\"ListItem\",\"position\":2,\"name\":\"Incendio en minimarket de Padre Hurtado dej\u00f3 a sus due\u00f1os fallecidos\"}]},{\"@type\":\"WebSite\",\"@id\":\"https:\\\/\\\/diarioellabrador.cl\\\/#website\",\"url\":\"https:\\\/\\\/diarioellabrador.cl\\\/\",\"name\":\"Diario El Labrador\",\"description\":\"Haciendo noticia desde 1921\",\"publisher\":{\"@id\":\"https:\\\/\\\/diarioellabrador.cl\\\/#organization\"},\"potentialAction\":[{\"@type\":\"SearchAction\",\"target\":{\"@type\":\"EntryPoint\",\"urlTemplate\":\"https:\\\/\\\/diarioellabrador.cl\\\/?s={search_term_string}\"},\"query-input\":{\"@type\":\"PropertyValueSpecification\",\"valueRequired\":true,\"valueName\":\"search_term_string\"}}],\"inLanguage\":\"es\"},{\"@type\":\"Organization\",\"@id\":\"https:\\\/\\\/diarioellabrador.cl\\\/#organization\",\"name\":\"Diario El Labrador\",\"url\":\"https:\\\/\\\/diarioellabrador.cl\\\/\",\"logo\":{\"@type\":\"ImageObject\",\"inLanguage\":\"es\",\"@id\":\"https:\\\/\\\/diarioellabrador.cl\\\/#\\\/schema\\\/logo\\\/image\\\/\",\"url\":\"https:\\\/\\\/diarioellabrador.cl\\\/wp-content\\\/uploads\\\/2025\\\/02\\\/cropped-Logo-Icono.png\",\"contentUrl\":\"https:\\\/\\\/diarioellabrador.cl\\\/wp-content\\\/uploads\\\/2025\\\/02\\\/cropped-Logo-Icono.png\",\"width\":512,\"height\":512,\"caption\":\"Diario El Labrador\"},\"image\":{\"@id\":\"https:\\\/\\\/diarioellabrador.cl\\\/#\\\/schema\\\/logo\\\/image\\\/\"},\"sameAs\":[\"https:\\\/\\\/web.facebook.com\\\/profile.php?id=61576120840621\",\"https:\\\/\\\/x.com\\\/ElLabradorOf\",\"https:\\\/\\\/www.instagram.com\\\/diarioellabradoroficial\\\/\"]},{\"@type\":\"Person\",\"@id\":\"https:\\\/\\\/diarioellabrador.cl\\\/#\\\/schema\\\/person\\\/bc25ff80b4563f9c7f4bd7855df01685\",\"name\":\"Editor\",\"image\":{\"@type\":\"ImageObject\",\"inLanguage\":\"es\",\"@id\":\"https:\\\/\\\/secure.gravatar.com\\\/avatar\\\/109c326cf2be5c04f048c2c2a2b8b6ef44bf3d8d1d3d4c55d0ac40c4bc994684?s=96&d=mm&r=g\",\"url\":\"https:\\\/\\\/secure.gravatar.com\\\/avatar\\\/109c326cf2be5c04f048c2c2a2b8b6ef44bf3d8d1d3d4c55d0ac40c4bc994684?s=96&d=mm&r=g\",\"contentUrl\":\"https:\\\/\\\/secure.gravatar.com\\\/avatar\\\/109c326cf2be5c04f048c2c2a2b8b6ef44bf3d8d1d3d4c55d0ac40c4bc994684?s=96&d=mm&r=g\",\"caption\":\"Editor\"},\"url\":\"https:\\\/\\\/diarioellabrador.cl\\\/index.php\\\/author\\\/editor\\\/\"}]}<\/script>\n<!-- \/ Yoast SEO plugin. -->","yoast_head_json":{"title":"Incendio en minimarket de Padre Hurtado dej\u00f3 a sus due\u00f1os fallecidos - Diario El Labrador","robots":{"index":"index","follow":"follow","max-snippet":"max-snippet:-1","max-image-preview":"max-image-preview:large","max-video-preview":"max-video-preview:-1"},"canonical":"https:\/\/diarioellabrador.cl\/index.php\/2026\/04\/28\/incendio-en-minimarket-de-padre-hurtado-dejo-a-sus-duenos-fallecidos\/","og_locale":"es_ES","og_type":"article","og_title":"Incendio en minimarket de Padre Hurtado dej\u00f3 a sus due\u00f1os fallecidos - Diario El Labrador","og_description":"Por Johnny Ahumada Sep\u00falveda Un incendio se registr\u00f3 en la madrugada del d\u00eda martes 28 de abril, que consumi\u00f3 por completo un emblem\u00e1tico minimarket ubicado en la calle R\u00edo Aconcagua, en la comuna de Padre Hurtado. Luego de combatir las llamas, voluntarios de Bomberos confirmaron el hallazgo de dos personas fallecidas, que corresponden a los Leer m\u00e1s","og_url":"https:\/\/diarioellabrador.cl\/index.php\/2026\/04\/28\/incendio-en-minimarket-de-padre-hurtado-dejo-a-sus-duenos-fallecidos\/","og_site_name":"Diario El Labrador","article_publisher":"https:\/\/web.facebook.com\/profile.php?id=61576120840621","article_published_time":"2026-04-28T22:13:49+00:00","article_modified_time":"2026-04-28T22:13:50+00:00","og_image":[{"width":1600,"height":900,"url":"https:\/\/diarioellabrador.cl\/wp-content\/uploads\/2026\/04\/Incendio-en-minimarket-de-Padre-Hurtado-dejo-a-sus-duenos-fallecidos.jpg","type":"image\/jpeg"}],"author":"Editor","twitter_card":"summary_large_image","twitter_creator":"@ElLabradorOf","twitter_site":"@ElLabradorOf","twitter_misc":{"Escrito por":"Editor","Tiempo de lectura":"2 minutos"},"schema":{"@context":"https:\/\/schema.org","@graph":[{"@type":"Article","@id":"https:\/\/diarioellabrador.cl\/index.php\/2026\/04\/28\/incendio-en-minimarket-de-padre-hurtado-dejo-a-sus-duenos-fallecidos\/#article","isPartOf":{"@id":"https:\/\/diarioellabrador.cl\/index.php\/2026\/04\/28\/incendio-en-minimarket-de-padre-hurtado-dejo-a-sus-duenos-fallecidos\/"},"author":{"name":"Editor","@id":"https:\/\/diarioellabrador.cl\/#\/schema\/person\/bc25ff80b4563f9c7f4bd7855df01685"},"headline":"Incendio en minimarket de Padre Hurtado dej\u00f3 a sus due\u00f1os fallecidos","datePublished":"2026-04-28T22:13:49+00:00","dateModified":"2026-04-28T22:13:50+00:00","mainEntityOfPage":{"@id":"https:\/\/diarioellabrador.cl\/index.php\/2026\/04\/28\/incendio-en-minimarket-de-padre-hurtado-dejo-a-sus-duenos-fallecidos\/"},"wordCount":237,"commentCount":0,"publisher":{"@id":"https:\/\/diarioellabrador.cl\/#organization"},"image":{"@id":"https:\/\/diarioellabrador.cl\/index.php\/2026\/04\/28\/incendio-en-minimarket-de-padre-hurtado-dejo-a-sus-duenos-fallecidos\/#primaryimage"},"thumbnailUrl":"https:\/\/diarioellabrador.cl\/wp-content\/uploads\/2026\/04\/Incendio-en-minimarket-de-Padre-Hurtado-dejo-a-sus-duenos-fallecidos.jpg","articleSection":["Policial"],"inLanguage":"es","potentialAction":[{"@type":"CommentAction","name":"Comment","target":["https:\/\/diarioellabrador.cl\/index.php\/2026\/04\/28\/incendio-en-minimarket-de-padre-hurtado-dejo-a-sus-duenos-fallecidos\/#respond"]}]},{"@type":"WebPage","@id":"https:\/\/diarioellabrador.cl\/index.php\/2026\/04\/28\/incendio-en-minimarket-de-padre-hurtado-dejo-a-sus-duenos-fallecidos\/","url":"https:\/\/diarioellabrador.cl\/index.php\/2026\/04\/28\/incendio-en-minimarket-de-padre-hurtado-dejo-a-sus-duenos-fallecidos\/","name":"Incendio en minimarket de Padre Hurtado dej\u00f3 a sus due\u00f1os fallecidos - Diario El Labrador","isPartOf":{"@id":"https:\/\/diarioellabrador.cl\/#website"},"primaryImageOfPage":{"@id":"https:\/\/diarioellabrador.cl\/index.php\/2026\/04\/28\/incendio-en-minimarket-de-padre-hurtado-dejo-a-sus-duenos-fallecidos\/#primaryimage"},"image":{"@id":"https:\/\/diarioellabrador.cl\/index.php\/2026\/04\/28\/incendio-en-minimarket-de-padre-hurtado-dejo-a-sus-duenos-fallecidos\/#primaryimage"},"thumbnailUrl":"https:\/\/diarioellabrador.cl\/wp-content\/uploads\/2026\/04\/Incendio-en-minimarket-de-Padre-Hurtado-dejo-a-sus-duenos-fallecidos.jpg","datePublished":"2026-04-28T22:13:49+00:00","dateModified":"2026-04-28T22:13:50+00:00","breadcrumb":{"@id":"https:\/\/diarioellabrador.cl\/index.php\/2026\/04\/28\/incendio-en-minimarket-de-padre-hurtado-dejo-a-sus-duenos-fallecidos\/#breadcrumb"},"inLanguage":"es","potentialAction":[{"@type":"ReadAction","target":["https:\/\/diarioellabrador.cl\/index.php\/2026\/04\/28\/incendio-en-minimarket-de-padre-hurtado-dejo-a-sus-duenos-fallecidos\/"]}]},{"@type":"ImageObject","inLanguage":"es","@id":"https:\/\/diarioellabrador.cl\/index.php\/2026\/04\/28\/incendio-en-minimarket-de-padre-hurtado-dejo-a-sus-duenos-fallecidos\/#primaryimage","url":"https:\/\/diarioellabrador.cl\/wp-content\/uploads\/2026\/04\/Incendio-en-minimarket-de-Padre-Hurtado-dejo-a-sus-duenos-fallecidos.jpg","contentUrl":"https:\/\/diarioellabrador.cl\/wp-content\/uploads\/2026\/04\/Incendio-en-minimarket-de-Padre-Hurtado-dejo-a-sus-duenos-fallecidos.jpg","width":1600,"height":900},{"@type":"BreadcrumbList","@id":"https:\/\/diarioellabrador.cl\/index.php\/2026\/04\/28\/incendio-en-minimarket-de-padre-hurtado-dejo-a-sus-duenos-fallecidos\/#breadcrumb","itemListElement":[{"@type":"ListItem","position":1,"name":"Portada","item":"https:\/\/diarioellabrador.cl\/"},{"@type":"ListItem","position":2,"name":"Incendio en minimarket de Padre Hurtado dej\u00f3 a sus due\u00f1os fallecidos"}]},{"@type":"WebSite","@id":"https:\/\/diarioellabrador.cl\/#website","url":"https:\/\/diarioellabrador.cl\/","name":"Diario El Labrador","description":"Haciendo noticia desde 1921","publisher":{"@id":"https:\/\/diarioellabrador.cl\/#organization"},"potentialAction":[{"@type":"SearchAction","target":{"@type":"EntryPoint","urlTemplate":"https:\/\/diarioellabrador.cl\/?s={search_term_string}"},"query-input":{"@type":"PropertyValueSpecification","valueRequired":true,"valueName":"search_term_string"}}],"inLanguage":"es"},{"@type":"Organization","@id":"https:\/\/diarioellabrador.cl\/#organization","name":"Diario El Labrador","url":"https:\/\/diarioellabrador.cl\/","logo":{"@type":"ImageObject","inLanguage":"es","@id":"https:\/\/diarioellabrador.cl\/#\/schema\/logo\/image\/","url":"https:\/\/diarioellabrador.cl\/wp-content\/uploads\/2025\/02\/cropped-Logo-Icono.png","contentUrl":"https:\/\/diarioellabrador.cl\/wp-content\/uploads\/2025\/02\/cropped-Logo-Icono.png","width":512,"height":512,"caption":"Diario El Labrador"},"image":{"@id":"https:\/\/diarioellabrador.cl\/#\/schema\/logo\/image\/"},"sameAs":["https:\/\/web.facebook.com\/profile.php?id=61576120840621","https:\/\/x.com\/ElLabradorOf","https:\/\/www.instagram.com\/diarioellabradoroficial\/"]},{"@type":"Person","@id":"https:\/\/diarioellabrador.cl\/#\/schema\/person\/bc25ff80b4563f9c7f4bd7855df01685","name":"Editor","image":{"@type":"ImageObject","inLanguage":"es","@id":"https:\/\/secure.gravatar.com\/avatar\/109c326cf2be5c04f048c2c2a2b8b6ef44bf3d8d1d3d4c55d0ac40c4bc994684?s=96&d=mm&r=g","url":"https:\/\/secure.gravatar.com\/avatar\/109c326cf2be5c04f048c2c2a2b8b6ef44bf3d8d1d3d4c55d0ac40c4bc994684?s=96&d=mm&r=g","contentUrl":"https:\/\/secure.gravatar.com\/avatar\/109c326cf2be5c04f048c2c2a2b8b6ef44bf3d8d1d3d4c55d0ac40c4bc994684?s=96&d=mm&r=g","caption":"Editor"},"url":"https:\/\/diarioellabrador.cl\/index.php\/author\/editor\/"}]}},"_links":{"self":[{"href":"https:\/\/diarioellabrador.cl\/index.php\/wp-json\/wp\/v2\/posts\/18709","targetHints":{"allow":["GET"]}}],"collection":[{"href":"https:\/\/diarioellabrador.cl\/index.php\/wp-json\/wp\/v2\/posts"}],"about":[{"href":"https:\/\/diarioellabrador.cl\/index.php\/wp-json\/wp\/v2\/types\/post"}],"author":[{"embeddable":true,"href":"https:\/\/diarioellabrador.cl\/index.php\/wp-json\/wp\/v2\/users\/2"}],"replies":[{"embeddable":true,"href":"https:\/\/diarioellabrador.cl\/index.php\/wp-json\/wp\/v2\/comments?post=18709"}],"version-history":[{"count":1,"href":"https:\/\/diarioellabrador.cl\/index.php\/wp-json\/wp\/v2\/posts\/18709\/revisions"}],"predecessor-version":[{"id":18710,"href":"https:\/\/diarioellabrador.cl\/index.php\/wp-json\/wp\/v2\/posts\/18709\/revisions\/18710"}],"wp:featuredmedia":[{"embeddable":true,"href":"https:\/\/diarioellabrador.cl\/index.php\/wp-json\/wp\/v2\/media\/18674"}],"wp:attachment":[{"href":"https:\/\/diarioellabrador.cl\/index.php\/wp-json\/wp\/v2\/media?parent=18709"}],"wp:term":[{"taxonomy":"category","embeddable":true,"href":"https:\/\/diarioellabrador.cl\/index.php\/wp-json\/wp\/v2\/categories?post=18709"},{"taxonomy":"post_tag","embeddable":true,"href":"https:\/\/diarioellabrador.cl\/index.php\/wp-json\/wp\/v2\/tags?post=18709"}],"curies":[{"name":"wp","href":"https:\/\/api.w.org\/{rel}","templated":true}]}}