{"id":18707,"date":"2026-04-28T18:12:49","date_gmt":"2026-04-28T22:12:49","guid":{"rendered":"https:\/\/diarioellabrador.cl\/?p=18707"},"modified":"2026-04-28T18:12:51","modified_gmt":"2026-04-28T22:12:51","slug":"detienen-a-delincuente-que-entro-a-robar-en-iglesia-adventista-y-mantenia-cautelar-de-arresto-nocturno","status":"publish","type":"post","link":"https:\/\/diarioellabrador.cl\/index.php\/2026\/04\/28\/detienen-a-delincuente-que-entro-a-robar-en-iglesia-adventista-y-mantenia-cautelar-de-arresto-nocturno\/","title":{"rendered":"Detienen a delincuente que entr\u00f3 a robar en Iglesia Adventista y manten\u00eda cautelar de arresto nocturno"},"content":{"rendered":"\n<p>Alrededor de las 2.30 horas de ayer martes personal de carabineros fue alertado que un sujeto saltaba el cierre perimetral de una Iglesia Adventista ubicada en calle Ugalde 637 y se dirig\u00eda en direcci\u00f3n al poniente.<\/p>\n\n\n\n<p>Los efectivos policiales efectuaron diversos patrullajes logrando ubicarlos en Ugalde con Correa donde se efectu\u00f3 un control de identidad investigativo siendo identificado como I.S.S. de 29 a\u00f1os quien portaba una mochila con herramientas.<\/p>\n\n\n\n<p>Posteriormente se verific\u00f3 que las especies hab\u00edan sido sustra\u00eddas desde la Iglesia Adventista del S\u00e9ptimo D\u00eda y se comprob\u00f3 que el detenido manten\u00eda la medida cautelar de arresto domiciliario nocturno decretada luego de ser sorprendido robando en una bodega de calle Hurtado en el es de febrero de 2026.<\/p>\n","protected":false},"excerpt":{"rendered":"<p>Alrededor de las 2.30 horas de ayer martes personal de carabineros fue alertado que un sujeto saltaba el cierre perimetral de una Iglesia Adventista ubicada en calle Ugalde 637 y se dirig\u00eda en direcci\u00f3n al poniente. Los efectivos policiales efectuaron diversos patrullajes logrando ubicarlos en Ugalde con Correa donde se efectu\u00f3 un control de identidad<\/p>\n<div class=\"read-more-wrapper\"><a class=\"read-more\" href=\"https:\/\/diarioellabrador.cl\/index.php\/2026\/04\/28\/detienen-a-delincuente-que-entro-a-robar-en-iglesia-adventista-y-mantenia-cautelar-de-arresto-nocturno\/\" title=\"Leer m\u00e1s\"> <span class=\"button \">Leer m\u00e1s<\/span><\/a><\/div>\n","protected":false},"author":2,"featured_media":18663,"comment_status":"open","ping_status":"open","sticky":false,"template":"","format":"standard","meta":{"footnotes":""},"categories":[3],"tags":[],"class_list":["post-18707","post","type-post","status-publish","format-standard","has-post-thumbnail","hentry","category-policial"],"yoast_head":"<!-- This site is optimized with the Yoast SEO plugin v27.5 - https:\/\/yoast.com\/product\/yoast-seo-wordpress\/ -->\n<title>Detienen a delincuente que entr\u00f3 a robar en Iglesia Adventista y manten\u00eda cautelar de arresto nocturno - Diario El Labrador<\/title>\n<meta name=\"robots\" content=\"index, follow, max-snippet:-1, max-image-preview:large, max-video-preview:-1\" \/>\n<link rel=\"canonical\" href=\"https:\/\/diarioellabrador.cl\/index.php\/2026\/04\/28\/detienen-a-delincuente-que-entro-a-robar-en-iglesia-adventista-y-mantenia-cautelar-de-arresto-nocturno\/\" \/>\n<meta property=\"og:locale\" content=\"es_ES\" \/>\n<meta property=\"og:type\" content=\"article\" \/>\n<meta property=\"og:title\" content=\"Detienen a delincuente que entr\u00f3 a robar en Iglesia Adventista y manten\u00eda cautelar de arresto nocturno - Diario El Labrador\" \/>\n<meta property=\"og:description\" content=\"Alrededor de las 2.30 horas de ayer martes personal de carabineros fue alertado que un sujeto saltaba el cierre perimetral de una Iglesia Adventista ubicada en calle Ugalde 637 y se dirig\u00eda en direcci\u00f3n al poniente. Los efectivos policiales efectuaron diversos patrullajes logrando ubicarlos en Ugalde con Correa donde se efectu\u00f3 un control de identidad Leer m\u00e1s\" \/>\n<meta property=\"og:url\" content=\"https:\/\/diarioellabrador.cl\/index.php\/2026\/04\/28\/detienen-a-delincuente-que-entro-a-robar-en-iglesia-adventista-y-mantenia-cautelar-de-arresto-nocturno\/\" \/>\n<meta property=\"og:site_name\" content=\"Diario El Labrador\" \/>\n<meta property=\"article:publisher\" content=\"https:\/\/web.facebook.com\/profile.php?id=61576120840621\" \/>\n<meta property=\"article:published_time\" content=\"2026-04-28T22:12:49+00:00\" \/>\n<meta property=\"article:modified_time\" content=\"2026-04-28T22:12:51+00:00\" \/>\n<meta property=\"og:image\" content=\"https:\/\/diarioellabrador.cl\/wp-content\/uploads\/2026\/04\/Detienen-a-delincuente-que-entro-a-robar-en-Iglesia-Adventista-y-mantenia-cautelar-de-arresto-nocturno.jpg\" \/>\n\t<meta property=\"og:image:width\" content=\"969\" \/>\n\t<meta property=\"og:image:height\" content=\"513\" \/>\n\t<meta property=\"og:image:type\" content=\"image\/jpeg\" \/>\n<meta name=\"author\" content=\"Editor\" \/>\n<meta name=\"twitter:card\" content=\"summary_large_image\" \/>\n<meta name=\"twitter:creator\" content=\"@ElLabradorOf\" \/>\n<meta name=\"twitter:site\" content=\"@ElLabradorOf\" \/>\n<meta name=\"twitter:label1\" content=\"Escrito por\" \/>\n\t<meta name=\"twitter:data1\" content=\"Editor\" \/>\n\t<meta name=\"twitter:label2\" content=\"Tiempo de lectura\" \/>\n\t<meta name=\"twitter:data2\" content=\"1 minuto\" \/>\n<script type=\"application\/ld+json\" class=\"yoast-schema-graph\">{\"@context\":\"https:\\\/\\\/schema.org\",\"@graph\":[{\"@type\":\"Article\",\"@id\":\"https:\\\/\\\/diarioellabrador.cl\\\/index.php\\\/2026\\\/04\\\/28\\\/detienen-a-delincuente-que-entro-a-robar-en-iglesia-adventista-y-mantenia-cautelar-de-arresto-nocturno\\\/#article\",\"isPartOf\":{\"@id\":\"https:\\\/\\\/diarioellabrador.cl\\\/index.php\\\/2026\\\/04\\\/28\\\/detienen-a-delincuente-que-entro-a-robar-en-iglesia-adventista-y-mantenia-cautelar-de-arresto-nocturno\\\/\"},\"author\":{\"name\":\"Editor\",\"@id\":\"https:\\\/\\\/diarioellabrador.cl\\\/#\\\/schema\\\/person\\\/bc25ff80b4563f9c7f4bd7855df01685\"},\"headline\":\"Detienen a delincuente que entr\u00f3 a robar en Iglesia Adventista y manten\u00eda cautelar de arresto nocturno\",\"datePublished\":\"2026-04-28T22:12:49+00:00\",\"dateModified\":\"2026-04-28T22:12:51+00:00\",\"mainEntityOfPage\":{\"@id\":\"https:\\\/\\\/diarioellabrador.cl\\\/index.php\\\/2026\\\/04\\\/28\\\/detienen-a-delincuente-que-entro-a-robar-en-iglesia-adventista-y-mantenia-cautelar-de-arresto-nocturno\\\/\"},\"wordCount\":141,\"commentCount\":0,\"publisher\":{\"@id\":\"https:\\\/\\\/diarioellabrador.cl\\\/#organization\"},\"image\":{\"@id\":\"https:\\\/\\\/diarioellabrador.cl\\\/index.php\\\/2026\\\/04\\\/28\\\/detienen-a-delincuente-que-entro-a-robar-en-iglesia-adventista-y-mantenia-cautelar-de-arresto-nocturno\\\/#primaryimage\"},\"thumbnailUrl\":\"https:\\\/\\\/diarioellabrador.cl\\\/wp-content\\\/uploads\\\/2026\\\/04\\\/Detienen-a-delincuente-que-entro-a-robar-en-Iglesia-Adventista-y-mantenia-cautelar-de-arresto-nocturno.jpg\",\"articleSection\":[\"Policial\"],\"inLanguage\":\"es\",\"potentialAction\":[{\"@type\":\"CommentAction\",\"name\":\"Comment\",\"target\":[\"https:\\\/\\\/diarioellabrador.cl\\\/index.php\\\/2026\\\/04\\\/28\\\/detienen-a-delincuente-que-entro-a-robar-en-iglesia-adventista-y-mantenia-cautelar-de-arresto-nocturno\\\/#respond\"]}]},{\"@type\":\"WebPage\",\"@id\":\"https:\\\/\\\/diarioellabrador.cl\\\/index.php\\\/2026\\\/04\\\/28\\\/detienen-a-delincuente-que-entro-a-robar-en-iglesia-adventista-y-mantenia-cautelar-de-arresto-nocturno\\\/\",\"url\":\"https:\\\/\\\/diarioellabrador.cl\\\/index.php\\\/2026\\\/04\\\/28\\\/detienen-a-delincuente-que-entro-a-robar-en-iglesia-adventista-y-mantenia-cautelar-de-arresto-nocturno\\\/\",\"name\":\"Detienen a delincuente que entr\u00f3 a robar en Iglesia Adventista y manten\u00eda cautelar de arresto nocturno - Diario El Labrador\",\"isPartOf\":{\"@id\":\"https:\\\/\\\/diarioellabrador.cl\\\/#website\"},\"primaryImageOfPage\":{\"@id\":\"https:\\\/\\\/diarioellabrador.cl\\\/index.php\\\/2026\\\/04\\\/28\\\/detienen-a-delincuente-que-entro-a-robar-en-iglesia-adventista-y-mantenia-cautelar-de-arresto-nocturno\\\/#primaryimage\"},\"image\":{\"@id\":\"https:\\\/\\\/diarioellabrador.cl\\\/index.php\\\/2026\\\/04\\\/28\\\/detienen-a-delincuente-que-entro-a-robar-en-iglesia-adventista-y-mantenia-cautelar-de-arresto-nocturno\\\/#primaryimage\"},\"thumbnailUrl\":\"https:\\\/\\\/diarioellabrador.cl\\\/wp-content\\\/uploads\\\/2026\\\/04\\\/Detienen-a-delincuente-que-entro-a-robar-en-Iglesia-Adventista-y-mantenia-cautelar-de-arresto-nocturno.jpg\",\"datePublished\":\"2026-04-28T22:12:49+00:00\",\"dateModified\":\"2026-04-28T22:12:51+00:00\",\"breadcrumb\":{\"@id\":\"https:\\\/\\\/diarioellabrador.cl\\\/index.php\\\/2026\\\/04\\\/28\\\/detienen-a-delincuente-que-entro-a-robar-en-iglesia-adventista-y-mantenia-cautelar-de-arresto-nocturno\\\/#breadcrumb\"},\"inLanguage\":\"es\",\"potentialAction\":[{\"@type\":\"ReadAction\",\"target\":[\"https:\\\/\\\/diarioellabrador.cl\\\/index.php\\\/2026\\\/04\\\/28\\\/detienen-a-delincuente-que-entro-a-robar-en-iglesia-adventista-y-mantenia-cautelar-de-arresto-nocturno\\\/\"]}]},{\"@type\":\"ImageObject\",\"inLanguage\":\"es\",\"@id\":\"https:\\\/\\\/diarioellabrador.cl\\\/index.php\\\/2026\\\/04\\\/28\\\/detienen-a-delincuente-que-entro-a-robar-en-iglesia-adventista-y-mantenia-cautelar-de-arresto-nocturno\\\/#primaryimage\",\"url\":\"https:\\\/\\\/diarioellabrador.cl\\\/wp-content\\\/uploads\\\/2026\\\/04\\\/Detienen-a-delincuente-que-entro-a-robar-en-Iglesia-Adventista-y-mantenia-cautelar-de-arresto-nocturno.jpg\",\"contentUrl\":\"https:\\\/\\\/diarioellabrador.cl\\\/wp-content\\\/uploads\\\/2026\\\/04\\\/Detienen-a-delincuente-que-entro-a-robar-en-Iglesia-Adventista-y-mantenia-cautelar-de-arresto-nocturno.jpg\",\"width\":969,\"height\":513},{\"@type\":\"BreadcrumbList\",\"@id\":\"https:\\\/\\\/diarioellabrador.cl\\\/index.php\\\/2026\\\/04\\\/28\\\/detienen-a-delincuente-que-entro-a-robar-en-iglesia-adventista-y-mantenia-cautelar-de-arresto-nocturno\\\/#breadcrumb\",\"itemListElement\":[{\"@type\":\"ListItem\",\"position\":1,\"name\":\"Portada\",\"item\":\"https:\\\/\\\/diarioellabrador.cl\\\/\"},{\"@type\":\"ListItem\",\"position\":2,\"name\":\"Detienen a delincuente que entr\u00f3 a robar en Iglesia Adventista y manten\u00eda cautelar de arresto nocturno\"}]},{\"@type\":\"WebSite\",\"@id\":\"https:\\\/\\\/diarioellabrador.cl\\\/#website\",\"url\":\"https:\\\/\\\/diarioellabrador.cl\\\/\",\"name\":\"Diario El Labrador\",\"description\":\"Haciendo noticia desde 1921\",\"publisher\":{\"@id\":\"https:\\\/\\\/diarioellabrador.cl\\\/#organization\"},\"potentialAction\":[{\"@type\":\"SearchAction\",\"target\":{\"@type\":\"EntryPoint\",\"urlTemplate\":\"https:\\\/\\\/diarioellabrador.cl\\\/?s={search_term_string}\"},\"query-input\":{\"@type\":\"PropertyValueSpecification\",\"valueRequired\":true,\"valueName\":\"search_term_string\"}}],\"inLanguage\":\"es\"},{\"@type\":\"Organization\",\"@id\":\"https:\\\/\\\/diarioellabrador.cl\\\/#organization\",\"name\":\"Diario El Labrador\",\"url\":\"https:\\\/\\\/diarioellabrador.cl\\\/\",\"logo\":{\"@type\":\"ImageObject\",\"inLanguage\":\"es\",\"@id\":\"https:\\\/\\\/diarioellabrador.cl\\\/#\\\/schema\\\/logo\\\/image\\\/\",\"url\":\"https:\\\/\\\/diarioellabrador.cl\\\/wp-content\\\/uploads\\\/2025\\\/02\\\/cropped-Logo-Icono.png\",\"contentUrl\":\"https:\\\/\\\/diarioellabrador.cl\\\/wp-content\\\/uploads\\\/2025\\\/02\\\/cropped-Logo-Icono.png\",\"width\":512,\"height\":512,\"caption\":\"Diario El Labrador\"},\"image\":{\"@id\":\"https:\\\/\\\/diarioellabrador.cl\\\/#\\\/schema\\\/logo\\\/image\\\/\"},\"sameAs\":[\"https:\\\/\\\/web.facebook.com\\\/profile.php?id=61576120840621\",\"https:\\\/\\\/x.com\\\/ElLabradorOf\",\"https:\\\/\\\/www.instagram.com\\\/diarioellabradoroficial\\\/\"]},{\"@type\":\"Person\",\"@id\":\"https:\\\/\\\/diarioellabrador.cl\\\/#\\\/schema\\\/person\\\/bc25ff80b4563f9c7f4bd7855df01685\",\"name\":\"Editor\",\"image\":{\"@type\":\"ImageObject\",\"inLanguage\":\"es\",\"@id\":\"https:\\\/\\\/secure.gravatar.com\\\/avatar\\\/109c326cf2be5c04f048c2c2a2b8b6ef44bf3d8d1d3d4c55d0ac40c4bc994684?s=96&d=mm&r=g\",\"url\":\"https:\\\/\\\/secure.gravatar.com\\\/avatar\\\/109c326cf2be5c04f048c2c2a2b8b6ef44bf3d8d1d3d4c55d0ac40c4bc994684?s=96&d=mm&r=g\",\"contentUrl\":\"https:\\\/\\\/secure.gravatar.com\\\/avatar\\\/109c326cf2be5c04f048c2c2a2b8b6ef44bf3d8d1d3d4c55d0ac40c4bc994684?s=96&d=mm&r=g\",\"caption\":\"Editor\"},\"url\":\"https:\\\/\\\/diarioellabrador.cl\\\/index.php\\\/author\\\/editor\\\/\"}]}<\/script>\n<!-- \/ Yoast SEO plugin. -->","yoast_head_json":{"title":"Detienen a delincuente que entr\u00f3 a robar en Iglesia Adventista y manten\u00eda cautelar de arresto nocturno - Diario El Labrador","robots":{"index":"index","follow":"follow","max-snippet":"max-snippet:-1","max-image-preview":"max-image-preview:large","max-video-preview":"max-video-preview:-1"},"canonical":"https:\/\/diarioellabrador.cl\/index.php\/2026\/04\/28\/detienen-a-delincuente-que-entro-a-robar-en-iglesia-adventista-y-mantenia-cautelar-de-arresto-nocturno\/","og_locale":"es_ES","og_type":"article","og_title":"Detienen a delincuente que entr\u00f3 a robar en Iglesia Adventista y manten\u00eda cautelar de arresto nocturno - Diario El Labrador","og_description":"Alrededor de las 2.30 horas de ayer martes personal de carabineros fue alertado que un sujeto saltaba el cierre perimetral de una Iglesia Adventista ubicada en calle Ugalde 637 y se dirig\u00eda en direcci\u00f3n al poniente. Los efectivos policiales efectuaron diversos patrullajes logrando ubicarlos en Ugalde con Correa donde se efectu\u00f3 un control de identidad Leer m\u00e1s","og_url":"https:\/\/diarioellabrador.cl\/index.php\/2026\/04\/28\/detienen-a-delincuente-que-entro-a-robar-en-iglesia-adventista-y-mantenia-cautelar-de-arresto-nocturno\/","og_site_name":"Diario El Labrador","article_publisher":"https:\/\/web.facebook.com\/profile.php?id=61576120840621","article_published_time":"2026-04-28T22:12:49+00:00","article_modified_time":"2026-04-28T22:12:51+00:00","og_image":[{"width":969,"height":513,"url":"https:\/\/diarioellabrador.cl\/wp-content\/uploads\/2026\/04\/Detienen-a-delincuente-que-entro-a-robar-en-Iglesia-Adventista-y-mantenia-cautelar-de-arresto-nocturno.jpg","type":"image\/jpeg"}],"author":"Editor","twitter_card":"summary_large_image","twitter_creator":"@ElLabradorOf","twitter_site":"@ElLabradorOf","twitter_misc":{"Escrito por":"Editor","Tiempo de lectura":"1 minuto"},"schema":{"@context":"https:\/\/schema.org","@graph":[{"@type":"Article","@id":"https:\/\/diarioellabrador.cl\/index.php\/2026\/04\/28\/detienen-a-delincuente-que-entro-a-robar-en-iglesia-adventista-y-mantenia-cautelar-de-arresto-nocturno\/#article","isPartOf":{"@id":"https:\/\/diarioellabrador.cl\/index.php\/2026\/04\/28\/detienen-a-delincuente-que-entro-a-robar-en-iglesia-adventista-y-mantenia-cautelar-de-arresto-nocturno\/"},"author":{"name":"Editor","@id":"https:\/\/diarioellabrador.cl\/#\/schema\/person\/bc25ff80b4563f9c7f4bd7855df01685"},"headline":"Detienen a delincuente que entr\u00f3 a robar en Iglesia Adventista y manten\u00eda cautelar de arresto nocturno","datePublished":"2026-04-28T22:12:49+00:00","dateModified":"2026-04-28T22:12:51+00:00","mainEntityOfPage":{"@id":"https:\/\/diarioellabrador.cl\/index.php\/2026\/04\/28\/detienen-a-delincuente-que-entro-a-robar-en-iglesia-adventista-y-mantenia-cautelar-de-arresto-nocturno\/"},"wordCount":141,"commentCount":0,"publisher":{"@id":"https:\/\/diarioellabrador.cl\/#organization"},"image":{"@id":"https:\/\/diarioellabrador.cl\/index.php\/2026\/04\/28\/detienen-a-delincuente-que-entro-a-robar-en-iglesia-adventista-y-mantenia-cautelar-de-arresto-nocturno\/#primaryimage"},"thumbnailUrl":"https:\/\/diarioellabrador.cl\/wp-content\/uploads\/2026\/04\/Detienen-a-delincuente-que-entro-a-robar-en-Iglesia-Adventista-y-mantenia-cautelar-de-arresto-nocturno.jpg","articleSection":["Policial"],"inLanguage":"es","potentialAction":[{"@type":"CommentAction","name":"Comment","target":["https:\/\/diarioellabrador.cl\/index.php\/2026\/04\/28\/detienen-a-delincuente-que-entro-a-robar-en-iglesia-adventista-y-mantenia-cautelar-de-arresto-nocturno\/#respond"]}]},{"@type":"WebPage","@id":"https:\/\/diarioellabrador.cl\/index.php\/2026\/04\/28\/detienen-a-delincuente-que-entro-a-robar-en-iglesia-adventista-y-mantenia-cautelar-de-arresto-nocturno\/","url":"https:\/\/diarioellabrador.cl\/index.php\/2026\/04\/28\/detienen-a-delincuente-que-entro-a-robar-en-iglesia-adventista-y-mantenia-cautelar-de-arresto-nocturno\/","name":"Detienen a delincuente que entr\u00f3 a robar en Iglesia Adventista y manten\u00eda cautelar de arresto nocturno - Diario El Labrador","isPartOf":{"@id":"https:\/\/diarioellabrador.cl\/#website"},"primaryImageOfPage":{"@id":"https:\/\/diarioellabrador.cl\/index.php\/2026\/04\/28\/detienen-a-delincuente-que-entro-a-robar-en-iglesia-adventista-y-mantenia-cautelar-de-arresto-nocturno\/#primaryimage"},"image":{"@id":"https:\/\/diarioellabrador.cl\/index.php\/2026\/04\/28\/detienen-a-delincuente-que-entro-a-robar-en-iglesia-adventista-y-mantenia-cautelar-de-arresto-nocturno\/#primaryimage"},"thumbnailUrl":"https:\/\/diarioellabrador.cl\/wp-content\/uploads\/2026\/04\/Detienen-a-delincuente-que-entro-a-robar-en-Iglesia-Adventista-y-mantenia-cautelar-de-arresto-nocturno.jpg","datePublished":"2026-04-28T22:12:49+00:00","dateModified":"2026-04-28T22:12:51+00:00","breadcrumb":{"@id":"https:\/\/diarioellabrador.cl\/index.php\/2026\/04\/28\/detienen-a-delincuente-que-entro-a-robar-en-iglesia-adventista-y-mantenia-cautelar-de-arresto-nocturno\/#breadcrumb"},"inLanguage":"es","potentialAction":[{"@type":"ReadAction","target":["https:\/\/diarioellabrador.cl\/index.php\/2026\/04\/28\/detienen-a-delincuente-que-entro-a-robar-en-iglesia-adventista-y-mantenia-cautelar-de-arresto-nocturno\/"]}]},{"@type":"ImageObject","inLanguage":"es","@id":"https:\/\/diarioellabrador.cl\/index.php\/2026\/04\/28\/detienen-a-delincuente-que-entro-a-robar-en-iglesia-adventista-y-mantenia-cautelar-de-arresto-nocturno\/#primaryimage","url":"https:\/\/diarioellabrador.cl\/wp-content\/uploads\/2026\/04\/Detienen-a-delincuente-que-entro-a-robar-en-Iglesia-Adventista-y-mantenia-cautelar-de-arresto-nocturno.jpg","contentUrl":"https:\/\/diarioellabrador.cl\/wp-content\/uploads\/2026\/04\/Detienen-a-delincuente-que-entro-a-robar-en-Iglesia-Adventista-y-mantenia-cautelar-de-arresto-nocturno.jpg","width":969,"height":513},{"@type":"BreadcrumbList","@id":"https:\/\/diarioellabrador.cl\/index.php\/2026\/04\/28\/detienen-a-delincuente-que-entro-a-robar-en-iglesia-adventista-y-mantenia-cautelar-de-arresto-nocturno\/#breadcrumb","itemListElement":[{"@type":"ListItem","position":1,"name":"Portada","item":"https:\/\/diarioellabrador.cl\/"},{"@type":"ListItem","position":2,"name":"Detienen a delincuente que entr\u00f3 a robar en Iglesia Adventista y manten\u00eda cautelar de arresto nocturno"}]},{"@type":"WebSite","@id":"https:\/\/diarioellabrador.cl\/#website","url":"https:\/\/diarioellabrador.cl\/","name":"Diario El Labrador","description":"Haciendo noticia desde 1921","publisher":{"@id":"https:\/\/diarioellabrador.cl\/#organization"},"potentialAction":[{"@type":"SearchAction","target":{"@type":"EntryPoint","urlTemplate":"https:\/\/diarioellabrador.cl\/?s={search_term_string}"},"query-input":{"@type":"PropertyValueSpecification","valueRequired":true,"valueName":"search_term_string"}}],"inLanguage":"es"},{"@type":"Organization","@id":"https:\/\/diarioellabrador.cl\/#organization","name":"Diario El Labrador","url":"https:\/\/diarioellabrador.cl\/","logo":{"@type":"ImageObject","inLanguage":"es","@id":"https:\/\/diarioellabrador.cl\/#\/schema\/logo\/image\/","url":"https:\/\/diarioellabrador.cl\/wp-content\/uploads\/2025\/02\/cropped-Logo-Icono.png","contentUrl":"https:\/\/diarioellabrador.cl\/wp-content\/uploads\/2025\/02\/cropped-Logo-Icono.png","width":512,"height":512,"caption":"Diario El Labrador"},"image":{"@id":"https:\/\/diarioellabrador.cl\/#\/schema\/logo\/image\/"},"sameAs":["https:\/\/web.facebook.com\/profile.php?id=61576120840621","https:\/\/x.com\/ElLabradorOf","https:\/\/www.instagram.com\/diarioellabradoroficial\/"]},{"@type":"Person","@id":"https:\/\/diarioellabrador.cl\/#\/schema\/person\/bc25ff80b4563f9c7f4bd7855df01685","name":"Editor","image":{"@type":"ImageObject","inLanguage":"es","@id":"https:\/\/secure.gravatar.com\/avatar\/109c326cf2be5c04f048c2c2a2b8b6ef44bf3d8d1d3d4c55d0ac40c4bc994684?s=96&d=mm&r=g","url":"https:\/\/secure.gravatar.com\/avatar\/109c326cf2be5c04f048c2c2a2b8b6ef44bf3d8d1d3d4c55d0ac40c4bc994684?s=96&d=mm&r=g","contentUrl":"https:\/\/secure.gravatar.com\/avatar\/109c326cf2be5c04f048c2c2a2b8b6ef44bf3d8d1d3d4c55d0ac40c4bc994684?s=96&d=mm&r=g","caption":"Editor"},"url":"https:\/\/diarioellabrador.cl\/index.php\/author\/editor\/"}]}},"_links":{"self":[{"href":"https:\/\/diarioellabrador.cl\/index.php\/wp-json\/wp\/v2\/posts\/18707","targetHints":{"allow":["GET"]}}],"collection":[{"href":"https:\/\/diarioellabrador.cl\/index.php\/wp-json\/wp\/v2\/posts"}],"about":[{"href":"https:\/\/diarioellabrador.cl\/index.php\/wp-json\/wp\/v2\/types\/post"}],"author":[{"embeddable":true,"href":"https:\/\/diarioellabrador.cl\/index.php\/wp-json\/wp\/v2\/users\/2"}],"replies":[{"embeddable":true,"href":"https:\/\/diarioellabrador.cl\/index.php\/wp-json\/wp\/v2\/comments?post=18707"}],"version-history":[{"count":1,"href":"https:\/\/diarioellabrador.cl\/index.php\/wp-json\/wp\/v2\/posts\/18707\/revisions"}],"predecessor-version":[{"id":18708,"href":"https:\/\/diarioellabrador.cl\/index.php\/wp-json\/wp\/v2\/posts\/18707\/revisions\/18708"}],"wp:featuredmedia":[{"embeddable":true,"href":"https:\/\/diarioellabrador.cl\/index.php\/wp-json\/wp\/v2\/media\/18663"}],"wp:attachment":[{"href":"https:\/\/diarioellabrador.cl\/index.php\/wp-json\/wp\/v2\/media?parent=18707"}],"wp:term":[{"taxonomy":"category","embeddable":true,"href":"https:\/\/diarioellabrador.cl\/index.php\/wp-json\/wp\/v2\/categories?post=18707"},{"taxonomy":"post_tag","embeddable":true,"href":"https:\/\/diarioellabrador.cl\/index.php\/wp-json\/wp\/v2\/tags?post=18707"}],"curies":[{"name":"wp","href":"https:\/\/api.w.org\/{rel}","templated":true}]}}