{"id":18703,"date":"2026-04-28T18:09:06","date_gmt":"2026-04-28T22:09:06","guid":{"rendered":"https:\/\/diarioellabrador.cl\/?p=18703"},"modified":"2026-04-28T18:09:08","modified_gmt":"2026-04-28T22:09:08","slug":"decretan-prision-preventiva-para-tres-ciudadanos-bolivianos-que-mantenian-221-kilos-de-hoja-de-coca","status":"publish","type":"post","link":"https:\/\/diarioellabrador.cl\/index.php\/2026\/04\/28\/decretan-prision-preventiva-para-tres-ciudadanos-bolivianos-que-mantenian-221-kilos-de-hoja-de-coca\/","title":{"rendered":"Decretan prisi\u00f3n preventiva para tres ciudadanos bolivianos que manten\u00edan 221 kilos de hoja de coca"},"content":{"rendered":"\n<p>El Ministerio P\u00fablico inicia una investigaci\u00f3n en su contra de dos mujeres y un hombre de nacionalidad boliviana por el delito de tr\u00e1fico il\u00edcito de drogas.<\/p>\n\n\n\n<p>Se indic\u00f3 que los imputados manten\u00edan y guardaban en el domicilio ubicado en pasaje Sangra en la poblaci\u00f3n Doctor Fern\u00e1ndez de la comuna de Melipilla, donde encontraron la cantidad de 221,5 kilos, en este caso de hojas de coca, los cuales adem\u00e1s estaban siendo transportados hasta un veh\u00edculo.<\/p>\n\n\n\n<p>En la audiencia de control de detenci\u00f3n se estableci\u00f3 un plazo de investigaci\u00f3n de 60 d\u00edas donde se decret\u00f3 la medida cautelar de prisi\u00f3n preventiva donde el hombre qued\u00f3 en el CDP Santiago 1 y las mujeres en el CPF San Miguel.<\/p>\n","protected":false},"excerpt":{"rendered":"<p>El Ministerio P\u00fablico inicia una investigaci\u00f3n en su contra de dos mujeres y un hombre de nacionalidad boliviana por el delito de tr\u00e1fico il\u00edcito de drogas. Se indic\u00f3 que los imputados manten\u00edan y guardaban en el domicilio ubicado en pasaje Sangra en la poblaci\u00f3n Doctor Fern\u00e1ndez de la comuna de Melipilla, donde encontraron la cantidad<\/p>\n<div class=\"read-more-wrapper\"><a class=\"read-more\" href=\"https:\/\/diarioellabrador.cl\/index.php\/2026\/04\/28\/decretan-prision-preventiva-para-tres-ciudadanos-bolivianos-que-mantenian-221-kilos-de-hoja-de-coca\/\" title=\"Leer m\u00e1s\"> <span class=\"button \">Leer m\u00e1s<\/span><\/a><\/div>\n","protected":false},"author":2,"featured_media":18662,"comment_status":"open","ping_status":"open","sticky":false,"template":"","format":"standard","meta":{"footnotes":""},"categories":[3],"tags":[],"class_list":["post-18703","post","type-post","status-publish","format-standard","has-post-thumbnail","hentry","category-policial"],"yoast_head":"<!-- This site is optimized with the Yoast SEO plugin v27.5 - https:\/\/yoast.com\/product\/yoast-seo-wordpress\/ -->\n<title>Decretan prisi\u00f3n preventiva para tres ciudadanos bolivianos que manten\u00edan 221 kilos de hoja de coca - Diario El Labrador<\/title>\n<meta name=\"robots\" content=\"index, follow, max-snippet:-1, max-image-preview:large, max-video-preview:-1\" \/>\n<link rel=\"canonical\" href=\"https:\/\/diarioellabrador.cl\/index.php\/2026\/04\/28\/decretan-prision-preventiva-para-tres-ciudadanos-bolivianos-que-mantenian-221-kilos-de-hoja-de-coca\/\" \/>\n<meta property=\"og:locale\" content=\"es_ES\" \/>\n<meta property=\"og:type\" content=\"article\" \/>\n<meta property=\"og:title\" content=\"Decretan prisi\u00f3n preventiva para tres ciudadanos bolivianos que manten\u00edan 221 kilos de hoja de coca - Diario El Labrador\" \/>\n<meta property=\"og:description\" content=\"El Ministerio P\u00fablico inicia una investigaci\u00f3n en su contra de dos mujeres y un hombre de nacionalidad boliviana por el delito de tr\u00e1fico il\u00edcito de drogas. Se indic\u00f3 que los imputados manten\u00edan y guardaban en el domicilio ubicado en pasaje Sangra en la poblaci\u00f3n Doctor Fern\u00e1ndez de la comuna de Melipilla, donde encontraron la cantidad Leer m\u00e1s\" \/>\n<meta property=\"og:url\" content=\"https:\/\/diarioellabrador.cl\/index.php\/2026\/04\/28\/decretan-prision-preventiva-para-tres-ciudadanos-bolivianos-que-mantenian-221-kilos-de-hoja-de-coca\/\" \/>\n<meta property=\"og:site_name\" content=\"Diario El Labrador\" \/>\n<meta property=\"article:publisher\" content=\"https:\/\/web.facebook.com\/profile.php?id=61576120840621\" \/>\n<meta property=\"article:published_time\" content=\"2026-04-28T22:09:06+00:00\" \/>\n<meta property=\"article:modified_time\" content=\"2026-04-28T22:09:08+00:00\" \/>\n<meta property=\"og:image\" content=\"https:\/\/diarioellabrador.cl\/wp-content\/uploads\/2026\/04\/Decretan-prision-preventiva-para-tres-ciudadanos-bolivianos-que-mantenian-221-kilos-de-hoja-de-coca.jpg\" \/>\n\t<meta property=\"og:image:width\" content=\"1280\" \/>\n\t<meta property=\"og:image:height\" content=\"720\" \/>\n\t<meta property=\"og:image:type\" content=\"image\/jpeg\" \/>\n<meta name=\"author\" content=\"Editor\" \/>\n<meta name=\"twitter:card\" content=\"summary_large_image\" \/>\n<meta name=\"twitter:creator\" content=\"@ElLabradorOf\" \/>\n<meta name=\"twitter:site\" content=\"@ElLabradorOf\" \/>\n<meta name=\"twitter:label1\" content=\"Escrito por\" \/>\n\t<meta name=\"twitter:data1\" content=\"Editor\" \/>\n\t<meta name=\"twitter:label2\" content=\"Tiempo de lectura\" \/>\n\t<meta name=\"twitter:data2\" content=\"1 minuto\" \/>\n<script type=\"application\/ld+json\" class=\"yoast-schema-graph\">{\"@context\":\"https:\\\/\\\/schema.org\",\"@graph\":[{\"@type\":\"Article\",\"@id\":\"https:\\\/\\\/diarioellabrador.cl\\\/index.php\\\/2026\\\/04\\\/28\\\/decretan-prision-preventiva-para-tres-ciudadanos-bolivianos-que-mantenian-221-kilos-de-hoja-de-coca\\\/#article\",\"isPartOf\":{\"@id\":\"https:\\\/\\\/diarioellabrador.cl\\\/index.php\\\/2026\\\/04\\\/28\\\/decretan-prision-preventiva-para-tres-ciudadanos-bolivianos-que-mantenian-221-kilos-de-hoja-de-coca\\\/\"},\"author\":{\"name\":\"Editor\",\"@id\":\"https:\\\/\\\/diarioellabrador.cl\\\/#\\\/schema\\\/person\\\/bc25ff80b4563f9c7f4bd7855df01685\"},\"headline\":\"Decretan prisi\u00f3n preventiva para tres ciudadanos bolivianos que manten\u00edan 221 kilos de hoja de coca\",\"datePublished\":\"2026-04-28T22:09:06+00:00\",\"dateModified\":\"2026-04-28T22:09:08+00:00\",\"mainEntityOfPage\":{\"@id\":\"https:\\\/\\\/diarioellabrador.cl\\\/index.php\\\/2026\\\/04\\\/28\\\/decretan-prision-preventiva-para-tres-ciudadanos-bolivianos-que-mantenian-221-kilos-de-hoja-de-coca\\\/\"},\"wordCount\":142,\"commentCount\":0,\"publisher\":{\"@id\":\"https:\\\/\\\/diarioellabrador.cl\\\/#organization\"},\"image\":{\"@id\":\"https:\\\/\\\/diarioellabrador.cl\\\/index.php\\\/2026\\\/04\\\/28\\\/decretan-prision-preventiva-para-tres-ciudadanos-bolivianos-que-mantenian-221-kilos-de-hoja-de-coca\\\/#primaryimage\"},\"thumbnailUrl\":\"https:\\\/\\\/diarioellabrador.cl\\\/wp-content\\\/uploads\\\/2026\\\/04\\\/Decretan-prision-preventiva-para-tres-ciudadanos-bolivianos-que-mantenian-221-kilos-de-hoja-de-coca.jpg\",\"articleSection\":[\"Policial\"],\"inLanguage\":\"es\",\"potentialAction\":[{\"@type\":\"CommentAction\",\"name\":\"Comment\",\"target\":[\"https:\\\/\\\/diarioellabrador.cl\\\/index.php\\\/2026\\\/04\\\/28\\\/decretan-prision-preventiva-para-tres-ciudadanos-bolivianos-que-mantenian-221-kilos-de-hoja-de-coca\\\/#respond\"]}]},{\"@type\":\"WebPage\",\"@id\":\"https:\\\/\\\/diarioellabrador.cl\\\/index.php\\\/2026\\\/04\\\/28\\\/decretan-prision-preventiva-para-tres-ciudadanos-bolivianos-que-mantenian-221-kilos-de-hoja-de-coca\\\/\",\"url\":\"https:\\\/\\\/diarioellabrador.cl\\\/index.php\\\/2026\\\/04\\\/28\\\/decretan-prision-preventiva-para-tres-ciudadanos-bolivianos-que-mantenian-221-kilos-de-hoja-de-coca\\\/\",\"name\":\"Decretan prisi\u00f3n preventiva para tres ciudadanos bolivianos que manten\u00edan 221 kilos de hoja de coca - Diario El Labrador\",\"isPartOf\":{\"@id\":\"https:\\\/\\\/diarioellabrador.cl\\\/#website\"},\"primaryImageOfPage\":{\"@id\":\"https:\\\/\\\/diarioellabrador.cl\\\/index.php\\\/2026\\\/04\\\/28\\\/decretan-prision-preventiva-para-tres-ciudadanos-bolivianos-que-mantenian-221-kilos-de-hoja-de-coca\\\/#primaryimage\"},\"image\":{\"@id\":\"https:\\\/\\\/diarioellabrador.cl\\\/index.php\\\/2026\\\/04\\\/28\\\/decretan-prision-preventiva-para-tres-ciudadanos-bolivianos-que-mantenian-221-kilos-de-hoja-de-coca\\\/#primaryimage\"},\"thumbnailUrl\":\"https:\\\/\\\/diarioellabrador.cl\\\/wp-content\\\/uploads\\\/2026\\\/04\\\/Decretan-prision-preventiva-para-tres-ciudadanos-bolivianos-que-mantenian-221-kilos-de-hoja-de-coca.jpg\",\"datePublished\":\"2026-04-28T22:09:06+00:00\",\"dateModified\":\"2026-04-28T22:09:08+00:00\",\"breadcrumb\":{\"@id\":\"https:\\\/\\\/diarioellabrador.cl\\\/index.php\\\/2026\\\/04\\\/28\\\/decretan-prision-preventiva-para-tres-ciudadanos-bolivianos-que-mantenian-221-kilos-de-hoja-de-coca\\\/#breadcrumb\"},\"inLanguage\":\"es\",\"potentialAction\":[{\"@type\":\"ReadAction\",\"target\":[\"https:\\\/\\\/diarioellabrador.cl\\\/index.php\\\/2026\\\/04\\\/28\\\/decretan-prision-preventiva-para-tres-ciudadanos-bolivianos-que-mantenian-221-kilos-de-hoja-de-coca\\\/\"]}]},{\"@type\":\"ImageObject\",\"inLanguage\":\"es\",\"@id\":\"https:\\\/\\\/diarioellabrador.cl\\\/index.php\\\/2026\\\/04\\\/28\\\/decretan-prision-preventiva-para-tres-ciudadanos-bolivianos-que-mantenian-221-kilos-de-hoja-de-coca\\\/#primaryimage\",\"url\":\"https:\\\/\\\/diarioellabrador.cl\\\/wp-content\\\/uploads\\\/2026\\\/04\\\/Decretan-prision-preventiva-para-tres-ciudadanos-bolivianos-que-mantenian-221-kilos-de-hoja-de-coca.jpg\",\"contentUrl\":\"https:\\\/\\\/diarioellabrador.cl\\\/wp-content\\\/uploads\\\/2026\\\/04\\\/Decretan-prision-preventiva-para-tres-ciudadanos-bolivianos-que-mantenian-221-kilos-de-hoja-de-coca.jpg\",\"width\":1280,\"height\":720},{\"@type\":\"BreadcrumbList\",\"@id\":\"https:\\\/\\\/diarioellabrador.cl\\\/index.php\\\/2026\\\/04\\\/28\\\/decretan-prision-preventiva-para-tres-ciudadanos-bolivianos-que-mantenian-221-kilos-de-hoja-de-coca\\\/#breadcrumb\",\"itemListElement\":[{\"@type\":\"ListItem\",\"position\":1,\"name\":\"Portada\",\"item\":\"https:\\\/\\\/diarioellabrador.cl\\\/\"},{\"@type\":\"ListItem\",\"position\":2,\"name\":\"Decretan prisi\u00f3n preventiva para tres ciudadanos bolivianos que manten\u00edan 221 kilos de hoja de coca\"}]},{\"@type\":\"WebSite\",\"@id\":\"https:\\\/\\\/diarioellabrador.cl\\\/#website\",\"url\":\"https:\\\/\\\/diarioellabrador.cl\\\/\",\"name\":\"Diario El Labrador\",\"description\":\"Haciendo noticia desde 1921\",\"publisher\":{\"@id\":\"https:\\\/\\\/diarioellabrador.cl\\\/#organization\"},\"potentialAction\":[{\"@type\":\"SearchAction\",\"target\":{\"@type\":\"EntryPoint\",\"urlTemplate\":\"https:\\\/\\\/diarioellabrador.cl\\\/?s={search_term_string}\"},\"query-input\":{\"@type\":\"PropertyValueSpecification\",\"valueRequired\":true,\"valueName\":\"search_term_string\"}}],\"inLanguage\":\"es\"},{\"@type\":\"Organization\",\"@id\":\"https:\\\/\\\/diarioellabrador.cl\\\/#organization\",\"name\":\"Diario El Labrador\",\"url\":\"https:\\\/\\\/diarioellabrador.cl\\\/\",\"logo\":{\"@type\":\"ImageObject\",\"inLanguage\":\"es\",\"@id\":\"https:\\\/\\\/diarioellabrador.cl\\\/#\\\/schema\\\/logo\\\/image\\\/\",\"url\":\"https:\\\/\\\/diarioellabrador.cl\\\/wp-content\\\/uploads\\\/2025\\\/02\\\/cropped-Logo-Icono.png\",\"contentUrl\":\"https:\\\/\\\/diarioellabrador.cl\\\/wp-content\\\/uploads\\\/2025\\\/02\\\/cropped-Logo-Icono.png\",\"width\":512,\"height\":512,\"caption\":\"Diario El Labrador\"},\"image\":{\"@id\":\"https:\\\/\\\/diarioellabrador.cl\\\/#\\\/schema\\\/logo\\\/image\\\/\"},\"sameAs\":[\"https:\\\/\\\/web.facebook.com\\\/profile.php?id=61576120840621\",\"https:\\\/\\\/x.com\\\/ElLabradorOf\",\"https:\\\/\\\/www.instagram.com\\\/diarioellabradoroficial\\\/\"]},{\"@type\":\"Person\",\"@id\":\"https:\\\/\\\/diarioellabrador.cl\\\/#\\\/schema\\\/person\\\/bc25ff80b4563f9c7f4bd7855df01685\",\"name\":\"Editor\",\"image\":{\"@type\":\"ImageObject\",\"inLanguage\":\"es\",\"@id\":\"https:\\\/\\\/secure.gravatar.com\\\/avatar\\\/109c326cf2be5c04f048c2c2a2b8b6ef44bf3d8d1d3d4c55d0ac40c4bc994684?s=96&d=mm&r=g\",\"url\":\"https:\\\/\\\/secure.gravatar.com\\\/avatar\\\/109c326cf2be5c04f048c2c2a2b8b6ef44bf3d8d1d3d4c55d0ac40c4bc994684?s=96&d=mm&r=g\",\"contentUrl\":\"https:\\\/\\\/secure.gravatar.com\\\/avatar\\\/109c326cf2be5c04f048c2c2a2b8b6ef44bf3d8d1d3d4c55d0ac40c4bc994684?s=96&d=mm&r=g\",\"caption\":\"Editor\"},\"url\":\"https:\\\/\\\/diarioellabrador.cl\\\/index.php\\\/author\\\/editor\\\/\"}]}<\/script>\n<!-- \/ Yoast SEO plugin. -->","yoast_head_json":{"title":"Decretan prisi\u00f3n preventiva para tres ciudadanos bolivianos que manten\u00edan 221 kilos de hoja de coca - Diario El Labrador","robots":{"index":"index","follow":"follow","max-snippet":"max-snippet:-1","max-image-preview":"max-image-preview:large","max-video-preview":"max-video-preview:-1"},"canonical":"https:\/\/diarioellabrador.cl\/index.php\/2026\/04\/28\/decretan-prision-preventiva-para-tres-ciudadanos-bolivianos-que-mantenian-221-kilos-de-hoja-de-coca\/","og_locale":"es_ES","og_type":"article","og_title":"Decretan prisi\u00f3n preventiva para tres ciudadanos bolivianos que manten\u00edan 221 kilos de hoja de coca - Diario El Labrador","og_description":"El Ministerio P\u00fablico inicia una investigaci\u00f3n en su contra de dos mujeres y un hombre de nacionalidad boliviana por el delito de tr\u00e1fico il\u00edcito de drogas. Se indic\u00f3 que los imputados manten\u00edan y guardaban en el domicilio ubicado en pasaje Sangra en la poblaci\u00f3n Doctor Fern\u00e1ndez de la comuna de Melipilla, donde encontraron la cantidad Leer m\u00e1s","og_url":"https:\/\/diarioellabrador.cl\/index.php\/2026\/04\/28\/decretan-prision-preventiva-para-tres-ciudadanos-bolivianos-que-mantenian-221-kilos-de-hoja-de-coca\/","og_site_name":"Diario El Labrador","article_publisher":"https:\/\/web.facebook.com\/profile.php?id=61576120840621","article_published_time":"2026-04-28T22:09:06+00:00","article_modified_time":"2026-04-28T22:09:08+00:00","og_image":[{"width":1280,"height":720,"url":"https:\/\/diarioellabrador.cl\/wp-content\/uploads\/2026\/04\/Decretan-prision-preventiva-para-tres-ciudadanos-bolivianos-que-mantenian-221-kilos-de-hoja-de-coca.jpg","type":"image\/jpeg"}],"author":"Editor","twitter_card":"summary_large_image","twitter_creator":"@ElLabradorOf","twitter_site":"@ElLabradorOf","twitter_misc":{"Escrito por":"Editor","Tiempo de lectura":"1 minuto"},"schema":{"@context":"https:\/\/schema.org","@graph":[{"@type":"Article","@id":"https:\/\/diarioellabrador.cl\/index.php\/2026\/04\/28\/decretan-prision-preventiva-para-tres-ciudadanos-bolivianos-que-mantenian-221-kilos-de-hoja-de-coca\/#article","isPartOf":{"@id":"https:\/\/diarioellabrador.cl\/index.php\/2026\/04\/28\/decretan-prision-preventiva-para-tres-ciudadanos-bolivianos-que-mantenian-221-kilos-de-hoja-de-coca\/"},"author":{"name":"Editor","@id":"https:\/\/diarioellabrador.cl\/#\/schema\/person\/bc25ff80b4563f9c7f4bd7855df01685"},"headline":"Decretan prisi\u00f3n preventiva para tres ciudadanos bolivianos que manten\u00edan 221 kilos de hoja de coca","datePublished":"2026-04-28T22:09:06+00:00","dateModified":"2026-04-28T22:09:08+00:00","mainEntityOfPage":{"@id":"https:\/\/diarioellabrador.cl\/index.php\/2026\/04\/28\/decretan-prision-preventiva-para-tres-ciudadanos-bolivianos-que-mantenian-221-kilos-de-hoja-de-coca\/"},"wordCount":142,"commentCount":0,"publisher":{"@id":"https:\/\/diarioellabrador.cl\/#organization"},"image":{"@id":"https:\/\/diarioellabrador.cl\/index.php\/2026\/04\/28\/decretan-prision-preventiva-para-tres-ciudadanos-bolivianos-que-mantenian-221-kilos-de-hoja-de-coca\/#primaryimage"},"thumbnailUrl":"https:\/\/diarioellabrador.cl\/wp-content\/uploads\/2026\/04\/Decretan-prision-preventiva-para-tres-ciudadanos-bolivianos-que-mantenian-221-kilos-de-hoja-de-coca.jpg","articleSection":["Policial"],"inLanguage":"es","potentialAction":[{"@type":"CommentAction","name":"Comment","target":["https:\/\/diarioellabrador.cl\/index.php\/2026\/04\/28\/decretan-prision-preventiva-para-tres-ciudadanos-bolivianos-que-mantenian-221-kilos-de-hoja-de-coca\/#respond"]}]},{"@type":"WebPage","@id":"https:\/\/diarioellabrador.cl\/index.php\/2026\/04\/28\/decretan-prision-preventiva-para-tres-ciudadanos-bolivianos-que-mantenian-221-kilos-de-hoja-de-coca\/","url":"https:\/\/diarioellabrador.cl\/index.php\/2026\/04\/28\/decretan-prision-preventiva-para-tres-ciudadanos-bolivianos-que-mantenian-221-kilos-de-hoja-de-coca\/","name":"Decretan prisi\u00f3n preventiva para tres ciudadanos bolivianos que manten\u00edan 221 kilos de hoja de coca - Diario El Labrador","isPartOf":{"@id":"https:\/\/diarioellabrador.cl\/#website"},"primaryImageOfPage":{"@id":"https:\/\/diarioellabrador.cl\/index.php\/2026\/04\/28\/decretan-prision-preventiva-para-tres-ciudadanos-bolivianos-que-mantenian-221-kilos-de-hoja-de-coca\/#primaryimage"},"image":{"@id":"https:\/\/diarioellabrador.cl\/index.php\/2026\/04\/28\/decretan-prision-preventiva-para-tres-ciudadanos-bolivianos-que-mantenian-221-kilos-de-hoja-de-coca\/#primaryimage"},"thumbnailUrl":"https:\/\/diarioellabrador.cl\/wp-content\/uploads\/2026\/04\/Decretan-prision-preventiva-para-tres-ciudadanos-bolivianos-que-mantenian-221-kilos-de-hoja-de-coca.jpg","datePublished":"2026-04-28T22:09:06+00:00","dateModified":"2026-04-28T22:09:08+00:00","breadcrumb":{"@id":"https:\/\/diarioellabrador.cl\/index.php\/2026\/04\/28\/decretan-prision-preventiva-para-tres-ciudadanos-bolivianos-que-mantenian-221-kilos-de-hoja-de-coca\/#breadcrumb"},"inLanguage":"es","potentialAction":[{"@type":"ReadAction","target":["https:\/\/diarioellabrador.cl\/index.php\/2026\/04\/28\/decretan-prision-preventiva-para-tres-ciudadanos-bolivianos-que-mantenian-221-kilos-de-hoja-de-coca\/"]}]},{"@type":"ImageObject","inLanguage":"es","@id":"https:\/\/diarioellabrador.cl\/index.php\/2026\/04\/28\/decretan-prision-preventiva-para-tres-ciudadanos-bolivianos-que-mantenian-221-kilos-de-hoja-de-coca\/#primaryimage","url":"https:\/\/diarioellabrador.cl\/wp-content\/uploads\/2026\/04\/Decretan-prision-preventiva-para-tres-ciudadanos-bolivianos-que-mantenian-221-kilos-de-hoja-de-coca.jpg","contentUrl":"https:\/\/diarioellabrador.cl\/wp-content\/uploads\/2026\/04\/Decretan-prision-preventiva-para-tres-ciudadanos-bolivianos-que-mantenian-221-kilos-de-hoja-de-coca.jpg","width":1280,"height":720},{"@type":"BreadcrumbList","@id":"https:\/\/diarioellabrador.cl\/index.php\/2026\/04\/28\/decretan-prision-preventiva-para-tres-ciudadanos-bolivianos-que-mantenian-221-kilos-de-hoja-de-coca\/#breadcrumb","itemListElement":[{"@type":"ListItem","position":1,"name":"Portada","item":"https:\/\/diarioellabrador.cl\/"},{"@type":"ListItem","position":2,"name":"Decretan prisi\u00f3n preventiva para tres ciudadanos bolivianos que manten\u00edan 221 kilos de hoja de coca"}]},{"@type":"WebSite","@id":"https:\/\/diarioellabrador.cl\/#website","url":"https:\/\/diarioellabrador.cl\/","name":"Diario El Labrador","description":"Haciendo noticia desde 1921","publisher":{"@id":"https:\/\/diarioellabrador.cl\/#organization"},"potentialAction":[{"@type":"SearchAction","target":{"@type":"EntryPoint","urlTemplate":"https:\/\/diarioellabrador.cl\/?s={search_term_string}"},"query-input":{"@type":"PropertyValueSpecification","valueRequired":true,"valueName":"search_term_string"}}],"inLanguage":"es"},{"@type":"Organization","@id":"https:\/\/diarioellabrador.cl\/#organization","name":"Diario El Labrador","url":"https:\/\/diarioellabrador.cl\/","logo":{"@type":"ImageObject","inLanguage":"es","@id":"https:\/\/diarioellabrador.cl\/#\/schema\/logo\/image\/","url":"https:\/\/diarioellabrador.cl\/wp-content\/uploads\/2025\/02\/cropped-Logo-Icono.png","contentUrl":"https:\/\/diarioellabrador.cl\/wp-content\/uploads\/2025\/02\/cropped-Logo-Icono.png","width":512,"height":512,"caption":"Diario El Labrador"},"image":{"@id":"https:\/\/diarioellabrador.cl\/#\/schema\/logo\/image\/"},"sameAs":["https:\/\/web.facebook.com\/profile.php?id=61576120840621","https:\/\/x.com\/ElLabradorOf","https:\/\/www.instagram.com\/diarioellabradoroficial\/"]},{"@type":"Person","@id":"https:\/\/diarioellabrador.cl\/#\/schema\/person\/bc25ff80b4563f9c7f4bd7855df01685","name":"Editor","image":{"@type":"ImageObject","inLanguage":"es","@id":"https:\/\/secure.gravatar.com\/avatar\/109c326cf2be5c04f048c2c2a2b8b6ef44bf3d8d1d3d4c55d0ac40c4bc994684?s=96&d=mm&r=g","url":"https:\/\/secure.gravatar.com\/avatar\/109c326cf2be5c04f048c2c2a2b8b6ef44bf3d8d1d3d4c55d0ac40c4bc994684?s=96&d=mm&r=g","contentUrl":"https:\/\/secure.gravatar.com\/avatar\/109c326cf2be5c04f048c2c2a2b8b6ef44bf3d8d1d3d4c55d0ac40c4bc994684?s=96&d=mm&r=g","caption":"Editor"},"url":"https:\/\/diarioellabrador.cl\/index.php\/author\/editor\/"}]}},"_links":{"self":[{"href":"https:\/\/diarioellabrador.cl\/index.php\/wp-json\/wp\/v2\/posts\/18703","targetHints":{"allow":["GET"]}}],"collection":[{"href":"https:\/\/diarioellabrador.cl\/index.php\/wp-json\/wp\/v2\/posts"}],"about":[{"href":"https:\/\/diarioellabrador.cl\/index.php\/wp-json\/wp\/v2\/types\/post"}],"author":[{"embeddable":true,"href":"https:\/\/diarioellabrador.cl\/index.php\/wp-json\/wp\/v2\/users\/2"}],"replies":[{"embeddable":true,"href":"https:\/\/diarioellabrador.cl\/index.php\/wp-json\/wp\/v2\/comments?post=18703"}],"version-history":[{"count":1,"href":"https:\/\/diarioellabrador.cl\/index.php\/wp-json\/wp\/v2\/posts\/18703\/revisions"}],"predecessor-version":[{"id":18704,"href":"https:\/\/diarioellabrador.cl\/index.php\/wp-json\/wp\/v2\/posts\/18703\/revisions\/18704"}],"wp:featuredmedia":[{"embeddable":true,"href":"https:\/\/diarioellabrador.cl\/index.php\/wp-json\/wp\/v2\/media\/18662"}],"wp:attachment":[{"href":"https:\/\/diarioellabrador.cl\/index.php\/wp-json\/wp\/v2\/media?parent=18703"}],"wp:term":[{"taxonomy":"category","embeddable":true,"href":"https:\/\/diarioellabrador.cl\/index.php\/wp-json\/wp\/v2\/categories?post=18703"},{"taxonomy":"post_tag","embeddable":true,"href":"https:\/\/diarioellabrador.cl\/index.php\/wp-json\/wp\/v2\/tags?post=18703"}],"curies":[{"name":"wp","href":"https:\/\/api.w.org\/{rel}","templated":true}]}}