{"id":18701,"date":"2026-04-28T18:07:39","date_gmt":"2026-04-28T22:07:39","guid":{"rendered":"https:\/\/diarioellabrador.cl\/?p=18701"},"modified":"2026-04-28T18:07:41","modified_gmt":"2026-04-28T22:07:41","slug":"sujeto-fue-descubierto-con-las-prendas-de-vestir-que-el-dia-anterior-habian-robado-desde-un-inmueble","status":"publish","type":"post","link":"https:\/\/diarioellabrador.cl\/index.php\/2026\/04\/28\/sujeto-fue-descubierto-con-las-prendas-de-vestir-que-el-dia-anterior-habian-robado-desde-un-inmueble\/","title":{"rendered":"Sujeto fue descubierto con las prendas de vestir que el d\u00eda anterior hab\u00edan robado desde un inmueble"},"content":{"rendered":"\n<p>Personal de carabineros fue alertado que en el hospital de Melipilla hab\u00eda un hombre que estaba retenido por civiles<\/p>\n\n\n\n<p>En el lugar los uniformados fueron alertados por la v\u00edctima que el d\u00eda domingo hab\u00eda sufrido un robo en su vivienda donde se hab\u00edan llevado diversas especies entre ellas prendas de vestir y en la jornada de d\u00eda lunes un sujeto hasta su propiedad a preguntar por arriendo.<\/p>\n\n\n\n<p>Fue as\u00ed donde el afectado se percat\u00f3 que el individuo vest\u00eda la misma ropa que le hab\u00edan sustra\u00eddo el d\u00eda anterior y al encararlo el antisocial sali\u00f3 corriendo en direcci\u00f3n al hospital de Melipilla donde se encerr\u00f3 en un ba\u00f1o para sacar las especies que portaba en su mochila.<\/p>\n\n\n\n<p>Fue as\u00ed que junto a personal de seguridad p\u00fablica lo retuvieron hasta la llegada de carabineros quienes detuvieron a R.C.J. de 35 a\u00f1os quien presenta antecedentes por delitos similares de robo en lugar habitado. Su anterior detenci\u00f3n fue el d\u00eda 10 de abril luego de ser sorprendido por una ciudadana boliviana robando en el interior de un inmueble en calle Hurtado.<\/p>\n","protected":false},"excerpt":{"rendered":"<p>Personal de carabineros fue alertado que en el hospital de Melipilla hab\u00eda un hombre que estaba retenido por civiles En el lugar los uniformados fueron alertados por la v\u00edctima que el d\u00eda domingo hab\u00eda sufrido un robo en su vivienda donde se hab\u00edan llevado diversas especies entre ellas prendas de vestir y en la jornada<\/p>\n<div class=\"read-more-wrapper\"><a class=\"read-more\" href=\"https:\/\/diarioellabrador.cl\/index.php\/2026\/04\/28\/sujeto-fue-descubierto-con-las-prendas-de-vestir-que-el-dia-anterior-habian-robado-desde-un-inmueble\/\" title=\"Leer m\u00e1s\"> <span class=\"button \">Leer m\u00e1s<\/span><\/a><\/div>\n","protected":false},"author":2,"featured_media":18665,"comment_status":"open","ping_status":"open","sticky":false,"template":"","format":"standard","meta":{"footnotes":""},"categories":[3],"tags":[],"class_list":["post-18701","post","type-post","status-publish","format-standard","has-post-thumbnail","hentry","category-policial"],"yoast_head":"<!-- This site is optimized with the Yoast SEO plugin v27.5 - https:\/\/yoast.com\/product\/yoast-seo-wordpress\/ -->\n<title>Sujeto fue descubierto con las prendas de vestir que el d\u00eda anterior hab\u00edan robado desde un inmueble - Diario El Labrador<\/title>\n<meta name=\"robots\" content=\"index, follow, max-snippet:-1, max-image-preview:large, max-video-preview:-1\" \/>\n<link rel=\"canonical\" href=\"https:\/\/diarioellabrador.cl\/index.php\/2026\/04\/28\/sujeto-fue-descubierto-con-las-prendas-de-vestir-que-el-dia-anterior-habian-robado-desde-un-inmueble\/\" \/>\n<meta property=\"og:locale\" content=\"es_ES\" \/>\n<meta property=\"og:type\" content=\"article\" \/>\n<meta property=\"og:title\" content=\"Sujeto fue descubierto con las prendas de vestir que el d\u00eda anterior hab\u00edan robado desde un inmueble - Diario El Labrador\" \/>\n<meta property=\"og:description\" content=\"Personal de carabineros fue alertado que en el hospital de Melipilla hab\u00eda un hombre que estaba retenido por civiles En el lugar los uniformados fueron alertados por la v\u00edctima que el d\u00eda domingo hab\u00eda sufrido un robo en su vivienda donde se hab\u00edan llevado diversas especies entre ellas prendas de vestir y en la jornada Leer m\u00e1s\" \/>\n<meta property=\"og:url\" content=\"https:\/\/diarioellabrador.cl\/index.php\/2026\/04\/28\/sujeto-fue-descubierto-con-las-prendas-de-vestir-que-el-dia-anterior-habian-robado-desde-un-inmueble\/\" \/>\n<meta property=\"og:site_name\" content=\"Diario El Labrador\" \/>\n<meta property=\"article:publisher\" content=\"https:\/\/web.facebook.com\/profile.php?id=61576120840621\" \/>\n<meta property=\"article:published_time\" content=\"2026-04-28T22:07:39+00:00\" \/>\n<meta property=\"article:modified_time\" content=\"2026-04-28T22:07:41+00:00\" \/>\n<meta property=\"og:image\" content=\"https:\/\/diarioellabrador.cl\/wp-content\/uploads\/2026\/04\/Sujeto-fue-descubierto-con-las-prendas-de-vestir-que-el-dia-anterior-habian-robado-desde-un-inmueble.jpg\" \/>\n\t<meta property=\"og:image:width\" content=\"1900\" \/>\n\t<meta property=\"og:image:height\" content=\"1107\" \/>\n\t<meta property=\"og:image:type\" content=\"image\/jpeg\" \/>\n<meta name=\"author\" content=\"Editor\" \/>\n<meta name=\"twitter:card\" content=\"summary_large_image\" \/>\n<meta name=\"twitter:creator\" content=\"@ElLabradorOf\" \/>\n<meta name=\"twitter:site\" content=\"@ElLabradorOf\" \/>\n<meta name=\"twitter:label1\" content=\"Escrito por\" \/>\n\t<meta name=\"twitter:data1\" content=\"Editor\" \/>\n\t<meta name=\"twitter:label2\" content=\"Tiempo de lectura\" \/>\n\t<meta name=\"twitter:data2\" content=\"2 minutos\" \/>\n<script type=\"application\/ld+json\" class=\"yoast-schema-graph\">{\"@context\":\"https:\\\/\\\/schema.org\",\"@graph\":[{\"@type\":\"Article\",\"@id\":\"https:\\\/\\\/diarioellabrador.cl\\\/index.php\\\/2026\\\/04\\\/28\\\/sujeto-fue-descubierto-con-las-prendas-de-vestir-que-el-dia-anterior-habian-robado-desde-un-inmueble\\\/#article\",\"isPartOf\":{\"@id\":\"https:\\\/\\\/diarioellabrador.cl\\\/index.php\\\/2026\\\/04\\\/28\\\/sujeto-fue-descubierto-con-las-prendas-de-vestir-que-el-dia-anterior-habian-robado-desde-un-inmueble\\\/\"},\"author\":{\"name\":\"Editor\",\"@id\":\"https:\\\/\\\/diarioellabrador.cl\\\/#\\\/schema\\\/person\\\/bc25ff80b4563f9c7f4bd7855df01685\"},\"headline\":\"Sujeto fue descubierto con las prendas de vestir que el d\u00eda anterior hab\u00edan robado desde un inmueble\",\"datePublished\":\"2026-04-28T22:07:39+00:00\",\"dateModified\":\"2026-04-28T22:07:41+00:00\",\"mainEntityOfPage\":{\"@id\":\"https:\\\/\\\/diarioellabrador.cl\\\/index.php\\\/2026\\\/04\\\/28\\\/sujeto-fue-descubierto-con-las-prendas-de-vestir-que-el-dia-anterior-habian-robado-desde-un-inmueble\\\/\"},\"wordCount\":212,\"commentCount\":0,\"publisher\":{\"@id\":\"https:\\\/\\\/diarioellabrador.cl\\\/#organization\"},\"image\":{\"@id\":\"https:\\\/\\\/diarioellabrador.cl\\\/index.php\\\/2026\\\/04\\\/28\\\/sujeto-fue-descubierto-con-las-prendas-de-vestir-que-el-dia-anterior-habian-robado-desde-un-inmueble\\\/#primaryimage\"},\"thumbnailUrl\":\"https:\\\/\\\/diarioellabrador.cl\\\/wp-content\\\/uploads\\\/2026\\\/04\\\/Sujeto-fue-descubierto-con-las-prendas-de-vestir-que-el-dia-anterior-habian-robado-desde-un-inmueble.jpg\",\"articleSection\":[\"Policial\"],\"inLanguage\":\"es\",\"potentialAction\":[{\"@type\":\"CommentAction\",\"name\":\"Comment\",\"target\":[\"https:\\\/\\\/diarioellabrador.cl\\\/index.php\\\/2026\\\/04\\\/28\\\/sujeto-fue-descubierto-con-las-prendas-de-vestir-que-el-dia-anterior-habian-robado-desde-un-inmueble\\\/#respond\"]}]},{\"@type\":\"WebPage\",\"@id\":\"https:\\\/\\\/diarioellabrador.cl\\\/index.php\\\/2026\\\/04\\\/28\\\/sujeto-fue-descubierto-con-las-prendas-de-vestir-que-el-dia-anterior-habian-robado-desde-un-inmueble\\\/\",\"url\":\"https:\\\/\\\/diarioellabrador.cl\\\/index.php\\\/2026\\\/04\\\/28\\\/sujeto-fue-descubierto-con-las-prendas-de-vestir-que-el-dia-anterior-habian-robado-desde-un-inmueble\\\/\",\"name\":\"Sujeto fue descubierto con las prendas de vestir que el d\u00eda anterior hab\u00edan robado desde un inmueble - Diario El Labrador\",\"isPartOf\":{\"@id\":\"https:\\\/\\\/diarioellabrador.cl\\\/#website\"},\"primaryImageOfPage\":{\"@id\":\"https:\\\/\\\/diarioellabrador.cl\\\/index.php\\\/2026\\\/04\\\/28\\\/sujeto-fue-descubierto-con-las-prendas-de-vestir-que-el-dia-anterior-habian-robado-desde-un-inmueble\\\/#primaryimage\"},\"image\":{\"@id\":\"https:\\\/\\\/diarioellabrador.cl\\\/index.php\\\/2026\\\/04\\\/28\\\/sujeto-fue-descubierto-con-las-prendas-de-vestir-que-el-dia-anterior-habian-robado-desde-un-inmueble\\\/#primaryimage\"},\"thumbnailUrl\":\"https:\\\/\\\/diarioellabrador.cl\\\/wp-content\\\/uploads\\\/2026\\\/04\\\/Sujeto-fue-descubierto-con-las-prendas-de-vestir-que-el-dia-anterior-habian-robado-desde-un-inmueble.jpg\",\"datePublished\":\"2026-04-28T22:07:39+00:00\",\"dateModified\":\"2026-04-28T22:07:41+00:00\",\"breadcrumb\":{\"@id\":\"https:\\\/\\\/diarioellabrador.cl\\\/index.php\\\/2026\\\/04\\\/28\\\/sujeto-fue-descubierto-con-las-prendas-de-vestir-que-el-dia-anterior-habian-robado-desde-un-inmueble\\\/#breadcrumb\"},\"inLanguage\":\"es\",\"potentialAction\":[{\"@type\":\"ReadAction\",\"target\":[\"https:\\\/\\\/diarioellabrador.cl\\\/index.php\\\/2026\\\/04\\\/28\\\/sujeto-fue-descubierto-con-las-prendas-de-vestir-que-el-dia-anterior-habian-robado-desde-un-inmueble\\\/\"]}]},{\"@type\":\"ImageObject\",\"inLanguage\":\"es\",\"@id\":\"https:\\\/\\\/diarioellabrador.cl\\\/index.php\\\/2026\\\/04\\\/28\\\/sujeto-fue-descubierto-con-las-prendas-de-vestir-que-el-dia-anterior-habian-robado-desde-un-inmueble\\\/#primaryimage\",\"url\":\"https:\\\/\\\/diarioellabrador.cl\\\/wp-content\\\/uploads\\\/2026\\\/04\\\/Sujeto-fue-descubierto-con-las-prendas-de-vestir-que-el-dia-anterior-habian-robado-desde-un-inmueble.jpg\",\"contentUrl\":\"https:\\\/\\\/diarioellabrador.cl\\\/wp-content\\\/uploads\\\/2026\\\/04\\\/Sujeto-fue-descubierto-con-las-prendas-de-vestir-que-el-dia-anterior-habian-robado-desde-un-inmueble.jpg\",\"width\":1900,\"height\":1107},{\"@type\":\"BreadcrumbList\",\"@id\":\"https:\\\/\\\/diarioellabrador.cl\\\/index.php\\\/2026\\\/04\\\/28\\\/sujeto-fue-descubierto-con-las-prendas-de-vestir-que-el-dia-anterior-habian-robado-desde-un-inmueble\\\/#breadcrumb\",\"itemListElement\":[{\"@type\":\"ListItem\",\"position\":1,\"name\":\"Portada\",\"item\":\"https:\\\/\\\/diarioellabrador.cl\\\/\"},{\"@type\":\"ListItem\",\"position\":2,\"name\":\"Sujeto fue descubierto con las prendas de vestir que el d\u00eda anterior hab\u00edan robado desde un inmueble\"}]},{\"@type\":\"WebSite\",\"@id\":\"https:\\\/\\\/diarioellabrador.cl\\\/#website\",\"url\":\"https:\\\/\\\/diarioellabrador.cl\\\/\",\"name\":\"Diario El Labrador\",\"description\":\"Haciendo noticia desde 1921\",\"publisher\":{\"@id\":\"https:\\\/\\\/diarioellabrador.cl\\\/#organization\"},\"potentialAction\":[{\"@type\":\"SearchAction\",\"target\":{\"@type\":\"EntryPoint\",\"urlTemplate\":\"https:\\\/\\\/diarioellabrador.cl\\\/?s={search_term_string}\"},\"query-input\":{\"@type\":\"PropertyValueSpecification\",\"valueRequired\":true,\"valueName\":\"search_term_string\"}}],\"inLanguage\":\"es\"},{\"@type\":\"Organization\",\"@id\":\"https:\\\/\\\/diarioellabrador.cl\\\/#organization\",\"name\":\"Diario El Labrador\",\"url\":\"https:\\\/\\\/diarioellabrador.cl\\\/\",\"logo\":{\"@type\":\"ImageObject\",\"inLanguage\":\"es\",\"@id\":\"https:\\\/\\\/diarioellabrador.cl\\\/#\\\/schema\\\/logo\\\/image\\\/\",\"url\":\"https:\\\/\\\/diarioellabrador.cl\\\/wp-content\\\/uploads\\\/2025\\\/02\\\/cropped-Logo-Icono.png\",\"contentUrl\":\"https:\\\/\\\/diarioellabrador.cl\\\/wp-content\\\/uploads\\\/2025\\\/02\\\/cropped-Logo-Icono.png\",\"width\":512,\"height\":512,\"caption\":\"Diario El Labrador\"},\"image\":{\"@id\":\"https:\\\/\\\/diarioellabrador.cl\\\/#\\\/schema\\\/logo\\\/image\\\/\"},\"sameAs\":[\"https:\\\/\\\/web.facebook.com\\\/profile.php?id=61576120840621\",\"https:\\\/\\\/x.com\\\/ElLabradorOf\",\"https:\\\/\\\/www.instagram.com\\\/diarioellabradoroficial\\\/\"]},{\"@type\":\"Person\",\"@id\":\"https:\\\/\\\/diarioellabrador.cl\\\/#\\\/schema\\\/person\\\/bc25ff80b4563f9c7f4bd7855df01685\",\"name\":\"Editor\",\"image\":{\"@type\":\"ImageObject\",\"inLanguage\":\"es\",\"@id\":\"https:\\\/\\\/secure.gravatar.com\\\/avatar\\\/109c326cf2be5c04f048c2c2a2b8b6ef44bf3d8d1d3d4c55d0ac40c4bc994684?s=96&d=mm&r=g\",\"url\":\"https:\\\/\\\/secure.gravatar.com\\\/avatar\\\/109c326cf2be5c04f048c2c2a2b8b6ef44bf3d8d1d3d4c55d0ac40c4bc994684?s=96&d=mm&r=g\",\"contentUrl\":\"https:\\\/\\\/secure.gravatar.com\\\/avatar\\\/109c326cf2be5c04f048c2c2a2b8b6ef44bf3d8d1d3d4c55d0ac40c4bc994684?s=96&d=mm&r=g\",\"caption\":\"Editor\"},\"url\":\"https:\\\/\\\/diarioellabrador.cl\\\/index.php\\\/author\\\/editor\\\/\"}]}<\/script>\n<!-- \/ Yoast SEO plugin. -->","yoast_head_json":{"title":"Sujeto fue descubierto con las prendas de vestir que el d\u00eda anterior hab\u00edan robado desde un inmueble - Diario El Labrador","robots":{"index":"index","follow":"follow","max-snippet":"max-snippet:-1","max-image-preview":"max-image-preview:large","max-video-preview":"max-video-preview:-1"},"canonical":"https:\/\/diarioellabrador.cl\/index.php\/2026\/04\/28\/sujeto-fue-descubierto-con-las-prendas-de-vestir-que-el-dia-anterior-habian-robado-desde-un-inmueble\/","og_locale":"es_ES","og_type":"article","og_title":"Sujeto fue descubierto con las prendas de vestir que el d\u00eda anterior hab\u00edan robado desde un inmueble - Diario El Labrador","og_description":"Personal de carabineros fue alertado que en el hospital de Melipilla hab\u00eda un hombre que estaba retenido por civiles En el lugar los uniformados fueron alertados por la v\u00edctima que el d\u00eda domingo hab\u00eda sufrido un robo en su vivienda donde se hab\u00edan llevado diversas especies entre ellas prendas de vestir y en la jornada Leer m\u00e1s","og_url":"https:\/\/diarioellabrador.cl\/index.php\/2026\/04\/28\/sujeto-fue-descubierto-con-las-prendas-de-vestir-que-el-dia-anterior-habian-robado-desde-un-inmueble\/","og_site_name":"Diario El Labrador","article_publisher":"https:\/\/web.facebook.com\/profile.php?id=61576120840621","article_published_time":"2026-04-28T22:07:39+00:00","article_modified_time":"2026-04-28T22:07:41+00:00","og_image":[{"width":1900,"height":1107,"url":"https:\/\/diarioellabrador.cl\/wp-content\/uploads\/2026\/04\/Sujeto-fue-descubierto-con-las-prendas-de-vestir-que-el-dia-anterior-habian-robado-desde-un-inmueble.jpg","type":"image\/jpeg"}],"author":"Editor","twitter_card":"summary_large_image","twitter_creator":"@ElLabradorOf","twitter_site":"@ElLabradorOf","twitter_misc":{"Escrito por":"Editor","Tiempo de lectura":"2 minutos"},"schema":{"@context":"https:\/\/schema.org","@graph":[{"@type":"Article","@id":"https:\/\/diarioellabrador.cl\/index.php\/2026\/04\/28\/sujeto-fue-descubierto-con-las-prendas-de-vestir-que-el-dia-anterior-habian-robado-desde-un-inmueble\/#article","isPartOf":{"@id":"https:\/\/diarioellabrador.cl\/index.php\/2026\/04\/28\/sujeto-fue-descubierto-con-las-prendas-de-vestir-que-el-dia-anterior-habian-robado-desde-un-inmueble\/"},"author":{"name":"Editor","@id":"https:\/\/diarioellabrador.cl\/#\/schema\/person\/bc25ff80b4563f9c7f4bd7855df01685"},"headline":"Sujeto fue descubierto con las prendas de vestir que el d\u00eda anterior hab\u00edan robado desde un inmueble","datePublished":"2026-04-28T22:07:39+00:00","dateModified":"2026-04-28T22:07:41+00:00","mainEntityOfPage":{"@id":"https:\/\/diarioellabrador.cl\/index.php\/2026\/04\/28\/sujeto-fue-descubierto-con-las-prendas-de-vestir-que-el-dia-anterior-habian-robado-desde-un-inmueble\/"},"wordCount":212,"commentCount":0,"publisher":{"@id":"https:\/\/diarioellabrador.cl\/#organization"},"image":{"@id":"https:\/\/diarioellabrador.cl\/index.php\/2026\/04\/28\/sujeto-fue-descubierto-con-las-prendas-de-vestir-que-el-dia-anterior-habian-robado-desde-un-inmueble\/#primaryimage"},"thumbnailUrl":"https:\/\/diarioellabrador.cl\/wp-content\/uploads\/2026\/04\/Sujeto-fue-descubierto-con-las-prendas-de-vestir-que-el-dia-anterior-habian-robado-desde-un-inmueble.jpg","articleSection":["Policial"],"inLanguage":"es","potentialAction":[{"@type":"CommentAction","name":"Comment","target":["https:\/\/diarioellabrador.cl\/index.php\/2026\/04\/28\/sujeto-fue-descubierto-con-las-prendas-de-vestir-que-el-dia-anterior-habian-robado-desde-un-inmueble\/#respond"]}]},{"@type":"WebPage","@id":"https:\/\/diarioellabrador.cl\/index.php\/2026\/04\/28\/sujeto-fue-descubierto-con-las-prendas-de-vestir-que-el-dia-anterior-habian-robado-desde-un-inmueble\/","url":"https:\/\/diarioellabrador.cl\/index.php\/2026\/04\/28\/sujeto-fue-descubierto-con-las-prendas-de-vestir-que-el-dia-anterior-habian-robado-desde-un-inmueble\/","name":"Sujeto fue descubierto con las prendas de vestir que el d\u00eda anterior hab\u00edan robado desde un inmueble - Diario El Labrador","isPartOf":{"@id":"https:\/\/diarioellabrador.cl\/#website"},"primaryImageOfPage":{"@id":"https:\/\/diarioellabrador.cl\/index.php\/2026\/04\/28\/sujeto-fue-descubierto-con-las-prendas-de-vestir-que-el-dia-anterior-habian-robado-desde-un-inmueble\/#primaryimage"},"image":{"@id":"https:\/\/diarioellabrador.cl\/index.php\/2026\/04\/28\/sujeto-fue-descubierto-con-las-prendas-de-vestir-que-el-dia-anterior-habian-robado-desde-un-inmueble\/#primaryimage"},"thumbnailUrl":"https:\/\/diarioellabrador.cl\/wp-content\/uploads\/2026\/04\/Sujeto-fue-descubierto-con-las-prendas-de-vestir-que-el-dia-anterior-habian-robado-desde-un-inmueble.jpg","datePublished":"2026-04-28T22:07:39+00:00","dateModified":"2026-04-28T22:07:41+00:00","breadcrumb":{"@id":"https:\/\/diarioellabrador.cl\/index.php\/2026\/04\/28\/sujeto-fue-descubierto-con-las-prendas-de-vestir-que-el-dia-anterior-habian-robado-desde-un-inmueble\/#breadcrumb"},"inLanguage":"es","potentialAction":[{"@type":"ReadAction","target":["https:\/\/diarioellabrador.cl\/index.php\/2026\/04\/28\/sujeto-fue-descubierto-con-las-prendas-de-vestir-que-el-dia-anterior-habian-robado-desde-un-inmueble\/"]}]},{"@type":"ImageObject","inLanguage":"es","@id":"https:\/\/diarioellabrador.cl\/index.php\/2026\/04\/28\/sujeto-fue-descubierto-con-las-prendas-de-vestir-que-el-dia-anterior-habian-robado-desde-un-inmueble\/#primaryimage","url":"https:\/\/diarioellabrador.cl\/wp-content\/uploads\/2026\/04\/Sujeto-fue-descubierto-con-las-prendas-de-vestir-que-el-dia-anterior-habian-robado-desde-un-inmueble.jpg","contentUrl":"https:\/\/diarioellabrador.cl\/wp-content\/uploads\/2026\/04\/Sujeto-fue-descubierto-con-las-prendas-de-vestir-que-el-dia-anterior-habian-robado-desde-un-inmueble.jpg","width":1900,"height":1107},{"@type":"BreadcrumbList","@id":"https:\/\/diarioellabrador.cl\/index.php\/2026\/04\/28\/sujeto-fue-descubierto-con-las-prendas-de-vestir-que-el-dia-anterior-habian-robado-desde-un-inmueble\/#breadcrumb","itemListElement":[{"@type":"ListItem","position":1,"name":"Portada","item":"https:\/\/diarioellabrador.cl\/"},{"@type":"ListItem","position":2,"name":"Sujeto fue descubierto con las prendas de vestir que el d\u00eda anterior hab\u00edan robado desde un inmueble"}]},{"@type":"WebSite","@id":"https:\/\/diarioellabrador.cl\/#website","url":"https:\/\/diarioellabrador.cl\/","name":"Diario El Labrador","description":"Haciendo noticia desde 1921","publisher":{"@id":"https:\/\/diarioellabrador.cl\/#organization"},"potentialAction":[{"@type":"SearchAction","target":{"@type":"EntryPoint","urlTemplate":"https:\/\/diarioellabrador.cl\/?s={search_term_string}"},"query-input":{"@type":"PropertyValueSpecification","valueRequired":true,"valueName":"search_term_string"}}],"inLanguage":"es"},{"@type":"Organization","@id":"https:\/\/diarioellabrador.cl\/#organization","name":"Diario El Labrador","url":"https:\/\/diarioellabrador.cl\/","logo":{"@type":"ImageObject","inLanguage":"es","@id":"https:\/\/diarioellabrador.cl\/#\/schema\/logo\/image\/","url":"https:\/\/diarioellabrador.cl\/wp-content\/uploads\/2025\/02\/cropped-Logo-Icono.png","contentUrl":"https:\/\/diarioellabrador.cl\/wp-content\/uploads\/2025\/02\/cropped-Logo-Icono.png","width":512,"height":512,"caption":"Diario El Labrador"},"image":{"@id":"https:\/\/diarioellabrador.cl\/#\/schema\/logo\/image\/"},"sameAs":["https:\/\/web.facebook.com\/profile.php?id=61576120840621","https:\/\/x.com\/ElLabradorOf","https:\/\/www.instagram.com\/diarioellabradoroficial\/"]},{"@type":"Person","@id":"https:\/\/diarioellabrador.cl\/#\/schema\/person\/bc25ff80b4563f9c7f4bd7855df01685","name":"Editor","image":{"@type":"ImageObject","inLanguage":"es","@id":"https:\/\/secure.gravatar.com\/avatar\/109c326cf2be5c04f048c2c2a2b8b6ef44bf3d8d1d3d4c55d0ac40c4bc994684?s=96&d=mm&r=g","url":"https:\/\/secure.gravatar.com\/avatar\/109c326cf2be5c04f048c2c2a2b8b6ef44bf3d8d1d3d4c55d0ac40c4bc994684?s=96&d=mm&r=g","contentUrl":"https:\/\/secure.gravatar.com\/avatar\/109c326cf2be5c04f048c2c2a2b8b6ef44bf3d8d1d3d4c55d0ac40c4bc994684?s=96&d=mm&r=g","caption":"Editor"},"url":"https:\/\/diarioellabrador.cl\/index.php\/author\/editor\/"}]}},"_links":{"self":[{"href":"https:\/\/diarioellabrador.cl\/index.php\/wp-json\/wp\/v2\/posts\/18701","targetHints":{"allow":["GET"]}}],"collection":[{"href":"https:\/\/diarioellabrador.cl\/index.php\/wp-json\/wp\/v2\/posts"}],"about":[{"href":"https:\/\/diarioellabrador.cl\/index.php\/wp-json\/wp\/v2\/types\/post"}],"author":[{"embeddable":true,"href":"https:\/\/diarioellabrador.cl\/index.php\/wp-json\/wp\/v2\/users\/2"}],"replies":[{"embeddable":true,"href":"https:\/\/diarioellabrador.cl\/index.php\/wp-json\/wp\/v2\/comments?post=18701"}],"version-history":[{"count":1,"href":"https:\/\/diarioellabrador.cl\/index.php\/wp-json\/wp\/v2\/posts\/18701\/revisions"}],"predecessor-version":[{"id":18702,"href":"https:\/\/diarioellabrador.cl\/index.php\/wp-json\/wp\/v2\/posts\/18701\/revisions\/18702"}],"wp:featuredmedia":[{"embeddable":true,"href":"https:\/\/diarioellabrador.cl\/index.php\/wp-json\/wp\/v2\/media\/18665"}],"wp:attachment":[{"href":"https:\/\/diarioellabrador.cl\/index.php\/wp-json\/wp\/v2\/media?parent=18701"}],"wp:term":[{"taxonomy":"category","embeddable":true,"href":"https:\/\/diarioellabrador.cl\/index.php\/wp-json\/wp\/v2\/categories?post=18701"},{"taxonomy":"post_tag","embeddable":true,"href":"https:\/\/diarioellabrador.cl\/index.php\/wp-json\/wp\/v2\/tags?post=18701"}],"curies":[{"name":"wp","href":"https:\/\/api.w.org\/{rel}","templated":true}]}}