{"id":18699,"date":"2026-04-28T18:06:52","date_gmt":"2026-04-28T22:06:52","guid":{"rendered":"https:\/\/diarioellabrador.cl\/?p=18699"},"modified":"2026-04-28T18:06:53","modified_gmt":"2026-04-28T22:06:53","slug":"prision-preventiva-para-sujetos-vinculados-a-crimen-en-curacavi","status":"publish","type":"post","link":"https:\/\/diarioellabrador.cl\/index.php\/2026\/04\/28\/prision-preventiva-para-sujetos-vinculados-a-crimen-en-curacavi\/","title":{"rendered":"Prisi\u00f3n preventiva para sujetos vinculados a crimen en Curacav\u00ed"},"content":{"rendered":"\n<p>Luego que el pasado 7 de abril una persona de sexo masculino y de nacionalidad colombiana fuera encontrada maniatada y sin vida en las inmediaciones de la Cuesta Barriga, ruta 68, a la altura de la comuna de Curacav\u00ed, la investigaci\u00f3n encabezada por parte de la Brigada de Homicidios Metropolitana logr\u00f3 dar con tres de los presuntos autores de este crimen.<\/p>\n\n\n\n<p>Se trata de sujetos de nacionalidad extranjera vinculados a la organizaci\u00f3n criminal Tren de Aragua, quienes fueron formalizados en el Juzgado de Garant\u00eda de Curacav\u00ed, quedando con la medida cautelar de prisi\u00f3n preventiva mientras dure la investigaci\u00f3n.<\/p>\n\n\n\n<p>Al respecto, el fiscal jefe de la fiscal\u00eda local, Roberto Contreras, se\u00f1al\u00f3 que \u201cse formaliz\u00f3 la investigaci\u00f3n por el delito de secuestro con homicidio, y se determin\u00f3 por el tribunal el r\u00e9gimen cautelar de prisi\u00f3n preventiva, estableciendo un plazo de investigaci\u00f3n de 180 d\u00edas\u201d.<\/p>\n\n\n\n<p>Por su parte, el alcalde de la comuna, Christian Hern\u00e1ndez, valor\u00f3 el r\u00e1pido accionar tanto de las polic\u00edas como la fiscal\u00eda, al lograr resultados en el corto plazo. \u201cEsto nos da la tranquilidad de que esto est\u00e1 asociado a un crimen que se perpetra fuera de la comuna y que r\u00e1pidamente las autoridades de justicia fueron capaces de determinar e indagar los hechos\u201d.<\/p>\n","protected":false},"excerpt":{"rendered":"<p>Luego que el pasado 7 de abril una persona de sexo masculino y de nacionalidad colombiana fuera encontrada maniatada y sin vida en las inmediaciones de la Cuesta Barriga, ruta 68, a la altura de la comuna de Curacav\u00ed, la investigaci\u00f3n encabezada por parte de la Brigada de Homicidios Metropolitana logr\u00f3 dar con tres de<\/p>\n<div class=\"read-more-wrapper\"><a class=\"read-more\" href=\"https:\/\/diarioellabrador.cl\/index.php\/2026\/04\/28\/prision-preventiva-para-sujetos-vinculados-a-crimen-en-curacavi\/\" title=\"Leer m\u00e1s\"> <span class=\"button \">Leer m\u00e1s<\/span><\/a><\/div>\n","protected":false},"author":2,"featured_media":18669,"comment_status":"open","ping_status":"open","sticky":false,"template":"","format":"standard","meta":{"footnotes":""},"categories":[14,3],"tags":[],"class_list":["post-18699","post","type-post","status-publish","format-standard","has-post-thumbnail","hentry","category-destacados","category-policial"],"yoast_head":"<!-- This site is optimized with the Yoast SEO plugin v27.5 - https:\/\/yoast.com\/product\/yoast-seo-wordpress\/ -->\n<title>Prisi\u00f3n preventiva para sujetos vinculados a crimen en Curacav\u00ed - Diario El Labrador<\/title>\n<meta name=\"robots\" content=\"index, follow, max-snippet:-1, max-image-preview:large, max-video-preview:-1\" \/>\n<link rel=\"canonical\" href=\"https:\/\/diarioellabrador.cl\/index.php\/2026\/04\/28\/prision-preventiva-para-sujetos-vinculados-a-crimen-en-curacavi\/\" \/>\n<meta property=\"og:locale\" content=\"es_ES\" \/>\n<meta property=\"og:type\" content=\"article\" \/>\n<meta property=\"og:title\" content=\"Prisi\u00f3n preventiva para sujetos vinculados a crimen en Curacav\u00ed - Diario El Labrador\" \/>\n<meta property=\"og:description\" content=\"Luego que el pasado 7 de abril una persona de sexo masculino y de nacionalidad colombiana fuera encontrada maniatada y sin vida en las inmediaciones de la Cuesta Barriga, ruta 68, a la altura de la comuna de Curacav\u00ed, la investigaci\u00f3n encabezada por parte de la Brigada de Homicidios Metropolitana logr\u00f3 dar con tres de Leer m\u00e1s\" \/>\n<meta property=\"og:url\" content=\"https:\/\/diarioellabrador.cl\/index.php\/2026\/04\/28\/prision-preventiva-para-sujetos-vinculados-a-crimen-en-curacavi\/\" \/>\n<meta property=\"og:site_name\" content=\"Diario El Labrador\" \/>\n<meta property=\"article:publisher\" content=\"https:\/\/web.facebook.com\/profile.php?id=61576120840621\" \/>\n<meta property=\"article:published_time\" content=\"2026-04-28T22:06:52+00:00\" \/>\n<meta property=\"article:modified_time\" content=\"2026-04-28T22:06:53+00:00\" \/>\n<meta property=\"og:image\" content=\"https:\/\/diarioellabrador.cl\/wp-content\/uploads\/2026\/04\/Prision-preventiva-para-sujetos-vinculados-a-crimen-en-Curacavi.jpg\" \/>\n\t<meta property=\"og:image:width\" content=\"680\" \/>\n\t<meta property=\"og:image:height\" content=\"510\" \/>\n\t<meta property=\"og:image:type\" content=\"image\/jpeg\" \/>\n<meta name=\"author\" content=\"Editor\" \/>\n<meta name=\"twitter:card\" content=\"summary_large_image\" \/>\n<meta name=\"twitter:creator\" content=\"@ElLabradorOf\" \/>\n<meta name=\"twitter:site\" content=\"@ElLabradorOf\" \/>\n<meta name=\"twitter:label1\" content=\"Escrito por\" \/>\n\t<meta name=\"twitter:data1\" content=\"Editor\" \/>\n\t<meta name=\"twitter:label2\" content=\"Tiempo de lectura\" \/>\n\t<meta name=\"twitter:data2\" content=\"2 minutos\" \/>\n<script type=\"application\/ld+json\" class=\"yoast-schema-graph\">{\"@context\":\"https:\\\/\\\/schema.org\",\"@graph\":[{\"@type\":\"Article\",\"@id\":\"https:\\\/\\\/diarioellabrador.cl\\\/index.php\\\/2026\\\/04\\\/28\\\/prision-preventiva-para-sujetos-vinculados-a-crimen-en-curacavi\\\/#article\",\"isPartOf\":{\"@id\":\"https:\\\/\\\/diarioellabrador.cl\\\/index.php\\\/2026\\\/04\\\/28\\\/prision-preventiva-para-sujetos-vinculados-a-crimen-en-curacavi\\\/\"},\"author\":{\"name\":\"Editor\",\"@id\":\"https:\\\/\\\/diarioellabrador.cl\\\/#\\\/schema\\\/person\\\/bc25ff80b4563f9c7f4bd7855df01685\"},\"headline\":\"Prisi\u00f3n preventiva para sujetos vinculados a crimen en Curacav\u00ed\",\"datePublished\":\"2026-04-28T22:06:52+00:00\",\"dateModified\":\"2026-04-28T22:06:53+00:00\",\"mainEntityOfPage\":{\"@id\":\"https:\\\/\\\/diarioellabrador.cl\\\/index.php\\\/2026\\\/04\\\/28\\\/prision-preventiva-para-sujetos-vinculados-a-crimen-en-curacavi\\\/\"},\"wordCount\":229,\"commentCount\":0,\"publisher\":{\"@id\":\"https:\\\/\\\/diarioellabrador.cl\\\/#organization\"},\"image\":{\"@id\":\"https:\\\/\\\/diarioellabrador.cl\\\/index.php\\\/2026\\\/04\\\/28\\\/prision-preventiva-para-sujetos-vinculados-a-crimen-en-curacavi\\\/#primaryimage\"},\"thumbnailUrl\":\"https:\\\/\\\/diarioellabrador.cl\\\/wp-content\\\/uploads\\\/2026\\\/04\\\/Prision-preventiva-para-sujetos-vinculados-a-crimen-en-Curacavi.jpg\",\"articleSection\":[\"Destacados\",\"Policial\"],\"inLanguage\":\"es\",\"potentialAction\":[{\"@type\":\"CommentAction\",\"name\":\"Comment\",\"target\":[\"https:\\\/\\\/diarioellabrador.cl\\\/index.php\\\/2026\\\/04\\\/28\\\/prision-preventiva-para-sujetos-vinculados-a-crimen-en-curacavi\\\/#respond\"]}]},{\"@type\":\"WebPage\",\"@id\":\"https:\\\/\\\/diarioellabrador.cl\\\/index.php\\\/2026\\\/04\\\/28\\\/prision-preventiva-para-sujetos-vinculados-a-crimen-en-curacavi\\\/\",\"url\":\"https:\\\/\\\/diarioellabrador.cl\\\/index.php\\\/2026\\\/04\\\/28\\\/prision-preventiva-para-sujetos-vinculados-a-crimen-en-curacavi\\\/\",\"name\":\"Prisi\u00f3n preventiva para sujetos vinculados a crimen en Curacav\u00ed - Diario El Labrador\",\"isPartOf\":{\"@id\":\"https:\\\/\\\/diarioellabrador.cl\\\/#website\"},\"primaryImageOfPage\":{\"@id\":\"https:\\\/\\\/diarioellabrador.cl\\\/index.php\\\/2026\\\/04\\\/28\\\/prision-preventiva-para-sujetos-vinculados-a-crimen-en-curacavi\\\/#primaryimage\"},\"image\":{\"@id\":\"https:\\\/\\\/diarioellabrador.cl\\\/index.php\\\/2026\\\/04\\\/28\\\/prision-preventiva-para-sujetos-vinculados-a-crimen-en-curacavi\\\/#primaryimage\"},\"thumbnailUrl\":\"https:\\\/\\\/diarioellabrador.cl\\\/wp-content\\\/uploads\\\/2026\\\/04\\\/Prision-preventiva-para-sujetos-vinculados-a-crimen-en-Curacavi.jpg\",\"datePublished\":\"2026-04-28T22:06:52+00:00\",\"dateModified\":\"2026-04-28T22:06:53+00:00\",\"breadcrumb\":{\"@id\":\"https:\\\/\\\/diarioellabrador.cl\\\/index.php\\\/2026\\\/04\\\/28\\\/prision-preventiva-para-sujetos-vinculados-a-crimen-en-curacavi\\\/#breadcrumb\"},\"inLanguage\":\"es\",\"potentialAction\":[{\"@type\":\"ReadAction\",\"target\":[\"https:\\\/\\\/diarioellabrador.cl\\\/index.php\\\/2026\\\/04\\\/28\\\/prision-preventiva-para-sujetos-vinculados-a-crimen-en-curacavi\\\/\"]}]},{\"@type\":\"ImageObject\",\"inLanguage\":\"es\",\"@id\":\"https:\\\/\\\/diarioellabrador.cl\\\/index.php\\\/2026\\\/04\\\/28\\\/prision-preventiva-para-sujetos-vinculados-a-crimen-en-curacavi\\\/#primaryimage\",\"url\":\"https:\\\/\\\/diarioellabrador.cl\\\/wp-content\\\/uploads\\\/2026\\\/04\\\/Prision-preventiva-para-sujetos-vinculados-a-crimen-en-Curacavi.jpg\",\"contentUrl\":\"https:\\\/\\\/diarioellabrador.cl\\\/wp-content\\\/uploads\\\/2026\\\/04\\\/Prision-preventiva-para-sujetos-vinculados-a-crimen-en-Curacavi.jpg\",\"width\":680,\"height\":510},{\"@type\":\"BreadcrumbList\",\"@id\":\"https:\\\/\\\/diarioellabrador.cl\\\/index.php\\\/2026\\\/04\\\/28\\\/prision-preventiva-para-sujetos-vinculados-a-crimen-en-curacavi\\\/#breadcrumb\",\"itemListElement\":[{\"@type\":\"ListItem\",\"position\":1,\"name\":\"Portada\",\"item\":\"https:\\\/\\\/diarioellabrador.cl\\\/\"},{\"@type\":\"ListItem\",\"position\":2,\"name\":\"Prisi\u00f3n preventiva para sujetos vinculados a crimen en Curacav\u00ed\"}]},{\"@type\":\"WebSite\",\"@id\":\"https:\\\/\\\/diarioellabrador.cl\\\/#website\",\"url\":\"https:\\\/\\\/diarioellabrador.cl\\\/\",\"name\":\"Diario El Labrador\",\"description\":\"Haciendo noticia desde 1921\",\"publisher\":{\"@id\":\"https:\\\/\\\/diarioellabrador.cl\\\/#organization\"},\"potentialAction\":[{\"@type\":\"SearchAction\",\"target\":{\"@type\":\"EntryPoint\",\"urlTemplate\":\"https:\\\/\\\/diarioellabrador.cl\\\/?s={search_term_string}\"},\"query-input\":{\"@type\":\"PropertyValueSpecification\",\"valueRequired\":true,\"valueName\":\"search_term_string\"}}],\"inLanguage\":\"es\"},{\"@type\":\"Organization\",\"@id\":\"https:\\\/\\\/diarioellabrador.cl\\\/#organization\",\"name\":\"Diario El Labrador\",\"url\":\"https:\\\/\\\/diarioellabrador.cl\\\/\",\"logo\":{\"@type\":\"ImageObject\",\"inLanguage\":\"es\",\"@id\":\"https:\\\/\\\/diarioellabrador.cl\\\/#\\\/schema\\\/logo\\\/image\\\/\",\"url\":\"https:\\\/\\\/diarioellabrador.cl\\\/wp-content\\\/uploads\\\/2025\\\/02\\\/cropped-Logo-Icono.png\",\"contentUrl\":\"https:\\\/\\\/diarioellabrador.cl\\\/wp-content\\\/uploads\\\/2025\\\/02\\\/cropped-Logo-Icono.png\",\"width\":512,\"height\":512,\"caption\":\"Diario El Labrador\"},\"image\":{\"@id\":\"https:\\\/\\\/diarioellabrador.cl\\\/#\\\/schema\\\/logo\\\/image\\\/\"},\"sameAs\":[\"https:\\\/\\\/web.facebook.com\\\/profile.php?id=61576120840621\",\"https:\\\/\\\/x.com\\\/ElLabradorOf\",\"https:\\\/\\\/www.instagram.com\\\/diarioellabradoroficial\\\/\"]},{\"@type\":\"Person\",\"@id\":\"https:\\\/\\\/diarioellabrador.cl\\\/#\\\/schema\\\/person\\\/bc25ff80b4563f9c7f4bd7855df01685\",\"name\":\"Editor\",\"image\":{\"@type\":\"ImageObject\",\"inLanguage\":\"es\",\"@id\":\"https:\\\/\\\/secure.gravatar.com\\\/avatar\\\/109c326cf2be5c04f048c2c2a2b8b6ef44bf3d8d1d3d4c55d0ac40c4bc994684?s=96&d=mm&r=g\",\"url\":\"https:\\\/\\\/secure.gravatar.com\\\/avatar\\\/109c326cf2be5c04f048c2c2a2b8b6ef44bf3d8d1d3d4c55d0ac40c4bc994684?s=96&d=mm&r=g\",\"contentUrl\":\"https:\\\/\\\/secure.gravatar.com\\\/avatar\\\/109c326cf2be5c04f048c2c2a2b8b6ef44bf3d8d1d3d4c55d0ac40c4bc994684?s=96&d=mm&r=g\",\"caption\":\"Editor\"},\"url\":\"https:\\\/\\\/diarioellabrador.cl\\\/index.php\\\/author\\\/editor\\\/\"}]}<\/script>\n<!-- \/ Yoast SEO plugin. -->","yoast_head_json":{"title":"Prisi\u00f3n preventiva para sujetos vinculados a crimen en Curacav\u00ed - Diario El Labrador","robots":{"index":"index","follow":"follow","max-snippet":"max-snippet:-1","max-image-preview":"max-image-preview:large","max-video-preview":"max-video-preview:-1"},"canonical":"https:\/\/diarioellabrador.cl\/index.php\/2026\/04\/28\/prision-preventiva-para-sujetos-vinculados-a-crimen-en-curacavi\/","og_locale":"es_ES","og_type":"article","og_title":"Prisi\u00f3n preventiva para sujetos vinculados a crimen en Curacav\u00ed - Diario El Labrador","og_description":"Luego que el pasado 7 de abril una persona de sexo masculino y de nacionalidad colombiana fuera encontrada maniatada y sin vida en las inmediaciones de la Cuesta Barriga, ruta 68, a la altura de la comuna de Curacav\u00ed, la investigaci\u00f3n encabezada por parte de la Brigada de Homicidios Metropolitana logr\u00f3 dar con tres de Leer m\u00e1s","og_url":"https:\/\/diarioellabrador.cl\/index.php\/2026\/04\/28\/prision-preventiva-para-sujetos-vinculados-a-crimen-en-curacavi\/","og_site_name":"Diario El Labrador","article_publisher":"https:\/\/web.facebook.com\/profile.php?id=61576120840621","article_published_time":"2026-04-28T22:06:52+00:00","article_modified_time":"2026-04-28T22:06:53+00:00","og_image":[{"width":680,"height":510,"url":"https:\/\/diarioellabrador.cl\/wp-content\/uploads\/2026\/04\/Prision-preventiva-para-sujetos-vinculados-a-crimen-en-Curacavi.jpg","type":"image\/jpeg"}],"author":"Editor","twitter_card":"summary_large_image","twitter_creator":"@ElLabradorOf","twitter_site":"@ElLabradorOf","twitter_misc":{"Escrito por":"Editor","Tiempo de lectura":"2 minutos"},"schema":{"@context":"https:\/\/schema.org","@graph":[{"@type":"Article","@id":"https:\/\/diarioellabrador.cl\/index.php\/2026\/04\/28\/prision-preventiva-para-sujetos-vinculados-a-crimen-en-curacavi\/#article","isPartOf":{"@id":"https:\/\/diarioellabrador.cl\/index.php\/2026\/04\/28\/prision-preventiva-para-sujetos-vinculados-a-crimen-en-curacavi\/"},"author":{"name":"Editor","@id":"https:\/\/diarioellabrador.cl\/#\/schema\/person\/bc25ff80b4563f9c7f4bd7855df01685"},"headline":"Prisi\u00f3n preventiva para sujetos vinculados a crimen en Curacav\u00ed","datePublished":"2026-04-28T22:06:52+00:00","dateModified":"2026-04-28T22:06:53+00:00","mainEntityOfPage":{"@id":"https:\/\/diarioellabrador.cl\/index.php\/2026\/04\/28\/prision-preventiva-para-sujetos-vinculados-a-crimen-en-curacavi\/"},"wordCount":229,"commentCount":0,"publisher":{"@id":"https:\/\/diarioellabrador.cl\/#organization"},"image":{"@id":"https:\/\/diarioellabrador.cl\/index.php\/2026\/04\/28\/prision-preventiva-para-sujetos-vinculados-a-crimen-en-curacavi\/#primaryimage"},"thumbnailUrl":"https:\/\/diarioellabrador.cl\/wp-content\/uploads\/2026\/04\/Prision-preventiva-para-sujetos-vinculados-a-crimen-en-Curacavi.jpg","articleSection":["Destacados","Policial"],"inLanguage":"es","potentialAction":[{"@type":"CommentAction","name":"Comment","target":["https:\/\/diarioellabrador.cl\/index.php\/2026\/04\/28\/prision-preventiva-para-sujetos-vinculados-a-crimen-en-curacavi\/#respond"]}]},{"@type":"WebPage","@id":"https:\/\/diarioellabrador.cl\/index.php\/2026\/04\/28\/prision-preventiva-para-sujetos-vinculados-a-crimen-en-curacavi\/","url":"https:\/\/diarioellabrador.cl\/index.php\/2026\/04\/28\/prision-preventiva-para-sujetos-vinculados-a-crimen-en-curacavi\/","name":"Prisi\u00f3n preventiva para sujetos vinculados a crimen en Curacav\u00ed - Diario El Labrador","isPartOf":{"@id":"https:\/\/diarioellabrador.cl\/#website"},"primaryImageOfPage":{"@id":"https:\/\/diarioellabrador.cl\/index.php\/2026\/04\/28\/prision-preventiva-para-sujetos-vinculados-a-crimen-en-curacavi\/#primaryimage"},"image":{"@id":"https:\/\/diarioellabrador.cl\/index.php\/2026\/04\/28\/prision-preventiva-para-sujetos-vinculados-a-crimen-en-curacavi\/#primaryimage"},"thumbnailUrl":"https:\/\/diarioellabrador.cl\/wp-content\/uploads\/2026\/04\/Prision-preventiva-para-sujetos-vinculados-a-crimen-en-Curacavi.jpg","datePublished":"2026-04-28T22:06:52+00:00","dateModified":"2026-04-28T22:06:53+00:00","breadcrumb":{"@id":"https:\/\/diarioellabrador.cl\/index.php\/2026\/04\/28\/prision-preventiva-para-sujetos-vinculados-a-crimen-en-curacavi\/#breadcrumb"},"inLanguage":"es","potentialAction":[{"@type":"ReadAction","target":["https:\/\/diarioellabrador.cl\/index.php\/2026\/04\/28\/prision-preventiva-para-sujetos-vinculados-a-crimen-en-curacavi\/"]}]},{"@type":"ImageObject","inLanguage":"es","@id":"https:\/\/diarioellabrador.cl\/index.php\/2026\/04\/28\/prision-preventiva-para-sujetos-vinculados-a-crimen-en-curacavi\/#primaryimage","url":"https:\/\/diarioellabrador.cl\/wp-content\/uploads\/2026\/04\/Prision-preventiva-para-sujetos-vinculados-a-crimen-en-Curacavi.jpg","contentUrl":"https:\/\/diarioellabrador.cl\/wp-content\/uploads\/2026\/04\/Prision-preventiva-para-sujetos-vinculados-a-crimen-en-Curacavi.jpg","width":680,"height":510},{"@type":"BreadcrumbList","@id":"https:\/\/diarioellabrador.cl\/index.php\/2026\/04\/28\/prision-preventiva-para-sujetos-vinculados-a-crimen-en-curacavi\/#breadcrumb","itemListElement":[{"@type":"ListItem","position":1,"name":"Portada","item":"https:\/\/diarioellabrador.cl\/"},{"@type":"ListItem","position":2,"name":"Prisi\u00f3n preventiva para sujetos vinculados a crimen en Curacav\u00ed"}]},{"@type":"WebSite","@id":"https:\/\/diarioellabrador.cl\/#website","url":"https:\/\/diarioellabrador.cl\/","name":"Diario El Labrador","description":"Haciendo noticia desde 1921","publisher":{"@id":"https:\/\/diarioellabrador.cl\/#organization"},"potentialAction":[{"@type":"SearchAction","target":{"@type":"EntryPoint","urlTemplate":"https:\/\/diarioellabrador.cl\/?s={search_term_string}"},"query-input":{"@type":"PropertyValueSpecification","valueRequired":true,"valueName":"search_term_string"}}],"inLanguage":"es"},{"@type":"Organization","@id":"https:\/\/diarioellabrador.cl\/#organization","name":"Diario El Labrador","url":"https:\/\/diarioellabrador.cl\/","logo":{"@type":"ImageObject","inLanguage":"es","@id":"https:\/\/diarioellabrador.cl\/#\/schema\/logo\/image\/","url":"https:\/\/diarioellabrador.cl\/wp-content\/uploads\/2025\/02\/cropped-Logo-Icono.png","contentUrl":"https:\/\/diarioellabrador.cl\/wp-content\/uploads\/2025\/02\/cropped-Logo-Icono.png","width":512,"height":512,"caption":"Diario El Labrador"},"image":{"@id":"https:\/\/diarioellabrador.cl\/#\/schema\/logo\/image\/"},"sameAs":["https:\/\/web.facebook.com\/profile.php?id=61576120840621","https:\/\/x.com\/ElLabradorOf","https:\/\/www.instagram.com\/diarioellabradoroficial\/"]},{"@type":"Person","@id":"https:\/\/diarioellabrador.cl\/#\/schema\/person\/bc25ff80b4563f9c7f4bd7855df01685","name":"Editor","image":{"@type":"ImageObject","inLanguage":"es","@id":"https:\/\/secure.gravatar.com\/avatar\/109c326cf2be5c04f048c2c2a2b8b6ef44bf3d8d1d3d4c55d0ac40c4bc994684?s=96&d=mm&r=g","url":"https:\/\/secure.gravatar.com\/avatar\/109c326cf2be5c04f048c2c2a2b8b6ef44bf3d8d1d3d4c55d0ac40c4bc994684?s=96&d=mm&r=g","contentUrl":"https:\/\/secure.gravatar.com\/avatar\/109c326cf2be5c04f048c2c2a2b8b6ef44bf3d8d1d3d4c55d0ac40c4bc994684?s=96&d=mm&r=g","caption":"Editor"},"url":"https:\/\/diarioellabrador.cl\/index.php\/author\/editor\/"}]}},"_links":{"self":[{"href":"https:\/\/diarioellabrador.cl\/index.php\/wp-json\/wp\/v2\/posts\/18699","targetHints":{"allow":["GET"]}}],"collection":[{"href":"https:\/\/diarioellabrador.cl\/index.php\/wp-json\/wp\/v2\/posts"}],"about":[{"href":"https:\/\/diarioellabrador.cl\/index.php\/wp-json\/wp\/v2\/types\/post"}],"author":[{"embeddable":true,"href":"https:\/\/diarioellabrador.cl\/index.php\/wp-json\/wp\/v2\/users\/2"}],"replies":[{"embeddable":true,"href":"https:\/\/diarioellabrador.cl\/index.php\/wp-json\/wp\/v2\/comments?post=18699"}],"version-history":[{"count":1,"href":"https:\/\/diarioellabrador.cl\/index.php\/wp-json\/wp\/v2\/posts\/18699\/revisions"}],"predecessor-version":[{"id":18700,"href":"https:\/\/diarioellabrador.cl\/index.php\/wp-json\/wp\/v2\/posts\/18699\/revisions\/18700"}],"wp:featuredmedia":[{"embeddable":true,"href":"https:\/\/diarioellabrador.cl\/index.php\/wp-json\/wp\/v2\/media\/18669"}],"wp:attachment":[{"href":"https:\/\/diarioellabrador.cl\/index.php\/wp-json\/wp\/v2\/media?parent=18699"}],"wp:term":[{"taxonomy":"category","embeddable":true,"href":"https:\/\/diarioellabrador.cl\/index.php\/wp-json\/wp\/v2\/categories?post=18699"},{"taxonomy":"post_tag","embeddable":true,"href":"https:\/\/diarioellabrador.cl\/index.php\/wp-json\/wp\/v2\/tags?post=18699"}],"curies":[{"name":"wp","href":"https:\/\/api.w.org\/{rel}","templated":true}]}}