{"id":18691,"date":"2026-04-28T18:02:55","date_gmt":"2026-04-28T22:02:55","guid":{"rendered":"https:\/\/diarioellabrador.cl\/?p=18691"},"modified":"2026-04-28T18:02:58","modified_gmt":"2026-04-28T22:02:58","slug":"competidores-acusan-que-quedaron-sin-medalla-en-10k-de-maraton-de-santiago-organizacion-salio-al-paso","status":"publish","type":"post","link":"https:\/\/diarioellabrador.cl\/index.php\/2026\/04\/28\/competidores-acusan-que-quedaron-sin-medalla-en-10k-de-maraton-de-santiago-organizacion-salio-al-paso\/","title":{"rendered":"Competidores acusan que quedaron sin medalla en 10K de Marat\u00f3n de Santiago: organizaci\u00f3n sali\u00f3 al paso"},"content":{"rendered":"\n<p>La <strong>Marat\u00f3n de Santiago<\/strong> volvi\u00f3 este domingo a tomar las calles de la capital, reuniendo a miles de corredores en distintas distancias. Sin embargo, al concluir la carrera de 10K aparecieron <strong>quejas<\/strong> por parte de los participantes.<\/p>\n\n\n\n<p>Tras cruzar la meta, corredores de aquella distancia denunciaron de inmediato una <strong>falta de medallas<\/strong> por parte de la organizaci\u00f3n.<\/p>\n\n\n\n<p>En un comentario que r\u00e1pidamente se viraliz\u00f3 en redes sociales, una usuaria relat\u00f3 que \u201c<strong>fui a buscar mi medalla y la respuesta que me dan es \u2018que hicimos un mal c\u00e1lculo\u2019. No me cabe en la cabeza\u2026 Adem\u00e1s hab\u00eda solo un punto de hidrataci\u00f3n<\/strong>\u201d.<\/p>\n\n\n\n<p>Otro competidor apunt\u00f3 que \u201c<strong>de la productora no hay respuesta porque los chicos del staff no manejan la informaci\u00f3n. Fuimos muchos corredores los que quedamos sin medalla<\/strong>\u201c.<\/p>\n\n\n\n<p><a href=\"https:\/\/www.biobiochile.cl\/\" target=\"_blank\" rel=\"noreferrer noopener\">BioBioChile<\/a> se contact\u00f3 con la productora encargada de la organizaci\u00f3n del evento. Apuntaron que la situaci\u00f3n de la falta de preseas es actualmente <strong>materia de an\u00e1lisis<\/strong>.<\/p>\n\n\n\n<p>Adem\u00e1s, la organizaci\u00f3n comparti\u00f3 una declaraci\u00f3n de la directora ejecutiva del Marat\u00f3n de Santiago, Francisca Aguirre.<\/p>\n\n\n\n<p>&nbsp;\u201c<strong>Quiero que tengan la seguridad de que de una u otra forma les va a llegar su medalla. Pedirles disculpas a toda esa gente que no recibi\u00f3 su medalla porque m\u00e1s all\u00e1 de que haya sido por el problema que haya sido, todos se merecen y esperan recibir<\/strong>\u201d, indic\u00f3.<\/p>\n\n\n\n<p>\u201c<strong>El de recibir su medalla est\u00e1 aclarado y nunca ha sido tema de discusi\u00f3n. Jam\u00e1s mandar\u00edamos a hacer menos medallas de la cantidad de gente que corre. Eso es algo a lo que no nos expondr\u00edamos nunca bajo ning\u00fan punto de vista. Algo tiene que haber pasado<\/strong>\u201d, agreg\u00f3.<\/p>\n\n\n\n<p>En la misma l\u00ednea, Aguirre apunt\u00f3 que \u201c<strong>la soluci\u00f3n va a llegar, van a tener su medalla y la van a poder disfrutar\u2026 No sabemos si es que llegaron muchos colados, que a veces tambi\u00e9n pasa. No sabemos si es que hay algunas cajas que est\u00e1n a\u00fan en alguna camioneta<\/strong>\u201d.<\/p>\n","protected":false},"excerpt":{"rendered":"<p>La Marat\u00f3n de Santiago volvi\u00f3 este domingo a tomar las calles de la capital, reuniendo a miles de corredores en distintas distancias. Sin embargo, al concluir la carrera de 10K aparecieron quejas por parte de los participantes. Tras cruzar la meta, corredores de aquella distancia denunciaron de inmediato una falta de medallas por parte de<\/p>\n<div class=\"read-more-wrapper\"><a class=\"read-more\" href=\"https:\/\/diarioellabrador.cl\/index.php\/2026\/04\/28\/competidores-acusan-que-quedaron-sin-medalla-en-10k-de-maraton-de-santiago-organizacion-salio-al-paso\/\" title=\"Leer m\u00e1s\"> <span class=\"button \">Leer m\u00e1s<\/span><\/a><\/div>\n","protected":false},"author":2,"featured_media":18687,"comment_status":"open","ping_status":"open","sticky":false,"template":"","format":"standard","meta":{"footnotes":""},"categories":[4],"tags":[],"class_list":["post-18691","post","type-post","status-publish","format-standard","has-post-thumbnail","hentry","category-deportes"],"yoast_head":"<!-- This site is optimized with the Yoast SEO plugin v27.5 - https:\/\/yoast.com\/product\/yoast-seo-wordpress\/ -->\n<title>Competidores acusan que quedaron sin medalla en 10K de Marat\u00f3n de Santiago: organizaci\u00f3n sali\u00f3 al paso - Diario El Labrador<\/title>\n<meta name=\"robots\" content=\"index, follow, max-snippet:-1, max-image-preview:large, max-video-preview:-1\" \/>\n<link rel=\"canonical\" href=\"https:\/\/diarioellabrador.cl\/index.php\/2026\/04\/28\/competidores-acusan-que-quedaron-sin-medalla-en-10k-de-maraton-de-santiago-organizacion-salio-al-paso\/\" \/>\n<meta property=\"og:locale\" content=\"es_ES\" \/>\n<meta property=\"og:type\" content=\"article\" \/>\n<meta property=\"og:title\" content=\"Competidores acusan que quedaron sin medalla en 10K de Marat\u00f3n de Santiago: organizaci\u00f3n sali\u00f3 al paso - Diario El Labrador\" \/>\n<meta property=\"og:description\" content=\"La Marat\u00f3n de Santiago volvi\u00f3 este domingo a tomar las calles de la capital, reuniendo a miles de corredores en distintas distancias. Sin embargo, al concluir la carrera de 10K aparecieron quejas por parte de los participantes. Tras cruzar la meta, corredores de aquella distancia denunciaron de inmediato una falta de medallas por parte de Leer m\u00e1s\" \/>\n<meta property=\"og:url\" content=\"https:\/\/diarioellabrador.cl\/index.php\/2026\/04\/28\/competidores-acusan-que-quedaron-sin-medalla-en-10k-de-maraton-de-santiago-organizacion-salio-al-paso\/\" \/>\n<meta property=\"og:site_name\" content=\"Diario El Labrador\" \/>\n<meta property=\"article:publisher\" content=\"https:\/\/web.facebook.com\/profile.php?id=61576120840621\" \/>\n<meta property=\"article:published_time\" content=\"2026-04-28T22:02:55+00:00\" \/>\n<meta property=\"article:modified_time\" content=\"2026-04-28T22:02:58+00:00\" \/>\n<meta property=\"og:image\" content=\"https:\/\/diarioellabrador.cl\/wp-content\/uploads\/2026\/04\/Competidores-acusan-que-quedaron-sin-medalla-en-10K-de-Maraton-de-Santiago-organizacion-salio-al-paso.jpeg\" \/>\n\t<meta property=\"og:image:width\" content=\"1423\" \/>\n\t<meta property=\"og:image:height\" content=\"800\" \/>\n\t<meta property=\"og:image:type\" content=\"image\/jpeg\" \/>\n<meta name=\"author\" content=\"Editor\" \/>\n<meta name=\"twitter:card\" content=\"summary_large_image\" \/>\n<meta name=\"twitter:creator\" content=\"@ElLabradorOf\" \/>\n<meta name=\"twitter:site\" content=\"@ElLabradorOf\" \/>\n<meta name=\"twitter:label1\" content=\"Escrito por\" \/>\n\t<meta name=\"twitter:data1\" content=\"Editor\" \/>\n\t<meta name=\"twitter:label2\" content=\"Tiempo de lectura\" \/>\n\t<meta name=\"twitter:data2\" content=\"2 minutos\" \/>\n<script type=\"application\/ld+json\" class=\"yoast-schema-graph\">{\"@context\":\"https:\\\/\\\/schema.org\",\"@graph\":[{\"@type\":\"Article\",\"@id\":\"https:\\\/\\\/diarioellabrador.cl\\\/index.php\\\/2026\\\/04\\\/28\\\/competidores-acusan-que-quedaron-sin-medalla-en-10k-de-maraton-de-santiago-organizacion-salio-al-paso\\\/#article\",\"isPartOf\":{\"@id\":\"https:\\\/\\\/diarioellabrador.cl\\\/index.php\\\/2026\\\/04\\\/28\\\/competidores-acusan-que-quedaron-sin-medalla-en-10k-de-maraton-de-santiago-organizacion-salio-al-paso\\\/\"},\"author\":{\"name\":\"Editor\",\"@id\":\"https:\\\/\\\/diarioellabrador.cl\\\/#\\\/schema\\\/person\\\/bc25ff80b4563f9c7f4bd7855df01685\"},\"headline\":\"Competidores acusan que quedaron sin medalla en 10K de Marat\u00f3n de Santiago: organizaci\u00f3n sali\u00f3 al paso\",\"datePublished\":\"2026-04-28T22:02:55+00:00\",\"dateModified\":\"2026-04-28T22:02:58+00:00\",\"mainEntityOfPage\":{\"@id\":\"https:\\\/\\\/diarioellabrador.cl\\\/index.php\\\/2026\\\/04\\\/28\\\/competidores-acusan-que-quedaron-sin-medalla-en-10k-de-maraton-de-santiago-organizacion-salio-al-paso\\\/\"},\"wordCount\":362,\"commentCount\":0,\"publisher\":{\"@id\":\"https:\\\/\\\/diarioellabrador.cl\\\/#organization\"},\"image\":{\"@id\":\"https:\\\/\\\/diarioellabrador.cl\\\/index.php\\\/2026\\\/04\\\/28\\\/competidores-acusan-que-quedaron-sin-medalla-en-10k-de-maraton-de-santiago-organizacion-salio-al-paso\\\/#primaryimage\"},\"thumbnailUrl\":\"https:\\\/\\\/diarioellabrador.cl\\\/wp-content\\\/uploads\\\/2026\\\/04\\\/Competidores-acusan-que-quedaron-sin-medalla-en-10K-de-Maraton-de-Santiago-organizacion-salio-al-paso.jpeg\",\"articleSection\":[\"Deportes\"],\"inLanguage\":\"es\",\"potentialAction\":[{\"@type\":\"CommentAction\",\"name\":\"Comment\",\"target\":[\"https:\\\/\\\/diarioellabrador.cl\\\/index.php\\\/2026\\\/04\\\/28\\\/competidores-acusan-que-quedaron-sin-medalla-en-10k-de-maraton-de-santiago-organizacion-salio-al-paso\\\/#respond\"]}]},{\"@type\":\"WebPage\",\"@id\":\"https:\\\/\\\/diarioellabrador.cl\\\/index.php\\\/2026\\\/04\\\/28\\\/competidores-acusan-que-quedaron-sin-medalla-en-10k-de-maraton-de-santiago-organizacion-salio-al-paso\\\/\",\"url\":\"https:\\\/\\\/diarioellabrador.cl\\\/index.php\\\/2026\\\/04\\\/28\\\/competidores-acusan-que-quedaron-sin-medalla-en-10k-de-maraton-de-santiago-organizacion-salio-al-paso\\\/\",\"name\":\"Competidores acusan que quedaron sin medalla en 10K de Marat\u00f3n de Santiago: organizaci\u00f3n sali\u00f3 al paso - Diario El Labrador\",\"isPartOf\":{\"@id\":\"https:\\\/\\\/diarioellabrador.cl\\\/#website\"},\"primaryImageOfPage\":{\"@id\":\"https:\\\/\\\/diarioellabrador.cl\\\/index.php\\\/2026\\\/04\\\/28\\\/competidores-acusan-que-quedaron-sin-medalla-en-10k-de-maraton-de-santiago-organizacion-salio-al-paso\\\/#primaryimage\"},\"image\":{\"@id\":\"https:\\\/\\\/diarioellabrador.cl\\\/index.php\\\/2026\\\/04\\\/28\\\/competidores-acusan-que-quedaron-sin-medalla-en-10k-de-maraton-de-santiago-organizacion-salio-al-paso\\\/#primaryimage\"},\"thumbnailUrl\":\"https:\\\/\\\/diarioellabrador.cl\\\/wp-content\\\/uploads\\\/2026\\\/04\\\/Competidores-acusan-que-quedaron-sin-medalla-en-10K-de-Maraton-de-Santiago-organizacion-salio-al-paso.jpeg\",\"datePublished\":\"2026-04-28T22:02:55+00:00\",\"dateModified\":\"2026-04-28T22:02:58+00:00\",\"breadcrumb\":{\"@id\":\"https:\\\/\\\/diarioellabrador.cl\\\/index.php\\\/2026\\\/04\\\/28\\\/competidores-acusan-que-quedaron-sin-medalla-en-10k-de-maraton-de-santiago-organizacion-salio-al-paso\\\/#breadcrumb\"},\"inLanguage\":\"es\",\"potentialAction\":[{\"@type\":\"ReadAction\",\"target\":[\"https:\\\/\\\/diarioellabrador.cl\\\/index.php\\\/2026\\\/04\\\/28\\\/competidores-acusan-que-quedaron-sin-medalla-en-10k-de-maraton-de-santiago-organizacion-salio-al-paso\\\/\"]}]},{\"@type\":\"ImageObject\",\"inLanguage\":\"es\",\"@id\":\"https:\\\/\\\/diarioellabrador.cl\\\/index.php\\\/2026\\\/04\\\/28\\\/competidores-acusan-que-quedaron-sin-medalla-en-10k-de-maraton-de-santiago-organizacion-salio-al-paso\\\/#primaryimage\",\"url\":\"https:\\\/\\\/diarioellabrador.cl\\\/wp-content\\\/uploads\\\/2026\\\/04\\\/Competidores-acusan-que-quedaron-sin-medalla-en-10K-de-Maraton-de-Santiago-organizacion-salio-al-paso.jpeg\",\"contentUrl\":\"https:\\\/\\\/diarioellabrador.cl\\\/wp-content\\\/uploads\\\/2026\\\/04\\\/Competidores-acusan-que-quedaron-sin-medalla-en-10K-de-Maraton-de-Santiago-organizacion-salio-al-paso.jpeg\",\"width\":1423,\"height\":800},{\"@type\":\"BreadcrumbList\",\"@id\":\"https:\\\/\\\/diarioellabrador.cl\\\/index.php\\\/2026\\\/04\\\/28\\\/competidores-acusan-que-quedaron-sin-medalla-en-10k-de-maraton-de-santiago-organizacion-salio-al-paso\\\/#breadcrumb\",\"itemListElement\":[{\"@type\":\"ListItem\",\"position\":1,\"name\":\"Portada\",\"item\":\"https:\\\/\\\/diarioellabrador.cl\\\/\"},{\"@type\":\"ListItem\",\"position\":2,\"name\":\"Competidores acusan que quedaron sin medalla en 10K de Marat\u00f3n de Santiago: organizaci\u00f3n sali\u00f3 al paso\"}]},{\"@type\":\"WebSite\",\"@id\":\"https:\\\/\\\/diarioellabrador.cl\\\/#website\",\"url\":\"https:\\\/\\\/diarioellabrador.cl\\\/\",\"name\":\"Diario El Labrador\",\"description\":\"Haciendo noticia desde 1921\",\"publisher\":{\"@id\":\"https:\\\/\\\/diarioellabrador.cl\\\/#organization\"},\"potentialAction\":[{\"@type\":\"SearchAction\",\"target\":{\"@type\":\"EntryPoint\",\"urlTemplate\":\"https:\\\/\\\/diarioellabrador.cl\\\/?s={search_term_string}\"},\"query-input\":{\"@type\":\"PropertyValueSpecification\",\"valueRequired\":true,\"valueName\":\"search_term_string\"}}],\"inLanguage\":\"es\"},{\"@type\":\"Organization\",\"@id\":\"https:\\\/\\\/diarioellabrador.cl\\\/#organization\",\"name\":\"Diario El Labrador\",\"url\":\"https:\\\/\\\/diarioellabrador.cl\\\/\",\"logo\":{\"@type\":\"ImageObject\",\"inLanguage\":\"es\",\"@id\":\"https:\\\/\\\/diarioellabrador.cl\\\/#\\\/schema\\\/logo\\\/image\\\/\",\"url\":\"https:\\\/\\\/diarioellabrador.cl\\\/wp-content\\\/uploads\\\/2025\\\/02\\\/cropped-Logo-Icono.png\",\"contentUrl\":\"https:\\\/\\\/diarioellabrador.cl\\\/wp-content\\\/uploads\\\/2025\\\/02\\\/cropped-Logo-Icono.png\",\"width\":512,\"height\":512,\"caption\":\"Diario El Labrador\"},\"image\":{\"@id\":\"https:\\\/\\\/diarioellabrador.cl\\\/#\\\/schema\\\/logo\\\/image\\\/\"},\"sameAs\":[\"https:\\\/\\\/web.facebook.com\\\/profile.php?id=61576120840621\",\"https:\\\/\\\/x.com\\\/ElLabradorOf\",\"https:\\\/\\\/www.instagram.com\\\/diarioellabradoroficial\\\/\"]},{\"@type\":\"Person\",\"@id\":\"https:\\\/\\\/diarioellabrador.cl\\\/#\\\/schema\\\/person\\\/bc25ff80b4563f9c7f4bd7855df01685\",\"name\":\"Editor\",\"image\":{\"@type\":\"ImageObject\",\"inLanguage\":\"es\",\"@id\":\"https:\\\/\\\/secure.gravatar.com\\\/avatar\\\/109c326cf2be5c04f048c2c2a2b8b6ef44bf3d8d1d3d4c55d0ac40c4bc994684?s=96&d=mm&r=g\",\"url\":\"https:\\\/\\\/secure.gravatar.com\\\/avatar\\\/109c326cf2be5c04f048c2c2a2b8b6ef44bf3d8d1d3d4c55d0ac40c4bc994684?s=96&d=mm&r=g\",\"contentUrl\":\"https:\\\/\\\/secure.gravatar.com\\\/avatar\\\/109c326cf2be5c04f048c2c2a2b8b6ef44bf3d8d1d3d4c55d0ac40c4bc994684?s=96&d=mm&r=g\",\"caption\":\"Editor\"},\"url\":\"https:\\\/\\\/diarioellabrador.cl\\\/index.php\\\/author\\\/editor\\\/\"}]}<\/script>\n<!-- \/ Yoast SEO plugin. -->","yoast_head_json":{"title":"Competidores acusan que quedaron sin medalla en 10K de Marat\u00f3n de Santiago: organizaci\u00f3n sali\u00f3 al paso - Diario El Labrador","robots":{"index":"index","follow":"follow","max-snippet":"max-snippet:-1","max-image-preview":"max-image-preview:large","max-video-preview":"max-video-preview:-1"},"canonical":"https:\/\/diarioellabrador.cl\/index.php\/2026\/04\/28\/competidores-acusan-que-quedaron-sin-medalla-en-10k-de-maraton-de-santiago-organizacion-salio-al-paso\/","og_locale":"es_ES","og_type":"article","og_title":"Competidores acusan que quedaron sin medalla en 10K de Marat\u00f3n de Santiago: organizaci\u00f3n sali\u00f3 al paso - Diario El Labrador","og_description":"La Marat\u00f3n de Santiago volvi\u00f3 este domingo a tomar las calles de la capital, reuniendo a miles de corredores en distintas distancias. Sin embargo, al concluir la carrera de 10K aparecieron quejas por parte de los participantes. Tras cruzar la meta, corredores de aquella distancia denunciaron de inmediato una falta de medallas por parte de Leer m\u00e1s","og_url":"https:\/\/diarioellabrador.cl\/index.php\/2026\/04\/28\/competidores-acusan-que-quedaron-sin-medalla-en-10k-de-maraton-de-santiago-organizacion-salio-al-paso\/","og_site_name":"Diario El Labrador","article_publisher":"https:\/\/web.facebook.com\/profile.php?id=61576120840621","article_published_time":"2026-04-28T22:02:55+00:00","article_modified_time":"2026-04-28T22:02:58+00:00","og_image":[{"width":1423,"height":800,"url":"https:\/\/diarioellabrador.cl\/wp-content\/uploads\/2026\/04\/Competidores-acusan-que-quedaron-sin-medalla-en-10K-de-Maraton-de-Santiago-organizacion-salio-al-paso.jpeg","type":"image\/jpeg"}],"author":"Editor","twitter_card":"summary_large_image","twitter_creator":"@ElLabradorOf","twitter_site":"@ElLabradorOf","twitter_misc":{"Escrito por":"Editor","Tiempo de lectura":"2 minutos"},"schema":{"@context":"https:\/\/schema.org","@graph":[{"@type":"Article","@id":"https:\/\/diarioellabrador.cl\/index.php\/2026\/04\/28\/competidores-acusan-que-quedaron-sin-medalla-en-10k-de-maraton-de-santiago-organizacion-salio-al-paso\/#article","isPartOf":{"@id":"https:\/\/diarioellabrador.cl\/index.php\/2026\/04\/28\/competidores-acusan-que-quedaron-sin-medalla-en-10k-de-maraton-de-santiago-organizacion-salio-al-paso\/"},"author":{"name":"Editor","@id":"https:\/\/diarioellabrador.cl\/#\/schema\/person\/bc25ff80b4563f9c7f4bd7855df01685"},"headline":"Competidores acusan que quedaron sin medalla en 10K de Marat\u00f3n de Santiago: organizaci\u00f3n sali\u00f3 al paso","datePublished":"2026-04-28T22:02:55+00:00","dateModified":"2026-04-28T22:02:58+00:00","mainEntityOfPage":{"@id":"https:\/\/diarioellabrador.cl\/index.php\/2026\/04\/28\/competidores-acusan-que-quedaron-sin-medalla-en-10k-de-maraton-de-santiago-organizacion-salio-al-paso\/"},"wordCount":362,"commentCount":0,"publisher":{"@id":"https:\/\/diarioellabrador.cl\/#organization"},"image":{"@id":"https:\/\/diarioellabrador.cl\/index.php\/2026\/04\/28\/competidores-acusan-que-quedaron-sin-medalla-en-10k-de-maraton-de-santiago-organizacion-salio-al-paso\/#primaryimage"},"thumbnailUrl":"https:\/\/diarioellabrador.cl\/wp-content\/uploads\/2026\/04\/Competidores-acusan-que-quedaron-sin-medalla-en-10K-de-Maraton-de-Santiago-organizacion-salio-al-paso.jpeg","articleSection":["Deportes"],"inLanguage":"es","potentialAction":[{"@type":"CommentAction","name":"Comment","target":["https:\/\/diarioellabrador.cl\/index.php\/2026\/04\/28\/competidores-acusan-que-quedaron-sin-medalla-en-10k-de-maraton-de-santiago-organizacion-salio-al-paso\/#respond"]}]},{"@type":"WebPage","@id":"https:\/\/diarioellabrador.cl\/index.php\/2026\/04\/28\/competidores-acusan-que-quedaron-sin-medalla-en-10k-de-maraton-de-santiago-organizacion-salio-al-paso\/","url":"https:\/\/diarioellabrador.cl\/index.php\/2026\/04\/28\/competidores-acusan-que-quedaron-sin-medalla-en-10k-de-maraton-de-santiago-organizacion-salio-al-paso\/","name":"Competidores acusan que quedaron sin medalla en 10K de Marat\u00f3n de Santiago: organizaci\u00f3n sali\u00f3 al paso - Diario El Labrador","isPartOf":{"@id":"https:\/\/diarioellabrador.cl\/#website"},"primaryImageOfPage":{"@id":"https:\/\/diarioellabrador.cl\/index.php\/2026\/04\/28\/competidores-acusan-que-quedaron-sin-medalla-en-10k-de-maraton-de-santiago-organizacion-salio-al-paso\/#primaryimage"},"image":{"@id":"https:\/\/diarioellabrador.cl\/index.php\/2026\/04\/28\/competidores-acusan-que-quedaron-sin-medalla-en-10k-de-maraton-de-santiago-organizacion-salio-al-paso\/#primaryimage"},"thumbnailUrl":"https:\/\/diarioellabrador.cl\/wp-content\/uploads\/2026\/04\/Competidores-acusan-que-quedaron-sin-medalla-en-10K-de-Maraton-de-Santiago-organizacion-salio-al-paso.jpeg","datePublished":"2026-04-28T22:02:55+00:00","dateModified":"2026-04-28T22:02:58+00:00","breadcrumb":{"@id":"https:\/\/diarioellabrador.cl\/index.php\/2026\/04\/28\/competidores-acusan-que-quedaron-sin-medalla-en-10k-de-maraton-de-santiago-organizacion-salio-al-paso\/#breadcrumb"},"inLanguage":"es","potentialAction":[{"@type":"ReadAction","target":["https:\/\/diarioellabrador.cl\/index.php\/2026\/04\/28\/competidores-acusan-que-quedaron-sin-medalla-en-10k-de-maraton-de-santiago-organizacion-salio-al-paso\/"]}]},{"@type":"ImageObject","inLanguage":"es","@id":"https:\/\/diarioellabrador.cl\/index.php\/2026\/04\/28\/competidores-acusan-que-quedaron-sin-medalla-en-10k-de-maraton-de-santiago-organizacion-salio-al-paso\/#primaryimage","url":"https:\/\/diarioellabrador.cl\/wp-content\/uploads\/2026\/04\/Competidores-acusan-que-quedaron-sin-medalla-en-10K-de-Maraton-de-Santiago-organizacion-salio-al-paso.jpeg","contentUrl":"https:\/\/diarioellabrador.cl\/wp-content\/uploads\/2026\/04\/Competidores-acusan-que-quedaron-sin-medalla-en-10K-de-Maraton-de-Santiago-organizacion-salio-al-paso.jpeg","width":1423,"height":800},{"@type":"BreadcrumbList","@id":"https:\/\/diarioellabrador.cl\/index.php\/2026\/04\/28\/competidores-acusan-que-quedaron-sin-medalla-en-10k-de-maraton-de-santiago-organizacion-salio-al-paso\/#breadcrumb","itemListElement":[{"@type":"ListItem","position":1,"name":"Portada","item":"https:\/\/diarioellabrador.cl\/"},{"@type":"ListItem","position":2,"name":"Competidores acusan que quedaron sin medalla en 10K de Marat\u00f3n de Santiago: organizaci\u00f3n sali\u00f3 al paso"}]},{"@type":"WebSite","@id":"https:\/\/diarioellabrador.cl\/#website","url":"https:\/\/diarioellabrador.cl\/","name":"Diario El Labrador","description":"Haciendo noticia desde 1921","publisher":{"@id":"https:\/\/diarioellabrador.cl\/#organization"},"potentialAction":[{"@type":"SearchAction","target":{"@type":"EntryPoint","urlTemplate":"https:\/\/diarioellabrador.cl\/?s={search_term_string}"},"query-input":{"@type":"PropertyValueSpecification","valueRequired":true,"valueName":"search_term_string"}}],"inLanguage":"es"},{"@type":"Organization","@id":"https:\/\/diarioellabrador.cl\/#organization","name":"Diario El Labrador","url":"https:\/\/diarioellabrador.cl\/","logo":{"@type":"ImageObject","inLanguage":"es","@id":"https:\/\/diarioellabrador.cl\/#\/schema\/logo\/image\/","url":"https:\/\/diarioellabrador.cl\/wp-content\/uploads\/2025\/02\/cropped-Logo-Icono.png","contentUrl":"https:\/\/diarioellabrador.cl\/wp-content\/uploads\/2025\/02\/cropped-Logo-Icono.png","width":512,"height":512,"caption":"Diario El Labrador"},"image":{"@id":"https:\/\/diarioellabrador.cl\/#\/schema\/logo\/image\/"},"sameAs":["https:\/\/web.facebook.com\/profile.php?id=61576120840621","https:\/\/x.com\/ElLabradorOf","https:\/\/www.instagram.com\/diarioellabradoroficial\/"]},{"@type":"Person","@id":"https:\/\/diarioellabrador.cl\/#\/schema\/person\/bc25ff80b4563f9c7f4bd7855df01685","name":"Editor","image":{"@type":"ImageObject","inLanguage":"es","@id":"https:\/\/secure.gravatar.com\/avatar\/109c326cf2be5c04f048c2c2a2b8b6ef44bf3d8d1d3d4c55d0ac40c4bc994684?s=96&d=mm&r=g","url":"https:\/\/secure.gravatar.com\/avatar\/109c326cf2be5c04f048c2c2a2b8b6ef44bf3d8d1d3d4c55d0ac40c4bc994684?s=96&d=mm&r=g","contentUrl":"https:\/\/secure.gravatar.com\/avatar\/109c326cf2be5c04f048c2c2a2b8b6ef44bf3d8d1d3d4c55d0ac40c4bc994684?s=96&d=mm&r=g","caption":"Editor"},"url":"https:\/\/diarioellabrador.cl\/index.php\/author\/editor\/"}]}},"_links":{"self":[{"href":"https:\/\/diarioellabrador.cl\/index.php\/wp-json\/wp\/v2\/posts\/18691","targetHints":{"allow":["GET"]}}],"collection":[{"href":"https:\/\/diarioellabrador.cl\/index.php\/wp-json\/wp\/v2\/posts"}],"about":[{"href":"https:\/\/diarioellabrador.cl\/index.php\/wp-json\/wp\/v2\/types\/post"}],"author":[{"embeddable":true,"href":"https:\/\/diarioellabrador.cl\/index.php\/wp-json\/wp\/v2\/users\/2"}],"replies":[{"embeddable":true,"href":"https:\/\/diarioellabrador.cl\/index.php\/wp-json\/wp\/v2\/comments?post=18691"}],"version-history":[{"count":1,"href":"https:\/\/diarioellabrador.cl\/index.php\/wp-json\/wp\/v2\/posts\/18691\/revisions"}],"predecessor-version":[{"id":18692,"href":"https:\/\/diarioellabrador.cl\/index.php\/wp-json\/wp\/v2\/posts\/18691\/revisions\/18692"}],"wp:featuredmedia":[{"embeddable":true,"href":"https:\/\/diarioellabrador.cl\/index.php\/wp-json\/wp\/v2\/media\/18687"}],"wp:attachment":[{"href":"https:\/\/diarioellabrador.cl\/index.php\/wp-json\/wp\/v2\/media?parent=18691"}],"wp:term":[{"taxonomy":"category","embeddable":true,"href":"https:\/\/diarioellabrador.cl\/index.php\/wp-json\/wp\/v2\/categories?post=18691"},{"taxonomy":"post_tag","embeddable":true,"href":"https:\/\/diarioellabrador.cl\/index.php\/wp-json\/wp\/v2\/tags?post=18691"}],"curies":[{"name":"wp","href":"https:\/\/api.w.org\/{rel}","templated":true}]}}