{"id":18648,"date":"2026-04-27T18:45:32","date_gmt":"2026-04-27T22:45:32","guid":{"rendered":"https:\/\/diarioellabrador.cl\/?p=18648"},"modified":"2026-04-27T18:45:33","modified_gmt":"2026-04-27T22:45:33","slug":"melipilla-ya-esta-preparada-para-el-gran-fondo-2026-una-fiesta-de-ciclismo-en-la-viluma","status":"publish","type":"post","link":"https:\/\/diarioellabrador.cl\/index.php\/2026\/04\/27\/melipilla-ya-esta-preparada-para-el-gran-fondo-2026-una-fiesta-de-ciclismo-en-la-viluma\/","title":{"rendered":"Melipilla ya est\u00e1 preparada para el Gran Fondo 2026: una fiesta de ciclismo en la Viluma"},"content":{"rendered":"\n<p>Por Johnny Ahumada Sep\u00falveda<\/p>\n\n\n\n<p>Melipilla y su constante iniciativa por incentivar al deporte, se alista para recibir a cientos de ciclistas y familias en el Gran Fondo Melipilla 2026, un evento que promete convertirse en una gran celebraci\u00f3n del ciclismo en el coraz\u00f3n de la comuna, lo que genera grandes expectativas entre deportistas y visitantes que quieran venir a participar.<\/p>\n\n\n\n<p>La comuna que se encuentra en plena preparaci\u00f3n para albergar esta competencia ciclista, que atraer\u00e1 participantes de todas las edades y categor\u00edas. Se espera que el Gran Fondo impulse el turismo y la actividad en la comuna, similar a otros grandes fondos chilenos en 2026 como el que fue en Curacav\u00ed, un \u00e9xito total. Las autoridades organizadoras de la competici\u00f3n trabajan arduamente para garantizar una experiencia segura y familiar.<\/p>\n\n\n\n<p>Esta competici\u00f3n se destaca por promover el ciclismo como deporte accesible en la zona. Forma parte del calendario de fondos en Chile, con rankings como el de RideChile que reconocen a los mejores competidores de la temporada. En esta ocasi\u00f3n ser\u00e1 en la Viluma.<\/p>\n\n\n\n<p>En el marco de las grandes competiciones y actividades deportivas en la Regi\u00f3n Metropolitana, el Gran Fondo 2026 se suma a las pruebas como las Copas del Maipo y eventos en Curacav\u00ed, consolidando a la zona como referente ciclista.<\/p>\n\n\n\n<p>La fecha ser\u00e1 este 17 de Mayo en la localidad de la Viluma, Km1, la municipalidad de Melipilla hace un llamado a los futuros participantes est\u00e9n atentos a las redes sociales o a los canales de difusi\u00f3n, en los pr\u00f3ximos d\u00edas ser\u00e1n entregados todos los detalles.<\/p>\n","protected":false},"excerpt":{"rendered":"<p>Por Johnny Ahumada Sep\u00falveda Melipilla y su constante iniciativa por incentivar al deporte, se alista para recibir a cientos de ciclistas y familias en el Gran Fondo Melipilla 2026, un evento que promete convertirse en una gran celebraci\u00f3n del ciclismo en el coraz\u00f3n de la comuna, lo que genera grandes expectativas entre deportistas y visitantes<\/p>\n<div class=\"read-more-wrapper\"><a class=\"read-more\" href=\"https:\/\/diarioellabrador.cl\/index.php\/2026\/04\/27\/melipilla-ya-esta-preparada-para-el-gran-fondo-2026-una-fiesta-de-ciclismo-en-la-viluma\/\" title=\"Leer m\u00e1s\"> <span class=\"button \">Leer m\u00e1s<\/span><\/a><\/div>\n","protected":false},"author":2,"featured_media":18591,"comment_status":"open","ping_status":"open","sticky":false,"template":"","format":"standard","meta":{"footnotes":""},"categories":[4],"tags":[],"class_list":["post-18648","post","type-post","status-publish","format-standard","has-post-thumbnail","hentry","category-deportes"],"yoast_head":"<!-- This site is optimized with the Yoast SEO plugin v27.5 - https:\/\/yoast.com\/product\/yoast-seo-wordpress\/ -->\n<title>Melipilla ya est\u00e1 preparada para el Gran Fondo 2026: una fiesta de ciclismo en la Viluma - Diario El Labrador<\/title>\n<meta name=\"robots\" content=\"index, follow, max-snippet:-1, max-image-preview:large, max-video-preview:-1\" \/>\n<link rel=\"canonical\" href=\"https:\/\/diarioellabrador.cl\/index.php\/2026\/04\/27\/melipilla-ya-esta-preparada-para-el-gran-fondo-2026-una-fiesta-de-ciclismo-en-la-viluma\/\" \/>\n<meta property=\"og:locale\" content=\"es_ES\" \/>\n<meta property=\"og:type\" content=\"article\" \/>\n<meta property=\"og:title\" content=\"Melipilla ya est\u00e1 preparada para el Gran Fondo 2026: una fiesta de ciclismo en la Viluma - Diario El Labrador\" \/>\n<meta property=\"og:description\" content=\"Por Johnny Ahumada Sep\u00falveda Melipilla y su constante iniciativa por incentivar al deporte, se alista para recibir a cientos de ciclistas y familias en el Gran Fondo Melipilla 2026, un evento que promete convertirse en una gran celebraci\u00f3n del ciclismo en el coraz\u00f3n de la comuna, lo que genera grandes expectativas entre deportistas y visitantes Leer m\u00e1s\" \/>\n<meta property=\"og:url\" content=\"https:\/\/diarioellabrador.cl\/index.php\/2026\/04\/27\/melipilla-ya-esta-preparada-para-el-gran-fondo-2026-una-fiesta-de-ciclismo-en-la-viluma\/\" \/>\n<meta property=\"og:site_name\" content=\"Diario El Labrador\" \/>\n<meta property=\"article:publisher\" content=\"https:\/\/web.facebook.com\/profile.php?id=61576120840621\" \/>\n<meta property=\"article:published_time\" content=\"2026-04-27T22:45:32+00:00\" \/>\n<meta property=\"article:modified_time\" content=\"2026-04-27T22:45:33+00:00\" \/>\n<meta property=\"og:image\" content=\"https:\/\/diarioellabrador.cl\/wp-content\/uploads\/2026\/04\/Melipilla-ya-esta-preparada-para-el-Gran-Fondo-2026-una-fiesta-de-ciclismo-en-la-Viluma.jpg\" \/>\n\t<meta property=\"og:image:width\" content=\"1080\" \/>\n\t<meta property=\"og:image:height\" content=\"1350\" \/>\n\t<meta property=\"og:image:type\" content=\"image\/jpeg\" \/>\n<meta name=\"author\" content=\"Editor\" \/>\n<meta name=\"twitter:card\" content=\"summary_large_image\" \/>\n<meta name=\"twitter:creator\" content=\"@ElLabradorOf\" \/>\n<meta name=\"twitter:site\" content=\"@ElLabradorOf\" \/>\n<meta name=\"twitter:label1\" content=\"Escrito por\" \/>\n\t<meta name=\"twitter:data1\" content=\"Editor\" \/>\n\t<meta name=\"twitter:label2\" content=\"Tiempo de lectura\" \/>\n\t<meta name=\"twitter:data2\" content=\"2 minutos\" \/>\n<script type=\"application\/ld+json\" class=\"yoast-schema-graph\">{\"@context\":\"https:\\\/\\\/schema.org\",\"@graph\":[{\"@type\":\"Article\",\"@id\":\"https:\\\/\\\/diarioellabrador.cl\\\/index.php\\\/2026\\\/04\\\/27\\\/melipilla-ya-esta-preparada-para-el-gran-fondo-2026-una-fiesta-de-ciclismo-en-la-viluma\\\/#article\",\"isPartOf\":{\"@id\":\"https:\\\/\\\/diarioellabrador.cl\\\/index.php\\\/2026\\\/04\\\/27\\\/melipilla-ya-esta-preparada-para-el-gran-fondo-2026-una-fiesta-de-ciclismo-en-la-viluma\\\/\"},\"author\":{\"name\":\"Editor\",\"@id\":\"https:\\\/\\\/diarioellabrador.cl\\\/#\\\/schema\\\/person\\\/bc25ff80b4563f9c7f4bd7855df01685\"},\"headline\":\"Melipilla ya est\u00e1 preparada para el Gran Fondo 2026: una fiesta de ciclismo en la Viluma\",\"datePublished\":\"2026-04-27T22:45:32+00:00\",\"dateModified\":\"2026-04-27T22:45:33+00:00\",\"mainEntityOfPage\":{\"@id\":\"https:\\\/\\\/diarioellabrador.cl\\\/index.php\\\/2026\\\/04\\\/27\\\/melipilla-ya-esta-preparada-para-el-gran-fondo-2026-una-fiesta-de-ciclismo-en-la-viluma\\\/\"},\"wordCount\":283,\"commentCount\":0,\"publisher\":{\"@id\":\"https:\\\/\\\/diarioellabrador.cl\\\/#organization\"},\"image\":{\"@id\":\"https:\\\/\\\/diarioellabrador.cl\\\/index.php\\\/2026\\\/04\\\/27\\\/melipilla-ya-esta-preparada-para-el-gran-fondo-2026-una-fiesta-de-ciclismo-en-la-viluma\\\/#primaryimage\"},\"thumbnailUrl\":\"https:\\\/\\\/diarioellabrador.cl\\\/wp-content\\\/uploads\\\/2026\\\/04\\\/Melipilla-ya-esta-preparada-para-el-Gran-Fondo-2026-una-fiesta-de-ciclismo-en-la-Viluma.jpg\",\"articleSection\":[\"Deportes\"],\"inLanguage\":\"es\",\"potentialAction\":[{\"@type\":\"CommentAction\",\"name\":\"Comment\",\"target\":[\"https:\\\/\\\/diarioellabrador.cl\\\/index.php\\\/2026\\\/04\\\/27\\\/melipilla-ya-esta-preparada-para-el-gran-fondo-2026-una-fiesta-de-ciclismo-en-la-viluma\\\/#respond\"]}]},{\"@type\":\"WebPage\",\"@id\":\"https:\\\/\\\/diarioellabrador.cl\\\/index.php\\\/2026\\\/04\\\/27\\\/melipilla-ya-esta-preparada-para-el-gran-fondo-2026-una-fiesta-de-ciclismo-en-la-viluma\\\/\",\"url\":\"https:\\\/\\\/diarioellabrador.cl\\\/index.php\\\/2026\\\/04\\\/27\\\/melipilla-ya-esta-preparada-para-el-gran-fondo-2026-una-fiesta-de-ciclismo-en-la-viluma\\\/\",\"name\":\"Melipilla ya est\u00e1 preparada para el Gran Fondo 2026: una fiesta de ciclismo en la Viluma - Diario El Labrador\",\"isPartOf\":{\"@id\":\"https:\\\/\\\/diarioellabrador.cl\\\/#website\"},\"primaryImageOfPage\":{\"@id\":\"https:\\\/\\\/diarioellabrador.cl\\\/index.php\\\/2026\\\/04\\\/27\\\/melipilla-ya-esta-preparada-para-el-gran-fondo-2026-una-fiesta-de-ciclismo-en-la-viluma\\\/#primaryimage\"},\"image\":{\"@id\":\"https:\\\/\\\/diarioellabrador.cl\\\/index.php\\\/2026\\\/04\\\/27\\\/melipilla-ya-esta-preparada-para-el-gran-fondo-2026-una-fiesta-de-ciclismo-en-la-viluma\\\/#primaryimage\"},\"thumbnailUrl\":\"https:\\\/\\\/diarioellabrador.cl\\\/wp-content\\\/uploads\\\/2026\\\/04\\\/Melipilla-ya-esta-preparada-para-el-Gran-Fondo-2026-una-fiesta-de-ciclismo-en-la-Viluma.jpg\",\"datePublished\":\"2026-04-27T22:45:32+00:00\",\"dateModified\":\"2026-04-27T22:45:33+00:00\",\"breadcrumb\":{\"@id\":\"https:\\\/\\\/diarioellabrador.cl\\\/index.php\\\/2026\\\/04\\\/27\\\/melipilla-ya-esta-preparada-para-el-gran-fondo-2026-una-fiesta-de-ciclismo-en-la-viluma\\\/#breadcrumb\"},\"inLanguage\":\"es\",\"potentialAction\":[{\"@type\":\"ReadAction\",\"target\":[\"https:\\\/\\\/diarioellabrador.cl\\\/index.php\\\/2026\\\/04\\\/27\\\/melipilla-ya-esta-preparada-para-el-gran-fondo-2026-una-fiesta-de-ciclismo-en-la-viluma\\\/\"]}]},{\"@type\":\"ImageObject\",\"inLanguage\":\"es\",\"@id\":\"https:\\\/\\\/diarioellabrador.cl\\\/index.php\\\/2026\\\/04\\\/27\\\/melipilla-ya-esta-preparada-para-el-gran-fondo-2026-una-fiesta-de-ciclismo-en-la-viluma\\\/#primaryimage\",\"url\":\"https:\\\/\\\/diarioellabrador.cl\\\/wp-content\\\/uploads\\\/2026\\\/04\\\/Melipilla-ya-esta-preparada-para-el-Gran-Fondo-2026-una-fiesta-de-ciclismo-en-la-Viluma.jpg\",\"contentUrl\":\"https:\\\/\\\/diarioellabrador.cl\\\/wp-content\\\/uploads\\\/2026\\\/04\\\/Melipilla-ya-esta-preparada-para-el-Gran-Fondo-2026-una-fiesta-de-ciclismo-en-la-Viluma.jpg\",\"width\":1080,\"height\":1350},{\"@type\":\"BreadcrumbList\",\"@id\":\"https:\\\/\\\/diarioellabrador.cl\\\/index.php\\\/2026\\\/04\\\/27\\\/melipilla-ya-esta-preparada-para-el-gran-fondo-2026-una-fiesta-de-ciclismo-en-la-viluma\\\/#breadcrumb\",\"itemListElement\":[{\"@type\":\"ListItem\",\"position\":1,\"name\":\"Portada\",\"item\":\"https:\\\/\\\/diarioellabrador.cl\\\/\"},{\"@type\":\"ListItem\",\"position\":2,\"name\":\"Melipilla ya est\u00e1 preparada para el Gran Fondo 2026: una fiesta de ciclismo en la Viluma\"}]},{\"@type\":\"WebSite\",\"@id\":\"https:\\\/\\\/diarioellabrador.cl\\\/#website\",\"url\":\"https:\\\/\\\/diarioellabrador.cl\\\/\",\"name\":\"Diario El Labrador\",\"description\":\"Haciendo noticia desde 1921\",\"publisher\":{\"@id\":\"https:\\\/\\\/diarioellabrador.cl\\\/#organization\"},\"potentialAction\":[{\"@type\":\"SearchAction\",\"target\":{\"@type\":\"EntryPoint\",\"urlTemplate\":\"https:\\\/\\\/diarioellabrador.cl\\\/?s={search_term_string}\"},\"query-input\":{\"@type\":\"PropertyValueSpecification\",\"valueRequired\":true,\"valueName\":\"search_term_string\"}}],\"inLanguage\":\"es\"},{\"@type\":\"Organization\",\"@id\":\"https:\\\/\\\/diarioellabrador.cl\\\/#organization\",\"name\":\"Diario El Labrador\",\"url\":\"https:\\\/\\\/diarioellabrador.cl\\\/\",\"logo\":{\"@type\":\"ImageObject\",\"inLanguage\":\"es\",\"@id\":\"https:\\\/\\\/diarioellabrador.cl\\\/#\\\/schema\\\/logo\\\/image\\\/\",\"url\":\"https:\\\/\\\/diarioellabrador.cl\\\/wp-content\\\/uploads\\\/2025\\\/02\\\/cropped-Logo-Icono.png\",\"contentUrl\":\"https:\\\/\\\/diarioellabrador.cl\\\/wp-content\\\/uploads\\\/2025\\\/02\\\/cropped-Logo-Icono.png\",\"width\":512,\"height\":512,\"caption\":\"Diario El Labrador\"},\"image\":{\"@id\":\"https:\\\/\\\/diarioellabrador.cl\\\/#\\\/schema\\\/logo\\\/image\\\/\"},\"sameAs\":[\"https:\\\/\\\/web.facebook.com\\\/profile.php?id=61576120840621\",\"https:\\\/\\\/x.com\\\/ElLabradorOf\",\"https:\\\/\\\/www.instagram.com\\\/diarioellabradoroficial\\\/\"]},{\"@type\":\"Person\",\"@id\":\"https:\\\/\\\/diarioellabrador.cl\\\/#\\\/schema\\\/person\\\/bc25ff80b4563f9c7f4bd7855df01685\",\"name\":\"Editor\",\"image\":{\"@type\":\"ImageObject\",\"inLanguage\":\"es\",\"@id\":\"https:\\\/\\\/secure.gravatar.com\\\/avatar\\\/109c326cf2be5c04f048c2c2a2b8b6ef44bf3d8d1d3d4c55d0ac40c4bc994684?s=96&d=mm&r=g\",\"url\":\"https:\\\/\\\/secure.gravatar.com\\\/avatar\\\/109c326cf2be5c04f048c2c2a2b8b6ef44bf3d8d1d3d4c55d0ac40c4bc994684?s=96&d=mm&r=g\",\"contentUrl\":\"https:\\\/\\\/secure.gravatar.com\\\/avatar\\\/109c326cf2be5c04f048c2c2a2b8b6ef44bf3d8d1d3d4c55d0ac40c4bc994684?s=96&d=mm&r=g\",\"caption\":\"Editor\"},\"url\":\"https:\\\/\\\/diarioellabrador.cl\\\/index.php\\\/author\\\/editor\\\/\"}]}<\/script>\n<!-- \/ Yoast SEO plugin. -->","yoast_head_json":{"title":"Melipilla ya est\u00e1 preparada para el Gran Fondo 2026: una fiesta de ciclismo en la Viluma - Diario El Labrador","robots":{"index":"index","follow":"follow","max-snippet":"max-snippet:-1","max-image-preview":"max-image-preview:large","max-video-preview":"max-video-preview:-1"},"canonical":"https:\/\/diarioellabrador.cl\/index.php\/2026\/04\/27\/melipilla-ya-esta-preparada-para-el-gran-fondo-2026-una-fiesta-de-ciclismo-en-la-viluma\/","og_locale":"es_ES","og_type":"article","og_title":"Melipilla ya est\u00e1 preparada para el Gran Fondo 2026: una fiesta de ciclismo en la Viluma - Diario El Labrador","og_description":"Por Johnny Ahumada Sep\u00falveda Melipilla y su constante iniciativa por incentivar al deporte, se alista para recibir a cientos de ciclistas y familias en el Gran Fondo Melipilla 2026, un evento que promete convertirse en una gran celebraci\u00f3n del ciclismo en el coraz\u00f3n de la comuna, lo que genera grandes expectativas entre deportistas y visitantes Leer m\u00e1s","og_url":"https:\/\/diarioellabrador.cl\/index.php\/2026\/04\/27\/melipilla-ya-esta-preparada-para-el-gran-fondo-2026-una-fiesta-de-ciclismo-en-la-viluma\/","og_site_name":"Diario El Labrador","article_publisher":"https:\/\/web.facebook.com\/profile.php?id=61576120840621","article_published_time":"2026-04-27T22:45:32+00:00","article_modified_time":"2026-04-27T22:45:33+00:00","og_image":[{"width":1080,"height":1350,"url":"https:\/\/diarioellabrador.cl\/wp-content\/uploads\/2026\/04\/Melipilla-ya-esta-preparada-para-el-Gran-Fondo-2026-una-fiesta-de-ciclismo-en-la-Viluma.jpg","type":"image\/jpeg"}],"author":"Editor","twitter_card":"summary_large_image","twitter_creator":"@ElLabradorOf","twitter_site":"@ElLabradorOf","twitter_misc":{"Escrito por":"Editor","Tiempo de lectura":"2 minutos"},"schema":{"@context":"https:\/\/schema.org","@graph":[{"@type":"Article","@id":"https:\/\/diarioellabrador.cl\/index.php\/2026\/04\/27\/melipilla-ya-esta-preparada-para-el-gran-fondo-2026-una-fiesta-de-ciclismo-en-la-viluma\/#article","isPartOf":{"@id":"https:\/\/diarioellabrador.cl\/index.php\/2026\/04\/27\/melipilla-ya-esta-preparada-para-el-gran-fondo-2026-una-fiesta-de-ciclismo-en-la-viluma\/"},"author":{"name":"Editor","@id":"https:\/\/diarioellabrador.cl\/#\/schema\/person\/bc25ff80b4563f9c7f4bd7855df01685"},"headline":"Melipilla ya est\u00e1 preparada para el Gran Fondo 2026: una fiesta de ciclismo en la Viluma","datePublished":"2026-04-27T22:45:32+00:00","dateModified":"2026-04-27T22:45:33+00:00","mainEntityOfPage":{"@id":"https:\/\/diarioellabrador.cl\/index.php\/2026\/04\/27\/melipilla-ya-esta-preparada-para-el-gran-fondo-2026-una-fiesta-de-ciclismo-en-la-viluma\/"},"wordCount":283,"commentCount":0,"publisher":{"@id":"https:\/\/diarioellabrador.cl\/#organization"},"image":{"@id":"https:\/\/diarioellabrador.cl\/index.php\/2026\/04\/27\/melipilla-ya-esta-preparada-para-el-gran-fondo-2026-una-fiesta-de-ciclismo-en-la-viluma\/#primaryimage"},"thumbnailUrl":"https:\/\/diarioellabrador.cl\/wp-content\/uploads\/2026\/04\/Melipilla-ya-esta-preparada-para-el-Gran-Fondo-2026-una-fiesta-de-ciclismo-en-la-Viluma.jpg","articleSection":["Deportes"],"inLanguage":"es","potentialAction":[{"@type":"CommentAction","name":"Comment","target":["https:\/\/diarioellabrador.cl\/index.php\/2026\/04\/27\/melipilla-ya-esta-preparada-para-el-gran-fondo-2026-una-fiesta-de-ciclismo-en-la-viluma\/#respond"]}]},{"@type":"WebPage","@id":"https:\/\/diarioellabrador.cl\/index.php\/2026\/04\/27\/melipilla-ya-esta-preparada-para-el-gran-fondo-2026-una-fiesta-de-ciclismo-en-la-viluma\/","url":"https:\/\/diarioellabrador.cl\/index.php\/2026\/04\/27\/melipilla-ya-esta-preparada-para-el-gran-fondo-2026-una-fiesta-de-ciclismo-en-la-viluma\/","name":"Melipilla ya est\u00e1 preparada para el Gran Fondo 2026: una fiesta de ciclismo en la Viluma - Diario El Labrador","isPartOf":{"@id":"https:\/\/diarioellabrador.cl\/#website"},"primaryImageOfPage":{"@id":"https:\/\/diarioellabrador.cl\/index.php\/2026\/04\/27\/melipilla-ya-esta-preparada-para-el-gran-fondo-2026-una-fiesta-de-ciclismo-en-la-viluma\/#primaryimage"},"image":{"@id":"https:\/\/diarioellabrador.cl\/index.php\/2026\/04\/27\/melipilla-ya-esta-preparada-para-el-gran-fondo-2026-una-fiesta-de-ciclismo-en-la-viluma\/#primaryimage"},"thumbnailUrl":"https:\/\/diarioellabrador.cl\/wp-content\/uploads\/2026\/04\/Melipilla-ya-esta-preparada-para-el-Gran-Fondo-2026-una-fiesta-de-ciclismo-en-la-Viluma.jpg","datePublished":"2026-04-27T22:45:32+00:00","dateModified":"2026-04-27T22:45:33+00:00","breadcrumb":{"@id":"https:\/\/diarioellabrador.cl\/index.php\/2026\/04\/27\/melipilla-ya-esta-preparada-para-el-gran-fondo-2026-una-fiesta-de-ciclismo-en-la-viluma\/#breadcrumb"},"inLanguage":"es","potentialAction":[{"@type":"ReadAction","target":["https:\/\/diarioellabrador.cl\/index.php\/2026\/04\/27\/melipilla-ya-esta-preparada-para-el-gran-fondo-2026-una-fiesta-de-ciclismo-en-la-viluma\/"]}]},{"@type":"ImageObject","inLanguage":"es","@id":"https:\/\/diarioellabrador.cl\/index.php\/2026\/04\/27\/melipilla-ya-esta-preparada-para-el-gran-fondo-2026-una-fiesta-de-ciclismo-en-la-viluma\/#primaryimage","url":"https:\/\/diarioellabrador.cl\/wp-content\/uploads\/2026\/04\/Melipilla-ya-esta-preparada-para-el-Gran-Fondo-2026-una-fiesta-de-ciclismo-en-la-Viluma.jpg","contentUrl":"https:\/\/diarioellabrador.cl\/wp-content\/uploads\/2026\/04\/Melipilla-ya-esta-preparada-para-el-Gran-Fondo-2026-una-fiesta-de-ciclismo-en-la-Viluma.jpg","width":1080,"height":1350},{"@type":"BreadcrumbList","@id":"https:\/\/diarioellabrador.cl\/index.php\/2026\/04\/27\/melipilla-ya-esta-preparada-para-el-gran-fondo-2026-una-fiesta-de-ciclismo-en-la-viluma\/#breadcrumb","itemListElement":[{"@type":"ListItem","position":1,"name":"Portada","item":"https:\/\/diarioellabrador.cl\/"},{"@type":"ListItem","position":2,"name":"Melipilla ya est\u00e1 preparada para el Gran Fondo 2026: una fiesta de ciclismo en la Viluma"}]},{"@type":"WebSite","@id":"https:\/\/diarioellabrador.cl\/#website","url":"https:\/\/diarioellabrador.cl\/","name":"Diario El Labrador","description":"Haciendo noticia desde 1921","publisher":{"@id":"https:\/\/diarioellabrador.cl\/#organization"},"potentialAction":[{"@type":"SearchAction","target":{"@type":"EntryPoint","urlTemplate":"https:\/\/diarioellabrador.cl\/?s={search_term_string}"},"query-input":{"@type":"PropertyValueSpecification","valueRequired":true,"valueName":"search_term_string"}}],"inLanguage":"es"},{"@type":"Organization","@id":"https:\/\/diarioellabrador.cl\/#organization","name":"Diario El Labrador","url":"https:\/\/diarioellabrador.cl\/","logo":{"@type":"ImageObject","inLanguage":"es","@id":"https:\/\/diarioellabrador.cl\/#\/schema\/logo\/image\/","url":"https:\/\/diarioellabrador.cl\/wp-content\/uploads\/2025\/02\/cropped-Logo-Icono.png","contentUrl":"https:\/\/diarioellabrador.cl\/wp-content\/uploads\/2025\/02\/cropped-Logo-Icono.png","width":512,"height":512,"caption":"Diario El Labrador"},"image":{"@id":"https:\/\/diarioellabrador.cl\/#\/schema\/logo\/image\/"},"sameAs":["https:\/\/web.facebook.com\/profile.php?id=61576120840621","https:\/\/x.com\/ElLabradorOf","https:\/\/www.instagram.com\/diarioellabradoroficial\/"]},{"@type":"Person","@id":"https:\/\/diarioellabrador.cl\/#\/schema\/person\/bc25ff80b4563f9c7f4bd7855df01685","name":"Editor","image":{"@type":"ImageObject","inLanguage":"es","@id":"https:\/\/secure.gravatar.com\/avatar\/109c326cf2be5c04f048c2c2a2b8b6ef44bf3d8d1d3d4c55d0ac40c4bc994684?s=96&d=mm&r=g","url":"https:\/\/secure.gravatar.com\/avatar\/109c326cf2be5c04f048c2c2a2b8b6ef44bf3d8d1d3d4c55d0ac40c4bc994684?s=96&d=mm&r=g","contentUrl":"https:\/\/secure.gravatar.com\/avatar\/109c326cf2be5c04f048c2c2a2b8b6ef44bf3d8d1d3d4c55d0ac40c4bc994684?s=96&d=mm&r=g","caption":"Editor"},"url":"https:\/\/diarioellabrador.cl\/index.php\/author\/editor\/"}]}},"_links":{"self":[{"href":"https:\/\/diarioellabrador.cl\/index.php\/wp-json\/wp\/v2\/posts\/18648","targetHints":{"allow":["GET"]}}],"collection":[{"href":"https:\/\/diarioellabrador.cl\/index.php\/wp-json\/wp\/v2\/posts"}],"about":[{"href":"https:\/\/diarioellabrador.cl\/index.php\/wp-json\/wp\/v2\/types\/post"}],"author":[{"embeddable":true,"href":"https:\/\/diarioellabrador.cl\/index.php\/wp-json\/wp\/v2\/users\/2"}],"replies":[{"embeddable":true,"href":"https:\/\/diarioellabrador.cl\/index.php\/wp-json\/wp\/v2\/comments?post=18648"}],"version-history":[{"count":1,"href":"https:\/\/diarioellabrador.cl\/index.php\/wp-json\/wp\/v2\/posts\/18648\/revisions"}],"predecessor-version":[{"id":18649,"href":"https:\/\/diarioellabrador.cl\/index.php\/wp-json\/wp\/v2\/posts\/18648\/revisions\/18649"}],"wp:featuredmedia":[{"embeddable":true,"href":"https:\/\/diarioellabrador.cl\/index.php\/wp-json\/wp\/v2\/media\/18591"}],"wp:attachment":[{"href":"https:\/\/diarioellabrador.cl\/index.php\/wp-json\/wp\/v2\/media?parent=18648"}],"wp:term":[{"taxonomy":"category","embeddable":true,"href":"https:\/\/diarioellabrador.cl\/index.php\/wp-json\/wp\/v2\/categories?post=18648"},{"taxonomy":"post_tag","embeddable":true,"href":"https:\/\/diarioellabrador.cl\/index.php\/wp-json\/wp\/v2\/tags?post=18648"}],"curies":[{"name":"wp","href":"https:\/\/api.w.org\/{rel}","templated":true}]}}