{"id":18640,"date":"2026-04-27T18:41:56","date_gmt":"2026-04-27T22:41:56","guid":{"rendered":"https:\/\/diarioellabrador.cl\/?p=18640"},"modified":"2026-04-27T18:42:01","modified_gmt":"2026-04-27T22:42:01","slug":"ediles-de-san-pedro-alhue-y-maria-pinto-realizaran-esta-semana-su-cuenta-publica","status":"publish","type":"post","link":"https:\/\/diarioellabrador.cl\/index.php\/2026\/04\/27\/ediles-de-san-pedro-alhue-y-maria-pinto-realizaran-esta-semana-su-cuenta-publica\/","title":{"rendered":"Ediles de San Pedro, Alhu\u00e9 y Mar\u00eda Pinto realizar\u00e1n esta semana su Cuenta P\u00fablica"},"content":{"rendered":"\n<p>Los alcaldes, Manuel Devia, Marcela Chamorro y Jessica Mualim, de San Pedro, Alhu\u00e9 y Mar\u00eda Pinto respectivamente, realizar\u00e1n sus Cuentas P\u00fablicas correspondiente a la gesti\u00f3n 2025.<\/p>\n\n\n\n<p>De acuerdo a informaci\u00f3n recabada por este diario, en el caso de San Pedro la jornada qued\u00f3 programada para ma\u00f1ana martes 28 de abril, a las 11:00 horas, en dependencias del Auditorio de Educaci\u00f3n. El mismo d\u00eda, pero a las 19:00 horas, lo har\u00e1 la alcaldesa de Alhu\u00e9, cuyo evento se desarrollar\u00e1 en el Parque Comunal de Villa Alhu\u00e9.<\/p>\n\n\n\n<p>Mar\u00eda Pinto, en tanto, tendr\u00e1 su actividad el mi\u00e9rcoles 29 de abril, tambi\u00e9n a 11:00 horas, en el frontis del municipio.<\/p>\n\n\n\n<p>Cabe indicar que los ediles de Melipilla y Curacav\u00ed ya cumplieron con sus respectivas cuentas, por lo que esta semana ser\u00e1 el turno del resto de las comunas de la provincia, donde se espera de la presencia de altas autoridades pol\u00edticas y gubernamentales.<\/p>\n","protected":false},"excerpt":{"rendered":"<p>Los alcaldes, Manuel Devia, Marcela Chamorro y Jessica Mualim, de San Pedro, Alhu\u00e9 y Mar\u00eda Pinto respectivamente, realizar\u00e1n sus Cuentas P\u00fablicas correspondiente a la gesti\u00f3n 2025. De acuerdo a informaci\u00f3n recabada por este diario, en el caso de San Pedro la jornada qued\u00f3 programada para ma\u00f1ana martes 28 de abril, a las 11:00 horas, en<\/p>\n<div class=\"read-more-wrapper\"><a class=\"read-more\" href=\"https:\/\/diarioellabrador.cl\/index.php\/2026\/04\/27\/ediles-de-san-pedro-alhue-y-maria-pinto-realizaran-esta-semana-su-cuenta-publica\/\" title=\"Leer m\u00e1s\"> <span class=\"button \">Leer m\u00e1s<\/span><\/a><\/div>\n","protected":false},"author":2,"featured_media":18585,"comment_status":"open","ping_status":"open","sticky":false,"template":"","format":"standard","meta":{"footnotes":""},"categories":[1],"tags":[],"class_list":["post-18640","post","type-post","status-publish","format-standard","has-post-thumbnail","hentry","category-cronica"],"yoast_head":"<!-- This site is optimized with the Yoast SEO plugin v27.5 - https:\/\/yoast.com\/product\/yoast-seo-wordpress\/ -->\n<title>Ediles de San Pedro, Alhu\u00e9 y Mar\u00eda Pinto realizar\u00e1n esta semana su Cuenta P\u00fablica - Diario El Labrador<\/title>\n<meta name=\"robots\" content=\"index, follow, max-snippet:-1, max-image-preview:large, max-video-preview:-1\" \/>\n<link rel=\"canonical\" href=\"https:\/\/diarioellabrador.cl\/index.php\/2026\/04\/27\/ediles-de-san-pedro-alhue-y-maria-pinto-realizaran-esta-semana-su-cuenta-publica\/\" \/>\n<meta property=\"og:locale\" content=\"es_ES\" \/>\n<meta property=\"og:type\" content=\"article\" \/>\n<meta property=\"og:title\" content=\"Ediles de San Pedro, Alhu\u00e9 y Mar\u00eda Pinto realizar\u00e1n esta semana su Cuenta P\u00fablica - Diario El Labrador\" \/>\n<meta property=\"og:description\" content=\"Los alcaldes, Manuel Devia, Marcela Chamorro y Jessica Mualim, de San Pedro, Alhu\u00e9 y Mar\u00eda Pinto respectivamente, realizar\u00e1n sus Cuentas P\u00fablicas correspondiente a la gesti\u00f3n 2025. De acuerdo a informaci\u00f3n recabada por este diario, en el caso de San Pedro la jornada qued\u00f3 programada para ma\u00f1ana martes 28 de abril, a las 11:00 horas, en Leer m\u00e1s\" \/>\n<meta property=\"og:url\" content=\"https:\/\/diarioellabrador.cl\/index.php\/2026\/04\/27\/ediles-de-san-pedro-alhue-y-maria-pinto-realizaran-esta-semana-su-cuenta-publica\/\" \/>\n<meta property=\"og:site_name\" content=\"Diario El Labrador\" \/>\n<meta property=\"article:publisher\" content=\"https:\/\/web.facebook.com\/profile.php?id=61576120840621\" \/>\n<meta property=\"article:published_time\" content=\"2026-04-27T22:41:56+00:00\" \/>\n<meta property=\"article:modified_time\" content=\"2026-04-27T22:42:01+00:00\" \/>\n<meta property=\"og:image\" content=\"https:\/\/diarioellabrador.cl\/wp-content\/uploads\/2026\/04\/Ediles-de-San-Pedro-Alhue-y-Maria-Pinto-realizaran-esta-semana-su-Cuenta-Publica.jpg\" \/>\n\t<meta property=\"og:image:width\" content=\"750\" \/>\n\t<meta property=\"og:image:height\" content=\"500\" \/>\n\t<meta property=\"og:image:type\" content=\"image\/jpeg\" \/>\n<meta name=\"author\" content=\"Editor\" \/>\n<meta name=\"twitter:card\" content=\"summary_large_image\" \/>\n<meta name=\"twitter:creator\" content=\"@ElLabradorOf\" \/>\n<meta name=\"twitter:site\" content=\"@ElLabradorOf\" \/>\n<meta name=\"twitter:label1\" content=\"Escrito por\" \/>\n\t<meta name=\"twitter:data1\" content=\"Editor\" \/>\n\t<meta name=\"twitter:label2\" content=\"Tiempo de lectura\" \/>\n\t<meta name=\"twitter:data2\" content=\"1 minuto\" \/>\n<script type=\"application\/ld+json\" class=\"yoast-schema-graph\">{\"@context\":\"https:\\\/\\\/schema.org\",\"@graph\":[{\"@type\":\"Article\",\"@id\":\"https:\\\/\\\/diarioellabrador.cl\\\/index.php\\\/2026\\\/04\\\/27\\\/ediles-de-san-pedro-alhue-y-maria-pinto-realizaran-esta-semana-su-cuenta-publica\\\/#article\",\"isPartOf\":{\"@id\":\"https:\\\/\\\/diarioellabrador.cl\\\/index.php\\\/2026\\\/04\\\/27\\\/ediles-de-san-pedro-alhue-y-maria-pinto-realizaran-esta-semana-su-cuenta-publica\\\/\"},\"author\":{\"name\":\"Editor\",\"@id\":\"https:\\\/\\\/diarioellabrador.cl\\\/#\\\/schema\\\/person\\\/bc25ff80b4563f9c7f4bd7855df01685\"},\"headline\":\"Ediles de San Pedro, Alhu\u00e9 y Mar\u00eda Pinto realizar\u00e1n esta semana su Cuenta P\u00fablica\",\"datePublished\":\"2026-04-27T22:41:56+00:00\",\"dateModified\":\"2026-04-27T22:42:01+00:00\",\"mainEntityOfPage\":{\"@id\":\"https:\\\/\\\/diarioellabrador.cl\\\/index.php\\\/2026\\\/04\\\/27\\\/ediles-de-san-pedro-alhue-y-maria-pinto-realizaran-esta-semana-su-cuenta-publica\\\/\"},\"wordCount\":172,\"commentCount\":0,\"publisher\":{\"@id\":\"https:\\\/\\\/diarioellabrador.cl\\\/#organization\"},\"image\":{\"@id\":\"https:\\\/\\\/diarioellabrador.cl\\\/index.php\\\/2026\\\/04\\\/27\\\/ediles-de-san-pedro-alhue-y-maria-pinto-realizaran-esta-semana-su-cuenta-publica\\\/#primaryimage\"},\"thumbnailUrl\":\"https:\\\/\\\/diarioellabrador.cl\\\/wp-content\\\/uploads\\\/2026\\\/04\\\/Ediles-de-San-Pedro-Alhue-y-Maria-Pinto-realizaran-esta-semana-su-Cuenta-Publica.jpg\",\"articleSection\":[\"Cr\u00f3nica\"],\"inLanguage\":\"es\",\"potentialAction\":[{\"@type\":\"CommentAction\",\"name\":\"Comment\",\"target\":[\"https:\\\/\\\/diarioellabrador.cl\\\/index.php\\\/2026\\\/04\\\/27\\\/ediles-de-san-pedro-alhue-y-maria-pinto-realizaran-esta-semana-su-cuenta-publica\\\/#respond\"]}]},{\"@type\":\"WebPage\",\"@id\":\"https:\\\/\\\/diarioellabrador.cl\\\/index.php\\\/2026\\\/04\\\/27\\\/ediles-de-san-pedro-alhue-y-maria-pinto-realizaran-esta-semana-su-cuenta-publica\\\/\",\"url\":\"https:\\\/\\\/diarioellabrador.cl\\\/index.php\\\/2026\\\/04\\\/27\\\/ediles-de-san-pedro-alhue-y-maria-pinto-realizaran-esta-semana-su-cuenta-publica\\\/\",\"name\":\"Ediles de San Pedro, Alhu\u00e9 y Mar\u00eda Pinto realizar\u00e1n esta semana su Cuenta P\u00fablica - Diario El Labrador\",\"isPartOf\":{\"@id\":\"https:\\\/\\\/diarioellabrador.cl\\\/#website\"},\"primaryImageOfPage\":{\"@id\":\"https:\\\/\\\/diarioellabrador.cl\\\/index.php\\\/2026\\\/04\\\/27\\\/ediles-de-san-pedro-alhue-y-maria-pinto-realizaran-esta-semana-su-cuenta-publica\\\/#primaryimage\"},\"image\":{\"@id\":\"https:\\\/\\\/diarioellabrador.cl\\\/index.php\\\/2026\\\/04\\\/27\\\/ediles-de-san-pedro-alhue-y-maria-pinto-realizaran-esta-semana-su-cuenta-publica\\\/#primaryimage\"},\"thumbnailUrl\":\"https:\\\/\\\/diarioellabrador.cl\\\/wp-content\\\/uploads\\\/2026\\\/04\\\/Ediles-de-San-Pedro-Alhue-y-Maria-Pinto-realizaran-esta-semana-su-Cuenta-Publica.jpg\",\"datePublished\":\"2026-04-27T22:41:56+00:00\",\"dateModified\":\"2026-04-27T22:42:01+00:00\",\"breadcrumb\":{\"@id\":\"https:\\\/\\\/diarioellabrador.cl\\\/index.php\\\/2026\\\/04\\\/27\\\/ediles-de-san-pedro-alhue-y-maria-pinto-realizaran-esta-semana-su-cuenta-publica\\\/#breadcrumb\"},\"inLanguage\":\"es\",\"potentialAction\":[{\"@type\":\"ReadAction\",\"target\":[\"https:\\\/\\\/diarioellabrador.cl\\\/index.php\\\/2026\\\/04\\\/27\\\/ediles-de-san-pedro-alhue-y-maria-pinto-realizaran-esta-semana-su-cuenta-publica\\\/\"]}]},{\"@type\":\"ImageObject\",\"inLanguage\":\"es\",\"@id\":\"https:\\\/\\\/diarioellabrador.cl\\\/index.php\\\/2026\\\/04\\\/27\\\/ediles-de-san-pedro-alhue-y-maria-pinto-realizaran-esta-semana-su-cuenta-publica\\\/#primaryimage\",\"url\":\"https:\\\/\\\/diarioellabrador.cl\\\/wp-content\\\/uploads\\\/2026\\\/04\\\/Ediles-de-San-Pedro-Alhue-y-Maria-Pinto-realizaran-esta-semana-su-Cuenta-Publica.jpg\",\"contentUrl\":\"https:\\\/\\\/diarioellabrador.cl\\\/wp-content\\\/uploads\\\/2026\\\/04\\\/Ediles-de-San-Pedro-Alhue-y-Maria-Pinto-realizaran-esta-semana-su-Cuenta-Publica.jpg\",\"width\":750,\"height\":500},{\"@type\":\"BreadcrumbList\",\"@id\":\"https:\\\/\\\/diarioellabrador.cl\\\/index.php\\\/2026\\\/04\\\/27\\\/ediles-de-san-pedro-alhue-y-maria-pinto-realizaran-esta-semana-su-cuenta-publica\\\/#breadcrumb\",\"itemListElement\":[{\"@type\":\"ListItem\",\"position\":1,\"name\":\"Portada\",\"item\":\"https:\\\/\\\/diarioellabrador.cl\\\/\"},{\"@type\":\"ListItem\",\"position\":2,\"name\":\"Ediles de San Pedro, Alhu\u00e9 y Mar\u00eda Pinto realizar\u00e1n esta semana su Cuenta P\u00fablica\"}]},{\"@type\":\"WebSite\",\"@id\":\"https:\\\/\\\/diarioellabrador.cl\\\/#website\",\"url\":\"https:\\\/\\\/diarioellabrador.cl\\\/\",\"name\":\"Diario El Labrador\",\"description\":\"Haciendo noticia desde 1921\",\"publisher\":{\"@id\":\"https:\\\/\\\/diarioellabrador.cl\\\/#organization\"},\"potentialAction\":[{\"@type\":\"SearchAction\",\"target\":{\"@type\":\"EntryPoint\",\"urlTemplate\":\"https:\\\/\\\/diarioellabrador.cl\\\/?s={search_term_string}\"},\"query-input\":{\"@type\":\"PropertyValueSpecification\",\"valueRequired\":true,\"valueName\":\"search_term_string\"}}],\"inLanguage\":\"es\"},{\"@type\":\"Organization\",\"@id\":\"https:\\\/\\\/diarioellabrador.cl\\\/#organization\",\"name\":\"Diario El Labrador\",\"url\":\"https:\\\/\\\/diarioellabrador.cl\\\/\",\"logo\":{\"@type\":\"ImageObject\",\"inLanguage\":\"es\",\"@id\":\"https:\\\/\\\/diarioellabrador.cl\\\/#\\\/schema\\\/logo\\\/image\\\/\",\"url\":\"https:\\\/\\\/diarioellabrador.cl\\\/wp-content\\\/uploads\\\/2025\\\/02\\\/cropped-Logo-Icono.png\",\"contentUrl\":\"https:\\\/\\\/diarioellabrador.cl\\\/wp-content\\\/uploads\\\/2025\\\/02\\\/cropped-Logo-Icono.png\",\"width\":512,\"height\":512,\"caption\":\"Diario El Labrador\"},\"image\":{\"@id\":\"https:\\\/\\\/diarioellabrador.cl\\\/#\\\/schema\\\/logo\\\/image\\\/\"},\"sameAs\":[\"https:\\\/\\\/web.facebook.com\\\/profile.php?id=61576120840621\",\"https:\\\/\\\/x.com\\\/ElLabradorOf\",\"https:\\\/\\\/www.instagram.com\\\/diarioellabradoroficial\\\/\"]},{\"@type\":\"Person\",\"@id\":\"https:\\\/\\\/diarioellabrador.cl\\\/#\\\/schema\\\/person\\\/bc25ff80b4563f9c7f4bd7855df01685\",\"name\":\"Editor\",\"image\":{\"@type\":\"ImageObject\",\"inLanguage\":\"es\",\"@id\":\"https:\\\/\\\/secure.gravatar.com\\\/avatar\\\/109c326cf2be5c04f048c2c2a2b8b6ef44bf3d8d1d3d4c55d0ac40c4bc994684?s=96&d=mm&r=g\",\"url\":\"https:\\\/\\\/secure.gravatar.com\\\/avatar\\\/109c326cf2be5c04f048c2c2a2b8b6ef44bf3d8d1d3d4c55d0ac40c4bc994684?s=96&d=mm&r=g\",\"contentUrl\":\"https:\\\/\\\/secure.gravatar.com\\\/avatar\\\/109c326cf2be5c04f048c2c2a2b8b6ef44bf3d8d1d3d4c55d0ac40c4bc994684?s=96&d=mm&r=g\",\"caption\":\"Editor\"},\"url\":\"https:\\\/\\\/diarioellabrador.cl\\\/index.php\\\/author\\\/editor\\\/\"}]}<\/script>\n<!-- \/ Yoast SEO plugin. -->","yoast_head_json":{"title":"Ediles de San Pedro, Alhu\u00e9 y Mar\u00eda Pinto realizar\u00e1n esta semana su Cuenta P\u00fablica - Diario El Labrador","robots":{"index":"index","follow":"follow","max-snippet":"max-snippet:-1","max-image-preview":"max-image-preview:large","max-video-preview":"max-video-preview:-1"},"canonical":"https:\/\/diarioellabrador.cl\/index.php\/2026\/04\/27\/ediles-de-san-pedro-alhue-y-maria-pinto-realizaran-esta-semana-su-cuenta-publica\/","og_locale":"es_ES","og_type":"article","og_title":"Ediles de San Pedro, Alhu\u00e9 y Mar\u00eda Pinto realizar\u00e1n esta semana su Cuenta P\u00fablica - Diario El Labrador","og_description":"Los alcaldes, Manuel Devia, Marcela Chamorro y Jessica Mualim, de San Pedro, Alhu\u00e9 y Mar\u00eda Pinto respectivamente, realizar\u00e1n sus Cuentas P\u00fablicas correspondiente a la gesti\u00f3n 2025. De acuerdo a informaci\u00f3n recabada por este diario, en el caso de San Pedro la jornada qued\u00f3 programada para ma\u00f1ana martes 28 de abril, a las 11:00 horas, en Leer m\u00e1s","og_url":"https:\/\/diarioellabrador.cl\/index.php\/2026\/04\/27\/ediles-de-san-pedro-alhue-y-maria-pinto-realizaran-esta-semana-su-cuenta-publica\/","og_site_name":"Diario El Labrador","article_publisher":"https:\/\/web.facebook.com\/profile.php?id=61576120840621","article_published_time":"2026-04-27T22:41:56+00:00","article_modified_time":"2026-04-27T22:42:01+00:00","og_image":[{"width":750,"height":500,"url":"https:\/\/diarioellabrador.cl\/wp-content\/uploads\/2026\/04\/Ediles-de-San-Pedro-Alhue-y-Maria-Pinto-realizaran-esta-semana-su-Cuenta-Publica.jpg","type":"image\/jpeg"}],"author":"Editor","twitter_card":"summary_large_image","twitter_creator":"@ElLabradorOf","twitter_site":"@ElLabradorOf","twitter_misc":{"Escrito por":"Editor","Tiempo de lectura":"1 minuto"},"schema":{"@context":"https:\/\/schema.org","@graph":[{"@type":"Article","@id":"https:\/\/diarioellabrador.cl\/index.php\/2026\/04\/27\/ediles-de-san-pedro-alhue-y-maria-pinto-realizaran-esta-semana-su-cuenta-publica\/#article","isPartOf":{"@id":"https:\/\/diarioellabrador.cl\/index.php\/2026\/04\/27\/ediles-de-san-pedro-alhue-y-maria-pinto-realizaran-esta-semana-su-cuenta-publica\/"},"author":{"name":"Editor","@id":"https:\/\/diarioellabrador.cl\/#\/schema\/person\/bc25ff80b4563f9c7f4bd7855df01685"},"headline":"Ediles de San Pedro, Alhu\u00e9 y Mar\u00eda Pinto realizar\u00e1n esta semana su Cuenta P\u00fablica","datePublished":"2026-04-27T22:41:56+00:00","dateModified":"2026-04-27T22:42:01+00:00","mainEntityOfPage":{"@id":"https:\/\/diarioellabrador.cl\/index.php\/2026\/04\/27\/ediles-de-san-pedro-alhue-y-maria-pinto-realizaran-esta-semana-su-cuenta-publica\/"},"wordCount":172,"commentCount":0,"publisher":{"@id":"https:\/\/diarioellabrador.cl\/#organization"},"image":{"@id":"https:\/\/diarioellabrador.cl\/index.php\/2026\/04\/27\/ediles-de-san-pedro-alhue-y-maria-pinto-realizaran-esta-semana-su-cuenta-publica\/#primaryimage"},"thumbnailUrl":"https:\/\/diarioellabrador.cl\/wp-content\/uploads\/2026\/04\/Ediles-de-San-Pedro-Alhue-y-Maria-Pinto-realizaran-esta-semana-su-Cuenta-Publica.jpg","articleSection":["Cr\u00f3nica"],"inLanguage":"es","potentialAction":[{"@type":"CommentAction","name":"Comment","target":["https:\/\/diarioellabrador.cl\/index.php\/2026\/04\/27\/ediles-de-san-pedro-alhue-y-maria-pinto-realizaran-esta-semana-su-cuenta-publica\/#respond"]}]},{"@type":"WebPage","@id":"https:\/\/diarioellabrador.cl\/index.php\/2026\/04\/27\/ediles-de-san-pedro-alhue-y-maria-pinto-realizaran-esta-semana-su-cuenta-publica\/","url":"https:\/\/diarioellabrador.cl\/index.php\/2026\/04\/27\/ediles-de-san-pedro-alhue-y-maria-pinto-realizaran-esta-semana-su-cuenta-publica\/","name":"Ediles de San Pedro, Alhu\u00e9 y Mar\u00eda Pinto realizar\u00e1n esta semana su Cuenta P\u00fablica - Diario El Labrador","isPartOf":{"@id":"https:\/\/diarioellabrador.cl\/#website"},"primaryImageOfPage":{"@id":"https:\/\/diarioellabrador.cl\/index.php\/2026\/04\/27\/ediles-de-san-pedro-alhue-y-maria-pinto-realizaran-esta-semana-su-cuenta-publica\/#primaryimage"},"image":{"@id":"https:\/\/diarioellabrador.cl\/index.php\/2026\/04\/27\/ediles-de-san-pedro-alhue-y-maria-pinto-realizaran-esta-semana-su-cuenta-publica\/#primaryimage"},"thumbnailUrl":"https:\/\/diarioellabrador.cl\/wp-content\/uploads\/2026\/04\/Ediles-de-San-Pedro-Alhue-y-Maria-Pinto-realizaran-esta-semana-su-Cuenta-Publica.jpg","datePublished":"2026-04-27T22:41:56+00:00","dateModified":"2026-04-27T22:42:01+00:00","breadcrumb":{"@id":"https:\/\/diarioellabrador.cl\/index.php\/2026\/04\/27\/ediles-de-san-pedro-alhue-y-maria-pinto-realizaran-esta-semana-su-cuenta-publica\/#breadcrumb"},"inLanguage":"es","potentialAction":[{"@type":"ReadAction","target":["https:\/\/diarioellabrador.cl\/index.php\/2026\/04\/27\/ediles-de-san-pedro-alhue-y-maria-pinto-realizaran-esta-semana-su-cuenta-publica\/"]}]},{"@type":"ImageObject","inLanguage":"es","@id":"https:\/\/diarioellabrador.cl\/index.php\/2026\/04\/27\/ediles-de-san-pedro-alhue-y-maria-pinto-realizaran-esta-semana-su-cuenta-publica\/#primaryimage","url":"https:\/\/diarioellabrador.cl\/wp-content\/uploads\/2026\/04\/Ediles-de-San-Pedro-Alhue-y-Maria-Pinto-realizaran-esta-semana-su-Cuenta-Publica.jpg","contentUrl":"https:\/\/diarioellabrador.cl\/wp-content\/uploads\/2026\/04\/Ediles-de-San-Pedro-Alhue-y-Maria-Pinto-realizaran-esta-semana-su-Cuenta-Publica.jpg","width":750,"height":500},{"@type":"BreadcrumbList","@id":"https:\/\/diarioellabrador.cl\/index.php\/2026\/04\/27\/ediles-de-san-pedro-alhue-y-maria-pinto-realizaran-esta-semana-su-cuenta-publica\/#breadcrumb","itemListElement":[{"@type":"ListItem","position":1,"name":"Portada","item":"https:\/\/diarioellabrador.cl\/"},{"@type":"ListItem","position":2,"name":"Ediles de San Pedro, Alhu\u00e9 y Mar\u00eda Pinto realizar\u00e1n esta semana su Cuenta P\u00fablica"}]},{"@type":"WebSite","@id":"https:\/\/diarioellabrador.cl\/#website","url":"https:\/\/diarioellabrador.cl\/","name":"Diario El Labrador","description":"Haciendo noticia desde 1921","publisher":{"@id":"https:\/\/diarioellabrador.cl\/#organization"},"potentialAction":[{"@type":"SearchAction","target":{"@type":"EntryPoint","urlTemplate":"https:\/\/diarioellabrador.cl\/?s={search_term_string}"},"query-input":{"@type":"PropertyValueSpecification","valueRequired":true,"valueName":"search_term_string"}}],"inLanguage":"es"},{"@type":"Organization","@id":"https:\/\/diarioellabrador.cl\/#organization","name":"Diario El Labrador","url":"https:\/\/diarioellabrador.cl\/","logo":{"@type":"ImageObject","inLanguage":"es","@id":"https:\/\/diarioellabrador.cl\/#\/schema\/logo\/image\/","url":"https:\/\/diarioellabrador.cl\/wp-content\/uploads\/2025\/02\/cropped-Logo-Icono.png","contentUrl":"https:\/\/diarioellabrador.cl\/wp-content\/uploads\/2025\/02\/cropped-Logo-Icono.png","width":512,"height":512,"caption":"Diario El Labrador"},"image":{"@id":"https:\/\/diarioellabrador.cl\/#\/schema\/logo\/image\/"},"sameAs":["https:\/\/web.facebook.com\/profile.php?id=61576120840621","https:\/\/x.com\/ElLabradorOf","https:\/\/www.instagram.com\/diarioellabradoroficial\/"]},{"@type":"Person","@id":"https:\/\/diarioellabrador.cl\/#\/schema\/person\/bc25ff80b4563f9c7f4bd7855df01685","name":"Editor","image":{"@type":"ImageObject","inLanguage":"es","@id":"https:\/\/secure.gravatar.com\/avatar\/109c326cf2be5c04f048c2c2a2b8b6ef44bf3d8d1d3d4c55d0ac40c4bc994684?s=96&d=mm&r=g","url":"https:\/\/secure.gravatar.com\/avatar\/109c326cf2be5c04f048c2c2a2b8b6ef44bf3d8d1d3d4c55d0ac40c4bc994684?s=96&d=mm&r=g","contentUrl":"https:\/\/secure.gravatar.com\/avatar\/109c326cf2be5c04f048c2c2a2b8b6ef44bf3d8d1d3d4c55d0ac40c4bc994684?s=96&d=mm&r=g","caption":"Editor"},"url":"https:\/\/diarioellabrador.cl\/index.php\/author\/editor\/"}]}},"_links":{"self":[{"href":"https:\/\/diarioellabrador.cl\/index.php\/wp-json\/wp\/v2\/posts\/18640","targetHints":{"allow":["GET"]}}],"collection":[{"href":"https:\/\/diarioellabrador.cl\/index.php\/wp-json\/wp\/v2\/posts"}],"about":[{"href":"https:\/\/diarioellabrador.cl\/index.php\/wp-json\/wp\/v2\/types\/post"}],"author":[{"embeddable":true,"href":"https:\/\/diarioellabrador.cl\/index.php\/wp-json\/wp\/v2\/users\/2"}],"replies":[{"embeddable":true,"href":"https:\/\/diarioellabrador.cl\/index.php\/wp-json\/wp\/v2\/comments?post=18640"}],"version-history":[{"count":1,"href":"https:\/\/diarioellabrador.cl\/index.php\/wp-json\/wp\/v2\/posts\/18640\/revisions"}],"predecessor-version":[{"id":18641,"href":"https:\/\/diarioellabrador.cl\/index.php\/wp-json\/wp\/v2\/posts\/18640\/revisions\/18641"}],"wp:featuredmedia":[{"embeddable":true,"href":"https:\/\/diarioellabrador.cl\/index.php\/wp-json\/wp\/v2\/media\/18585"}],"wp:attachment":[{"href":"https:\/\/diarioellabrador.cl\/index.php\/wp-json\/wp\/v2\/media?parent=18640"}],"wp:term":[{"taxonomy":"category","embeddable":true,"href":"https:\/\/diarioellabrador.cl\/index.php\/wp-json\/wp\/v2\/categories?post=18640"},{"taxonomy":"post_tag","embeddable":true,"href":"https:\/\/diarioellabrador.cl\/index.php\/wp-json\/wp\/v2\/tags?post=18640"}],"curies":[{"name":"wp","href":"https:\/\/api.w.org\/{rel}","templated":true}]}}