{"id":18638,"date":"2026-04-27T18:40:56","date_gmt":"2026-04-27T22:40:56","guid":{"rendered":"https:\/\/diarioellabrador.cl\/?p=18638"},"modified":"2026-04-27T18:40:58","modified_gmt":"2026-04-27T22:40:58","slug":"liceo-el-bollenar-concreta-firma-de-convenio-adp-y-refuerza-su-gestion-educativa","status":"publish","type":"post","link":"https:\/\/diarioellabrador.cl\/index.php\/2026\/04\/27\/liceo-el-bollenar-concreta-firma-de-convenio-adp-y-refuerza-su-gestion-educativa\/","title":{"rendered":"Liceo El Bollenar concreta firma de convenio ADP y refuerza su gesti\u00f3n educativa"},"content":{"rendered":"\n<p>Desde las redes oficiales de la Corporaci\u00f3n Municipal de Melipilla, se conoci\u00f3 que fue concretada la firma del convenio de Alta Direcci\u00f3n P\u00fablica (ADP) con el nuevo director del Liceo El Bollenar, Sr. Wilson Gonz\u00e1lez P\u00e9rez.<\/p>\n\n\n\n<p>Este acuerdo establece una serie de medidas orientadas a mejorar la gesti\u00f3n del establecimiento, poniendo \u00e9nfasis en el seguimiento y cumplimiento de indicadores clave.<\/p>\n\n\n\n<p>Se conoci\u00f3, que la iniciativa busca fortalecer la calidad educativa, promoviendo una formaci\u00f3n con foco en resultados y en el desarrollo integral de la comunidad escolar.<\/p>\n\n\n\n<p>Es importante destacar que la Alta Direcci\u00f3n P\u00fablica, corresponde a un sistema de selecci\u00f3n de directivos que se basa en procesos transparentes, sustentados en el m\u00e9rito y las competencias profesionales.<\/p>\n\n\n\n<p>\u2026\u2026\u2026\u2026\u2026\u2026\u2026\u2026\u2026\u2026\u2026\u2026\u2026\u2026\u2026\u2026\u2026\u2026\u2026\u2026\u2026\u2026\u2026\u2026\u2026\u2026\u2026\u2026\u2026\u2026\u2026\u2026\u2026\u2026<\/p>\n","protected":false},"excerpt":{"rendered":"<p>Desde las redes oficiales de la Corporaci\u00f3n Municipal de Melipilla, se conoci\u00f3 que fue concretada la firma del convenio de Alta Direcci\u00f3n P\u00fablica (ADP) con el nuevo director del Liceo El Bollenar, Sr. Wilson Gonz\u00e1lez P\u00e9rez. Este acuerdo establece una serie de medidas orientadas a mejorar la gesti\u00f3n del establecimiento, poniendo \u00e9nfasis en el seguimiento<\/p>\n<div class=\"read-more-wrapper\"><a class=\"read-more\" href=\"https:\/\/diarioellabrador.cl\/index.php\/2026\/04\/27\/liceo-el-bollenar-concreta-firma-de-convenio-adp-y-refuerza-su-gestion-educativa\/\" title=\"Leer m\u00e1s\"> <span class=\"button \">Leer m\u00e1s<\/span><\/a><\/div>\n","protected":false},"author":2,"featured_media":18596,"comment_status":"open","ping_status":"open","sticky":false,"template":"","format":"standard","meta":{"footnotes":""},"categories":[1],"tags":[],"class_list":["post-18638","post","type-post","status-publish","format-standard","has-post-thumbnail","hentry","category-cronica"],"yoast_head":"<!-- This site is optimized with the Yoast SEO plugin v27.5 - https:\/\/yoast.com\/product\/yoast-seo-wordpress\/ -->\n<title>Liceo El Bollenar concreta firma de convenio ADP y refuerza su gesti\u00f3n educativa - Diario El Labrador<\/title>\n<meta name=\"robots\" content=\"index, follow, max-snippet:-1, max-image-preview:large, max-video-preview:-1\" \/>\n<link rel=\"canonical\" href=\"https:\/\/diarioellabrador.cl\/index.php\/2026\/04\/27\/liceo-el-bollenar-concreta-firma-de-convenio-adp-y-refuerza-su-gestion-educativa\/\" \/>\n<meta property=\"og:locale\" content=\"es_ES\" \/>\n<meta property=\"og:type\" content=\"article\" \/>\n<meta property=\"og:title\" content=\"Liceo El Bollenar concreta firma de convenio ADP y refuerza su gesti\u00f3n educativa - Diario El Labrador\" \/>\n<meta property=\"og:description\" content=\"Desde las redes oficiales de la Corporaci\u00f3n Municipal de Melipilla, se conoci\u00f3 que fue concretada la firma del convenio de Alta Direcci\u00f3n P\u00fablica (ADP) con el nuevo director del Liceo El Bollenar, Sr. Wilson Gonz\u00e1lez P\u00e9rez. Este acuerdo establece una serie de medidas orientadas a mejorar la gesti\u00f3n del establecimiento, poniendo \u00e9nfasis en el seguimiento Leer m\u00e1s\" \/>\n<meta property=\"og:url\" content=\"https:\/\/diarioellabrador.cl\/index.php\/2026\/04\/27\/liceo-el-bollenar-concreta-firma-de-convenio-adp-y-refuerza-su-gestion-educativa\/\" \/>\n<meta property=\"og:site_name\" content=\"Diario El Labrador\" \/>\n<meta property=\"article:publisher\" content=\"https:\/\/web.facebook.com\/profile.php?id=61576120840621\" \/>\n<meta property=\"article:published_time\" content=\"2026-04-27T22:40:56+00:00\" \/>\n<meta property=\"article:modified_time\" content=\"2026-04-27T22:40:58+00:00\" \/>\n<meta property=\"og:image\" content=\"https:\/\/diarioellabrador.cl\/wp-content\/uploads\/2026\/04\/Liceo-El-Bollenar-concreta-firma-de-convenio-ADP-y-refuerza-su-gestion-educativa.jpeg\" \/>\n\t<meta property=\"og:image:width\" content=\"1440\" \/>\n\t<meta property=\"og:image:height\" content=\"960\" \/>\n\t<meta property=\"og:image:type\" content=\"image\/jpeg\" \/>\n<meta name=\"author\" content=\"Editor\" \/>\n<meta name=\"twitter:card\" content=\"summary_large_image\" \/>\n<meta name=\"twitter:creator\" content=\"@ElLabradorOf\" \/>\n<meta name=\"twitter:site\" content=\"@ElLabradorOf\" \/>\n<meta name=\"twitter:label1\" content=\"Escrito por\" \/>\n\t<meta name=\"twitter:data1\" content=\"Editor\" \/>\n\t<meta name=\"twitter:label2\" content=\"Tiempo de lectura\" \/>\n\t<meta name=\"twitter:data2\" content=\"1 minuto\" \/>\n<script type=\"application\/ld+json\" class=\"yoast-schema-graph\">{\"@context\":\"https:\\\/\\\/schema.org\",\"@graph\":[{\"@type\":\"Article\",\"@id\":\"https:\\\/\\\/diarioellabrador.cl\\\/index.php\\\/2026\\\/04\\\/27\\\/liceo-el-bollenar-concreta-firma-de-convenio-adp-y-refuerza-su-gestion-educativa\\\/#article\",\"isPartOf\":{\"@id\":\"https:\\\/\\\/diarioellabrador.cl\\\/index.php\\\/2026\\\/04\\\/27\\\/liceo-el-bollenar-concreta-firma-de-convenio-adp-y-refuerza-su-gestion-educativa\\\/\"},\"author\":{\"name\":\"Editor\",\"@id\":\"https:\\\/\\\/diarioellabrador.cl\\\/#\\\/schema\\\/person\\\/bc25ff80b4563f9c7f4bd7855df01685\"},\"headline\":\"Liceo El Bollenar concreta firma de convenio ADP y refuerza su gesti\u00f3n educativa\",\"datePublished\":\"2026-04-27T22:40:56+00:00\",\"dateModified\":\"2026-04-27T22:40:58+00:00\",\"mainEntityOfPage\":{\"@id\":\"https:\\\/\\\/diarioellabrador.cl\\\/index.php\\\/2026\\\/04\\\/27\\\/liceo-el-bollenar-concreta-firma-de-convenio-adp-y-refuerza-su-gestion-educativa\\\/\"},\"wordCount\":141,\"commentCount\":0,\"publisher\":{\"@id\":\"https:\\\/\\\/diarioellabrador.cl\\\/#organization\"},\"image\":{\"@id\":\"https:\\\/\\\/diarioellabrador.cl\\\/index.php\\\/2026\\\/04\\\/27\\\/liceo-el-bollenar-concreta-firma-de-convenio-adp-y-refuerza-su-gestion-educativa\\\/#primaryimage\"},\"thumbnailUrl\":\"https:\\\/\\\/diarioellabrador.cl\\\/wp-content\\\/uploads\\\/2026\\\/04\\\/Liceo-El-Bollenar-concreta-firma-de-convenio-ADP-y-refuerza-su-gestion-educativa.jpeg\",\"articleSection\":[\"Cr\u00f3nica\"],\"inLanguage\":\"es\",\"potentialAction\":[{\"@type\":\"CommentAction\",\"name\":\"Comment\",\"target\":[\"https:\\\/\\\/diarioellabrador.cl\\\/index.php\\\/2026\\\/04\\\/27\\\/liceo-el-bollenar-concreta-firma-de-convenio-adp-y-refuerza-su-gestion-educativa\\\/#respond\"]}]},{\"@type\":\"WebPage\",\"@id\":\"https:\\\/\\\/diarioellabrador.cl\\\/index.php\\\/2026\\\/04\\\/27\\\/liceo-el-bollenar-concreta-firma-de-convenio-adp-y-refuerza-su-gestion-educativa\\\/\",\"url\":\"https:\\\/\\\/diarioellabrador.cl\\\/index.php\\\/2026\\\/04\\\/27\\\/liceo-el-bollenar-concreta-firma-de-convenio-adp-y-refuerza-su-gestion-educativa\\\/\",\"name\":\"Liceo El Bollenar concreta firma de convenio ADP y refuerza su gesti\u00f3n educativa - Diario El Labrador\",\"isPartOf\":{\"@id\":\"https:\\\/\\\/diarioellabrador.cl\\\/#website\"},\"primaryImageOfPage\":{\"@id\":\"https:\\\/\\\/diarioellabrador.cl\\\/index.php\\\/2026\\\/04\\\/27\\\/liceo-el-bollenar-concreta-firma-de-convenio-adp-y-refuerza-su-gestion-educativa\\\/#primaryimage\"},\"image\":{\"@id\":\"https:\\\/\\\/diarioellabrador.cl\\\/index.php\\\/2026\\\/04\\\/27\\\/liceo-el-bollenar-concreta-firma-de-convenio-adp-y-refuerza-su-gestion-educativa\\\/#primaryimage\"},\"thumbnailUrl\":\"https:\\\/\\\/diarioellabrador.cl\\\/wp-content\\\/uploads\\\/2026\\\/04\\\/Liceo-El-Bollenar-concreta-firma-de-convenio-ADP-y-refuerza-su-gestion-educativa.jpeg\",\"datePublished\":\"2026-04-27T22:40:56+00:00\",\"dateModified\":\"2026-04-27T22:40:58+00:00\",\"breadcrumb\":{\"@id\":\"https:\\\/\\\/diarioellabrador.cl\\\/index.php\\\/2026\\\/04\\\/27\\\/liceo-el-bollenar-concreta-firma-de-convenio-adp-y-refuerza-su-gestion-educativa\\\/#breadcrumb\"},\"inLanguage\":\"es\",\"potentialAction\":[{\"@type\":\"ReadAction\",\"target\":[\"https:\\\/\\\/diarioellabrador.cl\\\/index.php\\\/2026\\\/04\\\/27\\\/liceo-el-bollenar-concreta-firma-de-convenio-adp-y-refuerza-su-gestion-educativa\\\/\"]}]},{\"@type\":\"ImageObject\",\"inLanguage\":\"es\",\"@id\":\"https:\\\/\\\/diarioellabrador.cl\\\/index.php\\\/2026\\\/04\\\/27\\\/liceo-el-bollenar-concreta-firma-de-convenio-adp-y-refuerza-su-gestion-educativa\\\/#primaryimage\",\"url\":\"https:\\\/\\\/diarioellabrador.cl\\\/wp-content\\\/uploads\\\/2026\\\/04\\\/Liceo-El-Bollenar-concreta-firma-de-convenio-ADP-y-refuerza-su-gestion-educativa.jpeg\",\"contentUrl\":\"https:\\\/\\\/diarioellabrador.cl\\\/wp-content\\\/uploads\\\/2026\\\/04\\\/Liceo-El-Bollenar-concreta-firma-de-convenio-ADP-y-refuerza-su-gestion-educativa.jpeg\",\"width\":1440,\"height\":960},{\"@type\":\"BreadcrumbList\",\"@id\":\"https:\\\/\\\/diarioellabrador.cl\\\/index.php\\\/2026\\\/04\\\/27\\\/liceo-el-bollenar-concreta-firma-de-convenio-adp-y-refuerza-su-gestion-educativa\\\/#breadcrumb\",\"itemListElement\":[{\"@type\":\"ListItem\",\"position\":1,\"name\":\"Portada\",\"item\":\"https:\\\/\\\/diarioellabrador.cl\\\/\"},{\"@type\":\"ListItem\",\"position\":2,\"name\":\"Liceo El Bollenar concreta firma de convenio ADP y refuerza su gesti\u00f3n educativa\"}]},{\"@type\":\"WebSite\",\"@id\":\"https:\\\/\\\/diarioellabrador.cl\\\/#website\",\"url\":\"https:\\\/\\\/diarioellabrador.cl\\\/\",\"name\":\"Diario El Labrador\",\"description\":\"Haciendo noticia desde 1921\",\"publisher\":{\"@id\":\"https:\\\/\\\/diarioellabrador.cl\\\/#organization\"},\"potentialAction\":[{\"@type\":\"SearchAction\",\"target\":{\"@type\":\"EntryPoint\",\"urlTemplate\":\"https:\\\/\\\/diarioellabrador.cl\\\/?s={search_term_string}\"},\"query-input\":{\"@type\":\"PropertyValueSpecification\",\"valueRequired\":true,\"valueName\":\"search_term_string\"}}],\"inLanguage\":\"es\"},{\"@type\":\"Organization\",\"@id\":\"https:\\\/\\\/diarioellabrador.cl\\\/#organization\",\"name\":\"Diario El Labrador\",\"url\":\"https:\\\/\\\/diarioellabrador.cl\\\/\",\"logo\":{\"@type\":\"ImageObject\",\"inLanguage\":\"es\",\"@id\":\"https:\\\/\\\/diarioellabrador.cl\\\/#\\\/schema\\\/logo\\\/image\\\/\",\"url\":\"https:\\\/\\\/diarioellabrador.cl\\\/wp-content\\\/uploads\\\/2025\\\/02\\\/cropped-Logo-Icono.png\",\"contentUrl\":\"https:\\\/\\\/diarioellabrador.cl\\\/wp-content\\\/uploads\\\/2025\\\/02\\\/cropped-Logo-Icono.png\",\"width\":512,\"height\":512,\"caption\":\"Diario El Labrador\"},\"image\":{\"@id\":\"https:\\\/\\\/diarioellabrador.cl\\\/#\\\/schema\\\/logo\\\/image\\\/\"},\"sameAs\":[\"https:\\\/\\\/web.facebook.com\\\/profile.php?id=61576120840621\",\"https:\\\/\\\/x.com\\\/ElLabradorOf\",\"https:\\\/\\\/www.instagram.com\\\/diarioellabradoroficial\\\/\"]},{\"@type\":\"Person\",\"@id\":\"https:\\\/\\\/diarioellabrador.cl\\\/#\\\/schema\\\/person\\\/bc25ff80b4563f9c7f4bd7855df01685\",\"name\":\"Editor\",\"image\":{\"@type\":\"ImageObject\",\"inLanguage\":\"es\",\"@id\":\"https:\\\/\\\/secure.gravatar.com\\\/avatar\\\/109c326cf2be5c04f048c2c2a2b8b6ef44bf3d8d1d3d4c55d0ac40c4bc994684?s=96&d=mm&r=g\",\"url\":\"https:\\\/\\\/secure.gravatar.com\\\/avatar\\\/109c326cf2be5c04f048c2c2a2b8b6ef44bf3d8d1d3d4c55d0ac40c4bc994684?s=96&d=mm&r=g\",\"contentUrl\":\"https:\\\/\\\/secure.gravatar.com\\\/avatar\\\/109c326cf2be5c04f048c2c2a2b8b6ef44bf3d8d1d3d4c55d0ac40c4bc994684?s=96&d=mm&r=g\",\"caption\":\"Editor\"},\"url\":\"https:\\\/\\\/diarioellabrador.cl\\\/index.php\\\/author\\\/editor\\\/\"}]}<\/script>\n<!-- \/ Yoast SEO plugin. -->","yoast_head_json":{"title":"Liceo El Bollenar concreta firma de convenio ADP y refuerza su gesti\u00f3n educativa - Diario El Labrador","robots":{"index":"index","follow":"follow","max-snippet":"max-snippet:-1","max-image-preview":"max-image-preview:large","max-video-preview":"max-video-preview:-1"},"canonical":"https:\/\/diarioellabrador.cl\/index.php\/2026\/04\/27\/liceo-el-bollenar-concreta-firma-de-convenio-adp-y-refuerza-su-gestion-educativa\/","og_locale":"es_ES","og_type":"article","og_title":"Liceo El Bollenar concreta firma de convenio ADP y refuerza su gesti\u00f3n educativa - Diario El Labrador","og_description":"Desde las redes oficiales de la Corporaci\u00f3n Municipal de Melipilla, se conoci\u00f3 que fue concretada la firma del convenio de Alta Direcci\u00f3n P\u00fablica (ADP) con el nuevo director del Liceo El Bollenar, Sr. Wilson Gonz\u00e1lez P\u00e9rez. Este acuerdo establece una serie de medidas orientadas a mejorar la gesti\u00f3n del establecimiento, poniendo \u00e9nfasis en el seguimiento Leer m\u00e1s","og_url":"https:\/\/diarioellabrador.cl\/index.php\/2026\/04\/27\/liceo-el-bollenar-concreta-firma-de-convenio-adp-y-refuerza-su-gestion-educativa\/","og_site_name":"Diario El Labrador","article_publisher":"https:\/\/web.facebook.com\/profile.php?id=61576120840621","article_published_time":"2026-04-27T22:40:56+00:00","article_modified_time":"2026-04-27T22:40:58+00:00","og_image":[{"width":1440,"height":960,"url":"https:\/\/diarioellabrador.cl\/wp-content\/uploads\/2026\/04\/Liceo-El-Bollenar-concreta-firma-de-convenio-ADP-y-refuerza-su-gestion-educativa.jpeg","type":"image\/jpeg"}],"author":"Editor","twitter_card":"summary_large_image","twitter_creator":"@ElLabradorOf","twitter_site":"@ElLabradorOf","twitter_misc":{"Escrito por":"Editor","Tiempo de lectura":"1 minuto"},"schema":{"@context":"https:\/\/schema.org","@graph":[{"@type":"Article","@id":"https:\/\/diarioellabrador.cl\/index.php\/2026\/04\/27\/liceo-el-bollenar-concreta-firma-de-convenio-adp-y-refuerza-su-gestion-educativa\/#article","isPartOf":{"@id":"https:\/\/diarioellabrador.cl\/index.php\/2026\/04\/27\/liceo-el-bollenar-concreta-firma-de-convenio-adp-y-refuerza-su-gestion-educativa\/"},"author":{"name":"Editor","@id":"https:\/\/diarioellabrador.cl\/#\/schema\/person\/bc25ff80b4563f9c7f4bd7855df01685"},"headline":"Liceo El Bollenar concreta firma de convenio ADP y refuerza su gesti\u00f3n educativa","datePublished":"2026-04-27T22:40:56+00:00","dateModified":"2026-04-27T22:40:58+00:00","mainEntityOfPage":{"@id":"https:\/\/diarioellabrador.cl\/index.php\/2026\/04\/27\/liceo-el-bollenar-concreta-firma-de-convenio-adp-y-refuerza-su-gestion-educativa\/"},"wordCount":141,"commentCount":0,"publisher":{"@id":"https:\/\/diarioellabrador.cl\/#organization"},"image":{"@id":"https:\/\/diarioellabrador.cl\/index.php\/2026\/04\/27\/liceo-el-bollenar-concreta-firma-de-convenio-adp-y-refuerza-su-gestion-educativa\/#primaryimage"},"thumbnailUrl":"https:\/\/diarioellabrador.cl\/wp-content\/uploads\/2026\/04\/Liceo-El-Bollenar-concreta-firma-de-convenio-ADP-y-refuerza-su-gestion-educativa.jpeg","articleSection":["Cr\u00f3nica"],"inLanguage":"es","potentialAction":[{"@type":"CommentAction","name":"Comment","target":["https:\/\/diarioellabrador.cl\/index.php\/2026\/04\/27\/liceo-el-bollenar-concreta-firma-de-convenio-adp-y-refuerza-su-gestion-educativa\/#respond"]}]},{"@type":"WebPage","@id":"https:\/\/diarioellabrador.cl\/index.php\/2026\/04\/27\/liceo-el-bollenar-concreta-firma-de-convenio-adp-y-refuerza-su-gestion-educativa\/","url":"https:\/\/diarioellabrador.cl\/index.php\/2026\/04\/27\/liceo-el-bollenar-concreta-firma-de-convenio-adp-y-refuerza-su-gestion-educativa\/","name":"Liceo El Bollenar concreta firma de convenio ADP y refuerza su gesti\u00f3n educativa - Diario El Labrador","isPartOf":{"@id":"https:\/\/diarioellabrador.cl\/#website"},"primaryImageOfPage":{"@id":"https:\/\/diarioellabrador.cl\/index.php\/2026\/04\/27\/liceo-el-bollenar-concreta-firma-de-convenio-adp-y-refuerza-su-gestion-educativa\/#primaryimage"},"image":{"@id":"https:\/\/diarioellabrador.cl\/index.php\/2026\/04\/27\/liceo-el-bollenar-concreta-firma-de-convenio-adp-y-refuerza-su-gestion-educativa\/#primaryimage"},"thumbnailUrl":"https:\/\/diarioellabrador.cl\/wp-content\/uploads\/2026\/04\/Liceo-El-Bollenar-concreta-firma-de-convenio-ADP-y-refuerza-su-gestion-educativa.jpeg","datePublished":"2026-04-27T22:40:56+00:00","dateModified":"2026-04-27T22:40:58+00:00","breadcrumb":{"@id":"https:\/\/diarioellabrador.cl\/index.php\/2026\/04\/27\/liceo-el-bollenar-concreta-firma-de-convenio-adp-y-refuerza-su-gestion-educativa\/#breadcrumb"},"inLanguage":"es","potentialAction":[{"@type":"ReadAction","target":["https:\/\/diarioellabrador.cl\/index.php\/2026\/04\/27\/liceo-el-bollenar-concreta-firma-de-convenio-adp-y-refuerza-su-gestion-educativa\/"]}]},{"@type":"ImageObject","inLanguage":"es","@id":"https:\/\/diarioellabrador.cl\/index.php\/2026\/04\/27\/liceo-el-bollenar-concreta-firma-de-convenio-adp-y-refuerza-su-gestion-educativa\/#primaryimage","url":"https:\/\/diarioellabrador.cl\/wp-content\/uploads\/2026\/04\/Liceo-El-Bollenar-concreta-firma-de-convenio-ADP-y-refuerza-su-gestion-educativa.jpeg","contentUrl":"https:\/\/diarioellabrador.cl\/wp-content\/uploads\/2026\/04\/Liceo-El-Bollenar-concreta-firma-de-convenio-ADP-y-refuerza-su-gestion-educativa.jpeg","width":1440,"height":960},{"@type":"BreadcrumbList","@id":"https:\/\/diarioellabrador.cl\/index.php\/2026\/04\/27\/liceo-el-bollenar-concreta-firma-de-convenio-adp-y-refuerza-su-gestion-educativa\/#breadcrumb","itemListElement":[{"@type":"ListItem","position":1,"name":"Portada","item":"https:\/\/diarioellabrador.cl\/"},{"@type":"ListItem","position":2,"name":"Liceo El Bollenar concreta firma de convenio ADP y refuerza su gesti\u00f3n educativa"}]},{"@type":"WebSite","@id":"https:\/\/diarioellabrador.cl\/#website","url":"https:\/\/diarioellabrador.cl\/","name":"Diario El Labrador","description":"Haciendo noticia desde 1921","publisher":{"@id":"https:\/\/diarioellabrador.cl\/#organization"},"potentialAction":[{"@type":"SearchAction","target":{"@type":"EntryPoint","urlTemplate":"https:\/\/diarioellabrador.cl\/?s={search_term_string}"},"query-input":{"@type":"PropertyValueSpecification","valueRequired":true,"valueName":"search_term_string"}}],"inLanguage":"es"},{"@type":"Organization","@id":"https:\/\/diarioellabrador.cl\/#organization","name":"Diario El Labrador","url":"https:\/\/diarioellabrador.cl\/","logo":{"@type":"ImageObject","inLanguage":"es","@id":"https:\/\/diarioellabrador.cl\/#\/schema\/logo\/image\/","url":"https:\/\/diarioellabrador.cl\/wp-content\/uploads\/2025\/02\/cropped-Logo-Icono.png","contentUrl":"https:\/\/diarioellabrador.cl\/wp-content\/uploads\/2025\/02\/cropped-Logo-Icono.png","width":512,"height":512,"caption":"Diario El Labrador"},"image":{"@id":"https:\/\/diarioellabrador.cl\/#\/schema\/logo\/image\/"},"sameAs":["https:\/\/web.facebook.com\/profile.php?id=61576120840621","https:\/\/x.com\/ElLabradorOf","https:\/\/www.instagram.com\/diarioellabradoroficial\/"]},{"@type":"Person","@id":"https:\/\/diarioellabrador.cl\/#\/schema\/person\/bc25ff80b4563f9c7f4bd7855df01685","name":"Editor","image":{"@type":"ImageObject","inLanguage":"es","@id":"https:\/\/secure.gravatar.com\/avatar\/109c326cf2be5c04f048c2c2a2b8b6ef44bf3d8d1d3d4c55d0ac40c4bc994684?s=96&d=mm&r=g","url":"https:\/\/secure.gravatar.com\/avatar\/109c326cf2be5c04f048c2c2a2b8b6ef44bf3d8d1d3d4c55d0ac40c4bc994684?s=96&d=mm&r=g","contentUrl":"https:\/\/secure.gravatar.com\/avatar\/109c326cf2be5c04f048c2c2a2b8b6ef44bf3d8d1d3d4c55d0ac40c4bc994684?s=96&d=mm&r=g","caption":"Editor"},"url":"https:\/\/diarioellabrador.cl\/index.php\/author\/editor\/"}]}},"_links":{"self":[{"href":"https:\/\/diarioellabrador.cl\/index.php\/wp-json\/wp\/v2\/posts\/18638","targetHints":{"allow":["GET"]}}],"collection":[{"href":"https:\/\/diarioellabrador.cl\/index.php\/wp-json\/wp\/v2\/posts"}],"about":[{"href":"https:\/\/diarioellabrador.cl\/index.php\/wp-json\/wp\/v2\/types\/post"}],"author":[{"embeddable":true,"href":"https:\/\/diarioellabrador.cl\/index.php\/wp-json\/wp\/v2\/users\/2"}],"replies":[{"embeddable":true,"href":"https:\/\/diarioellabrador.cl\/index.php\/wp-json\/wp\/v2\/comments?post=18638"}],"version-history":[{"count":1,"href":"https:\/\/diarioellabrador.cl\/index.php\/wp-json\/wp\/v2\/posts\/18638\/revisions"}],"predecessor-version":[{"id":18639,"href":"https:\/\/diarioellabrador.cl\/index.php\/wp-json\/wp\/v2\/posts\/18638\/revisions\/18639"}],"wp:featuredmedia":[{"embeddable":true,"href":"https:\/\/diarioellabrador.cl\/index.php\/wp-json\/wp\/v2\/media\/18596"}],"wp:attachment":[{"href":"https:\/\/diarioellabrador.cl\/index.php\/wp-json\/wp\/v2\/media?parent=18638"}],"wp:term":[{"taxonomy":"category","embeddable":true,"href":"https:\/\/diarioellabrador.cl\/index.php\/wp-json\/wp\/v2\/categories?post=18638"},{"taxonomy":"post_tag","embeddable":true,"href":"https:\/\/diarioellabrador.cl\/index.php\/wp-json\/wp\/v2\/tags?post=18638"}],"curies":[{"name":"wp","href":"https:\/\/api.w.org\/{rel}","templated":true}]}}