{"id":18636,"date":"2026-04-27T18:39:24","date_gmt":"2026-04-27T22:39:24","guid":{"rendered":"https:\/\/diarioellabrador.cl\/?p=18636"},"modified":"2026-04-27T18:39:26","modified_gmt":"2026-04-27T22:39:26","slug":"nuevo-hospital-de-melipilla-amplia-consultas-ambulatorias-desde-el-29-de-abril","status":"publish","type":"post","link":"https:\/\/diarioellabrador.cl\/index.php\/2026\/04\/27\/nuevo-hospital-de-melipilla-amplia-consultas-ambulatorias-desde-el-29-de-abril\/","title":{"rendered":"Nuevo Hospital de Melipilla ampl\u00eda consultas ambulatorias desde el 29 de abril"},"content":{"rendered":"\n<p>A partir de este mi\u00e9rcoles 29 de abril, el Nuevo Hospital de Melipilla ampliar\u00e1 sus consultas ambulatorias de especialidades, medida que busca mejorar la atenci\u00f3n y el acceso de los pacientes.<\/p>\n\n\n\n<p>Las especialidades que se trasladan corresponden a Cirug\u00eda General, Traumatolog\u00eda y Geriatr\u00eda, adem\u00e1s de la incorporaci\u00f3n de la Unidad de Manejo Avanzado de Heridas (UMAH).<\/p>\n\n\n\n<p>Desde el hospital, informaron que los pacientes de estas especialidades que hayan sido notificados de su atenci\u00f3n en el nuevo hospital deber\u00e1n ingresar exclusivamente por el acceso ubicado en Camino El Bajo.<\/p>\n\n\n\n<p>Asimismo, indicaron que los box de atenci\u00f3n de especialidades estar\u00e1n ubicados en el segundo y tercer piso del edificio de Consultas.<\/p>\n","protected":false},"excerpt":{"rendered":"<p>A partir de este mi\u00e9rcoles 29 de abril, el Nuevo Hospital de Melipilla ampliar\u00e1 sus consultas ambulatorias de especialidades, medida que busca mejorar la atenci\u00f3n y el acceso de los pacientes. Las especialidades que se trasladan corresponden a Cirug\u00eda General, Traumatolog\u00eda y Geriatr\u00eda, adem\u00e1s de la incorporaci\u00f3n de la Unidad de Manejo Avanzado de Heridas<\/p>\n<div class=\"read-more-wrapper\"><a class=\"read-more\" href=\"https:\/\/diarioellabrador.cl\/index.php\/2026\/04\/27\/nuevo-hospital-de-melipilla-amplia-consultas-ambulatorias-desde-el-29-de-abril\/\" title=\"Leer m\u00e1s\"> <span class=\"button \">Leer m\u00e1s<\/span><\/a><\/div>\n","protected":false},"author":2,"featured_media":18597,"comment_status":"open","ping_status":"open","sticky":false,"template":"","format":"standard","meta":{"footnotes":""},"categories":[1],"tags":[],"class_list":["post-18636","post","type-post","status-publish","format-standard","has-post-thumbnail","hentry","category-cronica"],"yoast_head":"<!-- This site is optimized with the Yoast SEO plugin v27.5 - https:\/\/yoast.com\/product\/yoast-seo-wordpress\/ -->\n<title>Nuevo Hospital de Melipilla ampl\u00eda consultas ambulatorias desde el 29 de abril - Diario El Labrador<\/title>\n<meta name=\"robots\" content=\"index, follow, max-snippet:-1, max-image-preview:large, max-video-preview:-1\" \/>\n<link rel=\"canonical\" href=\"https:\/\/diarioellabrador.cl\/index.php\/2026\/04\/27\/nuevo-hospital-de-melipilla-amplia-consultas-ambulatorias-desde-el-29-de-abril\/\" \/>\n<meta property=\"og:locale\" content=\"es_ES\" \/>\n<meta property=\"og:type\" content=\"article\" \/>\n<meta property=\"og:title\" content=\"Nuevo Hospital de Melipilla ampl\u00eda consultas ambulatorias desde el 29 de abril - Diario El Labrador\" \/>\n<meta property=\"og:description\" content=\"A partir de este mi\u00e9rcoles 29 de abril, el Nuevo Hospital de Melipilla ampliar\u00e1 sus consultas ambulatorias de especialidades, medida que busca mejorar la atenci\u00f3n y el acceso de los pacientes. Las especialidades que se trasladan corresponden a Cirug\u00eda General, Traumatolog\u00eda y Geriatr\u00eda, adem\u00e1s de la incorporaci\u00f3n de la Unidad de Manejo Avanzado de Heridas Leer m\u00e1s\" \/>\n<meta property=\"og:url\" content=\"https:\/\/diarioellabrador.cl\/index.php\/2026\/04\/27\/nuevo-hospital-de-melipilla-amplia-consultas-ambulatorias-desde-el-29-de-abril\/\" \/>\n<meta property=\"og:site_name\" content=\"Diario El Labrador\" \/>\n<meta property=\"article:publisher\" content=\"https:\/\/web.facebook.com\/profile.php?id=61576120840621\" \/>\n<meta property=\"article:published_time\" content=\"2026-04-27T22:39:24+00:00\" \/>\n<meta property=\"article:modified_time\" content=\"2026-04-27T22:39:26+00:00\" \/>\n<meta property=\"og:image\" content=\"https:\/\/diarioellabrador.cl\/wp-content\/uploads\/2026\/04\/Nuevo-Hospital-de-Melipilla-amplia-consultas-ambulatorias-desde-el-29-de-abril.jpg\" \/>\n\t<meta property=\"og:image:width\" content=\"768\" \/>\n\t<meta property=\"og:image:height\" content=\"960\" \/>\n\t<meta property=\"og:image:type\" content=\"image\/jpeg\" \/>\n<meta name=\"author\" content=\"Editor\" \/>\n<meta name=\"twitter:card\" content=\"summary_large_image\" \/>\n<meta name=\"twitter:creator\" content=\"@ElLabradorOf\" \/>\n<meta name=\"twitter:site\" content=\"@ElLabradorOf\" \/>\n<meta name=\"twitter:label1\" content=\"Escrito por\" \/>\n\t<meta name=\"twitter:data1\" content=\"Editor\" \/>\n\t<meta name=\"twitter:label2\" content=\"Tiempo de lectura\" \/>\n\t<meta name=\"twitter:data2\" content=\"1 minuto\" \/>\n<script type=\"application\/ld+json\" class=\"yoast-schema-graph\">{\"@context\":\"https:\\\/\\\/schema.org\",\"@graph\":[{\"@type\":\"Article\",\"@id\":\"https:\\\/\\\/diarioellabrador.cl\\\/index.php\\\/2026\\\/04\\\/27\\\/nuevo-hospital-de-melipilla-amplia-consultas-ambulatorias-desde-el-29-de-abril\\\/#article\",\"isPartOf\":{\"@id\":\"https:\\\/\\\/diarioellabrador.cl\\\/index.php\\\/2026\\\/04\\\/27\\\/nuevo-hospital-de-melipilla-amplia-consultas-ambulatorias-desde-el-29-de-abril\\\/\"},\"author\":{\"name\":\"Editor\",\"@id\":\"https:\\\/\\\/diarioellabrador.cl\\\/#\\\/schema\\\/person\\\/bc25ff80b4563f9c7f4bd7855df01685\"},\"headline\":\"Nuevo Hospital de Melipilla ampl\u00eda consultas ambulatorias desde el 29 de abril\",\"datePublished\":\"2026-04-27T22:39:24+00:00\",\"dateModified\":\"2026-04-27T22:39:26+00:00\",\"mainEntityOfPage\":{\"@id\":\"https:\\\/\\\/diarioellabrador.cl\\\/index.php\\\/2026\\\/04\\\/27\\\/nuevo-hospital-de-melipilla-amplia-consultas-ambulatorias-desde-el-29-de-abril\\\/\"},\"wordCount\":131,\"commentCount\":0,\"publisher\":{\"@id\":\"https:\\\/\\\/diarioellabrador.cl\\\/#organization\"},\"image\":{\"@id\":\"https:\\\/\\\/diarioellabrador.cl\\\/index.php\\\/2026\\\/04\\\/27\\\/nuevo-hospital-de-melipilla-amplia-consultas-ambulatorias-desde-el-29-de-abril\\\/#primaryimage\"},\"thumbnailUrl\":\"https:\\\/\\\/diarioellabrador.cl\\\/wp-content\\\/uploads\\\/2026\\\/04\\\/Nuevo-Hospital-de-Melipilla-amplia-consultas-ambulatorias-desde-el-29-de-abril.jpg\",\"articleSection\":[\"Cr\u00f3nica\"],\"inLanguage\":\"es\",\"potentialAction\":[{\"@type\":\"CommentAction\",\"name\":\"Comment\",\"target\":[\"https:\\\/\\\/diarioellabrador.cl\\\/index.php\\\/2026\\\/04\\\/27\\\/nuevo-hospital-de-melipilla-amplia-consultas-ambulatorias-desde-el-29-de-abril\\\/#respond\"]}]},{\"@type\":\"WebPage\",\"@id\":\"https:\\\/\\\/diarioellabrador.cl\\\/index.php\\\/2026\\\/04\\\/27\\\/nuevo-hospital-de-melipilla-amplia-consultas-ambulatorias-desde-el-29-de-abril\\\/\",\"url\":\"https:\\\/\\\/diarioellabrador.cl\\\/index.php\\\/2026\\\/04\\\/27\\\/nuevo-hospital-de-melipilla-amplia-consultas-ambulatorias-desde-el-29-de-abril\\\/\",\"name\":\"Nuevo Hospital de Melipilla ampl\u00eda consultas ambulatorias desde el 29 de abril - Diario El Labrador\",\"isPartOf\":{\"@id\":\"https:\\\/\\\/diarioellabrador.cl\\\/#website\"},\"primaryImageOfPage\":{\"@id\":\"https:\\\/\\\/diarioellabrador.cl\\\/index.php\\\/2026\\\/04\\\/27\\\/nuevo-hospital-de-melipilla-amplia-consultas-ambulatorias-desde-el-29-de-abril\\\/#primaryimage\"},\"image\":{\"@id\":\"https:\\\/\\\/diarioellabrador.cl\\\/index.php\\\/2026\\\/04\\\/27\\\/nuevo-hospital-de-melipilla-amplia-consultas-ambulatorias-desde-el-29-de-abril\\\/#primaryimage\"},\"thumbnailUrl\":\"https:\\\/\\\/diarioellabrador.cl\\\/wp-content\\\/uploads\\\/2026\\\/04\\\/Nuevo-Hospital-de-Melipilla-amplia-consultas-ambulatorias-desde-el-29-de-abril.jpg\",\"datePublished\":\"2026-04-27T22:39:24+00:00\",\"dateModified\":\"2026-04-27T22:39:26+00:00\",\"breadcrumb\":{\"@id\":\"https:\\\/\\\/diarioellabrador.cl\\\/index.php\\\/2026\\\/04\\\/27\\\/nuevo-hospital-de-melipilla-amplia-consultas-ambulatorias-desde-el-29-de-abril\\\/#breadcrumb\"},\"inLanguage\":\"es\",\"potentialAction\":[{\"@type\":\"ReadAction\",\"target\":[\"https:\\\/\\\/diarioellabrador.cl\\\/index.php\\\/2026\\\/04\\\/27\\\/nuevo-hospital-de-melipilla-amplia-consultas-ambulatorias-desde-el-29-de-abril\\\/\"]}]},{\"@type\":\"ImageObject\",\"inLanguage\":\"es\",\"@id\":\"https:\\\/\\\/diarioellabrador.cl\\\/index.php\\\/2026\\\/04\\\/27\\\/nuevo-hospital-de-melipilla-amplia-consultas-ambulatorias-desde-el-29-de-abril\\\/#primaryimage\",\"url\":\"https:\\\/\\\/diarioellabrador.cl\\\/wp-content\\\/uploads\\\/2026\\\/04\\\/Nuevo-Hospital-de-Melipilla-amplia-consultas-ambulatorias-desde-el-29-de-abril.jpg\",\"contentUrl\":\"https:\\\/\\\/diarioellabrador.cl\\\/wp-content\\\/uploads\\\/2026\\\/04\\\/Nuevo-Hospital-de-Melipilla-amplia-consultas-ambulatorias-desde-el-29-de-abril.jpg\",\"width\":768,\"height\":960},{\"@type\":\"BreadcrumbList\",\"@id\":\"https:\\\/\\\/diarioellabrador.cl\\\/index.php\\\/2026\\\/04\\\/27\\\/nuevo-hospital-de-melipilla-amplia-consultas-ambulatorias-desde-el-29-de-abril\\\/#breadcrumb\",\"itemListElement\":[{\"@type\":\"ListItem\",\"position\":1,\"name\":\"Portada\",\"item\":\"https:\\\/\\\/diarioellabrador.cl\\\/\"},{\"@type\":\"ListItem\",\"position\":2,\"name\":\"Nuevo Hospital de Melipilla ampl\u00eda consultas ambulatorias desde el 29 de abril\"}]},{\"@type\":\"WebSite\",\"@id\":\"https:\\\/\\\/diarioellabrador.cl\\\/#website\",\"url\":\"https:\\\/\\\/diarioellabrador.cl\\\/\",\"name\":\"Diario El Labrador\",\"description\":\"Haciendo noticia desde 1921\",\"publisher\":{\"@id\":\"https:\\\/\\\/diarioellabrador.cl\\\/#organization\"},\"potentialAction\":[{\"@type\":\"SearchAction\",\"target\":{\"@type\":\"EntryPoint\",\"urlTemplate\":\"https:\\\/\\\/diarioellabrador.cl\\\/?s={search_term_string}\"},\"query-input\":{\"@type\":\"PropertyValueSpecification\",\"valueRequired\":true,\"valueName\":\"search_term_string\"}}],\"inLanguage\":\"es\"},{\"@type\":\"Organization\",\"@id\":\"https:\\\/\\\/diarioellabrador.cl\\\/#organization\",\"name\":\"Diario El Labrador\",\"url\":\"https:\\\/\\\/diarioellabrador.cl\\\/\",\"logo\":{\"@type\":\"ImageObject\",\"inLanguage\":\"es\",\"@id\":\"https:\\\/\\\/diarioellabrador.cl\\\/#\\\/schema\\\/logo\\\/image\\\/\",\"url\":\"https:\\\/\\\/diarioellabrador.cl\\\/wp-content\\\/uploads\\\/2025\\\/02\\\/cropped-Logo-Icono.png\",\"contentUrl\":\"https:\\\/\\\/diarioellabrador.cl\\\/wp-content\\\/uploads\\\/2025\\\/02\\\/cropped-Logo-Icono.png\",\"width\":512,\"height\":512,\"caption\":\"Diario El Labrador\"},\"image\":{\"@id\":\"https:\\\/\\\/diarioellabrador.cl\\\/#\\\/schema\\\/logo\\\/image\\\/\"},\"sameAs\":[\"https:\\\/\\\/web.facebook.com\\\/profile.php?id=61576120840621\",\"https:\\\/\\\/x.com\\\/ElLabradorOf\",\"https:\\\/\\\/www.instagram.com\\\/diarioellabradoroficial\\\/\"]},{\"@type\":\"Person\",\"@id\":\"https:\\\/\\\/diarioellabrador.cl\\\/#\\\/schema\\\/person\\\/bc25ff80b4563f9c7f4bd7855df01685\",\"name\":\"Editor\",\"image\":{\"@type\":\"ImageObject\",\"inLanguage\":\"es\",\"@id\":\"https:\\\/\\\/secure.gravatar.com\\\/avatar\\\/109c326cf2be5c04f048c2c2a2b8b6ef44bf3d8d1d3d4c55d0ac40c4bc994684?s=96&d=mm&r=g\",\"url\":\"https:\\\/\\\/secure.gravatar.com\\\/avatar\\\/109c326cf2be5c04f048c2c2a2b8b6ef44bf3d8d1d3d4c55d0ac40c4bc994684?s=96&d=mm&r=g\",\"contentUrl\":\"https:\\\/\\\/secure.gravatar.com\\\/avatar\\\/109c326cf2be5c04f048c2c2a2b8b6ef44bf3d8d1d3d4c55d0ac40c4bc994684?s=96&d=mm&r=g\",\"caption\":\"Editor\"},\"url\":\"https:\\\/\\\/diarioellabrador.cl\\\/index.php\\\/author\\\/editor\\\/\"}]}<\/script>\n<!-- \/ Yoast SEO plugin. -->","yoast_head_json":{"title":"Nuevo Hospital de Melipilla ampl\u00eda consultas ambulatorias desde el 29 de abril - Diario El Labrador","robots":{"index":"index","follow":"follow","max-snippet":"max-snippet:-1","max-image-preview":"max-image-preview:large","max-video-preview":"max-video-preview:-1"},"canonical":"https:\/\/diarioellabrador.cl\/index.php\/2026\/04\/27\/nuevo-hospital-de-melipilla-amplia-consultas-ambulatorias-desde-el-29-de-abril\/","og_locale":"es_ES","og_type":"article","og_title":"Nuevo Hospital de Melipilla ampl\u00eda consultas ambulatorias desde el 29 de abril - Diario El Labrador","og_description":"A partir de este mi\u00e9rcoles 29 de abril, el Nuevo Hospital de Melipilla ampliar\u00e1 sus consultas ambulatorias de especialidades, medida que busca mejorar la atenci\u00f3n y el acceso de los pacientes. Las especialidades que se trasladan corresponden a Cirug\u00eda General, Traumatolog\u00eda y Geriatr\u00eda, adem\u00e1s de la incorporaci\u00f3n de la Unidad de Manejo Avanzado de Heridas Leer m\u00e1s","og_url":"https:\/\/diarioellabrador.cl\/index.php\/2026\/04\/27\/nuevo-hospital-de-melipilla-amplia-consultas-ambulatorias-desde-el-29-de-abril\/","og_site_name":"Diario El Labrador","article_publisher":"https:\/\/web.facebook.com\/profile.php?id=61576120840621","article_published_time":"2026-04-27T22:39:24+00:00","article_modified_time":"2026-04-27T22:39:26+00:00","og_image":[{"width":768,"height":960,"url":"https:\/\/diarioellabrador.cl\/wp-content\/uploads\/2026\/04\/Nuevo-Hospital-de-Melipilla-amplia-consultas-ambulatorias-desde-el-29-de-abril.jpg","type":"image\/jpeg"}],"author":"Editor","twitter_card":"summary_large_image","twitter_creator":"@ElLabradorOf","twitter_site":"@ElLabradorOf","twitter_misc":{"Escrito por":"Editor","Tiempo de lectura":"1 minuto"},"schema":{"@context":"https:\/\/schema.org","@graph":[{"@type":"Article","@id":"https:\/\/diarioellabrador.cl\/index.php\/2026\/04\/27\/nuevo-hospital-de-melipilla-amplia-consultas-ambulatorias-desde-el-29-de-abril\/#article","isPartOf":{"@id":"https:\/\/diarioellabrador.cl\/index.php\/2026\/04\/27\/nuevo-hospital-de-melipilla-amplia-consultas-ambulatorias-desde-el-29-de-abril\/"},"author":{"name":"Editor","@id":"https:\/\/diarioellabrador.cl\/#\/schema\/person\/bc25ff80b4563f9c7f4bd7855df01685"},"headline":"Nuevo Hospital de Melipilla ampl\u00eda consultas ambulatorias desde el 29 de abril","datePublished":"2026-04-27T22:39:24+00:00","dateModified":"2026-04-27T22:39:26+00:00","mainEntityOfPage":{"@id":"https:\/\/diarioellabrador.cl\/index.php\/2026\/04\/27\/nuevo-hospital-de-melipilla-amplia-consultas-ambulatorias-desde-el-29-de-abril\/"},"wordCount":131,"commentCount":0,"publisher":{"@id":"https:\/\/diarioellabrador.cl\/#organization"},"image":{"@id":"https:\/\/diarioellabrador.cl\/index.php\/2026\/04\/27\/nuevo-hospital-de-melipilla-amplia-consultas-ambulatorias-desde-el-29-de-abril\/#primaryimage"},"thumbnailUrl":"https:\/\/diarioellabrador.cl\/wp-content\/uploads\/2026\/04\/Nuevo-Hospital-de-Melipilla-amplia-consultas-ambulatorias-desde-el-29-de-abril.jpg","articleSection":["Cr\u00f3nica"],"inLanguage":"es","potentialAction":[{"@type":"CommentAction","name":"Comment","target":["https:\/\/diarioellabrador.cl\/index.php\/2026\/04\/27\/nuevo-hospital-de-melipilla-amplia-consultas-ambulatorias-desde-el-29-de-abril\/#respond"]}]},{"@type":"WebPage","@id":"https:\/\/diarioellabrador.cl\/index.php\/2026\/04\/27\/nuevo-hospital-de-melipilla-amplia-consultas-ambulatorias-desde-el-29-de-abril\/","url":"https:\/\/diarioellabrador.cl\/index.php\/2026\/04\/27\/nuevo-hospital-de-melipilla-amplia-consultas-ambulatorias-desde-el-29-de-abril\/","name":"Nuevo Hospital de Melipilla ampl\u00eda consultas ambulatorias desde el 29 de abril - Diario El Labrador","isPartOf":{"@id":"https:\/\/diarioellabrador.cl\/#website"},"primaryImageOfPage":{"@id":"https:\/\/diarioellabrador.cl\/index.php\/2026\/04\/27\/nuevo-hospital-de-melipilla-amplia-consultas-ambulatorias-desde-el-29-de-abril\/#primaryimage"},"image":{"@id":"https:\/\/diarioellabrador.cl\/index.php\/2026\/04\/27\/nuevo-hospital-de-melipilla-amplia-consultas-ambulatorias-desde-el-29-de-abril\/#primaryimage"},"thumbnailUrl":"https:\/\/diarioellabrador.cl\/wp-content\/uploads\/2026\/04\/Nuevo-Hospital-de-Melipilla-amplia-consultas-ambulatorias-desde-el-29-de-abril.jpg","datePublished":"2026-04-27T22:39:24+00:00","dateModified":"2026-04-27T22:39:26+00:00","breadcrumb":{"@id":"https:\/\/diarioellabrador.cl\/index.php\/2026\/04\/27\/nuevo-hospital-de-melipilla-amplia-consultas-ambulatorias-desde-el-29-de-abril\/#breadcrumb"},"inLanguage":"es","potentialAction":[{"@type":"ReadAction","target":["https:\/\/diarioellabrador.cl\/index.php\/2026\/04\/27\/nuevo-hospital-de-melipilla-amplia-consultas-ambulatorias-desde-el-29-de-abril\/"]}]},{"@type":"ImageObject","inLanguage":"es","@id":"https:\/\/diarioellabrador.cl\/index.php\/2026\/04\/27\/nuevo-hospital-de-melipilla-amplia-consultas-ambulatorias-desde-el-29-de-abril\/#primaryimage","url":"https:\/\/diarioellabrador.cl\/wp-content\/uploads\/2026\/04\/Nuevo-Hospital-de-Melipilla-amplia-consultas-ambulatorias-desde-el-29-de-abril.jpg","contentUrl":"https:\/\/diarioellabrador.cl\/wp-content\/uploads\/2026\/04\/Nuevo-Hospital-de-Melipilla-amplia-consultas-ambulatorias-desde-el-29-de-abril.jpg","width":768,"height":960},{"@type":"BreadcrumbList","@id":"https:\/\/diarioellabrador.cl\/index.php\/2026\/04\/27\/nuevo-hospital-de-melipilla-amplia-consultas-ambulatorias-desde-el-29-de-abril\/#breadcrumb","itemListElement":[{"@type":"ListItem","position":1,"name":"Portada","item":"https:\/\/diarioellabrador.cl\/"},{"@type":"ListItem","position":2,"name":"Nuevo Hospital de Melipilla ampl\u00eda consultas ambulatorias desde el 29 de abril"}]},{"@type":"WebSite","@id":"https:\/\/diarioellabrador.cl\/#website","url":"https:\/\/diarioellabrador.cl\/","name":"Diario El Labrador","description":"Haciendo noticia desde 1921","publisher":{"@id":"https:\/\/diarioellabrador.cl\/#organization"},"potentialAction":[{"@type":"SearchAction","target":{"@type":"EntryPoint","urlTemplate":"https:\/\/diarioellabrador.cl\/?s={search_term_string}"},"query-input":{"@type":"PropertyValueSpecification","valueRequired":true,"valueName":"search_term_string"}}],"inLanguage":"es"},{"@type":"Organization","@id":"https:\/\/diarioellabrador.cl\/#organization","name":"Diario El Labrador","url":"https:\/\/diarioellabrador.cl\/","logo":{"@type":"ImageObject","inLanguage":"es","@id":"https:\/\/diarioellabrador.cl\/#\/schema\/logo\/image\/","url":"https:\/\/diarioellabrador.cl\/wp-content\/uploads\/2025\/02\/cropped-Logo-Icono.png","contentUrl":"https:\/\/diarioellabrador.cl\/wp-content\/uploads\/2025\/02\/cropped-Logo-Icono.png","width":512,"height":512,"caption":"Diario El Labrador"},"image":{"@id":"https:\/\/diarioellabrador.cl\/#\/schema\/logo\/image\/"},"sameAs":["https:\/\/web.facebook.com\/profile.php?id=61576120840621","https:\/\/x.com\/ElLabradorOf","https:\/\/www.instagram.com\/diarioellabradoroficial\/"]},{"@type":"Person","@id":"https:\/\/diarioellabrador.cl\/#\/schema\/person\/bc25ff80b4563f9c7f4bd7855df01685","name":"Editor","image":{"@type":"ImageObject","inLanguage":"es","@id":"https:\/\/secure.gravatar.com\/avatar\/109c326cf2be5c04f048c2c2a2b8b6ef44bf3d8d1d3d4c55d0ac40c4bc994684?s=96&d=mm&r=g","url":"https:\/\/secure.gravatar.com\/avatar\/109c326cf2be5c04f048c2c2a2b8b6ef44bf3d8d1d3d4c55d0ac40c4bc994684?s=96&d=mm&r=g","contentUrl":"https:\/\/secure.gravatar.com\/avatar\/109c326cf2be5c04f048c2c2a2b8b6ef44bf3d8d1d3d4c55d0ac40c4bc994684?s=96&d=mm&r=g","caption":"Editor"},"url":"https:\/\/diarioellabrador.cl\/index.php\/author\/editor\/"}]}},"_links":{"self":[{"href":"https:\/\/diarioellabrador.cl\/index.php\/wp-json\/wp\/v2\/posts\/18636","targetHints":{"allow":["GET"]}}],"collection":[{"href":"https:\/\/diarioellabrador.cl\/index.php\/wp-json\/wp\/v2\/posts"}],"about":[{"href":"https:\/\/diarioellabrador.cl\/index.php\/wp-json\/wp\/v2\/types\/post"}],"author":[{"embeddable":true,"href":"https:\/\/diarioellabrador.cl\/index.php\/wp-json\/wp\/v2\/users\/2"}],"replies":[{"embeddable":true,"href":"https:\/\/diarioellabrador.cl\/index.php\/wp-json\/wp\/v2\/comments?post=18636"}],"version-history":[{"count":1,"href":"https:\/\/diarioellabrador.cl\/index.php\/wp-json\/wp\/v2\/posts\/18636\/revisions"}],"predecessor-version":[{"id":18637,"href":"https:\/\/diarioellabrador.cl\/index.php\/wp-json\/wp\/v2\/posts\/18636\/revisions\/18637"}],"wp:featuredmedia":[{"embeddable":true,"href":"https:\/\/diarioellabrador.cl\/index.php\/wp-json\/wp\/v2\/media\/18597"}],"wp:attachment":[{"href":"https:\/\/diarioellabrador.cl\/index.php\/wp-json\/wp\/v2\/media?parent=18636"}],"wp:term":[{"taxonomy":"category","embeddable":true,"href":"https:\/\/diarioellabrador.cl\/index.php\/wp-json\/wp\/v2\/categories?post=18636"},{"taxonomy":"post_tag","embeddable":true,"href":"https:\/\/diarioellabrador.cl\/index.php\/wp-json\/wp\/v2\/tags?post=18636"}],"curies":[{"name":"wp","href":"https:\/\/api.w.org\/{rel}","templated":true}]}}