{"id":18634,"date":"2026-04-27T18:38:01","date_gmt":"2026-04-27T22:38:01","guid":{"rendered":"https:\/\/diarioellabrador.cl\/?p=18634"},"modified":"2026-04-27T18:38:04","modified_gmt":"2026-04-27T22:38:04","slug":"silveria-catalan-es-reelecta-como-presidenta-de-la-camara-de-comercio","status":"publish","type":"post","link":"https:\/\/diarioellabrador.cl\/index.php\/2026\/04\/27\/silveria-catalan-es-reelecta-como-presidenta-de-la-camara-de-comercio\/","title":{"rendered":"Silveria Catal\u00e1n es reelecta como Presidenta de la C\u00e1mara de Comercio"},"content":{"rendered":"\n<p>Por dos a\u00f1os m\u00e1s seguir\u00e1 encabezando la C\u00e1mara de Comercio y Turismo, Silveria Catal\u00e1n, hist\u00f3rica dirigente ligada al mundo comercial de Melipilla, quien recientemente fue reelecta por sus pares, para conducir los destinos del gremio local.<\/p>\n\n\n\n<p>Tras conocer los resultados de esta \u00faltima elecci\u00f3n, Catal\u00e1n se\u00f1al\u00f3 que este nuevo periodo 2026-2028, servir\u00e1 para enfrentar los desaf\u00edos en materia econ\u00f3mica que afectan de manera directa al comercio establecido, por lo que asume nuevamente este cargo con mucha responsabilidad.<\/p>\n\n\n\n<p>\u201cLos a\u00f1os me han dado esa sabidur\u00eda para poder dirigir este gremio, el \u00fanico que est\u00e1 organizado de Arica a Punta Arenas\u201d, destacando el aporte de nuevos integrantes que formar\u00e1n parte de la C\u00e1mara, que les permitir\u00e1 trabajar por el comercio y sus asociados.<\/p>\n","protected":false},"excerpt":{"rendered":"<p>Por dos a\u00f1os m\u00e1s seguir\u00e1 encabezando la C\u00e1mara de Comercio y Turismo, Silveria Catal\u00e1n, hist\u00f3rica dirigente ligada al mundo comercial de Melipilla, quien recientemente fue reelecta por sus pares, para conducir los destinos del gremio local. Tras conocer los resultados de esta \u00faltima elecci\u00f3n, Catal\u00e1n se\u00f1al\u00f3 que este nuevo periodo 2026-2028, servir\u00e1 para enfrentar los<\/p>\n<div class=\"read-more-wrapper\"><a class=\"read-more\" href=\"https:\/\/diarioellabrador.cl\/index.php\/2026\/04\/27\/silveria-catalan-es-reelecta-como-presidenta-de-la-camara-de-comercio\/\" title=\"Leer m\u00e1s\"> <span class=\"button \">Leer m\u00e1s<\/span><\/a><\/div>\n","protected":false},"author":2,"featured_media":18587,"comment_status":"open","ping_status":"open","sticky":false,"template":"","format":"standard","meta":{"footnotes":""},"categories":[1],"tags":[],"class_list":["post-18634","post","type-post","status-publish","format-standard","has-post-thumbnail","hentry","category-cronica"],"yoast_head":"<!-- This site is optimized with the Yoast SEO plugin v27.5 - https:\/\/yoast.com\/product\/yoast-seo-wordpress\/ -->\n<title>Silveria Catal\u00e1n es reelecta como Presidenta de la C\u00e1mara de Comercio - Diario El Labrador<\/title>\n<meta name=\"robots\" content=\"index, follow, max-snippet:-1, max-image-preview:large, max-video-preview:-1\" \/>\n<link rel=\"canonical\" href=\"https:\/\/diarioellabrador.cl\/index.php\/2026\/04\/27\/silveria-catalan-es-reelecta-como-presidenta-de-la-camara-de-comercio\/\" \/>\n<meta property=\"og:locale\" content=\"es_ES\" \/>\n<meta property=\"og:type\" content=\"article\" \/>\n<meta property=\"og:title\" content=\"Silveria Catal\u00e1n es reelecta como Presidenta de la C\u00e1mara de Comercio - Diario El Labrador\" \/>\n<meta property=\"og:description\" content=\"Por dos a\u00f1os m\u00e1s seguir\u00e1 encabezando la C\u00e1mara de Comercio y Turismo, Silveria Catal\u00e1n, hist\u00f3rica dirigente ligada al mundo comercial de Melipilla, quien recientemente fue reelecta por sus pares, para conducir los destinos del gremio local. Tras conocer los resultados de esta \u00faltima elecci\u00f3n, Catal\u00e1n se\u00f1al\u00f3 que este nuevo periodo 2026-2028, servir\u00e1 para enfrentar los Leer m\u00e1s\" \/>\n<meta property=\"og:url\" content=\"https:\/\/diarioellabrador.cl\/index.php\/2026\/04\/27\/silveria-catalan-es-reelecta-como-presidenta-de-la-camara-de-comercio\/\" \/>\n<meta property=\"og:site_name\" content=\"Diario El Labrador\" \/>\n<meta property=\"article:publisher\" content=\"https:\/\/web.facebook.com\/profile.php?id=61576120840621\" \/>\n<meta property=\"article:published_time\" content=\"2026-04-27T22:38:01+00:00\" \/>\n<meta property=\"article:modified_time\" content=\"2026-04-27T22:38:04+00:00\" \/>\n<meta property=\"og:image\" content=\"https:\/\/diarioellabrador.cl\/wp-content\/uploads\/2026\/04\/Silveria-Catalan-es-reelecta-como-Presidenta-de-la-Camara-de-Comercio.jpg\" \/>\n\t<meta property=\"og:image:width\" content=\"686\" \/>\n\t<meta property=\"og:image:height\" content=\"686\" \/>\n\t<meta property=\"og:image:type\" content=\"image\/jpeg\" \/>\n<meta name=\"author\" content=\"Editor\" \/>\n<meta name=\"twitter:card\" content=\"summary_large_image\" \/>\n<meta name=\"twitter:creator\" content=\"@ElLabradorOf\" \/>\n<meta name=\"twitter:site\" content=\"@ElLabradorOf\" \/>\n<meta name=\"twitter:label1\" content=\"Escrito por\" \/>\n\t<meta name=\"twitter:data1\" content=\"Editor\" \/>\n\t<meta name=\"twitter:label2\" content=\"Tiempo de lectura\" \/>\n\t<meta name=\"twitter:data2\" content=\"1 minuto\" \/>\n<script type=\"application\/ld+json\" class=\"yoast-schema-graph\">{\"@context\":\"https:\\\/\\\/schema.org\",\"@graph\":[{\"@type\":\"Article\",\"@id\":\"https:\\\/\\\/diarioellabrador.cl\\\/index.php\\\/2026\\\/04\\\/27\\\/silveria-catalan-es-reelecta-como-presidenta-de-la-camara-de-comercio\\\/#article\",\"isPartOf\":{\"@id\":\"https:\\\/\\\/diarioellabrador.cl\\\/index.php\\\/2026\\\/04\\\/27\\\/silveria-catalan-es-reelecta-como-presidenta-de-la-camara-de-comercio\\\/\"},\"author\":{\"name\":\"Editor\",\"@id\":\"https:\\\/\\\/diarioellabrador.cl\\\/#\\\/schema\\\/person\\\/bc25ff80b4563f9c7f4bd7855df01685\"},\"headline\":\"Silveria Catal\u00e1n es reelecta como Presidenta de la C\u00e1mara de Comercio\",\"datePublished\":\"2026-04-27T22:38:01+00:00\",\"dateModified\":\"2026-04-27T22:38:04+00:00\",\"mainEntityOfPage\":{\"@id\":\"https:\\\/\\\/diarioellabrador.cl\\\/index.php\\\/2026\\\/04\\\/27\\\/silveria-catalan-es-reelecta-como-presidenta-de-la-camara-de-comercio\\\/\"},\"wordCount\":148,\"commentCount\":0,\"publisher\":{\"@id\":\"https:\\\/\\\/diarioellabrador.cl\\\/#organization\"},\"image\":{\"@id\":\"https:\\\/\\\/diarioellabrador.cl\\\/index.php\\\/2026\\\/04\\\/27\\\/silveria-catalan-es-reelecta-como-presidenta-de-la-camara-de-comercio\\\/#primaryimage\"},\"thumbnailUrl\":\"https:\\\/\\\/diarioellabrador.cl\\\/wp-content\\\/uploads\\\/2026\\\/04\\\/Silveria-Catalan-es-reelecta-como-Presidenta-de-la-Camara-de-Comercio.jpg\",\"articleSection\":[\"Cr\u00f3nica\"],\"inLanguage\":\"es\",\"potentialAction\":[{\"@type\":\"CommentAction\",\"name\":\"Comment\",\"target\":[\"https:\\\/\\\/diarioellabrador.cl\\\/index.php\\\/2026\\\/04\\\/27\\\/silveria-catalan-es-reelecta-como-presidenta-de-la-camara-de-comercio\\\/#respond\"]}]},{\"@type\":\"WebPage\",\"@id\":\"https:\\\/\\\/diarioellabrador.cl\\\/index.php\\\/2026\\\/04\\\/27\\\/silveria-catalan-es-reelecta-como-presidenta-de-la-camara-de-comercio\\\/\",\"url\":\"https:\\\/\\\/diarioellabrador.cl\\\/index.php\\\/2026\\\/04\\\/27\\\/silveria-catalan-es-reelecta-como-presidenta-de-la-camara-de-comercio\\\/\",\"name\":\"Silveria Catal\u00e1n es reelecta como Presidenta de la C\u00e1mara de Comercio - Diario El Labrador\",\"isPartOf\":{\"@id\":\"https:\\\/\\\/diarioellabrador.cl\\\/#website\"},\"primaryImageOfPage\":{\"@id\":\"https:\\\/\\\/diarioellabrador.cl\\\/index.php\\\/2026\\\/04\\\/27\\\/silveria-catalan-es-reelecta-como-presidenta-de-la-camara-de-comercio\\\/#primaryimage\"},\"image\":{\"@id\":\"https:\\\/\\\/diarioellabrador.cl\\\/index.php\\\/2026\\\/04\\\/27\\\/silveria-catalan-es-reelecta-como-presidenta-de-la-camara-de-comercio\\\/#primaryimage\"},\"thumbnailUrl\":\"https:\\\/\\\/diarioellabrador.cl\\\/wp-content\\\/uploads\\\/2026\\\/04\\\/Silveria-Catalan-es-reelecta-como-Presidenta-de-la-Camara-de-Comercio.jpg\",\"datePublished\":\"2026-04-27T22:38:01+00:00\",\"dateModified\":\"2026-04-27T22:38:04+00:00\",\"breadcrumb\":{\"@id\":\"https:\\\/\\\/diarioellabrador.cl\\\/index.php\\\/2026\\\/04\\\/27\\\/silveria-catalan-es-reelecta-como-presidenta-de-la-camara-de-comercio\\\/#breadcrumb\"},\"inLanguage\":\"es\",\"potentialAction\":[{\"@type\":\"ReadAction\",\"target\":[\"https:\\\/\\\/diarioellabrador.cl\\\/index.php\\\/2026\\\/04\\\/27\\\/silveria-catalan-es-reelecta-como-presidenta-de-la-camara-de-comercio\\\/\"]}]},{\"@type\":\"ImageObject\",\"inLanguage\":\"es\",\"@id\":\"https:\\\/\\\/diarioellabrador.cl\\\/index.php\\\/2026\\\/04\\\/27\\\/silveria-catalan-es-reelecta-como-presidenta-de-la-camara-de-comercio\\\/#primaryimage\",\"url\":\"https:\\\/\\\/diarioellabrador.cl\\\/wp-content\\\/uploads\\\/2026\\\/04\\\/Silveria-Catalan-es-reelecta-como-Presidenta-de-la-Camara-de-Comercio.jpg\",\"contentUrl\":\"https:\\\/\\\/diarioellabrador.cl\\\/wp-content\\\/uploads\\\/2026\\\/04\\\/Silveria-Catalan-es-reelecta-como-Presidenta-de-la-Camara-de-Comercio.jpg\",\"width\":686,\"height\":686},{\"@type\":\"BreadcrumbList\",\"@id\":\"https:\\\/\\\/diarioellabrador.cl\\\/index.php\\\/2026\\\/04\\\/27\\\/silveria-catalan-es-reelecta-como-presidenta-de-la-camara-de-comercio\\\/#breadcrumb\",\"itemListElement\":[{\"@type\":\"ListItem\",\"position\":1,\"name\":\"Portada\",\"item\":\"https:\\\/\\\/diarioellabrador.cl\\\/\"},{\"@type\":\"ListItem\",\"position\":2,\"name\":\"Silveria Catal\u00e1n es reelecta como Presidenta de la C\u00e1mara de Comercio\"}]},{\"@type\":\"WebSite\",\"@id\":\"https:\\\/\\\/diarioellabrador.cl\\\/#website\",\"url\":\"https:\\\/\\\/diarioellabrador.cl\\\/\",\"name\":\"Diario El Labrador\",\"description\":\"Haciendo noticia desde 1921\",\"publisher\":{\"@id\":\"https:\\\/\\\/diarioellabrador.cl\\\/#organization\"},\"potentialAction\":[{\"@type\":\"SearchAction\",\"target\":{\"@type\":\"EntryPoint\",\"urlTemplate\":\"https:\\\/\\\/diarioellabrador.cl\\\/?s={search_term_string}\"},\"query-input\":{\"@type\":\"PropertyValueSpecification\",\"valueRequired\":true,\"valueName\":\"search_term_string\"}}],\"inLanguage\":\"es\"},{\"@type\":\"Organization\",\"@id\":\"https:\\\/\\\/diarioellabrador.cl\\\/#organization\",\"name\":\"Diario El Labrador\",\"url\":\"https:\\\/\\\/diarioellabrador.cl\\\/\",\"logo\":{\"@type\":\"ImageObject\",\"inLanguage\":\"es\",\"@id\":\"https:\\\/\\\/diarioellabrador.cl\\\/#\\\/schema\\\/logo\\\/image\\\/\",\"url\":\"https:\\\/\\\/diarioellabrador.cl\\\/wp-content\\\/uploads\\\/2025\\\/02\\\/cropped-Logo-Icono.png\",\"contentUrl\":\"https:\\\/\\\/diarioellabrador.cl\\\/wp-content\\\/uploads\\\/2025\\\/02\\\/cropped-Logo-Icono.png\",\"width\":512,\"height\":512,\"caption\":\"Diario El Labrador\"},\"image\":{\"@id\":\"https:\\\/\\\/diarioellabrador.cl\\\/#\\\/schema\\\/logo\\\/image\\\/\"},\"sameAs\":[\"https:\\\/\\\/web.facebook.com\\\/profile.php?id=61576120840621\",\"https:\\\/\\\/x.com\\\/ElLabradorOf\",\"https:\\\/\\\/www.instagram.com\\\/diarioellabradoroficial\\\/\"]},{\"@type\":\"Person\",\"@id\":\"https:\\\/\\\/diarioellabrador.cl\\\/#\\\/schema\\\/person\\\/bc25ff80b4563f9c7f4bd7855df01685\",\"name\":\"Editor\",\"image\":{\"@type\":\"ImageObject\",\"inLanguage\":\"es\",\"@id\":\"https:\\\/\\\/secure.gravatar.com\\\/avatar\\\/109c326cf2be5c04f048c2c2a2b8b6ef44bf3d8d1d3d4c55d0ac40c4bc994684?s=96&d=mm&r=g\",\"url\":\"https:\\\/\\\/secure.gravatar.com\\\/avatar\\\/109c326cf2be5c04f048c2c2a2b8b6ef44bf3d8d1d3d4c55d0ac40c4bc994684?s=96&d=mm&r=g\",\"contentUrl\":\"https:\\\/\\\/secure.gravatar.com\\\/avatar\\\/109c326cf2be5c04f048c2c2a2b8b6ef44bf3d8d1d3d4c55d0ac40c4bc994684?s=96&d=mm&r=g\",\"caption\":\"Editor\"},\"url\":\"https:\\\/\\\/diarioellabrador.cl\\\/index.php\\\/author\\\/editor\\\/\"}]}<\/script>\n<!-- \/ Yoast SEO plugin. -->","yoast_head_json":{"title":"Silveria Catal\u00e1n es reelecta como Presidenta de la C\u00e1mara de Comercio - Diario El Labrador","robots":{"index":"index","follow":"follow","max-snippet":"max-snippet:-1","max-image-preview":"max-image-preview:large","max-video-preview":"max-video-preview:-1"},"canonical":"https:\/\/diarioellabrador.cl\/index.php\/2026\/04\/27\/silveria-catalan-es-reelecta-como-presidenta-de-la-camara-de-comercio\/","og_locale":"es_ES","og_type":"article","og_title":"Silveria Catal\u00e1n es reelecta como Presidenta de la C\u00e1mara de Comercio - Diario El Labrador","og_description":"Por dos a\u00f1os m\u00e1s seguir\u00e1 encabezando la C\u00e1mara de Comercio y Turismo, Silveria Catal\u00e1n, hist\u00f3rica dirigente ligada al mundo comercial de Melipilla, quien recientemente fue reelecta por sus pares, para conducir los destinos del gremio local. Tras conocer los resultados de esta \u00faltima elecci\u00f3n, Catal\u00e1n se\u00f1al\u00f3 que este nuevo periodo 2026-2028, servir\u00e1 para enfrentar los Leer m\u00e1s","og_url":"https:\/\/diarioellabrador.cl\/index.php\/2026\/04\/27\/silveria-catalan-es-reelecta-como-presidenta-de-la-camara-de-comercio\/","og_site_name":"Diario El Labrador","article_publisher":"https:\/\/web.facebook.com\/profile.php?id=61576120840621","article_published_time":"2026-04-27T22:38:01+00:00","article_modified_time":"2026-04-27T22:38:04+00:00","og_image":[{"width":686,"height":686,"url":"https:\/\/diarioellabrador.cl\/wp-content\/uploads\/2026\/04\/Silveria-Catalan-es-reelecta-como-Presidenta-de-la-Camara-de-Comercio.jpg","type":"image\/jpeg"}],"author":"Editor","twitter_card":"summary_large_image","twitter_creator":"@ElLabradorOf","twitter_site":"@ElLabradorOf","twitter_misc":{"Escrito por":"Editor","Tiempo de lectura":"1 minuto"},"schema":{"@context":"https:\/\/schema.org","@graph":[{"@type":"Article","@id":"https:\/\/diarioellabrador.cl\/index.php\/2026\/04\/27\/silveria-catalan-es-reelecta-como-presidenta-de-la-camara-de-comercio\/#article","isPartOf":{"@id":"https:\/\/diarioellabrador.cl\/index.php\/2026\/04\/27\/silveria-catalan-es-reelecta-como-presidenta-de-la-camara-de-comercio\/"},"author":{"name":"Editor","@id":"https:\/\/diarioellabrador.cl\/#\/schema\/person\/bc25ff80b4563f9c7f4bd7855df01685"},"headline":"Silveria Catal\u00e1n es reelecta como Presidenta de la C\u00e1mara de Comercio","datePublished":"2026-04-27T22:38:01+00:00","dateModified":"2026-04-27T22:38:04+00:00","mainEntityOfPage":{"@id":"https:\/\/diarioellabrador.cl\/index.php\/2026\/04\/27\/silveria-catalan-es-reelecta-como-presidenta-de-la-camara-de-comercio\/"},"wordCount":148,"commentCount":0,"publisher":{"@id":"https:\/\/diarioellabrador.cl\/#organization"},"image":{"@id":"https:\/\/diarioellabrador.cl\/index.php\/2026\/04\/27\/silveria-catalan-es-reelecta-como-presidenta-de-la-camara-de-comercio\/#primaryimage"},"thumbnailUrl":"https:\/\/diarioellabrador.cl\/wp-content\/uploads\/2026\/04\/Silveria-Catalan-es-reelecta-como-Presidenta-de-la-Camara-de-Comercio.jpg","articleSection":["Cr\u00f3nica"],"inLanguage":"es","potentialAction":[{"@type":"CommentAction","name":"Comment","target":["https:\/\/diarioellabrador.cl\/index.php\/2026\/04\/27\/silveria-catalan-es-reelecta-como-presidenta-de-la-camara-de-comercio\/#respond"]}]},{"@type":"WebPage","@id":"https:\/\/diarioellabrador.cl\/index.php\/2026\/04\/27\/silveria-catalan-es-reelecta-como-presidenta-de-la-camara-de-comercio\/","url":"https:\/\/diarioellabrador.cl\/index.php\/2026\/04\/27\/silveria-catalan-es-reelecta-como-presidenta-de-la-camara-de-comercio\/","name":"Silveria Catal\u00e1n es reelecta como Presidenta de la C\u00e1mara de Comercio - Diario El Labrador","isPartOf":{"@id":"https:\/\/diarioellabrador.cl\/#website"},"primaryImageOfPage":{"@id":"https:\/\/diarioellabrador.cl\/index.php\/2026\/04\/27\/silveria-catalan-es-reelecta-como-presidenta-de-la-camara-de-comercio\/#primaryimage"},"image":{"@id":"https:\/\/diarioellabrador.cl\/index.php\/2026\/04\/27\/silveria-catalan-es-reelecta-como-presidenta-de-la-camara-de-comercio\/#primaryimage"},"thumbnailUrl":"https:\/\/diarioellabrador.cl\/wp-content\/uploads\/2026\/04\/Silveria-Catalan-es-reelecta-como-Presidenta-de-la-Camara-de-Comercio.jpg","datePublished":"2026-04-27T22:38:01+00:00","dateModified":"2026-04-27T22:38:04+00:00","breadcrumb":{"@id":"https:\/\/diarioellabrador.cl\/index.php\/2026\/04\/27\/silveria-catalan-es-reelecta-como-presidenta-de-la-camara-de-comercio\/#breadcrumb"},"inLanguage":"es","potentialAction":[{"@type":"ReadAction","target":["https:\/\/diarioellabrador.cl\/index.php\/2026\/04\/27\/silveria-catalan-es-reelecta-como-presidenta-de-la-camara-de-comercio\/"]}]},{"@type":"ImageObject","inLanguage":"es","@id":"https:\/\/diarioellabrador.cl\/index.php\/2026\/04\/27\/silveria-catalan-es-reelecta-como-presidenta-de-la-camara-de-comercio\/#primaryimage","url":"https:\/\/diarioellabrador.cl\/wp-content\/uploads\/2026\/04\/Silveria-Catalan-es-reelecta-como-Presidenta-de-la-Camara-de-Comercio.jpg","contentUrl":"https:\/\/diarioellabrador.cl\/wp-content\/uploads\/2026\/04\/Silveria-Catalan-es-reelecta-como-Presidenta-de-la-Camara-de-Comercio.jpg","width":686,"height":686},{"@type":"BreadcrumbList","@id":"https:\/\/diarioellabrador.cl\/index.php\/2026\/04\/27\/silveria-catalan-es-reelecta-como-presidenta-de-la-camara-de-comercio\/#breadcrumb","itemListElement":[{"@type":"ListItem","position":1,"name":"Portada","item":"https:\/\/diarioellabrador.cl\/"},{"@type":"ListItem","position":2,"name":"Silveria Catal\u00e1n es reelecta como Presidenta de la C\u00e1mara de Comercio"}]},{"@type":"WebSite","@id":"https:\/\/diarioellabrador.cl\/#website","url":"https:\/\/diarioellabrador.cl\/","name":"Diario El Labrador","description":"Haciendo noticia desde 1921","publisher":{"@id":"https:\/\/diarioellabrador.cl\/#organization"},"potentialAction":[{"@type":"SearchAction","target":{"@type":"EntryPoint","urlTemplate":"https:\/\/diarioellabrador.cl\/?s={search_term_string}"},"query-input":{"@type":"PropertyValueSpecification","valueRequired":true,"valueName":"search_term_string"}}],"inLanguage":"es"},{"@type":"Organization","@id":"https:\/\/diarioellabrador.cl\/#organization","name":"Diario El Labrador","url":"https:\/\/diarioellabrador.cl\/","logo":{"@type":"ImageObject","inLanguage":"es","@id":"https:\/\/diarioellabrador.cl\/#\/schema\/logo\/image\/","url":"https:\/\/diarioellabrador.cl\/wp-content\/uploads\/2025\/02\/cropped-Logo-Icono.png","contentUrl":"https:\/\/diarioellabrador.cl\/wp-content\/uploads\/2025\/02\/cropped-Logo-Icono.png","width":512,"height":512,"caption":"Diario El Labrador"},"image":{"@id":"https:\/\/diarioellabrador.cl\/#\/schema\/logo\/image\/"},"sameAs":["https:\/\/web.facebook.com\/profile.php?id=61576120840621","https:\/\/x.com\/ElLabradorOf","https:\/\/www.instagram.com\/diarioellabradoroficial\/"]},{"@type":"Person","@id":"https:\/\/diarioellabrador.cl\/#\/schema\/person\/bc25ff80b4563f9c7f4bd7855df01685","name":"Editor","image":{"@type":"ImageObject","inLanguage":"es","@id":"https:\/\/secure.gravatar.com\/avatar\/109c326cf2be5c04f048c2c2a2b8b6ef44bf3d8d1d3d4c55d0ac40c4bc994684?s=96&d=mm&r=g","url":"https:\/\/secure.gravatar.com\/avatar\/109c326cf2be5c04f048c2c2a2b8b6ef44bf3d8d1d3d4c55d0ac40c4bc994684?s=96&d=mm&r=g","contentUrl":"https:\/\/secure.gravatar.com\/avatar\/109c326cf2be5c04f048c2c2a2b8b6ef44bf3d8d1d3d4c55d0ac40c4bc994684?s=96&d=mm&r=g","caption":"Editor"},"url":"https:\/\/diarioellabrador.cl\/index.php\/author\/editor\/"}]}},"_links":{"self":[{"href":"https:\/\/diarioellabrador.cl\/index.php\/wp-json\/wp\/v2\/posts\/18634","targetHints":{"allow":["GET"]}}],"collection":[{"href":"https:\/\/diarioellabrador.cl\/index.php\/wp-json\/wp\/v2\/posts"}],"about":[{"href":"https:\/\/diarioellabrador.cl\/index.php\/wp-json\/wp\/v2\/types\/post"}],"author":[{"embeddable":true,"href":"https:\/\/diarioellabrador.cl\/index.php\/wp-json\/wp\/v2\/users\/2"}],"replies":[{"embeddable":true,"href":"https:\/\/diarioellabrador.cl\/index.php\/wp-json\/wp\/v2\/comments?post=18634"}],"version-history":[{"count":1,"href":"https:\/\/diarioellabrador.cl\/index.php\/wp-json\/wp\/v2\/posts\/18634\/revisions"}],"predecessor-version":[{"id":18635,"href":"https:\/\/diarioellabrador.cl\/index.php\/wp-json\/wp\/v2\/posts\/18634\/revisions\/18635"}],"wp:featuredmedia":[{"embeddable":true,"href":"https:\/\/diarioellabrador.cl\/index.php\/wp-json\/wp\/v2\/media\/18587"}],"wp:attachment":[{"href":"https:\/\/diarioellabrador.cl\/index.php\/wp-json\/wp\/v2\/media?parent=18634"}],"wp:term":[{"taxonomy":"category","embeddable":true,"href":"https:\/\/diarioellabrador.cl\/index.php\/wp-json\/wp\/v2\/categories?post=18634"},{"taxonomy":"post_tag","embeddable":true,"href":"https:\/\/diarioellabrador.cl\/index.php\/wp-json\/wp\/v2\/tags?post=18634"}],"curies":[{"name":"wp","href":"https:\/\/api.w.org\/{rel}","templated":true}]}}