{"id":18632,"date":"2026-04-27T18:36:40","date_gmt":"2026-04-27T22:36:40","guid":{"rendered":"https:\/\/diarioellabrador.cl\/?p=18632"},"modified":"2026-04-27T18:36:42","modified_gmt":"2026-04-27T22:36:42","slug":"en-libertad-quedaron-los-estudiantes-formalizados-por-ataques-a-ministra-lincolao-en-valdivia","status":"publish","type":"post","link":"https:\/\/diarioellabrador.cl\/index.php\/2026\/04\/27\/en-libertad-quedaron-los-estudiantes-formalizados-por-ataques-a-ministra-lincolao-en-valdivia\/","title":{"rendered":"En libertad quedaron los estudiantes formalizados por ataques a ministra Lincolao en Valdivia"},"content":{"rendered":"\n<p>Por Johnny Ahumada Sep\u00falveda<\/p>\n\n\n\n<p>Este lunes 27 de abril, la Corte de Apelaciones de Valdivia resolvi\u00f3 mantener las cautelares de los tres estudiantes que fueron detenidos por el delito de atentado en contra de la autoridad, ocurrido respecto a la ministra de Ciencias. Hablamos de Ximena Lincolao, en la Universidad Austral de Chile (UACh). Donde en registros audiovisuales se muestra como la agreden f\u00edsica y verbalmente.<\/p>\n\n\n\n<p>El tribunal rechaz\u00f3 la apelaci\u00f3n, y con ello, a\u00fan se mantienen las cautelares de menor intensidad, correspondientes a la prohibici\u00f3n de acercarse a la v\u00edctima, quedando con arraigo nacional y firma quincenal para los tres involucrados.<\/p>\n\n\n\n<p>En la audiencia que, hacia revisi\u00f3n de las cautelares, el Ministerio de Seguridad, que act\u00faa como querellante en la causa, pidieron la prisi\u00f3n preventiva para los universitarios que est\u00e1n siendo investigados. Sin embargo, la Fiscal\u00eda solicit\u00f3 \u00e9l arresto domiciliario nocturno.<\/p>\n\n\n\n<p>Cabe aclarar que ninguno de los dos requerimientos fue acogido por la Corte de Apelaciones de Valdivia.<\/p>\n\n\n\n<p>Los j\u00f3venes universitarios est\u00e1n siendo investigados por su presunta participaci\u00f3n en el ataque que sufri\u00f3 la autoridad de gobierno tras participar de la ceremonia de inauguraci\u00f3n del a\u00f1o acad\u00e9mico en la sede de Isla Teja en la Universidad Austral de Chile.<\/p>\n\n\n\n<p>Es por eso que la universidad continua con las l\u00edneas investigativas, haciendo un seguimiento para esclarecer lo ocurrido y determinar eventuales responsabilidades.<\/p>\n\n\n\n<p>Diversas autoridades universitarias hicieron un llamado a la propia comunidad a reforzar el \u201crespeto irrestricto por la convivencia democr\u00e1tica y el pluralismo\u201d.<\/p>\n","protected":false},"excerpt":{"rendered":"<p>Por Johnny Ahumada Sep\u00falveda Este lunes 27 de abril, la Corte de Apelaciones de Valdivia resolvi\u00f3 mantener las cautelares de los tres estudiantes que fueron detenidos por el delito de atentado en contra de la autoridad, ocurrido respecto a la ministra de Ciencias. Hablamos de Ximena Lincolao, en la Universidad Austral de Chile (UACh). Donde<\/p>\n<div class=\"read-more-wrapper\"><a class=\"read-more\" href=\"https:\/\/diarioellabrador.cl\/index.php\/2026\/04\/27\/en-libertad-quedaron-los-estudiantes-formalizados-por-ataques-a-ministra-lincolao-en-valdivia\/\" title=\"Leer m\u00e1s\"> <span class=\"button \">Leer m\u00e1s<\/span><\/a><\/div>\n","protected":false},"author":2,"featured_media":18590,"comment_status":"open","ping_status":"open","sticky":false,"template":"","format":"standard","meta":{"footnotes":""},"categories":[1],"tags":[],"class_list":["post-18632","post","type-post","status-publish","format-standard","has-post-thumbnail","hentry","category-cronica"],"yoast_head":"<!-- This site is optimized with the Yoast SEO plugin v27.5 - https:\/\/yoast.com\/product\/yoast-seo-wordpress\/ -->\n<title>En libertad quedaron los estudiantes formalizados por ataques a ministra Lincolao en Valdivia - Diario El Labrador<\/title>\n<meta name=\"robots\" content=\"index, follow, max-snippet:-1, max-image-preview:large, max-video-preview:-1\" \/>\n<link rel=\"canonical\" href=\"https:\/\/diarioellabrador.cl\/index.php\/2026\/04\/27\/en-libertad-quedaron-los-estudiantes-formalizados-por-ataques-a-ministra-lincolao-en-valdivia\/\" \/>\n<meta property=\"og:locale\" content=\"es_ES\" \/>\n<meta property=\"og:type\" content=\"article\" \/>\n<meta property=\"og:title\" content=\"En libertad quedaron los estudiantes formalizados por ataques a ministra Lincolao en Valdivia - Diario El Labrador\" \/>\n<meta property=\"og:description\" content=\"Por Johnny Ahumada Sep\u00falveda Este lunes 27 de abril, la Corte de Apelaciones de Valdivia resolvi\u00f3 mantener las cautelares de los tres estudiantes que fueron detenidos por el delito de atentado en contra de la autoridad, ocurrido respecto a la ministra de Ciencias. Hablamos de Ximena Lincolao, en la Universidad Austral de Chile (UACh). Donde Leer m\u00e1s\" \/>\n<meta property=\"og:url\" content=\"https:\/\/diarioellabrador.cl\/index.php\/2026\/04\/27\/en-libertad-quedaron-los-estudiantes-formalizados-por-ataques-a-ministra-lincolao-en-valdivia\/\" \/>\n<meta property=\"og:site_name\" content=\"Diario El Labrador\" \/>\n<meta property=\"article:publisher\" content=\"https:\/\/web.facebook.com\/profile.php?id=61576120840621\" \/>\n<meta property=\"article:published_time\" content=\"2026-04-27T22:36:40+00:00\" \/>\n<meta property=\"article:modified_time\" content=\"2026-04-27T22:36:42+00:00\" \/>\n<meta property=\"og:image\" content=\"https:\/\/diarioellabrador.cl\/wp-content\/uploads\/2026\/04\/En-libertad-quedaron-los-estudiantes-formalizados-por-ataques-a-ministra-Lincolao-en-Valdivia.jpg\" \/>\n\t<meta property=\"og:image:width\" content=\"750\" \/>\n\t<meta property=\"og:image:height\" content=\"400\" \/>\n\t<meta property=\"og:image:type\" content=\"image\/jpeg\" \/>\n<meta name=\"author\" content=\"Editor\" \/>\n<meta name=\"twitter:card\" content=\"summary_large_image\" \/>\n<meta name=\"twitter:creator\" content=\"@ElLabradorOf\" \/>\n<meta name=\"twitter:site\" content=\"@ElLabradorOf\" \/>\n<meta name=\"twitter:label1\" content=\"Escrito por\" \/>\n\t<meta name=\"twitter:data1\" content=\"Editor\" \/>\n\t<meta name=\"twitter:label2\" content=\"Tiempo de lectura\" \/>\n\t<meta name=\"twitter:data2\" content=\"2 minutos\" \/>\n<script type=\"application\/ld+json\" class=\"yoast-schema-graph\">{\"@context\":\"https:\\\/\\\/schema.org\",\"@graph\":[{\"@type\":\"Article\",\"@id\":\"https:\\\/\\\/diarioellabrador.cl\\\/index.php\\\/2026\\\/04\\\/27\\\/en-libertad-quedaron-los-estudiantes-formalizados-por-ataques-a-ministra-lincolao-en-valdivia\\\/#article\",\"isPartOf\":{\"@id\":\"https:\\\/\\\/diarioellabrador.cl\\\/index.php\\\/2026\\\/04\\\/27\\\/en-libertad-quedaron-los-estudiantes-formalizados-por-ataques-a-ministra-lincolao-en-valdivia\\\/\"},\"author\":{\"name\":\"Editor\",\"@id\":\"https:\\\/\\\/diarioellabrador.cl\\\/#\\\/schema\\\/person\\\/bc25ff80b4563f9c7f4bd7855df01685\"},\"headline\":\"En libertad quedaron los estudiantes formalizados por ataques a ministra Lincolao en Valdivia\",\"datePublished\":\"2026-04-27T22:36:40+00:00\",\"dateModified\":\"2026-04-27T22:36:42+00:00\",\"mainEntityOfPage\":{\"@id\":\"https:\\\/\\\/diarioellabrador.cl\\\/index.php\\\/2026\\\/04\\\/27\\\/en-libertad-quedaron-los-estudiantes-formalizados-por-ataques-a-ministra-lincolao-en-valdivia\\\/\"},\"wordCount\":275,\"commentCount\":0,\"publisher\":{\"@id\":\"https:\\\/\\\/diarioellabrador.cl\\\/#organization\"},\"image\":{\"@id\":\"https:\\\/\\\/diarioellabrador.cl\\\/index.php\\\/2026\\\/04\\\/27\\\/en-libertad-quedaron-los-estudiantes-formalizados-por-ataques-a-ministra-lincolao-en-valdivia\\\/#primaryimage\"},\"thumbnailUrl\":\"https:\\\/\\\/diarioellabrador.cl\\\/wp-content\\\/uploads\\\/2026\\\/04\\\/En-libertad-quedaron-los-estudiantes-formalizados-por-ataques-a-ministra-Lincolao-en-Valdivia.jpg\",\"articleSection\":[\"Cr\u00f3nica\"],\"inLanguage\":\"es\",\"potentialAction\":[{\"@type\":\"CommentAction\",\"name\":\"Comment\",\"target\":[\"https:\\\/\\\/diarioellabrador.cl\\\/index.php\\\/2026\\\/04\\\/27\\\/en-libertad-quedaron-los-estudiantes-formalizados-por-ataques-a-ministra-lincolao-en-valdivia\\\/#respond\"]}]},{\"@type\":\"WebPage\",\"@id\":\"https:\\\/\\\/diarioellabrador.cl\\\/index.php\\\/2026\\\/04\\\/27\\\/en-libertad-quedaron-los-estudiantes-formalizados-por-ataques-a-ministra-lincolao-en-valdivia\\\/\",\"url\":\"https:\\\/\\\/diarioellabrador.cl\\\/index.php\\\/2026\\\/04\\\/27\\\/en-libertad-quedaron-los-estudiantes-formalizados-por-ataques-a-ministra-lincolao-en-valdivia\\\/\",\"name\":\"En libertad quedaron los estudiantes formalizados por ataques a ministra Lincolao en Valdivia - Diario El Labrador\",\"isPartOf\":{\"@id\":\"https:\\\/\\\/diarioellabrador.cl\\\/#website\"},\"primaryImageOfPage\":{\"@id\":\"https:\\\/\\\/diarioellabrador.cl\\\/index.php\\\/2026\\\/04\\\/27\\\/en-libertad-quedaron-los-estudiantes-formalizados-por-ataques-a-ministra-lincolao-en-valdivia\\\/#primaryimage\"},\"image\":{\"@id\":\"https:\\\/\\\/diarioellabrador.cl\\\/index.php\\\/2026\\\/04\\\/27\\\/en-libertad-quedaron-los-estudiantes-formalizados-por-ataques-a-ministra-lincolao-en-valdivia\\\/#primaryimage\"},\"thumbnailUrl\":\"https:\\\/\\\/diarioellabrador.cl\\\/wp-content\\\/uploads\\\/2026\\\/04\\\/En-libertad-quedaron-los-estudiantes-formalizados-por-ataques-a-ministra-Lincolao-en-Valdivia.jpg\",\"datePublished\":\"2026-04-27T22:36:40+00:00\",\"dateModified\":\"2026-04-27T22:36:42+00:00\",\"breadcrumb\":{\"@id\":\"https:\\\/\\\/diarioellabrador.cl\\\/index.php\\\/2026\\\/04\\\/27\\\/en-libertad-quedaron-los-estudiantes-formalizados-por-ataques-a-ministra-lincolao-en-valdivia\\\/#breadcrumb\"},\"inLanguage\":\"es\",\"potentialAction\":[{\"@type\":\"ReadAction\",\"target\":[\"https:\\\/\\\/diarioellabrador.cl\\\/index.php\\\/2026\\\/04\\\/27\\\/en-libertad-quedaron-los-estudiantes-formalizados-por-ataques-a-ministra-lincolao-en-valdivia\\\/\"]}]},{\"@type\":\"ImageObject\",\"inLanguage\":\"es\",\"@id\":\"https:\\\/\\\/diarioellabrador.cl\\\/index.php\\\/2026\\\/04\\\/27\\\/en-libertad-quedaron-los-estudiantes-formalizados-por-ataques-a-ministra-lincolao-en-valdivia\\\/#primaryimage\",\"url\":\"https:\\\/\\\/diarioellabrador.cl\\\/wp-content\\\/uploads\\\/2026\\\/04\\\/En-libertad-quedaron-los-estudiantes-formalizados-por-ataques-a-ministra-Lincolao-en-Valdivia.jpg\",\"contentUrl\":\"https:\\\/\\\/diarioellabrador.cl\\\/wp-content\\\/uploads\\\/2026\\\/04\\\/En-libertad-quedaron-los-estudiantes-formalizados-por-ataques-a-ministra-Lincolao-en-Valdivia.jpg\",\"width\":750,\"height\":400},{\"@type\":\"BreadcrumbList\",\"@id\":\"https:\\\/\\\/diarioellabrador.cl\\\/index.php\\\/2026\\\/04\\\/27\\\/en-libertad-quedaron-los-estudiantes-formalizados-por-ataques-a-ministra-lincolao-en-valdivia\\\/#breadcrumb\",\"itemListElement\":[{\"@type\":\"ListItem\",\"position\":1,\"name\":\"Portada\",\"item\":\"https:\\\/\\\/diarioellabrador.cl\\\/\"},{\"@type\":\"ListItem\",\"position\":2,\"name\":\"En libertad quedaron los estudiantes formalizados por ataques a ministra Lincolao en Valdivia\"}]},{\"@type\":\"WebSite\",\"@id\":\"https:\\\/\\\/diarioellabrador.cl\\\/#website\",\"url\":\"https:\\\/\\\/diarioellabrador.cl\\\/\",\"name\":\"Diario El Labrador\",\"description\":\"Haciendo noticia desde 1921\",\"publisher\":{\"@id\":\"https:\\\/\\\/diarioellabrador.cl\\\/#organization\"},\"potentialAction\":[{\"@type\":\"SearchAction\",\"target\":{\"@type\":\"EntryPoint\",\"urlTemplate\":\"https:\\\/\\\/diarioellabrador.cl\\\/?s={search_term_string}\"},\"query-input\":{\"@type\":\"PropertyValueSpecification\",\"valueRequired\":true,\"valueName\":\"search_term_string\"}}],\"inLanguage\":\"es\"},{\"@type\":\"Organization\",\"@id\":\"https:\\\/\\\/diarioellabrador.cl\\\/#organization\",\"name\":\"Diario El Labrador\",\"url\":\"https:\\\/\\\/diarioellabrador.cl\\\/\",\"logo\":{\"@type\":\"ImageObject\",\"inLanguage\":\"es\",\"@id\":\"https:\\\/\\\/diarioellabrador.cl\\\/#\\\/schema\\\/logo\\\/image\\\/\",\"url\":\"https:\\\/\\\/diarioellabrador.cl\\\/wp-content\\\/uploads\\\/2025\\\/02\\\/cropped-Logo-Icono.png\",\"contentUrl\":\"https:\\\/\\\/diarioellabrador.cl\\\/wp-content\\\/uploads\\\/2025\\\/02\\\/cropped-Logo-Icono.png\",\"width\":512,\"height\":512,\"caption\":\"Diario El Labrador\"},\"image\":{\"@id\":\"https:\\\/\\\/diarioellabrador.cl\\\/#\\\/schema\\\/logo\\\/image\\\/\"},\"sameAs\":[\"https:\\\/\\\/web.facebook.com\\\/profile.php?id=61576120840621\",\"https:\\\/\\\/x.com\\\/ElLabradorOf\",\"https:\\\/\\\/www.instagram.com\\\/diarioellabradoroficial\\\/\"]},{\"@type\":\"Person\",\"@id\":\"https:\\\/\\\/diarioellabrador.cl\\\/#\\\/schema\\\/person\\\/bc25ff80b4563f9c7f4bd7855df01685\",\"name\":\"Editor\",\"image\":{\"@type\":\"ImageObject\",\"inLanguage\":\"es\",\"@id\":\"https:\\\/\\\/secure.gravatar.com\\\/avatar\\\/109c326cf2be5c04f048c2c2a2b8b6ef44bf3d8d1d3d4c55d0ac40c4bc994684?s=96&d=mm&r=g\",\"url\":\"https:\\\/\\\/secure.gravatar.com\\\/avatar\\\/109c326cf2be5c04f048c2c2a2b8b6ef44bf3d8d1d3d4c55d0ac40c4bc994684?s=96&d=mm&r=g\",\"contentUrl\":\"https:\\\/\\\/secure.gravatar.com\\\/avatar\\\/109c326cf2be5c04f048c2c2a2b8b6ef44bf3d8d1d3d4c55d0ac40c4bc994684?s=96&d=mm&r=g\",\"caption\":\"Editor\"},\"url\":\"https:\\\/\\\/diarioellabrador.cl\\\/index.php\\\/author\\\/editor\\\/\"}]}<\/script>\n<!-- \/ Yoast SEO plugin. -->","yoast_head_json":{"title":"En libertad quedaron los estudiantes formalizados por ataques a ministra Lincolao en Valdivia - Diario El Labrador","robots":{"index":"index","follow":"follow","max-snippet":"max-snippet:-1","max-image-preview":"max-image-preview:large","max-video-preview":"max-video-preview:-1"},"canonical":"https:\/\/diarioellabrador.cl\/index.php\/2026\/04\/27\/en-libertad-quedaron-los-estudiantes-formalizados-por-ataques-a-ministra-lincolao-en-valdivia\/","og_locale":"es_ES","og_type":"article","og_title":"En libertad quedaron los estudiantes formalizados por ataques a ministra Lincolao en Valdivia - Diario El Labrador","og_description":"Por Johnny Ahumada Sep\u00falveda Este lunes 27 de abril, la Corte de Apelaciones de Valdivia resolvi\u00f3 mantener las cautelares de los tres estudiantes que fueron detenidos por el delito de atentado en contra de la autoridad, ocurrido respecto a la ministra de Ciencias. Hablamos de Ximena Lincolao, en la Universidad Austral de Chile (UACh). Donde Leer m\u00e1s","og_url":"https:\/\/diarioellabrador.cl\/index.php\/2026\/04\/27\/en-libertad-quedaron-los-estudiantes-formalizados-por-ataques-a-ministra-lincolao-en-valdivia\/","og_site_name":"Diario El Labrador","article_publisher":"https:\/\/web.facebook.com\/profile.php?id=61576120840621","article_published_time":"2026-04-27T22:36:40+00:00","article_modified_time":"2026-04-27T22:36:42+00:00","og_image":[{"width":750,"height":400,"url":"https:\/\/diarioellabrador.cl\/wp-content\/uploads\/2026\/04\/En-libertad-quedaron-los-estudiantes-formalizados-por-ataques-a-ministra-Lincolao-en-Valdivia.jpg","type":"image\/jpeg"}],"author":"Editor","twitter_card":"summary_large_image","twitter_creator":"@ElLabradorOf","twitter_site":"@ElLabradorOf","twitter_misc":{"Escrito por":"Editor","Tiempo de lectura":"2 minutos"},"schema":{"@context":"https:\/\/schema.org","@graph":[{"@type":"Article","@id":"https:\/\/diarioellabrador.cl\/index.php\/2026\/04\/27\/en-libertad-quedaron-los-estudiantes-formalizados-por-ataques-a-ministra-lincolao-en-valdivia\/#article","isPartOf":{"@id":"https:\/\/diarioellabrador.cl\/index.php\/2026\/04\/27\/en-libertad-quedaron-los-estudiantes-formalizados-por-ataques-a-ministra-lincolao-en-valdivia\/"},"author":{"name":"Editor","@id":"https:\/\/diarioellabrador.cl\/#\/schema\/person\/bc25ff80b4563f9c7f4bd7855df01685"},"headline":"En libertad quedaron los estudiantes formalizados por ataques a ministra Lincolao en Valdivia","datePublished":"2026-04-27T22:36:40+00:00","dateModified":"2026-04-27T22:36:42+00:00","mainEntityOfPage":{"@id":"https:\/\/diarioellabrador.cl\/index.php\/2026\/04\/27\/en-libertad-quedaron-los-estudiantes-formalizados-por-ataques-a-ministra-lincolao-en-valdivia\/"},"wordCount":275,"commentCount":0,"publisher":{"@id":"https:\/\/diarioellabrador.cl\/#organization"},"image":{"@id":"https:\/\/diarioellabrador.cl\/index.php\/2026\/04\/27\/en-libertad-quedaron-los-estudiantes-formalizados-por-ataques-a-ministra-lincolao-en-valdivia\/#primaryimage"},"thumbnailUrl":"https:\/\/diarioellabrador.cl\/wp-content\/uploads\/2026\/04\/En-libertad-quedaron-los-estudiantes-formalizados-por-ataques-a-ministra-Lincolao-en-Valdivia.jpg","articleSection":["Cr\u00f3nica"],"inLanguage":"es","potentialAction":[{"@type":"CommentAction","name":"Comment","target":["https:\/\/diarioellabrador.cl\/index.php\/2026\/04\/27\/en-libertad-quedaron-los-estudiantes-formalizados-por-ataques-a-ministra-lincolao-en-valdivia\/#respond"]}]},{"@type":"WebPage","@id":"https:\/\/diarioellabrador.cl\/index.php\/2026\/04\/27\/en-libertad-quedaron-los-estudiantes-formalizados-por-ataques-a-ministra-lincolao-en-valdivia\/","url":"https:\/\/diarioellabrador.cl\/index.php\/2026\/04\/27\/en-libertad-quedaron-los-estudiantes-formalizados-por-ataques-a-ministra-lincolao-en-valdivia\/","name":"En libertad quedaron los estudiantes formalizados por ataques a ministra Lincolao en Valdivia - Diario El Labrador","isPartOf":{"@id":"https:\/\/diarioellabrador.cl\/#website"},"primaryImageOfPage":{"@id":"https:\/\/diarioellabrador.cl\/index.php\/2026\/04\/27\/en-libertad-quedaron-los-estudiantes-formalizados-por-ataques-a-ministra-lincolao-en-valdivia\/#primaryimage"},"image":{"@id":"https:\/\/diarioellabrador.cl\/index.php\/2026\/04\/27\/en-libertad-quedaron-los-estudiantes-formalizados-por-ataques-a-ministra-lincolao-en-valdivia\/#primaryimage"},"thumbnailUrl":"https:\/\/diarioellabrador.cl\/wp-content\/uploads\/2026\/04\/En-libertad-quedaron-los-estudiantes-formalizados-por-ataques-a-ministra-Lincolao-en-Valdivia.jpg","datePublished":"2026-04-27T22:36:40+00:00","dateModified":"2026-04-27T22:36:42+00:00","breadcrumb":{"@id":"https:\/\/diarioellabrador.cl\/index.php\/2026\/04\/27\/en-libertad-quedaron-los-estudiantes-formalizados-por-ataques-a-ministra-lincolao-en-valdivia\/#breadcrumb"},"inLanguage":"es","potentialAction":[{"@type":"ReadAction","target":["https:\/\/diarioellabrador.cl\/index.php\/2026\/04\/27\/en-libertad-quedaron-los-estudiantes-formalizados-por-ataques-a-ministra-lincolao-en-valdivia\/"]}]},{"@type":"ImageObject","inLanguage":"es","@id":"https:\/\/diarioellabrador.cl\/index.php\/2026\/04\/27\/en-libertad-quedaron-los-estudiantes-formalizados-por-ataques-a-ministra-lincolao-en-valdivia\/#primaryimage","url":"https:\/\/diarioellabrador.cl\/wp-content\/uploads\/2026\/04\/En-libertad-quedaron-los-estudiantes-formalizados-por-ataques-a-ministra-Lincolao-en-Valdivia.jpg","contentUrl":"https:\/\/diarioellabrador.cl\/wp-content\/uploads\/2026\/04\/En-libertad-quedaron-los-estudiantes-formalizados-por-ataques-a-ministra-Lincolao-en-Valdivia.jpg","width":750,"height":400},{"@type":"BreadcrumbList","@id":"https:\/\/diarioellabrador.cl\/index.php\/2026\/04\/27\/en-libertad-quedaron-los-estudiantes-formalizados-por-ataques-a-ministra-lincolao-en-valdivia\/#breadcrumb","itemListElement":[{"@type":"ListItem","position":1,"name":"Portada","item":"https:\/\/diarioellabrador.cl\/"},{"@type":"ListItem","position":2,"name":"En libertad quedaron los estudiantes formalizados por ataques a ministra Lincolao en Valdivia"}]},{"@type":"WebSite","@id":"https:\/\/diarioellabrador.cl\/#website","url":"https:\/\/diarioellabrador.cl\/","name":"Diario El Labrador","description":"Haciendo noticia desde 1921","publisher":{"@id":"https:\/\/diarioellabrador.cl\/#organization"},"potentialAction":[{"@type":"SearchAction","target":{"@type":"EntryPoint","urlTemplate":"https:\/\/diarioellabrador.cl\/?s={search_term_string}"},"query-input":{"@type":"PropertyValueSpecification","valueRequired":true,"valueName":"search_term_string"}}],"inLanguage":"es"},{"@type":"Organization","@id":"https:\/\/diarioellabrador.cl\/#organization","name":"Diario El Labrador","url":"https:\/\/diarioellabrador.cl\/","logo":{"@type":"ImageObject","inLanguage":"es","@id":"https:\/\/diarioellabrador.cl\/#\/schema\/logo\/image\/","url":"https:\/\/diarioellabrador.cl\/wp-content\/uploads\/2025\/02\/cropped-Logo-Icono.png","contentUrl":"https:\/\/diarioellabrador.cl\/wp-content\/uploads\/2025\/02\/cropped-Logo-Icono.png","width":512,"height":512,"caption":"Diario El Labrador"},"image":{"@id":"https:\/\/diarioellabrador.cl\/#\/schema\/logo\/image\/"},"sameAs":["https:\/\/web.facebook.com\/profile.php?id=61576120840621","https:\/\/x.com\/ElLabradorOf","https:\/\/www.instagram.com\/diarioellabradoroficial\/"]},{"@type":"Person","@id":"https:\/\/diarioellabrador.cl\/#\/schema\/person\/bc25ff80b4563f9c7f4bd7855df01685","name":"Editor","image":{"@type":"ImageObject","inLanguage":"es","@id":"https:\/\/secure.gravatar.com\/avatar\/109c326cf2be5c04f048c2c2a2b8b6ef44bf3d8d1d3d4c55d0ac40c4bc994684?s=96&d=mm&r=g","url":"https:\/\/secure.gravatar.com\/avatar\/109c326cf2be5c04f048c2c2a2b8b6ef44bf3d8d1d3d4c55d0ac40c4bc994684?s=96&d=mm&r=g","contentUrl":"https:\/\/secure.gravatar.com\/avatar\/109c326cf2be5c04f048c2c2a2b8b6ef44bf3d8d1d3d4c55d0ac40c4bc994684?s=96&d=mm&r=g","caption":"Editor"},"url":"https:\/\/diarioellabrador.cl\/index.php\/author\/editor\/"}]}},"_links":{"self":[{"href":"https:\/\/diarioellabrador.cl\/index.php\/wp-json\/wp\/v2\/posts\/18632","targetHints":{"allow":["GET"]}}],"collection":[{"href":"https:\/\/diarioellabrador.cl\/index.php\/wp-json\/wp\/v2\/posts"}],"about":[{"href":"https:\/\/diarioellabrador.cl\/index.php\/wp-json\/wp\/v2\/types\/post"}],"author":[{"embeddable":true,"href":"https:\/\/diarioellabrador.cl\/index.php\/wp-json\/wp\/v2\/users\/2"}],"replies":[{"embeddable":true,"href":"https:\/\/diarioellabrador.cl\/index.php\/wp-json\/wp\/v2\/comments?post=18632"}],"version-history":[{"count":1,"href":"https:\/\/diarioellabrador.cl\/index.php\/wp-json\/wp\/v2\/posts\/18632\/revisions"}],"predecessor-version":[{"id":18633,"href":"https:\/\/diarioellabrador.cl\/index.php\/wp-json\/wp\/v2\/posts\/18632\/revisions\/18633"}],"wp:featuredmedia":[{"embeddable":true,"href":"https:\/\/diarioellabrador.cl\/index.php\/wp-json\/wp\/v2\/media\/18590"}],"wp:attachment":[{"href":"https:\/\/diarioellabrador.cl\/index.php\/wp-json\/wp\/v2\/media?parent=18632"}],"wp:term":[{"taxonomy":"category","embeddable":true,"href":"https:\/\/diarioellabrador.cl\/index.php\/wp-json\/wp\/v2\/categories?post=18632"},{"taxonomy":"post_tag","embeddable":true,"href":"https:\/\/diarioellabrador.cl\/index.php\/wp-json\/wp\/v2\/tags?post=18632"}],"curies":[{"name":"wp","href":"https:\/\/api.w.org\/{rel}","templated":true}]}}