{"id":18630,"date":"2026-04-27T18:36:08","date_gmt":"2026-04-27T22:36:08","guid":{"rendered":"https:\/\/diarioellabrador.cl\/?p=18630"},"modified":"2026-04-27T18:36:10","modified_gmt":"2026-04-27T22:36:10","slug":"presidente-kast-decide-nombrar-a-eliana-rozas-presienta-del-consejo-nacional-de-television-cntv","status":"publish","type":"post","link":"https:\/\/diarioellabrador.cl\/index.php\/2026\/04\/27\/presidente-kast-decide-nombrar-a-eliana-rozas-presienta-del-consejo-nacional-de-television-cntv\/","title":{"rendered":"Presidente Kast decide nombrar a Eliana Rozas presienta del Consejo Nacional de Televisi\u00f3n (CNTV)"},"content":{"rendered":"\n<p>Por Johnny Ahumada Sep\u00falveda<\/p>\n\n\n\n<p>El actual Presidente de Chile, Jos\u00e9 Antonio Kast design\u00f3 a la periodista Eliana Rozas, como presidenta del directorio del Consejo Nacional de Televisi\u00f3n (CNTV).<\/p>\n\n\n\n<p>Tras la decisi\u00f3n, Rozas asumir\u00e1 el cargo que ten\u00eda Mauricio Mu\u00f1oz, como titular de CNTV en la administraci\u00f3n del expresidente Gabriel Boric.<\/p>\n\n\n\n<p>Recordemos que Rozas actualmente es directora de docencia de la Facultad de Comunicaciones de la Pontificia Universidad Cat\u00f3lica de Chile.<\/p>\n\n\n\n<p>Anteriormente fue directora de la Escuela de Periodismo y Decana de la Facultad de Comunicaciones de la Universidad Cat\u00f3lica, y Decana de la Facultad de Comunicaciones de la Universidad Central.<\/p>\n\n\n\n<p>La comunicadora, posee una trayectoria digna de admirar en los medios de comunicaci\u00f3n. Trabaj\u00f3 en El Mercurio, y la Revista Qu\u00e9 Pasa, asumi\u00f3 como Secretaria General, Directora Ejecutiva y Directora de Prensa del Canal 13, adem\u00e1s, fue jefa de est\u00e1ndares Editoriales y Redacci\u00f3n de CNN Chile y Gerenta de Asuntos Corporativos de Televisi\u00f3n Nacional de Chile.<\/p>\n\n\n\n<p>Rozas participo en el Consejo de \u00c9tica de los Medios de Comunicaci\u00f3n y miembro del Consejo de \u00c9tica Publicitaria.<\/p>\n\n\n\n<p>Eliana Rozas asumir\u00e1 sus funciones en reemplazo de Mauricio Mu\u00f1oz, ya mencionado anteriormente, quien estuvo en el cargo durante la administraci\u00f3n anterior, siendo el 10 de abril su ultimo d\u00eda.<\/p>\n\n\n\n<p>Tras el nombramiento, seg\u00fan lo designa Segebob, Rozas asumir\u00e1 todos los desaf\u00edos que provienen de CNTV, en su liderazgo por velar el correcto funcionamiento de los servicios televisivos, la promoci\u00f3n de la libertad de expresi\u00f3n y mantener el respeto de la normativa vigente.<\/p>\n","protected":false},"excerpt":{"rendered":"<p>Por Johnny Ahumada Sep\u00falveda El actual Presidente de Chile, Jos\u00e9 Antonio Kast design\u00f3 a la periodista Eliana Rozas, como presidenta del directorio del Consejo Nacional de Televisi\u00f3n (CNTV). Tras la decisi\u00f3n, Rozas asumir\u00e1 el cargo que ten\u00eda Mauricio Mu\u00f1oz, como titular de CNTV en la administraci\u00f3n del expresidente Gabriel Boric. Recordemos que Rozas actualmente es<\/p>\n<div class=\"read-more-wrapper\"><a class=\"read-more\" href=\"https:\/\/diarioellabrador.cl\/index.php\/2026\/04\/27\/presidente-kast-decide-nombrar-a-eliana-rozas-presienta-del-consejo-nacional-de-television-cntv\/\" title=\"Leer m\u00e1s\"> <span class=\"button \">Leer m\u00e1s<\/span><\/a><\/div>\n","protected":false},"author":2,"featured_media":18592,"comment_status":"open","ping_status":"open","sticky":false,"template":"","format":"standard","meta":{"footnotes":""},"categories":[1],"tags":[],"class_list":["post-18630","post","type-post","status-publish","format-standard","has-post-thumbnail","hentry","category-cronica"],"yoast_head":"<!-- This site is optimized with the Yoast SEO plugin v27.5 - https:\/\/yoast.com\/product\/yoast-seo-wordpress\/ -->\n<title>Presidente Kast decide nombrar a Eliana Rozas presienta del Consejo Nacional de Televisi\u00f3n (CNTV) - Diario El Labrador<\/title>\n<meta name=\"robots\" content=\"index, follow, max-snippet:-1, max-image-preview:large, max-video-preview:-1\" \/>\n<link rel=\"canonical\" href=\"https:\/\/diarioellabrador.cl\/index.php\/2026\/04\/27\/presidente-kast-decide-nombrar-a-eliana-rozas-presienta-del-consejo-nacional-de-television-cntv\/\" \/>\n<meta property=\"og:locale\" content=\"es_ES\" \/>\n<meta property=\"og:type\" content=\"article\" \/>\n<meta property=\"og:title\" content=\"Presidente Kast decide nombrar a Eliana Rozas presienta del Consejo Nacional de Televisi\u00f3n (CNTV) - Diario El Labrador\" \/>\n<meta property=\"og:description\" content=\"Por Johnny Ahumada Sep\u00falveda El actual Presidente de Chile, Jos\u00e9 Antonio Kast design\u00f3 a la periodista Eliana Rozas, como presidenta del directorio del Consejo Nacional de Televisi\u00f3n (CNTV). Tras la decisi\u00f3n, Rozas asumir\u00e1 el cargo que ten\u00eda Mauricio Mu\u00f1oz, como titular de CNTV en la administraci\u00f3n del expresidente Gabriel Boric. Recordemos que Rozas actualmente es Leer m\u00e1s\" \/>\n<meta property=\"og:url\" content=\"https:\/\/diarioellabrador.cl\/index.php\/2026\/04\/27\/presidente-kast-decide-nombrar-a-eliana-rozas-presienta-del-consejo-nacional-de-television-cntv\/\" \/>\n<meta property=\"og:site_name\" content=\"Diario El Labrador\" \/>\n<meta property=\"article:publisher\" content=\"https:\/\/web.facebook.com\/profile.php?id=61576120840621\" \/>\n<meta property=\"article:published_time\" content=\"2026-04-27T22:36:08+00:00\" \/>\n<meta property=\"article:modified_time\" content=\"2026-04-27T22:36:10+00:00\" \/>\n<meta property=\"og:image\" content=\"https:\/\/diarioellabrador.cl\/wp-content\/uploads\/2026\/04\/Presidente-Kast-decide-nombrar-a-Eliana-Rozas-presienta-del-Consejo-Nacional-de-Television-CNTV.jpeg\" \/>\n\t<meta property=\"og:image:width\" content=\"810\" \/>\n\t<meta property=\"og:image:height\" content=\"746\" \/>\n\t<meta property=\"og:image:type\" content=\"image\/jpeg\" \/>\n<meta name=\"author\" content=\"Editor\" \/>\n<meta name=\"twitter:card\" content=\"summary_large_image\" \/>\n<meta name=\"twitter:creator\" content=\"@ElLabradorOf\" \/>\n<meta name=\"twitter:site\" content=\"@ElLabradorOf\" \/>\n<meta name=\"twitter:label1\" content=\"Escrito por\" \/>\n\t<meta name=\"twitter:data1\" content=\"Editor\" \/>\n\t<meta name=\"twitter:label2\" content=\"Tiempo de lectura\" \/>\n\t<meta name=\"twitter:data2\" content=\"2 minutos\" \/>\n<script type=\"application\/ld+json\" class=\"yoast-schema-graph\">{\"@context\":\"https:\\\/\\\/schema.org\",\"@graph\":[{\"@type\":\"Article\",\"@id\":\"https:\\\/\\\/diarioellabrador.cl\\\/index.php\\\/2026\\\/04\\\/27\\\/presidente-kast-decide-nombrar-a-eliana-rozas-presienta-del-consejo-nacional-de-television-cntv\\\/#article\",\"isPartOf\":{\"@id\":\"https:\\\/\\\/diarioellabrador.cl\\\/index.php\\\/2026\\\/04\\\/27\\\/presidente-kast-decide-nombrar-a-eliana-rozas-presienta-del-consejo-nacional-de-television-cntv\\\/\"},\"author\":{\"name\":\"Editor\",\"@id\":\"https:\\\/\\\/diarioellabrador.cl\\\/#\\\/schema\\\/person\\\/bc25ff80b4563f9c7f4bd7855df01685\"},\"headline\":\"Presidente Kast decide nombrar a Eliana Rozas presienta del Consejo Nacional de Televisi\u00f3n (CNTV)\",\"datePublished\":\"2026-04-27T22:36:08+00:00\",\"dateModified\":\"2026-04-27T22:36:10+00:00\",\"mainEntityOfPage\":{\"@id\":\"https:\\\/\\\/diarioellabrador.cl\\\/index.php\\\/2026\\\/04\\\/27\\\/presidente-kast-decide-nombrar-a-eliana-rozas-presienta-del-consejo-nacional-de-television-cntv\\\/\"},\"wordCount\":282,\"commentCount\":0,\"publisher\":{\"@id\":\"https:\\\/\\\/diarioellabrador.cl\\\/#organization\"},\"image\":{\"@id\":\"https:\\\/\\\/diarioellabrador.cl\\\/index.php\\\/2026\\\/04\\\/27\\\/presidente-kast-decide-nombrar-a-eliana-rozas-presienta-del-consejo-nacional-de-television-cntv\\\/#primaryimage\"},\"thumbnailUrl\":\"https:\\\/\\\/diarioellabrador.cl\\\/wp-content\\\/uploads\\\/2026\\\/04\\\/Presidente-Kast-decide-nombrar-a-Eliana-Rozas-presienta-del-Consejo-Nacional-de-Television-CNTV.jpeg\",\"articleSection\":[\"Cr\u00f3nica\"],\"inLanguage\":\"es\",\"potentialAction\":[{\"@type\":\"CommentAction\",\"name\":\"Comment\",\"target\":[\"https:\\\/\\\/diarioellabrador.cl\\\/index.php\\\/2026\\\/04\\\/27\\\/presidente-kast-decide-nombrar-a-eliana-rozas-presienta-del-consejo-nacional-de-television-cntv\\\/#respond\"]}]},{\"@type\":\"WebPage\",\"@id\":\"https:\\\/\\\/diarioellabrador.cl\\\/index.php\\\/2026\\\/04\\\/27\\\/presidente-kast-decide-nombrar-a-eliana-rozas-presienta-del-consejo-nacional-de-television-cntv\\\/\",\"url\":\"https:\\\/\\\/diarioellabrador.cl\\\/index.php\\\/2026\\\/04\\\/27\\\/presidente-kast-decide-nombrar-a-eliana-rozas-presienta-del-consejo-nacional-de-television-cntv\\\/\",\"name\":\"Presidente Kast decide nombrar a Eliana Rozas presienta del Consejo Nacional de Televisi\u00f3n (CNTV) - Diario El Labrador\",\"isPartOf\":{\"@id\":\"https:\\\/\\\/diarioellabrador.cl\\\/#website\"},\"primaryImageOfPage\":{\"@id\":\"https:\\\/\\\/diarioellabrador.cl\\\/index.php\\\/2026\\\/04\\\/27\\\/presidente-kast-decide-nombrar-a-eliana-rozas-presienta-del-consejo-nacional-de-television-cntv\\\/#primaryimage\"},\"image\":{\"@id\":\"https:\\\/\\\/diarioellabrador.cl\\\/index.php\\\/2026\\\/04\\\/27\\\/presidente-kast-decide-nombrar-a-eliana-rozas-presienta-del-consejo-nacional-de-television-cntv\\\/#primaryimage\"},\"thumbnailUrl\":\"https:\\\/\\\/diarioellabrador.cl\\\/wp-content\\\/uploads\\\/2026\\\/04\\\/Presidente-Kast-decide-nombrar-a-Eliana-Rozas-presienta-del-Consejo-Nacional-de-Television-CNTV.jpeg\",\"datePublished\":\"2026-04-27T22:36:08+00:00\",\"dateModified\":\"2026-04-27T22:36:10+00:00\",\"breadcrumb\":{\"@id\":\"https:\\\/\\\/diarioellabrador.cl\\\/index.php\\\/2026\\\/04\\\/27\\\/presidente-kast-decide-nombrar-a-eliana-rozas-presienta-del-consejo-nacional-de-television-cntv\\\/#breadcrumb\"},\"inLanguage\":\"es\",\"potentialAction\":[{\"@type\":\"ReadAction\",\"target\":[\"https:\\\/\\\/diarioellabrador.cl\\\/index.php\\\/2026\\\/04\\\/27\\\/presidente-kast-decide-nombrar-a-eliana-rozas-presienta-del-consejo-nacional-de-television-cntv\\\/\"]}]},{\"@type\":\"ImageObject\",\"inLanguage\":\"es\",\"@id\":\"https:\\\/\\\/diarioellabrador.cl\\\/index.php\\\/2026\\\/04\\\/27\\\/presidente-kast-decide-nombrar-a-eliana-rozas-presienta-del-consejo-nacional-de-television-cntv\\\/#primaryimage\",\"url\":\"https:\\\/\\\/diarioellabrador.cl\\\/wp-content\\\/uploads\\\/2026\\\/04\\\/Presidente-Kast-decide-nombrar-a-Eliana-Rozas-presienta-del-Consejo-Nacional-de-Television-CNTV.jpeg\",\"contentUrl\":\"https:\\\/\\\/diarioellabrador.cl\\\/wp-content\\\/uploads\\\/2026\\\/04\\\/Presidente-Kast-decide-nombrar-a-Eliana-Rozas-presienta-del-Consejo-Nacional-de-Television-CNTV.jpeg\",\"width\":810,\"height\":746},{\"@type\":\"BreadcrumbList\",\"@id\":\"https:\\\/\\\/diarioellabrador.cl\\\/index.php\\\/2026\\\/04\\\/27\\\/presidente-kast-decide-nombrar-a-eliana-rozas-presienta-del-consejo-nacional-de-television-cntv\\\/#breadcrumb\",\"itemListElement\":[{\"@type\":\"ListItem\",\"position\":1,\"name\":\"Portada\",\"item\":\"https:\\\/\\\/diarioellabrador.cl\\\/\"},{\"@type\":\"ListItem\",\"position\":2,\"name\":\"Presidente Kast decide nombrar a Eliana Rozas presienta del Consejo Nacional de Televisi\u00f3n (CNTV)\"}]},{\"@type\":\"WebSite\",\"@id\":\"https:\\\/\\\/diarioellabrador.cl\\\/#website\",\"url\":\"https:\\\/\\\/diarioellabrador.cl\\\/\",\"name\":\"Diario El Labrador\",\"description\":\"Haciendo noticia desde 1921\",\"publisher\":{\"@id\":\"https:\\\/\\\/diarioellabrador.cl\\\/#organization\"},\"potentialAction\":[{\"@type\":\"SearchAction\",\"target\":{\"@type\":\"EntryPoint\",\"urlTemplate\":\"https:\\\/\\\/diarioellabrador.cl\\\/?s={search_term_string}\"},\"query-input\":{\"@type\":\"PropertyValueSpecification\",\"valueRequired\":true,\"valueName\":\"search_term_string\"}}],\"inLanguage\":\"es\"},{\"@type\":\"Organization\",\"@id\":\"https:\\\/\\\/diarioellabrador.cl\\\/#organization\",\"name\":\"Diario El Labrador\",\"url\":\"https:\\\/\\\/diarioellabrador.cl\\\/\",\"logo\":{\"@type\":\"ImageObject\",\"inLanguage\":\"es\",\"@id\":\"https:\\\/\\\/diarioellabrador.cl\\\/#\\\/schema\\\/logo\\\/image\\\/\",\"url\":\"https:\\\/\\\/diarioellabrador.cl\\\/wp-content\\\/uploads\\\/2025\\\/02\\\/cropped-Logo-Icono.png\",\"contentUrl\":\"https:\\\/\\\/diarioellabrador.cl\\\/wp-content\\\/uploads\\\/2025\\\/02\\\/cropped-Logo-Icono.png\",\"width\":512,\"height\":512,\"caption\":\"Diario El Labrador\"},\"image\":{\"@id\":\"https:\\\/\\\/diarioellabrador.cl\\\/#\\\/schema\\\/logo\\\/image\\\/\"},\"sameAs\":[\"https:\\\/\\\/web.facebook.com\\\/profile.php?id=61576120840621\",\"https:\\\/\\\/x.com\\\/ElLabradorOf\",\"https:\\\/\\\/www.instagram.com\\\/diarioellabradoroficial\\\/\"]},{\"@type\":\"Person\",\"@id\":\"https:\\\/\\\/diarioellabrador.cl\\\/#\\\/schema\\\/person\\\/bc25ff80b4563f9c7f4bd7855df01685\",\"name\":\"Editor\",\"image\":{\"@type\":\"ImageObject\",\"inLanguage\":\"es\",\"@id\":\"https:\\\/\\\/secure.gravatar.com\\\/avatar\\\/109c326cf2be5c04f048c2c2a2b8b6ef44bf3d8d1d3d4c55d0ac40c4bc994684?s=96&d=mm&r=g\",\"url\":\"https:\\\/\\\/secure.gravatar.com\\\/avatar\\\/109c326cf2be5c04f048c2c2a2b8b6ef44bf3d8d1d3d4c55d0ac40c4bc994684?s=96&d=mm&r=g\",\"contentUrl\":\"https:\\\/\\\/secure.gravatar.com\\\/avatar\\\/109c326cf2be5c04f048c2c2a2b8b6ef44bf3d8d1d3d4c55d0ac40c4bc994684?s=96&d=mm&r=g\",\"caption\":\"Editor\"},\"url\":\"https:\\\/\\\/diarioellabrador.cl\\\/index.php\\\/author\\\/editor\\\/\"}]}<\/script>\n<!-- \/ Yoast SEO plugin. -->","yoast_head_json":{"title":"Presidente Kast decide nombrar a Eliana Rozas presienta del Consejo Nacional de Televisi\u00f3n (CNTV) - Diario El Labrador","robots":{"index":"index","follow":"follow","max-snippet":"max-snippet:-1","max-image-preview":"max-image-preview:large","max-video-preview":"max-video-preview:-1"},"canonical":"https:\/\/diarioellabrador.cl\/index.php\/2026\/04\/27\/presidente-kast-decide-nombrar-a-eliana-rozas-presienta-del-consejo-nacional-de-television-cntv\/","og_locale":"es_ES","og_type":"article","og_title":"Presidente Kast decide nombrar a Eliana Rozas presienta del Consejo Nacional de Televisi\u00f3n (CNTV) - Diario El Labrador","og_description":"Por Johnny Ahumada Sep\u00falveda El actual Presidente de Chile, Jos\u00e9 Antonio Kast design\u00f3 a la periodista Eliana Rozas, como presidenta del directorio del Consejo Nacional de Televisi\u00f3n (CNTV). Tras la decisi\u00f3n, Rozas asumir\u00e1 el cargo que ten\u00eda Mauricio Mu\u00f1oz, como titular de CNTV en la administraci\u00f3n del expresidente Gabriel Boric. Recordemos que Rozas actualmente es Leer m\u00e1s","og_url":"https:\/\/diarioellabrador.cl\/index.php\/2026\/04\/27\/presidente-kast-decide-nombrar-a-eliana-rozas-presienta-del-consejo-nacional-de-television-cntv\/","og_site_name":"Diario El Labrador","article_publisher":"https:\/\/web.facebook.com\/profile.php?id=61576120840621","article_published_time":"2026-04-27T22:36:08+00:00","article_modified_time":"2026-04-27T22:36:10+00:00","og_image":[{"width":810,"height":746,"url":"https:\/\/diarioellabrador.cl\/wp-content\/uploads\/2026\/04\/Presidente-Kast-decide-nombrar-a-Eliana-Rozas-presienta-del-Consejo-Nacional-de-Television-CNTV.jpeg","type":"image\/jpeg"}],"author":"Editor","twitter_card":"summary_large_image","twitter_creator":"@ElLabradorOf","twitter_site":"@ElLabradorOf","twitter_misc":{"Escrito por":"Editor","Tiempo de lectura":"2 minutos"},"schema":{"@context":"https:\/\/schema.org","@graph":[{"@type":"Article","@id":"https:\/\/diarioellabrador.cl\/index.php\/2026\/04\/27\/presidente-kast-decide-nombrar-a-eliana-rozas-presienta-del-consejo-nacional-de-television-cntv\/#article","isPartOf":{"@id":"https:\/\/diarioellabrador.cl\/index.php\/2026\/04\/27\/presidente-kast-decide-nombrar-a-eliana-rozas-presienta-del-consejo-nacional-de-television-cntv\/"},"author":{"name":"Editor","@id":"https:\/\/diarioellabrador.cl\/#\/schema\/person\/bc25ff80b4563f9c7f4bd7855df01685"},"headline":"Presidente Kast decide nombrar a Eliana Rozas presienta del Consejo Nacional de Televisi\u00f3n (CNTV)","datePublished":"2026-04-27T22:36:08+00:00","dateModified":"2026-04-27T22:36:10+00:00","mainEntityOfPage":{"@id":"https:\/\/diarioellabrador.cl\/index.php\/2026\/04\/27\/presidente-kast-decide-nombrar-a-eliana-rozas-presienta-del-consejo-nacional-de-television-cntv\/"},"wordCount":282,"commentCount":0,"publisher":{"@id":"https:\/\/diarioellabrador.cl\/#organization"},"image":{"@id":"https:\/\/diarioellabrador.cl\/index.php\/2026\/04\/27\/presidente-kast-decide-nombrar-a-eliana-rozas-presienta-del-consejo-nacional-de-television-cntv\/#primaryimage"},"thumbnailUrl":"https:\/\/diarioellabrador.cl\/wp-content\/uploads\/2026\/04\/Presidente-Kast-decide-nombrar-a-Eliana-Rozas-presienta-del-Consejo-Nacional-de-Television-CNTV.jpeg","articleSection":["Cr\u00f3nica"],"inLanguage":"es","potentialAction":[{"@type":"CommentAction","name":"Comment","target":["https:\/\/diarioellabrador.cl\/index.php\/2026\/04\/27\/presidente-kast-decide-nombrar-a-eliana-rozas-presienta-del-consejo-nacional-de-television-cntv\/#respond"]}]},{"@type":"WebPage","@id":"https:\/\/diarioellabrador.cl\/index.php\/2026\/04\/27\/presidente-kast-decide-nombrar-a-eliana-rozas-presienta-del-consejo-nacional-de-television-cntv\/","url":"https:\/\/diarioellabrador.cl\/index.php\/2026\/04\/27\/presidente-kast-decide-nombrar-a-eliana-rozas-presienta-del-consejo-nacional-de-television-cntv\/","name":"Presidente Kast decide nombrar a Eliana Rozas presienta del Consejo Nacional de Televisi\u00f3n (CNTV) - Diario El Labrador","isPartOf":{"@id":"https:\/\/diarioellabrador.cl\/#website"},"primaryImageOfPage":{"@id":"https:\/\/diarioellabrador.cl\/index.php\/2026\/04\/27\/presidente-kast-decide-nombrar-a-eliana-rozas-presienta-del-consejo-nacional-de-television-cntv\/#primaryimage"},"image":{"@id":"https:\/\/diarioellabrador.cl\/index.php\/2026\/04\/27\/presidente-kast-decide-nombrar-a-eliana-rozas-presienta-del-consejo-nacional-de-television-cntv\/#primaryimage"},"thumbnailUrl":"https:\/\/diarioellabrador.cl\/wp-content\/uploads\/2026\/04\/Presidente-Kast-decide-nombrar-a-Eliana-Rozas-presienta-del-Consejo-Nacional-de-Television-CNTV.jpeg","datePublished":"2026-04-27T22:36:08+00:00","dateModified":"2026-04-27T22:36:10+00:00","breadcrumb":{"@id":"https:\/\/diarioellabrador.cl\/index.php\/2026\/04\/27\/presidente-kast-decide-nombrar-a-eliana-rozas-presienta-del-consejo-nacional-de-television-cntv\/#breadcrumb"},"inLanguage":"es","potentialAction":[{"@type":"ReadAction","target":["https:\/\/diarioellabrador.cl\/index.php\/2026\/04\/27\/presidente-kast-decide-nombrar-a-eliana-rozas-presienta-del-consejo-nacional-de-television-cntv\/"]}]},{"@type":"ImageObject","inLanguage":"es","@id":"https:\/\/diarioellabrador.cl\/index.php\/2026\/04\/27\/presidente-kast-decide-nombrar-a-eliana-rozas-presienta-del-consejo-nacional-de-television-cntv\/#primaryimage","url":"https:\/\/diarioellabrador.cl\/wp-content\/uploads\/2026\/04\/Presidente-Kast-decide-nombrar-a-Eliana-Rozas-presienta-del-Consejo-Nacional-de-Television-CNTV.jpeg","contentUrl":"https:\/\/diarioellabrador.cl\/wp-content\/uploads\/2026\/04\/Presidente-Kast-decide-nombrar-a-Eliana-Rozas-presienta-del-Consejo-Nacional-de-Television-CNTV.jpeg","width":810,"height":746},{"@type":"BreadcrumbList","@id":"https:\/\/diarioellabrador.cl\/index.php\/2026\/04\/27\/presidente-kast-decide-nombrar-a-eliana-rozas-presienta-del-consejo-nacional-de-television-cntv\/#breadcrumb","itemListElement":[{"@type":"ListItem","position":1,"name":"Portada","item":"https:\/\/diarioellabrador.cl\/"},{"@type":"ListItem","position":2,"name":"Presidente Kast decide nombrar a Eliana Rozas presienta del Consejo Nacional de Televisi\u00f3n (CNTV)"}]},{"@type":"WebSite","@id":"https:\/\/diarioellabrador.cl\/#website","url":"https:\/\/diarioellabrador.cl\/","name":"Diario El Labrador","description":"Haciendo noticia desde 1921","publisher":{"@id":"https:\/\/diarioellabrador.cl\/#organization"},"potentialAction":[{"@type":"SearchAction","target":{"@type":"EntryPoint","urlTemplate":"https:\/\/diarioellabrador.cl\/?s={search_term_string}"},"query-input":{"@type":"PropertyValueSpecification","valueRequired":true,"valueName":"search_term_string"}}],"inLanguage":"es"},{"@type":"Organization","@id":"https:\/\/diarioellabrador.cl\/#organization","name":"Diario El Labrador","url":"https:\/\/diarioellabrador.cl\/","logo":{"@type":"ImageObject","inLanguage":"es","@id":"https:\/\/diarioellabrador.cl\/#\/schema\/logo\/image\/","url":"https:\/\/diarioellabrador.cl\/wp-content\/uploads\/2025\/02\/cropped-Logo-Icono.png","contentUrl":"https:\/\/diarioellabrador.cl\/wp-content\/uploads\/2025\/02\/cropped-Logo-Icono.png","width":512,"height":512,"caption":"Diario El Labrador"},"image":{"@id":"https:\/\/diarioellabrador.cl\/#\/schema\/logo\/image\/"},"sameAs":["https:\/\/web.facebook.com\/profile.php?id=61576120840621","https:\/\/x.com\/ElLabradorOf","https:\/\/www.instagram.com\/diarioellabradoroficial\/"]},{"@type":"Person","@id":"https:\/\/diarioellabrador.cl\/#\/schema\/person\/bc25ff80b4563f9c7f4bd7855df01685","name":"Editor","image":{"@type":"ImageObject","inLanguage":"es","@id":"https:\/\/secure.gravatar.com\/avatar\/109c326cf2be5c04f048c2c2a2b8b6ef44bf3d8d1d3d4c55d0ac40c4bc994684?s=96&d=mm&r=g","url":"https:\/\/secure.gravatar.com\/avatar\/109c326cf2be5c04f048c2c2a2b8b6ef44bf3d8d1d3d4c55d0ac40c4bc994684?s=96&d=mm&r=g","contentUrl":"https:\/\/secure.gravatar.com\/avatar\/109c326cf2be5c04f048c2c2a2b8b6ef44bf3d8d1d3d4c55d0ac40c4bc994684?s=96&d=mm&r=g","caption":"Editor"},"url":"https:\/\/diarioellabrador.cl\/index.php\/author\/editor\/"}]}},"_links":{"self":[{"href":"https:\/\/diarioellabrador.cl\/index.php\/wp-json\/wp\/v2\/posts\/18630","targetHints":{"allow":["GET"]}}],"collection":[{"href":"https:\/\/diarioellabrador.cl\/index.php\/wp-json\/wp\/v2\/posts"}],"about":[{"href":"https:\/\/diarioellabrador.cl\/index.php\/wp-json\/wp\/v2\/types\/post"}],"author":[{"embeddable":true,"href":"https:\/\/diarioellabrador.cl\/index.php\/wp-json\/wp\/v2\/users\/2"}],"replies":[{"embeddable":true,"href":"https:\/\/diarioellabrador.cl\/index.php\/wp-json\/wp\/v2\/comments?post=18630"}],"version-history":[{"count":1,"href":"https:\/\/diarioellabrador.cl\/index.php\/wp-json\/wp\/v2\/posts\/18630\/revisions"}],"predecessor-version":[{"id":18631,"href":"https:\/\/diarioellabrador.cl\/index.php\/wp-json\/wp\/v2\/posts\/18630\/revisions\/18631"}],"wp:featuredmedia":[{"embeddable":true,"href":"https:\/\/diarioellabrador.cl\/index.php\/wp-json\/wp\/v2\/media\/18592"}],"wp:attachment":[{"href":"https:\/\/diarioellabrador.cl\/index.php\/wp-json\/wp\/v2\/media?parent=18630"}],"wp:term":[{"taxonomy":"category","embeddable":true,"href":"https:\/\/diarioellabrador.cl\/index.php\/wp-json\/wp\/v2\/categories?post=18630"},{"taxonomy":"post_tag","embeddable":true,"href":"https:\/\/diarioellabrador.cl\/index.php\/wp-json\/wp\/v2\/tags?post=18630"}],"curies":[{"name":"wp","href":"https:\/\/api.w.org\/{rel}","templated":true}]}}