{"id":18628,"date":"2026-04-27T18:35:25","date_gmt":"2026-04-27T22:35:25","guid":{"rendered":"https:\/\/diarioellabrador.cl\/?p=18628"},"modified":"2026-04-27T18:35:28","modified_gmt":"2026-04-27T22:35:28","slug":"gobierno-reporta-20-homicidios-en-los-ultimos-siete-dias-uno-menos-que-igual-periodo-del-ano-pasado","status":"publish","type":"post","link":"https:\/\/diarioellabrador.cl\/index.php\/2026\/04\/27\/gobierno-reporta-20-homicidios-en-los-ultimos-siete-dias-uno-menos-que-igual-periodo-del-ano-pasado\/","title":{"rendered":"Gobierno reporta 20 homicidios en los \u00faltimos siete d\u00edas: uno menos que igual per\u00edodo del a\u00f1o pasado"},"content":{"rendered":"\n<p><strong><em>El balance muestra un alza del 53% frente a la semana previa, cuando se contabilizaron 13 v\u00edctimas.<\/em><\/strong><\/p>\n\n\n\n<p>La <strong>Subsecretar\u00eda de Prevenci\u00f3n del Delito<\/strong>, a trav\u00e9s del <a href=\"https:\/\/www.adnradio.cl\/2026\/04\/20\/cifras-de-homicidios-en-chile-gobierno-informa-que-crimenes-cayeron-38-segun-balance-semanal\/\" target=\"_blank\" rel=\"noreferrer noopener\">Centro de Prevenci\u00f3n de Homicidios y Delitos Violentos (CPHDV)<\/a>, entreg\u00f3 este lunes un<strong> nuevo reporte semanal<\/strong> <strong>sobre la situaci\u00f3n de seguridad <\/strong>en el pa\u00eds.<\/p>\n\n\n\n<p>Seg\u00fan el balance, entre el lunes 20 y el domingo 26 de abril <strong>se registraron 20 v\u00edctimas de homicidio<\/strong>, frente a las <strong>21<\/strong> del mismo per\u00edodo del a\u00f1o anterior.<\/p>\n\n\n\n<p>Esta cifra representa un <strong>aumento del 53,85%<\/strong> respecto de la semana anterior, cuando <strong>se reportaron 13 homicidios consumados<\/strong>.<\/p>\n\n\n\n<h2 class=\"wp-block-heading\"><em>En lo que va del a\u00f1o: 306 homicidios<\/em><\/h2>\n\n\n\n<p>\u201cA su vez, <strong>entre el 11 de marzo y el 26 de abril<\/strong>, se han contabilizado <strong>122 v\u00edctimas de homicidios<\/strong>,8 menos que en el mismo per\u00edodo del a\u00f1o anterior y <strong>5 menos<\/strong> q<strong>ue el promedio acumulado <\/strong>entre los a\u00f1os 2018 y 2025\u201d, a\u00f1adieron en el reporte.<\/p>\n\n\n\n<p>La <strong>Subsecretar\u00eda de Prevenci\u00f3n del Delito<\/strong> tambi\u00e9n destac\u00f3 que, en lo que va del a\u00f1o, \u201c<strong>se han reportado 306 v\u00edctimas de homicidios<\/strong>, lo que representa una disminuci\u00f3n de 13,3 % respecto de 2025, equivalente a <strong>47 v\u00edctimas menos<\/strong>\u201d.<\/p>\n\n\n\n<p>Cabe se\u00f1alar que estas cifras corresponden a <strong>registros de Carabineros y de la Polic\u00eda de Investigaciones (PDI)<\/strong>, y \u201cpueden experimentar ajustes posteriores<strong> en el proceso de validaci\u00f3n<\/strong>\u201d, se\u00f1alaron en el reporte.<\/p>\n","protected":false},"excerpt":{"rendered":"<p>El balance muestra un alza del 53% frente a la semana previa, cuando se contabilizaron 13 v\u00edctimas. La Subsecretar\u00eda de Prevenci\u00f3n del Delito, a trav\u00e9s del Centro de Prevenci\u00f3n de Homicidios y Delitos Violentos (CPHDV), entreg\u00f3 este lunes un nuevo reporte semanal sobre la situaci\u00f3n de seguridad en el pa\u00eds. Seg\u00fan el balance, entre el<\/p>\n<div class=\"read-more-wrapper\"><a class=\"read-more\" href=\"https:\/\/diarioellabrador.cl\/index.php\/2026\/04\/27\/gobierno-reporta-20-homicidios-en-los-ultimos-siete-dias-uno-menos-que-igual-periodo-del-ano-pasado\/\" title=\"Leer m\u00e1s\"> <span class=\"button \">Leer m\u00e1s<\/span><\/a><\/div>\n","protected":false},"author":2,"featured_media":18589,"comment_status":"open","ping_status":"open","sticky":false,"template":"","format":"standard","meta":{"footnotes":""},"categories":[1],"tags":[],"class_list":["post-18628","post","type-post","status-publish","format-standard","has-post-thumbnail","hentry","category-cronica"],"yoast_head":"<!-- This site is optimized with the Yoast SEO plugin v27.5 - https:\/\/yoast.com\/product\/yoast-seo-wordpress\/ -->\n<title>Gobierno reporta 20 homicidios en los \u00faltimos siete d\u00edas: uno menos que igual per\u00edodo del a\u00f1o pasado - Diario El Labrador<\/title>\n<meta name=\"robots\" content=\"index, follow, max-snippet:-1, max-image-preview:large, max-video-preview:-1\" \/>\n<link rel=\"canonical\" href=\"https:\/\/diarioellabrador.cl\/index.php\/2026\/04\/27\/gobierno-reporta-20-homicidios-en-los-ultimos-siete-dias-uno-menos-que-igual-periodo-del-ano-pasado\/\" \/>\n<meta property=\"og:locale\" content=\"es_ES\" \/>\n<meta property=\"og:type\" content=\"article\" \/>\n<meta property=\"og:title\" content=\"Gobierno reporta 20 homicidios en los \u00faltimos siete d\u00edas: uno menos que igual per\u00edodo del a\u00f1o pasado - Diario El Labrador\" \/>\n<meta property=\"og:description\" content=\"El balance muestra un alza del 53% frente a la semana previa, cuando se contabilizaron 13 v\u00edctimas. La Subsecretar\u00eda de Prevenci\u00f3n del Delito, a trav\u00e9s del Centro de Prevenci\u00f3n de Homicidios y Delitos Violentos (CPHDV), entreg\u00f3 este lunes un nuevo reporte semanal sobre la situaci\u00f3n de seguridad en el pa\u00eds. Seg\u00fan el balance, entre el Leer m\u00e1s\" \/>\n<meta property=\"og:url\" content=\"https:\/\/diarioellabrador.cl\/index.php\/2026\/04\/27\/gobierno-reporta-20-homicidios-en-los-ultimos-siete-dias-uno-menos-que-igual-periodo-del-ano-pasado\/\" \/>\n<meta property=\"og:site_name\" content=\"Diario El Labrador\" \/>\n<meta property=\"article:publisher\" content=\"https:\/\/web.facebook.com\/profile.php?id=61576120840621\" \/>\n<meta property=\"article:published_time\" content=\"2026-04-27T22:35:25+00:00\" \/>\n<meta property=\"article:modified_time\" content=\"2026-04-27T22:35:28+00:00\" \/>\n<meta property=\"og:image\" content=\"https:\/\/diarioellabrador.cl\/wp-content\/uploads\/2026\/04\/Gobierno-reporta-20-homicidios-en-los-ultimos-siete-dias-uno-menos-que-igual-periodo-del-ano-pasado.jpg\" \/>\n\t<meta property=\"og:image:width\" content=\"768\" \/>\n\t<meta property=\"og:image:height\" content=\"576\" \/>\n\t<meta property=\"og:image:type\" content=\"image\/jpeg\" \/>\n<meta name=\"author\" content=\"Editor\" \/>\n<meta name=\"twitter:card\" content=\"summary_large_image\" \/>\n<meta name=\"twitter:creator\" content=\"@ElLabradorOf\" \/>\n<meta name=\"twitter:site\" content=\"@ElLabradorOf\" \/>\n<meta name=\"twitter:label1\" content=\"Escrito por\" \/>\n\t<meta name=\"twitter:data1\" content=\"Editor\" \/>\n\t<meta name=\"twitter:label2\" content=\"Tiempo de lectura\" \/>\n\t<meta name=\"twitter:data2\" content=\"2 minutos\" \/>\n<script type=\"application\/ld+json\" class=\"yoast-schema-graph\">{\"@context\":\"https:\\\/\\\/schema.org\",\"@graph\":[{\"@type\":\"Article\",\"@id\":\"https:\\\/\\\/diarioellabrador.cl\\\/index.php\\\/2026\\\/04\\\/27\\\/gobierno-reporta-20-homicidios-en-los-ultimos-siete-dias-uno-menos-que-igual-periodo-del-ano-pasado\\\/#article\",\"isPartOf\":{\"@id\":\"https:\\\/\\\/diarioellabrador.cl\\\/index.php\\\/2026\\\/04\\\/27\\\/gobierno-reporta-20-homicidios-en-los-ultimos-siete-dias-uno-menos-que-igual-periodo-del-ano-pasado\\\/\"},\"author\":{\"name\":\"Editor\",\"@id\":\"https:\\\/\\\/diarioellabrador.cl\\\/#\\\/schema\\\/person\\\/bc25ff80b4563f9c7f4bd7855df01685\"},\"headline\":\"Gobierno reporta 20 homicidios en los \u00faltimos siete d\u00edas: uno menos que igual per\u00edodo del a\u00f1o pasado\",\"datePublished\":\"2026-04-27T22:35:25+00:00\",\"dateModified\":\"2026-04-27T22:35:28+00:00\",\"mainEntityOfPage\":{\"@id\":\"https:\\\/\\\/diarioellabrador.cl\\\/index.php\\\/2026\\\/04\\\/27\\\/gobierno-reporta-20-homicidios-en-los-ultimos-siete-dias-uno-menos-que-igual-periodo-del-ano-pasado\\\/\"},\"wordCount\":247,\"commentCount\":0,\"publisher\":{\"@id\":\"https:\\\/\\\/diarioellabrador.cl\\\/#organization\"},\"image\":{\"@id\":\"https:\\\/\\\/diarioellabrador.cl\\\/index.php\\\/2026\\\/04\\\/27\\\/gobierno-reporta-20-homicidios-en-los-ultimos-siete-dias-uno-menos-que-igual-periodo-del-ano-pasado\\\/#primaryimage\"},\"thumbnailUrl\":\"https:\\\/\\\/diarioellabrador.cl\\\/wp-content\\\/uploads\\\/2026\\\/04\\\/Gobierno-reporta-20-homicidios-en-los-ultimos-siete-dias-uno-menos-que-igual-periodo-del-ano-pasado.jpg\",\"articleSection\":[\"Cr\u00f3nica\"],\"inLanguage\":\"es\",\"potentialAction\":[{\"@type\":\"CommentAction\",\"name\":\"Comment\",\"target\":[\"https:\\\/\\\/diarioellabrador.cl\\\/index.php\\\/2026\\\/04\\\/27\\\/gobierno-reporta-20-homicidios-en-los-ultimos-siete-dias-uno-menos-que-igual-periodo-del-ano-pasado\\\/#respond\"]}]},{\"@type\":\"WebPage\",\"@id\":\"https:\\\/\\\/diarioellabrador.cl\\\/index.php\\\/2026\\\/04\\\/27\\\/gobierno-reporta-20-homicidios-en-los-ultimos-siete-dias-uno-menos-que-igual-periodo-del-ano-pasado\\\/\",\"url\":\"https:\\\/\\\/diarioellabrador.cl\\\/index.php\\\/2026\\\/04\\\/27\\\/gobierno-reporta-20-homicidios-en-los-ultimos-siete-dias-uno-menos-que-igual-periodo-del-ano-pasado\\\/\",\"name\":\"Gobierno reporta 20 homicidios en los \u00faltimos siete d\u00edas: uno menos que igual per\u00edodo del a\u00f1o pasado - Diario El Labrador\",\"isPartOf\":{\"@id\":\"https:\\\/\\\/diarioellabrador.cl\\\/#website\"},\"primaryImageOfPage\":{\"@id\":\"https:\\\/\\\/diarioellabrador.cl\\\/index.php\\\/2026\\\/04\\\/27\\\/gobierno-reporta-20-homicidios-en-los-ultimos-siete-dias-uno-menos-que-igual-periodo-del-ano-pasado\\\/#primaryimage\"},\"image\":{\"@id\":\"https:\\\/\\\/diarioellabrador.cl\\\/index.php\\\/2026\\\/04\\\/27\\\/gobierno-reporta-20-homicidios-en-los-ultimos-siete-dias-uno-menos-que-igual-periodo-del-ano-pasado\\\/#primaryimage\"},\"thumbnailUrl\":\"https:\\\/\\\/diarioellabrador.cl\\\/wp-content\\\/uploads\\\/2026\\\/04\\\/Gobierno-reporta-20-homicidios-en-los-ultimos-siete-dias-uno-menos-que-igual-periodo-del-ano-pasado.jpg\",\"datePublished\":\"2026-04-27T22:35:25+00:00\",\"dateModified\":\"2026-04-27T22:35:28+00:00\",\"breadcrumb\":{\"@id\":\"https:\\\/\\\/diarioellabrador.cl\\\/index.php\\\/2026\\\/04\\\/27\\\/gobierno-reporta-20-homicidios-en-los-ultimos-siete-dias-uno-menos-que-igual-periodo-del-ano-pasado\\\/#breadcrumb\"},\"inLanguage\":\"es\",\"potentialAction\":[{\"@type\":\"ReadAction\",\"target\":[\"https:\\\/\\\/diarioellabrador.cl\\\/index.php\\\/2026\\\/04\\\/27\\\/gobierno-reporta-20-homicidios-en-los-ultimos-siete-dias-uno-menos-que-igual-periodo-del-ano-pasado\\\/\"]}]},{\"@type\":\"ImageObject\",\"inLanguage\":\"es\",\"@id\":\"https:\\\/\\\/diarioellabrador.cl\\\/index.php\\\/2026\\\/04\\\/27\\\/gobierno-reporta-20-homicidios-en-los-ultimos-siete-dias-uno-menos-que-igual-periodo-del-ano-pasado\\\/#primaryimage\",\"url\":\"https:\\\/\\\/diarioellabrador.cl\\\/wp-content\\\/uploads\\\/2026\\\/04\\\/Gobierno-reporta-20-homicidios-en-los-ultimos-siete-dias-uno-menos-que-igual-periodo-del-ano-pasado.jpg\",\"contentUrl\":\"https:\\\/\\\/diarioellabrador.cl\\\/wp-content\\\/uploads\\\/2026\\\/04\\\/Gobierno-reporta-20-homicidios-en-los-ultimos-siete-dias-uno-menos-que-igual-periodo-del-ano-pasado.jpg\",\"width\":768,\"height\":576},{\"@type\":\"BreadcrumbList\",\"@id\":\"https:\\\/\\\/diarioellabrador.cl\\\/index.php\\\/2026\\\/04\\\/27\\\/gobierno-reporta-20-homicidios-en-los-ultimos-siete-dias-uno-menos-que-igual-periodo-del-ano-pasado\\\/#breadcrumb\",\"itemListElement\":[{\"@type\":\"ListItem\",\"position\":1,\"name\":\"Portada\",\"item\":\"https:\\\/\\\/diarioellabrador.cl\\\/\"},{\"@type\":\"ListItem\",\"position\":2,\"name\":\"Gobierno reporta 20 homicidios en los \u00faltimos siete d\u00edas: uno menos que igual per\u00edodo del a\u00f1o pasado\"}]},{\"@type\":\"WebSite\",\"@id\":\"https:\\\/\\\/diarioellabrador.cl\\\/#website\",\"url\":\"https:\\\/\\\/diarioellabrador.cl\\\/\",\"name\":\"Diario El Labrador\",\"description\":\"Haciendo noticia desde 1921\",\"publisher\":{\"@id\":\"https:\\\/\\\/diarioellabrador.cl\\\/#organization\"},\"potentialAction\":[{\"@type\":\"SearchAction\",\"target\":{\"@type\":\"EntryPoint\",\"urlTemplate\":\"https:\\\/\\\/diarioellabrador.cl\\\/?s={search_term_string}\"},\"query-input\":{\"@type\":\"PropertyValueSpecification\",\"valueRequired\":true,\"valueName\":\"search_term_string\"}}],\"inLanguage\":\"es\"},{\"@type\":\"Organization\",\"@id\":\"https:\\\/\\\/diarioellabrador.cl\\\/#organization\",\"name\":\"Diario El Labrador\",\"url\":\"https:\\\/\\\/diarioellabrador.cl\\\/\",\"logo\":{\"@type\":\"ImageObject\",\"inLanguage\":\"es\",\"@id\":\"https:\\\/\\\/diarioellabrador.cl\\\/#\\\/schema\\\/logo\\\/image\\\/\",\"url\":\"https:\\\/\\\/diarioellabrador.cl\\\/wp-content\\\/uploads\\\/2025\\\/02\\\/cropped-Logo-Icono.png\",\"contentUrl\":\"https:\\\/\\\/diarioellabrador.cl\\\/wp-content\\\/uploads\\\/2025\\\/02\\\/cropped-Logo-Icono.png\",\"width\":512,\"height\":512,\"caption\":\"Diario El Labrador\"},\"image\":{\"@id\":\"https:\\\/\\\/diarioellabrador.cl\\\/#\\\/schema\\\/logo\\\/image\\\/\"},\"sameAs\":[\"https:\\\/\\\/web.facebook.com\\\/profile.php?id=61576120840621\",\"https:\\\/\\\/x.com\\\/ElLabradorOf\",\"https:\\\/\\\/www.instagram.com\\\/diarioellabradoroficial\\\/\"]},{\"@type\":\"Person\",\"@id\":\"https:\\\/\\\/diarioellabrador.cl\\\/#\\\/schema\\\/person\\\/bc25ff80b4563f9c7f4bd7855df01685\",\"name\":\"Editor\",\"image\":{\"@type\":\"ImageObject\",\"inLanguage\":\"es\",\"@id\":\"https:\\\/\\\/secure.gravatar.com\\\/avatar\\\/109c326cf2be5c04f048c2c2a2b8b6ef44bf3d8d1d3d4c55d0ac40c4bc994684?s=96&d=mm&r=g\",\"url\":\"https:\\\/\\\/secure.gravatar.com\\\/avatar\\\/109c326cf2be5c04f048c2c2a2b8b6ef44bf3d8d1d3d4c55d0ac40c4bc994684?s=96&d=mm&r=g\",\"contentUrl\":\"https:\\\/\\\/secure.gravatar.com\\\/avatar\\\/109c326cf2be5c04f048c2c2a2b8b6ef44bf3d8d1d3d4c55d0ac40c4bc994684?s=96&d=mm&r=g\",\"caption\":\"Editor\"},\"url\":\"https:\\\/\\\/diarioellabrador.cl\\\/index.php\\\/author\\\/editor\\\/\"}]}<\/script>\n<!-- \/ Yoast SEO plugin. -->","yoast_head_json":{"title":"Gobierno reporta 20 homicidios en los \u00faltimos siete d\u00edas: uno menos que igual per\u00edodo del a\u00f1o pasado - Diario El Labrador","robots":{"index":"index","follow":"follow","max-snippet":"max-snippet:-1","max-image-preview":"max-image-preview:large","max-video-preview":"max-video-preview:-1"},"canonical":"https:\/\/diarioellabrador.cl\/index.php\/2026\/04\/27\/gobierno-reporta-20-homicidios-en-los-ultimos-siete-dias-uno-menos-que-igual-periodo-del-ano-pasado\/","og_locale":"es_ES","og_type":"article","og_title":"Gobierno reporta 20 homicidios en los \u00faltimos siete d\u00edas: uno menos que igual per\u00edodo del a\u00f1o pasado - Diario El Labrador","og_description":"El balance muestra un alza del 53% frente a la semana previa, cuando se contabilizaron 13 v\u00edctimas. La Subsecretar\u00eda de Prevenci\u00f3n del Delito, a trav\u00e9s del Centro de Prevenci\u00f3n de Homicidios y Delitos Violentos (CPHDV), entreg\u00f3 este lunes un nuevo reporte semanal sobre la situaci\u00f3n de seguridad en el pa\u00eds. Seg\u00fan el balance, entre el Leer m\u00e1s","og_url":"https:\/\/diarioellabrador.cl\/index.php\/2026\/04\/27\/gobierno-reporta-20-homicidios-en-los-ultimos-siete-dias-uno-menos-que-igual-periodo-del-ano-pasado\/","og_site_name":"Diario El Labrador","article_publisher":"https:\/\/web.facebook.com\/profile.php?id=61576120840621","article_published_time":"2026-04-27T22:35:25+00:00","article_modified_time":"2026-04-27T22:35:28+00:00","og_image":[{"width":768,"height":576,"url":"https:\/\/diarioellabrador.cl\/wp-content\/uploads\/2026\/04\/Gobierno-reporta-20-homicidios-en-los-ultimos-siete-dias-uno-menos-que-igual-periodo-del-ano-pasado.jpg","type":"image\/jpeg"}],"author":"Editor","twitter_card":"summary_large_image","twitter_creator":"@ElLabradorOf","twitter_site":"@ElLabradorOf","twitter_misc":{"Escrito por":"Editor","Tiempo de lectura":"2 minutos"},"schema":{"@context":"https:\/\/schema.org","@graph":[{"@type":"Article","@id":"https:\/\/diarioellabrador.cl\/index.php\/2026\/04\/27\/gobierno-reporta-20-homicidios-en-los-ultimos-siete-dias-uno-menos-que-igual-periodo-del-ano-pasado\/#article","isPartOf":{"@id":"https:\/\/diarioellabrador.cl\/index.php\/2026\/04\/27\/gobierno-reporta-20-homicidios-en-los-ultimos-siete-dias-uno-menos-que-igual-periodo-del-ano-pasado\/"},"author":{"name":"Editor","@id":"https:\/\/diarioellabrador.cl\/#\/schema\/person\/bc25ff80b4563f9c7f4bd7855df01685"},"headline":"Gobierno reporta 20 homicidios en los \u00faltimos siete d\u00edas: uno menos que igual per\u00edodo del a\u00f1o pasado","datePublished":"2026-04-27T22:35:25+00:00","dateModified":"2026-04-27T22:35:28+00:00","mainEntityOfPage":{"@id":"https:\/\/diarioellabrador.cl\/index.php\/2026\/04\/27\/gobierno-reporta-20-homicidios-en-los-ultimos-siete-dias-uno-menos-que-igual-periodo-del-ano-pasado\/"},"wordCount":247,"commentCount":0,"publisher":{"@id":"https:\/\/diarioellabrador.cl\/#organization"},"image":{"@id":"https:\/\/diarioellabrador.cl\/index.php\/2026\/04\/27\/gobierno-reporta-20-homicidios-en-los-ultimos-siete-dias-uno-menos-que-igual-periodo-del-ano-pasado\/#primaryimage"},"thumbnailUrl":"https:\/\/diarioellabrador.cl\/wp-content\/uploads\/2026\/04\/Gobierno-reporta-20-homicidios-en-los-ultimos-siete-dias-uno-menos-que-igual-periodo-del-ano-pasado.jpg","articleSection":["Cr\u00f3nica"],"inLanguage":"es","potentialAction":[{"@type":"CommentAction","name":"Comment","target":["https:\/\/diarioellabrador.cl\/index.php\/2026\/04\/27\/gobierno-reporta-20-homicidios-en-los-ultimos-siete-dias-uno-menos-que-igual-periodo-del-ano-pasado\/#respond"]}]},{"@type":"WebPage","@id":"https:\/\/diarioellabrador.cl\/index.php\/2026\/04\/27\/gobierno-reporta-20-homicidios-en-los-ultimos-siete-dias-uno-menos-que-igual-periodo-del-ano-pasado\/","url":"https:\/\/diarioellabrador.cl\/index.php\/2026\/04\/27\/gobierno-reporta-20-homicidios-en-los-ultimos-siete-dias-uno-menos-que-igual-periodo-del-ano-pasado\/","name":"Gobierno reporta 20 homicidios en los \u00faltimos siete d\u00edas: uno menos que igual per\u00edodo del a\u00f1o pasado - Diario El Labrador","isPartOf":{"@id":"https:\/\/diarioellabrador.cl\/#website"},"primaryImageOfPage":{"@id":"https:\/\/diarioellabrador.cl\/index.php\/2026\/04\/27\/gobierno-reporta-20-homicidios-en-los-ultimos-siete-dias-uno-menos-que-igual-periodo-del-ano-pasado\/#primaryimage"},"image":{"@id":"https:\/\/diarioellabrador.cl\/index.php\/2026\/04\/27\/gobierno-reporta-20-homicidios-en-los-ultimos-siete-dias-uno-menos-que-igual-periodo-del-ano-pasado\/#primaryimage"},"thumbnailUrl":"https:\/\/diarioellabrador.cl\/wp-content\/uploads\/2026\/04\/Gobierno-reporta-20-homicidios-en-los-ultimos-siete-dias-uno-menos-que-igual-periodo-del-ano-pasado.jpg","datePublished":"2026-04-27T22:35:25+00:00","dateModified":"2026-04-27T22:35:28+00:00","breadcrumb":{"@id":"https:\/\/diarioellabrador.cl\/index.php\/2026\/04\/27\/gobierno-reporta-20-homicidios-en-los-ultimos-siete-dias-uno-menos-que-igual-periodo-del-ano-pasado\/#breadcrumb"},"inLanguage":"es","potentialAction":[{"@type":"ReadAction","target":["https:\/\/diarioellabrador.cl\/index.php\/2026\/04\/27\/gobierno-reporta-20-homicidios-en-los-ultimos-siete-dias-uno-menos-que-igual-periodo-del-ano-pasado\/"]}]},{"@type":"ImageObject","inLanguage":"es","@id":"https:\/\/diarioellabrador.cl\/index.php\/2026\/04\/27\/gobierno-reporta-20-homicidios-en-los-ultimos-siete-dias-uno-menos-que-igual-periodo-del-ano-pasado\/#primaryimage","url":"https:\/\/diarioellabrador.cl\/wp-content\/uploads\/2026\/04\/Gobierno-reporta-20-homicidios-en-los-ultimos-siete-dias-uno-menos-que-igual-periodo-del-ano-pasado.jpg","contentUrl":"https:\/\/diarioellabrador.cl\/wp-content\/uploads\/2026\/04\/Gobierno-reporta-20-homicidios-en-los-ultimos-siete-dias-uno-menos-que-igual-periodo-del-ano-pasado.jpg","width":768,"height":576},{"@type":"BreadcrumbList","@id":"https:\/\/diarioellabrador.cl\/index.php\/2026\/04\/27\/gobierno-reporta-20-homicidios-en-los-ultimos-siete-dias-uno-menos-que-igual-periodo-del-ano-pasado\/#breadcrumb","itemListElement":[{"@type":"ListItem","position":1,"name":"Portada","item":"https:\/\/diarioellabrador.cl\/"},{"@type":"ListItem","position":2,"name":"Gobierno reporta 20 homicidios en los \u00faltimos siete d\u00edas: uno menos que igual per\u00edodo del a\u00f1o pasado"}]},{"@type":"WebSite","@id":"https:\/\/diarioellabrador.cl\/#website","url":"https:\/\/diarioellabrador.cl\/","name":"Diario El Labrador","description":"Haciendo noticia desde 1921","publisher":{"@id":"https:\/\/diarioellabrador.cl\/#organization"},"potentialAction":[{"@type":"SearchAction","target":{"@type":"EntryPoint","urlTemplate":"https:\/\/diarioellabrador.cl\/?s={search_term_string}"},"query-input":{"@type":"PropertyValueSpecification","valueRequired":true,"valueName":"search_term_string"}}],"inLanguage":"es"},{"@type":"Organization","@id":"https:\/\/diarioellabrador.cl\/#organization","name":"Diario El Labrador","url":"https:\/\/diarioellabrador.cl\/","logo":{"@type":"ImageObject","inLanguage":"es","@id":"https:\/\/diarioellabrador.cl\/#\/schema\/logo\/image\/","url":"https:\/\/diarioellabrador.cl\/wp-content\/uploads\/2025\/02\/cropped-Logo-Icono.png","contentUrl":"https:\/\/diarioellabrador.cl\/wp-content\/uploads\/2025\/02\/cropped-Logo-Icono.png","width":512,"height":512,"caption":"Diario El Labrador"},"image":{"@id":"https:\/\/diarioellabrador.cl\/#\/schema\/logo\/image\/"},"sameAs":["https:\/\/web.facebook.com\/profile.php?id=61576120840621","https:\/\/x.com\/ElLabradorOf","https:\/\/www.instagram.com\/diarioellabradoroficial\/"]},{"@type":"Person","@id":"https:\/\/diarioellabrador.cl\/#\/schema\/person\/bc25ff80b4563f9c7f4bd7855df01685","name":"Editor","image":{"@type":"ImageObject","inLanguage":"es","@id":"https:\/\/secure.gravatar.com\/avatar\/109c326cf2be5c04f048c2c2a2b8b6ef44bf3d8d1d3d4c55d0ac40c4bc994684?s=96&d=mm&r=g","url":"https:\/\/secure.gravatar.com\/avatar\/109c326cf2be5c04f048c2c2a2b8b6ef44bf3d8d1d3d4c55d0ac40c4bc994684?s=96&d=mm&r=g","contentUrl":"https:\/\/secure.gravatar.com\/avatar\/109c326cf2be5c04f048c2c2a2b8b6ef44bf3d8d1d3d4c55d0ac40c4bc994684?s=96&d=mm&r=g","caption":"Editor"},"url":"https:\/\/diarioellabrador.cl\/index.php\/author\/editor\/"}]}},"_links":{"self":[{"href":"https:\/\/diarioellabrador.cl\/index.php\/wp-json\/wp\/v2\/posts\/18628","targetHints":{"allow":["GET"]}}],"collection":[{"href":"https:\/\/diarioellabrador.cl\/index.php\/wp-json\/wp\/v2\/posts"}],"about":[{"href":"https:\/\/diarioellabrador.cl\/index.php\/wp-json\/wp\/v2\/types\/post"}],"author":[{"embeddable":true,"href":"https:\/\/diarioellabrador.cl\/index.php\/wp-json\/wp\/v2\/users\/2"}],"replies":[{"embeddable":true,"href":"https:\/\/diarioellabrador.cl\/index.php\/wp-json\/wp\/v2\/comments?post=18628"}],"version-history":[{"count":1,"href":"https:\/\/diarioellabrador.cl\/index.php\/wp-json\/wp\/v2\/posts\/18628\/revisions"}],"predecessor-version":[{"id":18629,"href":"https:\/\/diarioellabrador.cl\/index.php\/wp-json\/wp\/v2\/posts\/18628\/revisions\/18629"}],"wp:featuredmedia":[{"embeddable":true,"href":"https:\/\/diarioellabrador.cl\/index.php\/wp-json\/wp\/v2\/media\/18589"}],"wp:attachment":[{"href":"https:\/\/diarioellabrador.cl\/index.php\/wp-json\/wp\/v2\/media?parent=18628"}],"wp:term":[{"taxonomy":"category","embeddable":true,"href":"https:\/\/diarioellabrador.cl\/index.php\/wp-json\/wp\/v2\/categories?post=18628"},{"taxonomy":"post_tag","embeddable":true,"href":"https:\/\/diarioellabrador.cl\/index.php\/wp-json\/wp\/v2\/tags?post=18628"}],"curies":[{"name":"wp","href":"https:\/\/api.w.org\/{rel}","templated":true}]}}