{"id":18626,"date":"2026-04-27T18:33:42","date_gmt":"2026-04-27T22:33:42","guid":{"rendered":"https:\/\/diarioellabrador.cl\/?p=18626"},"modified":"2026-04-27T18:33:44","modified_gmt":"2026-04-27T22:33:44","slug":"contraloria-detecta-grave-falta-de-fiscalizacion-a-los-colegios-con-mayores-indices-de-violencia-escolar","status":"publish","type":"post","link":"https:\/\/diarioellabrador.cl\/index.php\/2026\/04\/27\/contraloria-detecta-grave-falta-de-fiscalizacion-a-los-colegios-con-mayores-indices-de-violencia-escolar\/","title":{"rendered":"Contralor\u00eda detecta grave falta de fiscalizaci\u00f3n a los colegios con mayores \u00edndices de violencia escolar"},"content":{"rendered":"\n<p><strong><em>Informe revela que solo el 5% de las acusaciones deriv\u00f3 en investigaciones y cuestiona la reubicaci\u00f3n de alumnos expulsados en otros liceos emblem\u00e1ticos.<\/em><\/strong><\/p>\n\n\n\n<p>La <strong>Contralor\u00eda General de la Rep\u00fablica (CGR)<\/strong>, a trav\u00e9s de su <strong>informe N\u00b0660 de 2025<\/strong>, dio a conocer graves deficiencias en las acciones de la Superintendencia de Educaci\u00f3n y la Subsecretar\u00eda de Educaci\u00f3n para garantizar la convivencia escolar. La auditor\u00eda revel\u00f3 que los establecimientos que lideraron las sanciones y denuncias en el marco del programa \u201cConvivencia y Salud Mental\u201d durante 2024 y 2025 <strong>no fueron fiscalizados<\/strong> por la Superintendencia.<\/p>\n\n\n\n<p>De acuerdo con el documento, entre el a\u00f1o 2020 y octubre de 2025 se registraron <strong>35.410 denuncias por violencia escolar<\/strong> a nivel nacional. Sin embargo, el organismo solo realiz\u00f3 fiscalizaciones propiamente tales en <strong>1.727 casos<\/strong>, lo que implica que menos del 5% de las acusaciones termin\u00f3 en una investigaci\u00f3n formal por parte del servicio. La CGR advierte que este fen\u00f3meno no ha disminuido y se mantiene como una de las principales problem\u00e1ticas de la educaci\u00f3n p\u00fablica escolar.<\/p>\n\n\n\n<h3 class=\"wp-block-heading\">Irregularidades en la reubicaci\u00f3n de estudiantes<\/h3>\n\n\n\n<p>Uno de los puntos m\u00e1s cr\u00edticos de la auditor\u00eda es el an\u00e1lisis de la situaci\u00f3n de 38 estudiantes sancionados en colegios emblem\u00e1ticos de <strong>Santiago y Providencia<\/strong>. Los recintos bajo la lupa incluyen:<\/p>\n\n\n\n<ul class=\"wp-block-list\">\n<li><strong>Instituto Nacional<\/strong> Jos\u00e9 Miguel Carrera.<\/li>\n\n\n\n<li><strong>Internado Nacional Barros Arana (INBA)<\/strong>.<\/li>\n\n\n\n<li><strong>Liceo de Aplicaci\u00f3n<\/strong> y <strong>Liceo Manuel Barros Borgo\u00f1o<\/strong>.<\/li>\n\n\n\n<li><strong>Liceo Jos\u00e9 Victorino Lastarria<\/strong>, <strong>Liceo 7<\/strong> y <strong>Carmela Carvajal<\/strong> de Providencia.<\/li>\n<\/ul>\n\n\n\n<p>La investigaci\u00f3n constat\u00f3 que el <strong>21% de los alumnos sancionados<\/strong> con expulsi\u00f3n o cancelaci\u00f3n de matr\u00edcula regres\u00f3 al mismo establecimiento que aplic\u00f3 la sanci\u00f3n, debido a que los directores no utilizaron su facultad legal para oponerse. Por otro lado, el <strong>79% restante<\/strong> fue reincorporado en otros liceos emblem\u00e1ticos que figuran entre los que presentan mayores problemas de violencia, incumpliendo los criterios de reubicaci\u00f3n establecidos en la legislaci\u00f3n vigente.<\/p>\n\n\n\n<h3 class=\"wp-block-heading\">\u00d3rdenes de la Contralor\u00eda<\/h3>\n\n\n\n<p>Ante estos hallazgos, la Contralor\u00eda orden\u00f3 a la Superintendencia y a la Subsecretar\u00eda adoptar medidas coordinadas de forma inmediata. Se les exigi\u00f3 regular los procedimientos y las facultades de quienes intervienen en la reubicaci\u00f3n de estudiantes expulsados, especialmente en aquellos casos vinculados a hechos de violencia, para asegurar que el proceso se ajuste a las normas de protecci\u00f3n y convivencia escolar.<\/p>\n","protected":false},"excerpt":{"rendered":"<p>Informe revela que solo el 5% de las acusaciones deriv\u00f3 en investigaciones y cuestiona la reubicaci\u00f3n de alumnos expulsados en otros liceos emblem\u00e1ticos. La Contralor\u00eda General de la Rep\u00fablica (CGR), a trav\u00e9s de su informe N\u00b0660 de 2025, dio a conocer graves deficiencias en las acciones de la Superintendencia de Educaci\u00f3n y la Subsecretar\u00eda de<\/p>\n<div class=\"read-more-wrapper\"><a class=\"read-more\" href=\"https:\/\/diarioellabrador.cl\/index.php\/2026\/04\/27\/contraloria-detecta-grave-falta-de-fiscalizacion-a-los-colegios-con-mayores-indices-de-violencia-escolar\/\" title=\"Leer m\u00e1s\"> <span class=\"button \">Leer m\u00e1s<\/span><\/a><\/div>\n","protected":false},"author":2,"featured_media":18588,"comment_status":"open","ping_status":"open","sticky":false,"template":"","format":"standard","meta":{"footnotes":""},"categories":[1],"tags":[],"class_list":["post-18626","post","type-post","status-publish","format-standard","has-post-thumbnail","hentry","category-cronica"],"yoast_head":"<!-- This site is optimized with the Yoast SEO plugin v27.5 - https:\/\/yoast.com\/product\/yoast-seo-wordpress\/ -->\n<title>Contralor\u00eda detecta grave falta de fiscalizaci\u00f3n a los colegios con mayores \u00edndices de violencia escolar - Diario El Labrador<\/title>\n<meta name=\"robots\" content=\"index, follow, max-snippet:-1, max-image-preview:large, max-video-preview:-1\" \/>\n<link rel=\"canonical\" href=\"https:\/\/diarioellabrador.cl\/index.php\/2026\/04\/27\/contraloria-detecta-grave-falta-de-fiscalizacion-a-los-colegios-con-mayores-indices-de-violencia-escolar\/\" \/>\n<meta property=\"og:locale\" content=\"es_ES\" \/>\n<meta property=\"og:type\" content=\"article\" \/>\n<meta property=\"og:title\" content=\"Contralor\u00eda detecta grave falta de fiscalizaci\u00f3n a los colegios con mayores \u00edndices de violencia escolar - Diario El Labrador\" \/>\n<meta property=\"og:description\" content=\"Informe revela que solo el 5% de las acusaciones deriv\u00f3 en investigaciones y cuestiona la reubicaci\u00f3n de alumnos expulsados en otros liceos emblem\u00e1ticos. La Contralor\u00eda General de la Rep\u00fablica (CGR), a trav\u00e9s de su informe N\u00b0660 de 2025, dio a conocer graves deficiencias en las acciones de la Superintendencia de Educaci\u00f3n y la Subsecretar\u00eda de Leer m\u00e1s\" \/>\n<meta property=\"og:url\" content=\"https:\/\/diarioellabrador.cl\/index.php\/2026\/04\/27\/contraloria-detecta-grave-falta-de-fiscalizacion-a-los-colegios-con-mayores-indices-de-violencia-escolar\/\" \/>\n<meta property=\"og:site_name\" content=\"Diario El Labrador\" \/>\n<meta property=\"article:publisher\" content=\"https:\/\/web.facebook.com\/profile.php?id=61576120840621\" \/>\n<meta property=\"article:published_time\" content=\"2026-04-27T22:33:42+00:00\" \/>\n<meta property=\"article:modified_time\" content=\"2026-04-27T22:33:44+00:00\" \/>\n<meta property=\"og:image\" content=\"https:\/\/diarioellabrador.cl\/wp-content\/uploads\/2026\/04\/Contraloria-detecta-grave-falta-de-fiscalizacion-a-los-colegios-con-mayores-indices-de-violencia-escolar.jpg\" \/>\n\t<meta property=\"og:image:width\" content=\"710\" \/>\n\t<meta property=\"og:image:height\" content=\"399\" \/>\n\t<meta property=\"og:image:type\" content=\"image\/jpeg\" \/>\n<meta name=\"author\" content=\"Editor\" \/>\n<meta name=\"twitter:card\" content=\"summary_large_image\" \/>\n<meta name=\"twitter:creator\" content=\"@ElLabradorOf\" \/>\n<meta name=\"twitter:site\" content=\"@ElLabradorOf\" \/>\n<meta name=\"twitter:label1\" content=\"Escrito por\" \/>\n\t<meta name=\"twitter:data1\" content=\"Editor\" \/>\n\t<meta name=\"twitter:label2\" content=\"Tiempo de lectura\" \/>\n\t<meta name=\"twitter:data2\" content=\"2 minutos\" \/>\n<script type=\"application\/ld+json\" class=\"yoast-schema-graph\">{\"@context\":\"https:\\\/\\\/schema.org\",\"@graph\":[{\"@type\":\"Article\",\"@id\":\"https:\\\/\\\/diarioellabrador.cl\\\/index.php\\\/2026\\\/04\\\/27\\\/contraloria-detecta-grave-falta-de-fiscalizacion-a-los-colegios-con-mayores-indices-de-violencia-escolar\\\/#article\",\"isPartOf\":{\"@id\":\"https:\\\/\\\/diarioellabrador.cl\\\/index.php\\\/2026\\\/04\\\/27\\\/contraloria-detecta-grave-falta-de-fiscalizacion-a-los-colegios-con-mayores-indices-de-violencia-escolar\\\/\"},\"author\":{\"name\":\"Editor\",\"@id\":\"https:\\\/\\\/diarioellabrador.cl\\\/#\\\/schema\\\/person\\\/bc25ff80b4563f9c7f4bd7855df01685\"},\"headline\":\"Contralor\u00eda detecta grave falta de fiscalizaci\u00f3n a los colegios con mayores \u00edndices de violencia escolar\",\"datePublished\":\"2026-04-27T22:33:42+00:00\",\"dateModified\":\"2026-04-27T22:33:44+00:00\",\"mainEntityOfPage\":{\"@id\":\"https:\\\/\\\/diarioellabrador.cl\\\/index.php\\\/2026\\\/04\\\/27\\\/contraloria-detecta-grave-falta-de-fiscalizacion-a-los-colegios-con-mayores-indices-de-violencia-escolar\\\/\"},\"wordCount\":410,\"commentCount\":0,\"publisher\":{\"@id\":\"https:\\\/\\\/diarioellabrador.cl\\\/#organization\"},\"image\":{\"@id\":\"https:\\\/\\\/diarioellabrador.cl\\\/index.php\\\/2026\\\/04\\\/27\\\/contraloria-detecta-grave-falta-de-fiscalizacion-a-los-colegios-con-mayores-indices-de-violencia-escolar\\\/#primaryimage\"},\"thumbnailUrl\":\"https:\\\/\\\/diarioellabrador.cl\\\/wp-content\\\/uploads\\\/2026\\\/04\\\/Contraloria-detecta-grave-falta-de-fiscalizacion-a-los-colegios-con-mayores-indices-de-violencia-escolar.jpg\",\"articleSection\":[\"Cr\u00f3nica\"],\"inLanguage\":\"es\",\"potentialAction\":[{\"@type\":\"CommentAction\",\"name\":\"Comment\",\"target\":[\"https:\\\/\\\/diarioellabrador.cl\\\/index.php\\\/2026\\\/04\\\/27\\\/contraloria-detecta-grave-falta-de-fiscalizacion-a-los-colegios-con-mayores-indices-de-violencia-escolar\\\/#respond\"]}]},{\"@type\":\"WebPage\",\"@id\":\"https:\\\/\\\/diarioellabrador.cl\\\/index.php\\\/2026\\\/04\\\/27\\\/contraloria-detecta-grave-falta-de-fiscalizacion-a-los-colegios-con-mayores-indices-de-violencia-escolar\\\/\",\"url\":\"https:\\\/\\\/diarioellabrador.cl\\\/index.php\\\/2026\\\/04\\\/27\\\/contraloria-detecta-grave-falta-de-fiscalizacion-a-los-colegios-con-mayores-indices-de-violencia-escolar\\\/\",\"name\":\"Contralor\u00eda detecta grave falta de fiscalizaci\u00f3n a los colegios con mayores \u00edndices de violencia escolar - Diario El Labrador\",\"isPartOf\":{\"@id\":\"https:\\\/\\\/diarioellabrador.cl\\\/#website\"},\"primaryImageOfPage\":{\"@id\":\"https:\\\/\\\/diarioellabrador.cl\\\/index.php\\\/2026\\\/04\\\/27\\\/contraloria-detecta-grave-falta-de-fiscalizacion-a-los-colegios-con-mayores-indices-de-violencia-escolar\\\/#primaryimage\"},\"image\":{\"@id\":\"https:\\\/\\\/diarioellabrador.cl\\\/index.php\\\/2026\\\/04\\\/27\\\/contraloria-detecta-grave-falta-de-fiscalizacion-a-los-colegios-con-mayores-indices-de-violencia-escolar\\\/#primaryimage\"},\"thumbnailUrl\":\"https:\\\/\\\/diarioellabrador.cl\\\/wp-content\\\/uploads\\\/2026\\\/04\\\/Contraloria-detecta-grave-falta-de-fiscalizacion-a-los-colegios-con-mayores-indices-de-violencia-escolar.jpg\",\"datePublished\":\"2026-04-27T22:33:42+00:00\",\"dateModified\":\"2026-04-27T22:33:44+00:00\",\"breadcrumb\":{\"@id\":\"https:\\\/\\\/diarioellabrador.cl\\\/index.php\\\/2026\\\/04\\\/27\\\/contraloria-detecta-grave-falta-de-fiscalizacion-a-los-colegios-con-mayores-indices-de-violencia-escolar\\\/#breadcrumb\"},\"inLanguage\":\"es\",\"potentialAction\":[{\"@type\":\"ReadAction\",\"target\":[\"https:\\\/\\\/diarioellabrador.cl\\\/index.php\\\/2026\\\/04\\\/27\\\/contraloria-detecta-grave-falta-de-fiscalizacion-a-los-colegios-con-mayores-indices-de-violencia-escolar\\\/\"]}]},{\"@type\":\"ImageObject\",\"inLanguage\":\"es\",\"@id\":\"https:\\\/\\\/diarioellabrador.cl\\\/index.php\\\/2026\\\/04\\\/27\\\/contraloria-detecta-grave-falta-de-fiscalizacion-a-los-colegios-con-mayores-indices-de-violencia-escolar\\\/#primaryimage\",\"url\":\"https:\\\/\\\/diarioellabrador.cl\\\/wp-content\\\/uploads\\\/2026\\\/04\\\/Contraloria-detecta-grave-falta-de-fiscalizacion-a-los-colegios-con-mayores-indices-de-violencia-escolar.jpg\",\"contentUrl\":\"https:\\\/\\\/diarioellabrador.cl\\\/wp-content\\\/uploads\\\/2026\\\/04\\\/Contraloria-detecta-grave-falta-de-fiscalizacion-a-los-colegios-con-mayores-indices-de-violencia-escolar.jpg\",\"width\":710,\"height\":399},{\"@type\":\"BreadcrumbList\",\"@id\":\"https:\\\/\\\/diarioellabrador.cl\\\/index.php\\\/2026\\\/04\\\/27\\\/contraloria-detecta-grave-falta-de-fiscalizacion-a-los-colegios-con-mayores-indices-de-violencia-escolar\\\/#breadcrumb\",\"itemListElement\":[{\"@type\":\"ListItem\",\"position\":1,\"name\":\"Portada\",\"item\":\"https:\\\/\\\/diarioellabrador.cl\\\/\"},{\"@type\":\"ListItem\",\"position\":2,\"name\":\"Contralor\u00eda detecta grave falta de fiscalizaci\u00f3n a los colegios con mayores \u00edndices de violencia escolar\"}]},{\"@type\":\"WebSite\",\"@id\":\"https:\\\/\\\/diarioellabrador.cl\\\/#website\",\"url\":\"https:\\\/\\\/diarioellabrador.cl\\\/\",\"name\":\"Diario El Labrador\",\"description\":\"Haciendo noticia desde 1921\",\"publisher\":{\"@id\":\"https:\\\/\\\/diarioellabrador.cl\\\/#organization\"},\"potentialAction\":[{\"@type\":\"SearchAction\",\"target\":{\"@type\":\"EntryPoint\",\"urlTemplate\":\"https:\\\/\\\/diarioellabrador.cl\\\/?s={search_term_string}\"},\"query-input\":{\"@type\":\"PropertyValueSpecification\",\"valueRequired\":true,\"valueName\":\"search_term_string\"}}],\"inLanguage\":\"es\"},{\"@type\":\"Organization\",\"@id\":\"https:\\\/\\\/diarioellabrador.cl\\\/#organization\",\"name\":\"Diario El Labrador\",\"url\":\"https:\\\/\\\/diarioellabrador.cl\\\/\",\"logo\":{\"@type\":\"ImageObject\",\"inLanguage\":\"es\",\"@id\":\"https:\\\/\\\/diarioellabrador.cl\\\/#\\\/schema\\\/logo\\\/image\\\/\",\"url\":\"https:\\\/\\\/diarioellabrador.cl\\\/wp-content\\\/uploads\\\/2025\\\/02\\\/cropped-Logo-Icono.png\",\"contentUrl\":\"https:\\\/\\\/diarioellabrador.cl\\\/wp-content\\\/uploads\\\/2025\\\/02\\\/cropped-Logo-Icono.png\",\"width\":512,\"height\":512,\"caption\":\"Diario El Labrador\"},\"image\":{\"@id\":\"https:\\\/\\\/diarioellabrador.cl\\\/#\\\/schema\\\/logo\\\/image\\\/\"},\"sameAs\":[\"https:\\\/\\\/web.facebook.com\\\/profile.php?id=61576120840621\",\"https:\\\/\\\/x.com\\\/ElLabradorOf\",\"https:\\\/\\\/www.instagram.com\\\/diarioellabradoroficial\\\/\"]},{\"@type\":\"Person\",\"@id\":\"https:\\\/\\\/diarioellabrador.cl\\\/#\\\/schema\\\/person\\\/bc25ff80b4563f9c7f4bd7855df01685\",\"name\":\"Editor\",\"image\":{\"@type\":\"ImageObject\",\"inLanguage\":\"es\",\"@id\":\"https:\\\/\\\/secure.gravatar.com\\\/avatar\\\/109c326cf2be5c04f048c2c2a2b8b6ef44bf3d8d1d3d4c55d0ac40c4bc994684?s=96&d=mm&r=g\",\"url\":\"https:\\\/\\\/secure.gravatar.com\\\/avatar\\\/109c326cf2be5c04f048c2c2a2b8b6ef44bf3d8d1d3d4c55d0ac40c4bc994684?s=96&d=mm&r=g\",\"contentUrl\":\"https:\\\/\\\/secure.gravatar.com\\\/avatar\\\/109c326cf2be5c04f048c2c2a2b8b6ef44bf3d8d1d3d4c55d0ac40c4bc994684?s=96&d=mm&r=g\",\"caption\":\"Editor\"},\"url\":\"https:\\\/\\\/diarioellabrador.cl\\\/index.php\\\/author\\\/editor\\\/\"}]}<\/script>\n<!-- \/ Yoast SEO plugin. -->","yoast_head_json":{"title":"Contralor\u00eda detecta grave falta de fiscalizaci\u00f3n a los colegios con mayores \u00edndices de violencia escolar - Diario El Labrador","robots":{"index":"index","follow":"follow","max-snippet":"max-snippet:-1","max-image-preview":"max-image-preview:large","max-video-preview":"max-video-preview:-1"},"canonical":"https:\/\/diarioellabrador.cl\/index.php\/2026\/04\/27\/contraloria-detecta-grave-falta-de-fiscalizacion-a-los-colegios-con-mayores-indices-de-violencia-escolar\/","og_locale":"es_ES","og_type":"article","og_title":"Contralor\u00eda detecta grave falta de fiscalizaci\u00f3n a los colegios con mayores \u00edndices de violencia escolar - Diario El Labrador","og_description":"Informe revela que solo el 5% de las acusaciones deriv\u00f3 en investigaciones y cuestiona la reubicaci\u00f3n de alumnos expulsados en otros liceos emblem\u00e1ticos. La Contralor\u00eda General de la Rep\u00fablica (CGR), a trav\u00e9s de su informe N\u00b0660 de 2025, dio a conocer graves deficiencias en las acciones de la Superintendencia de Educaci\u00f3n y la Subsecretar\u00eda de Leer m\u00e1s","og_url":"https:\/\/diarioellabrador.cl\/index.php\/2026\/04\/27\/contraloria-detecta-grave-falta-de-fiscalizacion-a-los-colegios-con-mayores-indices-de-violencia-escolar\/","og_site_name":"Diario El Labrador","article_publisher":"https:\/\/web.facebook.com\/profile.php?id=61576120840621","article_published_time":"2026-04-27T22:33:42+00:00","article_modified_time":"2026-04-27T22:33:44+00:00","og_image":[{"width":710,"height":399,"url":"https:\/\/diarioellabrador.cl\/wp-content\/uploads\/2026\/04\/Contraloria-detecta-grave-falta-de-fiscalizacion-a-los-colegios-con-mayores-indices-de-violencia-escolar.jpg","type":"image\/jpeg"}],"author":"Editor","twitter_card":"summary_large_image","twitter_creator":"@ElLabradorOf","twitter_site":"@ElLabradorOf","twitter_misc":{"Escrito por":"Editor","Tiempo de lectura":"2 minutos"},"schema":{"@context":"https:\/\/schema.org","@graph":[{"@type":"Article","@id":"https:\/\/diarioellabrador.cl\/index.php\/2026\/04\/27\/contraloria-detecta-grave-falta-de-fiscalizacion-a-los-colegios-con-mayores-indices-de-violencia-escolar\/#article","isPartOf":{"@id":"https:\/\/diarioellabrador.cl\/index.php\/2026\/04\/27\/contraloria-detecta-grave-falta-de-fiscalizacion-a-los-colegios-con-mayores-indices-de-violencia-escolar\/"},"author":{"name":"Editor","@id":"https:\/\/diarioellabrador.cl\/#\/schema\/person\/bc25ff80b4563f9c7f4bd7855df01685"},"headline":"Contralor\u00eda detecta grave falta de fiscalizaci\u00f3n a los colegios con mayores \u00edndices de violencia escolar","datePublished":"2026-04-27T22:33:42+00:00","dateModified":"2026-04-27T22:33:44+00:00","mainEntityOfPage":{"@id":"https:\/\/diarioellabrador.cl\/index.php\/2026\/04\/27\/contraloria-detecta-grave-falta-de-fiscalizacion-a-los-colegios-con-mayores-indices-de-violencia-escolar\/"},"wordCount":410,"commentCount":0,"publisher":{"@id":"https:\/\/diarioellabrador.cl\/#organization"},"image":{"@id":"https:\/\/diarioellabrador.cl\/index.php\/2026\/04\/27\/contraloria-detecta-grave-falta-de-fiscalizacion-a-los-colegios-con-mayores-indices-de-violencia-escolar\/#primaryimage"},"thumbnailUrl":"https:\/\/diarioellabrador.cl\/wp-content\/uploads\/2026\/04\/Contraloria-detecta-grave-falta-de-fiscalizacion-a-los-colegios-con-mayores-indices-de-violencia-escolar.jpg","articleSection":["Cr\u00f3nica"],"inLanguage":"es","potentialAction":[{"@type":"CommentAction","name":"Comment","target":["https:\/\/diarioellabrador.cl\/index.php\/2026\/04\/27\/contraloria-detecta-grave-falta-de-fiscalizacion-a-los-colegios-con-mayores-indices-de-violencia-escolar\/#respond"]}]},{"@type":"WebPage","@id":"https:\/\/diarioellabrador.cl\/index.php\/2026\/04\/27\/contraloria-detecta-grave-falta-de-fiscalizacion-a-los-colegios-con-mayores-indices-de-violencia-escolar\/","url":"https:\/\/diarioellabrador.cl\/index.php\/2026\/04\/27\/contraloria-detecta-grave-falta-de-fiscalizacion-a-los-colegios-con-mayores-indices-de-violencia-escolar\/","name":"Contralor\u00eda detecta grave falta de fiscalizaci\u00f3n a los colegios con mayores \u00edndices de violencia escolar - Diario El Labrador","isPartOf":{"@id":"https:\/\/diarioellabrador.cl\/#website"},"primaryImageOfPage":{"@id":"https:\/\/diarioellabrador.cl\/index.php\/2026\/04\/27\/contraloria-detecta-grave-falta-de-fiscalizacion-a-los-colegios-con-mayores-indices-de-violencia-escolar\/#primaryimage"},"image":{"@id":"https:\/\/diarioellabrador.cl\/index.php\/2026\/04\/27\/contraloria-detecta-grave-falta-de-fiscalizacion-a-los-colegios-con-mayores-indices-de-violencia-escolar\/#primaryimage"},"thumbnailUrl":"https:\/\/diarioellabrador.cl\/wp-content\/uploads\/2026\/04\/Contraloria-detecta-grave-falta-de-fiscalizacion-a-los-colegios-con-mayores-indices-de-violencia-escolar.jpg","datePublished":"2026-04-27T22:33:42+00:00","dateModified":"2026-04-27T22:33:44+00:00","breadcrumb":{"@id":"https:\/\/diarioellabrador.cl\/index.php\/2026\/04\/27\/contraloria-detecta-grave-falta-de-fiscalizacion-a-los-colegios-con-mayores-indices-de-violencia-escolar\/#breadcrumb"},"inLanguage":"es","potentialAction":[{"@type":"ReadAction","target":["https:\/\/diarioellabrador.cl\/index.php\/2026\/04\/27\/contraloria-detecta-grave-falta-de-fiscalizacion-a-los-colegios-con-mayores-indices-de-violencia-escolar\/"]}]},{"@type":"ImageObject","inLanguage":"es","@id":"https:\/\/diarioellabrador.cl\/index.php\/2026\/04\/27\/contraloria-detecta-grave-falta-de-fiscalizacion-a-los-colegios-con-mayores-indices-de-violencia-escolar\/#primaryimage","url":"https:\/\/diarioellabrador.cl\/wp-content\/uploads\/2026\/04\/Contraloria-detecta-grave-falta-de-fiscalizacion-a-los-colegios-con-mayores-indices-de-violencia-escolar.jpg","contentUrl":"https:\/\/diarioellabrador.cl\/wp-content\/uploads\/2026\/04\/Contraloria-detecta-grave-falta-de-fiscalizacion-a-los-colegios-con-mayores-indices-de-violencia-escolar.jpg","width":710,"height":399},{"@type":"BreadcrumbList","@id":"https:\/\/diarioellabrador.cl\/index.php\/2026\/04\/27\/contraloria-detecta-grave-falta-de-fiscalizacion-a-los-colegios-con-mayores-indices-de-violencia-escolar\/#breadcrumb","itemListElement":[{"@type":"ListItem","position":1,"name":"Portada","item":"https:\/\/diarioellabrador.cl\/"},{"@type":"ListItem","position":2,"name":"Contralor\u00eda detecta grave falta de fiscalizaci\u00f3n a los colegios con mayores \u00edndices de violencia escolar"}]},{"@type":"WebSite","@id":"https:\/\/diarioellabrador.cl\/#website","url":"https:\/\/diarioellabrador.cl\/","name":"Diario El Labrador","description":"Haciendo noticia desde 1921","publisher":{"@id":"https:\/\/diarioellabrador.cl\/#organization"},"potentialAction":[{"@type":"SearchAction","target":{"@type":"EntryPoint","urlTemplate":"https:\/\/diarioellabrador.cl\/?s={search_term_string}"},"query-input":{"@type":"PropertyValueSpecification","valueRequired":true,"valueName":"search_term_string"}}],"inLanguage":"es"},{"@type":"Organization","@id":"https:\/\/diarioellabrador.cl\/#organization","name":"Diario El Labrador","url":"https:\/\/diarioellabrador.cl\/","logo":{"@type":"ImageObject","inLanguage":"es","@id":"https:\/\/diarioellabrador.cl\/#\/schema\/logo\/image\/","url":"https:\/\/diarioellabrador.cl\/wp-content\/uploads\/2025\/02\/cropped-Logo-Icono.png","contentUrl":"https:\/\/diarioellabrador.cl\/wp-content\/uploads\/2025\/02\/cropped-Logo-Icono.png","width":512,"height":512,"caption":"Diario El Labrador"},"image":{"@id":"https:\/\/diarioellabrador.cl\/#\/schema\/logo\/image\/"},"sameAs":["https:\/\/web.facebook.com\/profile.php?id=61576120840621","https:\/\/x.com\/ElLabradorOf","https:\/\/www.instagram.com\/diarioellabradoroficial\/"]},{"@type":"Person","@id":"https:\/\/diarioellabrador.cl\/#\/schema\/person\/bc25ff80b4563f9c7f4bd7855df01685","name":"Editor","image":{"@type":"ImageObject","inLanguage":"es","@id":"https:\/\/secure.gravatar.com\/avatar\/109c326cf2be5c04f048c2c2a2b8b6ef44bf3d8d1d3d4c55d0ac40c4bc994684?s=96&d=mm&r=g","url":"https:\/\/secure.gravatar.com\/avatar\/109c326cf2be5c04f048c2c2a2b8b6ef44bf3d8d1d3d4c55d0ac40c4bc994684?s=96&d=mm&r=g","contentUrl":"https:\/\/secure.gravatar.com\/avatar\/109c326cf2be5c04f048c2c2a2b8b6ef44bf3d8d1d3d4c55d0ac40c4bc994684?s=96&d=mm&r=g","caption":"Editor"},"url":"https:\/\/diarioellabrador.cl\/index.php\/author\/editor\/"}]}},"_links":{"self":[{"href":"https:\/\/diarioellabrador.cl\/index.php\/wp-json\/wp\/v2\/posts\/18626","targetHints":{"allow":["GET"]}}],"collection":[{"href":"https:\/\/diarioellabrador.cl\/index.php\/wp-json\/wp\/v2\/posts"}],"about":[{"href":"https:\/\/diarioellabrador.cl\/index.php\/wp-json\/wp\/v2\/types\/post"}],"author":[{"embeddable":true,"href":"https:\/\/diarioellabrador.cl\/index.php\/wp-json\/wp\/v2\/users\/2"}],"replies":[{"embeddable":true,"href":"https:\/\/diarioellabrador.cl\/index.php\/wp-json\/wp\/v2\/comments?post=18626"}],"version-history":[{"count":1,"href":"https:\/\/diarioellabrador.cl\/index.php\/wp-json\/wp\/v2\/posts\/18626\/revisions"}],"predecessor-version":[{"id":18627,"href":"https:\/\/diarioellabrador.cl\/index.php\/wp-json\/wp\/v2\/posts\/18626\/revisions\/18627"}],"wp:featuredmedia":[{"embeddable":true,"href":"https:\/\/diarioellabrador.cl\/index.php\/wp-json\/wp\/v2\/media\/18588"}],"wp:attachment":[{"href":"https:\/\/diarioellabrador.cl\/index.php\/wp-json\/wp\/v2\/media?parent=18626"}],"wp:term":[{"taxonomy":"category","embeddable":true,"href":"https:\/\/diarioellabrador.cl\/index.php\/wp-json\/wp\/v2\/categories?post=18626"},{"taxonomy":"post_tag","embeddable":true,"href":"https:\/\/diarioellabrador.cl\/index.php\/wp-json\/wp\/v2\/tags?post=18626"}],"curies":[{"name":"wp","href":"https:\/\/api.w.org\/{rel}","templated":true}]}}