{"id":18624,"date":"2026-04-27T18:32:53","date_gmt":"2026-04-27T22:32:53","guid":{"rendered":"https:\/\/diarioellabrador.cl\/?p=18624"},"modified":"2026-04-27T18:32:55","modified_gmt":"2026-04-27T22:32:55","slug":"sernac-fiscaliza-tiendas-de-mascotas-y-ventas-de-alimentos-a-lo-largo-del-pais","status":"publish","type":"post","link":"https:\/\/diarioellabrador.cl\/index.php\/2026\/04\/27\/sernac-fiscaliza-tiendas-de-mascotas-y-ventas-de-alimentos-a-lo-largo-del-pais\/","title":{"rendered":"SERNAC fiscaliza tiendas de mascotas y ventas de alimentos a lo largo del pa\u00eds"},"content":{"rendered":"\n<ul class=\"wp-block-list\">\n<li><strong>El prop\u00f3sito de esta acci\u00f3n es verificar que este tipo de locales cumplan estrictamente con los derechos de los consumidores.<\/strong><\/li>\n\n\n\n<li><strong>A trav\u00e9s de esta gesti\u00f3n el Servicio revisar\u00e1 que estas empresas informen correctamente el precio y que los productos est\u00e9n correctamente rotulados, entre otros aspectos.<\/strong><\/li>\n\n\n\n<li><strong>Una vez analizados los antecedentes, y en caso de detectar incumplimientos, el SERNAC podr\u00eda tomar acciones en favor de los consumidores.<\/strong><\/li>\n\n\n\n<li><strong>En caso de denunciar una empresa ante la justicia, arriesgan multas de hasta 300 UTM por cada infracci\u00f3n, esto es, casi 21 millones de pesos.<\/strong><\/li>\n<\/ul>\n\n\n\n<p>El SERNAC est\u00e1 desarrollando un minucioso proceso de fiscalizaci\u00f3n a las tiendas que comercializan productos de mascotas y venta de alimentos para animales a lo largo de todo el pa\u00eds, cuyo prop\u00f3sito es verificar que los derechos de los consumidores sean estrictamente respetados.<\/p>\n\n\n\n<p>A trav\u00e9s de este proceso, el Servicio revisar\u00e1 si las tiendas de mascotas, tambi\u00e9n conocidos como \u201cpetshop\u201d, respeten los derechos de los consumidores, entre ellos, que informen correctamente las condiciones relevantes de los productos y servicios, entre ellos, el precio.<\/p>\n\n\n\n<p>Adicionalmente, el organismo verificar\u00e1 si este tipo de locales respetan el derecho a libre a elecci\u00f3n, si el rotulado de los productos est\u00e1 en idioma castellano, si respetan la seguridad en el consumo, si informan y respetan el derecho a la garant\u00eda legal cuando los productos vienen defectuosos, si identifican correctamente el jefe de local; entre otros aspectos.<\/p>\n\n\n\n<p>Una vez terminado el proceso de an\u00e1lisis, y en caso de detectar incumplimientos, el Servicio adoptar\u00e1 las acciones que estime pertinentes para ir en defensa de los derechos de los consumidores, pudiendo incluso denunciar a los locales ante la justicia en caso que la situaci\u00f3n sea grave, en cuya instancia arriesgan multas de 300 UTM, esto es, casi 21 millones de pesos.<\/p>\n\n\n\n<p>Es importante recordar que el a\u00f1o 2025, el Servicio realiz\u00f3 un proceso de fiscalizaci\u00f3n en este mercado, detectando algunos incumplimientos relativos justamente a precios no publicados, problemas en el rotulado, falta de informaci\u00f3n respecto del ejercicio de la garant\u00eda legal, entre otros aspectos.<\/p>\n\n\n\n<p>En este sentido, esta fiscalizaci\u00f3n permitir\u00e1 corroborar si algunos locales que ya fueron fiscalizados y presentaron incumplimientos, ajustaron su conducta a las exigencias de la Ley del Consumidor.<\/p>\n\n\n\n<p><strong>Derechos<\/strong><\/p>\n\n\n\n<p>Al comprar un producto o alimentos para mascotas, las y los consumidores tienen una serie de derechos, entre ellos, a recibir informaci\u00f3n veraz y oportuna de todas las condiciones relevantes, por ejemplo, el precio.<\/p>\n\n\n\n<p>La norma obliga a las empresas tambi\u00e9n a las empresas a vender productos seguros y de calidad, a que cumplan sus promesas publicitarias y que respeten las condiciones ofrecidas, a informar y respetar la garant\u00eda legal de 6 meses cuando un producto nuevo falla, pudiendo exigir el cambio, la reparaci\u00f3n o la devoluci\u00f3n del dinero.<\/p>\n\n\n\n<p><a><\/a>Ante cualquier incumplimiento de las obligaciones de la empresa, los consumidores tienen derecho a exigir las indemnizaciones y compensaciones correspondientes por los da\u00f1os sufridos.<\/p>\n","protected":false},"excerpt":{"rendered":"<p>El SERNAC est\u00e1 desarrollando un minucioso proceso de fiscalizaci\u00f3n a las tiendas que comercializan productos de mascotas y venta de alimentos para animales a lo largo de todo el pa\u00eds, cuyo prop\u00f3sito es verificar que los derechos de los consumidores sean estrictamente respetados. A trav\u00e9s de este proceso, el Servicio revisar\u00e1 si las tiendas de<\/p>\n<div class=\"read-more-wrapper\"><a class=\"read-more\" href=\"https:\/\/diarioellabrador.cl\/index.php\/2026\/04\/27\/sernac-fiscaliza-tiendas-de-mascotas-y-ventas-de-alimentos-a-lo-largo-del-pais\/\" title=\"Leer m\u00e1s\"> <span class=\"button \">Leer m\u00e1s<\/span><\/a><\/div>\n","protected":false},"author":2,"featured_media":18594,"comment_status":"open","ping_status":"open","sticky":false,"template":"","format":"standard","meta":{"footnotes":""},"categories":[1],"tags":[],"class_list":["post-18624","post","type-post","status-publish","format-standard","has-post-thumbnail","hentry","category-cronica"],"yoast_head":"<!-- This site is optimized with the Yoast SEO plugin v27.5 - https:\/\/yoast.com\/product\/yoast-seo-wordpress\/ -->\n<title>SERNAC fiscaliza tiendas de mascotas y ventas de alimentos a lo largo del pa\u00eds - Diario El Labrador<\/title>\n<meta name=\"robots\" content=\"index, follow, max-snippet:-1, max-image-preview:large, max-video-preview:-1\" \/>\n<link rel=\"canonical\" href=\"https:\/\/diarioellabrador.cl\/index.php\/2026\/04\/27\/sernac-fiscaliza-tiendas-de-mascotas-y-ventas-de-alimentos-a-lo-largo-del-pais\/\" \/>\n<meta property=\"og:locale\" content=\"es_ES\" \/>\n<meta property=\"og:type\" content=\"article\" \/>\n<meta property=\"og:title\" content=\"SERNAC fiscaliza tiendas de mascotas y ventas de alimentos a lo largo del pa\u00eds - Diario El Labrador\" \/>\n<meta property=\"og:description\" content=\"El SERNAC est\u00e1 desarrollando un minucioso proceso de fiscalizaci\u00f3n a las tiendas que comercializan productos de mascotas y venta de alimentos para animales a lo largo de todo el pa\u00eds, cuyo prop\u00f3sito es verificar que los derechos de los consumidores sean estrictamente respetados. A trav\u00e9s de este proceso, el Servicio revisar\u00e1 si las tiendas de Leer m\u00e1s\" \/>\n<meta property=\"og:url\" content=\"https:\/\/diarioellabrador.cl\/index.php\/2026\/04\/27\/sernac-fiscaliza-tiendas-de-mascotas-y-ventas-de-alimentos-a-lo-largo-del-pais\/\" \/>\n<meta property=\"og:site_name\" content=\"Diario El Labrador\" \/>\n<meta property=\"article:publisher\" content=\"https:\/\/web.facebook.com\/profile.php?id=61576120840621\" \/>\n<meta property=\"article:published_time\" content=\"2026-04-27T22:32:53+00:00\" \/>\n<meta property=\"article:modified_time\" content=\"2026-04-27T22:32:55+00:00\" \/>\n<meta property=\"og:image\" content=\"https:\/\/diarioellabrador.cl\/wp-content\/uploads\/2026\/04\/SERNAC-fiscaliza-tiendas-de-mascotas-y-ventas-de-alimentos-a-lo-largo-del-pais-.jpg\" \/>\n\t<meta property=\"og:image:width\" content=\"1200\" \/>\n\t<meta property=\"og:image:height\" content=\"800\" \/>\n\t<meta property=\"og:image:type\" content=\"image\/jpeg\" \/>\n<meta name=\"author\" content=\"Editor\" \/>\n<meta name=\"twitter:card\" content=\"summary_large_image\" \/>\n<meta name=\"twitter:creator\" content=\"@ElLabradorOf\" \/>\n<meta name=\"twitter:site\" content=\"@ElLabradorOf\" \/>\n<meta name=\"twitter:label1\" content=\"Escrito por\" \/>\n\t<meta name=\"twitter:data1\" content=\"Editor\" \/>\n\t<meta name=\"twitter:label2\" content=\"Tiempo de lectura\" \/>\n\t<meta name=\"twitter:data2\" content=\"3 minutos\" \/>\n<script type=\"application\/ld+json\" class=\"yoast-schema-graph\">{\"@context\":\"https:\\\/\\\/schema.org\",\"@graph\":[{\"@type\":\"Article\",\"@id\":\"https:\\\/\\\/diarioellabrador.cl\\\/index.php\\\/2026\\\/04\\\/27\\\/sernac-fiscaliza-tiendas-de-mascotas-y-ventas-de-alimentos-a-lo-largo-del-pais\\\/#article\",\"isPartOf\":{\"@id\":\"https:\\\/\\\/diarioellabrador.cl\\\/index.php\\\/2026\\\/04\\\/27\\\/sernac-fiscaliza-tiendas-de-mascotas-y-ventas-de-alimentos-a-lo-largo-del-pais\\\/\"},\"author\":{\"name\":\"Editor\",\"@id\":\"https:\\\/\\\/diarioellabrador.cl\\\/#\\\/schema\\\/person\\\/bc25ff80b4563f9c7f4bd7855df01685\"},\"headline\":\"SERNAC fiscaliza tiendas de mascotas y ventas de alimentos a lo largo del pa\u00eds\",\"datePublished\":\"2026-04-27T22:32:53+00:00\",\"dateModified\":\"2026-04-27T22:32:55+00:00\",\"mainEntityOfPage\":{\"@id\":\"https:\\\/\\\/diarioellabrador.cl\\\/index.php\\\/2026\\\/04\\\/27\\\/sernac-fiscaliza-tiendas-de-mascotas-y-ventas-de-alimentos-a-lo-largo-del-pais\\\/\"},\"wordCount\":515,\"commentCount\":0,\"publisher\":{\"@id\":\"https:\\\/\\\/diarioellabrador.cl\\\/#organization\"},\"image\":{\"@id\":\"https:\\\/\\\/diarioellabrador.cl\\\/index.php\\\/2026\\\/04\\\/27\\\/sernac-fiscaliza-tiendas-de-mascotas-y-ventas-de-alimentos-a-lo-largo-del-pais\\\/#primaryimage\"},\"thumbnailUrl\":\"https:\\\/\\\/diarioellabrador.cl\\\/wp-content\\\/uploads\\\/2026\\\/04\\\/SERNAC-fiscaliza-tiendas-de-mascotas-y-ventas-de-alimentos-a-lo-largo-del-pais-.jpg\",\"articleSection\":[\"Cr\u00f3nica\"],\"inLanguage\":\"es\",\"potentialAction\":[{\"@type\":\"CommentAction\",\"name\":\"Comment\",\"target\":[\"https:\\\/\\\/diarioellabrador.cl\\\/index.php\\\/2026\\\/04\\\/27\\\/sernac-fiscaliza-tiendas-de-mascotas-y-ventas-de-alimentos-a-lo-largo-del-pais\\\/#respond\"]}]},{\"@type\":\"WebPage\",\"@id\":\"https:\\\/\\\/diarioellabrador.cl\\\/index.php\\\/2026\\\/04\\\/27\\\/sernac-fiscaliza-tiendas-de-mascotas-y-ventas-de-alimentos-a-lo-largo-del-pais\\\/\",\"url\":\"https:\\\/\\\/diarioellabrador.cl\\\/index.php\\\/2026\\\/04\\\/27\\\/sernac-fiscaliza-tiendas-de-mascotas-y-ventas-de-alimentos-a-lo-largo-del-pais\\\/\",\"name\":\"SERNAC fiscaliza tiendas de mascotas y ventas de alimentos a lo largo del pa\u00eds - Diario El Labrador\",\"isPartOf\":{\"@id\":\"https:\\\/\\\/diarioellabrador.cl\\\/#website\"},\"primaryImageOfPage\":{\"@id\":\"https:\\\/\\\/diarioellabrador.cl\\\/index.php\\\/2026\\\/04\\\/27\\\/sernac-fiscaliza-tiendas-de-mascotas-y-ventas-de-alimentos-a-lo-largo-del-pais\\\/#primaryimage\"},\"image\":{\"@id\":\"https:\\\/\\\/diarioellabrador.cl\\\/index.php\\\/2026\\\/04\\\/27\\\/sernac-fiscaliza-tiendas-de-mascotas-y-ventas-de-alimentos-a-lo-largo-del-pais\\\/#primaryimage\"},\"thumbnailUrl\":\"https:\\\/\\\/diarioellabrador.cl\\\/wp-content\\\/uploads\\\/2026\\\/04\\\/SERNAC-fiscaliza-tiendas-de-mascotas-y-ventas-de-alimentos-a-lo-largo-del-pais-.jpg\",\"datePublished\":\"2026-04-27T22:32:53+00:00\",\"dateModified\":\"2026-04-27T22:32:55+00:00\",\"breadcrumb\":{\"@id\":\"https:\\\/\\\/diarioellabrador.cl\\\/index.php\\\/2026\\\/04\\\/27\\\/sernac-fiscaliza-tiendas-de-mascotas-y-ventas-de-alimentos-a-lo-largo-del-pais\\\/#breadcrumb\"},\"inLanguage\":\"es\",\"potentialAction\":[{\"@type\":\"ReadAction\",\"target\":[\"https:\\\/\\\/diarioellabrador.cl\\\/index.php\\\/2026\\\/04\\\/27\\\/sernac-fiscaliza-tiendas-de-mascotas-y-ventas-de-alimentos-a-lo-largo-del-pais\\\/\"]}]},{\"@type\":\"ImageObject\",\"inLanguage\":\"es\",\"@id\":\"https:\\\/\\\/diarioellabrador.cl\\\/index.php\\\/2026\\\/04\\\/27\\\/sernac-fiscaliza-tiendas-de-mascotas-y-ventas-de-alimentos-a-lo-largo-del-pais\\\/#primaryimage\",\"url\":\"https:\\\/\\\/diarioellabrador.cl\\\/wp-content\\\/uploads\\\/2026\\\/04\\\/SERNAC-fiscaliza-tiendas-de-mascotas-y-ventas-de-alimentos-a-lo-largo-del-pais-.jpg\",\"contentUrl\":\"https:\\\/\\\/diarioellabrador.cl\\\/wp-content\\\/uploads\\\/2026\\\/04\\\/SERNAC-fiscaliza-tiendas-de-mascotas-y-ventas-de-alimentos-a-lo-largo-del-pais-.jpg\",\"width\":1200,\"height\":800},{\"@type\":\"BreadcrumbList\",\"@id\":\"https:\\\/\\\/diarioellabrador.cl\\\/index.php\\\/2026\\\/04\\\/27\\\/sernac-fiscaliza-tiendas-de-mascotas-y-ventas-de-alimentos-a-lo-largo-del-pais\\\/#breadcrumb\",\"itemListElement\":[{\"@type\":\"ListItem\",\"position\":1,\"name\":\"Portada\",\"item\":\"https:\\\/\\\/diarioellabrador.cl\\\/\"},{\"@type\":\"ListItem\",\"position\":2,\"name\":\"SERNAC fiscaliza tiendas de mascotas y ventas de alimentos a lo largo del pa\u00eds\"}]},{\"@type\":\"WebSite\",\"@id\":\"https:\\\/\\\/diarioellabrador.cl\\\/#website\",\"url\":\"https:\\\/\\\/diarioellabrador.cl\\\/\",\"name\":\"Diario El Labrador\",\"description\":\"Haciendo noticia desde 1921\",\"publisher\":{\"@id\":\"https:\\\/\\\/diarioellabrador.cl\\\/#organization\"},\"potentialAction\":[{\"@type\":\"SearchAction\",\"target\":{\"@type\":\"EntryPoint\",\"urlTemplate\":\"https:\\\/\\\/diarioellabrador.cl\\\/?s={search_term_string}\"},\"query-input\":{\"@type\":\"PropertyValueSpecification\",\"valueRequired\":true,\"valueName\":\"search_term_string\"}}],\"inLanguage\":\"es\"},{\"@type\":\"Organization\",\"@id\":\"https:\\\/\\\/diarioellabrador.cl\\\/#organization\",\"name\":\"Diario El Labrador\",\"url\":\"https:\\\/\\\/diarioellabrador.cl\\\/\",\"logo\":{\"@type\":\"ImageObject\",\"inLanguage\":\"es\",\"@id\":\"https:\\\/\\\/diarioellabrador.cl\\\/#\\\/schema\\\/logo\\\/image\\\/\",\"url\":\"https:\\\/\\\/diarioellabrador.cl\\\/wp-content\\\/uploads\\\/2025\\\/02\\\/cropped-Logo-Icono.png\",\"contentUrl\":\"https:\\\/\\\/diarioellabrador.cl\\\/wp-content\\\/uploads\\\/2025\\\/02\\\/cropped-Logo-Icono.png\",\"width\":512,\"height\":512,\"caption\":\"Diario El Labrador\"},\"image\":{\"@id\":\"https:\\\/\\\/diarioellabrador.cl\\\/#\\\/schema\\\/logo\\\/image\\\/\"},\"sameAs\":[\"https:\\\/\\\/web.facebook.com\\\/profile.php?id=61576120840621\",\"https:\\\/\\\/x.com\\\/ElLabradorOf\",\"https:\\\/\\\/www.instagram.com\\\/diarioellabradoroficial\\\/\"]},{\"@type\":\"Person\",\"@id\":\"https:\\\/\\\/diarioellabrador.cl\\\/#\\\/schema\\\/person\\\/bc25ff80b4563f9c7f4bd7855df01685\",\"name\":\"Editor\",\"image\":{\"@type\":\"ImageObject\",\"inLanguage\":\"es\",\"@id\":\"https:\\\/\\\/secure.gravatar.com\\\/avatar\\\/109c326cf2be5c04f048c2c2a2b8b6ef44bf3d8d1d3d4c55d0ac40c4bc994684?s=96&d=mm&r=g\",\"url\":\"https:\\\/\\\/secure.gravatar.com\\\/avatar\\\/109c326cf2be5c04f048c2c2a2b8b6ef44bf3d8d1d3d4c55d0ac40c4bc994684?s=96&d=mm&r=g\",\"contentUrl\":\"https:\\\/\\\/secure.gravatar.com\\\/avatar\\\/109c326cf2be5c04f048c2c2a2b8b6ef44bf3d8d1d3d4c55d0ac40c4bc994684?s=96&d=mm&r=g\",\"caption\":\"Editor\"},\"url\":\"https:\\\/\\\/diarioellabrador.cl\\\/index.php\\\/author\\\/editor\\\/\"}]}<\/script>\n<!-- \/ Yoast SEO plugin. -->","yoast_head_json":{"title":"SERNAC fiscaliza tiendas de mascotas y ventas de alimentos a lo largo del pa\u00eds - Diario El Labrador","robots":{"index":"index","follow":"follow","max-snippet":"max-snippet:-1","max-image-preview":"max-image-preview:large","max-video-preview":"max-video-preview:-1"},"canonical":"https:\/\/diarioellabrador.cl\/index.php\/2026\/04\/27\/sernac-fiscaliza-tiendas-de-mascotas-y-ventas-de-alimentos-a-lo-largo-del-pais\/","og_locale":"es_ES","og_type":"article","og_title":"SERNAC fiscaliza tiendas de mascotas y ventas de alimentos a lo largo del pa\u00eds - Diario El Labrador","og_description":"El SERNAC est\u00e1 desarrollando un minucioso proceso de fiscalizaci\u00f3n a las tiendas que comercializan productos de mascotas y venta de alimentos para animales a lo largo de todo el pa\u00eds, cuyo prop\u00f3sito es verificar que los derechos de los consumidores sean estrictamente respetados. A trav\u00e9s de este proceso, el Servicio revisar\u00e1 si las tiendas de Leer m\u00e1s","og_url":"https:\/\/diarioellabrador.cl\/index.php\/2026\/04\/27\/sernac-fiscaliza-tiendas-de-mascotas-y-ventas-de-alimentos-a-lo-largo-del-pais\/","og_site_name":"Diario El Labrador","article_publisher":"https:\/\/web.facebook.com\/profile.php?id=61576120840621","article_published_time":"2026-04-27T22:32:53+00:00","article_modified_time":"2026-04-27T22:32:55+00:00","og_image":[{"width":1200,"height":800,"url":"https:\/\/diarioellabrador.cl\/wp-content\/uploads\/2026\/04\/SERNAC-fiscaliza-tiendas-de-mascotas-y-ventas-de-alimentos-a-lo-largo-del-pais-.jpg","type":"image\/jpeg"}],"author":"Editor","twitter_card":"summary_large_image","twitter_creator":"@ElLabradorOf","twitter_site":"@ElLabradorOf","twitter_misc":{"Escrito por":"Editor","Tiempo de lectura":"3 minutos"},"schema":{"@context":"https:\/\/schema.org","@graph":[{"@type":"Article","@id":"https:\/\/diarioellabrador.cl\/index.php\/2026\/04\/27\/sernac-fiscaliza-tiendas-de-mascotas-y-ventas-de-alimentos-a-lo-largo-del-pais\/#article","isPartOf":{"@id":"https:\/\/diarioellabrador.cl\/index.php\/2026\/04\/27\/sernac-fiscaliza-tiendas-de-mascotas-y-ventas-de-alimentos-a-lo-largo-del-pais\/"},"author":{"name":"Editor","@id":"https:\/\/diarioellabrador.cl\/#\/schema\/person\/bc25ff80b4563f9c7f4bd7855df01685"},"headline":"SERNAC fiscaliza tiendas de mascotas y ventas de alimentos a lo largo del pa\u00eds","datePublished":"2026-04-27T22:32:53+00:00","dateModified":"2026-04-27T22:32:55+00:00","mainEntityOfPage":{"@id":"https:\/\/diarioellabrador.cl\/index.php\/2026\/04\/27\/sernac-fiscaliza-tiendas-de-mascotas-y-ventas-de-alimentos-a-lo-largo-del-pais\/"},"wordCount":515,"commentCount":0,"publisher":{"@id":"https:\/\/diarioellabrador.cl\/#organization"},"image":{"@id":"https:\/\/diarioellabrador.cl\/index.php\/2026\/04\/27\/sernac-fiscaliza-tiendas-de-mascotas-y-ventas-de-alimentos-a-lo-largo-del-pais\/#primaryimage"},"thumbnailUrl":"https:\/\/diarioellabrador.cl\/wp-content\/uploads\/2026\/04\/SERNAC-fiscaliza-tiendas-de-mascotas-y-ventas-de-alimentos-a-lo-largo-del-pais-.jpg","articleSection":["Cr\u00f3nica"],"inLanguage":"es","potentialAction":[{"@type":"CommentAction","name":"Comment","target":["https:\/\/diarioellabrador.cl\/index.php\/2026\/04\/27\/sernac-fiscaliza-tiendas-de-mascotas-y-ventas-de-alimentos-a-lo-largo-del-pais\/#respond"]}]},{"@type":"WebPage","@id":"https:\/\/diarioellabrador.cl\/index.php\/2026\/04\/27\/sernac-fiscaliza-tiendas-de-mascotas-y-ventas-de-alimentos-a-lo-largo-del-pais\/","url":"https:\/\/diarioellabrador.cl\/index.php\/2026\/04\/27\/sernac-fiscaliza-tiendas-de-mascotas-y-ventas-de-alimentos-a-lo-largo-del-pais\/","name":"SERNAC fiscaliza tiendas de mascotas y ventas de alimentos a lo largo del pa\u00eds - Diario El Labrador","isPartOf":{"@id":"https:\/\/diarioellabrador.cl\/#website"},"primaryImageOfPage":{"@id":"https:\/\/diarioellabrador.cl\/index.php\/2026\/04\/27\/sernac-fiscaliza-tiendas-de-mascotas-y-ventas-de-alimentos-a-lo-largo-del-pais\/#primaryimage"},"image":{"@id":"https:\/\/diarioellabrador.cl\/index.php\/2026\/04\/27\/sernac-fiscaliza-tiendas-de-mascotas-y-ventas-de-alimentos-a-lo-largo-del-pais\/#primaryimage"},"thumbnailUrl":"https:\/\/diarioellabrador.cl\/wp-content\/uploads\/2026\/04\/SERNAC-fiscaliza-tiendas-de-mascotas-y-ventas-de-alimentos-a-lo-largo-del-pais-.jpg","datePublished":"2026-04-27T22:32:53+00:00","dateModified":"2026-04-27T22:32:55+00:00","breadcrumb":{"@id":"https:\/\/diarioellabrador.cl\/index.php\/2026\/04\/27\/sernac-fiscaliza-tiendas-de-mascotas-y-ventas-de-alimentos-a-lo-largo-del-pais\/#breadcrumb"},"inLanguage":"es","potentialAction":[{"@type":"ReadAction","target":["https:\/\/diarioellabrador.cl\/index.php\/2026\/04\/27\/sernac-fiscaliza-tiendas-de-mascotas-y-ventas-de-alimentos-a-lo-largo-del-pais\/"]}]},{"@type":"ImageObject","inLanguage":"es","@id":"https:\/\/diarioellabrador.cl\/index.php\/2026\/04\/27\/sernac-fiscaliza-tiendas-de-mascotas-y-ventas-de-alimentos-a-lo-largo-del-pais\/#primaryimage","url":"https:\/\/diarioellabrador.cl\/wp-content\/uploads\/2026\/04\/SERNAC-fiscaliza-tiendas-de-mascotas-y-ventas-de-alimentos-a-lo-largo-del-pais-.jpg","contentUrl":"https:\/\/diarioellabrador.cl\/wp-content\/uploads\/2026\/04\/SERNAC-fiscaliza-tiendas-de-mascotas-y-ventas-de-alimentos-a-lo-largo-del-pais-.jpg","width":1200,"height":800},{"@type":"BreadcrumbList","@id":"https:\/\/diarioellabrador.cl\/index.php\/2026\/04\/27\/sernac-fiscaliza-tiendas-de-mascotas-y-ventas-de-alimentos-a-lo-largo-del-pais\/#breadcrumb","itemListElement":[{"@type":"ListItem","position":1,"name":"Portada","item":"https:\/\/diarioellabrador.cl\/"},{"@type":"ListItem","position":2,"name":"SERNAC fiscaliza tiendas de mascotas y ventas de alimentos a lo largo del pa\u00eds"}]},{"@type":"WebSite","@id":"https:\/\/diarioellabrador.cl\/#website","url":"https:\/\/diarioellabrador.cl\/","name":"Diario El Labrador","description":"Haciendo noticia desde 1921","publisher":{"@id":"https:\/\/diarioellabrador.cl\/#organization"},"potentialAction":[{"@type":"SearchAction","target":{"@type":"EntryPoint","urlTemplate":"https:\/\/diarioellabrador.cl\/?s={search_term_string}"},"query-input":{"@type":"PropertyValueSpecification","valueRequired":true,"valueName":"search_term_string"}}],"inLanguage":"es"},{"@type":"Organization","@id":"https:\/\/diarioellabrador.cl\/#organization","name":"Diario El Labrador","url":"https:\/\/diarioellabrador.cl\/","logo":{"@type":"ImageObject","inLanguage":"es","@id":"https:\/\/diarioellabrador.cl\/#\/schema\/logo\/image\/","url":"https:\/\/diarioellabrador.cl\/wp-content\/uploads\/2025\/02\/cropped-Logo-Icono.png","contentUrl":"https:\/\/diarioellabrador.cl\/wp-content\/uploads\/2025\/02\/cropped-Logo-Icono.png","width":512,"height":512,"caption":"Diario El Labrador"},"image":{"@id":"https:\/\/diarioellabrador.cl\/#\/schema\/logo\/image\/"},"sameAs":["https:\/\/web.facebook.com\/profile.php?id=61576120840621","https:\/\/x.com\/ElLabradorOf","https:\/\/www.instagram.com\/diarioellabradoroficial\/"]},{"@type":"Person","@id":"https:\/\/diarioellabrador.cl\/#\/schema\/person\/bc25ff80b4563f9c7f4bd7855df01685","name":"Editor","image":{"@type":"ImageObject","inLanguage":"es","@id":"https:\/\/secure.gravatar.com\/avatar\/109c326cf2be5c04f048c2c2a2b8b6ef44bf3d8d1d3d4c55d0ac40c4bc994684?s=96&d=mm&r=g","url":"https:\/\/secure.gravatar.com\/avatar\/109c326cf2be5c04f048c2c2a2b8b6ef44bf3d8d1d3d4c55d0ac40c4bc994684?s=96&d=mm&r=g","contentUrl":"https:\/\/secure.gravatar.com\/avatar\/109c326cf2be5c04f048c2c2a2b8b6ef44bf3d8d1d3d4c55d0ac40c4bc994684?s=96&d=mm&r=g","caption":"Editor"},"url":"https:\/\/diarioellabrador.cl\/index.php\/author\/editor\/"}]}},"_links":{"self":[{"href":"https:\/\/diarioellabrador.cl\/index.php\/wp-json\/wp\/v2\/posts\/18624","targetHints":{"allow":["GET"]}}],"collection":[{"href":"https:\/\/diarioellabrador.cl\/index.php\/wp-json\/wp\/v2\/posts"}],"about":[{"href":"https:\/\/diarioellabrador.cl\/index.php\/wp-json\/wp\/v2\/types\/post"}],"author":[{"embeddable":true,"href":"https:\/\/diarioellabrador.cl\/index.php\/wp-json\/wp\/v2\/users\/2"}],"replies":[{"embeddable":true,"href":"https:\/\/diarioellabrador.cl\/index.php\/wp-json\/wp\/v2\/comments?post=18624"}],"version-history":[{"count":1,"href":"https:\/\/diarioellabrador.cl\/index.php\/wp-json\/wp\/v2\/posts\/18624\/revisions"}],"predecessor-version":[{"id":18625,"href":"https:\/\/diarioellabrador.cl\/index.php\/wp-json\/wp\/v2\/posts\/18624\/revisions\/18625"}],"wp:featuredmedia":[{"embeddable":true,"href":"https:\/\/diarioellabrador.cl\/index.php\/wp-json\/wp\/v2\/media\/18594"}],"wp:attachment":[{"href":"https:\/\/diarioellabrador.cl\/index.php\/wp-json\/wp\/v2\/media?parent=18624"}],"wp:term":[{"taxonomy":"category","embeddable":true,"href":"https:\/\/diarioellabrador.cl\/index.php\/wp-json\/wp\/v2\/categories?post=18624"},{"taxonomy":"post_tag","embeddable":true,"href":"https:\/\/diarioellabrador.cl\/index.php\/wp-json\/wp\/v2\/tags?post=18624"}],"curies":[{"name":"wp","href":"https:\/\/api.w.org\/{rel}","templated":true}]}}