{"id":18622,"date":"2026-04-27T18:32:12","date_gmt":"2026-04-27T22:32:12","guid":{"rendered":"https:\/\/diarioellabrador.cl\/?p=18622"},"modified":"2026-04-27T18:32:16","modified_gmt":"2026-04-27T22:32:16","slug":"autoridades-participan-en-ceremonia-de-formacion-de-carabineros-en-el-marco-del-99-aniversario-de-la-institucion","status":"publish","type":"post","link":"https:\/\/diarioellabrador.cl\/index.php\/2026\/04\/27\/autoridades-participan-en-ceremonia-de-formacion-de-carabineros-en-el-marco-del-99-aniversario-de-la-institucion\/","title":{"rendered":"Autoridades participan en ceremonia de formaci\u00f3n de carabineros en el marco del 99\u00b0 Aniversario de la instituci\u00f3n"},"content":{"rendered":"\n<ul class=\"wp-block-list\">\n<li><strong>La actividad fue presidida por el Prefecto de la Prefectura Costa de Carabineros, Coronel Cristian Matus, oportunidad donde estuvo presente el delegado presidencial provincial de Melipilla, Gast\u00f3n Libuy, junto a la alcaldesa de Melipilla, Paula G\u00e1rate, entre otras autoridades.<\/strong><\/li>\n<\/ul>\n\n\n\n<p>En el frontis de la 24\u00b0 Comisar\u00eda de Carabineros de Melipilla se desarroll\u00f3 la ceremonia en conmemoraci\u00f3n del D\u00eda del Carabinero, instancia que fue presidida por el Prefecto de la Prefectura Costa, Coronel Cristian Matus, oportunidad donde estuvo presente el delegado presidencial provincial de Melipilla, Gast\u00f3n Libuy, junto a la alcaldesa de Melipilla, Paula G\u00e1rate, entre otras autoridades y familiares de carabineros.<\/p>\n\n\n\n<p>Tras la ceremonia, la m\u00e1xima autoridad provincial, Gast\u00f3n Libuy, reiter\u00f3 el compromiso del Gobierno con la instituci\u00f3n, destacando su rol fundamental en el pa\u00eds. \u201cEn varias instancias le hemos hecho saber a carabineros nuestro compromiso y apoyo irrestricto en su actuar. En este nonag\u00e9simo noveno aniversario quiero reiterar ese compromiso. Carabineros para nosotros es un pilar fundamental para la Rep\u00fablica, ha sostenido nuestra democracia en los momentos m\u00e1s oscuros, y nosotros siempre vamos a apoyar su actuar y labor institucional. Reiterar mis felicitaciones, fue un d\u00eda de celebraci\u00f3n, pero tambi\u00e9n de recuerdo por los m\u00e1rtires de carabineros, los m\u00e1rtires de la instituci\u00f3n, y nosotros estamos muy orgullosos de esta instituci\u00f3n de la Rep\u00fablica\u201d, enfatiz\u00f3.<\/p>\n\n\n\n<p>Por su parte, el prefecto de la Prefectura Costa, coronel Cristian Matus, indic\u00f3 que \u201choy se cumplen 99 a\u00f1os de la instituci\u00f3n, encaminados al centenario, y hemos visto c\u00f3mo algunos de nuestros carabineros fueron condecorados por haber cumplido 20 a\u00f1os en la instituci\u00f3n, y una suboficial mayor que lleg\u00f3 a los 30 a\u00f1os de carrera. Esta formaci\u00f3n se est\u00e1 realizando a lo largo del pa\u00eds en todas las unidades, b\u00e1sicamente es lo mismo que vimos ac\u00e1, es el izamiento del pabell\u00f3n nacional para rendir honores a nuestra patria, d\u00eda especial para todos los carabineros de Chile, ya que nos encontramos en un d\u00eda m\u00e1s de nuestro cumplea\u00f1os\u201d, agradeciendo adem\u00e1s la participaci\u00f3n de las autoridades.<\/p>\n\n\n\n<p>Paralelamente, la alcaldesa de Melipilla, Paula G\u00e1rate, destac\u00f3 que \u201cla instituci\u00f3n de carabineros de Chile es fundamental en nuestro pa\u00eds, no s\u00f3lo con lo que tiene que ver con la seguridad y delincuencia, sino que en nuestra sociedad. Hoy, adem\u00e1s de ser un d\u00eda de celebraci\u00f3n, tambi\u00e9n es un d\u00eda de recuerdos. Hace un par de a\u00f1os atr\u00e1s nos despertamos con una horrible noticia, que nunca m\u00e1s debe suceder. Carabineros son el coraz\u00f3n de Chile, el alma de nuestro pa\u00eds, hace algunos a\u00f1os estuvieron muy agobiados por toda la gente que mal se llam\u00f3 octubrismo, donde se perdi\u00f3 el respeto,&nbsp; donde fueron condenados injustamente, donde fueron atacados, y hoy estamos volviendo a la senda donde se hace justicia con la instituci\u00f3n\u201d, agregando que la comuna de Melipilla respeta y valora profundamente la labor de sus carabineros.<\/p>\n\n\n\n<p>Finalmente, la suboficial mayor, Margarita G\u00f3mez Troncoso, quien fue reconocida por sus 30 a\u00f1os de servicio, agradeci\u00f3 el reconocimiento. \u201cEs un orgullo inmenso, es una emoci\u00f3n y sensaci\u00f3n de una meta cumplida. Esto no se logra sola, sino que con el apoyo de compa\u00f1eros, de la familia, que es lo principal. Feliz de haber cumplido 30 a\u00f1os de servicio, meta que se ve bastante lejos, pero se llega. Como en todo trabajo hay momentos buenos y otros malos, pero a lo largo es una satisfacci\u00f3n inmensa, y lo malo queda en el olvido. Es un trabajo que nosotros elegimos, es un orgullo llevar este uniforme, y feliz de alcanzar lo que he logrado, con el apoyo de mi familia principalmente\u201d, concluy\u00f3.<\/p>\n","protected":false},"excerpt":{"rendered":"<p>En el frontis de la 24\u00b0 Comisar\u00eda de Carabineros de Melipilla se desarroll\u00f3 la ceremonia en conmemoraci\u00f3n del D\u00eda del Carabinero, instancia que fue presidida por el Prefecto de la Prefectura Costa, Coronel Cristian Matus, oportunidad donde estuvo presente el delegado presidencial provincial de Melipilla, Gast\u00f3n Libuy, junto a la alcaldesa de Melipilla, Paula G\u00e1rate,<\/p>\n<div class=\"read-more-wrapper\"><a class=\"read-more\" href=\"https:\/\/diarioellabrador.cl\/index.php\/2026\/04\/27\/autoridades-participan-en-ceremonia-de-formacion-de-carabineros-en-el-marco-del-99-aniversario-de-la-institucion\/\" title=\"Leer m\u00e1s\"> <span class=\"button \">Leer m\u00e1s<\/span><\/a><\/div>\n","protected":false},"author":2,"featured_media":18593,"comment_status":"open","ping_status":"open","sticky":false,"template":"","format":"standard","meta":{"footnotes":""},"categories":[1,14],"tags":[],"class_list":["post-18622","post","type-post","status-publish","format-standard","has-post-thumbnail","hentry","category-cronica","category-destacados"],"yoast_head":"<!-- This site is optimized with the Yoast SEO plugin v27.5 - https:\/\/yoast.com\/product\/yoast-seo-wordpress\/ -->\n<title>Autoridades participan en ceremonia de formaci\u00f3n de carabineros en el marco del 99\u00b0 Aniversario de la instituci\u00f3n - Diario El Labrador<\/title>\n<meta name=\"robots\" content=\"index, follow, max-snippet:-1, max-image-preview:large, max-video-preview:-1\" \/>\n<link rel=\"canonical\" href=\"https:\/\/diarioellabrador.cl\/index.php\/2026\/04\/27\/autoridades-participan-en-ceremonia-de-formacion-de-carabineros-en-el-marco-del-99-aniversario-de-la-institucion\/\" \/>\n<meta property=\"og:locale\" content=\"es_ES\" \/>\n<meta property=\"og:type\" content=\"article\" \/>\n<meta property=\"og:title\" content=\"Autoridades participan en ceremonia de formaci\u00f3n de carabineros en el marco del 99\u00b0 Aniversario de la instituci\u00f3n - Diario El Labrador\" \/>\n<meta property=\"og:description\" content=\"En el frontis de la 24\u00b0 Comisar\u00eda de Carabineros de Melipilla se desarroll\u00f3 la ceremonia en conmemoraci\u00f3n del D\u00eda del Carabinero, instancia que fue presidida por el Prefecto de la Prefectura Costa, Coronel Cristian Matus, oportunidad donde estuvo presente el delegado presidencial provincial de Melipilla, Gast\u00f3n Libuy, junto a la alcaldesa de Melipilla, Paula G\u00e1rate, Leer m\u00e1s\" \/>\n<meta property=\"og:url\" content=\"https:\/\/diarioellabrador.cl\/index.php\/2026\/04\/27\/autoridades-participan-en-ceremonia-de-formacion-de-carabineros-en-el-marco-del-99-aniversario-de-la-institucion\/\" \/>\n<meta property=\"og:site_name\" content=\"Diario El Labrador\" \/>\n<meta property=\"article:publisher\" content=\"https:\/\/web.facebook.com\/profile.php?id=61576120840621\" \/>\n<meta property=\"article:published_time\" content=\"2026-04-27T22:32:12+00:00\" \/>\n<meta property=\"article:modified_time\" content=\"2026-04-27T22:32:16+00:00\" \/>\n<meta property=\"og:image\" content=\"https:\/\/diarioellabrador.cl\/wp-content\/uploads\/2026\/04\/Autoridades-participan-en-ceremonia-de-formacion-de-carabineros-en-el-marco-del-99\u00b0-Aniversario-de-la-institucion-2-scaled.jpeg\" \/>\n\t<meta property=\"og:image:width\" content=\"2560\" \/>\n\t<meta property=\"og:image:height\" content=\"1920\" \/>\n\t<meta property=\"og:image:type\" content=\"image\/jpeg\" \/>\n<meta name=\"author\" content=\"Editor\" \/>\n<meta name=\"twitter:card\" content=\"summary_large_image\" \/>\n<meta name=\"twitter:creator\" content=\"@ElLabradorOf\" \/>\n<meta name=\"twitter:site\" content=\"@ElLabradorOf\" \/>\n<meta name=\"twitter:label1\" content=\"Escrito por\" \/>\n\t<meta name=\"twitter:data1\" content=\"Editor\" \/>\n\t<meta name=\"twitter:label2\" content=\"Tiempo de lectura\" \/>\n\t<meta name=\"twitter:data2\" content=\"3 minutos\" \/>\n<script type=\"application\/ld+json\" class=\"yoast-schema-graph\">{\"@context\":\"https:\\\/\\\/schema.org\",\"@graph\":[{\"@type\":\"Article\",\"@id\":\"https:\\\/\\\/diarioellabrador.cl\\\/index.php\\\/2026\\\/04\\\/27\\\/autoridades-participan-en-ceremonia-de-formacion-de-carabineros-en-el-marco-del-99-aniversario-de-la-institucion\\\/#article\",\"isPartOf\":{\"@id\":\"https:\\\/\\\/diarioellabrador.cl\\\/index.php\\\/2026\\\/04\\\/27\\\/autoridades-participan-en-ceremonia-de-formacion-de-carabineros-en-el-marco-del-99-aniversario-de-la-institucion\\\/\"},\"author\":{\"name\":\"Editor\",\"@id\":\"https:\\\/\\\/diarioellabrador.cl\\\/#\\\/schema\\\/person\\\/bc25ff80b4563f9c7f4bd7855df01685\"},\"headline\":\"Autoridades participan en ceremonia de formaci\u00f3n de carabineros en el marco del 99\u00b0 Aniversario de la instituci\u00f3n\",\"datePublished\":\"2026-04-27T22:32:12+00:00\",\"dateModified\":\"2026-04-27T22:32:16+00:00\",\"mainEntityOfPage\":{\"@id\":\"https:\\\/\\\/diarioellabrador.cl\\\/index.php\\\/2026\\\/04\\\/27\\\/autoridades-participan-en-ceremonia-de-formacion-de-carabineros-en-el-marco-del-99-aniversario-de-la-institucion\\\/\"},\"wordCount\":660,\"commentCount\":0,\"publisher\":{\"@id\":\"https:\\\/\\\/diarioellabrador.cl\\\/#organization\"},\"image\":{\"@id\":\"https:\\\/\\\/diarioellabrador.cl\\\/index.php\\\/2026\\\/04\\\/27\\\/autoridades-participan-en-ceremonia-de-formacion-de-carabineros-en-el-marco-del-99-aniversario-de-la-institucion\\\/#primaryimage\"},\"thumbnailUrl\":\"https:\\\/\\\/diarioellabrador.cl\\\/wp-content\\\/uploads\\\/2026\\\/04\\\/Autoridades-participan-en-ceremonia-de-formacion-de-carabineros-en-el-marco-del-99\u00b0-Aniversario-de-la-institucion-2-scaled.jpeg\",\"articleSection\":[\"Cr\u00f3nica\",\"Destacados\"],\"inLanguage\":\"es\",\"potentialAction\":[{\"@type\":\"CommentAction\",\"name\":\"Comment\",\"target\":[\"https:\\\/\\\/diarioellabrador.cl\\\/index.php\\\/2026\\\/04\\\/27\\\/autoridades-participan-en-ceremonia-de-formacion-de-carabineros-en-el-marco-del-99-aniversario-de-la-institucion\\\/#respond\"]}]},{\"@type\":\"WebPage\",\"@id\":\"https:\\\/\\\/diarioellabrador.cl\\\/index.php\\\/2026\\\/04\\\/27\\\/autoridades-participan-en-ceremonia-de-formacion-de-carabineros-en-el-marco-del-99-aniversario-de-la-institucion\\\/\",\"url\":\"https:\\\/\\\/diarioellabrador.cl\\\/index.php\\\/2026\\\/04\\\/27\\\/autoridades-participan-en-ceremonia-de-formacion-de-carabineros-en-el-marco-del-99-aniversario-de-la-institucion\\\/\",\"name\":\"Autoridades participan en ceremonia de formaci\u00f3n de carabineros en el marco del 99\u00b0 Aniversario de la instituci\u00f3n - Diario El Labrador\",\"isPartOf\":{\"@id\":\"https:\\\/\\\/diarioellabrador.cl\\\/#website\"},\"primaryImageOfPage\":{\"@id\":\"https:\\\/\\\/diarioellabrador.cl\\\/index.php\\\/2026\\\/04\\\/27\\\/autoridades-participan-en-ceremonia-de-formacion-de-carabineros-en-el-marco-del-99-aniversario-de-la-institucion\\\/#primaryimage\"},\"image\":{\"@id\":\"https:\\\/\\\/diarioellabrador.cl\\\/index.php\\\/2026\\\/04\\\/27\\\/autoridades-participan-en-ceremonia-de-formacion-de-carabineros-en-el-marco-del-99-aniversario-de-la-institucion\\\/#primaryimage\"},\"thumbnailUrl\":\"https:\\\/\\\/diarioellabrador.cl\\\/wp-content\\\/uploads\\\/2026\\\/04\\\/Autoridades-participan-en-ceremonia-de-formacion-de-carabineros-en-el-marco-del-99\u00b0-Aniversario-de-la-institucion-2-scaled.jpeg\",\"datePublished\":\"2026-04-27T22:32:12+00:00\",\"dateModified\":\"2026-04-27T22:32:16+00:00\",\"breadcrumb\":{\"@id\":\"https:\\\/\\\/diarioellabrador.cl\\\/index.php\\\/2026\\\/04\\\/27\\\/autoridades-participan-en-ceremonia-de-formacion-de-carabineros-en-el-marco-del-99-aniversario-de-la-institucion\\\/#breadcrumb\"},\"inLanguage\":\"es\",\"potentialAction\":[{\"@type\":\"ReadAction\",\"target\":[\"https:\\\/\\\/diarioellabrador.cl\\\/index.php\\\/2026\\\/04\\\/27\\\/autoridades-participan-en-ceremonia-de-formacion-de-carabineros-en-el-marco-del-99-aniversario-de-la-institucion\\\/\"]}]},{\"@type\":\"ImageObject\",\"inLanguage\":\"es\",\"@id\":\"https:\\\/\\\/diarioellabrador.cl\\\/index.php\\\/2026\\\/04\\\/27\\\/autoridades-participan-en-ceremonia-de-formacion-de-carabineros-en-el-marco-del-99-aniversario-de-la-institucion\\\/#primaryimage\",\"url\":\"https:\\\/\\\/diarioellabrador.cl\\\/wp-content\\\/uploads\\\/2026\\\/04\\\/Autoridades-participan-en-ceremonia-de-formacion-de-carabineros-en-el-marco-del-99\u00b0-Aniversario-de-la-institucion-2-scaled.jpeg\",\"contentUrl\":\"https:\\\/\\\/diarioellabrador.cl\\\/wp-content\\\/uploads\\\/2026\\\/04\\\/Autoridades-participan-en-ceremonia-de-formacion-de-carabineros-en-el-marco-del-99\u00b0-Aniversario-de-la-institucion-2-scaled.jpeg\",\"width\":2560,\"height\":1920},{\"@type\":\"BreadcrumbList\",\"@id\":\"https:\\\/\\\/diarioellabrador.cl\\\/index.php\\\/2026\\\/04\\\/27\\\/autoridades-participan-en-ceremonia-de-formacion-de-carabineros-en-el-marco-del-99-aniversario-de-la-institucion\\\/#breadcrumb\",\"itemListElement\":[{\"@type\":\"ListItem\",\"position\":1,\"name\":\"Portada\",\"item\":\"https:\\\/\\\/diarioellabrador.cl\\\/\"},{\"@type\":\"ListItem\",\"position\":2,\"name\":\"Autoridades participan en ceremonia de formaci\u00f3n de carabineros en el marco del 99\u00b0 Aniversario de la instituci\u00f3n\"}]},{\"@type\":\"WebSite\",\"@id\":\"https:\\\/\\\/diarioellabrador.cl\\\/#website\",\"url\":\"https:\\\/\\\/diarioellabrador.cl\\\/\",\"name\":\"Diario El Labrador\",\"description\":\"Haciendo noticia desde 1921\",\"publisher\":{\"@id\":\"https:\\\/\\\/diarioellabrador.cl\\\/#organization\"},\"potentialAction\":[{\"@type\":\"SearchAction\",\"target\":{\"@type\":\"EntryPoint\",\"urlTemplate\":\"https:\\\/\\\/diarioellabrador.cl\\\/?s={search_term_string}\"},\"query-input\":{\"@type\":\"PropertyValueSpecification\",\"valueRequired\":true,\"valueName\":\"search_term_string\"}}],\"inLanguage\":\"es\"},{\"@type\":\"Organization\",\"@id\":\"https:\\\/\\\/diarioellabrador.cl\\\/#organization\",\"name\":\"Diario El Labrador\",\"url\":\"https:\\\/\\\/diarioellabrador.cl\\\/\",\"logo\":{\"@type\":\"ImageObject\",\"inLanguage\":\"es\",\"@id\":\"https:\\\/\\\/diarioellabrador.cl\\\/#\\\/schema\\\/logo\\\/image\\\/\",\"url\":\"https:\\\/\\\/diarioellabrador.cl\\\/wp-content\\\/uploads\\\/2025\\\/02\\\/cropped-Logo-Icono.png\",\"contentUrl\":\"https:\\\/\\\/diarioellabrador.cl\\\/wp-content\\\/uploads\\\/2025\\\/02\\\/cropped-Logo-Icono.png\",\"width\":512,\"height\":512,\"caption\":\"Diario El Labrador\"},\"image\":{\"@id\":\"https:\\\/\\\/diarioellabrador.cl\\\/#\\\/schema\\\/logo\\\/image\\\/\"},\"sameAs\":[\"https:\\\/\\\/web.facebook.com\\\/profile.php?id=61576120840621\",\"https:\\\/\\\/x.com\\\/ElLabradorOf\",\"https:\\\/\\\/www.instagram.com\\\/diarioellabradoroficial\\\/\"]},{\"@type\":\"Person\",\"@id\":\"https:\\\/\\\/diarioellabrador.cl\\\/#\\\/schema\\\/person\\\/bc25ff80b4563f9c7f4bd7855df01685\",\"name\":\"Editor\",\"image\":{\"@type\":\"ImageObject\",\"inLanguage\":\"es\",\"@id\":\"https:\\\/\\\/secure.gravatar.com\\\/avatar\\\/109c326cf2be5c04f048c2c2a2b8b6ef44bf3d8d1d3d4c55d0ac40c4bc994684?s=96&d=mm&r=g\",\"url\":\"https:\\\/\\\/secure.gravatar.com\\\/avatar\\\/109c326cf2be5c04f048c2c2a2b8b6ef44bf3d8d1d3d4c55d0ac40c4bc994684?s=96&d=mm&r=g\",\"contentUrl\":\"https:\\\/\\\/secure.gravatar.com\\\/avatar\\\/109c326cf2be5c04f048c2c2a2b8b6ef44bf3d8d1d3d4c55d0ac40c4bc994684?s=96&d=mm&r=g\",\"caption\":\"Editor\"},\"url\":\"https:\\\/\\\/diarioellabrador.cl\\\/index.php\\\/author\\\/editor\\\/\"}]}<\/script>\n<!-- \/ Yoast SEO plugin. -->","yoast_head_json":{"title":"Autoridades participan en ceremonia de formaci\u00f3n de carabineros en el marco del 99\u00b0 Aniversario de la instituci\u00f3n - Diario El Labrador","robots":{"index":"index","follow":"follow","max-snippet":"max-snippet:-1","max-image-preview":"max-image-preview:large","max-video-preview":"max-video-preview:-1"},"canonical":"https:\/\/diarioellabrador.cl\/index.php\/2026\/04\/27\/autoridades-participan-en-ceremonia-de-formacion-de-carabineros-en-el-marco-del-99-aniversario-de-la-institucion\/","og_locale":"es_ES","og_type":"article","og_title":"Autoridades participan en ceremonia de formaci\u00f3n de carabineros en el marco del 99\u00b0 Aniversario de la instituci\u00f3n - Diario El Labrador","og_description":"En el frontis de la 24\u00b0 Comisar\u00eda de Carabineros de Melipilla se desarroll\u00f3 la ceremonia en conmemoraci\u00f3n del D\u00eda del Carabinero, instancia que fue presidida por el Prefecto de la Prefectura Costa, Coronel Cristian Matus, oportunidad donde estuvo presente el delegado presidencial provincial de Melipilla, Gast\u00f3n Libuy, junto a la alcaldesa de Melipilla, Paula G\u00e1rate, Leer m\u00e1s","og_url":"https:\/\/diarioellabrador.cl\/index.php\/2026\/04\/27\/autoridades-participan-en-ceremonia-de-formacion-de-carabineros-en-el-marco-del-99-aniversario-de-la-institucion\/","og_site_name":"Diario El Labrador","article_publisher":"https:\/\/web.facebook.com\/profile.php?id=61576120840621","article_published_time":"2026-04-27T22:32:12+00:00","article_modified_time":"2026-04-27T22:32:16+00:00","og_image":[{"width":2560,"height":1920,"url":"https:\/\/diarioellabrador.cl\/wp-content\/uploads\/2026\/04\/Autoridades-participan-en-ceremonia-de-formacion-de-carabineros-en-el-marco-del-99\u00b0-Aniversario-de-la-institucion-2-scaled.jpeg","type":"image\/jpeg"}],"author":"Editor","twitter_card":"summary_large_image","twitter_creator":"@ElLabradorOf","twitter_site":"@ElLabradorOf","twitter_misc":{"Escrito por":"Editor","Tiempo de lectura":"3 minutos"},"schema":{"@context":"https:\/\/schema.org","@graph":[{"@type":"Article","@id":"https:\/\/diarioellabrador.cl\/index.php\/2026\/04\/27\/autoridades-participan-en-ceremonia-de-formacion-de-carabineros-en-el-marco-del-99-aniversario-de-la-institucion\/#article","isPartOf":{"@id":"https:\/\/diarioellabrador.cl\/index.php\/2026\/04\/27\/autoridades-participan-en-ceremonia-de-formacion-de-carabineros-en-el-marco-del-99-aniversario-de-la-institucion\/"},"author":{"name":"Editor","@id":"https:\/\/diarioellabrador.cl\/#\/schema\/person\/bc25ff80b4563f9c7f4bd7855df01685"},"headline":"Autoridades participan en ceremonia de formaci\u00f3n de carabineros en el marco del 99\u00b0 Aniversario de la instituci\u00f3n","datePublished":"2026-04-27T22:32:12+00:00","dateModified":"2026-04-27T22:32:16+00:00","mainEntityOfPage":{"@id":"https:\/\/diarioellabrador.cl\/index.php\/2026\/04\/27\/autoridades-participan-en-ceremonia-de-formacion-de-carabineros-en-el-marco-del-99-aniversario-de-la-institucion\/"},"wordCount":660,"commentCount":0,"publisher":{"@id":"https:\/\/diarioellabrador.cl\/#organization"},"image":{"@id":"https:\/\/diarioellabrador.cl\/index.php\/2026\/04\/27\/autoridades-participan-en-ceremonia-de-formacion-de-carabineros-en-el-marco-del-99-aniversario-de-la-institucion\/#primaryimage"},"thumbnailUrl":"https:\/\/diarioellabrador.cl\/wp-content\/uploads\/2026\/04\/Autoridades-participan-en-ceremonia-de-formacion-de-carabineros-en-el-marco-del-99\u00b0-Aniversario-de-la-institucion-2-scaled.jpeg","articleSection":["Cr\u00f3nica","Destacados"],"inLanguage":"es","potentialAction":[{"@type":"CommentAction","name":"Comment","target":["https:\/\/diarioellabrador.cl\/index.php\/2026\/04\/27\/autoridades-participan-en-ceremonia-de-formacion-de-carabineros-en-el-marco-del-99-aniversario-de-la-institucion\/#respond"]}]},{"@type":"WebPage","@id":"https:\/\/diarioellabrador.cl\/index.php\/2026\/04\/27\/autoridades-participan-en-ceremonia-de-formacion-de-carabineros-en-el-marco-del-99-aniversario-de-la-institucion\/","url":"https:\/\/diarioellabrador.cl\/index.php\/2026\/04\/27\/autoridades-participan-en-ceremonia-de-formacion-de-carabineros-en-el-marco-del-99-aniversario-de-la-institucion\/","name":"Autoridades participan en ceremonia de formaci\u00f3n de carabineros en el marco del 99\u00b0 Aniversario de la instituci\u00f3n - Diario El Labrador","isPartOf":{"@id":"https:\/\/diarioellabrador.cl\/#website"},"primaryImageOfPage":{"@id":"https:\/\/diarioellabrador.cl\/index.php\/2026\/04\/27\/autoridades-participan-en-ceremonia-de-formacion-de-carabineros-en-el-marco-del-99-aniversario-de-la-institucion\/#primaryimage"},"image":{"@id":"https:\/\/diarioellabrador.cl\/index.php\/2026\/04\/27\/autoridades-participan-en-ceremonia-de-formacion-de-carabineros-en-el-marco-del-99-aniversario-de-la-institucion\/#primaryimage"},"thumbnailUrl":"https:\/\/diarioellabrador.cl\/wp-content\/uploads\/2026\/04\/Autoridades-participan-en-ceremonia-de-formacion-de-carabineros-en-el-marco-del-99\u00b0-Aniversario-de-la-institucion-2-scaled.jpeg","datePublished":"2026-04-27T22:32:12+00:00","dateModified":"2026-04-27T22:32:16+00:00","breadcrumb":{"@id":"https:\/\/diarioellabrador.cl\/index.php\/2026\/04\/27\/autoridades-participan-en-ceremonia-de-formacion-de-carabineros-en-el-marco-del-99-aniversario-de-la-institucion\/#breadcrumb"},"inLanguage":"es","potentialAction":[{"@type":"ReadAction","target":["https:\/\/diarioellabrador.cl\/index.php\/2026\/04\/27\/autoridades-participan-en-ceremonia-de-formacion-de-carabineros-en-el-marco-del-99-aniversario-de-la-institucion\/"]}]},{"@type":"ImageObject","inLanguage":"es","@id":"https:\/\/diarioellabrador.cl\/index.php\/2026\/04\/27\/autoridades-participan-en-ceremonia-de-formacion-de-carabineros-en-el-marco-del-99-aniversario-de-la-institucion\/#primaryimage","url":"https:\/\/diarioellabrador.cl\/wp-content\/uploads\/2026\/04\/Autoridades-participan-en-ceremonia-de-formacion-de-carabineros-en-el-marco-del-99\u00b0-Aniversario-de-la-institucion-2-scaled.jpeg","contentUrl":"https:\/\/diarioellabrador.cl\/wp-content\/uploads\/2026\/04\/Autoridades-participan-en-ceremonia-de-formacion-de-carabineros-en-el-marco-del-99\u00b0-Aniversario-de-la-institucion-2-scaled.jpeg","width":2560,"height":1920},{"@type":"BreadcrumbList","@id":"https:\/\/diarioellabrador.cl\/index.php\/2026\/04\/27\/autoridades-participan-en-ceremonia-de-formacion-de-carabineros-en-el-marco-del-99-aniversario-de-la-institucion\/#breadcrumb","itemListElement":[{"@type":"ListItem","position":1,"name":"Portada","item":"https:\/\/diarioellabrador.cl\/"},{"@type":"ListItem","position":2,"name":"Autoridades participan en ceremonia de formaci\u00f3n de carabineros en el marco del 99\u00b0 Aniversario de la instituci\u00f3n"}]},{"@type":"WebSite","@id":"https:\/\/diarioellabrador.cl\/#website","url":"https:\/\/diarioellabrador.cl\/","name":"Diario El Labrador","description":"Haciendo noticia desde 1921","publisher":{"@id":"https:\/\/diarioellabrador.cl\/#organization"},"potentialAction":[{"@type":"SearchAction","target":{"@type":"EntryPoint","urlTemplate":"https:\/\/diarioellabrador.cl\/?s={search_term_string}"},"query-input":{"@type":"PropertyValueSpecification","valueRequired":true,"valueName":"search_term_string"}}],"inLanguage":"es"},{"@type":"Organization","@id":"https:\/\/diarioellabrador.cl\/#organization","name":"Diario El Labrador","url":"https:\/\/diarioellabrador.cl\/","logo":{"@type":"ImageObject","inLanguage":"es","@id":"https:\/\/diarioellabrador.cl\/#\/schema\/logo\/image\/","url":"https:\/\/diarioellabrador.cl\/wp-content\/uploads\/2025\/02\/cropped-Logo-Icono.png","contentUrl":"https:\/\/diarioellabrador.cl\/wp-content\/uploads\/2025\/02\/cropped-Logo-Icono.png","width":512,"height":512,"caption":"Diario El Labrador"},"image":{"@id":"https:\/\/diarioellabrador.cl\/#\/schema\/logo\/image\/"},"sameAs":["https:\/\/web.facebook.com\/profile.php?id=61576120840621","https:\/\/x.com\/ElLabradorOf","https:\/\/www.instagram.com\/diarioellabradoroficial\/"]},{"@type":"Person","@id":"https:\/\/diarioellabrador.cl\/#\/schema\/person\/bc25ff80b4563f9c7f4bd7855df01685","name":"Editor","image":{"@type":"ImageObject","inLanguage":"es","@id":"https:\/\/secure.gravatar.com\/avatar\/109c326cf2be5c04f048c2c2a2b8b6ef44bf3d8d1d3d4c55d0ac40c4bc994684?s=96&d=mm&r=g","url":"https:\/\/secure.gravatar.com\/avatar\/109c326cf2be5c04f048c2c2a2b8b6ef44bf3d8d1d3d4c55d0ac40c4bc994684?s=96&d=mm&r=g","contentUrl":"https:\/\/secure.gravatar.com\/avatar\/109c326cf2be5c04f048c2c2a2b8b6ef44bf3d8d1d3d4c55d0ac40c4bc994684?s=96&d=mm&r=g","caption":"Editor"},"url":"https:\/\/diarioellabrador.cl\/index.php\/author\/editor\/"}]}},"_links":{"self":[{"href":"https:\/\/diarioellabrador.cl\/index.php\/wp-json\/wp\/v2\/posts\/18622","targetHints":{"allow":["GET"]}}],"collection":[{"href":"https:\/\/diarioellabrador.cl\/index.php\/wp-json\/wp\/v2\/posts"}],"about":[{"href":"https:\/\/diarioellabrador.cl\/index.php\/wp-json\/wp\/v2\/types\/post"}],"author":[{"embeddable":true,"href":"https:\/\/diarioellabrador.cl\/index.php\/wp-json\/wp\/v2\/users\/2"}],"replies":[{"embeddable":true,"href":"https:\/\/diarioellabrador.cl\/index.php\/wp-json\/wp\/v2\/comments?post=18622"}],"version-history":[{"count":1,"href":"https:\/\/diarioellabrador.cl\/index.php\/wp-json\/wp\/v2\/posts\/18622\/revisions"}],"predecessor-version":[{"id":18623,"href":"https:\/\/diarioellabrador.cl\/index.php\/wp-json\/wp\/v2\/posts\/18622\/revisions\/18623"}],"wp:featuredmedia":[{"embeddable":true,"href":"https:\/\/diarioellabrador.cl\/index.php\/wp-json\/wp\/v2\/media\/18593"}],"wp:attachment":[{"href":"https:\/\/diarioellabrador.cl\/index.php\/wp-json\/wp\/v2\/media?parent=18622"}],"wp:term":[{"taxonomy":"category","embeddable":true,"href":"https:\/\/diarioellabrador.cl\/index.php\/wp-json\/wp\/v2\/categories?post=18622"},{"taxonomy":"post_tag","embeddable":true,"href":"https:\/\/diarioellabrador.cl\/index.php\/wp-json\/wp\/v2\/tags?post=18622"}],"curies":[{"name":"wp","href":"https:\/\/api.w.org\/{rel}","templated":true}]}}