{"id":18614,"date":"2026-04-27T18:28:03","date_gmt":"2026-04-27T22:28:03","guid":{"rendered":"https:\/\/diarioellabrador.cl\/?p=18614"},"modified":"2026-04-27T18:28:05","modified_gmt":"2026-04-27T22:28:05","slug":"sujeto-que-se-tomo-un-departamento-en-la-poblacion-padre-hurtado-debera-cumplir-pena-de-tres-anos-de-carcel","status":"publish","type":"post","link":"https:\/\/diarioellabrador.cl\/index.php\/2026\/04\/27\/sujeto-que-se-tomo-un-departamento-en-la-poblacion-padre-hurtado-debera-cumplir-pena-de-tres-anos-de-carcel\/","title":{"rendered":"Sujeto que se tom\u00f3 un departamento en la poblaci\u00f3n Padre Hurtado deber\u00e1 cumplir pena de tres a\u00f1os de c\u00e1rcel"},"content":{"rendered":"\n<p>En el TOP de Melipilla se realiz\u00f3 la audiencia de juicio oral en contra de acusado por el delito de usurpaci\u00f3n violenta de un inmueble.<\/p>\n\n\n\n<p>El ente persecutor detall\u00f3 que el d\u00eda 19 de marzo del a\u00f1o 2024 a las 10:00 horas aproximadamente, mientras la v\u00edctima de sexo femenino regresaba al inmueble de su propiedad ubicado en calle Empresario Manuel Arizt\u00eda, en la poblaci\u00f3n Padre Hurtado en la comuna de Melipilla, sorprendi\u00f3 al imputado Andr\u00e9s E.T. quien ingres\u00f3 a dicho inmueble rompiendo la chapa del inmueble y en forma clandestina.<\/p>\n\n\n\n<p>Ocup\u00f3 el inmueble de propiedad de la v\u00edctima, quien lo detenta leg\u00edtimamente, para luego entrevistarse la afectada con el imputado, quien la repele se\u00f1al\u00e1ndole que se fuera del lugar o la matar\u00eda, que el departamento era de ellos, privando a la mujer de su legitima propiedad.<\/p>\n\n\n\n<p>El acusado renunci\u00f3 a su derecho a guardar silencio y prest\u00f3 declaraci\u00f3n como medio de defensa en el juicio oral, se\u00f1alando espont\u00e1neamente que \u00abyo me met\u00ed a Facebook a buscar un arriendo. Nos vinimos de Vi\u00f1a del Mar para el incendio. Llegamos a una direcci\u00f3n de la poblaci\u00f3n Padre Hurtado. En eso, preguntando, llegamos a la direcci\u00f3n y nos encontramos con que la vecina ten\u00eda el dato del departamento que nosotros est\u00e1bamos buscando. Yo en todo momento hice trato con la vecina. Ella me pas\u00f3 una llave, yo le pagu\u00e9, ella me pas\u00f3 una llave\u201d.<\/p>\n\n\n\n<p>El Tribunal dictamin\u00f3 que se condena a Andr\u00e9s E.T. a sufrir la pena de tres a\u00f1os y un d\u00eda de presidio menor en su grado m\u00e1ximo, en calidad de autor de un delito consumado de usurpaci\u00f3n violenta de inmueble. Que, no se concede al sentenciado ninguna de las penas sustitutivas previstas en la Ley, por lo que deber\u00e1 cumplir efectivamente la pena corporal impuesta.<\/p>\n","protected":false},"excerpt":{"rendered":"<p>En el TOP de Melipilla se realiz\u00f3 la audiencia de juicio oral en contra de acusado por el delito de usurpaci\u00f3n violenta de un inmueble. El ente persecutor detall\u00f3 que el d\u00eda 19 de marzo del a\u00f1o 2024 a las 10:00 horas aproximadamente, mientras la v\u00edctima de sexo femenino regresaba al inmueble de su propiedad<\/p>\n<div class=\"read-more-wrapper\"><a class=\"read-more\" href=\"https:\/\/diarioellabrador.cl\/index.php\/2026\/04\/27\/sujeto-que-se-tomo-un-departamento-en-la-poblacion-padre-hurtado-debera-cumplir-pena-de-tres-anos-de-carcel\/\" title=\"Leer m\u00e1s\"> <span class=\"button \">Leer m\u00e1s<\/span><\/a><\/div>\n","protected":false},"author":2,"featured_media":18583,"comment_status":"open","ping_status":"open","sticky":false,"template":"","format":"standard","meta":{"footnotes":""},"categories":[3],"tags":[],"class_list":["post-18614","post","type-post","status-publish","format-standard","has-post-thumbnail","hentry","category-policial"],"yoast_head":"<!-- This site is optimized with the Yoast SEO plugin v27.5 - https:\/\/yoast.com\/product\/yoast-seo-wordpress\/ -->\n<title>Sujeto que se tom\u00f3 un departamento en la poblaci\u00f3n Padre Hurtado deber\u00e1 cumplir pena de tres a\u00f1os de c\u00e1rcel - Diario El Labrador<\/title>\n<meta name=\"robots\" content=\"index, follow, max-snippet:-1, max-image-preview:large, max-video-preview:-1\" \/>\n<link rel=\"canonical\" href=\"https:\/\/diarioellabrador.cl\/index.php\/2026\/04\/27\/sujeto-que-se-tomo-un-departamento-en-la-poblacion-padre-hurtado-debera-cumplir-pena-de-tres-anos-de-carcel\/\" \/>\n<meta property=\"og:locale\" content=\"es_ES\" \/>\n<meta property=\"og:type\" content=\"article\" \/>\n<meta property=\"og:title\" content=\"Sujeto que se tom\u00f3 un departamento en la poblaci\u00f3n Padre Hurtado deber\u00e1 cumplir pena de tres a\u00f1os de c\u00e1rcel - Diario El Labrador\" \/>\n<meta property=\"og:description\" content=\"En el TOP de Melipilla se realiz\u00f3 la audiencia de juicio oral en contra de acusado por el delito de usurpaci\u00f3n violenta de un inmueble. El ente persecutor detall\u00f3 que el d\u00eda 19 de marzo del a\u00f1o 2024 a las 10:00 horas aproximadamente, mientras la v\u00edctima de sexo femenino regresaba al inmueble de su propiedad Leer m\u00e1s\" \/>\n<meta property=\"og:url\" content=\"https:\/\/diarioellabrador.cl\/index.php\/2026\/04\/27\/sujeto-que-se-tomo-un-departamento-en-la-poblacion-padre-hurtado-debera-cumplir-pena-de-tres-anos-de-carcel\/\" \/>\n<meta property=\"og:site_name\" content=\"Diario El Labrador\" \/>\n<meta property=\"article:publisher\" content=\"https:\/\/web.facebook.com\/profile.php?id=61576120840621\" \/>\n<meta property=\"article:published_time\" content=\"2026-04-27T22:28:03+00:00\" \/>\n<meta property=\"article:modified_time\" content=\"2026-04-27T22:28:05+00:00\" \/>\n<meta property=\"og:image\" content=\"https:\/\/diarioellabrador.cl\/wp-content\/uploads\/2026\/04\/Sujeto-que-se-tomo-un-departamento-en-la-poblacion-Padre-Hurtado-debera-cumplir-pena-de-tres-anos-de-carcel.jpg\" \/>\n\t<meta property=\"og:image:width\" content=\"1200\" \/>\n\t<meta property=\"og:image:height\" content=\"800\" \/>\n\t<meta property=\"og:image:type\" content=\"image\/jpeg\" \/>\n<meta name=\"author\" content=\"Editor\" \/>\n<meta name=\"twitter:card\" content=\"summary_large_image\" \/>\n<meta name=\"twitter:creator\" content=\"@ElLabradorOf\" \/>\n<meta name=\"twitter:site\" content=\"@ElLabradorOf\" \/>\n<meta name=\"twitter:label1\" content=\"Escrito por\" \/>\n\t<meta name=\"twitter:data1\" content=\"Editor\" \/>\n\t<meta name=\"twitter:label2\" content=\"Tiempo de lectura\" \/>\n\t<meta name=\"twitter:data2\" content=\"2 minutos\" \/>\n<script type=\"application\/ld+json\" class=\"yoast-schema-graph\">{\"@context\":\"https:\\\/\\\/schema.org\",\"@graph\":[{\"@type\":\"Article\",\"@id\":\"https:\\\/\\\/diarioellabrador.cl\\\/index.php\\\/2026\\\/04\\\/27\\\/sujeto-que-se-tomo-un-departamento-en-la-poblacion-padre-hurtado-debera-cumplir-pena-de-tres-anos-de-carcel\\\/#article\",\"isPartOf\":{\"@id\":\"https:\\\/\\\/diarioellabrador.cl\\\/index.php\\\/2026\\\/04\\\/27\\\/sujeto-que-se-tomo-un-departamento-en-la-poblacion-padre-hurtado-debera-cumplir-pena-de-tres-anos-de-carcel\\\/\"},\"author\":{\"name\":\"Editor\",\"@id\":\"https:\\\/\\\/diarioellabrador.cl\\\/#\\\/schema\\\/person\\\/bc25ff80b4563f9c7f4bd7855df01685\"},\"headline\":\"Sujeto que se tom\u00f3 un departamento en la poblaci\u00f3n Padre Hurtado deber\u00e1 cumplir pena de tres a\u00f1os de c\u00e1rcel\",\"datePublished\":\"2026-04-27T22:28:03+00:00\",\"dateModified\":\"2026-04-27T22:28:05+00:00\",\"mainEntityOfPage\":{\"@id\":\"https:\\\/\\\/diarioellabrador.cl\\\/index.php\\\/2026\\\/04\\\/27\\\/sujeto-que-se-tomo-un-departamento-en-la-poblacion-padre-hurtado-debera-cumplir-pena-de-tres-anos-de-carcel\\\/\"},\"wordCount\":342,\"commentCount\":0,\"publisher\":{\"@id\":\"https:\\\/\\\/diarioellabrador.cl\\\/#organization\"},\"image\":{\"@id\":\"https:\\\/\\\/diarioellabrador.cl\\\/index.php\\\/2026\\\/04\\\/27\\\/sujeto-que-se-tomo-un-departamento-en-la-poblacion-padre-hurtado-debera-cumplir-pena-de-tres-anos-de-carcel\\\/#primaryimage\"},\"thumbnailUrl\":\"https:\\\/\\\/diarioellabrador.cl\\\/wp-content\\\/uploads\\\/2026\\\/04\\\/Sujeto-que-se-tomo-un-departamento-en-la-poblacion-Padre-Hurtado-debera-cumplir-pena-de-tres-anos-de-carcel.jpg\",\"articleSection\":[\"Policial\"],\"inLanguage\":\"es\",\"potentialAction\":[{\"@type\":\"CommentAction\",\"name\":\"Comment\",\"target\":[\"https:\\\/\\\/diarioellabrador.cl\\\/index.php\\\/2026\\\/04\\\/27\\\/sujeto-que-se-tomo-un-departamento-en-la-poblacion-padre-hurtado-debera-cumplir-pena-de-tres-anos-de-carcel\\\/#respond\"]}]},{\"@type\":\"WebPage\",\"@id\":\"https:\\\/\\\/diarioellabrador.cl\\\/index.php\\\/2026\\\/04\\\/27\\\/sujeto-que-se-tomo-un-departamento-en-la-poblacion-padre-hurtado-debera-cumplir-pena-de-tres-anos-de-carcel\\\/\",\"url\":\"https:\\\/\\\/diarioellabrador.cl\\\/index.php\\\/2026\\\/04\\\/27\\\/sujeto-que-se-tomo-un-departamento-en-la-poblacion-padre-hurtado-debera-cumplir-pena-de-tres-anos-de-carcel\\\/\",\"name\":\"Sujeto que se tom\u00f3 un departamento en la poblaci\u00f3n Padre Hurtado deber\u00e1 cumplir pena de tres a\u00f1os de c\u00e1rcel - Diario El Labrador\",\"isPartOf\":{\"@id\":\"https:\\\/\\\/diarioellabrador.cl\\\/#website\"},\"primaryImageOfPage\":{\"@id\":\"https:\\\/\\\/diarioellabrador.cl\\\/index.php\\\/2026\\\/04\\\/27\\\/sujeto-que-se-tomo-un-departamento-en-la-poblacion-padre-hurtado-debera-cumplir-pena-de-tres-anos-de-carcel\\\/#primaryimage\"},\"image\":{\"@id\":\"https:\\\/\\\/diarioellabrador.cl\\\/index.php\\\/2026\\\/04\\\/27\\\/sujeto-que-se-tomo-un-departamento-en-la-poblacion-padre-hurtado-debera-cumplir-pena-de-tres-anos-de-carcel\\\/#primaryimage\"},\"thumbnailUrl\":\"https:\\\/\\\/diarioellabrador.cl\\\/wp-content\\\/uploads\\\/2026\\\/04\\\/Sujeto-que-se-tomo-un-departamento-en-la-poblacion-Padre-Hurtado-debera-cumplir-pena-de-tres-anos-de-carcel.jpg\",\"datePublished\":\"2026-04-27T22:28:03+00:00\",\"dateModified\":\"2026-04-27T22:28:05+00:00\",\"breadcrumb\":{\"@id\":\"https:\\\/\\\/diarioellabrador.cl\\\/index.php\\\/2026\\\/04\\\/27\\\/sujeto-que-se-tomo-un-departamento-en-la-poblacion-padre-hurtado-debera-cumplir-pena-de-tres-anos-de-carcel\\\/#breadcrumb\"},\"inLanguage\":\"es\",\"potentialAction\":[{\"@type\":\"ReadAction\",\"target\":[\"https:\\\/\\\/diarioellabrador.cl\\\/index.php\\\/2026\\\/04\\\/27\\\/sujeto-que-se-tomo-un-departamento-en-la-poblacion-padre-hurtado-debera-cumplir-pena-de-tres-anos-de-carcel\\\/\"]}]},{\"@type\":\"ImageObject\",\"inLanguage\":\"es\",\"@id\":\"https:\\\/\\\/diarioellabrador.cl\\\/index.php\\\/2026\\\/04\\\/27\\\/sujeto-que-se-tomo-un-departamento-en-la-poblacion-padre-hurtado-debera-cumplir-pena-de-tres-anos-de-carcel\\\/#primaryimage\",\"url\":\"https:\\\/\\\/diarioellabrador.cl\\\/wp-content\\\/uploads\\\/2026\\\/04\\\/Sujeto-que-se-tomo-un-departamento-en-la-poblacion-Padre-Hurtado-debera-cumplir-pena-de-tres-anos-de-carcel.jpg\",\"contentUrl\":\"https:\\\/\\\/diarioellabrador.cl\\\/wp-content\\\/uploads\\\/2026\\\/04\\\/Sujeto-que-se-tomo-un-departamento-en-la-poblacion-Padre-Hurtado-debera-cumplir-pena-de-tres-anos-de-carcel.jpg\",\"width\":1200,\"height\":800},{\"@type\":\"BreadcrumbList\",\"@id\":\"https:\\\/\\\/diarioellabrador.cl\\\/index.php\\\/2026\\\/04\\\/27\\\/sujeto-que-se-tomo-un-departamento-en-la-poblacion-padre-hurtado-debera-cumplir-pena-de-tres-anos-de-carcel\\\/#breadcrumb\",\"itemListElement\":[{\"@type\":\"ListItem\",\"position\":1,\"name\":\"Portada\",\"item\":\"https:\\\/\\\/diarioellabrador.cl\\\/\"},{\"@type\":\"ListItem\",\"position\":2,\"name\":\"Sujeto que se tom\u00f3 un departamento en la poblaci\u00f3n Padre Hurtado deber\u00e1 cumplir pena de tres a\u00f1os de c\u00e1rcel\"}]},{\"@type\":\"WebSite\",\"@id\":\"https:\\\/\\\/diarioellabrador.cl\\\/#website\",\"url\":\"https:\\\/\\\/diarioellabrador.cl\\\/\",\"name\":\"Diario El Labrador\",\"description\":\"Haciendo noticia desde 1921\",\"publisher\":{\"@id\":\"https:\\\/\\\/diarioellabrador.cl\\\/#organization\"},\"potentialAction\":[{\"@type\":\"SearchAction\",\"target\":{\"@type\":\"EntryPoint\",\"urlTemplate\":\"https:\\\/\\\/diarioellabrador.cl\\\/?s={search_term_string}\"},\"query-input\":{\"@type\":\"PropertyValueSpecification\",\"valueRequired\":true,\"valueName\":\"search_term_string\"}}],\"inLanguage\":\"es\"},{\"@type\":\"Organization\",\"@id\":\"https:\\\/\\\/diarioellabrador.cl\\\/#organization\",\"name\":\"Diario El Labrador\",\"url\":\"https:\\\/\\\/diarioellabrador.cl\\\/\",\"logo\":{\"@type\":\"ImageObject\",\"inLanguage\":\"es\",\"@id\":\"https:\\\/\\\/diarioellabrador.cl\\\/#\\\/schema\\\/logo\\\/image\\\/\",\"url\":\"https:\\\/\\\/diarioellabrador.cl\\\/wp-content\\\/uploads\\\/2025\\\/02\\\/cropped-Logo-Icono.png\",\"contentUrl\":\"https:\\\/\\\/diarioellabrador.cl\\\/wp-content\\\/uploads\\\/2025\\\/02\\\/cropped-Logo-Icono.png\",\"width\":512,\"height\":512,\"caption\":\"Diario El Labrador\"},\"image\":{\"@id\":\"https:\\\/\\\/diarioellabrador.cl\\\/#\\\/schema\\\/logo\\\/image\\\/\"},\"sameAs\":[\"https:\\\/\\\/web.facebook.com\\\/profile.php?id=61576120840621\",\"https:\\\/\\\/x.com\\\/ElLabradorOf\",\"https:\\\/\\\/www.instagram.com\\\/diarioellabradoroficial\\\/\"]},{\"@type\":\"Person\",\"@id\":\"https:\\\/\\\/diarioellabrador.cl\\\/#\\\/schema\\\/person\\\/bc25ff80b4563f9c7f4bd7855df01685\",\"name\":\"Editor\",\"image\":{\"@type\":\"ImageObject\",\"inLanguage\":\"es\",\"@id\":\"https:\\\/\\\/secure.gravatar.com\\\/avatar\\\/109c326cf2be5c04f048c2c2a2b8b6ef44bf3d8d1d3d4c55d0ac40c4bc994684?s=96&d=mm&r=g\",\"url\":\"https:\\\/\\\/secure.gravatar.com\\\/avatar\\\/109c326cf2be5c04f048c2c2a2b8b6ef44bf3d8d1d3d4c55d0ac40c4bc994684?s=96&d=mm&r=g\",\"contentUrl\":\"https:\\\/\\\/secure.gravatar.com\\\/avatar\\\/109c326cf2be5c04f048c2c2a2b8b6ef44bf3d8d1d3d4c55d0ac40c4bc994684?s=96&d=mm&r=g\",\"caption\":\"Editor\"},\"url\":\"https:\\\/\\\/diarioellabrador.cl\\\/index.php\\\/author\\\/editor\\\/\"}]}<\/script>\n<!-- \/ Yoast SEO plugin. -->","yoast_head_json":{"title":"Sujeto que se tom\u00f3 un departamento en la poblaci\u00f3n Padre Hurtado deber\u00e1 cumplir pena de tres a\u00f1os de c\u00e1rcel - Diario El Labrador","robots":{"index":"index","follow":"follow","max-snippet":"max-snippet:-1","max-image-preview":"max-image-preview:large","max-video-preview":"max-video-preview:-1"},"canonical":"https:\/\/diarioellabrador.cl\/index.php\/2026\/04\/27\/sujeto-que-se-tomo-un-departamento-en-la-poblacion-padre-hurtado-debera-cumplir-pena-de-tres-anos-de-carcel\/","og_locale":"es_ES","og_type":"article","og_title":"Sujeto que se tom\u00f3 un departamento en la poblaci\u00f3n Padre Hurtado deber\u00e1 cumplir pena de tres a\u00f1os de c\u00e1rcel - Diario El Labrador","og_description":"En el TOP de Melipilla se realiz\u00f3 la audiencia de juicio oral en contra de acusado por el delito de usurpaci\u00f3n violenta de un inmueble. El ente persecutor detall\u00f3 que el d\u00eda 19 de marzo del a\u00f1o 2024 a las 10:00 horas aproximadamente, mientras la v\u00edctima de sexo femenino regresaba al inmueble de su propiedad Leer m\u00e1s","og_url":"https:\/\/diarioellabrador.cl\/index.php\/2026\/04\/27\/sujeto-que-se-tomo-un-departamento-en-la-poblacion-padre-hurtado-debera-cumplir-pena-de-tres-anos-de-carcel\/","og_site_name":"Diario El Labrador","article_publisher":"https:\/\/web.facebook.com\/profile.php?id=61576120840621","article_published_time":"2026-04-27T22:28:03+00:00","article_modified_time":"2026-04-27T22:28:05+00:00","og_image":[{"width":1200,"height":800,"url":"https:\/\/diarioellabrador.cl\/wp-content\/uploads\/2026\/04\/Sujeto-que-se-tomo-un-departamento-en-la-poblacion-Padre-Hurtado-debera-cumplir-pena-de-tres-anos-de-carcel.jpg","type":"image\/jpeg"}],"author":"Editor","twitter_card":"summary_large_image","twitter_creator":"@ElLabradorOf","twitter_site":"@ElLabradorOf","twitter_misc":{"Escrito por":"Editor","Tiempo de lectura":"2 minutos"},"schema":{"@context":"https:\/\/schema.org","@graph":[{"@type":"Article","@id":"https:\/\/diarioellabrador.cl\/index.php\/2026\/04\/27\/sujeto-que-se-tomo-un-departamento-en-la-poblacion-padre-hurtado-debera-cumplir-pena-de-tres-anos-de-carcel\/#article","isPartOf":{"@id":"https:\/\/diarioellabrador.cl\/index.php\/2026\/04\/27\/sujeto-que-se-tomo-un-departamento-en-la-poblacion-padre-hurtado-debera-cumplir-pena-de-tres-anos-de-carcel\/"},"author":{"name":"Editor","@id":"https:\/\/diarioellabrador.cl\/#\/schema\/person\/bc25ff80b4563f9c7f4bd7855df01685"},"headline":"Sujeto que se tom\u00f3 un departamento en la poblaci\u00f3n Padre Hurtado deber\u00e1 cumplir pena de tres a\u00f1os de c\u00e1rcel","datePublished":"2026-04-27T22:28:03+00:00","dateModified":"2026-04-27T22:28:05+00:00","mainEntityOfPage":{"@id":"https:\/\/diarioellabrador.cl\/index.php\/2026\/04\/27\/sujeto-que-se-tomo-un-departamento-en-la-poblacion-padre-hurtado-debera-cumplir-pena-de-tres-anos-de-carcel\/"},"wordCount":342,"commentCount":0,"publisher":{"@id":"https:\/\/diarioellabrador.cl\/#organization"},"image":{"@id":"https:\/\/diarioellabrador.cl\/index.php\/2026\/04\/27\/sujeto-que-se-tomo-un-departamento-en-la-poblacion-padre-hurtado-debera-cumplir-pena-de-tres-anos-de-carcel\/#primaryimage"},"thumbnailUrl":"https:\/\/diarioellabrador.cl\/wp-content\/uploads\/2026\/04\/Sujeto-que-se-tomo-un-departamento-en-la-poblacion-Padre-Hurtado-debera-cumplir-pena-de-tres-anos-de-carcel.jpg","articleSection":["Policial"],"inLanguage":"es","potentialAction":[{"@type":"CommentAction","name":"Comment","target":["https:\/\/diarioellabrador.cl\/index.php\/2026\/04\/27\/sujeto-que-se-tomo-un-departamento-en-la-poblacion-padre-hurtado-debera-cumplir-pena-de-tres-anos-de-carcel\/#respond"]}]},{"@type":"WebPage","@id":"https:\/\/diarioellabrador.cl\/index.php\/2026\/04\/27\/sujeto-que-se-tomo-un-departamento-en-la-poblacion-padre-hurtado-debera-cumplir-pena-de-tres-anos-de-carcel\/","url":"https:\/\/diarioellabrador.cl\/index.php\/2026\/04\/27\/sujeto-que-se-tomo-un-departamento-en-la-poblacion-padre-hurtado-debera-cumplir-pena-de-tres-anos-de-carcel\/","name":"Sujeto que se tom\u00f3 un departamento en la poblaci\u00f3n Padre Hurtado deber\u00e1 cumplir pena de tres a\u00f1os de c\u00e1rcel - Diario El Labrador","isPartOf":{"@id":"https:\/\/diarioellabrador.cl\/#website"},"primaryImageOfPage":{"@id":"https:\/\/diarioellabrador.cl\/index.php\/2026\/04\/27\/sujeto-que-se-tomo-un-departamento-en-la-poblacion-padre-hurtado-debera-cumplir-pena-de-tres-anos-de-carcel\/#primaryimage"},"image":{"@id":"https:\/\/diarioellabrador.cl\/index.php\/2026\/04\/27\/sujeto-que-se-tomo-un-departamento-en-la-poblacion-padre-hurtado-debera-cumplir-pena-de-tres-anos-de-carcel\/#primaryimage"},"thumbnailUrl":"https:\/\/diarioellabrador.cl\/wp-content\/uploads\/2026\/04\/Sujeto-que-se-tomo-un-departamento-en-la-poblacion-Padre-Hurtado-debera-cumplir-pena-de-tres-anos-de-carcel.jpg","datePublished":"2026-04-27T22:28:03+00:00","dateModified":"2026-04-27T22:28:05+00:00","breadcrumb":{"@id":"https:\/\/diarioellabrador.cl\/index.php\/2026\/04\/27\/sujeto-que-se-tomo-un-departamento-en-la-poblacion-padre-hurtado-debera-cumplir-pena-de-tres-anos-de-carcel\/#breadcrumb"},"inLanguage":"es","potentialAction":[{"@type":"ReadAction","target":["https:\/\/diarioellabrador.cl\/index.php\/2026\/04\/27\/sujeto-que-se-tomo-un-departamento-en-la-poblacion-padre-hurtado-debera-cumplir-pena-de-tres-anos-de-carcel\/"]}]},{"@type":"ImageObject","inLanguage":"es","@id":"https:\/\/diarioellabrador.cl\/index.php\/2026\/04\/27\/sujeto-que-se-tomo-un-departamento-en-la-poblacion-padre-hurtado-debera-cumplir-pena-de-tres-anos-de-carcel\/#primaryimage","url":"https:\/\/diarioellabrador.cl\/wp-content\/uploads\/2026\/04\/Sujeto-que-se-tomo-un-departamento-en-la-poblacion-Padre-Hurtado-debera-cumplir-pena-de-tres-anos-de-carcel.jpg","contentUrl":"https:\/\/diarioellabrador.cl\/wp-content\/uploads\/2026\/04\/Sujeto-que-se-tomo-un-departamento-en-la-poblacion-Padre-Hurtado-debera-cumplir-pena-de-tres-anos-de-carcel.jpg","width":1200,"height":800},{"@type":"BreadcrumbList","@id":"https:\/\/diarioellabrador.cl\/index.php\/2026\/04\/27\/sujeto-que-se-tomo-un-departamento-en-la-poblacion-padre-hurtado-debera-cumplir-pena-de-tres-anos-de-carcel\/#breadcrumb","itemListElement":[{"@type":"ListItem","position":1,"name":"Portada","item":"https:\/\/diarioellabrador.cl\/"},{"@type":"ListItem","position":2,"name":"Sujeto que se tom\u00f3 un departamento en la poblaci\u00f3n Padre Hurtado deber\u00e1 cumplir pena de tres a\u00f1os de c\u00e1rcel"}]},{"@type":"WebSite","@id":"https:\/\/diarioellabrador.cl\/#website","url":"https:\/\/diarioellabrador.cl\/","name":"Diario El Labrador","description":"Haciendo noticia desde 1921","publisher":{"@id":"https:\/\/diarioellabrador.cl\/#organization"},"potentialAction":[{"@type":"SearchAction","target":{"@type":"EntryPoint","urlTemplate":"https:\/\/diarioellabrador.cl\/?s={search_term_string}"},"query-input":{"@type":"PropertyValueSpecification","valueRequired":true,"valueName":"search_term_string"}}],"inLanguage":"es"},{"@type":"Organization","@id":"https:\/\/diarioellabrador.cl\/#organization","name":"Diario El Labrador","url":"https:\/\/diarioellabrador.cl\/","logo":{"@type":"ImageObject","inLanguage":"es","@id":"https:\/\/diarioellabrador.cl\/#\/schema\/logo\/image\/","url":"https:\/\/diarioellabrador.cl\/wp-content\/uploads\/2025\/02\/cropped-Logo-Icono.png","contentUrl":"https:\/\/diarioellabrador.cl\/wp-content\/uploads\/2025\/02\/cropped-Logo-Icono.png","width":512,"height":512,"caption":"Diario El Labrador"},"image":{"@id":"https:\/\/diarioellabrador.cl\/#\/schema\/logo\/image\/"},"sameAs":["https:\/\/web.facebook.com\/profile.php?id=61576120840621","https:\/\/x.com\/ElLabradorOf","https:\/\/www.instagram.com\/diarioellabradoroficial\/"]},{"@type":"Person","@id":"https:\/\/diarioellabrador.cl\/#\/schema\/person\/bc25ff80b4563f9c7f4bd7855df01685","name":"Editor","image":{"@type":"ImageObject","inLanguage":"es","@id":"https:\/\/secure.gravatar.com\/avatar\/109c326cf2be5c04f048c2c2a2b8b6ef44bf3d8d1d3d4c55d0ac40c4bc994684?s=96&d=mm&r=g","url":"https:\/\/secure.gravatar.com\/avatar\/109c326cf2be5c04f048c2c2a2b8b6ef44bf3d8d1d3d4c55d0ac40c4bc994684?s=96&d=mm&r=g","contentUrl":"https:\/\/secure.gravatar.com\/avatar\/109c326cf2be5c04f048c2c2a2b8b6ef44bf3d8d1d3d4c55d0ac40c4bc994684?s=96&d=mm&r=g","caption":"Editor"},"url":"https:\/\/diarioellabrador.cl\/index.php\/author\/editor\/"}]}},"_links":{"self":[{"href":"https:\/\/diarioellabrador.cl\/index.php\/wp-json\/wp\/v2\/posts\/18614","targetHints":{"allow":["GET"]}}],"collection":[{"href":"https:\/\/diarioellabrador.cl\/index.php\/wp-json\/wp\/v2\/posts"}],"about":[{"href":"https:\/\/diarioellabrador.cl\/index.php\/wp-json\/wp\/v2\/types\/post"}],"author":[{"embeddable":true,"href":"https:\/\/diarioellabrador.cl\/index.php\/wp-json\/wp\/v2\/users\/2"}],"replies":[{"embeddable":true,"href":"https:\/\/diarioellabrador.cl\/index.php\/wp-json\/wp\/v2\/comments?post=18614"}],"version-history":[{"count":1,"href":"https:\/\/diarioellabrador.cl\/index.php\/wp-json\/wp\/v2\/posts\/18614\/revisions"}],"predecessor-version":[{"id":18615,"href":"https:\/\/diarioellabrador.cl\/index.php\/wp-json\/wp\/v2\/posts\/18614\/revisions\/18615"}],"wp:featuredmedia":[{"embeddable":true,"href":"https:\/\/diarioellabrador.cl\/index.php\/wp-json\/wp\/v2\/media\/18583"}],"wp:attachment":[{"href":"https:\/\/diarioellabrador.cl\/index.php\/wp-json\/wp\/v2\/media?parent=18614"}],"wp:term":[{"taxonomy":"category","embeddable":true,"href":"https:\/\/diarioellabrador.cl\/index.php\/wp-json\/wp\/v2\/categories?post=18614"},{"taxonomy":"post_tag","embeddable":true,"href":"https:\/\/diarioellabrador.cl\/index.php\/wp-json\/wp\/v2\/tags?post=18614"}],"curies":[{"name":"wp","href":"https:\/\/api.w.org\/{rel}","templated":true}]}}