{"id":18612,"date":"2026-04-27T18:27:22","date_gmt":"2026-04-27T22:27:22","guid":{"rendered":"https:\/\/diarioellabrador.cl\/?p=18612"},"modified":"2026-04-27T18:27:24","modified_gmt":"2026-04-27T22:27:24","slug":"sevilla-huyo-de-sus-hinchas-a-200km-h-la-noche-de-pavor-del-plantel-de-sanchez-y-suazo-en-espana","status":"publish","type":"post","link":"https:\/\/diarioellabrador.cl\/index.php\/2026\/04\/27\/sevilla-huyo-de-sus-hinchas-a-200km-h-la-noche-de-pavor-del-plantel-de-sanchez-y-suazo-en-espana\/","title":{"rendered":"Sevilla huy\u00f3 de sus hinchas a 200km\/h: la \u00abnoche de pavor\u00bb del plantel de S\u00e1nchez y Suazo en Espa\u00f1a"},"content":{"rendered":"\n<p>El <strong>Sevilla<\/strong>, equipo de los chilenos <strong>Alexis S\u00e1nchez y Gabriel Suazo<\/strong>, vive una pesadilla en <a href=\"https:\/\/www.laliga.com\/\" target=\"_blank\" rel=\"noreferrer noopener\">LaLiga<\/a> de Espa\u00f1a.<\/p>\n\n\n\n<p>El conjunto andaluz, que este domingo perdi\u00f3 2-1 en su visita a Osasuna, cay\u00f3 a la zona de descenso y su horrible manera de jugar no da muchas esperanzas a sus hinchas con cinco fechas por disputarse.<\/p>\n\n\n\n<p>Y es que la fanaticada de Nervi\u00f3n ya perdi\u00f3 la paciencia. Y prueba de eso fue el -nuevamente- hostil recibimiento al plantel en su regreso a la ciudad.<\/p>\n\n\n\n<p>De acuerdo a <a href=\"https:\/\/www.mundodeportivo.com\/futbol\/sevilla\/20260427\/1004175732\/noche-pavor-sevilla-imagen-dantesca-escoltados-policia-200-km-hora.html\" target=\"_blank\" rel=\"noreferrer noopener\">Mundo Deportivo<\/a>, los jugadores andaluces tuvieron una \u201cnoche de pavor\u201d tras la vuelta desde Pamplona: fueron recibidos con insultos, debieron ser escoltados por la Polic\u00eda <strong>y varios huyeron a alta velocidad para evitar ser encaradas por los hinchas<\/strong>.<\/p>\n\n\n\n<p>El medio <a href=\"https:\/\/www.cope.es\/deportes\/futbol\" target=\"_blank\" rel=\"noreferrer noopener\">COPE<\/a>, que aguard\u00f3 por el arribo del plantel a la Ciudad Deportiva del Sevilla, dio m\u00e1s detalles de la escena.<\/p>\n\n\n\n<p><strong>\u201cLa situaci\u00f3n era dantesca. Han llegado a la Ciudad Deportiva absolutamente escoltados por la polic\u00eda<\/strong>, por tres furgones policiales y no han utilizado el bus oficial para intentar pasar desapercibidos\u201d, contaron.<\/p>\n\n\n\n<p>Eso no fue todo. Tras ingresar al complejo, los agentes policiales tuvieron que custodiar la salida de los futbolistas para evitar incidentes mayores.<\/p>\n\n\n\n<p><strong>\u201cLos jugadores han salido en sus coches a 200 kil\u00f3metros por hora. Hab\u00eda como 80 aficionados que han gritado e insultado<\/strong>, pero afortunadamente la polic\u00eda lo ten\u00eda controlado. La imagen fue dantesca, de un Sevilla destrozado, tirado aqu\u00ed en la Ciudad Deportiva, en la que los jugadores tienen que irse a toda velocidad\u201d, a\u00f1adieron desde COPE.<\/p>\n","protected":false},"excerpt":{"rendered":"<p>El Sevilla, equipo de los chilenos Alexis S\u00e1nchez y Gabriel Suazo, vive una pesadilla en LaLiga de Espa\u00f1a. El conjunto andaluz, que este domingo perdi\u00f3 2-1 en su visita a Osasuna, cay\u00f3 a la zona de descenso y su horrible manera de jugar no da muchas esperanzas a sus hinchas con cinco fechas por disputarse.<\/p>\n<div class=\"read-more-wrapper\"><a class=\"read-more\" href=\"https:\/\/diarioellabrador.cl\/index.php\/2026\/04\/27\/sevilla-huyo-de-sus-hinchas-a-200km-h-la-noche-de-pavor-del-plantel-de-sanchez-y-suazo-en-espana\/\" title=\"Leer m\u00e1s\"> <span class=\"button \">Leer m\u00e1s<\/span><\/a><\/div>\n","protected":false},"author":2,"featured_media":18602,"comment_status":"open","ping_status":"open","sticky":false,"template":"","format":"standard","meta":{"footnotes":""},"categories":[4],"tags":[],"class_list":["post-18612","post","type-post","status-publish","format-standard","has-post-thumbnail","hentry","category-deportes"],"yoast_head":"<!-- This site is optimized with the Yoast SEO plugin v27.5 - https:\/\/yoast.com\/product\/yoast-seo-wordpress\/ -->\n<title>Sevilla huy\u00f3 de sus hinchas a 200km\/h: la &quot;noche de pavor&quot; del plantel de S\u00e1nchez y Suazo en Espa\u00f1a - Diario El Labrador<\/title>\n<meta name=\"robots\" content=\"index, follow, max-snippet:-1, max-image-preview:large, max-video-preview:-1\" \/>\n<link rel=\"canonical\" href=\"https:\/\/diarioellabrador.cl\/index.php\/2026\/04\/27\/sevilla-huyo-de-sus-hinchas-a-200km-h-la-noche-de-pavor-del-plantel-de-sanchez-y-suazo-en-espana\/\" \/>\n<meta property=\"og:locale\" content=\"es_ES\" \/>\n<meta property=\"og:type\" content=\"article\" \/>\n<meta property=\"og:title\" content=\"Sevilla huy\u00f3 de sus hinchas a 200km\/h: la &quot;noche de pavor&quot; del plantel de S\u00e1nchez y Suazo en Espa\u00f1a - Diario El Labrador\" \/>\n<meta property=\"og:description\" content=\"El Sevilla, equipo de los chilenos Alexis S\u00e1nchez y Gabriel Suazo, vive una pesadilla en LaLiga de Espa\u00f1a. El conjunto andaluz, que este domingo perdi\u00f3 2-1 en su visita a Osasuna, cay\u00f3 a la zona de descenso y su horrible manera de jugar no da muchas esperanzas a sus hinchas con cinco fechas por disputarse. Leer m\u00e1s\" \/>\n<meta property=\"og:url\" content=\"https:\/\/diarioellabrador.cl\/index.php\/2026\/04\/27\/sevilla-huyo-de-sus-hinchas-a-200km-h-la-noche-de-pavor-del-plantel-de-sanchez-y-suazo-en-espana\/\" \/>\n<meta property=\"og:site_name\" content=\"Diario El Labrador\" \/>\n<meta property=\"article:publisher\" content=\"https:\/\/web.facebook.com\/profile.php?id=61576120840621\" \/>\n<meta property=\"article:published_time\" content=\"2026-04-27T22:27:22+00:00\" \/>\n<meta property=\"article:modified_time\" content=\"2026-04-27T22:27:24+00:00\" \/>\n<meta property=\"og:image\" content=\"https:\/\/diarioellabrador.cl\/wp-content\/uploads\/2026\/04\/Sevilla-huyo-de-sus-hinchas-a-200kmh-la-noche-de-pavor-del-plantel-de-Sanchez-y-Suazo-en-Espana.jpg\" \/>\n\t<meta property=\"og:image:width\" content=\"1200\" \/>\n\t<meta property=\"og:image:height\" content=\"800\" \/>\n\t<meta property=\"og:image:type\" content=\"image\/jpeg\" \/>\n<meta name=\"author\" content=\"Editor\" \/>\n<meta name=\"twitter:card\" content=\"summary_large_image\" \/>\n<meta name=\"twitter:creator\" content=\"@ElLabradorOf\" \/>\n<meta name=\"twitter:site\" content=\"@ElLabradorOf\" \/>\n<meta name=\"twitter:label1\" content=\"Escrito por\" \/>\n\t<meta name=\"twitter:data1\" content=\"Editor\" \/>\n\t<meta name=\"twitter:label2\" content=\"Tiempo de lectura\" \/>\n\t<meta name=\"twitter:data2\" content=\"2 minutos\" \/>\n<script type=\"application\/ld+json\" class=\"yoast-schema-graph\">{\"@context\":\"https:\\\/\\\/schema.org\",\"@graph\":[{\"@type\":\"Article\",\"@id\":\"https:\\\/\\\/diarioellabrador.cl\\\/index.php\\\/2026\\\/04\\\/27\\\/sevilla-huyo-de-sus-hinchas-a-200km-h-la-noche-de-pavor-del-plantel-de-sanchez-y-suazo-en-espana\\\/#article\",\"isPartOf\":{\"@id\":\"https:\\\/\\\/diarioellabrador.cl\\\/index.php\\\/2026\\\/04\\\/27\\\/sevilla-huyo-de-sus-hinchas-a-200km-h-la-noche-de-pavor-del-plantel-de-sanchez-y-suazo-en-espana\\\/\"},\"author\":{\"name\":\"Editor\",\"@id\":\"https:\\\/\\\/diarioellabrador.cl\\\/#\\\/schema\\\/person\\\/bc25ff80b4563f9c7f4bd7855df01685\"},\"headline\":\"Sevilla huy\u00f3 de sus hinchas a 200km\\\/h: la \u00abnoche de pavor\u00bb del plantel de S\u00e1nchez y Suazo en Espa\u00f1a\",\"datePublished\":\"2026-04-27T22:27:22+00:00\",\"dateModified\":\"2026-04-27T22:27:24+00:00\",\"mainEntityOfPage\":{\"@id\":\"https:\\\/\\\/diarioellabrador.cl\\\/index.php\\\/2026\\\/04\\\/27\\\/sevilla-huyo-de-sus-hinchas-a-200km-h-la-noche-de-pavor-del-plantel-de-sanchez-y-suazo-en-espana\\\/\"},\"wordCount\":288,\"commentCount\":0,\"publisher\":{\"@id\":\"https:\\\/\\\/diarioellabrador.cl\\\/#organization\"},\"image\":{\"@id\":\"https:\\\/\\\/diarioellabrador.cl\\\/index.php\\\/2026\\\/04\\\/27\\\/sevilla-huyo-de-sus-hinchas-a-200km-h-la-noche-de-pavor-del-plantel-de-sanchez-y-suazo-en-espana\\\/#primaryimage\"},\"thumbnailUrl\":\"https:\\\/\\\/diarioellabrador.cl\\\/wp-content\\\/uploads\\\/2026\\\/04\\\/Sevilla-huyo-de-sus-hinchas-a-200kmh-la-noche-de-pavor-del-plantel-de-Sanchez-y-Suazo-en-Espana.jpg\",\"articleSection\":[\"Deportes\"],\"inLanguage\":\"es\",\"potentialAction\":[{\"@type\":\"CommentAction\",\"name\":\"Comment\",\"target\":[\"https:\\\/\\\/diarioellabrador.cl\\\/index.php\\\/2026\\\/04\\\/27\\\/sevilla-huyo-de-sus-hinchas-a-200km-h-la-noche-de-pavor-del-plantel-de-sanchez-y-suazo-en-espana\\\/#respond\"]}]},{\"@type\":\"WebPage\",\"@id\":\"https:\\\/\\\/diarioellabrador.cl\\\/index.php\\\/2026\\\/04\\\/27\\\/sevilla-huyo-de-sus-hinchas-a-200km-h-la-noche-de-pavor-del-plantel-de-sanchez-y-suazo-en-espana\\\/\",\"url\":\"https:\\\/\\\/diarioellabrador.cl\\\/index.php\\\/2026\\\/04\\\/27\\\/sevilla-huyo-de-sus-hinchas-a-200km-h-la-noche-de-pavor-del-plantel-de-sanchez-y-suazo-en-espana\\\/\",\"name\":\"Sevilla huy\u00f3 de sus hinchas a 200km\\\/h: la \\\"noche de pavor\\\" del plantel de S\u00e1nchez y Suazo en Espa\u00f1a - Diario El Labrador\",\"isPartOf\":{\"@id\":\"https:\\\/\\\/diarioellabrador.cl\\\/#website\"},\"primaryImageOfPage\":{\"@id\":\"https:\\\/\\\/diarioellabrador.cl\\\/index.php\\\/2026\\\/04\\\/27\\\/sevilla-huyo-de-sus-hinchas-a-200km-h-la-noche-de-pavor-del-plantel-de-sanchez-y-suazo-en-espana\\\/#primaryimage\"},\"image\":{\"@id\":\"https:\\\/\\\/diarioellabrador.cl\\\/index.php\\\/2026\\\/04\\\/27\\\/sevilla-huyo-de-sus-hinchas-a-200km-h-la-noche-de-pavor-del-plantel-de-sanchez-y-suazo-en-espana\\\/#primaryimage\"},\"thumbnailUrl\":\"https:\\\/\\\/diarioellabrador.cl\\\/wp-content\\\/uploads\\\/2026\\\/04\\\/Sevilla-huyo-de-sus-hinchas-a-200kmh-la-noche-de-pavor-del-plantel-de-Sanchez-y-Suazo-en-Espana.jpg\",\"datePublished\":\"2026-04-27T22:27:22+00:00\",\"dateModified\":\"2026-04-27T22:27:24+00:00\",\"breadcrumb\":{\"@id\":\"https:\\\/\\\/diarioellabrador.cl\\\/index.php\\\/2026\\\/04\\\/27\\\/sevilla-huyo-de-sus-hinchas-a-200km-h-la-noche-de-pavor-del-plantel-de-sanchez-y-suazo-en-espana\\\/#breadcrumb\"},\"inLanguage\":\"es\",\"potentialAction\":[{\"@type\":\"ReadAction\",\"target\":[\"https:\\\/\\\/diarioellabrador.cl\\\/index.php\\\/2026\\\/04\\\/27\\\/sevilla-huyo-de-sus-hinchas-a-200km-h-la-noche-de-pavor-del-plantel-de-sanchez-y-suazo-en-espana\\\/\"]}]},{\"@type\":\"ImageObject\",\"inLanguage\":\"es\",\"@id\":\"https:\\\/\\\/diarioellabrador.cl\\\/index.php\\\/2026\\\/04\\\/27\\\/sevilla-huyo-de-sus-hinchas-a-200km-h-la-noche-de-pavor-del-plantel-de-sanchez-y-suazo-en-espana\\\/#primaryimage\",\"url\":\"https:\\\/\\\/diarioellabrador.cl\\\/wp-content\\\/uploads\\\/2026\\\/04\\\/Sevilla-huyo-de-sus-hinchas-a-200kmh-la-noche-de-pavor-del-plantel-de-Sanchez-y-Suazo-en-Espana.jpg\",\"contentUrl\":\"https:\\\/\\\/diarioellabrador.cl\\\/wp-content\\\/uploads\\\/2026\\\/04\\\/Sevilla-huyo-de-sus-hinchas-a-200kmh-la-noche-de-pavor-del-plantel-de-Sanchez-y-Suazo-en-Espana.jpg\",\"width\":1200,\"height\":800},{\"@type\":\"BreadcrumbList\",\"@id\":\"https:\\\/\\\/diarioellabrador.cl\\\/index.php\\\/2026\\\/04\\\/27\\\/sevilla-huyo-de-sus-hinchas-a-200km-h-la-noche-de-pavor-del-plantel-de-sanchez-y-suazo-en-espana\\\/#breadcrumb\",\"itemListElement\":[{\"@type\":\"ListItem\",\"position\":1,\"name\":\"Portada\",\"item\":\"https:\\\/\\\/diarioellabrador.cl\\\/\"},{\"@type\":\"ListItem\",\"position\":2,\"name\":\"Sevilla huy\u00f3 de sus hinchas a 200km\\\/h: la \u00abnoche de pavor\u00bb del plantel de S\u00e1nchez y Suazo en Espa\u00f1a\"}]},{\"@type\":\"WebSite\",\"@id\":\"https:\\\/\\\/diarioellabrador.cl\\\/#website\",\"url\":\"https:\\\/\\\/diarioellabrador.cl\\\/\",\"name\":\"Diario El Labrador\",\"description\":\"Haciendo noticia desde 1921\",\"publisher\":{\"@id\":\"https:\\\/\\\/diarioellabrador.cl\\\/#organization\"},\"potentialAction\":[{\"@type\":\"SearchAction\",\"target\":{\"@type\":\"EntryPoint\",\"urlTemplate\":\"https:\\\/\\\/diarioellabrador.cl\\\/?s={search_term_string}\"},\"query-input\":{\"@type\":\"PropertyValueSpecification\",\"valueRequired\":true,\"valueName\":\"search_term_string\"}}],\"inLanguage\":\"es\"},{\"@type\":\"Organization\",\"@id\":\"https:\\\/\\\/diarioellabrador.cl\\\/#organization\",\"name\":\"Diario El Labrador\",\"url\":\"https:\\\/\\\/diarioellabrador.cl\\\/\",\"logo\":{\"@type\":\"ImageObject\",\"inLanguage\":\"es\",\"@id\":\"https:\\\/\\\/diarioellabrador.cl\\\/#\\\/schema\\\/logo\\\/image\\\/\",\"url\":\"https:\\\/\\\/diarioellabrador.cl\\\/wp-content\\\/uploads\\\/2025\\\/02\\\/cropped-Logo-Icono.png\",\"contentUrl\":\"https:\\\/\\\/diarioellabrador.cl\\\/wp-content\\\/uploads\\\/2025\\\/02\\\/cropped-Logo-Icono.png\",\"width\":512,\"height\":512,\"caption\":\"Diario El Labrador\"},\"image\":{\"@id\":\"https:\\\/\\\/diarioellabrador.cl\\\/#\\\/schema\\\/logo\\\/image\\\/\"},\"sameAs\":[\"https:\\\/\\\/web.facebook.com\\\/profile.php?id=61576120840621\",\"https:\\\/\\\/x.com\\\/ElLabradorOf\",\"https:\\\/\\\/www.instagram.com\\\/diarioellabradoroficial\\\/\"]},{\"@type\":\"Person\",\"@id\":\"https:\\\/\\\/diarioellabrador.cl\\\/#\\\/schema\\\/person\\\/bc25ff80b4563f9c7f4bd7855df01685\",\"name\":\"Editor\",\"image\":{\"@type\":\"ImageObject\",\"inLanguage\":\"es\",\"@id\":\"https:\\\/\\\/secure.gravatar.com\\\/avatar\\\/109c326cf2be5c04f048c2c2a2b8b6ef44bf3d8d1d3d4c55d0ac40c4bc994684?s=96&d=mm&r=g\",\"url\":\"https:\\\/\\\/secure.gravatar.com\\\/avatar\\\/109c326cf2be5c04f048c2c2a2b8b6ef44bf3d8d1d3d4c55d0ac40c4bc994684?s=96&d=mm&r=g\",\"contentUrl\":\"https:\\\/\\\/secure.gravatar.com\\\/avatar\\\/109c326cf2be5c04f048c2c2a2b8b6ef44bf3d8d1d3d4c55d0ac40c4bc994684?s=96&d=mm&r=g\",\"caption\":\"Editor\"},\"url\":\"https:\\\/\\\/diarioellabrador.cl\\\/index.php\\\/author\\\/editor\\\/\"}]}<\/script>\n<!-- \/ Yoast SEO plugin. -->","yoast_head_json":{"title":"Sevilla huy\u00f3 de sus hinchas a 200km\/h: la \"noche de pavor\" del plantel de S\u00e1nchez y Suazo en Espa\u00f1a - Diario El Labrador","robots":{"index":"index","follow":"follow","max-snippet":"max-snippet:-1","max-image-preview":"max-image-preview:large","max-video-preview":"max-video-preview:-1"},"canonical":"https:\/\/diarioellabrador.cl\/index.php\/2026\/04\/27\/sevilla-huyo-de-sus-hinchas-a-200km-h-la-noche-de-pavor-del-plantel-de-sanchez-y-suazo-en-espana\/","og_locale":"es_ES","og_type":"article","og_title":"Sevilla huy\u00f3 de sus hinchas a 200km\/h: la \"noche de pavor\" del plantel de S\u00e1nchez y Suazo en Espa\u00f1a - Diario El Labrador","og_description":"El Sevilla, equipo de los chilenos Alexis S\u00e1nchez y Gabriel Suazo, vive una pesadilla en LaLiga de Espa\u00f1a. El conjunto andaluz, que este domingo perdi\u00f3 2-1 en su visita a Osasuna, cay\u00f3 a la zona de descenso y su horrible manera de jugar no da muchas esperanzas a sus hinchas con cinco fechas por disputarse. Leer m\u00e1s","og_url":"https:\/\/diarioellabrador.cl\/index.php\/2026\/04\/27\/sevilla-huyo-de-sus-hinchas-a-200km-h-la-noche-de-pavor-del-plantel-de-sanchez-y-suazo-en-espana\/","og_site_name":"Diario El Labrador","article_publisher":"https:\/\/web.facebook.com\/profile.php?id=61576120840621","article_published_time":"2026-04-27T22:27:22+00:00","article_modified_time":"2026-04-27T22:27:24+00:00","og_image":[{"width":1200,"height":800,"url":"https:\/\/diarioellabrador.cl\/wp-content\/uploads\/2026\/04\/Sevilla-huyo-de-sus-hinchas-a-200kmh-la-noche-de-pavor-del-plantel-de-Sanchez-y-Suazo-en-Espana.jpg","type":"image\/jpeg"}],"author":"Editor","twitter_card":"summary_large_image","twitter_creator":"@ElLabradorOf","twitter_site":"@ElLabradorOf","twitter_misc":{"Escrito por":"Editor","Tiempo de lectura":"2 minutos"},"schema":{"@context":"https:\/\/schema.org","@graph":[{"@type":"Article","@id":"https:\/\/diarioellabrador.cl\/index.php\/2026\/04\/27\/sevilla-huyo-de-sus-hinchas-a-200km-h-la-noche-de-pavor-del-plantel-de-sanchez-y-suazo-en-espana\/#article","isPartOf":{"@id":"https:\/\/diarioellabrador.cl\/index.php\/2026\/04\/27\/sevilla-huyo-de-sus-hinchas-a-200km-h-la-noche-de-pavor-del-plantel-de-sanchez-y-suazo-en-espana\/"},"author":{"name":"Editor","@id":"https:\/\/diarioellabrador.cl\/#\/schema\/person\/bc25ff80b4563f9c7f4bd7855df01685"},"headline":"Sevilla huy\u00f3 de sus hinchas a 200km\/h: la \u00abnoche de pavor\u00bb del plantel de S\u00e1nchez y Suazo en Espa\u00f1a","datePublished":"2026-04-27T22:27:22+00:00","dateModified":"2026-04-27T22:27:24+00:00","mainEntityOfPage":{"@id":"https:\/\/diarioellabrador.cl\/index.php\/2026\/04\/27\/sevilla-huyo-de-sus-hinchas-a-200km-h-la-noche-de-pavor-del-plantel-de-sanchez-y-suazo-en-espana\/"},"wordCount":288,"commentCount":0,"publisher":{"@id":"https:\/\/diarioellabrador.cl\/#organization"},"image":{"@id":"https:\/\/diarioellabrador.cl\/index.php\/2026\/04\/27\/sevilla-huyo-de-sus-hinchas-a-200km-h-la-noche-de-pavor-del-plantel-de-sanchez-y-suazo-en-espana\/#primaryimage"},"thumbnailUrl":"https:\/\/diarioellabrador.cl\/wp-content\/uploads\/2026\/04\/Sevilla-huyo-de-sus-hinchas-a-200kmh-la-noche-de-pavor-del-plantel-de-Sanchez-y-Suazo-en-Espana.jpg","articleSection":["Deportes"],"inLanguage":"es","potentialAction":[{"@type":"CommentAction","name":"Comment","target":["https:\/\/diarioellabrador.cl\/index.php\/2026\/04\/27\/sevilla-huyo-de-sus-hinchas-a-200km-h-la-noche-de-pavor-del-plantel-de-sanchez-y-suazo-en-espana\/#respond"]}]},{"@type":"WebPage","@id":"https:\/\/diarioellabrador.cl\/index.php\/2026\/04\/27\/sevilla-huyo-de-sus-hinchas-a-200km-h-la-noche-de-pavor-del-plantel-de-sanchez-y-suazo-en-espana\/","url":"https:\/\/diarioellabrador.cl\/index.php\/2026\/04\/27\/sevilla-huyo-de-sus-hinchas-a-200km-h-la-noche-de-pavor-del-plantel-de-sanchez-y-suazo-en-espana\/","name":"Sevilla huy\u00f3 de sus hinchas a 200km\/h: la \"noche de pavor\" del plantel de S\u00e1nchez y Suazo en Espa\u00f1a - Diario El Labrador","isPartOf":{"@id":"https:\/\/diarioellabrador.cl\/#website"},"primaryImageOfPage":{"@id":"https:\/\/diarioellabrador.cl\/index.php\/2026\/04\/27\/sevilla-huyo-de-sus-hinchas-a-200km-h-la-noche-de-pavor-del-plantel-de-sanchez-y-suazo-en-espana\/#primaryimage"},"image":{"@id":"https:\/\/diarioellabrador.cl\/index.php\/2026\/04\/27\/sevilla-huyo-de-sus-hinchas-a-200km-h-la-noche-de-pavor-del-plantel-de-sanchez-y-suazo-en-espana\/#primaryimage"},"thumbnailUrl":"https:\/\/diarioellabrador.cl\/wp-content\/uploads\/2026\/04\/Sevilla-huyo-de-sus-hinchas-a-200kmh-la-noche-de-pavor-del-plantel-de-Sanchez-y-Suazo-en-Espana.jpg","datePublished":"2026-04-27T22:27:22+00:00","dateModified":"2026-04-27T22:27:24+00:00","breadcrumb":{"@id":"https:\/\/diarioellabrador.cl\/index.php\/2026\/04\/27\/sevilla-huyo-de-sus-hinchas-a-200km-h-la-noche-de-pavor-del-plantel-de-sanchez-y-suazo-en-espana\/#breadcrumb"},"inLanguage":"es","potentialAction":[{"@type":"ReadAction","target":["https:\/\/diarioellabrador.cl\/index.php\/2026\/04\/27\/sevilla-huyo-de-sus-hinchas-a-200km-h-la-noche-de-pavor-del-plantel-de-sanchez-y-suazo-en-espana\/"]}]},{"@type":"ImageObject","inLanguage":"es","@id":"https:\/\/diarioellabrador.cl\/index.php\/2026\/04\/27\/sevilla-huyo-de-sus-hinchas-a-200km-h-la-noche-de-pavor-del-plantel-de-sanchez-y-suazo-en-espana\/#primaryimage","url":"https:\/\/diarioellabrador.cl\/wp-content\/uploads\/2026\/04\/Sevilla-huyo-de-sus-hinchas-a-200kmh-la-noche-de-pavor-del-plantel-de-Sanchez-y-Suazo-en-Espana.jpg","contentUrl":"https:\/\/diarioellabrador.cl\/wp-content\/uploads\/2026\/04\/Sevilla-huyo-de-sus-hinchas-a-200kmh-la-noche-de-pavor-del-plantel-de-Sanchez-y-Suazo-en-Espana.jpg","width":1200,"height":800},{"@type":"BreadcrumbList","@id":"https:\/\/diarioellabrador.cl\/index.php\/2026\/04\/27\/sevilla-huyo-de-sus-hinchas-a-200km-h-la-noche-de-pavor-del-plantel-de-sanchez-y-suazo-en-espana\/#breadcrumb","itemListElement":[{"@type":"ListItem","position":1,"name":"Portada","item":"https:\/\/diarioellabrador.cl\/"},{"@type":"ListItem","position":2,"name":"Sevilla huy\u00f3 de sus hinchas a 200km\/h: la \u00abnoche de pavor\u00bb del plantel de S\u00e1nchez y Suazo en Espa\u00f1a"}]},{"@type":"WebSite","@id":"https:\/\/diarioellabrador.cl\/#website","url":"https:\/\/diarioellabrador.cl\/","name":"Diario El Labrador","description":"Haciendo noticia desde 1921","publisher":{"@id":"https:\/\/diarioellabrador.cl\/#organization"},"potentialAction":[{"@type":"SearchAction","target":{"@type":"EntryPoint","urlTemplate":"https:\/\/diarioellabrador.cl\/?s={search_term_string}"},"query-input":{"@type":"PropertyValueSpecification","valueRequired":true,"valueName":"search_term_string"}}],"inLanguage":"es"},{"@type":"Organization","@id":"https:\/\/diarioellabrador.cl\/#organization","name":"Diario El Labrador","url":"https:\/\/diarioellabrador.cl\/","logo":{"@type":"ImageObject","inLanguage":"es","@id":"https:\/\/diarioellabrador.cl\/#\/schema\/logo\/image\/","url":"https:\/\/diarioellabrador.cl\/wp-content\/uploads\/2025\/02\/cropped-Logo-Icono.png","contentUrl":"https:\/\/diarioellabrador.cl\/wp-content\/uploads\/2025\/02\/cropped-Logo-Icono.png","width":512,"height":512,"caption":"Diario El Labrador"},"image":{"@id":"https:\/\/diarioellabrador.cl\/#\/schema\/logo\/image\/"},"sameAs":["https:\/\/web.facebook.com\/profile.php?id=61576120840621","https:\/\/x.com\/ElLabradorOf","https:\/\/www.instagram.com\/diarioellabradoroficial\/"]},{"@type":"Person","@id":"https:\/\/diarioellabrador.cl\/#\/schema\/person\/bc25ff80b4563f9c7f4bd7855df01685","name":"Editor","image":{"@type":"ImageObject","inLanguage":"es","@id":"https:\/\/secure.gravatar.com\/avatar\/109c326cf2be5c04f048c2c2a2b8b6ef44bf3d8d1d3d4c55d0ac40c4bc994684?s=96&d=mm&r=g","url":"https:\/\/secure.gravatar.com\/avatar\/109c326cf2be5c04f048c2c2a2b8b6ef44bf3d8d1d3d4c55d0ac40c4bc994684?s=96&d=mm&r=g","contentUrl":"https:\/\/secure.gravatar.com\/avatar\/109c326cf2be5c04f048c2c2a2b8b6ef44bf3d8d1d3d4c55d0ac40c4bc994684?s=96&d=mm&r=g","caption":"Editor"},"url":"https:\/\/diarioellabrador.cl\/index.php\/author\/editor\/"}]}},"_links":{"self":[{"href":"https:\/\/diarioellabrador.cl\/index.php\/wp-json\/wp\/v2\/posts\/18612","targetHints":{"allow":["GET"]}}],"collection":[{"href":"https:\/\/diarioellabrador.cl\/index.php\/wp-json\/wp\/v2\/posts"}],"about":[{"href":"https:\/\/diarioellabrador.cl\/index.php\/wp-json\/wp\/v2\/types\/post"}],"author":[{"embeddable":true,"href":"https:\/\/diarioellabrador.cl\/index.php\/wp-json\/wp\/v2\/users\/2"}],"replies":[{"embeddable":true,"href":"https:\/\/diarioellabrador.cl\/index.php\/wp-json\/wp\/v2\/comments?post=18612"}],"version-history":[{"count":1,"href":"https:\/\/diarioellabrador.cl\/index.php\/wp-json\/wp\/v2\/posts\/18612\/revisions"}],"predecessor-version":[{"id":18613,"href":"https:\/\/diarioellabrador.cl\/index.php\/wp-json\/wp\/v2\/posts\/18612\/revisions\/18613"}],"wp:featuredmedia":[{"embeddable":true,"href":"https:\/\/diarioellabrador.cl\/index.php\/wp-json\/wp\/v2\/media\/18602"}],"wp:attachment":[{"href":"https:\/\/diarioellabrador.cl\/index.php\/wp-json\/wp\/v2\/media?parent=18612"}],"wp:term":[{"taxonomy":"category","embeddable":true,"href":"https:\/\/diarioellabrador.cl\/index.php\/wp-json\/wp\/v2\/categories?post=18612"},{"taxonomy":"post_tag","embeddable":true,"href":"https:\/\/diarioellabrador.cl\/index.php\/wp-json\/wp\/v2\/tags?post=18612"}],"curies":[{"name":"wp","href":"https:\/\/api.w.org\/{rel}","templated":true}]}}