{"id":18610,"date":"2026-04-27T18:26:49","date_gmt":"2026-04-27T22:26:49","guid":{"rendered":"https:\/\/diarioellabrador.cl\/?p=18610"},"modified":"2026-04-27T18:26:50","modified_gmt":"2026-04-27T22:26:50","slug":"ricardo-rodriguez-reconoce-que-jamas-fue-llamado-desde-la-roja-podria-haber-jugado-por-chile","status":"publish","type":"post","link":"https:\/\/diarioellabrador.cl\/index.php\/2026\/04\/27\/ricardo-rodriguez-reconoce-que-jamas-fue-llamado-desde-la-roja-podria-haber-jugado-por-chile\/","title":{"rendered":"Ricardo Rodr\u00edguez reconoce que jam\u00e1s fue llamado desde La Roja: \u00abPodr\u00eda haber jugado por Chile\u00bb"},"content":{"rendered":"\n<p>El futbolista suizo-chileno <strong>Ricardo Rodr\u00edguez<\/strong>, actual jugador del Real Betis, reconoci\u00f3 de qu\u00e9 equipo de nuestro pa\u00eds es hincha.<\/p>\n\n\n\n<p>El seleccionado helv\u00e9tico, de madre chilena, admiti\u00f3 que de peque\u00f1o tuvo fascinaci\u00f3n por Colo Colo.<\/p>\n\n\n\n<p><strong>\u201cA mi mam\u00e1 le gustaba Colo Colo y, como le gustaba a ella, tambi\u00e9n a m\u00ed. Tambi\u00e9n soy de Colo Colo. A mis abuelos tambi\u00e9n les gustaba mucho Colo Colo\u201d<\/strong>, dijo Rodr\u00edguez, en entrevista con ESPN.<\/p>\n\n\n\n<p><strong>\u201cA mi mam\u00e1 le gustaba Colo Colo y, como le gustaba a ella, tambi\u00e9n a m\u00ed. Tambi\u00e9n soy de Colo Colo. A mis abuelos tambi\u00e9n les gustaba mucho Colo Colo\u201d<\/strong>, dijo Rodr\u00edguez, en entrevista con ESPN.<\/p>\n\n\n\n<p>Adem\u00e1s, si bien no conoce nuestro pa\u00eds, el jugador del Real Betis reconoci\u00f3 que uno de sus sue\u00f1os es viajar a Chile.<\/p>\n\n\n\n<p>\u201cNunca fui a Chile y quiero ir. Para m\u00ed es muy importante conocer eso. Es la familia de mi madre, que aun est\u00e1n ah\u00ed. <strong>Cuando termine el f\u00fatbol, la primera cosa que har\u00e9 es ir a Chile\u201d<\/strong>, coment\u00f3 Ricardo Rodr\u00edguez.<\/p>\n\n\n\n<p>El seleccionado suizo tambi\u00e9n habl\u00f3 sobre la opci\u00f3n de haber vestido la camiseta de La Roja, recalcando que nunca le lleg\u00f3 una invitaci\u00f3n formal para jugar por Chile.<\/p>\n\n\n\n<p>&nbsp;\u201cSi hubiese existido la oportunidad de jugar por los dos, me lo habr\u00eda pensado. Pero yo nunca la tuve, solo la suiza. Mi madre me hubiese dicho \u2018tu tienes que decidir\u2019. Pero como yo la quiero tanto, podr\u00eda haber jugador por Chile\u201d, concluy\u00f3 Rodr\u00edguez.<\/p>\n","protected":false},"excerpt":{"rendered":"<p>El futbolista suizo-chileno Ricardo Rodr\u00edguez, actual jugador del Real Betis, reconoci\u00f3 de qu\u00e9 equipo de nuestro pa\u00eds es hincha. El seleccionado helv\u00e9tico, de madre chilena, admiti\u00f3 que de peque\u00f1o tuvo fascinaci\u00f3n por Colo Colo. \u201cA mi mam\u00e1 le gustaba Colo Colo y, como le gustaba a ella, tambi\u00e9n a m\u00ed. Tambi\u00e9n soy de Colo Colo.<\/p>\n<div class=\"read-more-wrapper\"><a class=\"read-more\" href=\"https:\/\/diarioellabrador.cl\/index.php\/2026\/04\/27\/ricardo-rodriguez-reconoce-que-jamas-fue-llamado-desde-la-roja-podria-haber-jugado-por-chile\/\" title=\"Leer m\u00e1s\"> <span class=\"button \">Leer m\u00e1s<\/span><\/a><\/div>\n","protected":false},"author":2,"featured_media":18601,"comment_status":"open","ping_status":"open","sticky":false,"template":"","format":"standard","meta":{"footnotes":""},"categories":[4],"tags":[],"class_list":["post-18610","post","type-post","status-publish","format-standard","has-post-thumbnail","hentry","category-deportes"],"yoast_head":"<!-- This site is optimized with the Yoast SEO plugin v27.5 - https:\/\/yoast.com\/product\/yoast-seo-wordpress\/ -->\n<title>Ricardo Rodr\u00edguez reconoce que jam\u00e1s fue llamado desde La Roja: &quot;Podr\u00eda haber jugado por Chile&quot; - Diario El Labrador<\/title>\n<meta name=\"robots\" content=\"index, follow, max-snippet:-1, max-image-preview:large, max-video-preview:-1\" \/>\n<link rel=\"canonical\" href=\"https:\/\/diarioellabrador.cl\/index.php\/2026\/04\/27\/ricardo-rodriguez-reconoce-que-jamas-fue-llamado-desde-la-roja-podria-haber-jugado-por-chile\/\" \/>\n<meta property=\"og:locale\" content=\"es_ES\" \/>\n<meta property=\"og:type\" content=\"article\" \/>\n<meta property=\"og:title\" content=\"Ricardo Rodr\u00edguez reconoce que jam\u00e1s fue llamado desde La Roja: &quot;Podr\u00eda haber jugado por Chile&quot; - Diario El Labrador\" \/>\n<meta property=\"og:description\" content=\"El futbolista suizo-chileno Ricardo Rodr\u00edguez, actual jugador del Real Betis, reconoci\u00f3 de qu\u00e9 equipo de nuestro pa\u00eds es hincha. El seleccionado helv\u00e9tico, de madre chilena, admiti\u00f3 que de peque\u00f1o tuvo fascinaci\u00f3n por Colo Colo. \u201cA mi mam\u00e1 le gustaba Colo Colo y, como le gustaba a ella, tambi\u00e9n a m\u00ed. Tambi\u00e9n soy de Colo Colo. Leer m\u00e1s\" \/>\n<meta property=\"og:url\" content=\"https:\/\/diarioellabrador.cl\/index.php\/2026\/04\/27\/ricardo-rodriguez-reconoce-que-jamas-fue-llamado-desde-la-roja-podria-haber-jugado-por-chile\/\" \/>\n<meta property=\"og:site_name\" content=\"Diario El Labrador\" \/>\n<meta property=\"article:publisher\" content=\"https:\/\/web.facebook.com\/profile.php?id=61576120840621\" \/>\n<meta property=\"article:published_time\" content=\"2026-04-27T22:26:49+00:00\" \/>\n<meta property=\"article:modified_time\" content=\"2026-04-27T22:26:50+00:00\" \/>\n<meta property=\"og:image\" content=\"https:\/\/diarioellabrador.cl\/wp-content\/uploads\/2026\/04\/Ricardo-Rodriguez-reconoce-que-jamas-fue-llamado-desde-La-Roja-Podria-haber-jugado-por-Chile.jpg\" \/>\n\t<meta property=\"og:image:width\" content=\"1200\" \/>\n\t<meta property=\"og:image:height\" content=\"740\" \/>\n\t<meta property=\"og:image:type\" content=\"image\/jpeg\" \/>\n<meta name=\"author\" content=\"Editor\" \/>\n<meta name=\"twitter:card\" content=\"summary_large_image\" \/>\n<meta name=\"twitter:creator\" content=\"@ElLabradorOf\" \/>\n<meta name=\"twitter:site\" content=\"@ElLabradorOf\" \/>\n<meta name=\"twitter:label1\" content=\"Escrito por\" \/>\n\t<meta name=\"twitter:data1\" content=\"Editor\" \/>\n\t<meta name=\"twitter:label2\" content=\"Tiempo de lectura\" \/>\n\t<meta name=\"twitter:data2\" content=\"2 minutos\" \/>\n<script type=\"application\/ld+json\" class=\"yoast-schema-graph\">{\"@context\":\"https:\\\/\\\/schema.org\",\"@graph\":[{\"@type\":\"Article\",\"@id\":\"https:\\\/\\\/diarioellabrador.cl\\\/index.php\\\/2026\\\/04\\\/27\\\/ricardo-rodriguez-reconoce-que-jamas-fue-llamado-desde-la-roja-podria-haber-jugado-por-chile\\\/#article\",\"isPartOf\":{\"@id\":\"https:\\\/\\\/diarioellabrador.cl\\\/index.php\\\/2026\\\/04\\\/27\\\/ricardo-rodriguez-reconoce-que-jamas-fue-llamado-desde-la-roja-podria-haber-jugado-por-chile\\\/\"},\"author\":{\"name\":\"Editor\",\"@id\":\"https:\\\/\\\/diarioellabrador.cl\\\/#\\\/schema\\\/person\\\/bc25ff80b4563f9c7f4bd7855df01685\"},\"headline\":\"Ricardo Rodr\u00edguez reconoce que jam\u00e1s fue llamado desde La Roja: \u00abPodr\u00eda haber jugado por Chile\u00bb\",\"datePublished\":\"2026-04-27T22:26:49+00:00\",\"dateModified\":\"2026-04-27T22:26:50+00:00\",\"mainEntityOfPage\":{\"@id\":\"https:\\\/\\\/diarioellabrador.cl\\\/index.php\\\/2026\\\/04\\\/27\\\/ricardo-rodriguez-reconoce-que-jamas-fue-llamado-desde-la-roja-podria-haber-jugado-por-chile\\\/\"},\"wordCount\":284,\"commentCount\":0,\"publisher\":{\"@id\":\"https:\\\/\\\/diarioellabrador.cl\\\/#organization\"},\"image\":{\"@id\":\"https:\\\/\\\/diarioellabrador.cl\\\/index.php\\\/2026\\\/04\\\/27\\\/ricardo-rodriguez-reconoce-que-jamas-fue-llamado-desde-la-roja-podria-haber-jugado-por-chile\\\/#primaryimage\"},\"thumbnailUrl\":\"https:\\\/\\\/diarioellabrador.cl\\\/wp-content\\\/uploads\\\/2026\\\/04\\\/Ricardo-Rodriguez-reconoce-que-jamas-fue-llamado-desde-La-Roja-Podria-haber-jugado-por-Chile.jpg\",\"articleSection\":[\"Deportes\"],\"inLanguage\":\"es\",\"potentialAction\":[{\"@type\":\"CommentAction\",\"name\":\"Comment\",\"target\":[\"https:\\\/\\\/diarioellabrador.cl\\\/index.php\\\/2026\\\/04\\\/27\\\/ricardo-rodriguez-reconoce-que-jamas-fue-llamado-desde-la-roja-podria-haber-jugado-por-chile\\\/#respond\"]}]},{\"@type\":\"WebPage\",\"@id\":\"https:\\\/\\\/diarioellabrador.cl\\\/index.php\\\/2026\\\/04\\\/27\\\/ricardo-rodriguez-reconoce-que-jamas-fue-llamado-desde-la-roja-podria-haber-jugado-por-chile\\\/\",\"url\":\"https:\\\/\\\/diarioellabrador.cl\\\/index.php\\\/2026\\\/04\\\/27\\\/ricardo-rodriguez-reconoce-que-jamas-fue-llamado-desde-la-roja-podria-haber-jugado-por-chile\\\/\",\"name\":\"Ricardo Rodr\u00edguez reconoce que jam\u00e1s fue llamado desde La Roja: \\\"Podr\u00eda haber jugado por Chile\\\" - Diario El Labrador\",\"isPartOf\":{\"@id\":\"https:\\\/\\\/diarioellabrador.cl\\\/#website\"},\"primaryImageOfPage\":{\"@id\":\"https:\\\/\\\/diarioellabrador.cl\\\/index.php\\\/2026\\\/04\\\/27\\\/ricardo-rodriguez-reconoce-que-jamas-fue-llamado-desde-la-roja-podria-haber-jugado-por-chile\\\/#primaryimage\"},\"image\":{\"@id\":\"https:\\\/\\\/diarioellabrador.cl\\\/index.php\\\/2026\\\/04\\\/27\\\/ricardo-rodriguez-reconoce-que-jamas-fue-llamado-desde-la-roja-podria-haber-jugado-por-chile\\\/#primaryimage\"},\"thumbnailUrl\":\"https:\\\/\\\/diarioellabrador.cl\\\/wp-content\\\/uploads\\\/2026\\\/04\\\/Ricardo-Rodriguez-reconoce-que-jamas-fue-llamado-desde-La-Roja-Podria-haber-jugado-por-Chile.jpg\",\"datePublished\":\"2026-04-27T22:26:49+00:00\",\"dateModified\":\"2026-04-27T22:26:50+00:00\",\"breadcrumb\":{\"@id\":\"https:\\\/\\\/diarioellabrador.cl\\\/index.php\\\/2026\\\/04\\\/27\\\/ricardo-rodriguez-reconoce-que-jamas-fue-llamado-desde-la-roja-podria-haber-jugado-por-chile\\\/#breadcrumb\"},\"inLanguage\":\"es\",\"potentialAction\":[{\"@type\":\"ReadAction\",\"target\":[\"https:\\\/\\\/diarioellabrador.cl\\\/index.php\\\/2026\\\/04\\\/27\\\/ricardo-rodriguez-reconoce-que-jamas-fue-llamado-desde-la-roja-podria-haber-jugado-por-chile\\\/\"]}]},{\"@type\":\"ImageObject\",\"inLanguage\":\"es\",\"@id\":\"https:\\\/\\\/diarioellabrador.cl\\\/index.php\\\/2026\\\/04\\\/27\\\/ricardo-rodriguez-reconoce-que-jamas-fue-llamado-desde-la-roja-podria-haber-jugado-por-chile\\\/#primaryimage\",\"url\":\"https:\\\/\\\/diarioellabrador.cl\\\/wp-content\\\/uploads\\\/2026\\\/04\\\/Ricardo-Rodriguez-reconoce-que-jamas-fue-llamado-desde-La-Roja-Podria-haber-jugado-por-Chile.jpg\",\"contentUrl\":\"https:\\\/\\\/diarioellabrador.cl\\\/wp-content\\\/uploads\\\/2026\\\/04\\\/Ricardo-Rodriguez-reconoce-que-jamas-fue-llamado-desde-La-Roja-Podria-haber-jugado-por-Chile.jpg\",\"width\":1200,\"height\":740},{\"@type\":\"BreadcrumbList\",\"@id\":\"https:\\\/\\\/diarioellabrador.cl\\\/index.php\\\/2026\\\/04\\\/27\\\/ricardo-rodriguez-reconoce-que-jamas-fue-llamado-desde-la-roja-podria-haber-jugado-por-chile\\\/#breadcrumb\",\"itemListElement\":[{\"@type\":\"ListItem\",\"position\":1,\"name\":\"Portada\",\"item\":\"https:\\\/\\\/diarioellabrador.cl\\\/\"},{\"@type\":\"ListItem\",\"position\":2,\"name\":\"Ricardo Rodr\u00edguez reconoce que jam\u00e1s fue llamado desde La Roja: \u00abPodr\u00eda haber jugado por Chile\u00bb\"}]},{\"@type\":\"WebSite\",\"@id\":\"https:\\\/\\\/diarioellabrador.cl\\\/#website\",\"url\":\"https:\\\/\\\/diarioellabrador.cl\\\/\",\"name\":\"Diario El Labrador\",\"description\":\"Haciendo noticia desde 1921\",\"publisher\":{\"@id\":\"https:\\\/\\\/diarioellabrador.cl\\\/#organization\"},\"potentialAction\":[{\"@type\":\"SearchAction\",\"target\":{\"@type\":\"EntryPoint\",\"urlTemplate\":\"https:\\\/\\\/diarioellabrador.cl\\\/?s={search_term_string}\"},\"query-input\":{\"@type\":\"PropertyValueSpecification\",\"valueRequired\":true,\"valueName\":\"search_term_string\"}}],\"inLanguage\":\"es\"},{\"@type\":\"Organization\",\"@id\":\"https:\\\/\\\/diarioellabrador.cl\\\/#organization\",\"name\":\"Diario El Labrador\",\"url\":\"https:\\\/\\\/diarioellabrador.cl\\\/\",\"logo\":{\"@type\":\"ImageObject\",\"inLanguage\":\"es\",\"@id\":\"https:\\\/\\\/diarioellabrador.cl\\\/#\\\/schema\\\/logo\\\/image\\\/\",\"url\":\"https:\\\/\\\/diarioellabrador.cl\\\/wp-content\\\/uploads\\\/2025\\\/02\\\/cropped-Logo-Icono.png\",\"contentUrl\":\"https:\\\/\\\/diarioellabrador.cl\\\/wp-content\\\/uploads\\\/2025\\\/02\\\/cropped-Logo-Icono.png\",\"width\":512,\"height\":512,\"caption\":\"Diario El Labrador\"},\"image\":{\"@id\":\"https:\\\/\\\/diarioellabrador.cl\\\/#\\\/schema\\\/logo\\\/image\\\/\"},\"sameAs\":[\"https:\\\/\\\/web.facebook.com\\\/profile.php?id=61576120840621\",\"https:\\\/\\\/x.com\\\/ElLabradorOf\",\"https:\\\/\\\/www.instagram.com\\\/diarioellabradoroficial\\\/\"]},{\"@type\":\"Person\",\"@id\":\"https:\\\/\\\/diarioellabrador.cl\\\/#\\\/schema\\\/person\\\/bc25ff80b4563f9c7f4bd7855df01685\",\"name\":\"Editor\",\"image\":{\"@type\":\"ImageObject\",\"inLanguage\":\"es\",\"@id\":\"https:\\\/\\\/secure.gravatar.com\\\/avatar\\\/109c326cf2be5c04f048c2c2a2b8b6ef44bf3d8d1d3d4c55d0ac40c4bc994684?s=96&d=mm&r=g\",\"url\":\"https:\\\/\\\/secure.gravatar.com\\\/avatar\\\/109c326cf2be5c04f048c2c2a2b8b6ef44bf3d8d1d3d4c55d0ac40c4bc994684?s=96&d=mm&r=g\",\"contentUrl\":\"https:\\\/\\\/secure.gravatar.com\\\/avatar\\\/109c326cf2be5c04f048c2c2a2b8b6ef44bf3d8d1d3d4c55d0ac40c4bc994684?s=96&d=mm&r=g\",\"caption\":\"Editor\"},\"url\":\"https:\\\/\\\/diarioellabrador.cl\\\/index.php\\\/author\\\/editor\\\/\"}]}<\/script>\n<!-- \/ Yoast SEO plugin. -->","yoast_head_json":{"title":"Ricardo Rodr\u00edguez reconoce que jam\u00e1s fue llamado desde La Roja: \"Podr\u00eda haber jugado por Chile\" - Diario El Labrador","robots":{"index":"index","follow":"follow","max-snippet":"max-snippet:-1","max-image-preview":"max-image-preview:large","max-video-preview":"max-video-preview:-1"},"canonical":"https:\/\/diarioellabrador.cl\/index.php\/2026\/04\/27\/ricardo-rodriguez-reconoce-que-jamas-fue-llamado-desde-la-roja-podria-haber-jugado-por-chile\/","og_locale":"es_ES","og_type":"article","og_title":"Ricardo Rodr\u00edguez reconoce que jam\u00e1s fue llamado desde La Roja: \"Podr\u00eda haber jugado por Chile\" - Diario El Labrador","og_description":"El futbolista suizo-chileno Ricardo Rodr\u00edguez, actual jugador del Real Betis, reconoci\u00f3 de qu\u00e9 equipo de nuestro pa\u00eds es hincha. El seleccionado helv\u00e9tico, de madre chilena, admiti\u00f3 que de peque\u00f1o tuvo fascinaci\u00f3n por Colo Colo. \u201cA mi mam\u00e1 le gustaba Colo Colo y, como le gustaba a ella, tambi\u00e9n a m\u00ed. Tambi\u00e9n soy de Colo Colo. Leer m\u00e1s","og_url":"https:\/\/diarioellabrador.cl\/index.php\/2026\/04\/27\/ricardo-rodriguez-reconoce-que-jamas-fue-llamado-desde-la-roja-podria-haber-jugado-por-chile\/","og_site_name":"Diario El Labrador","article_publisher":"https:\/\/web.facebook.com\/profile.php?id=61576120840621","article_published_time":"2026-04-27T22:26:49+00:00","article_modified_time":"2026-04-27T22:26:50+00:00","og_image":[{"width":1200,"height":740,"url":"https:\/\/diarioellabrador.cl\/wp-content\/uploads\/2026\/04\/Ricardo-Rodriguez-reconoce-que-jamas-fue-llamado-desde-La-Roja-Podria-haber-jugado-por-Chile.jpg","type":"image\/jpeg"}],"author":"Editor","twitter_card":"summary_large_image","twitter_creator":"@ElLabradorOf","twitter_site":"@ElLabradorOf","twitter_misc":{"Escrito por":"Editor","Tiempo de lectura":"2 minutos"},"schema":{"@context":"https:\/\/schema.org","@graph":[{"@type":"Article","@id":"https:\/\/diarioellabrador.cl\/index.php\/2026\/04\/27\/ricardo-rodriguez-reconoce-que-jamas-fue-llamado-desde-la-roja-podria-haber-jugado-por-chile\/#article","isPartOf":{"@id":"https:\/\/diarioellabrador.cl\/index.php\/2026\/04\/27\/ricardo-rodriguez-reconoce-que-jamas-fue-llamado-desde-la-roja-podria-haber-jugado-por-chile\/"},"author":{"name":"Editor","@id":"https:\/\/diarioellabrador.cl\/#\/schema\/person\/bc25ff80b4563f9c7f4bd7855df01685"},"headline":"Ricardo Rodr\u00edguez reconoce que jam\u00e1s fue llamado desde La Roja: \u00abPodr\u00eda haber jugado por Chile\u00bb","datePublished":"2026-04-27T22:26:49+00:00","dateModified":"2026-04-27T22:26:50+00:00","mainEntityOfPage":{"@id":"https:\/\/diarioellabrador.cl\/index.php\/2026\/04\/27\/ricardo-rodriguez-reconoce-que-jamas-fue-llamado-desde-la-roja-podria-haber-jugado-por-chile\/"},"wordCount":284,"commentCount":0,"publisher":{"@id":"https:\/\/diarioellabrador.cl\/#organization"},"image":{"@id":"https:\/\/diarioellabrador.cl\/index.php\/2026\/04\/27\/ricardo-rodriguez-reconoce-que-jamas-fue-llamado-desde-la-roja-podria-haber-jugado-por-chile\/#primaryimage"},"thumbnailUrl":"https:\/\/diarioellabrador.cl\/wp-content\/uploads\/2026\/04\/Ricardo-Rodriguez-reconoce-que-jamas-fue-llamado-desde-La-Roja-Podria-haber-jugado-por-Chile.jpg","articleSection":["Deportes"],"inLanguage":"es","potentialAction":[{"@type":"CommentAction","name":"Comment","target":["https:\/\/diarioellabrador.cl\/index.php\/2026\/04\/27\/ricardo-rodriguez-reconoce-que-jamas-fue-llamado-desde-la-roja-podria-haber-jugado-por-chile\/#respond"]}]},{"@type":"WebPage","@id":"https:\/\/diarioellabrador.cl\/index.php\/2026\/04\/27\/ricardo-rodriguez-reconoce-que-jamas-fue-llamado-desde-la-roja-podria-haber-jugado-por-chile\/","url":"https:\/\/diarioellabrador.cl\/index.php\/2026\/04\/27\/ricardo-rodriguez-reconoce-que-jamas-fue-llamado-desde-la-roja-podria-haber-jugado-por-chile\/","name":"Ricardo Rodr\u00edguez reconoce que jam\u00e1s fue llamado desde La Roja: \"Podr\u00eda haber jugado por Chile\" - Diario El Labrador","isPartOf":{"@id":"https:\/\/diarioellabrador.cl\/#website"},"primaryImageOfPage":{"@id":"https:\/\/diarioellabrador.cl\/index.php\/2026\/04\/27\/ricardo-rodriguez-reconoce-que-jamas-fue-llamado-desde-la-roja-podria-haber-jugado-por-chile\/#primaryimage"},"image":{"@id":"https:\/\/diarioellabrador.cl\/index.php\/2026\/04\/27\/ricardo-rodriguez-reconoce-que-jamas-fue-llamado-desde-la-roja-podria-haber-jugado-por-chile\/#primaryimage"},"thumbnailUrl":"https:\/\/diarioellabrador.cl\/wp-content\/uploads\/2026\/04\/Ricardo-Rodriguez-reconoce-que-jamas-fue-llamado-desde-La-Roja-Podria-haber-jugado-por-Chile.jpg","datePublished":"2026-04-27T22:26:49+00:00","dateModified":"2026-04-27T22:26:50+00:00","breadcrumb":{"@id":"https:\/\/diarioellabrador.cl\/index.php\/2026\/04\/27\/ricardo-rodriguez-reconoce-que-jamas-fue-llamado-desde-la-roja-podria-haber-jugado-por-chile\/#breadcrumb"},"inLanguage":"es","potentialAction":[{"@type":"ReadAction","target":["https:\/\/diarioellabrador.cl\/index.php\/2026\/04\/27\/ricardo-rodriguez-reconoce-que-jamas-fue-llamado-desde-la-roja-podria-haber-jugado-por-chile\/"]}]},{"@type":"ImageObject","inLanguage":"es","@id":"https:\/\/diarioellabrador.cl\/index.php\/2026\/04\/27\/ricardo-rodriguez-reconoce-que-jamas-fue-llamado-desde-la-roja-podria-haber-jugado-por-chile\/#primaryimage","url":"https:\/\/diarioellabrador.cl\/wp-content\/uploads\/2026\/04\/Ricardo-Rodriguez-reconoce-que-jamas-fue-llamado-desde-La-Roja-Podria-haber-jugado-por-Chile.jpg","contentUrl":"https:\/\/diarioellabrador.cl\/wp-content\/uploads\/2026\/04\/Ricardo-Rodriguez-reconoce-que-jamas-fue-llamado-desde-La-Roja-Podria-haber-jugado-por-Chile.jpg","width":1200,"height":740},{"@type":"BreadcrumbList","@id":"https:\/\/diarioellabrador.cl\/index.php\/2026\/04\/27\/ricardo-rodriguez-reconoce-que-jamas-fue-llamado-desde-la-roja-podria-haber-jugado-por-chile\/#breadcrumb","itemListElement":[{"@type":"ListItem","position":1,"name":"Portada","item":"https:\/\/diarioellabrador.cl\/"},{"@type":"ListItem","position":2,"name":"Ricardo Rodr\u00edguez reconoce que jam\u00e1s fue llamado desde La Roja: \u00abPodr\u00eda haber jugado por Chile\u00bb"}]},{"@type":"WebSite","@id":"https:\/\/diarioellabrador.cl\/#website","url":"https:\/\/diarioellabrador.cl\/","name":"Diario El Labrador","description":"Haciendo noticia desde 1921","publisher":{"@id":"https:\/\/diarioellabrador.cl\/#organization"},"potentialAction":[{"@type":"SearchAction","target":{"@type":"EntryPoint","urlTemplate":"https:\/\/diarioellabrador.cl\/?s={search_term_string}"},"query-input":{"@type":"PropertyValueSpecification","valueRequired":true,"valueName":"search_term_string"}}],"inLanguage":"es"},{"@type":"Organization","@id":"https:\/\/diarioellabrador.cl\/#organization","name":"Diario El Labrador","url":"https:\/\/diarioellabrador.cl\/","logo":{"@type":"ImageObject","inLanguage":"es","@id":"https:\/\/diarioellabrador.cl\/#\/schema\/logo\/image\/","url":"https:\/\/diarioellabrador.cl\/wp-content\/uploads\/2025\/02\/cropped-Logo-Icono.png","contentUrl":"https:\/\/diarioellabrador.cl\/wp-content\/uploads\/2025\/02\/cropped-Logo-Icono.png","width":512,"height":512,"caption":"Diario El Labrador"},"image":{"@id":"https:\/\/diarioellabrador.cl\/#\/schema\/logo\/image\/"},"sameAs":["https:\/\/web.facebook.com\/profile.php?id=61576120840621","https:\/\/x.com\/ElLabradorOf","https:\/\/www.instagram.com\/diarioellabradoroficial\/"]},{"@type":"Person","@id":"https:\/\/diarioellabrador.cl\/#\/schema\/person\/bc25ff80b4563f9c7f4bd7855df01685","name":"Editor","image":{"@type":"ImageObject","inLanguage":"es","@id":"https:\/\/secure.gravatar.com\/avatar\/109c326cf2be5c04f048c2c2a2b8b6ef44bf3d8d1d3d4c55d0ac40c4bc994684?s=96&d=mm&r=g","url":"https:\/\/secure.gravatar.com\/avatar\/109c326cf2be5c04f048c2c2a2b8b6ef44bf3d8d1d3d4c55d0ac40c4bc994684?s=96&d=mm&r=g","contentUrl":"https:\/\/secure.gravatar.com\/avatar\/109c326cf2be5c04f048c2c2a2b8b6ef44bf3d8d1d3d4c55d0ac40c4bc994684?s=96&d=mm&r=g","caption":"Editor"},"url":"https:\/\/diarioellabrador.cl\/index.php\/author\/editor\/"}]}},"_links":{"self":[{"href":"https:\/\/diarioellabrador.cl\/index.php\/wp-json\/wp\/v2\/posts\/18610","targetHints":{"allow":["GET"]}}],"collection":[{"href":"https:\/\/diarioellabrador.cl\/index.php\/wp-json\/wp\/v2\/posts"}],"about":[{"href":"https:\/\/diarioellabrador.cl\/index.php\/wp-json\/wp\/v2\/types\/post"}],"author":[{"embeddable":true,"href":"https:\/\/diarioellabrador.cl\/index.php\/wp-json\/wp\/v2\/users\/2"}],"replies":[{"embeddable":true,"href":"https:\/\/diarioellabrador.cl\/index.php\/wp-json\/wp\/v2\/comments?post=18610"}],"version-history":[{"count":1,"href":"https:\/\/diarioellabrador.cl\/index.php\/wp-json\/wp\/v2\/posts\/18610\/revisions"}],"predecessor-version":[{"id":18611,"href":"https:\/\/diarioellabrador.cl\/index.php\/wp-json\/wp\/v2\/posts\/18610\/revisions\/18611"}],"wp:featuredmedia":[{"embeddable":true,"href":"https:\/\/diarioellabrador.cl\/index.php\/wp-json\/wp\/v2\/media\/18601"}],"wp:attachment":[{"href":"https:\/\/diarioellabrador.cl\/index.php\/wp-json\/wp\/v2\/media?parent=18610"}],"wp:term":[{"taxonomy":"category","embeddable":true,"href":"https:\/\/diarioellabrador.cl\/index.php\/wp-json\/wp\/v2\/categories?post=18610"},{"taxonomy":"post_tag","embeddable":true,"href":"https:\/\/diarioellabrador.cl\/index.php\/wp-json\/wp\/v2\/tags?post=18610"}],"curies":[{"name":"wp","href":"https:\/\/api.w.org\/{rel}","templated":true}]}}