{"id":18608,"date":"2026-04-27T18:26:13","date_gmt":"2026-04-27T22:26:13","guid":{"rendered":"https:\/\/diarioellabrador.cl\/?p=18608"},"modified":"2026-04-27T18:26:16","modified_gmt":"2026-04-27T22:26:16","slug":"brutal-agresion-arquero-argentino-del-zaragoza-perdio-la-cabeza-al-pegar-combo-en-la-cara-a-rival","status":"publish","type":"post","link":"https:\/\/diarioellabrador.cl\/index.php\/2026\/04\/27\/brutal-agresion-arquero-argentino-del-zaragoza-perdio-la-cabeza-al-pegar-combo-en-la-cara-a-rival\/","title":{"rendered":"Brutal agresi\u00f3n: arquero argentino del Zaragoza perdi\u00f3 la cabeza al pegar combo en la cara a rival"},"content":{"rendered":"\n<p>El esperado derbi aragon\u00e9s entre el <strong>Real Zaragoza<\/strong> y el <strong>Huesca<\/strong> no solo dej\u00f3 un marcador de 1-0, sino <strong>una imagen<\/strong> que empa\u00f1\u00f3 toda la jornada en la <strong>Segunda Divisi\u00f3n de Espa\u00f1a<\/strong>.<\/p>\n\n\n\n<p>En el tiempo a\u00f1adido, el enfrentamiento vivi\u00f3 un desenlace vergonzoso que podr\u00eda tener <strong>consecuencias graves<\/strong> tanto en lo deportivo como en lo disciplinario.<\/p>\n\n\n\n<p>Con el resultado 1-0 a favor del Huesca en el minuto 90+8, la tensi\u00f3n aumentaba por la lucha por la permanencia. Sin embargo, lo que deb\u00eda ser un cierre normal de un intenso derbi se convirti\u00f3 en una explosi\u00f3n de frustraci\u00f3n y violencia.<\/p>\n\n\n\n<p><strong>Esteban Andrada<\/strong>, portero del Zaragoza, vio la roja tras un empuj\u00f3n al capit\u00e1n del Huesca, <strong>Jorge Pulido<\/strong>, quien intentaba calmar la situaci\u00f3n tras una serie de protestas del arquero argentino.<\/p>\n\n\n\n<p>La reacci\u00f3n de Andrada, sin embargo, fue a\u00fan m\u00e1s indignante. Tras la expulsi\u00f3n, el portero perdi\u00f3 el control por completo y, en un acto impulsivo, se abalanz\u00f3 sobre Pulido y <strong>le propin\u00f3 un pu\u00f1etazo en la cara<\/strong>.<\/p>\n\n\n\n<p>En medio del caos, Dani Jim\u00e9nez, el portero del Huesca, tambi\u00e9n se sum\u00f3 al enfrentamiento, intentando golpear a Andrada y sumando a\u00fan m\u00e1s confusi\u00f3n a la escena. El derbi termin\u00f3 de forma ca\u00f3tica, con m\u00e1s tarjetas amarillas y rojas y un clima de confrontaci\u00f3n que dej\u00f3 a todos boquiabiertos.<\/p>\n\n\n\n<p>Las c\u00e1maras no dejaron escapar el momento, lo que desat\u00f3 una <strong>avalancha de cr\u00edticas<\/strong> hacia el comportamiento del portero blanquillo.<\/p>\n\n\n\n<p>Mientras tanto, los puntos en juego quedaron en segundo plano. El Huesca, con esta victoria, alcanza los 36 puntos y mantiene viva la esperanza de la permanencia, mientras que el Zaragoza sigue sumido en la crisis con solo 35 puntos, al borde del descenso.<\/p>\n\n\n\n<h1 class=\"wp-block-heading\"><em>Argentino Andrada pidi\u00f3 disculpas tras brutal agresi\u00f3n a rival en LaLiga: \u00abEstoy muy arrepentido\u00bb<\/em><\/h1>\n\n\n\n<p>El portero argentino del <strong>Real Zaragoza<\/strong>, se mostr\u00f3 \u201cmuy arrepentido\u201d por lo ocurrido este domingo en el partido frente al Huesca por <a href=\"https:\/\/www.laliga.com\/en-CL\/laliga-hypermotion\" target=\"_blank\" rel=\"noreferrer noopener\">LaLiga Hypermotion<\/a> (segunda divisi\u00f3n espa\u00f1ola).<\/p>\n\n\n\n<p>En el encuentro, el trasandino fue expulsado tras propinarle un pu\u00f1etazo a Jorge Pulido, capit\u00e1n del equipo oscense, al que pidi\u00f3 disculpas por un acto que fue fruto de una desconexi\u00f3n y que, seg\u00fan asegur\u00f3, no volver\u00e1 a ocurrir.<\/p>\n\n\n\n<p><strong>\u201cEstoy muy arrepentido de lo sucedido. No es una buena imagen para el club, para la gente y para un profesional como lo soy\u201d<\/strong>, explic\u00f3 el guardameta en un video publicado en las Redes Sociales del Real Zaragoza.<\/p>\n\n\n\n<p>\u201cA lo largo de mi carrera solo he tenido una expulsi\u00f3n y fue por tocarla con la mano, se puede ver mi trayectoria, Fue una situaci\u00f3n l\u00edmite, me sal\u00ed del contexto y reaccion\u00e9 de esa forma. Estoy muy arrepentido. No lo volver\u00eda a hacer porque soy una persona p\u00fablica y un profesional con muchos a\u00f1os de carrera\u201d, explic\u00f3 Andrada, que se enfrenta ahora a una dura sanci\u00f3n.<\/p>\n\n\n\n<p>Tambi\u00e9n pidi\u00f3 disculpas a Jorge Pulido: <strong>\u201cSomos colegas y sinceramente fue un acto m\u00edo que me desconect\u00e9 en ese momento y ac\u00e1 estoy para las consecuencias que me diga LaLiga<\/strong>. Si quieren que vaya a hablar para dar explicaciones, ir\u00e9\u201d, concluy\u00f3 el portero zaragocista.<\/p>\n\n\n\n<p>Previamente, el Zaragoza emiti\u00f3 un comunicado en el que condenaba los incidentes al final del partido contra el Huesca en El Alcoraz y se\u00f1alaba que <strong>\u201canalizar\u00e1 los hechos acaecidos y tomar\u00e1 las medidas disciplinarias pertinentes con Esteban Andrada\u201d<\/strong>.<\/p>\n\n\n\n<p>\u201cSomos ejemplo y referentes para muchos aficionados, sobre todo ni\u00f1os y ni\u00f1as, que en cada partido nos alientan y aspiran a convertirse alg\u00fan d\u00eda en uno de sus \u00eddolos. Es por ello que estas lamentables im\u00e1genes no deber\u00edan haberse producido jam\u00e1s\u201d, agregaba el texto.<\/p>\n\n\n\n<p>Con 1-0 en el marcador y en el minuto 98, Andrada fue expulsado por empujar a Pulido. Nada m\u00e1s ver la tarjeta roja el argentino perdi\u00f3 el control y busc\u00f3 al capit\u00e1n del Huesca para propinarle un pu\u00f1etazo en la cara.<\/p>\n","protected":false},"excerpt":{"rendered":"<p>El esperado derbi aragon\u00e9s entre el Real Zaragoza y el Huesca no solo dej\u00f3 un marcador de 1-0, sino una imagen que empa\u00f1\u00f3 toda la jornada en la Segunda Divisi\u00f3n de Espa\u00f1a. En el tiempo a\u00f1adido, el enfrentamiento vivi\u00f3 un desenlace vergonzoso que podr\u00eda tener consecuencias graves tanto en lo deportivo como en lo disciplinario.<\/p>\n<div class=\"read-more-wrapper\"><a class=\"read-more\" href=\"https:\/\/diarioellabrador.cl\/index.php\/2026\/04\/27\/brutal-agresion-arquero-argentino-del-zaragoza-perdio-la-cabeza-al-pegar-combo-en-la-cara-a-rival\/\" title=\"Leer m\u00e1s\"> <span class=\"button \">Leer m\u00e1s<\/span><\/a><\/div>\n","protected":false},"author":2,"featured_media":18600,"comment_status":"open","ping_status":"open","sticky":false,"template":"","format":"standard","meta":{"footnotes":""},"categories":[4],"tags":[],"class_list":["post-18608","post","type-post","status-publish","format-standard","has-post-thumbnail","hentry","category-deportes"],"yoast_head":"<!-- This site is optimized with the Yoast SEO plugin v27.5 - https:\/\/yoast.com\/product\/yoast-seo-wordpress\/ -->\n<title>Brutal agresi\u00f3n: arquero argentino del Zaragoza perdi\u00f3 la cabeza al pegar combo en la cara a rival - Diario El Labrador<\/title>\n<meta name=\"robots\" content=\"index, follow, max-snippet:-1, max-image-preview:large, max-video-preview:-1\" \/>\n<link rel=\"canonical\" href=\"https:\/\/diarioellabrador.cl\/index.php\/2026\/04\/27\/brutal-agresion-arquero-argentino-del-zaragoza-perdio-la-cabeza-al-pegar-combo-en-la-cara-a-rival\/\" \/>\n<meta property=\"og:locale\" content=\"es_ES\" \/>\n<meta property=\"og:type\" content=\"article\" \/>\n<meta property=\"og:title\" content=\"Brutal agresi\u00f3n: arquero argentino del Zaragoza perdi\u00f3 la cabeza al pegar combo en la cara a rival - Diario El Labrador\" \/>\n<meta property=\"og:description\" content=\"El esperado derbi aragon\u00e9s entre el Real Zaragoza y el Huesca no solo dej\u00f3 un marcador de 1-0, sino una imagen que empa\u00f1\u00f3 toda la jornada en la Segunda Divisi\u00f3n de Espa\u00f1a. En el tiempo a\u00f1adido, el enfrentamiento vivi\u00f3 un desenlace vergonzoso que podr\u00eda tener consecuencias graves tanto en lo deportivo como en lo disciplinario. Leer m\u00e1s\" \/>\n<meta property=\"og:url\" content=\"https:\/\/diarioellabrador.cl\/index.php\/2026\/04\/27\/brutal-agresion-arquero-argentino-del-zaragoza-perdio-la-cabeza-al-pegar-combo-en-la-cara-a-rival\/\" \/>\n<meta property=\"og:site_name\" content=\"Diario El Labrador\" \/>\n<meta property=\"article:publisher\" content=\"https:\/\/web.facebook.com\/profile.php?id=61576120840621\" \/>\n<meta property=\"article:published_time\" content=\"2026-04-27T22:26:13+00:00\" \/>\n<meta property=\"article:modified_time\" content=\"2026-04-27T22:26:16+00:00\" \/>\n<meta property=\"og:image\" content=\"https:\/\/diarioellabrador.cl\/wp-content\/uploads\/2026\/04\/Brutal-agresion-arquero-argentino-del-Zaragoza-perdio-la-cabeza-al-pegar-combo-en-la-cara-a-rival.jpg\" \/>\n\t<meta property=\"og:image:width\" content=\"740\" \/>\n\t<meta property=\"og:image:height\" content=\"416\" \/>\n\t<meta property=\"og:image:type\" content=\"image\/jpeg\" \/>\n<meta name=\"author\" content=\"Editor\" \/>\n<meta name=\"twitter:card\" content=\"summary_large_image\" \/>\n<meta name=\"twitter:creator\" content=\"@ElLabradorOf\" \/>\n<meta name=\"twitter:site\" content=\"@ElLabradorOf\" \/>\n<meta name=\"twitter:label1\" content=\"Escrito por\" \/>\n\t<meta name=\"twitter:data1\" content=\"Editor\" \/>\n\t<meta name=\"twitter:label2\" content=\"Tiempo de lectura\" \/>\n\t<meta name=\"twitter:data2\" content=\"4 minutos\" \/>\n<script type=\"application\/ld+json\" class=\"yoast-schema-graph\">{\"@context\":\"https:\\\/\\\/schema.org\",\"@graph\":[{\"@type\":\"Article\",\"@id\":\"https:\\\/\\\/diarioellabrador.cl\\\/index.php\\\/2026\\\/04\\\/27\\\/brutal-agresion-arquero-argentino-del-zaragoza-perdio-la-cabeza-al-pegar-combo-en-la-cara-a-rival\\\/#article\",\"isPartOf\":{\"@id\":\"https:\\\/\\\/diarioellabrador.cl\\\/index.php\\\/2026\\\/04\\\/27\\\/brutal-agresion-arquero-argentino-del-zaragoza-perdio-la-cabeza-al-pegar-combo-en-la-cara-a-rival\\\/\"},\"author\":{\"name\":\"Editor\",\"@id\":\"https:\\\/\\\/diarioellabrador.cl\\\/#\\\/schema\\\/person\\\/bc25ff80b4563f9c7f4bd7855df01685\"},\"headline\":\"Brutal agresi\u00f3n: arquero argentino del Zaragoza perdi\u00f3 la cabeza al pegar combo en la cara a rival\",\"datePublished\":\"2026-04-27T22:26:13+00:00\",\"dateModified\":\"2026-04-27T22:26:16+00:00\",\"mainEntityOfPage\":{\"@id\":\"https:\\\/\\\/diarioellabrador.cl\\\/index.php\\\/2026\\\/04\\\/27\\\/brutal-agresion-arquero-argentino-del-zaragoza-perdio-la-cabeza-al-pegar-combo-en-la-cara-a-rival\\\/\"},\"wordCount\":698,\"commentCount\":0,\"publisher\":{\"@id\":\"https:\\\/\\\/diarioellabrador.cl\\\/#organization\"},\"image\":{\"@id\":\"https:\\\/\\\/diarioellabrador.cl\\\/index.php\\\/2026\\\/04\\\/27\\\/brutal-agresion-arquero-argentino-del-zaragoza-perdio-la-cabeza-al-pegar-combo-en-la-cara-a-rival\\\/#primaryimage\"},\"thumbnailUrl\":\"https:\\\/\\\/diarioellabrador.cl\\\/wp-content\\\/uploads\\\/2026\\\/04\\\/Brutal-agresion-arquero-argentino-del-Zaragoza-perdio-la-cabeza-al-pegar-combo-en-la-cara-a-rival.jpg\",\"articleSection\":[\"Deportes\"],\"inLanguage\":\"es\",\"potentialAction\":[{\"@type\":\"CommentAction\",\"name\":\"Comment\",\"target\":[\"https:\\\/\\\/diarioellabrador.cl\\\/index.php\\\/2026\\\/04\\\/27\\\/brutal-agresion-arquero-argentino-del-zaragoza-perdio-la-cabeza-al-pegar-combo-en-la-cara-a-rival\\\/#respond\"]}]},{\"@type\":\"WebPage\",\"@id\":\"https:\\\/\\\/diarioellabrador.cl\\\/index.php\\\/2026\\\/04\\\/27\\\/brutal-agresion-arquero-argentino-del-zaragoza-perdio-la-cabeza-al-pegar-combo-en-la-cara-a-rival\\\/\",\"url\":\"https:\\\/\\\/diarioellabrador.cl\\\/index.php\\\/2026\\\/04\\\/27\\\/brutal-agresion-arquero-argentino-del-zaragoza-perdio-la-cabeza-al-pegar-combo-en-la-cara-a-rival\\\/\",\"name\":\"Brutal agresi\u00f3n: arquero argentino del Zaragoza perdi\u00f3 la cabeza al pegar combo en la cara a rival - Diario El Labrador\",\"isPartOf\":{\"@id\":\"https:\\\/\\\/diarioellabrador.cl\\\/#website\"},\"primaryImageOfPage\":{\"@id\":\"https:\\\/\\\/diarioellabrador.cl\\\/index.php\\\/2026\\\/04\\\/27\\\/brutal-agresion-arquero-argentino-del-zaragoza-perdio-la-cabeza-al-pegar-combo-en-la-cara-a-rival\\\/#primaryimage\"},\"image\":{\"@id\":\"https:\\\/\\\/diarioellabrador.cl\\\/index.php\\\/2026\\\/04\\\/27\\\/brutal-agresion-arquero-argentino-del-zaragoza-perdio-la-cabeza-al-pegar-combo-en-la-cara-a-rival\\\/#primaryimage\"},\"thumbnailUrl\":\"https:\\\/\\\/diarioellabrador.cl\\\/wp-content\\\/uploads\\\/2026\\\/04\\\/Brutal-agresion-arquero-argentino-del-Zaragoza-perdio-la-cabeza-al-pegar-combo-en-la-cara-a-rival.jpg\",\"datePublished\":\"2026-04-27T22:26:13+00:00\",\"dateModified\":\"2026-04-27T22:26:16+00:00\",\"breadcrumb\":{\"@id\":\"https:\\\/\\\/diarioellabrador.cl\\\/index.php\\\/2026\\\/04\\\/27\\\/brutal-agresion-arquero-argentino-del-zaragoza-perdio-la-cabeza-al-pegar-combo-en-la-cara-a-rival\\\/#breadcrumb\"},\"inLanguage\":\"es\",\"potentialAction\":[{\"@type\":\"ReadAction\",\"target\":[\"https:\\\/\\\/diarioellabrador.cl\\\/index.php\\\/2026\\\/04\\\/27\\\/brutal-agresion-arquero-argentino-del-zaragoza-perdio-la-cabeza-al-pegar-combo-en-la-cara-a-rival\\\/\"]}]},{\"@type\":\"ImageObject\",\"inLanguage\":\"es\",\"@id\":\"https:\\\/\\\/diarioellabrador.cl\\\/index.php\\\/2026\\\/04\\\/27\\\/brutal-agresion-arquero-argentino-del-zaragoza-perdio-la-cabeza-al-pegar-combo-en-la-cara-a-rival\\\/#primaryimage\",\"url\":\"https:\\\/\\\/diarioellabrador.cl\\\/wp-content\\\/uploads\\\/2026\\\/04\\\/Brutal-agresion-arquero-argentino-del-Zaragoza-perdio-la-cabeza-al-pegar-combo-en-la-cara-a-rival.jpg\",\"contentUrl\":\"https:\\\/\\\/diarioellabrador.cl\\\/wp-content\\\/uploads\\\/2026\\\/04\\\/Brutal-agresion-arquero-argentino-del-Zaragoza-perdio-la-cabeza-al-pegar-combo-en-la-cara-a-rival.jpg\",\"width\":740,\"height\":416},{\"@type\":\"BreadcrumbList\",\"@id\":\"https:\\\/\\\/diarioellabrador.cl\\\/index.php\\\/2026\\\/04\\\/27\\\/brutal-agresion-arquero-argentino-del-zaragoza-perdio-la-cabeza-al-pegar-combo-en-la-cara-a-rival\\\/#breadcrumb\",\"itemListElement\":[{\"@type\":\"ListItem\",\"position\":1,\"name\":\"Portada\",\"item\":\"https:\\\/\\\/diarioellabrador.cl\\\/\"},{\"@type\":\"ListItem\",\"position\":2,\"name\":\"Brutal agresi\u00f3n: arquero argentino del Zaragoza perdi\u00f3 la cabeza al pegar combo en la cara a rival\"}]},{\"@type\":\"WebSite\",\"@id\":\"https:\\\/\\\/diarioellabrador.cl\\\/#website\",\"url\":\"https:\\\/\\\/diarioellabrador.cl\\\/\",\"name\":\"Diario El Labrador\",\"description\":\"Haciendo noticia desde 1921\",\"publisher\":{\"@id\":\"https:\\\/\\\/diarioellabrador.cl\\\/#organization\"},\"potentialAction\":[{\"@type\":\"SearchAction\",\"target\":{\"@type\":\"EntryPoint\",\"urlTemplate\":\"https:\\\/\\\/diarioellabrador.cl\\\/?s={search_term_string}\"},\"query-input\":{\"@type\":\"PropertyValueSpecification\",\"valueRequired\":true,\"valueName\":\"search_term_string\"}}],\"inLanguage\":\"es\"},{\"@type\":\"Organization\",\"@id\":\"https:\\\/\\\/diarioellabrador.cl\\\/#organization\",\"name\":\"Diario El Labrador\",\"url\":\"https:\\\/\\\/diarioellabrador.cl\\\/\",\"logo\":{\"@type\":\"ImageObject\",\"inLanguage\":\"es\",\"@id\":\"https:\\\/\\\/diarioellabrador.cl\\\/#\\\/schema\\\/logo\\\/image\\\/\",\"url\":\"https:\\\/\\\/diarioellabrador.cl\\\/wp-content\\\/uploads\\\/2025\\\/02\\\/cropped-Logo-Icono.png\",\"contentUrl\":\"https:\\\/\\\/diarioellabrador.cl\\\/wp-content\\\/uploads\\\/2025\\\/02\\\/cropped-Logo-Icono.png\",\"width\":512,\"height\":512,\"caption\":\"Diario El Labrador\"},\"image\":{\"@id\":\"https:\\\/\\\/diarioellabrador.cl\\\/#\\\/schema\\\/logo\\\/image\\\/\"},\"sameAs\":[\"https:\\\/\\\/web.facebook.com\\\/profile.php?id=61576120840621\",\"https:\\\/\\\/x.com\\\/ElLabradorOf\",\"https:\\\/\\\/www.instagram.com\\\/diarioellabradoroficial\\\/\"]},{\"@type\":\"Person\",\"@id\":\"https:\\\/\\\/diarioellabrador.cl\\\/#\\\/schema\\\/person\\\/bc25ff80b4563f9c7f4bd7855df01685\",\"name\":\"Editor\",\"image\":{\"@type\":\"ImageObject\",\"inLanguage\":\"es\",\"@id\":\"https:\\\/\\\/secure.gravatar.com\\\/avatar\\\/109c326cf2be5c04f048c2c2a2b8b6ef44bf3d8d1d3d4c55d0ac40c4bc994684?s=96&d=mm&r=g\",\"url\":\"https:\\\/\\\/secure.gravatar.com\\\/avatar\\\/109c326cf2be5c04f048c2c2a2b8b6ef44bf3d8d1d3d4c55d0ac40c4bc994684?s=96&d=mm&r=g\",\"contentUrl\":\"https:\\\/\\\/secure.gravatar.com\\\/avatar\\\/109c326cf2be5c04f048c2c2a2b8b6ef44bf3d8d1d3d4c55d0ac40c4bc994684?s=96&d=mm&r=g\",\"caption\":\"Editor\"},\"url\":\"https:\\\/\\\/diarioellabrador.cl\\\/index.php\\\/author\\\/editor\\\/\"}]}<\/script>\n<!-- \/ Yoast SEO plugin. -->","yoast_head_json":{"title":"Brutal agresi\u00f3n: arquero argentino del Zaragoza perdi\u00f3 la cabeza al pegar combo en la cara a rival - Diario El Labrador","robots":{"index":"index","follow":"follow","max-snippet":"max-snippet:-1","max-image-preview":"max-image-preview:large","max-video-preview":"max-video-preview:-1"},"canonical":"https:\/\/diarioellabrador.cl\/index.php\/2026\/04\/27\/brutal-agresion-arquero-argentino-del-zaragoza-perdio-la-cabeza-al-pegar-combo-en-la-cara-a-rival\/","og_locale":"es_ES","og_type":"article","og_title":"Brutal agresi\u00f3n: arquero argentino del Zaragoza perdi\u00f3 la cabeza al pegar combo en la cara a rival - Diario El Labrador","og_description":"El esperado derbi aragon\u00e9s entre el Real Zaragoza y el Huesca no solo dej\u00f3 un marcador de 1-0, sino una imagen que empa\u00f1\u00f3 toda la jornada en la Segunda Divisi\u00f3n de Espa\u00f1a. En el tiempo a\u00f1adido, el enfrentamiento vivi\u00f3 un desenlace vergonzoso que podr\u00eda tener consecuencias graves tanto en lo deportivo como en lo disciplinario. Leer m\u00e1s","og_url":"https:\/\/diarioellabrador.cl\/index.php\/2026\/04\/27\/brutal-agresion-arquero-argentino-del-zaragoza-perdio-la-cabeza-al-pegar-combo-en-la-cara-a-rival\/","og_site_name":"Diario El Labrador","article_publisher":"https:\/\/web.facebook.com\/profile.php?id=61576120840621","article_published_time":"2026-04-27T22:26:13+00:00","article_modified_time":"2026-04-27T22:26:16+00:00","og_image":[{"width":740,"height":416,"url":"https:\/\/diarioellabrador.cl\/wp-content\/uploads\/2026\/04\/Brutal-agresion-arquero-argentino-del-Zaragoza-perdio-la-cabeza-al-pegar-combo-en-la-cara-a-rival.jpg","type":"image\/jpeg"}],"author":"Editor","twitter_card":"summary_large_image","twitter_creator":"@ElLabradorOf","twitter_site":"@ElLabradorOf","twitter_misc":{"Escrito por":"Editor","Tiempo de lectura":"4 minutos"},"schema":{"@context":"https:\/\/schema.org","@graph":[{"@type":"Article","@id":"https:\/\/diarioellabrador.cl\/index.php\/2026\/04\/27\/brutal-agresion-arquero-argentino-del-zaragoza-perdio-la-cabeza-al-pegar-combo-en-la-cara-a-rival\/#article","isPartOf":{"@id":"https:\/\/diarioellabrador.cl\/index.php\/2026\/04\/27\/brutal-agresion-arquero-argentino-del-zaragoza-perdio-la-cabeza-al-pegar-combo-en-la-cara-a-rival\/"},"author":{"name":"Editor","@id":"https:\/\/diarioellabrador.cl\/#\/schema\/person\/bc25ff80b4563f9c7f4bd7855df01685"},"headline":"Brutal agresi\u00f3n: arquero argentino del Zaragoza perdi\u00f3 la cabeza al pegar combo en la cara a rival","datePublished":"2026-04-27T22:26:13+00:00","dateModified":"2026-04-27T22:26:16+00:00","mainEntityOfPage":{"@id":"https:\/\/diarioellabrador.cl\/index.php\/2026\/04\/27\/brutal-agresion-arquero-argentino-del-zaragoza-perdio-la-cabeza-al-pegar-combo-en-la-cara-a-rival\/"},"wordCount":698,"commentCount":0,"publisher":{"@id":"https:\/\/diarioellabrador.cl\/#organization"},"image":{"@id":"https:\/\/diarioellabrador.cl\/index.php\/2026\/04\/27\/brutal-agresion-arquero-argentino-del-zaragoza-perdio-la-cabeza-al-pegar-combo-en-la-cara-a-rival\/#primaryimage"},"thumbnailUrl":"https:\/\/diarioellabrador.cl\/wp-content\/uploads\/2026\/04\/Brutal-agresion-arquero-argentino-del-Zaragoza-perdio-la-cabeza-al-pegar-combo-en-la-cara-a-rival.jpg","articleSection":["Deportes"],"inLanguage":"es","potentialAction":[{"@type":"CommentAction","name":"Comment","target":["https:\/\/diarioellabrador.cl\/index.php\/2026\/04\/27\/brutal-agresion-arquero-argentino-del-zaragoza-perdio-la-cabeza-al-pegar-combo-en-la-cara-a-rival\/#respond"]}]},{"@type":"WebPage","@id":"https:\/\/diarioellabrador.cl\/index.php\/2026\/04\/27\/brutal-agresion-arquero-argentino-del-zaragoza-perdio-la-cabeza-al-pegar-combo-en-la-cara-a-rival\/","url":"https:\/\/diarioellabrador.cl\/index.php\/2026\/04\/27\/brutal-agresion-arquero-argentino-del-zaragoza-perdio-la-cabeza-al-pegar-combo-en-la-cara-a-rival\/","name":"Brutal agresi\u00f3n: arquero argentino del Zaragoza perdi\u00f3 la cabeza al pegar combo en la cara a rival - Diario El Labrador","isPartOf":{"@id":"https:\/\/diarioellabrador.cl\/#website"},"primaryImageOfPage":{"@id":"https:\/\/diarioellabrador.cl\/index.php\/2026\/04\/27\/brutal-agresion-arquero-argentino-del-zaragoza-perdio-la-cabeza-al-pegar-combo-en-la-cara-a-rival\/#primaryimage"},"image":{"@id":"https:\/\/diarioellabrador.cl\/index.php\/2026\/04\/27\/brutal-agresion-arquero-argentino-del-zaragoza-perdio-la-cabeza-al-pegar-combo-en-la-cara-a-rival\/#primaryimage"},"thumbnailUrl":"https:\/\/diarioellabrador.cl\/wp-content\/uploads\/2026\/04\/Brutal-agresion-arquero-argentino-del-Zaragoza-perdio-la-cabeza-al-pegar-combo-en-la-cara-a-rival.jpg","datePublished":"2026-04-27T22:26:13+00:00","dateModified":"2026-04-27T22:26:16+00:00","breadcrumb":{"@id":"https:\/\/diarioellabrador.cl\/index.php\/2026\/04\/27\/brutal-agresion-arquero-argentino-del-zaragoza-perdio-la-cabeza-al-pegar-combo-en-la-cara-a-rival\/#breadcrumb"},"inLanguage":"es","potentialAction":[{"@type":"ReadAction","target":["https:\/\/diarioellabrador.cl\/index.php\/2026\/04\/27\/brutal-agresion-arquero-argentino-del-zaragoza-perdio-la-cabeza-al-pegar-combo-en-la-cara-a-rival\/"]}]},{"@type":"ImageObject","inLanguage":"es","@id":"https:\/\/diarioellabrador.cl\/index.php\/2026\/04\/27\/brutal-agresion-arquero-argentino-del-zaragoza-perdio-la-cabeza-al-pegar-combo-en-la-cara-a-rival\/#primaryimage","url":"https:\/\/diarioellabrador.cl\/wp-content\/uploads\/2026\/04\/Brutal-agresion-arquero-argentino-del-Zaragoza-perdio-la-cabeza-al-pegar-combo-en-la-cara-a-rival.jpg","contentUrl":"https:\/\/diarioellabrador.cl\/wp-content\/uploads\/2026\/04\/Brutal-agresion-arquero-argentino-del-Zaragoza-perdio-la-cabeza-al-pegar-combo-en-la-cara-a-rival.jpg","width":740,"height":416},{"@type":"BreadcrumbList","@id":"https:\/\/diarioellabrador.cl\/index.php\/2026\/04\/27\/brutal-agresion-arquero-argentino-del-zaragoza-perdio-la-cabeza-al-pegar-combo-en-la-cara-a-rival\/#breadcrumb","itemListElement":[{"@type":"ListItem","position":1,"name":"Portada","item":"https:\/\/diarioellabrador.cl\/"},{"@type":"ListItem","position":2,"name":"Brutal agresi\u00f3n: arquero argentino del Zaragoza perdi\u00f3 la cabeza al pegar combo en la cara a rival"}]},{"@type":"WebSite","@id":"https:\/\/diarioellabrador.cl\/#website","url":"https:\/\/diarioellabrador.cl\/","name":"Diario El Labrador","description":"Haciendo noticia desde 1921","publisher":{"@id":"https:\/\/diarioellabrador.cl\/#organization"},"potentialAction":[{"@type":"SearchAction","target":{"@type":"EntryPoint","urlTemplate":"https:\/\/diarioellabrador.cl\/?s={search_term_string}"},"query-input":{"@type":"PropertyValueSpecification","valueRequired":true,"valueName":"search_term_string"}}],"inLanguage":"es"},{"@type":"Organization","@id":"https:\/\/diarioellabrador.cl\/#organization","name":"Diario El Labrador","url":"https:\/\/diarioellabrador.cl\/","logo":{"@type":"ImageObject","inLanguage":"es","@id":"https:\/\/diarioellabrador.cl\/#\/schema\/logo\/image\/","url":"https:\/\/diarioellabrador.cl\/wp-content\/uploads\/2025\/02\/cropped-Logo-Icono.png","contentUrl":"https:\/\/diarioellabrador.cl\/wp-content\/uploads\/2025\/02\/cropped-Logo-Icono.png","width":512,"height":512,"caption":"Diario El Labrador"},"image":{"@id":"https:\/\/diarioellabrador.cl\/#\/schema\/logo\/image\/"},"sameAs":["https:\/\/web.facebook.com\/profile.php?id=61576120840621","https:\/\/x.com\/ElLabradorOf","https:\/\/www.instagram.com\/diarioellabradoroficial\/"]},{"@type":"Person","@id":"https:\/\/diarioellabrador.cl\/#\/schema\/person\/bc25ff80b4563f9c7f4bd7855df01685","name":"Editor","image":{"@type":"ImageObject","inLanguage":"es","@id":"https:\/\/secure.gravatar.com\/avatar\/109c326cf2be5c04f048c2c2a2b8b6ef44bf3d8d1d3d4c55d0ac40c4bc994684?s=96&d=mm&r=g","url":"https:\/\/secure.gravatar.com\/avatar\/109c326cf2be5c04f048c2c2a2b8b6ef44bf3d8d1d3d4c55d0ac40c4bc994684?s=96&d=mm&r=g","contentUrl":"https:\/\/secure.gravatar.com\/avatar\/109c326cf2be5c04f048c2c2a2b8b6ef44bf3d8d1d3d4c55d0ac40c4bc994684?s=96&d=mm&r=g","caption":"Editor"},"url":"https:\/\/diarioellabrador.cl\/index.php\/author\/editor\/"}]}},"_links":{"self":[{"href":"https:\/\/diarioellabrador.cl\/index.php\/wp-json\/wp\/v2\/posts\/18608","targetHints":{"allow":["GET"]}}],"collection":[{"href":"https:\/\/diarioellabrador.cl\/index.php\/wp-json\/wp\/v2\/posts"}],"about":[{"href":"https:\/\/diarioellabrador.cl\/index.php\/wp-json\/wp\/v2\/types\/post"}],"author":[{"embeddable":true,"href":"https:\/\/diarioellabrador.cl\/index.php\/wp-json\/wp\/v2\/users\/2"}],"replies":[{"embeddable":true,"href":"https:\/\/diarioellabrador.cl\/index.php\/wp-json\/wp\/v2\/comments?post=18608"}],"version-history":[{"count":1,"href":"https:\/\/diarioellabrador.cl\/index.php\/wp-json\/wp\/v2\/posts\/18608\/revisions"}],"predecessor-version":[{"id":18609,"href":"https:\/\/diarioellabrador.cl\/index.php\/wp-json\/wp\/v2\/posts\/18608\/revisions\/18609"}],"wp:featuredmedia":[{"embeddable":true,"href":"https:\/\/diarioellabrador.cl\/index.php\/wp-json\/wp\/v2\/media\/18600"}],"wp:attachment":[{"href":"https:\/\/diarioellabrador.cl\/index.php\/wp-json\/wp\/v2\/media?parent=18608"}],"wp:term":[{"taxonomy":"category","embeddable":true,"href":"https:\/\/diarioellabrador.cl\/index.php\/wp-json\/wp\/v2\/categories?post=18608"},{"taxonomy":"post_tag","embeddable":true,"href":"https:\/\/diarioellabrador.cl\/index.php\/wp-json\/wp\/v2\/tags?post=18608"}],"curies":[{"name":"wp","href":"https:\/\/api.w.org\/{rel}","templated":true}]}}