{"id":18606,"date":"2026-04-27T18:25:41","date_gmt":"2026-04-27T22:25:41","guid":{"rendered":"https:\/\/diarioellabrador.cl\/?p=18606"},"modified":"2026-04-27T18:25:44","modified_gmt":"2026-04-27T22:25:44","slug":"baeza-y-sepulveda-lograron-un-potente-triunfo-en-el-provincial-del-club-macul","status":"publish","type":"post","link":"https:\/\/diarioellabrador.cl\/index.php\/2026\/04\/27\/baeza-y-sepulveda-lograron-un-potente-triunfo-en-el-provincial-del-club-macul\/","title":{"rendered":"Baeza y Sep\u00falveda lograron un potente triunfo en el Provincial del Club Macul"},"content":{"rendered":"\n<p><strong>Autor: <\/strong><a href=\"https:\/\/www.caballoyrodeo.cl\/portal_rodeo\/site\/artic\/20240223\/pags\/20240223201413.html\">Alejandro Alegr\u00eda Torres<\/a><\/p>\n\n\n\n<p><strong>Alvaro Baeza <\/strong>y <strong>Mat\u00edas Sep\u00falveda<\/strong> lograron un tremendo triunfo este fin de semana en el <strong>Rodeo Provincial en 3 Series <\/strong>del <strong>Club Macul <\/strong>de la <strong>Asociaci\u00f3n Santiago Sur <\/strong>que se disput\u00f3 en la <strong>Medialuna Parque Laguna de Batuco<\/strong>.<\/p>\n\n\n\n<p>Baeza y Sep\u00falveda fueron campeones en las yeguas <strong>El Convento Bendita<\/strong> y <strong>Las Pe\u00f1as Romer\u00eda<\/strong>, las cuales juntaron por primera vez en este rodeo, luego que sumaron un total de 40 puntos buenos.<\/p>\n\n\n\n<p>Baeza coment\u00f3 la victoria a <strong>Caballoyrodeo.cl: <\/strong>\u00abFue una victoria bonita, fue un lindo domingo. Uno a veces programa las cosas, las analiza y las estudia, pero eso no significa que resulten. Juntar las dos yeguas que corr\u00eda el a\u00f1o pasado fue una decisi\u00f3n en alguna medida dif\u00edcil, porque a ambas las corr\u00eda yo; ten\u00eda que decidir de cu\u00e1l me bajaba o cu\u00e1l eleg\u00eda para pasarle a mi compa\u00f1ero. Pero como dice la ley del rodeo, hay que juntar lo mejor con lo mejor y hab\u00eda que darles la oportunidad de correr juntas porque son muy buenas yeguas\u00bb.<\/p>\n\n\n\n<p>\u00abMat\u00edas Sep\u00falveda es una muy buena persona y un gran jinete. Lo l\u00f3gico era que pasara a algo del nivel que tiene. La teor\u00eda en este caso se convirti\u00f3 en realidad y efectivamente la collera no solo se clasific\u00f3 r\u00e1pidamente, sino que se premi\u00f3 y se fue adaptando, considerando que era la primera vez que Mat\u00edas corr\u00eda a la Romer\u00eda. El se fue entendiendo con ella cada vez m\u00e1s y ya en el cuarto toro la adaptaci\u00f3n fue total, le puso ocho a la mano. La yegua tiene esa capacidad, pero es distinto conocerla, entenderla y correrla por primera vez. La Bendita es la yegua que corro yo, que tambi\u00e9n me ha dado muchas satisfacciones\u00bb, agreg\u00f3.<\/p>\n\n\n\n<p>Baeza profundiz\u00f3: \u00abSe junt\u00f3 la teor\u00eda con la realidad e hicimos una carrera completa para poder ganar en un rodeo gigante y muy competitivo, como son en Santiago Sur. Estaban los Campeones de Chile, los segundos campeones, Alfredo Moreno. Adem\u00e1s, al ser un rodeo bien organizado y con buen ganado, hab\u00eda colleras con mucho puntaje. En el cuarto toro, como generalmente pasa en Santiago Sur, el que est\u00e1 m\u00e1s concentrado y al que le sale un toro un poco mejor es el que se lleva el champion. En este caso nos toc\u00f3 a nosotros y estamos muy contentos\u00bb.<\/p>\n\n\n\n<p>Respecto al desenlace de la Serie de Campeones, dijo: \u00abLa primera atajada de Domingo Baraona en el cuarto toro fue extraordinaria, a gran velocidad. Pens\u00e9 incluso que qued\u00e1bamos segundos, pero el rodeo es as\u00ed, nadie tiene nada asegurado y terminamos saliendo campeones. Son siete puntos importantes y el requisito en Temporada Chica. En el rodeo pasado intentamos otra prueba manteniendo mis dos yeguas conmigo, pero no era lo razonable. Hicimos caso a la antigua tradici\u00f3n de juntar lo mejor con lo mejor y esta vez funcion\u00f3\u00bb.<\/p>\n\n\n\n<p>Sobre lo que se viene para el Criadero El Convento, expuso: \u00abTenemos otro rodeo de la asociaci\u00f3n el 9 de mayo, seguramente iremos con las yeguas y con la segunda collera. Estamos ordenando si llevamos tambi\u00e9n una tercera. Seguiremos corriendo en la asociaci\u00f3n para ver c\u00f3mo se da. No es f\u00e1cil juntar puntos en Santiago Sur porque generalmente se reparten de forma muy proporcional, dada la alta competencia. El ganado que organiz\u00f3 Alfredo Moreno fue de excelencia, digno de cualquier clasificatorio o Champion de Chile. Eso ayuda a que los caballos rindan con m\u00e1s facilidad y a que uno, como jinete, pueda marcar mejor; ayuda a que el espect\u00e1culo y el deporte se vean con m\u00e1s efectividad\u00bb.<\/p>\n\n\n\n<p>Por \u00faltimo, el presidente de la Asociaci\u00f3n Santiago Sur dijo respecto al rodeo: \u00abLo importante siempre es el proceso. En Santiago Sur somos un grupo de familias muy unido que creemos que el deporte del rodeo es un estilo de vida. Lo pasamos bien todos los fines de semana que podemos. Nadie tiene garantizado ganar ni sabe si va a perder, pero lo que s\u00ed tenemos garantizado es que nos vamos a juntar con los amigos y la familia de siempre para compartir una tarde de tradiciones. Ese es el esp\u00edritu y, cuando se trabaja en eso, lo dem\u00e1s viene por a\u00f1adidura\u00bb.<\/p>\n\n\n\n<p>\u00abEs una alegr\u00eda para todos los que formamos parte de Santiago Sur, porque es un esfuerzo colectivo por tratar de hacer las cosas bien. Se vio esta tarde con un champion de alta competencia y una final con 40 puntos para ganar. Hasta el \u00faltimo minuto nadie ten\u00eda nada asegurado. Un especial agradecimiento a Mat\u00edas, que viene llegando; bienvenido a la asociaci\u00f3n y al corral El Convento. El rodeo es participar y competir, ganar es un agregado. Lo importante es compartir y practicar esta tradici\u00f3n tan bonita con nuestros caballos, a los que les tenemos tanto cari\u00f1o\u00bb.<\/p>\n\n\n\n<p>El segundo lugar lo obtuvo el <strong>Criadero El Carmen de Nilahue <\/strong>con <strong>Jos\u00e9 Domingo Baraona y Rufino Hern\u00e1ndez <\/strong>en <strong>Prendao <\/strong>y <strong>No Va M\u00e1s <\/strong>con 38 de los buenos.<\/p>\n\n\n\n<p>Tercero fue el <strong>Criadero Palmas de Pe\u00f1aflor <\/strong>con <strong>Alfredo Moreno Echeverr\u00eda <\/strong>y <strong>Ramiro P\u00e1vez <\/strong>en <strong>Barquero <\/strong>y <strong>Peregrina II<\/strong> con 34 grandes y nueve m\u00e1s en el desempate.<\/p>\n\n\n\n<p>Tambi\u00e9n corrieron el cuarto animal Karim Wong y Jos\u00e9 Abarca en Diucaco Solter\u00f3n y San El\u00edas de Azapa Pulento con 34 puntos; Carlos Salam\u00e9 y Davis Huerta en La Pretensi\u00f3n Voy Saliendo y Las Toscas Presencia con 31; y Palmas de Pe\u00f1aflor con Alfredo Moreno Pozo y Jos\u00e9 Ram\u00edrez en Canciller y Rojo Rojo con 27.<\/p>\n\n\n\n<p>El <strong>Sello de Raza <\/strong>lo obtuvo <strong>Palmas de Pe\u00f1aflor Belinda<\/strong>, montada por <strong>Alfredo Moreno Echeverr\u00eda<\/strong>.<\/p>\n","protected":false},"excerpt":{"rendered":"<p>Autor: Alejandro Alegr\u00eda Torres Alvaro Baeza y Mat\u00edas Sep\u00falveda lograron un tremendo triunfo este fin de semana en el Rodeo Provincial en 3 Series del Club Macul de la Asociaci\u00f3n Santiago Sur que se disput\u00f3 en la Medialuna Parque Laguna de Batuco. Baeza y Sep\u00falveda fueron campeones en las yeguas El Convento Bendita y Las<\/p>\n<div class=\"read-more-wrapper\"><a class=\"read-more\" href=\"https:\/\/diarioellabrador.cl\/index.php\/2026\/04\/27\/baeza-y-sepulveda-lograron-un-potente-triunfo-en-el-provincial-del-club-macul\/\" title=\"Leer m\u00e1s\"> <span class=\"button \">Leer m\u00e1s<\/span><\/a><\/div>\n","protected":false},"author":2,"featured_media":18599,"comment_status":"open","ping_status":"open","sticky":false,"template":"","format":"standard","meta":{"footnotes":""},"categories":[5],"tags":[],"class_list":["post-18606","post","type-post","status-publish","format-standard","has-post-thumbnail","hentry","category-rodeo"],"yoast_head":"<!-- This site is optimized with the Yoast SEO plugin v27.5 - https:\/\/yoast.com\/product\/yoast-seo-wordpress\/ -->\n<title>Baeza y Sep\u00falveda lograron un potente triunfo en el Provincial del Club Macul - Diario El Labrador<\/title>\n<meta name=\"robots\" content=\"index, follow, max-snippet:-1, max-image-preview:large, max-video-preview:-1\" \/>\n<link rel=\"canonical\" href=\"https:\/\/diarioellabrador.cl\/index.php\/2026\/04\/27\/baeza-y-sepulveda-lograron-un-potente-triunfo-en-el-provincial-del-club-macul\/\" \/>\n<meta property=\"og:locale\" content=\"es_ES\" \/>\n<meta property=\"og:type\" content=\"article\" \/>\n<meta property=\"og:title\" content=\"Baeza y Sep\u00falveda lograron un potente triunfo en el Provincial del Club Macul - Diario El Labrador\" \/>\n<meta property=\"og:description\" content=\"Autor: Alejandro Alegr\u00eda Torres Alvaro Baeza y Mat\u00edas Sep\u00falveda lograron un tremendo triunfo este fin de semana en el Rodeo Provincial en 3 Series del Club Macul de la Asociaci\u00f3n Santiago Sur que se disput\u00f3 en la Medialuna Parque Laguna de Batuco. Baeza y Sep\u00falveda fueron campeones en las yeguas El Convento Bendita y Las Leer m\u00e1s\" \/>\n<meta property=\"og:url\" content=\"https:\/\/diarioellabrador.cl\/index.php\/2026\/04\/27\/baeza-y-sepulveda-lograron-un-potente-triunfo-en-el-provincial-del-club-macul\/\" \/>\n<meta property=\"og:site_name\" content=\"Diario El Labrador\" \/>\n<meta property=\"article:publisher\" content=\"https:\/\/web.facebook.com\/profile.php?id=61576120840621\" \/>\n<meta property=\"article:published_time\" content=\"2026-04-27T22:25:41+00:00\" \/>\n<meta property=\"article:modified_time\" content=\"2026-04-27T22:25:44+00:00\" \/>\n<meta property=\"og:image\" content=\"https:\/\/diarioellabrador.cl\/wp-content\/uploads\/2026\/04\/Baeza-y-Sepulveda-lograron-un-potente-triunfo-en-el-Provincial-del-Club-Macul.jpg\" \/>\n\t<meta property=\"og:image:width\" content=\"750\" \/>\n\t<meta property=\"og:image:height\" content=\"389\" \/>\n\t<meta property=\"og:image:type\" content=\"image\/jpeg\" \/>\n<meta name=\"author\" content=\"Editor\" \/>\n<meta name=\"twitter:card\" content=\"summary_large_image\" \/>\n<meta name=\"twitter:creator\" content=\"@ElLabradorOf\" \/>\n<meta name=\"twitter:site\" content=\"@ElLabradorOf\" \/>\n<meta name=\"twitter:label1\" content=\"Escrito por\" \/>\n\t<meta name=\"twitter:data1\" content=\"Editor\" \/>\n\t<meta name=\"twitter:label2\" content=\"Tiempo de lectura\" \/>\n\t<meta name=\"twitter:data2\" content=\"5 minutos\" \/>\n<script type=\"application\/ld+json\" class=\"yoast-schema-graph\">{\"@context\":\"https:\\\/\\\/schema.org\",\"@graph\":[{\"@type\":\"Article\",\"@id\":\"https:\\\/\\\/diarioellabrador.cl\\\/index.php\\\/2026\\\/04\\\/27\\\/baeza-y-sepulveda-lograron-un-potente-triunfo-en-el-provincial-del-club-macul\\\/#article\",\"isPartOf\":{\"@id\":\"https:\\\/\\\/diarioellabrador.cl\\\/index.php\\\/2026\\\/04\\\/27\\\/baeza-y-sepulveda-lograron-un-potente-triunfo-en-el-provincial-del-club-macul\\\/\"},\"author\":{\"name\":\"Editor\",\"@id\":\"https:\\\/\\\/diarioellabrador.cl\\\/#\\\/schema\\\/person\\\/bc25ff80b4563f9c7f4bd7855df01685\"},\"headline\":\"Baeza y Sep\u00falveda lograron un potente triunfo en el Provincial del Club Macul\",\"datePublished\":\"2026-04-27T22:25:41+00:00\",\"dateModified\":\"2026-04-27T22:25:44+00:00\",\"mainEntityOfPage\":{\"@id\":\"https:\\\/\\\/diarioellabrador.cl\\\/index.php\\\/2026\\\/04\\\/27\\\/baeza-y-sepulveda-lograron-un-potente-triunfo-en-el-provincial-del-club-macul\\\/\"},\"wordCount\":989,\"commentCount\":0,\"publisher\":{\"@id\":\"https:\\\/\\\/diarioellabrador.cl\\\/#organization\"},\"image\":{\"@id\":\"https:\\\/\\\/diarioellabrador.cl\\\/index.php\\\/2026\\\/04\\\/27\\\/baeza-y-sepulveda-lograron-un-potente-triunfo-en-el-provincial-del-club-macul\\\/#primaryimage\"},\"thumbnailUrl\":\"https:\\\/\\\/diarioellabrador.cl\\\/wp-content\\\/uploads\\\/2026\\\/04\\\/Baeza-y-Sepulveda-lograron-un-potente-triunfo-en-el-Provincial-del-Club-Macul.jpg\",\"articleSection\":[\"Rodeo\"],\"inLanguage\":\"es\",\"potentialAction\":[{\"@type\":\"CommentAction\",\"name\":\"Comment\",\"target\":[\"https:\\\/\\\/diarioellabrador.cl\\\/index.php\\\/2026\\\/04\\\/27\\\/baeza-y-sepulveda-lograron-un-potente-triunfo-en-el-provincial-del-club-macul\\\/#respond\"]}]},{\"@type\":\"WebPage\",\"@id\":\"https:\\\/\\\/diarioellabrador.cl\\\/index.php\\\/2026\\\/04\\\/27\\\/baeza-y-sepulveda-lograron-un-potente-triunfo-en-el-provincial-del-club-macul\\\/\",\"url\":\"https:\\\/\\\/diarioellabrador.cl\\\/index.php\\\/2026\\\/04\\\/27\\\/baeza-y-sepulveda-lograron-un-potente-triunfo-en-el-provincial-del-club-macul\\\/\",\"name\":\"Baeza y Sep\u00falveda lograron un potente triunfo en el Provincial del Club Macul - Diario El Labrador\",\"isPartOf\":{\"@id\":\"https:\\\/\\\/diarioellabrador.cl\\\/#website\"},\"primaryImageOfPage\":{\"@id\":\"https:\\\/\\\/diarioellabrador.cl\\\/index.php\\\/2026\\\/04\\\/27\\\/baeza-y-sepulveda-lograron-un-potente-triunfo-en-el-provincial-del-club-macul\\\/#primaryimage\"},\"image\":{\"@id\":\"https:\\\/\\\/diarioellabrador.cl\\\/index.php\\\/2026\\\/04\\\/27\\\/baeza-y-sepulveda-lograron-un-potente-triunfo-en-el-provincial-del-club-macul\\\/#primaryimage\"},\"thumbnailUrl\":\"https:\\\/\\\/diarioellabrador.cl\\\/wp-content\\\/uploads\\\/2026\\\/04\\\/Baeza-y-Sepulveda-lograron-un-potente-triunfo-en-el-Provincial-del-Club-Macul.jpg\",\"datePublished\":\"2026-04-27T22:25:41+00:00\",\"dateModified\":\"2026-04-27T22:25:44+00:00\",\"breadcrumb\":{\"@id\":\"https:\\\/\\\/diarioellabrador.cl\\\/index.php\\\/2026\\\/04\\\/27\\\/baeza-y-sepulveda-lograron-un-potente-triunfo-en-el-provincial-del-club-macul\\\/#breadcrumb\"},\"inLanguage\":\"es\",\"potentialAction\":[{\"@type\":\"ReadAction\",\"target\":[\"https:\\\/\\\/diarioellabrador.cl\\\/index.php\\\/2026\\\/04\\\/27\\\/baeza-y-sepulveda-lograron-un-potente-triunfo-en-el-provincial-del-club-macul\\\/\"]}]},{\"@type\":\"ImageObject\",\"inLanguage\":\"es\",\"@id\":\"https:\\\/\\\/diarioellabrador.cl\\\/index.php\\\/2026\\\/04\\\/27\\\/baeza-y-sepulveda-lograron-un-potente-triunfo-en-el-provincial-del-club-macul\\\/#primaryimage\",\"url\":\"https:\\\/\\\/diarioellabrador.cl\\\/wp-content\\\/uploads\\\/2026\\\/04\\\/Baeza-y-Sepulveda-lograron-un-potente-triunfo-en-el-Provincial-del-Club-Macul.jpg\",\"contentUrl\":\"https:\\\/\\\/diarioellabrador.cl\\\/wp-content\\\/uploads\\\/2026\\\/04\\\/Baeza-y-Sepulveda-lograron-un-potente-triunfo-en-el-Provincial-del-Club-Macul.jpg\",\"width\":750,\"height\":389},{\"@type\":\"BreadcrumbList\",\"@id\":\"https:\\\/\\\/diarioellabrador.cl\\\/index.php\\\/2026\\\/04\\\/27\\\/baeza-y-sepulveda-lograron-un-potente-triunfo-en-el-provincial-del-club-macul\\\/#breadcrumb\",\"itemListElement\":[{\"@type\":\"ListItem\",\"position\":1,\"name\":\"Portada\",\"item\":\"https:\\\/\\\/diarioellabrador.cl\\\/\"},{\"@type\":\"ListItem\",\"position\":2,\"name\":\"Baeza y Sep\u00falveda lograron un potente triunfo en el Provincial del Club Macul\"}]},{\"@type\":\"WebSite\",\"@id\":\"https:\\\/\\\/diarioellabrador.cl\\\/#website\",\"url\":\"https:\\\/\\\/diarioellabrador.cl\\\/\",\"name\":\"Diario El Labrador\",\"description\":\"Haciendo noticia desde 1921\",\"publisher\":{\"@id\":\"https:\\\/\\\/diarioellabrador.cl\\\/#organization\"},\"potentialAction\":[{\"@type\":\"SearchAction\",\"target\":{\"@type\":\"EntryPoint\",\"urlTemplate\":\"https:\\\/\\\/diarioellabrador.cl\\\/?s={search_term_string}\"},\"query-input\":{\"@type\":\"PropertyValueSpecification\",\"valueRequired\":true,\"valueName\":\"search_term_string\"}}],\"inLanguage\":\"es\"},{\"@type\":\"Organization\",\"@id\":\"https:\\\/\\\/diarioellabrador.cl\\\/#organization\",\"name\":\"Diario El Labrador\",\"url\":\"https:\\\/\\\/diarioellabrador.cl\\\/\",\"logo\":{\"@type\":\"ImageObject\",\"inLanguage\":\"es\",\"@id\":\"https:\\\/\\\/diarioellabrador.cl\\\/#\\\/schema\\\/logo\\\/image\\\/\",\"url\":\"https:\\\/\\\/diarioellabrador.cl\\\/wp-content\\\/uploads\\\/2025\\\/02\\\/cropped-Logo-Icono.png\",\"contentUrl\":\"https:\\\/\\\/diarioellabrador.cl\\\/wp-content\\\/uploads\\\/2025\\\/02\\\/cropped-Logo-Icono.png\",\"width\":512,\"height\":512,\"caption\":\"Diario El Labrador\"},\"image\":{\"@id\":\"https:\\\/\\\/diarioellabrador.cl\\\/#\\\/schema\\\/logo\\\/image\\\/\"},\"sameAs\":[\"https:\\\/\\\/web.facebook.com\\\/profile.php?id=61576120840621\",\"https:\\\/\\\/x.com\\\/ElLabradorOf\",\"https:\\\/\\\/www.instagram.com\\\/diarioellabradoroficial\\\/\"]},{\"@type\":\"Person\",\"@id\":\"https:\\\/\\\/diarioellabrador.cl\\\/#\\\/schema\\\/person\\\/bc25ff80b4563f9c7f4bd7855df01685\",\"name\":\"Editor\",\"image\":{\"@type\":\"ImageObject\",\"inLanguage\":\"es\",\"@id\":\"https:\\\/\\\/secure.gravatar.com\\\/avatar\\\/109c326cf2be5c04f048c2c2a2b8b6ef44bf3d8d1d3d4c55d0ac40c4bc994684?s=96&d=mm&r=g\",\"url\":\"https:\\\/\\\/secure.gravatar.com\\\/avatar\\\/109c326cf2be5c04f048c2c2a2b8b6ef44bf3d8d1d3d4c55d0ac40c4bc994684?s=96&d=mm&r=g\",\"contentUrl\":\"https:\\\/\\\/secure.gravatar.com\\\/avatar\\\/109c326cf2be5c04f048c2c2a2b8b6ef44bf3d8d1d3d4c55d0ac40c4bc994684?s=96&d=mm&r=g\",\"caption\":\"Editor\"},\"url\":\"https:\\\/\\\/diarioellabrador.cl\\\/index.php\\\/author\\\/editor\\\/\"}]}<\/script>\n<!-- \/ Yoast SEO plugin. -->","yoast_head_json":{"title":"Baeza y Sep\u00falveda lograron un potente triunfo en el Provincial del Club Macul - Diario El Labrador","robots":{"index":"index","follow":"follow","max-snippet":"max-snippet:-1","max-image-preview":"max-image-preview:large","max-video-preview":"max-video-preview:-1"},"canonical":"https:\/\/diarioellabrador.cl\/index.php\/2026\/04\/27\/baeza-y-sepulveda-lograron-un-potente-triunfo-en-el-provincial-del-club-macul\/","og_locale":"es_ES","og_type":"article","og_title":"Baeza y Sep\u00falveda lograron un potente triunfo en el Provincial del Club Macul - Diario El Labrador","og_description":"Autor: Alejandro Alegr\u00eda Torres Alvaro Baeza y Mat\u00edas Sep\u00falveda lograron un tremendo triunfo este fin de semana en el Rodeo Provincial en 3 Series del Club Macul de la Asociaci\u00f3n Santiago Sur que se disput\u00f3 en la Medialuna Parque Laguna de Batuco. Baeza y Sep\u00falveda fueron campeones en las yeguas El Convento Bendita y Las Leer m\u00e1s","og_url":"https:\/\/diarioellabrador.cl\/index.php\/2026\/04\/27\/baeza-y-sepulveda-lograron-un-potente-triunfo-en-el-provincial-del-club-macul\/","og_site_name":"Diario El Labrador","article_publisher":"https:\/\/web.facebook.com\/profile.php?id=61576120840621","article_published_time":"2026-04-27T22:25:41+00:00","article_modified_time":"2026-04-27T22:25:44+00:00","og_image":[{"width":750,"height":389,"url":"https:\/\/diarioellabrador.cl\/wp-content\/uploads\/2026\/04\/Baeza-y-Sepulveda-lograron-un-potente-triunfo-en-el-Provincial-del-Club-Macul.jpg","type":"image\/jpeg"}],"author":"Editor","twitter_card":"summary_large_image","twitter_creator":"@ElLabradorOf","twitter_site":"@ElLabradorOf","twitter_misc":{"Escrito por":"Editor","Tiempo de lectura":"5 minutos"},"schema":{"@context":"https:\/\/schema.org","@graph":[{"@type":"Article","@id":"https:\/\/diarioellabrador.cl\/index.php\/2026\/04\/27\/baeza-y-sepulveda-lograron-un-potente-triunfo-en-el-provincial-del-club-macul\/#article","isPartOf":{"@id":"https:\/\/diarioellabrador.cl\/index.php\/2026\/04\/27\/baeza-y-sepulveda-lograron-un-potente-triunfo-en-el-provincial-del-club-macul\/"},"author":{"name":"Editor","@id":"https:\/\/diarioellabrador.cl\/#\/schema\/person\/bc25ff80b4563f9c7f4bd7855df01685"},"headline":"Baeza y Sep\u00falveda lograron un potente triunfo en el Provincial del Club Macul","datePublished":"2026-04-27T22:25:41+00:00","dateModified":"2026-04-27T22:25:44+00:00","mainEntityOfPage":{"@id":"https:\/\/diarioellabrador.cl\/index.php\/2026\/04\/27\/baeza-y-sepulveda-lograron-un-potente-triunfo-en-el-provincial-del-club-macul\/"},"wordCount":989,"commentCount":0,"publisher":{"@id":"https:\/\/diarioellabrador.cl\/#organization"},"image":{"@id":"https:\/\/diarioellabrador.cl\/index.php\/2026\/04\/27\/baeza-y-sepulveda-lograron-un-potente-triunfo-en-el-provincial-del-club-macul\/#primaryimage"},"thumbnailUrl":"https:\/\/diarioellabrador.cl\/wp-content\/uploads\/2026\/04\/Baeza-y-Sepulveda-lograron-un-potente-triunfo-en-el-Provincial-del-Club-Macul.jpg","articleSection":["Rodeo"],"inLanguage":"es","potentialAction":[{"@type":"CommentAction","name":"Comment","target":["https:\/\/diarioellabrador.cl\/index.php\/2026\/04\/27\/baeza-y-sepulveda-lograron-un-potente-triunfo-en-el-provincial-del-club-macul\/#respond"]}]},{"@type":"WebPage","@id":"https:\/\/diarioellabrador.cl\/index.php\/2026\/04\/27\/baeza-y-sepulveda-lograron-un-potente-triunfo-en-el-provincial-del-club-macul\/","url":"https:\/\/diarioellabrador.cl\/index.php\/2026\/04\/27\/baeza-y-sepulveda-lograron-un-potente-triunfo-en-el-provincial-del-club-macul\/","name":"Baeza y Sep\u00falveda lograron un potente triunfo en el Provincial del Club Macul - Diario El Labrador","isPartOf":{"@id":"https:\/\/diarioellabrador.cl\/#website"},"primaryImageOfPage":{"@id":"https:\/\/diarioellabrador.cl\/index.php\/2026\/04\/27\/baeza-y-sepulveda-lograron-un-potente-triunfo-en-el-provincial-del-club-macul\/#primaryimage"},"image":{"@id":"https:\/\/diarioellabrador.cl\/index.php\/2026\/04\/27\/baeza-y-sepulveda-lograron-un-potente-triunfo-en-el-provincial-del-club-macul\/#primaryimage"},"thumbnailUrl":"https:\/\/diarioellabrador.cl\/wp-content\/uploads\/2026\/04\/Baeza-y-Sepulveda-lograron-un-potente-triunfo-en-el-Provincial-del-Club-Macul.jpg","datePublished":"2026-04-27T22:25:41+00:00","dateModified":"2026-04-27T22:25:44+00:00","breadcrumb":{"@id":"https:\/\/diarioellabrador.cl\/index.php\/2026\/04\/27\/baeza-y-sepulveda-lograron-un-potente-triunfo-en-el-provincial-del-club-macul\/#breadcrumb"},"inLanguage":"es","potentialAction":[{"@type":"ReadAction","target":["https:\/\/diarioellabrador.cl\/index.php\/2026\/04\/27\/baeza-y-sepulveda-lograron-un-potente-triunfo-en-el-provincial-del-club-macul\/"]}]},{"@type":"ImageObject","inLanguage":"es","@id":"https:\/\/diarioellabrador.cl\/index.php\/2026\/04\/27\/baeza-y-sepulveda-lograron-un-potente-triunfo-en-el-provincial-del-club-macul\/#primaryimage","url":"https:\/\/diarioellabrador.cl\/wp-content\/uploads\/2026\/04\/Baeza-y-Sepulveda-lograron-un-potente-triunfo-en-el-Provincial-del-Club-Macul.jpg","contentUrl":"https:\/\/diarioellabrador.cl\/wp-content\/uploads\/2026\/04\/Baeza-y-Sepulveda-lograron-un-potente-triunfo-en-el-Provincial-del-Club-Macul.jpg","width":750,"height":389},{"@type":"BreadcrumbList","@id":"https:\/\/diarioellabrador.cl\/index.php\/2026\/04\/27\/baeza-y-sepulveda-lograron-un-potente-triunfo-en-el-provincial-del-club-macul\/#breadcrumb","itemListElement":[{"@type":"ListItem","position":1,"name":"Portada","item":"https:\/\/diarioellabrador.cl\/"},{"@type":"ListItem","position":2,"name":"Baeza y Sep\u00falveda lograron un potente triunfo en el Provincial del Club Macul"}]},{"@type":"WebSite","@id":"https:\/\/diarioellabrador.cl\/#website","url":"https:\/\/diarioellabrador.cl\/","name":"Diario El Labrador","description":"Haciendo noticia desde 1921","publisher":{"@id":"https:\/\/diarioellabrador.cl\/#organization"},"potentialAction":[{"@type":"SearchAction","target":{"@type":"EntryPoint","urlTemplate":"https:\/\/diarioellabrador.cl\/?s={search_term_string}"},"query-input":{"@type":"PropertyValueSpecification","valueRequired":true,"valueName":"search_term_string"}}],"inLanguage":"es"},{"@type":"Organization","@id":"https:\/\/diarioellabrador.cl\/#organization","name":"Diario El Labrador","url":"https:\/\/diarioellabrador.cl\/","logo":{"@type":"ImageObject","inLanguage":"es","@id":"https:\/\/diarioellabrador.cl\/#\/schema\/logo\/image\/","url":"https:\/\/diarioellabrador.cl\/wp-content\/uploads\/2025\/02\/cropped-Logo-Icono.png","contentUrl":"https:\/\/diarioellabrador.cl\/wp-content\/uploads\/2025\/02\/cropped-Logo-Icono.png","width":512,"height":512,"caption":"Diario El Labrador"},"image":{"@id":"https:\/\/diarioellabrador.cl\/#\/schema\/logo\/image\/"},"sameAs":["https:\/\/web.facebook.com\/profile.php?id=61576120840621","https:\/\/x.com\/ElLabradorOf","https:\/\/www.instagram.com\/diarioellabradoroficial\/"]},{"@type":"Person","@id":"https:\/\/diarioellabrador.cl\/#\/schema\/person\/bc25ff80b4563f9c7f4bd7855df01685","name":"Editor","image":{"@type":"ImageObject","inLanguage":"es","@id":"https:\/\/secure.gravatar.com\/avatar\/109c326cf2be5c04f048c2c2a2b8b6ef44bf3d8d1d3d4c55d0ac40c4bc994684?s=96&d=mm&r=g","url":"https:\/\/secure.gravatar.com\/avatar\/109c326cf2be5c04f048c2c2a2b8b6ef44bf3d8d1d3d4c55d0ac40c4bc994684?s=96&d=mm&r=g","contentUrl":"https:\/\/secure.gravatar.com\/avatar\/109c326cf2be5c04f048c2c2a2b8b6ef44bf3d8d1d3d4c55d0ac40c4bc994684?s=96&d=mm&r=g","caption":"Editor"},"url":"https:\/\/diarioellabrador.cl\/index.php\/author\/editor\/"}]}},"_links":{"self":[{"href":"https:\/\/diarioellabrador.cl\/index.php\/wp-json\/wp\/v2\/posts\/18606","targetHints":{"allow":["GET"]}}],"collection":[{"href":"https:\/\/diarioellabrador.cl\/index.php\/wp-json\/wp\/v2\/posts"}],"about":[{"href":"https:\/\/diarioellabrador.cl\/index.php\/wp-json\/wp\/v2\/types\/post"}],"author":[{"embeddable":true,"href":"https:\/\/diarioellabrador.cl\/index.php\/wp-json\/wp\/v2\/users\/2"}],"replies":[{"embeddable":true,"href":"https:\/\/diarioellabrador.cl\/index.php\/wp-json\/wp\/v2\/comments?post=18606"}],"version-history":[{"count":1,"href":"https:\/\/diarioellabrador.cl\/index.php\/wp-json\/wp\/v2\/posts\/18606\/revisions"}],"predecessor-version":[{"id":18607,"href":"https:\/\/diarioellabrador.cl\/index.php\/wp-json\/wp\/v2\/posts\/18606\/revisions\/18607"}],"wp:featuredmedia":[{"embeddable":true,"href":"https:\/\/diarioellabrador.cl\/index.php\/wp-json\/wp\/v2\/media\/18599"}],"wp:attachment":[{"href":"https:\/\/diarioellabrador.cl\/index.php\/wp-json\/wp\/v2\/media?parent=18606"}],"wp:term":[{"taxonomy":"category","embeddable":true,"href":"https:\/\/diarioellabrador.cl\/index.php\/wp-json\/wp\/v2\/categories?post=18606"},{"taxonomy":"post_tag","embeddable":true,"href":"https:\/\/diarioellabrador.cl\/index.php\/wp-json\/wp\/v2\/tags?post=18606"}],"curies":[{"name":"wp","href":"https:\/\/api.w.org\/{rel}","templated":true}]}}