{"id":18604,"date":"2026-04-27T18:24:58","date_gmt":"2026-04-27T22:24:58","guid":{"rendered":"https:\/\/diarioellabrador.cl\/?p=18604"},"modified":"2026-04-27T18:25:00","modified_gmt":"2026-04-27T22:25:00","slug":"taitao-ii-lucio-a-su-nuevo-equipo-con-una-victoria-en-el-interasociaciones-de-maipo","status":"publish","type":"post","link":"https:\/\/diarioellabrador.cl\/index.php\/2026\/04\/27\/taitao-ii-lucio-a-su-nuevo-equipo-con-una-victoria-en-el-interasociaciones-de-maipo\/","title":{"rendered":"Taitao II luci\u00f3 a su nuevo equipo con una victoria en el Interasociaciones de Maipo"},"content":{"rendered":"\n<p><strong>Autor: <\/strong>Alejandro Alegr\u00eda Torres<\/p>\n\n\n\n<p>El <strong>Criadero Taitao II<\/strong> comenz\u00f3 a obtener los primeros resultados con el excelente equipo que arm\u00f3 para la Temporada 2025-2026, luego que este fin de semana se coron\u00f3 campe\u00f3n del <strong>Rodeo Interasociaciones Especial <\/strong>que organiz\u00f3 la <strong>Asociaci\u00f3n Maipo <\/strong>en la <strong>Medialuna de Valdivia de Paine<\/strong>.<\/p>\n\n\n\n<p><strong>Diego Pacheco<\/strong> y <strong>Cristi\u00e1n \u00abTato\u00bb Meza<\/strong>, reciente incorporaci\u00f3n del criadero, fueron campeones luego que en los lomos de la mixta criada <strong>Safira <\/strong>y <strong>Nicodemo<\/strong> totalizaron 30 puntos buenos.<\/p>\n\n\n\n<p>Pacheco se mostr\u00f3 muy satisfecho por el buen cometido y dijo a <strong>Caballoyrodeo.cl<\/strong>: \u00abEstoy muy contento por el criadero, por todo. Fue el primer rodeo que corr\u00edamos con el &#8216;Tato&#8217;, trajimos una pura collera, fuimos en lo montado y anduvo muy bien. Pudimos ganar una serie y ganar el champion, as\u00ed que estamos muy felices con mi compa\u00f1ero\u00bb.<\/p>\n\n\n\n<p>\u00abSe arm\u00f3 esta pareja porque el &#8216;Tato&#8217; quer\u00eda correr al caballo y uno tiene que correr en lo que se siente m\u00e1s c\u00f3modo. El &#8216;Tato&#8217; prefiri\u00f3 correr ese caballo, as\u00ed que feliz. Por otro lado, estamos felices porque &#8216;Juanito&#8217; (Juan Ignacio Pacheco) con Gustavo Cornejo quedaron segundos en Comalle, en donde corrieron al Altiro con la Estelita, as\u00ed que feliz por el resultado de ellos. Qued\u00f3 muy buena esa collera tambi\u00e9n\u00bb, agreg\u00f3.<\/p>\n\n\n\n<p>Sobre la buena jornada para el criadero, dijo: \u00abGracias a Dios fue un buen fin de semana, se lograron buenos triunfos corriendo en familia. Estamos felices de poder llegar y tener estos resultados que cuestan mucho, porque el deporte est\u00e1 muy dif\u00edcil. El rodeo en general estuvo bueno, con buen ganado, as\u00ed que estamos todos contentos\u00bb.<\/p>\n\n\n\n<p>Respecto al buen plantel que tiene el criadero, coment\u00f3: \u00abSe arm\u00f3 un buen equipo y se est\u00e1n cumpliendo las expectativas, pero aqu\u00ed la idea es que corramos todos en familia, con mis ni\u00f1os, ese es el esp\u00edritu. Por supuesto que a uno le gusta competir y andar bien, pero el objetivo es estar con mis ni\u00f1os, eso es lo que queremos en familia. Es lo que nos gusta y lo que m\u00e1s nos motiva\u00bb.<\/p>\n\n\n\n<p>\u00abAunque, por supuesto que nos gusta tener buenos y hartos caballos, es lo que todos queremos. Es muy dif\u00edcil tener buenos caballos, pero le ponemos harto empe\u00f1o para poder lograrlo\u00bb, agreg\u00f3.<\/p>\n\n\n\n<p>Finalmente, Pacheco adelant\u00f3 lo que viene para el criadero: \u00abAhora tenemos un rodeo este fin de semana que viene en la Asociaci\u00f3n Colchagua, un rodeo que hace la asociaci\u00f3n para todos los socios de Colchagua. Va a ser un rodeo muy bueno para toda la gente de all\u00e1\u00bb.<\/p>\n\n\n\n<p>El segundo lugar lo obtuvo el <strong>Criadero Las Pe\u00f1as<\/strong> con <strong>Ignacio Hermosilla<\/strong> y <strong>Pablo Moreno<\/strong>. Fueron vicecampeones en <strong>Prisionero <\/strong>y <strong>Cuchufl\u00ed<\/strong> con 24 grandes y completaron el podio en <strong>T\u00e1chula<\/strong> y <strong>Tatarita<\/strong> con 17.<\/p>\n\n\n\n<p>Tambi\u00e9n corrieron el cuarto animal Emiliano Ruiz Lobos y Emiliano Ruiz Montilla en Santa Isabel Orgullo y Principio Candidato con 16 puntos; el Criadero Las Pe\u00f1as con Ignacio Hermosilla y Pablo Moreno en Carretero y Agraciado con 12; y el Criadero Cerro Las Pataguas con Carlos Vidal y Ricardo Pereira en Tequilero y Gobernador con 11.<\/p>\n\n\n\n<p>El <strong>Movimiento a la Rienda<\/strong> en la categor\u00eda menores lo obtuvo <strong>Germ\u00e1n Vera <\/strong>en <strong>Pastos Largos Ta\u00f1\u00edo<\/strong> con 33 unidades.<\/p>\n\n\n\n<p>Mientras que el <strong>Sello de Raza <\/strong>lo gan\u00f3 <strong>Las Pe\u00f1as T\u00e1chula<\/strong>, montada por <strong>Ignacio Hermosilla.<\/strong><\/p>\n\n\n\n<p>La Asociaci\u00f3n Maipo apunt\u00f3 que fue un muy buen rodeo y agradeci\u00f3 el profesionalismo y buena disposici\u00f3n de jinetes, del delegado y jurado.<\/p>\n","protected":false},"excerpt":{"rendered":"<p>Autor: Alejandro Alegr\u00eda Torres El Criadero Taitao II comenz\u00f3 a obtener los primeros resultados con el excelente equipo que arm\u00f3 para la Temporada 2025-2026, luego que este fin de semana se coron\u00f3 campe\u00f3n del Rodeo Interasociaciones Especial que organiz\u00f3 la Asociaci\u00f3n Maipo en la Medialuna de Valdivia de Paine. Diego Pacheco y Cristi\u00e1n \u00abTato\u00bb Meza,<\/p>\n<div class=\"read-more-wrapper\"><a class=\"read-more\" href=\"https:\/\/diarioellabrador.cl\/index.php\/2026\/04\/27\/taitao-ii-lucio-a-su-nuevo-equipo-con-una-victoria-en-el-interasociaciones-de-maipo\/\" title=\"Leer m\u00e1s\"> <span class=\"button \">Leer m\u00e1s<\/span><\/a><\/div>\n","protected":false},"author":2,"featured_media":18598,"comment_status":"open","ping_status":"open","sticky":false,"template":"","format":"standard","meta":{"footnotes":""},"categories":[5],"tags":[],"class_list":["post-18604","post","type-post","status-publish","format-standard","has-post-thumbnail","hentry","category-rodeo"],"yoast_head":"<!-- This site is optimized with the Yoast SEO plugin v27.5 - https:\/\/yoast.com\/product\/yoast-seo-wordpress\/ -->\n<title>Taitao II luci\u00f3 a su nuevo equipo con una victoria en el Interasociaciones de Maipo - Diario El Labrador<\/title>\n<meta name=\"robots\" content=\"index, follow, max-snippet:-1, max-image-preview:large, max-video-preview:-1\" \/>\n<link rel=\"canonical\" href=\"https:\/\/diarioellabrador.cl\/index.php\/2026\/04\/27\/taitao-ii-lucio-a-su-nuevo-equipo-con-una-victoria-en-el-interasociaciones-de-maipo\/\" \/>\n<meta property=\"og:locale\" content=\"es_ES\" \/>\n<meta property=\"og:type\" content=\"article\" \/>\n<meta property=\"og:title\" content=\"Taitao II luci\u00f3 a su nuevo equipo con una victoria en el Interasociaciones de Maipo - Diario El Labrador\" \/>\n<meta property=\"og:description\" content=\"Autor: Alejandro Alegr\u00eda Torres El Criadero Taitao II comenz\u00f3 a obtener los primeros resultados con el excelente equipo que arm\u00f3 para la Temporada 2025-2026, luego que este fin de semana se coron\u00f3 campe\u00f3n del Rodeo Interasociaciones Especial que organiz\u00f3 la Asociaci\u00f3n Maipo en la Medialuna de Valdivia de Paine. Diego Pacheco y Cristi\u00e1n \u00abTato\u00bb Meza, Leer m\u00e1s\" \/>\n<meta property=\"og:url\" content=\"https:\/\/diarioellabrador.cl\/index.php\/2026\/04\/27\/taitao-ii-lucio-a-su-nuevo-equipo-con-una-victoria-en-el-interasociaciones-de-maipo\/\" \/>\n<meta property=\"og:site_name\" content=\"Diario El Labrador\" \/>\n<meta property=\"article:publisher\" content=\"https:\/\/web.facebook.com\/profile.php?id=61576120840621\" \/>\n<meta property=\"article:published_time\" content=\"2026-04-27T22:24:58+00:00\" \/>\n<meta property=\"article:modified_time\" content=\"2026-04-27T22:25:00+00:00\" \/>\n<meta property=\"og:image\" content=\"https:\/\/diarioellabrador.cl\/wp-content\/uploads\/2026\/04\/Taitao-II-lucio-a-su-nuevo-equipo-con-una-victoria-en-el-Interasociaciones-de-Maipo.jpg\" \/>\n\t<meta property=\"og:image:width\" content=\"750\" \/>\n\t<meta property=\"og:image:height\" content=\"389\" \/>\n\t<meta property=\"og:image:type\" content=\"image\/jpeg\" \/>\n<meta name=\"author\" content=\"Editor\" \/>\n<meta name=\"twitter:card\" content=\"summary_large_image\" \/>\n<meta name=\"twitter:creator\" content=\"@ElLabradorOf\" \/>\n<meta name=\"twitter:site\" content=\"@ElLabradorOf\" \/>\n<meta name=\"twitter:label1\" content=\"Escrito por\" \/>\n\t<meta name=\"twitter:data1\" content=\"Editor\" \/>\n\t<meta name=\"twitter:label2\" content=\"Tiempo de lectura\" \/>\n\t<meta name=\"twitter:data2\" content=\"3 minutos\" \/>\n<script type=\"application\/ld+json\" class=\"yoast-schema-graph\">{\"@context\":\"https:\\\/\\\/schema.org\",\"@graph\":[{\"@type\":\"Article\",\"@id\":\"https:\\\/\\\/diarioellabrador.cl\\\/index.php\\\/2026\\\/04\\\/27\\\/taitao-ii-lucio-a-su-nuevo-equipo-con-una-victoria-en-el-interasociaciones-de-maipo\\\/#article\",\"isPartOf\":{\"@id\":\"https:\\\/\\\/diarioellabrador.cl\\\/index.php\\\/2026\\\/04\\\/27\\\/taitao-ii-lucio-a-su-nuevo-equipo-con-una-victoria-en-el-interasociaciones-de-maipo\\\/\"},\"author\":{\"name\":\"Editor\",\"@id\":\"https:\\\/\\\/diarioellabrador.cl\\\/#\\\/schema\\\/person\\\/bc25ff80b4563f9c7f4bd7855df01685\"},\"headline\":\"Taitao II luci\u00f3 a su nuevo equipo con una victoria en el Interasociaciones de Maipo\",\"datePublished\":\"2026-04-27T22:24:58+00:00\",\"dateModified\":\"2026-04-27T22:25:00+00:00\",\"mainEntityOfPage\":{\"@id\":\"https:\\\/\\\/diarioellabrador.cl\\\/index.php\\\/2026\\\/04\\\/27\\\/taitao-ii-lucio-a-su-nuevo-equipo-con-una-victoria-en-el-interasociaciones-de-maipo\\\/\"},\"wordCount\":605,\"commentCount\":0,\"publisher\":{\"@id\":\"https:\\\/\\\/diarioellabrador.cl\\\/#organization\"},\"image\":{\"@id\":\"https:\\\/\\\/diarioellabrador.cl\\\/index.php\\\/2026\\\/04\\\/27\\\/taitao-ii-lucio-a-su-nuevo-equipo-con-una-victoria-en-el-interasociaciones-de-maipo\\\/#primaryimage\"},\"thumbnailUrl\":\"https:\\\/\\\/diarioellabrador.cl\\\/wp-content\\\/uploads\\\/2026\\\/04\\\/Taitao-II-lucio-a-su-nuevo-equipo-con-una-victoria-en-el-Interasociaciones-de-Maipo.jpg\",\"articleSection\":[\"Rodeo\"],\"inLanguage\":\"es\",\"potentialAction\":[{\"@type\":\"CommentAction\",\"name\":\"Comment\",\"target\":[\"https:\\\/\\\/diarioellabrador.cl\\\/index.php\\\/2026\\\/04\\\/27\\\/taitao-ii-lucio-a-su-nuevo-equipo-con-una-victoria-en-el-interasociaciones-de-maipo\\\/#respond\"]}]},{\"@type\":\"WebPage\",\"@id\":\"https:\\\/\\\/diarioellabrador.cl\\\/index.php\\\/2026\\\/04\\\/27\\\/taitao-ii-lucio-a-su-nuevo-equipo-con-una-victoria-en-el-interasociaciones-de-maipo\\\/\",\"url\":\"https:\\\/\\\/diarioellabrador.cl\\\/index.php\\\/2026\\\/04\\\/27\\\/taitao-ii-lucio-a-su-nuevo-equipo-con-una-victoria-en-el-interasociaciones-de-maipo\\\/\",\"name\":\"Taitao II luci\u00f3 a su nuevo equipo con una victoria en el Interasociaciones de Maipo - Diario El Labrador\",\"isPartOf\":{\"@id\":\"https:\\\/\\\/diarioellabrador.cl\\\/#website\"},\"primaryImageOfPage\":{\"@id\":\"https:\\\/\\\/diarioellabrador.cl\\\/index.php\\\/2026\\\/04\\\/27\\\/taitao-ii-lucio-a-su-nuevo-equipo-con-una-victoria-en-el-interasociaciones-de-maipo\\\/#primaryimage\"},\"image\":{\"@id\":\"https:\\\/\\\/diarioellabrador.cl\\\/index.php\\\/2026\\\/04\\\/27\\\/taitao-ii-lucio-a-su-nuevo-equipo-con-una-victoria-en-el-interasociaciones-de-maipo\\\/#primaryimage\"},\"thumbnailUrl\":\"https:\\\/\\\/diarioellabrador.cl\\\/wp-content\\\/uploads\\\/2026\\\/04\\\/Taitao-II-lucio-a-su-nuevo-equipo-con-una-victoria-en-el-Interasociaciones-de-Maipo.jpg\",\"datePublished\":\"2026-04-27T22:24:58+00:00\",\"dateModified\":\"2026-04-27T22:25:00+00:00\",\"breadcrumb\":{\"@id\":\"https:\\\/\\\/diarioellabrador.cl\\\/index.php\\\/2026\\\/04\\\/27\\\/taitao-ii-lucio-a-su-nuevo-equipo-con-una-victoria-en-el-interasociaciones-de-maipo\\\/#breadcrumb\"},\"inLanguage\":\"es\",\"potentialAction\":[{\"@type\":\"ReadAction\",\"target\":[\"https:\\\/\\\/diarioellabrador.cl\\\/index.php\\\/2026\\\/04\\\/27\\\/taitao-ii-lucio-a-su-nuevo-equipo-con-una-victoria-en-el-interasociaciones-de-maipo\\\/\"]}]},{\"@type\":\"ImageObject\",\"inLanguage\":\"es\",\"@id\":\"https:\\\/\\\/diarioellabrador.cl\\\/index.php\\\/2026\\\/04\\\/27\\\/taitao-ii-lucio-a-su-nuevo-equipo-con-una-victoria-en-el-interasociaciones-de-maipo\\\/#primaryimage\",\"url\":\"https:\\\/\\\/diarioellabrador.cl\\\/wp-content\\\/uploads\\\/2026\\\/04\\\/Taitao-II-lucio-a-su-nuevo-equipo-con-una-victoria-en-el-Interasociaciones-de-Maipo.jpg\",\"contentUrl\":\"https:\\\/\\\/diarioellabrador.cl\\\/wp-content\\\/uploads\\\/2026\\\/04\\\/Taitao-II-lucio-a-su-nuevo-equipo-con-una-victoria-en-el-Interasociaciones-de-Maipo.jpg\",\"width\":750,\"height\":389},{\"@type\":\"BreadcrumbList\",\"@id\":\"https:\\\/\\\/diarioellabrador.cl\\\/index.php\\\/2026\\\/04\\\/27\\\/taitao-ii-lucio-a-su-nuevo-equipo-con-una-victoria-en-el-interasociaciones-de-maipo\\\/#breadcrumb\",\"itemListElement\":[{\"@type\":\"ListItem\",\"position\":1,\"name\":\"Portada\",\"item\":\"https:\\\/\\\/diarioellabrador.cl\\\/\"},{\"@type\":\"ListItem\",\"position\":2,\"name\":\"Taitao II luci\u00f3 a su nuevo equipo con una victoria en el Interasociaciones de Maipo\"}]},{\"@type\":\"WebSite\",\"@id\":\"https:\\\/\\\/diarioellabrador.cl\\\/#website\",\"url\":\"https:\\\/\\\/diarioellabrador.cl\\\/\",\"name\":\"Diario El Labrador\",\"description\":\"Haciendo noticia desde 1921\",\"publisher\":{\"@id\":\"https:\\\/\\\/diarioellabrador.cl\\\/#organization\"},\"potentialAction\":[{\"@type\":\"SearchAction\",\"target\":{\"@type\":\"EntryPoint\",\"urlTemplate\":\"https:\\\/\\\/diarioellabrador.cl\\\/?s={search_term_string}\"},\"query-input\":{\"@type\":\"PropertyValueSpecification\",\"valueRequired\":true,\"valueName\":\"search_term_string\"}}],\"inLanguage\":\"es\"},{\"@type\":\"Organization\",\"@id\":\"https:\\\/\\\/diarioellabrador.cl\\\/#organization\",\"name\":\"Diario El Labrador\",\"url\":\"https:\\\/\\\/diarioellabrador.cl\\\/\",\"logo\":{\"@type\":\"ImageObject\",\"inLanguage\":\"es\",\"@id\":\"https:\\\/\\\/diarioellabrador.cl\\\/#\\\/schema\\\/logo\\\/image\\\/\",\"url\":\"https:\\\/\\\/diarioellabrador.cl\\\/wp-content\\\/uploads\\\/2025\\\/02\\\/cropped-Logo-Icono.png\",\"contentUrl\":\"https:\\\/\\\/diarioellabrador.cl\\\/wp-content\\\/uploads\\\/2025\\\/02\\\/cropped-Logo-Icono.png\",\"width\":512,\"height\":512,\"caption\":\"Diario El Labrador\"},\"image\":{\"@id\":\"https:\\\/\\\/diarioellabrador.cl\\\/#\\\/schema\\\/logo\\\/image\\\/\"},\"sameAs\":[\"https:\\\/\\\/web.facebook.com\\\/profile.php?id=61576120840621\",\"https:\\\/\\\/x.com\\\/ElLabradorOf\",\"https:\\\/\\\/www.instagram.com\\\/diarioellabradoroficial\\\/\"]},{\"@type\":\"Person\",\"@id\":\"https:\\\/\\\/diarioellabrador.cl\\\/#\\\/schema\\\/person\\\/bc25ff80b4563f9c7f4bd7855df01685\",\"name\":\"Editor\",\"image\":{\"@type\":\"ImageObject\",\"inLanguage\":\"es\",\"@id\":\"https:\\\/\\\/secure.gravatar.com\\\/avatar\\\/109c326cf2be5c04f048c2c2a2b8b6ef44bf3d8d1d3d4c55d0ac40c4bc994684?s=96&d=mm&r=g\",\"url\":\"https:\\\/\\\/secure.gravatar.com\\\/avatar\\\/109c326cf2be5c04f048c2c2a2b8b6ef44bf3d8d1d3d4c55d0ac40c4bc994684?s=96&d=mm&r=g\",\"contentUrl\":\"https:\\\/\\\/secure.gravatar.com\\\/avatar\\\/109c326cf2be5c04f048c2c2a2b8b6ef44bf3d8d1d3d4c55d0ac40c4bc994684?s=96&d=mm&r=g\",\"caption\":\"Editor\"},\"url\":\"https:\\\/\\\/diarioellabrador.cl\\\/index.php\\\/author\\\/editor\\\/\"}]}<\/script>\n<!-- \/ Yoast SEO plugin. -->","yoast_head_json":{"title":"Taitao II luci\u00f3 a su nuevo equipo con una victoria en el Interasociaciones de Maipo - Diario El Labrador","robots":{"index":"index","follow":"follow","max-snippet":"max-snippet:-1","max-image-preview":"max-image-preview:large","max-video-preview":"max-video-preview:-1"},"canonical":"https:\/\/diarioellabrador.cl\/index.php\/2026\/04\/27\/taitao-ii-lucio-a-su-nuevo-equipo-con-una-victoria-en-el-interasociaciones-de-maipo\/","og_locale":"es_ES","og_type":"article","og_title":"Taitao II luci\u00f3 a su nuevo equipo con una victoria en el Interasociaciones de Maipo - Diario El Labrador","og_description":"Autor: Alejandro Alegr\u00eda Torres El Criadero Taitao II comenz\u00f3 a obtener los primeros resultados con el excelente equipo que arm\u00f3 para la Temporada 2025-2026, luego que este fin de semana se coron\u00f3 campe\u00f3n del Rodeo Interasociaciones Especial que organiz\u00f3 la Asociaci\u00f3n Maipo en la Medialuna de Valdivia de Paine. Diego Pacheco y Cristi\u00e1n \u00abTato\u00bb Meza, Leer m\u00e1s","og_url":"https:\/\/diarioellabrador.cl\/index.php\/2026\/04\/27\/taitao-ii-lucio-a-su-nuevo-equipo-con-una-victoria-en-el-interasociaciones-de-maipo\/","og_site_name":"Diario El Labrador","article_publisher":"https:\/\/web.facebook.com\/profile.php?id=61576120840621","article_published_time":"2026-04-27T22:24:58+00:00","article_modified_time":"2026-04-27T22:25:00+00:00","og_image":[{"width":750,"height":389,"url":"https:\/\/diarioellabrador.cl\/wp-content\/uploads\/2026\/04\/Taitao-II-lucio-a-su-nuevo-equipo-con-una-victoria-en-el-Interasociaciones-de-Maipo.jpg","type":"image\/jpeg"}],"author":"Editor","twitter_card":"summary_large_image","twitter_creator":"@ElLabradorOf","twitter_site":"@ElLabradorOf","twitter_misc":{"Escrito por":"Editor","Tiempo de lectura":"3 minutos"},"schema":{"@context":"https:\/\/schema.org","@graph":[{"@type":"Article","@id":"https:\/\/diarioellabrador.cl\/index.php\/2026\/04\/27\/taitao-ii-lucio-a-su-nuevo-equipo-con-una-victoria-en-el-interasociaciones-de-maipo\/#article","isPartOf":{"@id":"https:\/\/diarioellabrador.cl\/index.php\/2026\/04\/27\/taitao-ii-lucio-a-su-nuevo-equipo-con-una-victoria-en-el-interasociaciones-de-maipo\/"},"author":{"name":"Editor","@id":"https:\/\/diarioellabrador.cl\/#\/schema\/person\/bc25ff80b4563f9c7f4bd7855df01685"},"headline":"Taitao II luci\u00f3 a su nuevo equipo con una victoria en el Interasociaciones de Maipo","datePublished":"2026-04-27T22:24:58+00:00","dateModified":"2026-04-27T22:25:00+00:00","mainEntityOfPage":{"@id":"https:\/\/diarioellabrador.cl\/index.php\/2026\/04\/27\/taitao-ii-lucio-a-su-nuevo-equipo-con-una-victoria-en-el-interasociaciones-de-maipo\/"},"wordCount":605,"commentCount":0,"publisher":{"@id":"https:\/\/diarioellabrador.cl\/#organization"},"image":{"@id":"https:\/\/diarioellabrador.cl\/index.php\/2026\/04\/27\/taitao-ii-lucio-a-su-nuevo-equipo-con-una-victoria-en-el-interasociaciones-de-maipo\/#primaryimage"},"thumbnailUrl":"https:\/\/diarioellabrador.cl\/wp-content\/uploads\/2026\/04\/Taitao-II-lucio-a-su-nuevo-equipo-con-una-victoria-en-el-Interasociaciones-de-Maipo.jpg","articleSection":["Rodeo"],"inLanguage":"es","potentialAction":[{"@type":"CommentAction","name":"Comment","target":["https:\/\/diarioellabrador.cl\/index.php\/2026\/04\/27\/taitao-ii-lucio-a-su-nuevo-equipo-con-una-victoria-en-el-interasociaciones-de-maipo\/#respond"]}]},{"@type":"WebPage","@id":"https:\/\/diarioellabrador.cl\/index.php\/2026\/04\/27\/taitao-ii-lucio-a-su-nuevo-equipo-con-una-victoria-en-el-interasociaciones-de-maipo\/","url":"https:\/\/diarioellabrador.cl\/index.php\/2026\/04\/27\/taitao-ii-lucio-a-su-nuevo-equipo-con-una-victoria-en-el-interasociaciones-de-maipo\/","name":"Taitao II luci\u00f3 a su nuevo equipo con una victoria en el Interasociaciones de Maipo - Diario El Labrador","isPartOf":{"@id":"https:\/\/diarioellabrador.cl\/#website"},"primaryImageOfPage":{"@id":"https:\/\/diarioellabrador.cl\/index.php\/2026\/04\/27\/taitao-ii-lucio-a-su-nuevo-equipo-con-una-victoria-en-el-interasociaciones-de-maipo\/#primaryimage"},"image":{"@id":"https:\/\/diarioellabrador.cl\/index.php\/2026\/04\/27\/taitao-ii-lucio-a-su-nuevo-equipo-con-una-victoria-en-el-interasociaciones-de-maipo\/#primaryimage"},"thumbnailUrl":"https:\/\/diarioellabrador.cl\/wp-content\/uploads\/2026\/04\/Taitao-II-lucio-a-su-nuevo-equipo-con-una-victoria-en-el-Interasociaciones-de-Maipo.jpg","datePublished":"2026-04-27T22:24:58+00:00","dateModified":"2026-04-27T22:25:00+00:00","breadcrumb":{"@id":"https:\/\/diarioellabrador.cl\/index.php\/2026\/04\/27\/taitao-ii-lucio-a-su-nuevo-equipo-con-una-victoria-en-el-interasociaciones-de-maipo\/#breadcrumb"},"inLanguage":"es","potentialAction":[{"@type":"ReadAction","target":["https:\/\/diarioellabrador.cl\/index.php\/2026\/04\/27\/taitao-ii-lucio-a-su-nuevo-equipo-con-una-victoria-en-el-interasociaciones-de-maipo\/"]}]},{"@type":"ImageObject","inLanguage":"es","@id":"https:\/\/diarioellabrador.cl\/index.php\/2026\/04\/27\/taitao-ii-lucio-a-su-nuevo-equipo-con-una-victoria-en-el-interasociaciones-de-maipo\/#primaryimage","url":"https:\/\/diarioellabrador.cl\/wp-content\/uploads\/2026\/04\/Taitao-II-lucio-a-su-nuevo-equipo-con-una-victoria-en-el-Interasociaciones-de-Maipo.jpg","contentUrl":"https:\/\/diarioellabrador.cl\/wp-content\/uploads\/2026\/04\/Taitao-II-lucio-a-su-nuevo-equipo-con-una-victoria-en-el-Interasociaciones-de-Maipo.jpg","width":750,"height":389},{"@type":"BreadcrumbList","@id":"https:\/\/diarioellabrador.cl\/index.php\/2026\/04\/27\/taitao-ii-lucio-a-su-nuevo-equipo-con-una-victoria-en-el-interasociaciones-de-maipo\/#breadcrumb","itemListElement":[{"@type":"ListItem","position":1,"name":"Portada","item":"https:\/\/diarioellabrador.cl\/"},{"@type":"ListItem","position":2,"name":"Taitao II luci\u00f3 a su nuevo equipo con una victoria en el Interasociaciones de Maipo"}]},{"@type":"WebSite","@id":"https:\/\/diarioellabrador.cl\/#website","url":"https:\/\/diarioellabrador.cl\/","name":"Diario El Labrador","description":"Haciendo noticia desde 1921","publisher":{"@id":"https:\/\/diarioellabrador.cl\/#organization"},"potentialAction":[{"@type":"SearchAction","target":{"@type":"EntryPoint","urlTemplate":"https:\/\/diarioellabrador.cl\/?s={search_term_string}"},"query-input":{"@type":"PropertyValueSpecification","valueRequired":true,"valueName":"search_term_string"}}],"inLanguage":"es"},{"@type":"Organization","@id":"https:\/\/diarioellabrador.cl\/#organization","name":"Diario El Labrador","url":"https:\/\/diarioellabrador.cl\/","logo":{"@type":"ImageObject","inLanguage":"es","@id":"https:\/\/diarioellabrador.cl\/#\/schema\/logo\/image\/","url":"https:\/\/diarioellabrador.cl\/wp-content\/uploads\/2025\/02\/cropped-Logo-Icono.png","contentUrl":"https:\/\/diarioellabrador.cl\/wp-content\/uploads\/2025\/02\/cropped-Logo-Icono.png","width":512,"height":512,"caption":"Diario El Labrador"},"image":{"@id":"https:\/\/diarioellabrador.cl\/#\/schema\/logo\/image\/"},"sameAs":["https:\/\/web.facebook.com\/profile.php?id=61576120840621","https:\/\/x.com\/ElLabradorOf","https:\/\/www.instagram.com\/diarioellabradoroficial\/"]},{"@type":"Person","@id":"https:\/\/diarioellabrador.cl\/#\/schema\/person\/bc25ff80b4563f9c7f4bd7855df01685","name":"Editor","image":{"@type":"ImageObject","inLanguage":"es","@id":"https:\/\/secure.gravatar.com\/avatar\/109c326cf2be5c04f048c2c2a2b8b6ef44bf3d8d1d3d4c55d0ac40c4bc994684?s=96&d=mm&r=g","url":"https:\/\/secure.gravatar.com\/avatar\/109c326cf2be5c04f048c2c2a2b8b6ef44bf3d8d1d3d4c55d0ac40c4bc994684?s=96&d=mm&r=g","contentUrl":"https:\/\/secure.gravatar.com\/avatar\/109c326cf2be5c04f048c2c2a2b8b6ef44bf3d8d1d3d4c55d0ac40c4bc994684?s=96&d=mm&r=g","caption":"Editor"},"url":"https:\/\/diarioellabrador.cl\/index.php\/author\/editor\/"}]}},"_links":{"self":[{"href":"https:\/\/diarioellabrador.cl\/index.php\/wp-json\/wp\/v2\/posts\/18604","targetHints":{"allow":["GET"]}}],"collection":[{"href":"https:\/\/diarioellabrador.cl\/index.php\/wp-json\/wp\/v2\/posts"}],"about":[{"href":"https:\/\/diarioellabrador.cl\/index.php\/wp-json\/wp\/v2\/types\/post"}],"author":[{"embeddable":true,"href":"https:\/\/diarioellabrador.cl\/index.php\/wp-json\/wp\/v2\/users\/2"}],"replies":[{"embeddable":true,"href":"https:\/\/diarioellabrador.cl\/index.php\/wp-json\/wp\/v2\/comments?post=18604"}],"version-history":[{"count":1,"href":"https:\/\/diarioellabrador.cl\/index.php\/wp-json\/wp\/v2\/posts\/18604\/revisions"}],"predecessor-version":[{"id":18605,"href":"https:\/\/diarioellabrador.cl\/index.php\/wp-json\/wp\/v2\/posts\/18604\/revisions\/18605"}],"wp:featuredmedia":[{"embeddable":true,"href":"https:\/\/diarioellabrador.cl\/index.php\/wp-json\/wp\/v2\/media\/18598"}],"wp:attachment":[{"href":"https:\/\/diarioellabrador.cl\/index.php\/wp-json\/wp\/v2\/media?parent=18604"}],"wp:term":[{"taxonomy":"category","embeddable":true,"href":"https:\/\/diarioellabrador.cl\/index.php\/wp-json\/wp\/v2\/categories?post=18604"},{"taxonomy":"post_tag","embeddable":true,"href":"https:\/\/diarioellabrador.cl\/index.php\/wp-json\/wp\/v2\/tags?post=18604"}],"curies":[{"name":"wp","href":"https:\/\/api.w.org\/{rel}","templated":true}]}}