{"id":18578,"date":"2026-04-27T18:24:16","date_gmt":"2026-04-27T22:24:16","guid":{"rendered":"https:\/\/diarioellabrador.cl\/?p=18578"},"modified":"2026-04-28T00:17:52","modified_gmt":"2026-04-28T04:17:52","slug":"desafios-en-educacion-superior","status":"publish","type":"post","link":"https:\/\/diarioellabrador.cl\/index.php\/2026\/04\/27\/desafios-en-educacion-superior\/","title":{"rendered":"Desaf\u00edos en Educaci\u00f3n Superior"},"content":{"rendered":"<div class=\"wp-block-image\">\n<figure class=\"alignleft size-thumbnail\"><img loading=\"lazy\" decoding=\"async\" width=\"150\" height=\"150\" src=\"https:\/\/diarioellabrador.cl\/wp-content\/uploads\/2026\/04\/Desafios-en-Educacion-Superior-Santiago-Gonzalez-150x150.jpg\" alt=\"\" class=\"wp-image-18579\" srcset=\"https:\/\/diarioellabrador.cl\/wp-content\/uploads\/2026\/04\/Desafios-en-Educacion-Superior-Santiago-Gonzalez-150x150.jpg 150w, https:\/\/diarioellabrador.cl\/wp-content\/uploads\/2026\/04\/Desafios-en-Educacion-Superior-Santiago-Gonzalez-95x95.jpg 95w, https:\/\/diarioellabrador.cl\/wp-content\/uploads\/2026\/04\/Desafios-en-Educacion-Superior-Santiago-Gonzalez-140x140.jpg 140w\" sizes=\"auto, (max-width: 150px) 100vw, 150px\" \/><\/figure>\n<\/div>\n\n\n<p><br><br><strong>Santiago Gonz\u00e1lez Larra\u00edn<\/strong><br>Rector Universidad Central. Presidente de la Corporaci\u00f3n de Universidades Privadas (CUP)<\/p>\n\n\n\n<br>\n<br>\n\n\n\n<p><strong><br><\/strong>El Sistema de Educaci\u00f3n Superior pasa por un momento desafiante que requiere de una o varias pol\u00edticas p\u00fablicas para avanzar en un desarrollo sostenible.<\/p>\n\n\n\n<p>En el financiamiento de la educaci\u00f3n superior, la gratuidad requiere de una evaluaci\u00f3n a 10 a\u00f1os de su implementaci\u00f3n, as\u00ed como el c\u00e1lculo de sus aranceles. El CAE, muerto ya el FES en el Congreso, requiere un redise\u00f1o con visi\u00f3n de largo plazo, mirando la sustentabilidad acad\u00e9mica y econ\u00f3mica del sistema y que ponga en el foco a los y las estudiantes.<\/p>\n\n\n\n<p>Profundizar tambi\u00e9n en la Estrategia de Desarrollo para la Educaci\u00f3n Superior, compromiso asumido en la ley 21.091 promulgada en 2018, cuya primera propuesta fue abordada por un consejo de acad\u00e9micos con la colaboraci\u00f3n del PNUD, ya que aborda temas de significativa importancia para la modernizaci\u00f3n de nuestro sistema educativo superior.<\/p>\n\n\n\n<p>El nuevo sistema de aseguramiento de la calidad implementado en el a\u00f1o 2023 por la CNA basado en nuevos criterios y est\u00e1ndares, requiere de una permanente evaluaci\u00f3n, de modo de asegurar su contribuci\u00f3n al desarrollo de las universidades y a la garant\u00eda de la fe p\u00fablica que este proceso representa para la ciudadan\u00eda.<\/p>\n\n\n\n<p>El financiamiento de la investigaci\u00f3n, elemento clave para el desarrollo de un pa\u00eds, requiere de un apoyo estatal decidido y comprometido con la inversi\u00f3n de largo plazo.<\/p>\n\n\n\n<p>Las universidades privadas en Chile realizamos un aporte comprometido con la educaci\u00f3n y el desarrollo del pa\u00eds. Acogemos a la gran mayor\u00eda de los j\u00f3venes que provienen de la educaci\u00f3n p\u00fablica y que acceden a la educaci\u00f3n superior, nos hacemos cargos de sus d\u00e9ficits acad\u00e9micos, apoy\u00e1ndolos con programas especiales de nivelaci\u00f3n para generar la efectiva movilidad social que da la educaci\u00f3n.<\/p>\n\n\n\n<p>En este momento en se inicia una nueva administraci\u00f3n en el pa\u00eds, es importante que la mirada gubernamental aprecie el significativo aporte que realiza la educaci\u00f3n superior privada, fuera del CRUCH, y que sustenta el 45% de la matr\u00edcula universitaria, de modo de generar los apoyos equitativos que en el futuro requerir\u00e1 todo el sistema.<\/p>\n","protected":false},"excerpt":{"rendered":"<p>Santiago Gonz\u00e1lez Larra\u00ednRector Universidad Central. Presidente de la Corporaci\u00f3n de Universidades Privadas (CUP) El Sistema de Educaci\u00f3n Superior pasa por un momento desafiante que requiere de una o varias pol\u00edticas p\u00fablicas para avanzar en un desarrollo sostenible. En el financiamiento de la educaci\u00f3n superior, la gratuidad requiere de una evaluaci\u00f3n a 10 a\u00f1os de su<\/p>\n<div class=\"read-more-wrapper\"><a class=\"read-more\" href=\"https:\/\/diarioellabrador.cl\/index.php\/2026\/04\/27\/desafios-en-educacion-superior\/\" title=\"Leer m\u00e1s\"> <span class=\"button \">Leer m\u00e1s<\/span><\/a><\/div>\n","protected":false},"author":2,"featured_media":18651,"comment_status":"open","ping_status":"open","sticky":false,"template":"","format":"standard","meta":{"footnotes":""},"categories":[9],"tags":[],"class_list":["post-18578","post","type-post","status-publish","format-standard","has-post-thumbnail","hentry","category-opinion"],"yoast_head":"<!-- This site is optimized with the Yoast SEO plugin v27.5 - https:\/\/yoast.com\/product\/yoast-seo-wordpress\/ -->\n<title>Desaf\u00edos en Educaci\u00f3n Superior - Diario El Labrador<\/title>\n<meta name=\"robots\" content=\"index, follow, max-snippet:-1, max-image-preview:large, max-video-preview:-1\" \/>\n<link rel=\"canonical\" href=\"https:\/\/diarioellabrador.cl\/index.php\/2026\/04\/27\/desafios-en-educacion-superior\/\" \/>\n<meta property=\"og:locale\" content=\"es_ES\" \/>\n<meta property=\"og:type\" content=\"article\" \/>\n<meta property=\"og:title\" content=\"Desaf\u00edos en Educaci\u00f3n Superior - Diario El Labrador\" \/>\n<meta property=\"og:description\" content=\"Santiago Gonz\u00e1lez Larra\u00ednRector Universidad Central. Presidente de la Corporaci\u00f3n de Universidades Privadas (CUP) El Sistema de Educaci\u00f3n Superior pasa por un momento desafiante que requiere de una o varias pol\u00edticas p\u00fablicas para avanzar en un desarrollo sostenible. En el financiamiento de la educaci\u00f3n superior, la gratuidad requiere de una evaluaci\u00f3n a 10 a\u00f1os de su Leer m\u00e1s\" \/>\n<meta property=\"og:url\" content=\"https:\/\/diarioellabrador.cl\/index.php\/2026\/04\/27\/desafios-en-educacion-superior\/\" \/>\n<meta property=\"og:site_name\" content=\"Diario El Labrador\" \/>\n<meta property=\"article:publisher\" content=\"https:\/\/web.facebook.com\/profile.php?id=61576120840621\" \/>\n<meta property=\"article:published_time\" content=\"2026-04-27T22:24:16+00:00\" \/>\n<meta property=\"article:modified_time\" content=\"2026-04-28T04:17:52+00:00\" \/>\n<meta property=\"og:image\" content=\"https:\/\/diarioellabrador.cl\/wp-content\/uploads\/2026\/04\/ChatGPT-Image-28-abr-2026-12_14_37-a.m-1024x713.png\" \/>\n\t<meta property=\"og:image:width\" content=\"1024\" \/>\n\t<meta property=\"og:image:height\" content=\"713\" \/>\n\t<meta property=\"og:image:type\" content=\"image\/png\" \/>\n<meta name=\"author\" content=\"Editor\" \/>\n<meta name=\"twitter:card\" content=\"summary_large_image\" \/>\n<meta name=\"twitter:creator\" content=\"@ElLabradorOf\" \/>\n<meta name=\"twitter:site\" content=\"@ElLabradorOf\" \/>\n<meta name=\"twitter:label1\" content=\"Escrito por\" \/>\n\t<meta name=\"twitter:data1\" content=\"Editor\" \/>\n\t<meta name=\"twitter:label2\" content=\"Tiempo de lectura\" \/>\n\t<meta name=\"twitter:data2\" content=\"2 minutos\" \/>\n<script type=\"application\/ld+json\" class=\"yoast-schema-graph\">{\"@context\":\"https:\\\/\\\/schema.org\",\"@graph\":[{\"@type\":\"Article\",\"@id\":\"https:\\\/\\\/diarioellabrador.cl\\\/index.php\\\/2026\\\/04\\\/27\\\/desafios-en-educacion-superior\\\/#article\",\"isPartOf\":{\"@id\":\"https:\\\/\\\/diarioellabrador.cl\\\/index.php\\\/2026\\\/04\\\/27\\\/desafios-en-educacion-superior\\\/\"},\"author\":{\"name\":\"Editor\",\"@id\":\"https:\\\/\\\/diarioellabrador.cl\\\/#\\\/schema\\\/person\\\/bc25ff80b4563f9c7f4bd7855df01685\"},\"headline\":\"Desaf\u00edos en Educaci\u00f3n Superior\",\"datePublished\":\"2026-04-27T22:24:16+00:00\",\"dateModified\":\"2026-04-28T04:17:52+00:00\",\"mainEntityOfPage\":{\"@id\":\"https:\\\/\\\/diarioellabrador.cl\\\/index.php\\\/2026\\\/04\\\/27\\\/desafios-en-educacion-superior\\\/\"},\"wordCount\":393,\"commentCount\":0,\"publisher\":{\"@id\":\"https:\\\/\\\/diarioellabrador.cl\\\/#organization\"},\"image\":{\"@id\":\"https:\\\/\\\/diarioellabrador.cl\\\/index.php\\\/2026\\\/04\\\/27\\\/desafios-en-educacion-superior\\\/#primaryimage\"},\"thumbnailUrl\":\"https:\\\/\\\/diarioellabrador.cl\\\/wp-content\\\/uploads\\\/2026\\\/04\\\/ChatGPT-Image-28-abr-2026-12_14_37-a.m.png\",\"articleSection\":[\"Opini\u00f3n\"],\"inLanguage\":\"es\",\"potentialAction\":[{\"@type\":\"CommentAction\",\"name\":\"Comment\",\"target\":[\"https:\\\/\\\/diarioellabrador.cl\\\/index.php\\\/2026\\\/04\\\/27\\\/desafios-en-educacion-superior\\\/#respond\"]}]},{\"@type\":\"WebPage\",\"@id\":\"https:\\\/\\\/diarioellabrador.cl\\\/index.php\\\/2026\\\/04\\\/27\\\/desafios-en-educacion-superior\\\/\",\"url\":\"https:\\\/\\\/diarioellabrador.cl\\\/index.php\\\/2026\\\/04\\\/27\\\/desafios-en-educacion-superior\\\/\",\"name\":\"Desaf\u00edos en Educaci\u00f3n Superior - Diario El Labrador\",\"isPartOf\":{\"@id\":\"https:\\\/\\\/diarioellabrador.cl\\\/#website\"},\"primaryImageOfPage\":{\"@id\":\"https:\\\/\\\/diarioellabrador.cl\\\/index.php\\\/2026\\\/04\\\/27\\\/desafios-en-educacion-superior\\\/#primaryimage\"},\"image\":{\"@id\":\"https:\\\/\\\/diarioellabrador.cl\\\/index.php\\\/2026\\\/04\\\/27\\\/desafios-en-educacion-superior\\\/#primaryimage\"},\"thumbnailUrl\":\"https:\\\/\\\/diarioellabrador.cl\\\/wp-content\\\/uploads\\\/2026\\\/04\\\/ChatGPT-Image-28-abr-2026-12_14_37-a.m.png\",\"datePublished\":\"2026-04-27T22:24:16+00:00\",\"dateModified\":\"2026-04-28T04:17:52+00:00\",\"breadcrumb\":{\"@id\":\"https:\\\/\\\/diarioellabrador.cl\\\/index.php\\\/2026\\\/04\\\/27\\\/desafios-en-educacion-superior\\\/#breadcrumb\"},\"inLanguage\":\"es\",\"potentialAction\":[{\"@type\":\"ReadAction\",\"target\":[\"https:\\\/\\\/diarioellabrador.cl\\\/index.php\\\/2026\\\/04\\\/27\\\/desafios-en-educacion-superior\\\/\"]}]},{\"@type\":\"ImageObject\",\"inLanguage\":\"es\",\"@id\":\"https:\\\/\\\/diarioellabrador.cl\\\/index.php\\\/2026\\\/04\\\/27\\\/desafios-en-educacion-superior\\\/#primaryimage\",\"url\":\"https:\\\/\\\/diarioellabrador.cl\\\/wp-content\\\/uploads\\\/2026\\\/04\\\/ChatGPT-Image-28-abr-2026-12_14_37-a.m.png\",\"contentUrl\":\"https:\\\/\\\/diarioellabrador.cl\\\/wp-content\\\/uploads\\\/2026\\\/04\\\/ChatGPT-Image-28-abr-2026-12_14_37-a.m.png\",\"width\":1503,\"height\":1046},{\"@type\":\"BreadcrumbList\",\"@id\":\"https:\\\/\\\/diarioellabrador.cl\\\/index.php\\\/2026\\\/04\\\/27\\\/desafios-en-educacion-superior\\\/#breadcrumb\",\"itemListElement\":[{\"@type\":\"ListItem\",\"position\":1,\"name\":\"Portada\",\"item\":\"https:\\\/\\\/diarioellabrador.cl\\\/\"},{\"@type\":\"ListItem\",\"position\":2,\"name\":\"Desaf\u00edos en Educaci\u00f3n Superior\"}]},{\"@type\":\"WebSite\",\"@id\":\"https:\\\/\\\/diarioellabrador.cl\\\/#website\",\"url\":\"https:\\\/\\\/diarioellabrador.cl\\\/\",\"name\":\"Diario El Labrador\",\"description\":\"Haciendo noticia desde 1921\",\"publisher\":{\"@id\":\"https:\\\/\\\/diarioellabrador.cl\\\/#organization\"},\"potentialAction\":[{\"@type\":\"SearchAction\",\"target\":{\"@type\":\"EntryPoint\",\"urlTemplate\":\"https:\\\/\\\/diarioellabrador.cl\\\/?s={search_term_string}\"},\"query-input\":{\"@type\":\"PropertyValueSpecification\",\"valueRequired\":true,\"valueName\":\"search_term_string\"}}],\"inLanguage\":\"es\"},{\"@type\":\"Organization\",\"@id\":\"https:\\\/\\\/diarioellabrador.cl\\\/#organization\",\"name\":\"Diario El Labrador\",\"url\":\"https:\\\/\\\/diarioellabrador.cl\\\/\",\"logo\":{\"@type\":\"ImageObject\",\"inLanguage\":\"es\",\"@id\":\"https:\\\/\\\/diarioellabrador.cl\\\/#\\\/schema\\\/logo\\\/image\\\/\",\"url\":\"https:\\\/\\\/diarioellabrador.cl\\\/wp-content\\\/uploads\\\/2025\\\/02\\\/cropped-Logo-Icono.png\",\"contentUrl\":\"https:\\\/\\\/diarioellabrador.cl\\\/wp-content\\\/uploads\\\/2025\\\/02\\\/cropped-Logo-Icono.png\",\"width\":512,\"height\":512,\"caption\":\"Diario El Labrador\"},\"image\":{\"@id\":\"https:\\\/\\\/diarioellabrador.cl\\\/#\\\/schema\\\/logo\\\/image\\\/\"},\"sameAs\":[\"https:\\\/\\\/web.facebook.com\\\/profile.php?id=61576120840621\",\"https:\\\/\\\/x.com\\\/ElLabradorOf\",\"https:\\\/\\\/www.instagram.com\\\/diarioellabradoroficial\\\/\"]},{\"@type\":\"Person\",\"@id\":\"https:\\\/\\\/diarioellabrador.cl\\\/#\\\/schema\\\/person\\\/bc25ff80b4563f9c7f4bd7855df01685\",\"name\":\"Editor\",\"image\":{\"@type\":\"ImageObject\",\"inLanguage\":\"es\",\"@id\":\"https:\\\/\\\/secure.gravatar.com\\\/avatar\\\/109c326cf2be5c04f048c2c2a2b8b6ef44bf3d8d1d3d4c55d0ac40c4bc994684?s=96&d=mm&r=g\",\"url\":\"https:\\\/\\\/secure.gravatar.com\\\/avatar\\\/109c326cf2be5c04f048c2c2a2b8b6ef44bf3d8d1d3d4c55d0ac40c4bc994684?s=96&d=mm&r=g\",\"contentUrl\":\"https:\\\/\\\/secure.gravatar.com\\\/avatar\\\/109c326cf2be5c04f048c2c2a2b8b6ef44bf3d8d1d3d4c55d0ac40c4bc994684?s=96&d=mm&r=g\",\"caption\":\"Editor\"},\"url\":\"https:\\\/\\\/diarioellabrador.cl\\\/index.php\\\/author\\\/editor\\\/\"}]}<\/script>\n<!-- \/ Yoast SEO plugin. -->","yoast_head_json":{"title":"Desaf\u00edos en Educaci\u00f3n Superior - Diario El Labrador","robots":{"index":"index","follow":"follow","max-snippet":"max-snippet:-1","max-image-preview":"max-image-preview:large","max-video-preview":"max-video-preview:-1"},"canonical":"https:\/\/diarioellabrador.cl\/index.php\/2026\/04\/27\/desafios-en-educacion-superior\/","og_locale":"es_ES","og_type":"article","og_title":"Desaf\u00edos en Educaci\u00f3n Superior - Diario El Labrador","og_description":"Santiago Gonz\u00e1lez Larra\u00ednRector Universidad Central. Presidente de la Corporaci\u00f3n de Universidades Privadas (CUP) El Sistema de Educaci\u00f3n Superior pasa por un momento desafiante que requiere de una o varias pol\u00edticas p\u00fablicas para avanzar en un desarrollo sostenible. En el financiamiento de la educaci\u00f3n superior, la gratuidad requiere de una evaluaci\u00f3n a 10 a\u00f1os de su Leer m\u00e1s","og_url":"https:\/\/diarioellabrador.cl\/index.php\/2026\/04\/27\/desafios-en-educacion-superior\/","og_site_name":"Diario El Labrador","article_publisher":"https:\/\/web.facebook.com\/profile.php?id=61576120840621","article_published_time":"2026-04-27T22:24:16+00:00","article_modified_time":"2026-04-28T04:17:52+00:00","og_image":[{"width":1024,"height":713,"url":"https:\/\/diarioellabrador.cl\/wp-content\/uploads\/2026\/04\/ChatGPT-Image-28-abr-2026-12_14_37-a.m-1024x713.png","type":"image\/png"}],"author":"Editor","twitter_card":"summary_large_image","twitter_creator":"@ElLabradorOf","twitter_site":"@ElLabradorOf","twitter_misc":{"Escrito por":"Editor","Tiempo de lectura":"2 minutos"},"schema":{"@context":"https:\/\/schema.org","@graph":[{"@type":"Article","@id":"https:\/\/diarioellabrador.cl\/index.php\/2026\/04\/27\/desafios-en-educacion-superior\/#article","isPartOf":{"@id":"https:\/\/diarioellabrador.cl\/index.php\/2026\/04\/27\/desafios-en-educacion-superior\/"},"author":{"name":"Editor","@id":"https:\/\/diarioellabrador.cl\/#\/schema\/person\/bc25ff80b4563f9c7f4bd7855df01685"},"headline":"Desaf\u00edos en Educaci\u00f3n Superior","datePublished":"2026-04-27T22:24:16+00:00","dateModified":"2026-04-28T04:17:52+00:00","mainEntityOfPage":{"@id":"https:\/\/diarioellabrador.cl\/index.php\/2026\/04\/27\/desafios-en-educacion-superior\/"},"wordCount":393,"commentCount":0,"publisher":{"@id":"https:\/\/diarioellabrador.cl\/#organization"},"image":{"@id":"https:\/\/diarioellabrador.cl\/index.php\/2026\/04\/27\/desafios-en-educacion-superior\/#primaryimage"},"thumbnailUrl":"https:\/\/diarioellabrador.cl\/wp-content\/uploads\/2026\/04\/ChatGPT-Image-28-abr-2026-12_14_37-a.m.png","articleSection":["Opini\u00f3n"],"inLanguage":"es","potentialAction":[{"@type":"CommentAction","name":"Comment","target":["https:\/\/diarioellabrador.cl\/index.php\/2026\/04\/27\/desafios-en-educacion-superior\/#respond"]}]},{"@type":"WebPage","@id":"https:\/\/diarioellabrador.cl\/index.php\/2026\/04\/27\/desafios-en-educacion-superior\/","url":"https:\/\/diarioellabrador.cl\/index.php\/2026\/04\/27\/desafios-en-educacion-superior\/","name":"Desaf\u00edos en Educaci\u00f3n Superior - Diario El Labrador","isPartOf":{"@id":"https:\/\/diarioellabrador.cl\/#website"},"primaryImageOfPage":{"@id":"https:\/\/diarioellabrador.cl\/index.php\/2026\/04\/27\/desafios-en-educacion-superior\/#primaryimage"},"image":{"@id":"https:\/\/diarioellabrador.cl\/index.php\/2026\/04\/27\/desafios-en-educacion-superior\/#primaryimage"},"thumbnailUrl":"https:\/\/diarioellabrador.cl\/wp-content\/uploads\/2026\/04\/ChatGPT-Image-28-abr-2026-12_14_37-a.m.png","datePublished":"2026-04-27T22:24:16+00:00","dateModified":"2026-04-28T04:17:52+00:00","breadcrumb":{"@id":"https:\/\/diarioellabrador.cl\/index.php\/2026\/04\/27\/desafios-en-educacion-superior\/#breadcrumb"},"inLanguage":"es","potentialAction":[{"@type":"ReadAction","target":["https:\/\/diarioellabrador.cl\/index.php\/2026\/04\/27\/desafios-en-educacion-superior\/"]}]},{"@type":"ImageObject","inLanguage":"es","@id":"https:\/\/diarioellabrador.cl\/index.php\/2026\/04\/27\/desafios-en-educacion-superior\/#primaryimage","url":"https:\/\/diarioellabrador.cl\/wp-content\/uploads\/2026\/04\/ChatGPT-Image-28-abr-2026-12_14_37-a.m.png","contentUrl":"https:\/\/diarioellabrador.cl\/wp-content\/uploads\/2026\/04\/ChatGPT-Image-28-abr-2026-12_14_37-a.m.png","width":1503,"height":1046},{"@type":"BreadcrumbList","@id":"https:\/\/diarioellabrador.cl\/index.php\/2026\/04\/27\/desafios-en-educacion-superior\/#breadcrumb","itemListElement":[{"@type":"ListItem","position":1,"name":"Portada","item":"https:\/\/diarioellabrador.cl\/"},{"@type":"ListItem","position":2,"name":"Desaf\u00edos en Educaci\u00f3n Superior"}]},{"@type":"WebSite","@id":"https:\/\/diarioellabrador.cl\/#website","url":"https:\/\/diarioellabrador.cl\/","name":"Diario El Labrador","description":"Haciendo noticia desde 1921","publisher":{"@id":"https:\/\/diarioellabrador.cl\/#organization"},"potentialAction":[{"@type":"SearchAction","target":{"@type":"EntryPoint","urlTemplate":"https:\/\/diarioellabrador.cl\/?s={search_term_string}"},"query-input":{"@type":"PropertyValueSpecification","valueRequired":true,"valueName":"search_term_string"}}],"inLanguage":"es"},{"@type":"Organization","@id":"https:\/\/diarioellabrador.cl\/#organization","name":"Diario El Labrador","url":"https:\/\/diarioellabrador.cl\/","logo":{"@type":"ImageObject","inLanguage":"es","@id":"https:\/\/diarioellabrador.cl\/#\/schema\/logo\/image\/","url":"https:\/\/diarioellabrador.cl\/wp-content\/uploads\/2025\/02\/cropped-Logo-Icono.png","contentUrl":"https:\/\/diarioellabrador.cl\/wp-content\/uploads\/2025\/02\/cropped-Logo-Icono.png","width":512,"height":512,"caption":"Diario El Labrador"},"image":{"@id":"https:\/\/diarioellabrador.cl\/#\/schema\/logo\/image\/"},"sameAs":["https:\/\/web.facebook.com\/profile.php?id=61576120840621","https:\/\/x.com\/ElLabradorOf","https:\/\/www.instagram.com\/diarioellabradoroficial\/"]},{"@type":"Person","@id":"https:\/\/diarioellabrador.cl\/#\/schema\/person\/bc25ff80b4563f9c7f4bd7855df01685","name":"Editor","image":{"@type":"ImageObject","inLanguage":"es","@id":"https:\/\/secure.gravatar.com\/avatar\/109c326cf2be5c04f048c2c2a2b8b6ef44bf3d8d1d3d4c55d0ac40c4bc994684?s=96&d=mm&r=g","url":"https:\/\/secure.gravatar.com\/avatar\/109c326cf2be5c04f048c2c2a2b8b6ef44bf3d8d1d3d4c55d0ac40c4bc994684?s=96&d=mm&r=g","contentUrl":"https:\/\/secure.gravatar.com\/avatar\/109c326cf2be5c04f048c2c2a2b8b6ef44bf3d8d1d3d4c55d0ac40c4bc994684?s=96&d=mm&r=g","caption":"Editor"},"url":"https:\/\/diarioellabrador.cl\/index.php\/author\/editor\/"}]}},"_links":{"self":[{"href":"https:\/\/diarioellabrador.cl\/index.php\/wp-json\/wp\/v2\/posts\/18578","targetHints":{"allow":["GET"]}}],"collection":[{"href":"https:\/\/diarioellabrador.cl\/index.php\/wp-json\/wp\/v2\/posts"}],"about":[{"href":"https:\/\/diarioellabrador.cl\/index.php\/wp-json\/wp\/v2\/types\/post"}],"author":[{"embeddable":true,"href":"https:\/\/diarioellabrador.cl\/index.php\/wp-json\/wp\/v2\/users\/2"}],"replies":[{"embeddable":true,"href":"https:\/\/diarioellabrador.cl\/index.php\/wp-json\/wp\/v2\/comments?post=18578"}],"version-history":[{"count":3,"href":"https:\/\/diarioellabrador.cl\/index.php\/wp-json\/wp\/v2\/posts\/18578\/revisions"}],"predecessor-version":[{"id":18654,"href":"https:\/\/diarioellabrador.cl\/index.php\/wp-json\/wp\/v2\/posts\/18578\/revisions\/18654"}],"wp:featuredmedia":[{"embeddable":true,"href":"https:\/\/diarioellabrador.cl\/index.php\/wp-json\/wp\/v2\/media\/18651"}],"wp:attachment":[{"href":"https:\/\/diarioellabrador.cl\/index.php\/wp-json\/wp\/v2\/media?parent=18578"}],"wp:term":[{"taxonomy":"category","embeddable":true,"href":"https:\/\/diarioellabrador.cl\/index.php\/wp-json\/wp\/v2\/categories?post=18578"},{"taxonomy":"post_tag","embeddable":true,"href":"https:\/\/diarioellabrador.cl\/index.php\/wp-json\/wp\/v2\/tags?post=18578"}],"curies":[{"name":"wp","href":"https:\/\/api.w.org\/{rel}","templated":true}]}}