{"id":18561,"date":"2026-04-25T18:49:00","date_gmt":"2026-04-25T22:49:00","guid":{"rendered":"https:\/\/diarioellabrador.cl\/?p=18561"},"modified":"2026-04-25T15:49:31","modified_gmt":"2026-04-25T19:49:31","slug":"duoc-uc-y-empresas-ariztia-firman-convenio-que-beneficiara-a-trabajadores-y-sus-familias","status":"publish","type":"post","link":"https:\/\/diarioellabrador.cl\/index.php\/2026\/04\/25\/duoc-uc-y-empresas-ariztia-firman-convenio-que-beneficiara-a-trabajadores-y-sus-familias\/","title":{"rendered":"Duoc UC y Empresas Arizt\u00eda firman convenio que beneficiar\u00e1 a trabajadores y sus familias"},"content":{"rendered":"\n<p><strong>El acuerdo permitir\u00e1 acceder a descuentos en matr\u00edcula y arancel anual para colaboradores de la empresa, sus hijos y c\u00f3nyuges, fortaleciendo el v\u00ednculo entre ambas instituciones y ampliando oportunidades de educaci\u00f3n superior.<\/strong><\/p>\n\n\n\n<p>Durante la ma\u00f1ana de este mi\u00e9rcoles, Duoc UC y Empresas Arizt\u00eda concretaron la firma de un importante convenio de colaboraci\u00f3n que busca ampliar el acceso a la educaci\u00f3n superior para trabajadores de la compa\u00f1\u00eda y sus familias.<\/p>\n\n\n\n<p>La instancia cont\u00f3 con la participaci\u00f3n de Claudio Duce, director general de Admisi\u00f3n, Comunicaci\u00f3n y Extensi\u00f3n de Duoc UC, y Manuel Arizt\u00eda en representaci\u00f3n de la empresa av\u00edcola, quienes formalizaron este acuerdo que viene a consolidar una relaci\u00f3n de larga data entre ambas instituciones.<\/p>\n\n\n\n<p>En el marco del convenio, Duoc UC ofrecer\u00e1 un beneficio que contempla descuentos en la matr\u00edcula y en el valor del arancel anual para los trabajadores de Empresas Arizt\u00eda, as\u00ed como tambi\u00e9n para sus hijos y c\u00f3nyuges. Este beneficio se har\u00e1 efectivo a trav\u00e9s de un proceso que permitir\u00e1 a los interesados incorporarse como alumnos regulares en cualquiera de las sedes y carreras de la instituci\u00f3n, de acuerdo con las normas de admisi\u00f3n vigentes.<\/p>\n\n\n\n<p>Al respecto, Claudio Duce destac\u00f3 el valor de este acuerdo se\u00f1alando que <em>\u201ceste acuerdo es un paso m\u00e1s en esta larga relaci\u00f3n, que viene a formalizar una forma de apoyo entre ambas instituciones. Se vienen cosas a\u00fan m\u00e1s interesantes, siempre contando con el apoyo mutuo, que es lo m\u00e1s importante. Ver la buena disposici\u00f3n de Empresas Arizt\u00eda, su voluntad y entusiasmo con estas alianzas, realmente motiva\u201d.<\/em><\/p>\n\n\n\n<p>Por su parte, Jos\u00e9 Miguel Crespo, gerente de Personas de Arizt\u00eda, valor\u00f3 el impacto de esta alianza indicando que <em>\u201ceste nuevo convenio nos permite ampliar la oferta para que m\u00e1s personas puedan acceder a una educaci\u00f3n de calidad, que es precisamente uno de los activos de Duoc UC, entregar una educaci\u00f3n de calidad, pero tambi\u00e9n el desarrollo de los alumnos como persona. As\u00ed que muy agradecido y contento de poder extender este beneficio a todo nuestro personal\u201d.<\/em><\/p>\n\n\n\n<p>Asimismo, a\u00f1adi\u00f3 que este hito se enmarca en una relaci\u00f3n hist\u00f3rica entre ambas entidades: <em>\u201cesto viene a ser un paso m\u00e1s entre el v\u00ednculo que tiene desde que Duoc UC lleg\u00f3 ac\u00e1, en el caso de la Sede Melipilla, pero tambi\u00e9n durante toda la historia\u201d.<\/em><\/p>\n\n\n\n<p>Con este acuerdo, Duoc UC refuerza su compromiso con la vinculaci\u00f3n con el entorno y la generaci\u00f3n de oportunidades concretas de desarrollo acad\u00e9mico y profesional, aportando al crecimiento de las personas y sus comunidades.<\/p>\n","protected":false},"excerpt":{"rendered":"<p>El acuerdo permitir\u00e1 acceder a descuentos en matr\u00edcula y arancel anual para colaboradores de la empresa, sus hijos y c\u00f3nyuges, fortaleciendo el v\u00ednculo entre ambas instituciones y ampliando oportunidades de educaci\u00f3n superior. Durante la ma\u00f1ana de este mi\u00e9rcoles, Duoc UC y Empresas Arizt\u00eda concretaron la firma de un importante convenio de colaboraci\u00f3n que busca ampliar<\/p>\n<div class=\"read-more-wrapper\"><a class=\"read-more\" href=\"https:\/\/diarioellabrador.cl\/index.php\/2026\/04\/25\/duoc-uc-y-empresas-ariztia-firman-convenio-que-beneficiara-a-trabajadores-y-sus-familias\/\" title=\"Leer m\u00e1s\"> <span class=\"button \">Leer m\u00e1s<\/span><\/a><\/div>\n","protected":false},"author":2,"featured_media":18500,"comment_status":"open","ping_status":"open","sticky":false,"template":"","format":"standard","meta":{"footnotes":""},"categories":[1],"tags":[],"class_list":["post-18561","post","type-post","status-publish","format-standard","has-post-thumbnail","hentry","category-cronica"],"yoast_head":"<!-- This site is optimized with the Yoast SEO plugin v27.4 - https:\/\/yoast.com\/product\/yoast-seo-wordpress\/ -->\n<title>Duoc UC y Empresas Arizt\u00eda firman convenio que beneficiar\u00e1 a trabajadores y sus familias - Diario El Labrador<\/title>\n<meta name=\"robots\" content=\"index, follow, max-snippet:-1, max-image-preview:large, max-video-preview:-1\" \/>\n<link rel=\"canonical\" href=\"https:\/\/diarioellabrador.cl\/index.php\/2026\/04\/25\/duoc-uc-y-empresas-ariztia-firman-convenio-que-beneficiara-a-trabajadores-y-sus-familias\/\" \/>\n<meta property=\"og:locale\" content=\"es_ES\" \/>\n<meta property=\"og:type\" content=\"article\" \/>\n<meta property=\"og:title\" content=\"Duoc UC y Empresas Arizt\u00eda firman convenio que beneficiar\u00e1 a trabajadores y sus familias - Diario El Labrador\" \/>\n<meta property=\"og:description\" content=\"El acuerdo permitir\u00e1 acceder a descuentos en matr\u00edcula y arancel anual para colaboradores de la empresa, sus hijos y c\u00f3nyuges, fortaleciendo el v\u00ednculo entre ambas instituciones y ampliando oportunidades de educaci\u00f3n superior. Durante la ma\u00f1ana de este mi\u00e9rcoles, Duoc UC y Empresas Arizt\u00eda concretaron la firma de un importante convenio de colaboraci\u00f3n que busca ampliar Leer m\u00e1s\" \/>\n<meta property=\"og:url\" content=\"https:\/\/diarioellabrador.cl\/index.php\/2026\/04\/25\/duoc-uc-y-empresas-ariztia-firman-convenio-que-beneficiara-a-trabajadores-y-sus-familias\/\" \/>\n<meta property=\"og:site_name\" content=\"Diario El Labrador\" \/>\n<meta property=\"article:publisher\" content=\"https:\/\/web.facebook.com\/profile.php?id=61576120840621\" \/>\n<meta property=\"article:published_time\" content=\"2026-04-25T22:49:00+00:00\" \/>\n<meta property=\"og:image\" content=\"https:\/\/diarioellabrador.cl\/wp-content\/uploads\/2026\/04\/Duoc-UC-y-Empresas-Ariztia-firman-convenio-que-beneficiara-a-trabajadores-y-sus-familias-scaled.jpeg\" \/>\n\t<meta property=\"og:image:width\" content=\"2560\" \/>\n\t<meta property=\"og:image:height\" content=\"1920\" \/>\n\t<meta property=\"og:image:type\" content=\"image\/jpeg\" \/>\n<meta name=\"author\" content=\"Editor\" \/>\n<meta name=\"twitter:card\" content=\"summary_large_image\" \/>\n<meta name=\"twitter:creator\" content=\"@ElLabradorOf\" \/>\n<meta name=\"twitter:site\" content=\"@ElLabradorOf\" \/>\n<meta name=\"twitter:label1\" content=\"Escrito por\" \/>\n\t<meta name=\"twitter:data1\" content=\"Editor\" \/>\n\t<meta name=\"twitter:label2\" content=\"Tiempo de lectura\" \/>\n\t<meta name=\"twitter:data2\" content=\"3 minutos\" \/>\n<script type=\"application\/ld+json\" class=\"yoast-schema-graph\">{\"@context\":\"https:\\\/\\\/schema.org\",\"@graph\":[{\"@type\":\"Article\",\"@id\":\"https:\\\/\\\/diarioellabrador.cl\\\/index.php\\\/2026\\\/04\\\/25\\\/duoc-uc-y-empresas-ariztia-firman-convenio-que-beneficiara-a-trabajadores-y-sus-familias\\\/#article\",\"isPartOf\":{\"@id\":\"https:\\\/\\\/diarioellabrador.cl\\\/index.php\\\/2026\\\/04\\\/25\\\/duoc-uc-y-empresas-ariztia-firman-convenio-que-beneficiara-a-trabajadores-y-sus-familias\\\/\"},\"author\":{\"name\":\"Editor\",\"@id\":\"https:\\\/\\\/diarioellabrador.cl\\\/#\\\/schema\\\/person\\\/bc25ff80b4563f9c7f4bd7855df01685\"},\"headline\":\"Duoc UC y Empresas Arizt\u00eda firman convenio que beneficiar\u00e1 a trabajadores y sus familias\",\"datePublished\":\"2026-04-25T22:49:00+00:00\",\"mainEntityOfPage\":{\"@id\":\"https:\\\/\\\/diarioellabrador.cl\\\/index.php\\\/2026\\\/04\\\/25\\\/duoc-uc-y-empresas-ariztia-firman-convenio-que-beneficiara-a-trabajadores-y-sus-familias\\\/\"},\"wordCount\":471,\"commentCount\":0,\"publisher\":{\"@id\":\"https:\\\/\\\/diarioellabrador.cl\\\/#organization\"},\"image\":{\"@id\":\"https:\\\/\\\/diarioellabrador.cl\\\/index.php\\\/2026\\\/04\\\/25\\\/duoc-uc-y-empresas-ariztia-firman-convenio-que-beneficiara-a-trabajadores-y-sus-familias\\\/#primaryimage\"},\"thumbnailUrl\":\"https:\\\/\\\/diarioellabrador.cl\\\/wp-content\\\/uploads\\\/2026\\\/04\\\/Duoc-UC-y-Empresas-Ariztia-firman-convenio-que-beneficiara-a-trabajadores-y-sus-familias-scaled.jpeg\",\"articleSection\":[\"Cr\u00f3nica\"],\"inLanguage\":\"es\",\"potentialAction\":[{\"@type\":\"CommentAction\",\"name\":\"Comment\",\"target\":[\"https:\\\/\\\/diarioellabrador.cl\\\/index.php\\\/2026\\\/04\\\/25\\\/duoc-uc-y-empresas-ariztia-firman-convenio-que-beneficiara-a-trabajadores-y-sus-familias\\\/#respond\"]}]},{\"@type\":\"WebPage\",\"@id\":\"https:\\\/\\\/diarioellabrador.cl\\\/index.php\\\/2026\\\/04\\\/25\\\/duoc-uc-y-empresas-ariztia-firman-convenio-que-beneficiara-a-trabajadores-y-sus-familias\\\/\",\"url\":\"https:\\\/\\\/diarioellabrador.cl\\\/index.php\\\/2026\\\/04\\\/25\\\/duoc-uc-y-empresas-ariztia-firman-convenio-que-beneficiara-a-trabajadores-y-sus-familias\\\/\",\"name\":\"Duoc UC y Empresas Arizt\u00eda firman convenio que beneficiar\u00e1 a trabajadores y sus familias - Diario El Labrador\",\"isPartOf\":{\"@id\":\"https:\\\/\\\/diarioellabrador.cl\\\/#website\"},\"primaryImageOfPage\":{\"@id\":\"https:\\\/\\\/diarioellabrador.cl\\\/index.php\\\/2026\\\/04\\\/25\\\/duoc-uc-y-empresas-ariztia-firman-convenio-que-beneficiara-a-trabajadores-y-sus-familias\\\/#primaryimage\"},\"image\":{\"@id\":\"https:\\\/\\\/diarioellabrador.cl\\\/index.php\\\/2026\\\/04\\\/25\\\/duoc-uc-y-empresas-ariztia-firman-convenio-que-beneficiara-a-trabajadores-y-sus-familias\\\/#primaryimage\"},\"thumbnailUrl\":\"https:\\\/\\\/diarioellabrador.cl\\\/wp-content\\\/uploads\\\/2026\\\/04\\\/Duoc-UC-y-Empresas-Ariztia-firman-convenio-que-beneficiara-a-trabajadores-y-sus-familias-scaled.jpeg\",\"datePublished\":\"2026-04-25T22:49:00+00:00\",\"breadcrumb\":{\"@id\":\"https:\\\/\\\/diarioellabrador.cl\\\/index.php\\\/2026\\\/04\\\/25\\\/duoc-uc-y-empresas-ariztia-firman-convenio-que-beneficiara-a-trabajadores-y-sus-familias\\\/#breadcrumb\"},\"inLanguage\":\"es\",\"potentialAction\":[{\"@type\":\"ReadAction\",\"target\":[\"https:\\\/\\\/diarioellabrador.cl\\\/index.php\\\/2026\\\/04\\\/25\\\/duoc-uc-y-empresas-ariztia-firman-convenio-que-beneficiara-a-trabajadores-y-sus-familias\\\/\"]}]},{\"@type\":\"ImageObject\",\"inLanguage\":\"es\",\"@id\":\"https:\\\/\\\/diarioellabrador.cl\\\/index.php\\\/2026\\\/04\\\/25\\\/duoc-uc-y-empresas-ariztia-firman-convenio-que-beneficiara-a-trabajadores-y-sus-familias\\\/#primaryimage\",\"url\":\"https:\\\/\\\/diarioellabrador.cl\\\/wp-content\\\/uploads\\\/2026\\\/04\\\/Duoc-UC-y-Empresas-Ariztia-firman-convenio-que-beneficiara-a-trabajadores-y-sus-familias-scaled.jpeg\",\"contentUrl\":\"https:\\\/\\\/diarioellabrador.cl\\\/wp-content\\\/uploads\\\/2026\\\/04\\\/Duoc-UC-y-Empresas-Ariztia-firman-convenio-que-beneficiara-a-trabajadores-y-sus-familias-scaled.jpeg\",\"width\":2560,\"height\":1920},{\"@type\":\"BreadcrumbList\",\"@id\":\"https:\\\/\\\/diarioellabrador.cl\\\/index.php\\\/2026\\\/04\\\/25\\\/duoc-uc-y-empresas-ariztia-firman-convenio-que-beneficiara-a-trabajadores-y-sus-familias\\\/#breadcrumb\",\"itemListElement\":[{\"@type\":\"ListItem\",\"position\":1,\"name\":\"Portada\",\"item\":\"https:\\\/\\\/diarioellabrador.cl\\\/\"},{\"@type\":\"ListItem\",\"position\":2,\"name\":\"Duoc UC y Empresas Arizt\u00eda firman convenio que beneficiar\u00e1 a trabajadores y sus familias\"}]},{\"@type\":\"WebSite\",\"@id\":\"https:\\\/\\\/diarioellabrador.cl\\\/#website\",\"url\":\"https:\\\/\\\/diarioellabrador.cl\\\/\",\"name\":\"Diario El Labrador\",\"description\":\"Haciendo noticia desde 1921\",\"publisher\":{\"@id\":\"https:\\\/\\\/diarioellabrador.cl\\\/#organization\"},\"potentialAction\":[{\"@type\":\"SearchAction\",\"target\":{\"@type\":\"EntryPoint\",\"urlTemplate\":\"https:\\\/\\\/diarioellabrador.cl\\\/?s={search_term_string}\"},\"query-input\":{\"@type\":\"PropertyValueSpecification\",\"valueRequired\":true,\"valueName\":\"search_term_string\"}}],\"inLanguage\":\"es\"},{\"@type\":\"Organization\",\"@id\":\"https:\\\/\\\/diarioellabrador.cl\\\/#organization\",\"name\":\"Diario El Labrador\",\"url\":\"https:\\\/\\\/diarioellabrador.cl\\\/\",\"logo\":{\"@type\":\"ImageObject\",\"inLanguage\":\"es\",\"@id\":\"https:\\\/\\\/diarioellabrador.cl\\\/#\\\/schema\\\/logo\\\/image\\\/\",\"url\":\"https:\\\/\\\/diarioellabrador.cl\\\/wp-content\\\/uploads\\\/2025\\\/02\\\/cropped-Logo-Icono.png\",\"contentUrl\":\"https:\\\/\\\/diarioellabrador.cl\\\/wp-content\\\/uploads\\\/2025\\\/02\\\/cropped-Logo-Icono.png\",\"width\":512,\"height\":512,\"caption\":\"Diario El Labrador\"},\"image\":{\"@id\":\"https:\\\/\\\/diarioellabrador.cl\\\/#\\\/schema\\\/logo\\\/image\\\/\"},\"sameAs\":[\"https:\\\/\\\/web.facebook.com\\\/profile.php?id=61576120840621\",\"https:\\\/\\\/x.com\\\/ElLabradorOf\",\"https:\\\/\\\/www.instagram.com\\\/diarioellabradoroficial\\\/\"]},{\"@type\":\"Person\",\"@id\":\"https:\\\/\\\/diarioellabrador.cl\\\/#\\\/schema\\\/person\\\/bc25ff80b4563f9c7f4bd7855df01685\",\"name\":\"Editor\",\"image\":{\"@type\":\"ImageObject\",\"inLanguage\":\"es\",\"@id\":\"https:\\\/\\\/secure.gravatar.com\\\/avatar\\\/109c326cf2be5c04f048c2c2a2b8b6ef44bf3d8d1d3d4c55d0ac40c4bc994684?s=96&d=mm&r=g\",\"url\":\"https:\\\/\\\/secure.gravatar.com\\\/avatar\\\/109c326cf2be5c04f048c2c2a2b8b6ef44bf3d8d1d3d4c55d0ac40c4bc994684?s=96&d=mm&r=g\",\"contentUrl\":\"https:\\\/\\\/secure.gravatar.com\\\/avatar\\\/109c326cf2be5c04f048c2c2a2b8b6ef44bf3d8d1d3d4c55d0ac40c4bc994684?s=96&d=mm&r=g\",\"caption\":\"Editor\"},\"url\":\"https:\\\/\\\/diarioellabrador.cl\\\/index.php\\\/author\\\/editor\\\/\"}]}<\/script>\n<!-- \/ Yoast SEO plugin. -->","yoast_head_json":{"title":"Duoc UC y Empresas Arizt\u00eda firman convenio que beneficiar\u00e1 a trabajadores y sus familias - Diario El Labrador","robots":{"index":"index","follow":"follow","max-snippet":"max-snippet:-1","max-image-preview":"max-image-preview:large","max-video-preview":"max-video-preview:-1"},"canonical":"https:\/\/diarioellabrador.cl\/index.php\/2026\/04\/25\/duoc-uc-y-empresas-ariztia-firman-convenio-que-beneficiara-a-trabajadores-y-sus-familias\/","og_locale":"es_ES","og_type":"article","og_title":"Duoc UC y Empresas Arizt\u00eda firman convenio que beneficiar\u00e1 a trabajadores y sus familias - Diario El Labrador","og_description":"El acuerdo permitir\u00e1 acceder a descuentos en matr\u00edcula y arancel anual para colaboradores de la empresa, sus hijos y c\u00f3nyuges, fortaleciendo el v\u00ednculo entre ambas instituciones y ampliando oportunidades de educaci\u00f3n superior. Durante la ma\u00f1ana de este mi\u00e9rcoles, Duoc UC y Empresas Arizt\u00eda concretaron la firma de un importante convenio de colaboraci\u00f3n que busca ampliar Leer m\u00e1s","og_url":"https:\/\/diarioellabrador.cl\/index.php\/2026\/04\/25\/duoc-uc-y-empresas-ariztia-firman-convenio-que-beneficiara-a-trabajadores-y-sus-familias\/","og_site_name":"Diario El Labrador","article_publisher":"https:\/\/web.facebook.com\/profile.php?id=61576120840621","article_published_time":"2026-04-25T22:49:00+00:00","og_image":[{"width":2560,"height":1920,"url":"https:\/\/diarioellabrador.cl\/wp-content\/uploads\/2026\/04\/Duoc-UC-y-Empresas-Ariztia-firman-convenio-que-beneficiara-a-trabajadores-y-sus-familias-scaled.jpeg","type":"image\/jpeg"}],"author":"Editor","twitter_card":"summary_large_image","twitter_creator":"@ElLabradorOf","twitter_site":"@ElLabradorOf","twitter_misc":{"Escrito por":"Editor","Tiempo de lectura":"3 minutos"},"schema":{"@context":"https:\/\/schema.org","@graph":[{"@type":"Article","@id":"https:\/\/diarioellabrador.cl\/index.php\/2026\/04\/25\/duoc-uc-y-empresas-ariztia-firman-convenio-que-beneficiara-a-trabajadores-y-sus-familias\/#article","isPartOf":{"@id":"https:\/\/diarioellabrador.cl\/index.php\/2026\/04\/25\/duoc-uc-y-empresas-ariztia-firman-convenio-que-beneficiara-a-trabajadores-y-sus-familias\/"},"author":{"name":"Editor","@id":"https:\/\/diarioellabrador.cl\/#\/schema\/person\/bc25ff80b4563f9c7f4bd7855df01685"},"headline":"Duoc UC y Empresas Arizt\u00eda firman convenio que beneficiar\u00e1 a trabajadores y sus familias","datePublished":"2026-04-25T22:49:00+00:00","mainEntityOfPage":{"@id":"https:\/\/diarioellabrador.cl\/index.php\/2026\/04\/25\/duoc-uc-y-empresas-ariztia-firman-convenio-que-beneficiara-a-trabajadores-y-sus-familias\/"},"wordCount":471,"commentCount":0,"publisher":{"@id":"https:\/\/diarioellabrador.cl\/#organization"},"image":{"@id":"https:\/\/diarioellabrador.cl\/index.php\/2026\/04\/25\/duoc-uc-y-empresas-ariztia-firman-convenio-que-beneficiara-a-trabajadores-y-sus-familias\/#primaryimage"},"thumbnailUrl":"https:\/\/diarioellabrador.cl\/wp-content\/uploads\/2026\/04\/Duoc-UC-y-Empresas-Ariztia-firman-convenio-que-beneficiara-a-trabajadores-y-sus-familias-scaled.jpeg","articleSection":["Cr\u00f3nica"],"inLanguage":"es","potentialAction":[{"@type":"CommentAction","name":"Comment","target":["https:\/\/diarioellabrador.cl\/index.php\/2026\/04\/25\/duoc-uc-y-empresas-ariztia-firman-convenio-que-beneficiara-a-trabajadores-y-sus-familias\/#respond"]}]},{"@type":"WebPage","@id":"https:\/\/diarioellabrador.cl\/index.php\/2026\/04\/25\/duoc-uc-y-empresas-ariztia-firman-convenio-que-beneficiara-a-trabajadores-y-sus-familias\/","url":"https:\/\/diarioellabrador.cl\/index.php\/2026\/04\/25\/duoc-uc-y-empresas-ariztia-firman-convenio-que-beneficiara-a-trabajadores-y-sus-familias\/","name":"Duoc UC y Empresas Arizt\u00eda firman convenio que beneficiar\u00e1 a trabajadores y sus familias - Diario El Labrador","isPartOf":{"@id":"https:\/\/diarioellabrador.cl\/#website"},"primaryImageOfPage":{"@id":"https:\/\/diarioellabrador.cl\/index.php\/2026\/04\/25\/duoc-uc-y-empresas-ariztia-firman-convenio-que-beneficiara-a-trabajadores-y-sus-familias\/#primaryimage"},"image":{"@id":"https:\/\/diarioellabrador.cl\/index.php\/2026\/04\/25\/duoc-uc-y-empresas-ariztia-firman-convenio-que-beneficiara-a-trabajadores-y-sus-familias\/#primaryimage"},"thumbnailUrl":"https:\/\/diarioellabrador.cl\/wp-content\/uploads\/2026\/04\/Duoc-UC-y-Empresas-Ariztia-firman-convenio-que-beneficiara-a-trabajadores-y-sus-familias-scaled.jpeg","datePublished":"2026-04-25T22:49:00+00:00","breadcrumb":{"@id":"https:\/\/diarioellabrador.cl\/index.php\/2026\/04\/25\/duoc-uc-y-empresas-ariztia-firman-convenio-que-beneficiara-a-trabajadores-y-sus-familias\/#breadcrumb"},"inLanguage":"es","potentialAction":[{"@type":"ReadAction","target":["https:\/\/diarioellabrador.cl\/index.php\/2026\/04\/25\/duoc-uc-y-empresas-ariztia-firman-convenio-que-beneficiara-a-trabajadores-y-sus-familias\/"]}]},{"@type":"ImageObject","inLanguage":"es","@id":"https:\/\/diarioellabrador.cl\/index.php\/2026\/04\/25\/duoc-uc-y-empresas-ariztia-firman-convenio-que-beneficiara-a-trabajadores-y-sus-familias\/#primaryimage","url":"https:\/\/diarioellabrador.cl\/wp-content\/uploads\/2026\/04\/Duoc-UC-y-Empresas-Ariztia-firman-convenio-que-beneficiara-a-trabajadores-y-sus-familias-scaled.jpeg","contentUrl":"https:\/\/diarioellabrador.cl\/wp-content\/uploads\/2026\/04\/Duoc-UC-y-Empresas-Ariztia-firman-convenio-que-beneficiara-a-trabajadores-y-sus-familias-scaled.jpeg","width":2560,"height":1920},{"@type":"BreadcrumbList","@id":"https:\/\/diarioellabrador.cl\/index.php\/2026\/04\/25\/duoc-uc-y-empresas-ariztia-firman-convenio-que-beneficiara-a-trabajadores-y-sus-familias\/#breadcrumb","itemListElement":[{"@type":"ListItem","position":1,"name":"Portada","item":"https:\/\/diarioellabrador.cl\/"},{"@type":"ListItem","position":2,"name":"Duoc UC y Empresas Arizt\u00eda firman convenio que beneficiar\u00e1 a trabajadores y sus familias"}]},{"@type":"WebSite","@id":"https:\/\/diarioellabrador.cl\/#website","url":"https:\/\/diarioellabrador.cl\/","name":"Diario El Labrador","description":"Haciendo noticia desde 1921","publisher":{"@id":"https:\/\/diarioellabrador.cl\/#organization"},"potentialAction":[{"@type":"SearchAction","target":{"@type":"EntryPoint","urlTemplate":"https:\/\/diarioellabrador.cl\/?s={search_term_string}"},"query-input":{"@type":"PropertyValueSpecification","valueRequired":true,"valueName":"search_term_string"}}],"inLanguage":"es"},{"@type":"Organization","@id":"https:\/\/diarioellabrador.cl\/#organization","name":"Diario El Labrador","url":"https:\/\/diarioellabrador.cl\/","logo":{"@type":"ImageObject","inLanguage":"es","@id":"https:\/\/diarioellabrador.cl\/#\/schema\/logo\/image\/","url":"https:\/\/diarioellabrador.cl\/wp-content\/uploads\/2025\/02\/cropped-Logo-Icono.png","contentUrl":"https:\/\/diarioellabrador.cl\/wp-content\/uploads\/2025\/02\/cropped-Logo-Icono.png","width":512,"height":512,"caption":"Diario El Labrador"},"image":{"@id":"https:\/\/diarioellabrador.cl\/#\/schema\/logo\/image\/"},"sameAs":["https:\/\/web.facebook.com\/profile.php?id=61576120840621","https:\/\/x.com\/ElLabradorOf","https:\/\/www.instagram.com\/diarioellabradoroficial\/"]},{"@type":"Person","@id":"https:\/\/diarioellabrador.cl\/#\/schema\/person\/bc25ff80b4563f9c7f4bd7855df01685","name":"Editor","image":{"@type":"ImageObject","inLanguage":"es","@id":"https:\/\/secure.gravatar.com\/avatar\/109c326cf2be5c04f048c2c2a2b8b6ef44bf3d8d1d3d4c55d0ac40c4bc994684?s=96&d=mm&r=g","url":"https:\/\/secure.gravatar.com\/avatar\/109c326cf2be5c04f048c2c2a2b8b6ef44bf3d8d1d3d4c55d0ac40c4bc994684?s=96&d=mm&r=g","contentUrl":"https:\/\/secure.gravatar.com\/avatar\/109c326cf2be5c04f048c2c2a2b8b6ef44bf3d8d1d3d4c55d0ac40c4bc994684?s=96&d=mm&r=g","caption":"Editor"},"url":"https:\/\/diarioellabrador.cl\/index.php\/author\/editor\/"}]}},"_links":{"self":[{"href":"https:\/\/diarioellabrador.cl\/index.php\/wp-json\/wp\/v2\/posts\/18561","targetHints":{"allow":["GET"]}}],"collection":[{"href":"https:\/\/diarioellabrador.cl\/index.php\/wp-json\/wp\/v2\/posts"}],"about":[{"href":"https:\/\/diarioellabrador.cl\/index.php\/wp-json\/wp\/v2\/types\/post"}],"author":[{"embeddable":true,"href":"https:\/\/diarioellabrador.cl\/index.php\/wp-json\/wp\/v2\/users\/2"}],"replies":[{"embeddable":true,"href":"https:\/\/diarioellabrador.cl\/index.php\/wp-json\/wp\/v2\/comments?post=18561"}],"version-history":[{"count":1,"href":"https:\/\/diarioellabrador.cl\/index.php\/wp-json\/wp\/v2\/posts\/18561\/revisions"}],"predecessor-version":[{"id":18562,"href":"https:\/\/diarioellabrador.cl\/index.php\/wp-json\/wp\/v2\/posts\/18561\/revisions\/18562"}],"wp:featuredmedia":[{"embeddable":true,"href":"https:\/\/diarioellabrador.cl\/index.php\/wp-json\/wp\/v2\/media\/18500"}],"wp:attachment":[{"href":"https:\/\/diarioellabrador.cl\/index.php\/wp-json\/wp\/v2\/media?parent=18561"}],"wp:term":[{"taxonomy":"category","embeddable":true,"href":"https:\/\/diarioellabrador.cl\/index.php\/wp-json\/wp\/v2\/categories?post=18561"},{"taxonomy":"post_tag","embeddable":true,"href":"https:\/\/diarioellabrador.cl\/index.php\/wp-json\/wp\/v2\/tags?post=18561"}],"curies":[{"name":"wp","href":"https:\/\/api.w.org\/{rel}","templated":true}]}}