{"id":18551,"date":"2026-04-25T18:44:00","date_gmt":"2026-04-25T22:44:00","guid":{"rendered":"https:\/\/diarioellabrador.cl\/?p=18551"},"modified":"2026-04-25T15:44:56","modified_gmt":"2026-04-25T19:44:56","slug":"exitosa-apertura-marco-la-primera-jornada-de-la-3a-feria-del-libro-y-la-lectura-penaflor-2026","status":"publish","type":"post","link":"https:\/\/diarioellabrador.cl\/index.php\/2026\/04\/25\/exitosa-apertura-marco-la-primera-jornada-de-la-3a-feria-del-libro-y-la-lectura-penaflor-2026\/","title":{"rendered":"Exitosa apertura marc\u00f3 la primera jornada de la 3\u00aa Feria del Libro y la Lectura Pe\u00f1aflor 2026"},"content":{"rendered":"\n<p>Con una alta participaci\u00f3n y una variada programaci\u00f3n cultural, se desarroll\u00f3 con pleno \u00e9xito la primera jornada de la 3\u00aa Feria del Libro y la Lectura de Pe\u00f1aflor 2026, instancia que reuni\u00f3 a la comunidad en torno al fomento lector y la creaci\u00f3n literaria.<\/p>\n\n\n\n<p>Durante la jornada, estudiantes de escuelas y liceos de la comuna dieron vida a distintos personajes literarios, destacando por su creatividad y puesta en escena, lo que aport\u00f3 un sello din\u00e1mico y participativo al evento.<\/p>\n\n\n\n<p>Asimismo, la programaci\u00f3n incluy\u00f3 charlas y talleres dirigidos a p\u00fablicos de distintas edades, fortaleciendo el v\u00ednculo entre la lectura, la educaci\u00f3n y la cultura local.<\/p>\n\n\n\n<p>Uno de los momentos destacados fue el lanzamiento de dos obras: <em>\u201cMi Pueblo, Mi Barrio\u201d<\/em>, del C\u00edrculo de Escritores de Pe\u00f1aflor, y <em>\u201cViaje sin plan\u201d<\/em>, descrito como un relato de resiliencia y amor.<\/p>\n\n\n\n<p>La feria continuar\u00e1 desarroll\u00e1ndose con diversas actividades, consolid\u00e1ndose como un espacio relevante para la promoci\u00f3n de la lectura y la expresi\u00f3n art\u00edstica en la comuna.<\/p>\n","protected":false},"excerpt":{"rendered":"<p>Con una alta participaci\u00f3n y una variada programaci\u00f3n cultural, se desarroll\u00f3 con pleno \u00e9xito la primera jornada de la 3\u00aa Feria del Libro y la Lectura de Pe\u00f1aflor 2026, instancia que reuni\u00f3 a la comunidad en torno al fomento lector y la creaci\u00f3n literaria. Durante la jornada, estudiantes de escuelas y liceos de la comuna<\/p>\n<div class=\"read-more-wrapper\"><a class=\"read-more\" href=\"https:\/\/diarioellabrador.cl\/index.php\/2026\/04\/25\/exitosa-apertura-marco-la-primera-jornada-de-la-3a-feria-del-libro-y-la-lectura-penaflor-2026\/\" title=\"Leer m\u00e1s\"> <span class=\"button \">Leer m\u00e1s<\/span><\/a><\/div>\n","protected":false},"author":2,"featured_media":18504,"comment_status":"open","ping_status":"open","sticky":false,"template":"","format":"standard","meta":{"footnotes":""},"categories":[1],"tags":[],"class_list":["post-18551","post","type-post","status-publish","format-standard","has-post-thumbnail","hentry","category-cronica"],"yoast_head":"<!-- This site is optimized with the Yoast SEO plugin v27.4 - https:\/\/yoast.com\/product\/yoast-seo-wordpress\/ -->\n<title>Exitosa apertura marc\u00f3 la primera jornada de la 3\u00aa Feria del Libro y la Lectura Pe\u00f1aflor 2026 - Diario El Labrador<\/title>\n<meta name=\"robots\" content=\"index, follow, max-snippet:-1, max-image-preview:large, max-video-preview:-1\" \/>\n<link rel=\"canonical\" href=\"https:\/\/diarioellabrador.cl\/index.php\/2026\/04\/25\/exitosa-apertura-marco-la-primera-jornada-de-la-3a-feria-del-libro-y-la-lectura-penaflor-2026\/\" \/>\n<meta property=\"og:locale\" content=\"es_ES\" \/>\n<meta property=\"og:type\" content=\"article\" \/>\n<meta property=\"og:title\" content=\"Exitosa apertura marc\u00f3 la primera jornada de la 3\u00aa Feria del Libro y la Lectura Pe\u00f1aflor 2026 - Diario El Labrador\" \/>\n<meta property=\"og:description\" content=\"Con una alta participaci\u00f3n y una variada programaci\u00f3n cultural, se desarroll\u00f3 con pleno \u00e9xito la primera jornada de la 3\u00aa Feria del Libro y la Lectura de Pe\u00f1aflor 2026, instancia que reuni\u00f3 a la comunidad en torno al fomento lector y la creaci\u00f3n literaria. Durante la jornada, estudiantes de escuelas y liceos de la comuna Leer m\u00e1s\" \/>\n<meta property=\"og:url\" content=\"https:\/\/diarioellabrador.cl\/index.php\/2026\/04\/25\/exitosa-apertura-marco-la-primera-jornada-de-la-3a-feria-del-libro-y-la-lectura-penaflor-2026\/\" \/>\n<meta property=\"og:site_name\" content=\"Diario El Labrador\" \/>\n<meta property=\"article:publisher\" content=\"https:\/\/web.facebook.com\/profile.php?id=61576120840621\" \/>\n<meta property=\"article:published_time\" content=\"2026-04-25T22:44:00+00:00\" \/>\n<meta property=\"og:image\" content=\"https:\/\/diarioellabrador.cl\/wp-content\/uploads\/2026\/04\/Exitosa-apertura-marco-la-primera-jornada-de-la-3a-Feria-del-Libro-y-la-Lectura-Penaflor-2026-3.jpeg\" \/>\n\t<meta property=\"og:image:width\" content=\"1800\" \/>\n\t<meta property=\"og:image:height\" content=\"1056\" \/>\n\t<meta property=\"og:image:type\" content=\"image\/jpeg\" \/>\n<meta name=\"author\" content=\"Editor\" \/>\n<meta name=\"twitter:card\" content=\"summary_large_image\" \/>\n<meta name=\"twitter:creator\" content=\"@ElLabradorOf\" \/>\n<meta name=\"twitter:site\" content=\"@ElLabradorOf\" \/>\n<meta name=\"twitter:label1\" content=\"Escrito por\" \/>\n\t<meta name=\"twitter:data1\" content=\"Editor\" \/>\n\t<meta name=\"twitter:label2\" content=\"Tiempo de lectura\" \/>\n\t<meta name=\"twitter:data2\" content=\"1 minuto\" \/>\n<script type=\"application\/ld+json\" class=\"yoast-schema-graph\">{\"@context\":\"https:\\\/\\\/schema.org\",\"@graph\":[{\"@type\":\"Article\",\"@id\":\"https:\\\/\\\/diarioellabrador.cl\\\/index.php\\\/2026\\\/04\\\/25\\\/exitosa-apertura-marco-la-primera-jornada-de-la-3a-feria-del-libro-y-la-lectura-penaflor-2026\\\/#article\",\"isPartOf\":{\"@id\":\"https:\\\/\\\/diarioellabrador.cl\\\/index.php\\\/2026\\\/04\\\/25\\\/exitosa-apertura-marco-la-primera-jornada-de-la-3a-feria-del-libro-y-la-lectura-penaflor-2026\\\/\"},\"author\":{\"name\":\"Editor\",\"@id\":\"https:\\\/\\\/diarioellabrador.cl\\\/#\\\/schema\\\/person\\\/bc25ff80b4563f9c7f4bd7855df01685\"},\"headline\":\"Exitosa apertura marc\u00f3 la primera jornada de la 3\u00aa Feria del Libro y la Lectura Pe\u00f1aflor 2026\",\"datePublished\":\"2026-04-25T22:44:00+00:00\",\"mainEntityOfPage\":{\"@id\":\"https:\\\/\\\/diarioellabrador.cl\\\/index.php\\\/2026\\\/04\\\/25\\\/exitosa-apertura-marco-la-primera-jornada-de-la-3a-feria-del-libro-y-la-lectura-penaflor-2026\\\/\"},\"wordCount\":192,\"commentCount\":0,\"publisher\":{\"@id\":\"https:\\\/\\\/diarioellabrador.cl\\\/#organization\"},\"image\":{\"@id\":\"https:\\\/\\\/diarioellabrador.cl\\\/index.php\\\/2026\\\/04\\\/25\\\/exitosa-apertura-marco-la-primera-jornada-de-la-3a-feria-del-libro-y-la-lectura-penaflor-2026\\\/#primaryimage\"},\"thumbnailUrl\":\"https:\\\/\\\/diarioellabrador.cl\\\/wp-content\\\/uploads\\\/2026\\\/04\\\/Exitosa-apertura-marco-la-primera-jornada-de-la-3a-Feria-del-Libro-y-la-Lectura-Penaflor-2026-3.jpeg\",\"articleSection\":[\"Cr\u00f3nica\"],\"inLanguage\":\"es\",\"potentialAction\":[{\"@type\":\"CommentAction\",\"name\":\"Comment\",\"target\":[\"https:\\\/\\\/diarioellabrador.cl\\\/index.php\\\/2026\\\/04\\\/25\\\/exitosa-apertura-marco-la-primera-jornada-de-la-3a-feria-del-libro-y-la-lectura-penaflor-2026\\\/#respond\"]}]},{\"@type\":\"WebPage\",\"@id\":\"https:\\\/\\\/diarioellabrador.cl\\\/index.php\\\/2026\\\/04\\\/25\\\/exitosa-apertura-marco-la-primera-jornada-de-la-3a-feria-del-libro-y-la-lectura-penaflor-2026\\\/\",\"url\":\"https:\\\/\\\/diarioellabrador.cl\\\/index.php\\\/2026\\\/04\\\/25\\\/exitosa-apertura-marco-la-primera-jornada-de-la-3a-feria-del-libro-y-la-lectura-penaflor-2026\\\/\",\"name\":\"Exitosa apertura marc\u00f3 la primera jornada de la 3\u00aa Feria del Libro y la Lectura Pe\u00f1aflor 2026 - Diario El Labrador\",\"isPartOf\":{\"@id\":\"https:\\\/\\\/diarioellabrador.cl\\\/#website\"},\"primaryImageOfPage\":{\"@id\":\"https:\\\/\\\/diarioellabrador.cl\\\/index.php\\\/2026\\\/04\\\/25\\\/exitosa-apertura-marco-la-primera-jornada-de-la-3a-feria-del-libro-y-la-lectura-penaflor-2026\\\/#primaryimage\"},\"image\":{\"@id\":\"https:\\\/\\\/diarioellabrador.cl\\\/index.php\\\/2026\\\/04\\\/25\\\/exitosa-apertura-marco-la-primera-jornada-de-la-3a-feria-del-libro-y-la-lectura-penaflor-2026\\\/#primaryimage\"},\"thumbnailUrl\":\"https:\\\/\\\/diarioellabrador.cl\\\/wp-content\\\/uploads\\\/2026\\\/04\\\/Exitosa-apertura-marco-la-primera-jornada-de-la-3a-Feria-del-Libro-y-la-Lectura-Penaflor-2026-3.jpeg\",\"datePublished\":\"2026-04-25T22:44:00+00:00\",\"breadcrumb\":{\"@id\":\"https:\\\/\\\/diarioellabrador.cl\\\/index.php\\\/2026\\\/04\\\/25\\\/exitosa-apertura-marco-la-primera-jornada-de-la-3a-feria-del-libro-y-la-lectura-penaflor-2026\\\/#breadcrumb\"},\"inLanguage\":\"es\",\"potentialAction\":[{\"@type\":\"ReadAction\",\"target\":[\"https:\\\/\\\/diarioellabrador.cl\\\/index.php\\\/2026\\\/04\\\/25\\\/exitosa-apertura-marco-la-primera-jornada-de-la-3a-feria-del-libro-y-la-lectura-penaflor-2026\\\/\"]}]},{\"@type\":\"ImageObject\",\"inLanguage\":\"es\",\"@id\":\"https:\\\/\\\/diarioellabrador.cl\\\/index.php\\\/2026\\\/04\\\/25\\\/exitosa-apertura-marco-la-primera-jornada-de-la-3a-feria-del-libro-y-la-lectura-penaflor-2026\\\/#primaryimage\",\"url\":\"https:\\\/\\\/diarioellabrador.cl\\\/wp-content\\\/uploads\\\/2026\\\/04\\\/Exitosa-apertura-marco-la-primera-jornada-de-la-3a-Feria-del-Libro-y-la-Lectura-Penaflor-2026-3.jpeg\",\"contentUrl\":\"https:\\\/\\\/diarioellabrador.cl\\\/wp-content\\\/uploads\\\/2026\\\/04\\\/Exitosa-apertura-marco-la-primera-jornada-de-la-3a-Feria-del-Libro-y-la-Lectura-Penaflor-2026-3.jpeg\",\"width\":1800,\"height\":1056},{\"@type\":\"BreadcrumbList\",\"@id\":\"https:\\\/\\\/diarioellabrador.cl\\\/index.php\\\/2026\\\/04\\\/25\\\/exitosa-apertura-marco-la-primera-jornada-de-la-3a-feria-del-libro-y-la-lectura-penaflor-2026\\\/#breadcrumb\",\"itemListElement\":[{\"@type\":\"ListItem\",\"position\":1,\"name\":\"Portada\",\"item\":\"https:\\\/\\\/diarioellabrador.cl\\\/\"},{\"@type\":\"ListItem\",\"position\":2,\"name\":\"Exitosa apertura marc\u00f3 la primera jornada de la 3\u00aa Feria del Libro y la Lectura Pe\u00f1aflor 2026\"}]},{\"@type\":\"WebSite\",\"@id\":\"https:\\\/\\\/diarioellabrador.cl\\\/#website\",\"url\":\"https:\\\/\\\/diarioellabrador.cl\\\/\",\"name\":\"Diario El Labrador\",\"description\":\"Haciendo noticia desde 1921\",\"publisher\":{\"@id\":\"https:\\\/\\\/diarioellabrador.cl\\\/#organization\"},\"potentialAction\":[{\"@type\":\"SearchAction\",\"target\":{\"@type\":\"EntryPoint\",\"urlTemplate\":\"https:\\\/\\\/diarioellabrador.cl\\\/?s={search_term_string}\"},\"query-input\":{\"@type\":\"PropertyValueSpecification\",\"valueRequired\":true,\"valueName\":\"search_term_string\"}}],\"inLanguage\":\"es\"},{\"@type\":\"Organization\",\"@id\":\"https:\\\/\\\/diarioellabrador.cl\\\/#organization\",\"name\":\"Diario El Labrador\",\"url\":\"https:\\\/\\\/diarioellabrador.cl\\\/\",\"logo\":{\"@type\":\"ImageObject\",\"inLanguage\":\"es\",\"@id\":\"https:\\\/\\\/diarioellabrador.cl\\\/#\\\/schema\\\/logo\\\/image\\\/\",\"url\":\"https:\\\/\\\/diarioellabrador.cl\\\/wp-content\\\/uploads\\\/2025\\\/02\\\/cropped-Logo-Icono.png\",\"contentUrl\":\"https:\\\/\\\/diarioellabrador.cl\\\/wp-content\\\/uploads\\\/2025\\\/02\\\/cropped-Logo-Icono.png\",\"width\":512,\"height\":512,\"caption\":\"Diario El Labrador\"},\"image\":{\"@id\":\"https:\\\/\\\/diarioellabrador.cl\\\/#\\\/schema\\\/logo\\\/image\\\/\"},\"sameAs\":[\"https:\\\/\\\/web.facebook.com\\\/profile.php?id=61576120840621\",\"https:\\\/\\\/x.com\\\/ElLabradorOf\",\"https:\\\/\\\/www.instagram.com\\\/diarioellabradoroficial\\\/\"]},{\"@type\":\"Person\",\"@id\":\"https:\\\/\\\/diarioellabrador.cl\\\/#\\\/schema\\\/person\\\/bc25ff80b4563f9c7f4bd7855df01685\",\"name\":\"Editor\",\"image\":{\"@type\":\"ImageObject\",\"inLanguage\":\"es\",\"@id\":\"https:\\\/\\\/secure.gravatar.com\\\/avatar\\\/109c326cf2be5c04f048c2c2a2b8b6ef44bf3d8d1d3d4c55d0ac40c4bc994684?s=96&d=mm&r=g\",\"url\":\"https:\\\/\\\/secure.gravatar.com\\\/avatar\\\/109c326cf2be5c04f048c2c2a2b8b6ef44bf3d8d1d3d4c55d0ac40c4bc994684?s=96&d=mm&r=g\",\"contentUrl\":\"https:\\\/\\\/secure.gravatar.com\\\/avatar\\\/109c326cf2be5c04f048c2c2a2b8b6ef44bf3d8d1d3d4c55d0ac40c4bc994684?s=96&d=mm&r=g\",\"caption\":\"Editor\"},\"url\":\"https:\\\/\\\/diarioellabrador.cl\\\/index.php\\\/author\\\/editor\\\/\"}]}<\/script>\n<!-- \/ Yoast SEO plugin. -->","yoast_head_json":{"title":"Exitosa apertura marc\u00f3 la primera jornada de la 3\u00aa Feria del Libro y la Lectura Pe\u00f1aflor 2026 - Diario El Labrador","robots":{"index":"index","follow":"follow","max-snippet":"max-snippet:-1","max-image-preview":"max-image-preview:large","max-video-preview":"max-video-preview:-1"},"canonical":"https:\/\/diarioellabrador.cl\/index.php\/2026\/04\/25\/exitosa-apertura-marco-la-primera-jornada-de-la-3a-feria-del-libro-y-la-lectura-penaflor-2026\/","og_locale":"es_ES","og_type":"article","og_title":"Exitosa apertura marc\u00f3 la primera jornada de la 3\u00aa Feria del Libro y la Lectura Pe\u00f1aflor 2026 - Diario El Labrador","og_description":"Con una alta participaci\u00f3n y una variada programaci\u00f3n cultural, se desarroll\u00f3 con pleno \u00e9xito la primera jornada de la 3\u00aa Feria del Libro y la Lectura de Pe\u00f1aflor 2026, instancia que reuni\u00f3 a la comunidad en torno al fomento lector y la creaci\u00f3n literaria. Durante la jornada, estudiantes de escuelas y liceos de la comuna Leer m\u00e1s","og_url":"https:\/\/diarioellabrador.cl\/index.php\/2026\/04\/25\/exitosa-apertura-marco-la-primera-jornada-de-la-3a-feria-del-libro-y-la-lectura-penaflor-2026\/","og_site_name":"Diario El Labrador","article_publisher":"https:\/\/web.facebook.com\/profile.php?id=61576120840621","article_published_time":"2026-04-25T22:44:00+00:00","og_image":[{"width":1800,"height":1056,"url":"https:\/\/diarioellabrador.cl\/wp-content\/uploads\/2026\/04\/Exitosa-apertura-marco-la-primera-jornada-de-la-3a-Feria-del-Libro-y-la-Lectura-Penaflor-2026-3.jpeg","type":"image\/jpeg"}],"author":"Editor","twitter_card":"summary_large_image","twitter_creator":"@ElLabradorOf","twitter_site":"@ElLabradorOf","twitter_misc":{"Escrito por":"Editor","Tiempo de lectura":"1 minuto"},"schema":{"@context":"https:\/\/schema.org","@graph":[{"@type":"Article","@id":"https:\/\/diarioellabrador.cl\/index.php\/2026\/04\/25\/exitosa-apertura-marco-la-primera-jornada-de-la-3a-feria-del-libro-y-la-lectura-penaflor-2026\/#article","isPartOf":{"@id":"https:\/\/diarioellabrador.cl\/index.php\/2026\/04\/25\/exitosa-apertura-marco-la-primera-jornada-de-la-3a-feria-del-libro-y-la-lectura-penaflor-2026\/"},"author":{"name":"Editor","@id":"https:\/\/diarioellabrador.cl\/#\/schema\/person\/bc25ff80b4563f9c7f4bd7855df01685"},"headline":"Exitosa apertura marc\u00f3 la primera jornada de la 3\u00aa Feria del Libro y la Lectura Pe\u00f1aflor 2026","datePublished":"2026-04-25T22:44:00+00:00","mainEntityOfPage":{"@id":"https:\/\/diarioellabrador.cl\/index.php\/2026\/04\/25\/exitosa-apertura-marco-la-primera-jornada-de-la-3a-feria-del-libro-y-la-lectura-penaflor-2026\/"},"wordCount":192,"commentCount":0,"publisher":{"@id":"https:\/\/diarioellabrador.cl\/#organization"},"image":{"@id":"https:\/\/diarioellabrador.cl\/index.php\/2026\/04\/25\/exitosa-apertura-marco-la-primera-jornada-de-la-3a-feria-del-libro-y-la-lectura-penaflor-2026\/#primaryimage"},"thumbnailUrl":"https:\/\/diarioellabrador.cl\/wp-content\/uploads\/2026\/04\/Exitosa-apertura-marco-la-primera-jornada-de-la-3a-Feria-del-Libro-y-la-Lectura-Penaflor-2026-3.jpeg","articleSection":["Cr\u00f3nica"],"inLanguage":"es","potentialAction":[{"@type":"CommentAction","name":"Comment","target":["https:\/\/diarioellabrador.cl\/index.php\/2026\/04\/25\/exitosa-apertura-marco-la-primera-jornada-de-la-3a-feria-del-libro-y-la-lectura-penaflor-2026\/#respond"]}]},{"@type":"WebPage","@id":"https:\/\/diarioellabrador.cl\/index.php\/2026\/04\/25\/exitosa-apertura-marco-la-primera-jornada-de-la-3a-feria-del-libro-y-la-lectura-penaflor-2026\/","url":"https:\/\/diarioellabrador.cl\/index.php\/2026\/04\/25\/exitosa-apertura-marco-la-primera-jornada-de-la-3a-feria-del-libro-y-la-lectura-penaflor-2026\/","name":"Exitosa apertura marc\u00f3 la primera jornada de la 3\u00aa Feria del Libro y la Lectura Pe\u00f1aflor 2026 - Diario El Labrador","isPartOf":{"@id":"https:\/\/diarioellabrador.cl\/#website"},"primaryImageOfPage":{"@id":"https:\/\/diarioellabrador.cl\/index.php\/2026\/04\/25\/exitosa-apertura-marco-la-primera-jornada-de-la-3a-feria-del-libro-y-la-lectura-penaflor-2026\/#primaryimage"},"image":{"@id":"https:\/\/diarioellabrador.cl\/index.php\/2026\/04\/25\/exitosa-apertura-marco-la-primera-jornada-de-la-3a-feria-del-libro-y-la-lectura-penaflor-2026\/#primaryimage"},"thumbnailUrl":"https:\/\/diarioellabrador.cl\/wp-content\/uploads\/2026\/04\/Exitosa-apertura-marco-la-primera-jornada-de-la-3a-Feria-del-Libro-y-la-Lectura-Penaflor-2026-3.jpeg","datePublished":"2026-04-25T22:44:00+00:00","breadcrumb":{"@id":"https:\/\/diarioellabrador.cl\/index.php\/2026\/04\/25\/exitosa-apertura-marco-la-primera-jornada-de-la-3a-feria-del-libro-y-la-lectura-penaflor-2026\/#breadcrumb"},"inLanguage":"es","potentialAction":[{"@type":"ReadAction","target":["https:\/\/diarioellabrador.cl\/index.php\/2026\/04\/25\/exitosa-apertura-marco-la-primera-jornada-de-la-3a-feria-del-libro-y-la-lectura-penaflor-2026\/"]}]},{"@type":"ImageObject","inLanguage":"es","@id":"https:\/\/diarioellabrador.cl\/index.php\/2026\/04\/25\/exitosa-apertura-marco-la-primera-jornada-de-la-3a-feria-del-libro-y-la-lectura-penaflor-2026\/#primaryimage","url":"https:\/\/diarioellabrador.cl\/wp-content\/uploads\/2026\/04\/Exitosa-apertura-marco-la-primera-jornada-de-la-3a-Feria-del-Libro-y-la-Lectura-Penaflor-2026-3.jpeg","contentUrl":"https:\/\/diarioellabrador.cl\/wp-content\/uploads\/2026\/04\/Exitosa-apertura-marco-la-primera-jornada-de-la-3a-Feria-del-Libro-y-la-Lectura-Penaflor-2026-3.jpeg","width":1800,"height":1056},{"@type":"BreadcrumbList","@id":"https:\/\/diarioellabrador.cl\/index.php\/2026\/04\/25\/exitosa-apertura-marco-la-primera-jornada-de-la-3a-feria-del-libro-y-la-lectura-penaflor-2026\/#breadcrumb","itemListElement":[{"@type":"ListItem","position":1,"name":"Portada","item":"https:\/\/diarioellabrador.cl\/"},{"@type":"ListItem","position":2,"name":"Exitosa apertura marc\u00f3 la primera jornada de la 3\u00aa Feria del Libro y la Lectura Pe\u00f1aflor 2026"}]},{"@type":"WebSite","@id":"https:\/\/diarioellabrador.cl\/#website","url":"https:\/\/diarioellabrador.cl\/","name":"Diario El Labrador","description":"Haciendo noticia desde 1921","publisher":{"@id":"https:\/\/diarioellabrador.cl\/#organization"},"potentialAction":[{"@type":"SearchAction","target":{"@type":"EntryPoint","urlTemplate":"https:\/\/diarioellabrador.cl\/?s={search_term_string}"},"query-input":{"@type":"PropertyValueSpecification","valueRequired":true,"valueName":"search_term_string"}}],"inLanguage":"es"},{"@type":"Organization","@id":"https:\/\/diarioellabrador.cl\/#organization","name":"Diario El Labrador","url":"https:\/\/diarioellabrador.cl\/","logo":{"@type":"ImageObject","inLanguage":"es","@id":"https:\/\/diarioellabrador.cl\/#\/schema\/logo\/image\/","url":"https:\/\/diarioellabrador.cl\/wp-content\/uploads\/2025\/02\/cropped-Logo-Icono.png","contentUrl":"https:\/\/diarioellabrador.cl\/wp-content\/uploads\/2025\/02\/cropped-Logo-Icono.png","width":512,"height":512,"caption":"Diario El Labrador"},"image":{"@id":"https:\/\/diarioellabrador.cl\/#\/schema\/logo\/image\/"},"sameAs":["https:\/\/web.facebook.com\/profile.php?id=61576120840621","https:\/\/x.com\/ElLabradorOf","https:\/\/www.instagram.com\/diarioellabradoroficial\/"]},{"@type":"Person","@id":"https:\/\/diarioellabrador.cl\/#\/schema\/person\/bc25ff80b4563f9c7f4bd7855df01685","name":"Editor","image":{"@type":"ImageObject","inLanguage":"es","@id":"https:\/\/secure.gravatar.com\/avatar\/109c326cf2be5c04f048c2c2a2b8b6ef44bf3d8d1d3d4c55d0ac40c4bc994684?s=96&d=mm&r=g","url":"https:\/\/secure.gravatar.com\/avatar\/109c326cf2be5c04f048c2c2a2b8b6ef44bf3d8d1d3d4c55d0ac40c4bc994684?s=96&d=mm&r=g","contentUrl":"https:\/\/secure.gravatar.com\/avatar\/109c326cf2be5c04f048c2c2a2b8b6ef44bf3d8d1d3d4c55d0ac40c4bc994684?s=96&d=mm&r=g","caption":"Editor"},"url":"https:\/\/diarioellabrador.cl\/index.php\/author\/editor\/"}]}},"_links":{"self":[{"href":"https:\/\/diarioellabrador.cl\/index.php\/wp-json\/wp\/v2\/posts\/18551","targetHints":{"allow":["GET"]}}],"collection":[{"href":"https:\/\/diarioellabrador.cl\/index.php\/wp-json\/wp\/v2\/posts"}],"about":[{"href":"https:\/\/diarioellabrador.cl\/index.php\/wp-json\/wp\/v2\/types\/post"}],"author":[{"embeddable":true,"href":"https:\/\/diarioellabrador.cl\/index.php\/wp-json\/wp\/v2\/users\/2"}],"replies":[{"embeddable":true,"href":"https:\/\/diarioellabrador.cl\/index.php\/wp-json\/wp\/v2\/comments?post=18551"}],"version-history":[{"count":1,"href":"https:\/\/diarioellabrador.cl\/index.php\/wp-json\/wp\/v2\/posts\/18551\/revisions"}],"predecessor-version":[{"id":18552,"href":"https:\/\/diarioellabrador.cl\/index.php\/wp-json\/wp\/v2\/posts\/18551\/revisions\/18552"}],"wp:featuredmedia":[{"embeddable":true,"href":"https:\/\/diarioellabrador.cl\/index.php\/wp-json\/wp\/v2\/media\/18504"}],"wp:attachment":[{"href":"https:\/\/diarioellabrador.cl\/index.php\/wp-json\/wp\/v2\/media?parent=18551"}],"wp:term":[{"taxonomy":"category","embeddable":true,"href":"https:\/\/diarioellabrador.cl\/index.php\/wp-json\/wp\/v2\/categories?post=18551"},{"taxonomy":"post_tag","embeddable":true,"href":"https:\/\/diarioellabrador.cl\/index.php\/wp-json\/wp\/v2\/tags?post=18551"}],"curies":[{"name":"wp","href":"https:\/\/api.w.org\/{rel}","templated":true}]}}