{"id":18547,"date":"2026-04-25T18:42:00","date_gmt":"2026-04-25T22:42:00","guid":{"rendered":"https:\/\/diarioellabrador.cl\/?p=18547"},"modified":"2026-04-25T15:43:10","modified_gmt":"2026-04-25T19:43:10","slug":"carabineros-encabeza-campana-entrega-voluntaria-de-armas-de-fuego","status":"publish","type":"post","link":"https:\/\/diarioellabrador.cl\/index.php\/2026\/04\/25\/carabineros-encabeza-campana-entrega-voluntaria-de-armas-de-fuego\/","title":{"rendered":"Carabineros encabeza Campa\u00f1a \u201cEntrega Voluntaria de Armas de Fuego\u201d"},"content":{"rendered":"\n<p>Por Johnny Ahumada Sep\u00falveda<\/p>\n\n\n\n<p>A trav\u00e9s de la instituci\u00f3n policial, destacaron que la entrega de armas se puede hacer totalmente an\u00f3nima, no habr\u00e1 sanciones ni citaciones judiciales para las personas que opten por dejarlas voluntariamente.<\/p>\n\n\n\n<p>La actividad se realiz\u00f3 en Plaza de Armas de Santiago, Carabineros oficializ\u00f3 el relanzamiento de la campa\u00f1a \u201cEntrega Voluntaria de Armas de Fuego\u201d.<\/p>\n\n\n\n<p>Esta campa\u00f1a, que cont\u00f3 con la presencia de autoridades civiles e institucionales, busca reforzar las medidas de prevenci\u00f3n y seguridad publica en el marco del 99\u00b0 aniversario de Carabineros.<\/p>\n\n\n\n<p>La iniciativa fue impulsada por Zona de Seguridad privada y Control de Armas y Explosivos, y tiene como objetivo disminuir los riesgos de la poblaci\u00f3n mediante un recuperamiento de armamento totalmente voluntario, armas que se puedan encontrar en el hogar o que est\u00e9n en situaci\u00f3n regular.<\/p>\n\n\n\n<p>El General Stephan Gondomar, jefe de Zona de Seguridad Privada, Control de Armas y Explosivos, coment\u00f3 que la entrega de armas es totalmente an\u00f3nima, sin sanciones ni citaciones a, tribunal para quienes opten por dejar sus armas.<\/p>\n\n\n\n<p>Seg\u00fan informaciones por parte de Carabineros, las armas entregadas pueden ser inscritas o no inscritas, heredadas, artesanales, tambi\u00e9n municiones de todos los calibres, accesorios complementarios para armas y material pirot\u00e9cnico.<\/p>\n\n\n\n<p>La instituci\u00f3n hace un llamado recomendando especialmente un contacto telef\u00f3nico para evitar el traslado de estos elementos en la v\u00eda p\u00fablica.<\/p>\n\n\n\n<p>Desde el a\u00f1o 2020, se han entregado 29.854 armas, alcanzando una recepci\u00f3n de 8.142 unidades durante el a\u00f1o pasado. Cada arma entregada es registrada mediante un acta institucional para asegurar su trazabilidad, antes de ser enviada a su destrucci\u00f3n.<\/p>\n\n\n\n<p>Adem\u00e1s de la entrega, el relanzamiento de esta campa\u00f1a busca disminuir las armas que se encuentran en las calles de Chile, promoviendo un paso a la seguridad.<\/p>\n\n\n\n<p>Para m\u00e1s informaci\u00f3n o para coordinar un retiro de un arma, las personas pueden comunicarse al n\u00famero gratuito 800 377 707 o dirigirse a la unidad policial m\u00e1s cercana para tener m\u00e1s informaci\u00f3n del proceso que busca m\u00e1s seguridad para todas las personas.<\/p>\n","protected":false},"excerpt":{"rendered":"<p>Por Johnny Ahumada Sep\u00falveda A trav\u00e9s de la instituci\u00f3n policial, destacaron que la entrega de armas se puede hacer totalmente an\u00f3nima, no habr\u00e1 sanciones ni citaciones judiciales para las personas que opten por dejarlas voluntariamente. La actividad se realiz\u00f3 en Plaza de Armas de Santiago, Carabineros oficializ\u00f3 el relanzamiento de la campa\u00f1a \u201cEntrega Voluntaria de<\/p>\n<div class=\"read-more-wrapper\"><a class=\"read-more\" href=\"https:\/\/diarioellabrador.cl\/index.php\/2026\/04\/25\/carabineros-encabeza-campana-entrega-voluntaria-de-armas-de-fuego\/\" title=\"Leer m\u00e1s\"> <span class=\"button \">Leer m\u00e1s<\/span><\/a><\/div>\n","protected":false},"author":2,"featured_media":18499,"comment_status":"open","ping_status":"open","sticky":false,"template":"","format":"standard","meta":{"footnotes":""},"categories":[1],"tags":[],"class_list":["post-18547","post","type-post","status-publish","format-standard","has-post-thumbnail","hentry","category-cronica"],"yoast_head":"<!-- This site is optimized with the Yoast SEO plugin v27.4 - https:\/\/yoast.com\/product\/yoast-seo-wordpress\/ -->\n<title>Carabineros encabeza Campa\u00f1a \u201cEntrega Voluntaria de Armas de Fuego\u201d - Diario El Labrador<\/title>\n<meta name=\"robots\" content=\"index, follow, max-snippet:-1, max-image-preview:large, max-video-preview:-1\" \/>\n<link rel=\"canonical\" href=\"https:\/\/diarioellabrador.cl\/index.php\/2026\/04\/25\/carabineros-encabeza-campana-entrega-voluntaria-de-armas-de-fuego\/\" \/>\n<meta property=\"og:locale\" content=\"es_ES\" \/>\n<meta property=\"og:type\" content=\"article\" \/>\n<meta property=\"og:title\" content=\"Carabineros encabeza Campa\u00f1a \u201cEntrega Voluntaria de Armas de Fuego\u201d - Diario El Labrador\" \/>\n<meta property=\"og:description\" content=\"Por Johnny Ahumada Sep\u00falveda A trav\u00e9s de la instituci\u00f3n policial, destacaron que la entrega de armas se puede hacer totalmente an\u00f3nima, no habr\u00e1 sanciones ni citaciones judiciales para las personas que opten por dejarlas voluntariamente. La actividad se realiz\u00f3 en Plaza de Armas de Santiago, Carabineros oficializ\u00f3 el relanzamiento de la campa\u00f1a \u201cEntrega Voluntaria de Leer m\u00e1s\" \/>\n<meta property=\"og:url\" content=\"https:\/\/diarioellabrador.cl\/index.php\/2026\/04\/25\/carabineros-encabeza-campana-entrega-voluntaria-de-armas-de-fuego\/\" \/>\n<meta property=\"og:site_name\" content=\"Diario El Labrador\" \/>\n<meta property=\"article:publisher\" content=\"https:\/\/web.facebook.com\/profile.php?id=61576120840621\" \/>\n<meta property=\"article:published_time\" content=\"2026-04-25T22:42:00+00:00\" \/>\n<meta property=\"og:image\" content=\"https:\/\/diarioellabrador.cl\/wp-content\/uploads\/2026\/04\/Carabineros-encabeza-Campana-Entrega-Voluntaria-de-Armas-de-Fuego.jpeg\" \/>\n\t<meta property=\"og:image:width\" content=\"1024\" \/>\n\t<meta property=\"og:image:height\" content=\"768\" \/>\n\t<meta property=\"og:image:type\" content=\"image\/jpeg\" \/>\n<meta name=\"author\" content=\"Editor\" \/>\n<meta name=\"twitter:card\" content=\"summary_large_image\" \/>\n<meta name=\"twitter:creator\" content=\"@ElLabradorOf\" \/>\n<meta name=\"twitter:site\" content=\"@ElLabradorOf\" \/>\n<meta name=\"twitter:label1\" content=\"Escrito por\" \/>\n\t<meta name=\"twitter:data1\" content=\"Editor\" \/>\n\t<meta name=\"twitter:label2\" content=\"Tiempo de lectura\" \/>\n\t<meta name=\"twitter:data2\" content=\"2 minutos\" \/>\n<script type=\"application\/ld+json\" class=\"yoast-schema-graph\">{\"@context\":\"https:\\\/\\\/schema.org\",\"@graph\":[{\"@type\":\"Article\",\"@id\":\"https:\\\/\\\/diarioellabrador.cl\\\/index.php\\\/2026\\\/04\\\/25\\\/carabineros-encabeza-campana-entrega-voluntaria-de-armas-de-fuego\\\/#article\",\"isPartOf\":{\"@id\":\"https:\\\/\\\/diarioellabrador.cl\\\/index.php\\\/2026\\\/04\\\/25\\\/carabineros-encabeza-campana-entrega-voluntaria-de-armas-de-fuego\\\/\"},\"author\":{\"name\":\"Editor\",\"@id\":\"https:\\\/\\\/diarioellabrador.cl\\\/#\\\/schema\\\/person\\\/bc25ff80b4563f9c7f4bd7855df01685\"},\"headline\":\"Carabineros encabeza Campa\u00f1a \u201cEntrega Voluntaria de Armas de Fuego\u201d\",\"datePublished\":\"2026-04-25T22:42:00+00:00\",\"mainEntityOfPage\":{\"@id\":\"https:\\\/\\\/diarioellabrador.cl\\\/index.php\\\/2026\\\/04\\\/25\\\/carabineros-encabeza-campana-entrega-voluntaria-de-armas-de-fuego\\\/\"},\"wordCount\":364,\"commentCount\":0,\"publisher\":{\"@id\":\"https:\\\/\\\/diarioellabrador.cl\\\/#organization\"},\"image\":{\"@id\":\"https:\\\/\\\/diarioellabrador.cl\\\/index.php\\\/2026\\\/04\\\/25\\\/carabineros-encabeza-campana-entrega-voluntaria-de-armas-de-fuego\\\/#primaryimage\"},\"thumbnailUrl\":\"https:\\\/\\\/diarioellabrador.cl\\\/wp-content\\\/uploads\\\/2026\\\/04\\\/Carabineros-encabeza-Campana-Entrega-Voluntaria-de-Armas-de-Fuego.jpeg\",\"articleSection\":[\"Cr\u00f3nica\"],\"inLanguage\":\"es\",\"potentialAction\":[{\"@type\":\"CommentAction\",\"name\":\"Comment\",\"target\":[\"https:\\\/\\\/diarioellabrador.cl\\\/index.php\\\/2026\\\/04\\\/25\\\/carabineros-encabeza-campana-entrega-voluntaria-de-armas-de-fuego\\\/#respond\"]}]},{\"@type\":\"WebPage\",\"@id\":\"https:\\\/\\\/diarioellabrador.cl\\\/index.php\\\/2026\\\/04\\\/25\\\/carabineros-encabeza-campana-entrega-voluntaria-de-armas-de-fuego\\\/\",\"url\":\"https:\\\/\\\/diarioellabrador.cl\\\/index.php\\\/2026\\\/04\\\/25\\\/carabineros-encabeza-campana-entrega-voluntaria-de-armas-de-fuego\\\/\",\"name\":\"Carabineros encabeza Campa\u00f1a \u201cEntrega Voluntaria de Armas de Fuego\u201d - Diario El Labrador\",\"isPartOf\":{\"@id\":\"https:\\\/\\\/diarioellabrador.cl\\\/#website\"},\"primaryImageOfPage\":{\"@id\":\"https:\\\/\\\/diarioellabrador.cl\\\/index.php\\\/2026\\\/04\\\/25\\\/carabineros-encabeza-campana-entrega-voluntaria-de-armas-de-fuego\\\/#primaryimage\"},\"image\":{\"@id\":\"https:\\\/\\\/diarioellabrador.cl\\\/index.php\\\/2026\\\/04\\\/25\\\/carabineros-encabeza-campana-entrega-voluntaria-de-armas-de-fuego\\\/#primaryimage\"},\"thumbnailUrl\":\"https:\\\/\\\/diarioellabrador.cl\\\/wp-content\\\/uploads\\\/2026\\\/04\\\/Carabineros-encabeza-Campana-Entrega-Voluntaria-de-Armas-de-Fuego.jpeg\",\"datePublished\":\"2026-04-25T22:42:00+00:00\",\"breadcrumb\":{\"@id\":\"https:\\\/\\\/diarioellabrador.cl\\\/index.php\\\/2026\\\/04\\\/25\\\/carabineros-encabeza-campana-entrega-voluntaria-de-armas-de-fuego\\\/#breadcrumb\"},\"inLanguage\":\"es\",\"potentialAction\":[{\"@type\":\"ReadAction\",\"target\":[\"https:\\\/\\\/diarioellabrador.cl\\\/index.php\\\/2026\\\/04\\\/25\\\/carabineros-encabeza-campana-entrega-voluntaria-de-armas-de-fuego\\\/\"]}]},{\"@type\":\"ImageObject\",\"inLanguage\":\"es\",\"@id\":\"https:\\\/\\\/diarioellabrador.cl\\\/index.php\\\/2026\\\/04\\\/25\\\/carabineros-encabeza-campana-entrega-voluntaria-de-armas-de-fuego\\\/#primaryimage\",\"url\":\"https:\\\/\\\/diarioellabrador.cl\\\/wp-content\\\/uploads\\\/2026\\\/04\\\/Carabineros-encabeza-Campana-Entrega-Voluntaria-de-Armas-de-Fuego.jpeg\",\"contentUrl\":\"https:\\\/\\\/diarioellabrador.cl\\\/wp-content\\\/uploads\\\/2026\\\/04\\\/Carabineros-encabeza-Campana-Entrega-Voluntaria-de-Armas-de-Fuego.jpeg\",\"width\":1024,\"height\":768},{\"@type\":\"BreadcrumbList\",\"@id\":\"https:\\\/\\\/diarioellabrador.cl\\\/index.php\\\/2026\\\/04\\\/25\\\/carabineros-encabeza-campana-entrega-voluntaria-de-armas-de-fuego\\\/#breadcrumb\",\"itemListElement\":[{\"@type\":\"ListItem\",\"position\":1,\"name\":\"Portada\",\"item\":\"https:\\\/\\\/diarioellabrador.cl\\\/\"},{\"@type\":\"ListItem\",\"position\":2,\"name\":\"Carabineros encabeza Campa\u00f1a \u201cEntrega Voluntaria de Armas de Fuego\u201d\"}]},{\"@type\":\"WebSite\",\"@id\":\"https:\\\/\\\/diarioellabrador.cl\\\/#website\",\"url\":\"https:\\\/\\\/diarioellabrador.cl\\\/\",\"name\":\"Diario El Labrador\",\"description\":\"Haciendo noticia desde 1921\",\"publisher\":{\"@id\":\"https:\\\/\\\/diarioellabrador.cl\\\/#organization\"},\"potentialAction\":[{\"@type\":\"SearchAction\",\"target\":{\"@type\":\"EntryPoint\",\"urlTemplate\":\"https:\\\/\\\/diarioellabrador.cl\\\/?s={search_term_string}\"},\"query-input\":{\"@type\":\"PropertyValueSpecification\",\"valueRequired\":true,\"valueName\":\"search_term_string\"}}],\"inLanguage\":\"es\"},{\"@type\":\"Organization\",\"@id\":\"https:\\\/\\\/diarioellabrador.cl\\\/#organization\",\"name\":\"Diario El Labrador\",\"url\":\"https:\\\/\\\/diarioellabrador.cl\\\/\",\"logo\":{\"@type\":\"ImageObject\",\"inLanguage\":\"es\",\"@id\":\"https:\\\/\\\/diarioellabrador.cl\\\/#\\\/schema\\\/logo\\\/image\\\/\",\"url\":\"https:\\\/\\\/diarioellabrador.cl\\\/wp-content\\\/uploads\\\/2025\\\/02\\\/cropped-Logo-Icono.png\",\"contentUrl\":\"https:\\\/\\\/diarioellabrador.cl\\\/wp-content\\\/uploads\\\/2025\\\/02\\\/cropped-Logo-Icono.png\",\"width\":512,\"height\":512,\"caption\":\"Diario El Labrador\"},\"image\":{\"@id\":\"https:\\\/\\\/diarioellabrador.cl\\\/#\\\/schema\\\/logo\\\/image\\\/\"},\"sameAs\":[\"https:\\\/\\\/web.facebook.com\\\/profile.php?id=61576120840621\",\"https:\\\/\\\/x.com\\\/ElLabradorOf\",\"https:\\\/\\\/www.instagram.com\\\/diarioellabradoroficial\\\/\"]},{\"@type\":\"Person\",\"@id\":\"https:\\\/\\\/diarioellabrador.cl\\\/#\\\/schema\\\/person\\\/bc25ff80b4563f9c7f4bd7855df01685\",\"name\":\"Editor\",\"image\":{\"@type\":\"ImageObject\",\"inLanguage\":\"es\",\"@id\":\"https:\\\/\\\/secure.gravatar.com\\\/avatar\\\/109c326cf2be5c04f048c2c2a2b8b6ef44bf3d8d1d3d4c55d0ac40c4bc994684?s=96&d=mm&r=g\",\"url\":\"https:\\\/\\\/secure.gravatar.com\\\/avatar\\\/109c326cf2be5c04f048c2c2a2b8b6ef44bf3d8d1d3d4c55d0ac40c4bc994684?s=96&d=mm&r=g\",\"contentUrl\":\"https:\\\/\\\/secure.gravatar.com\\\/avatar\\\/109c326cf2be5c04f048c2c2a2b8b6ef44bf3d8d1d3d4c55d0ac40c4bc994684?s=96&d=mm&r=g\",\"caption\":\"Editor\"},\"url\":\"https:\\\/\\\/diarioellabrador.cl\\\/index.php\\\/author\\\/editor\\\/\"}]}<\/script>\n<!-- \/ Yoast SEO plugin. -->","yoast_head_json":{"title":"Carabineros encabeza Campa\u00f1a \u201cEntrega Voluntaria de Armas de Fuego\u201d - Diario El Labrador","robots":{"index":"index","follow":"follow","max-snippet":"max-snippet:-1","max-image-preview":"max-image-preview:large","max-video-preview":"max-video-preview:-1"},"canonical":"https:\/\/diarioellabrador.cl\/index.php\/2026\/04\/25\/carabineros-encabeza-campana-entrega-voluntaria-de-armas-de-fuego\/","og_locale":"es_ES","og_type":"article","og_title":"Carabineros encabeza Campa\u00f1a \u201cEntrega Voluntaria de Armas de Fuego\u201d - Diario El Labrador","og_description":"Por Johnny Ahumada Sep\u00falveda A trav\u00e9s de la instituci\u00f3n policial, destacaron que la entrega de armas se puede hacer totalmente an\u00f3nima, no habr\u00e1 sanciones ni citaciones judiciales para las personas que opten por dejarlas voluntariamente. La actividad se realiz\u00f3 en Plaza de Armas de Santiago, Carabineros oficializ\u00f3 el relanzamiento de la campa\u00f1a \u201cEntrega Voluntaria de Leer m\u00e1s","og_url":"https:\/\/diarioellabrador.cl\/index.php\/2026\/04\/25\/carabineros-encabeza-campana-entrega-voluntaria-de-armas-de-fuego\/","og_site_name":"Diario El Labrador","article_publisher":"https:\/\/web.facebook.com\/profile.php?id=61576120840621","article_published_time":"2026-04-25T22:42:00+00:00","og_image":[{"width":1024,"height":768,"url":"https:\/\/diarioellabrador.cl\/wp-content\/uploads\/2026\/04\/Carabineros-encabeza-Campana-Entrega-Voluntaria-de-Armas-de-Fuego.jpeg","type":"image\/jpeg"}],"author":"Editor","twitter_card":"summary_large_image","twitter_creator":"@ElLabradorOf","twitter_site":"@ElLabradorOf","twitter_misc":{"Escrito por":"Editor","Tiempo de lectura":"2 minutos"},"schema":{"@context":"https:\/\/schema.org","@graph":[{"@type":"Article","@id":"https:\/\/diarioellabrador.cl\/index.php\/2026\/04\/25\/carabineros-encabeza-campana-entrega-voluntaria-de-armas-de-fuego\/#article","isPartOf":{"@id":"https:\/\/diarioellabrador.cl\/index.php\/2026\/04\/25\/carabineros-encabeza-campana-entrega-voluntaria-de-armas-de-fuego\/"},"author":{"name":"Editor","@id":"https:\/\/diarioellabrador.cl\/#\/schema\/person\/bc25ff80b4563f9c7f4bd7855df01685"},"headline":"Carabineros encabeza Campa\u00f1a \u201cEntrega Voluntaria de Armas de Fuego\u201d","datePublished":"2026-04-25T22:42:00+00:00","mainEntityOfPage":{"@id":"https:\/\/diarioellabrador.cl\/index.php\/2026\/04\/25\/carabineros-encabeza-campana-entrega-voluntaria-de-armas-de-fuego\/"},"wordCount":364,"commentCount":0,"publisher":{"@id":"https:\/\/diarioellabrador.cl\/#organization"},"image":{"@id":"https:\/\/diarioellabrador.cl\/index.php\/2026\/04\/25\/carabineros-encabeza-campana-entrega-voluntaria-de-armas-de-fuego\/#primaryimage"},"thumbnailUrl":"https:\/\/diarioellabrador.cl\/wp-content\/uploads\/2026\/04\/Carabineros-encabeza-Campana-Entrega-Voluntaria-de-Armas-de-Fuego.jpeg","articleSection":["Cr\u00f3nica"],"inLanguage":"es","potentialAction":[{"@type":"CommentAction","name":"Comment","target":["https:\/\/diarioellabrador.cl\/index.php\/2026\/04\/25\/carabineros-encabeza-campana-entrega-voluntaria-de-armas-de-fuego\/#respond"]}]},{"@type":"WebPage","@id":"https:\/\/diarioellabrador.cl\/index.php\/2026\/04\/25\/carabineros-encabeza-campana-entrega-voluntaria-de-armas-de-fuego\/","url":"https:\/\/diarioellabrador.cl\/index.php\/2026\/04\/25\/carabineros-encabeza-campana-entrega-voluntaria-de-armas-de-fuego\/","name":"Carabineros encabeza Campa\u00f1a \u201cEntrega Voluntaria de Armas de Fuego\u201d - Diario El Labrador","isPartOf":{"@id":"https:\/\/diarioellabrador.cl\/#website"},"primaryImageOfPage":{"@id":"https:\/\/diarioellabrador.cl\/index.php\/2026\/04\/25\/carabineros-encabeza-campana-entrega-voluntaria-de-armas-de-fuego\/#primaryimage"},"image":{"@id":"https:\/\/diarioellabrador.cl\/index.php\/2026\/04\/25\/carabineros-encabeza-campana-entrega-voluntaria-de-armas-de-fuego\/#primaryimage"},"thumbnailUrl":"https:\/\/diarioellabrador.cl\/wp-content\/uploads\/2026\/04\/Carabineros-encabeza-Campana-Entrega-Voluntaria-de-Armas-de-Fuego.jpeg","datePublished":"2026-04-25T22:42:00+00:00","breadcrumb":{"@id":"https:\/\/diarioellabrador.cl\/index.php\/2026\/04\/25\/carabineros-encabeza-campana-entrega-voluntaria-de-armas-de-fuego\/#breadcrumb"},"inLanguage":"es","potentialAction":[{"@type":"ReadAction","target":["https:\/\/diarioellabrador.cl\/index.php\/2026\/04\/25\/carabineros-encabeza-campana-entrega-voluntaria-de-armas-de-fuego\/"]}]},{"@type":"ImageObject","inLanguage":"es","@id":"https:\/\/diarioellabrador.cl\/index.php\/2026\/04\/25\/carabineros-encabeza-campana-entrega-voluntaria-de-armas-de-fuego\/#primaryimage","url":"https:\/\/diarioellabrador.cl\/wp-content\/uploads\/2026\/04\/Carabineros-encabeza-Campana-Entrega-Voluntaria-de-Armas-de-Fuego.jpeg","contentUrl":"https:\/\/diarioellabrador.cl\/wp-content\/uploads\/2026\/04\/Carabineros-encabeza-Campana-Entrega-Voluntaria-de-Armas-de-Fuego.jpeg","width":1024,"height":768},{"@type":"BreadcrumbList","@id":"https:\/\/diarioellabrador.cl\/index.php\/2026\/04\/25\/carabineros-encabeza-campana-entrega-voluntaria-de-armas-de-fuego\/#breadcrumb","itemListElement":[{"@type":"ListItem","position":1,"name":"Portada","item":"https:\/\/diarioellabrador.cl\/"},{"@type":"ListItem","position":2,"name":"Carabineros encabeza Campa\u00f1a \u201cEntrega Voluntaria de Armas de Fuego\u201d"}]},{"@type":"WebSite","@id":"https:\/\/diarioellabrador.cl\/#website","url":"https:\/\/diarioellabrador.cl\/","name":"Diario El Labrador","description":"Haciendo noticia desde 1921","publisher":{"@id":"https:\/\/diarioellabrador.cl\/#organization"},"potentialAction":[{"@type":"SearchAction","target":{"@type":"EntryPoint","urlTemplate":"https:\/\/diarioellabrador.cl\/?s={search_term_string}"},"query-input":{"@type":"PropertyValueSpecification","valueRequired":true,"valueName":"search_term_string"}}],"inLanguage":"es"},{"@type":"Organization","@id":"https:\/\/diarioellabrador.cl\/#organization","name":"Diario El Labrador","url":"https:\/\/diarioellabrador.cl\/","logo":{"@type":"ImageObject","inLanguage":"es","@id":"https:\/\/diarioellabrador.cl\/#\/schema\/logo\/image\/","url":"https:\/\/diarioellabrador.cl\/wp-content\/uploads\/2025\/02\/cropped-Logo-Icono.png","contentUrl":"https:\/\/diarioellabrador.cl\/wp-content\/uploads\/2025\/02\/cropped-Logo-Icono.png","width":512,"height":512,"caption":"Diario El Labrador"},"image":{"@id":"https:\/\/diarioellabrador.cl\/#\/schema\/logo\/image\/"},"sameAs":["https:\/\/web.facebook.com\/profile.php?id=61576120840621","https:\/\/x.com\/ElLabradorOf","https:\/\/www.instagram.com\/diarioellabradoroficial\/"]},{"@type":"Person","@id":"https:\/\/diarioellabrador.cl\/#\/schema\/person\/bc25ff80b4563f9c7f4bd7855df01685","name":"Editor","image":{"@type":"ImageObject","inLanguage":"es","@id":"https:\/\/secure.gravatar.com\/avatar\/109c326cf2be5c04f048c2c2a2b8b6ef44bf3d8d1d3d4c55d0ac40c4bc994684?s=96&d=mm&r=g","url":"https:\/\/secure.gravatar.com\/avatar\/109c326cf2be5c04f048c2c2a2b8b6ef44bf3d8d1d3d4c55d0ac40c4bc994684?s=96&d=mm&r=g","contentUrl":"https:\/\/secure.gravatar.com\/avatar\/109c326cf2be5c04f048c2c2a2b8b6ef44bf3d8d1d3d4c55d0ac40c4bc994684?s=96&d=mm&r=g","caption":"Editor"},"url":"https:\/\/diarioellabrador.cl\/index.php\/author\/editor\/"}]}},"_links":{"self":[{"href":"https:\/\/diarioellabrador.cl\/index.php\/wp-json\/wp\/v2\/posts\/18547","targetHints":{"allow":["GET"]}}],"collection":[{"href":"https:\/\/diarioellabrador.cl\/index.php\/wp-json\/wp\/v2\/posts"}],"about":[{"href":"https:\/\/diarioellabrador.cl\/index.php\/wp-json\/wp\/v2\/types\/post"}],"author":[{"embeddable":true,"href":"https:\/\/diarioellabrador.cl\/index.php\/wp-json\/wp\/v2\/users\/2"}],"replies":[{"embeddable":true,"href":"https:\/\/diarioellabrador.cl\/index.php\/wp-json\/wp\/v2\/comments?post=18547"}],"version-history":[{"count":1,"href":"https:\/\/diarioellabrador.cl\/index.php\/wp-json\/wp\/v2\/posts\/18547\/revisions"}],"predecessor-version":[{"id":18548,"href":"https:\/\/diarioellabrador.cl\/index.php\/wp-json\/wp\/v2\/posts\/18547\/revisions\/18548"}],"wp:featuredmedia":[{"embeddable":true,"href":"https:\/\/diarioellabrador.cl\/index.php\/wp-json\/wp\/v2\/media\/18499"}],"wp:attachment":[{"href":"https:\/\/diarioellabrador.cl\/index.php\/wp-json\/wp\/v2\/media?parent=18547"}],"wp:term":[{"taxonomy":"category","embeddable":true,"href":"https:\/\/diarioellabrador.cl\/index.php\/wp-json\/wp\/v2\/categories?post=18547"},{"taxonomy":"post_tag","embeddable":true,"href":"https:\/\/diarioellabrador.cl\/index.php\/wp-json\/wp\/v2\/tags?post=18547"}],"curies":[{"name":"wp","href":"https:\/\/api.w.org\/{rel}","templated":true}]}}