{"id":18545,"date":"2026-04-25T18:42:00","date_gmt":"2026-04-25T22:42:00","guid":{"rendered":"https:\/\/diarioellabrador.cl\/?p=18545"},"modified":"2026-04-25T15:42:25","modified_gmt":"2026-04-25T19:42:25","slug":"mas-de-3-700-personas-de-ferias-libres-han-participado-en-capacitaciones-de-la-defensoria-del-contribuyente","status":"publish","type":"post","link":"https:\/\/diarioellabrador.cl\/index.php\/2026\/04\/25\/mas-de-3-700-personas-de-ferias-libres-han-participado-en-capacitaciones-de-la-defensoria-del-contribuyente\/","title":{"rendered":"M\u00e1s de 3.700 personas de ferias libres han participado en capacitaciones de la defensor\u00eda del contribuyente"},"content":{"rendered":"\n<p><strong><em>Este despliegue territorial ha permitido acercar informaci\u00f3n de manera clara, directa y en un lenguaje accesible, abordando materias clave como derechos tributarios, cumplimiento de obligaciones, beneficios disponibles y, especialmente, los alcances de la ley para ferias libres, que comienza a implementarse en plenitud el 1 de julio del 2026.<\/em><\/strong><\/p>\n\n\n\n<p>La Defensor\u00eda del Contribuyente (Dedecon) contin\u00faa fortaleciendo su trabajo en terreno, con un foco especial en las y los comerciantes de ferias libres, uno de los sectores clave de la econom\u00eda local y del abastecimiento diario de millones de personas en el pa\u00eds. A la fecha, la instituci\u00f3n ha desarrollado 73 charlas y actividades educativas en todo Chile, alcanzando a 3.731 participantes en 53 comunas.<\/p>\n\n\n\n<p>Este despliegue territorial ha permitido acercar informaci\u00f3n de manera clara, directa y en un lenguaje accesible, abordando materias clave como derechos tributarios, cumplimiento de obligaciones, beneficios disponibles y, especialmente, los alcances de la ley para ferias libres,<strong> que comienza a implementarse en plenitud el 1 de julio del 2026.<\/strong><\/p>\n\n\n\n<p>\u201cDe esta manera, la Defensor\u00eda busca reducir brechas de informaci\u00f3n y contribuir a una mayor formalizaci\u00f3n, sin perder de vista la realidad cotidiana de quienes trabajan en este rubro\u201d, explic\u00f3 el Defensor Nacional del Contribuyente, Ricardo Pizarro.<\/p>\n\n\n\n<p>Las actividades se han realizado en diversas regiones del pa\u00eds, abarcando desde el norte al extremo sur. El equipo de la DEDECON ha estado presente en comunas de Arica y Parinacota, Tarapac\u00e1, Coquimbo, Valpara\u00edso, Metropolitana, O\u2019Higgins, Maule, \u00d1uble, Biob\u00edo, La Araucan\u00eda, Los R\u00edos, Los Lagos, Ays\u00e9n y Magallanes. Este alcance da cuenta de un esfuerzo institucional por descentralizar el acceso a la informaci\u00f3n y garantizar que el acompa\u00f1amiento llegue a todos los territorios.<\/p>\n\n\n\n<p>Uno de los elementos m\u00e1s valorados por las y los participantes ha sido el enfoque pr\u00e1ctico de las charlas, que no solo entregan contenidos, sino que tambi\u00e9n resuelven dudas concretas y recogen inquietudes directamente desde los propios comerciantes. Este di\u00e1logo ha permitido a la Defensor\u00eda ajustar sus acciones y fortalecer su rol como puente entre las personas que trabajan en ferias libres y el nuevo r\u00e9gimen tributario para su sector.<\/p>\n\n\n\n<p>Desde la instituci\u00f3n destacan que este trabajo responde a una necesidad levantada por los propios territorios, donde las ferias libres cumplen un rol fundamental no solo en la econom\u00eda, sino tambi\u00e9n en la vida comunitaria, generando empleo, dinamizando los barrios y facilitando el acceso a productos frescos a precios accesibles.<\/p>\n\n\n\n<p>\u201cLa ley para ferias libres es un avance importante para reconocer y fortalecer el trabajo de miles de comerciantes a lo largo del pa\u00eds. En este proceso es clave el trabajo que desarrollan el Servicio de Impuestos Internos y los municipios, en la fiscalizaci\u00f3n y organizaci\u00f3n de las ferias libres. En nuestro caso, como Defensor\u00eda del Contribuyente hemos estado en terreno entregando informaci\u00f3n clara sobre los alcances, derechos y oportunidades de la nueva ley. Seguiremos acompa\u00f1ando a las y los feriantes, para que puedan ejercer sus actividades con mayor seguridad, responsabilidad y, ante todo, bien informados\u201d, se\u00f1al\u00f3 Ricardo Pizarro.<\/p>\n\n\n\n<p>En esa l\u00ednea, la Defensor\u00eda del Contribuyente reafirm\u00f3 su compromiso de continuar impulsando este tipo de iniciativas, ampliando su cobertura y profundizando su presencia en regiones. El objetivo es que cada vez m\u00e1s personas conozcan sus derechos, accedan a orientaci\u00f3n oportuna y cuenten con apoyo frente a eventuales dificultades tributarias.<\/p>\n\n\n\n<p>Asimismo, la instituci\u00f3n hizo un llamado a las organizaciones de ferias libres, municipios y agrupaciones de comerciantes a seguir solicitando estas instancias educativas, destacando que el trabajo colaborativo ha sido clave para llegar a m\u00e1s personas y generar un impacto concreto en los territorios.<\/p>\n\n\n\n<p>Para m\u00e1s informaci\u00f3n o para solicitar charlas y orientaci\u00f3n, las personas pueden ingresar a www.dedecon.cl o acercarse a las oficinas de ChileAtiende.<\/p>\n","protected":false},"excerpt":{"rendered":"<p>Este despliegue territorial ha permitido acercar informaci\u00f3n de manera clara, directa y en un lenguaje accesible, abordando materias clave como derechos tributarios, cumplimiento de obligaciones, beneficios disponibles y, especialmente, los alcances de la ley para ferias libres, que comienza a implementarse en plenitud el 1 de julio del 2026. La Defensor\u00eda del Contribuyente (Dedecon) contin\u00faa<\/p>\n<div class=\"read-more-wrapper\"><a class=\"read-more\" href=\"https:\/\/diarioellabrador.cl\/index.php\/2026\/04\/25\/mas-de-3-700-personas-de-ferias-libres-han-participado-en-capacitaciones-de-la-defensoria-del-contribuyente\/\" title=\"Leer m\u00e1s\"> <span class=\"button \">Leer m\u00e1s<\/span><\/a><\/div>\n","protected":false},"author":2,"featured_media":18502,"comment_status":"open","ping_status":"open","sticky":false,"template":"","format":"standard","meta":{"footnotes":""},"categories":[1],"tags":[],"class_list":["post-18545","post","type-post","status-publish","format-standard","has-post-thumbnail","hentry","category-cronica"],"yoast_head":"<!-- This site is optimized with the Yoast SEO plugin v27.4 - https:\/\/yoast.com\/product\/yoast-seo-wordpress\/ -->\n<title>M\u00e1s de 3.700 personas de ferias libres han participado en capacitaciones de la defensor\u00eda del contribuyente - Diario El Labrador<\/title>\n<meta name=\"robots\" content=\"index, follow, max-snippet:-1, max-image-preview:large, max-video-preview:-1\" \/>\n<link rel=\"canonical\" href=\"https:\/\/diarioellabrador.cl\/index.php\/2026\/04\/25\/mas-de-3-700-personas-de-ferias-libres-han-participado-en-capacitaciones-de-la-defensoria-del-contribuyente\/\" \/>\n<meta property=\"og:locale\" content=\"es_ES\" \/>\n<meta property=\"og:type\" content=\"article\" \/>\n<meta property=\"og:title\" content=\"M\u00e1s de 3.700 personas de ferias libres han participado en capacitaciones de la defensor\u00eda del contribuyente - Diario El Labrador\" \/>\n<meta property=\"og:description\" content=\"Este despliegue territorial ha permitido acercar informaci\u00f3n de manera clara, directa y en un lenguaje accesible, abordando materias clave como derechos tributarios, cumplimiento de obligaciones, beneficios disponibles y, especialmente, los alcances de la ley para ferias libres, que comienza a implementarse en plenitud el 1 de julio del 2026. La Defensor\u00eda del Contribuyente (Dedecon) contin\u00faa Leer m\u00e1s\" \/>\n<meta property=\"og:url\" content=\"https:\/\/diarioellabrador.cl\/index.php\/2026\/04\/25\/mas-de-3-700-personas-de-ferias-libres-han-participado-en-capacitaciones-de-la-defensoria-del-contribuyente\/\" \/>\n<meta property=\"og:site_name\" content=\"Diario El Labrador\" \/>\n<meta property=\"article:publisher\" content=\"https:\/\/web.facebook.com\/profile.php?id=61576120840621\" \/>\n<meta property=\"article:published_time\" content=\"2026-04-25T22:42:00+00:00\" \/>\n<meta property=\"og:image\" content=\"https:\/\/diarioellabrador.cl\/wp-content\/uploads\/2026\/04\/Mas-de-3.700-personas-de-ferias-libres-han-participado-en-capacitaciones-de-la-defensoria-del-contribuyente.jpg\" \/>\n\t<meta property=\"og:image:width\" content=\"1920\" \/>\n\t<meta property=\"og:image:height\" content=\"1440\" \/>\n\t<meta property=\"og:image:type\" content=\"image\/jpeg\" \/>\n<meta name=\"author\" content=\"Editor\" \/>\n<meta name=\"twitter:card\" content=\"summary_large_image\" \/>\n<meta name=\"twitter:creator\" content=\"@ElLabradorOf\" \/>\n<meta name=\"twitter:site\" content=\"@ElLabradorOf\" \/>\n<meta name=\"twitter:label1\" content=\"Escrito por\" \/>\n\t<meta name=\"twitter:data1\" content=\"Editor\" \/>\n\t<meta name=\"twitter:label2\" content=\"Tiempo de lectura\" \/>\n\t<meta name=\"twitter:data2\" content=\"3 minutos\" \/>\n<script type=\"application\/ld+json\" class=\"yoast-schema-graph\">{\"@context\":\"https:\\\/\\\/schema.org\",\"@graph\":[{\"@type\":\"Article\",\"@id\":\"https:\\\/\\\/diarioellabrador.cl\\\/index.php\\\/2026\\\/04\\\/25\\\/mas-de-3-700-personas-de-ferias-libres-han-participado-en-capacitaciones-de-la-defensoria-del-contribuyente\\\/#article\",\"isPartOf\":{\"@id\":\"https:\\\/\\\/diarioellabrador.cl\\\/index.php\\\/2026\\\/04\\\/25\\\/mas-de-3-700-personas-de-ferias-libres-han-participado-en-capacitaciones-de-la-defensoria-del-contribuyente\\\/\"},\"author\":{\"name\":\"Editor\",\"@id\":\"https:\\\/\\\/diarioellabrador.cl\\\/#\\\/schema\\\/person\\\/bc25ff80b4563f9c7f4bd7855df01685\"},\"headline\":\"M\u00e1s de 3.700 personas de ferias libres han participado en capacitaciones de la defensor\u00eda del contribuyente\",\"datePublished\":\"2026-04-25T22:42:00+00:00\",\"mainEntityOfPage\":{\"@id\":\"https:\\\/\\\/diarioellabrador.cl\\\/index.php\\\/2026\\\/04\\\/25\\\/mas-de-3-700-personas-de-ferias-libres-han-participado-en-capacitaciones-de-la-defensoria-del-contribuyente\\\/\"},\"wordCount\":664,\"commentCount\":0,\"publisher\":{\"@id\":\"https:\\\/\\\/diarioellabrador.cl\\\/#organization\"},\"image\":{\"@id\":\"https:\\\/\\\/diarioellabrador.cl\\\/index.php\\\/2026\\\/04\\\/25\\\/mas-de-3-700-personas-de-ferias-libres-han-participado-en-capacitaciones-de-la-defensoria-del-contribuyente\\\/#primaryimage\"},\"thumbnailUrl\":\"https:\\\/\\\/diarioellabrador.cl\\\/wp-content\\\/uploads\\\/2026\\\/04\\\/Mas-de-3.700-personas-de-ferias-libres-han-participado-en-capacitaciones-de-la-defensoria-del-contribuyente.jpg\",\"articleSection\":[\"Cr\u00f3nica\"],\"inLanguage\":\"es\",\"potentialAction\":[{\"@type\":\"CommentAction\",\"name\":\"Comment\",\"target\":[\"https:\\\/\\\/diarioellabrador.cl\\\/index.php\\\/2026\\\/04\\\/25\\\/mas-de-3-700-personas-de-ferias-libres-han-participado-en-capacitaciones-de-la-defensoria-del-contribuyente\\\/#respond\"]}]},{\"@type\":\"WebPage\",\"@id\":\"https:\\\/\\\/diarioellabrador.cl\\\/index.php\\\/2026\\\/04\\\/25\\\/mas-de-3-700-personas-de-ferias-libres-han-participado-en-capacitaciones-de-la-defensoria-del-contribuyente\\\/\",\"url\":\"https:\\\/\\\/diarioellabrador.cl\\\/index.php\\\/2026\\\/04\\\/25\\\/mas-de-3-700-personas-de-ferias-libres-han-participado-en-capacitaciones-de-la-defensoria-del-contribuyente\\\/\",\"name\":\"M\u00e1s de 3.700 personas de ferias libres han participado en capacitaciones de la defensor\u00eda del contribuyente - Diario El Labrador\",\"isPartOf\":{\"@id\":\"https:\\\/\\\/diarioellabrador.cl\\\/#website\"},\"primaryImageOfPage\":{\"@id\":\"https:\\\/\\\/diarioellabrador.cl\\\/index.php\\\/2026\\\/04\\\/25\\\/mas-de-3-700-personas-de-ferias-libres-han-participado-en-capacitaciones-de-la-defensoria-del-contribuyente\\\/#primaryimage\"},\"image\":{\"@id\":\"https:\\\/\\\/diarioellabrador.cl\\\/index.php\\\/2026\\\/04\\\/25\\\/mas-de-3-700-personas-de-ferias-libres-han-participado-en-capacitaciones-de-la-defensoria-del-contribuyente\\\/#primaryimage\"},\"thumbnailUrl\":\"https:\\\/\\\/diarioellabrador.cl\\\/wp-content\\\/uploads\\\/2026\\\/04\\\/Mas-de-3.700-personas-de-ferias-libres-han-participado-en-capacitaciones-de-la-defensoria-del-contribuyente.jpg\",\"datePublished\":\"2026-04-25T22:42:00+00:00\",\"breadcrumb\":{\"@id\":\"https:\\\/\\\/diarioellabrador.cl\\\/index.php\\\/2026\\\/04\\\/25\\\/mas-de-3-700-personas-de-ferias-libres-han-participado-en-capacitaciones-de-la-defensoria-del-contribuyente\\\/#breadcrumb\"},\"inLanguage\":\"es\",\"potentialAction\":[{\"@type\":\"ReadAction\",\"target\":[\"https:\\\/\\\/diarioellabrador.cl\\\/index.php\\\/2026\\\/04\\\/25\\\/mas-de-3-700-personas-de-ferias-libres-han-participado-en-capacitaciones-de-la-defensoria-del-contribuyente\\\/\"]}]},{\"@type\":\"ImageObject\",\"inLanguage\":\"es\",\"@id\":\"https:\\\/\\\/diarioellabrador.cl\\\/index.php\\\/2026\\\/04\\\/25\\\/mas-de-3-700-personas-de-ferias-libres-han-participado-en-capacitaciones-de-la-defensoria-del-contribuyente\\\/#primaryimage\",\"url\":\"https:\\\/\\\/diarioellabrador.cl\\\/wp-content\\\/uploads\\\/2026\\\/04\\\/Mas-de-3.700-personas-de-ferias-libres-han-participado-en-capacitaciones-de-la-defensoria-del-contribuyente.jpg\",\"contentUrl\":\"https:\\\/\\\/diarioellabrador.cl\\\/wp-content\\\/uploads\\\/2026\\\/04\\\/Mas-de-3.700-personas-de-ferias-libres-han-participado-en-capacitaciones-de-la-defensoria-del-contribuyente.jpg\",\"width\":1920,\"height\":1440},{\"@type\":\"BreadcrumbList\",\"@id\":\"https:\\\/\\\/diarioellabrador.cl\\\/index.php\\\/2026\\\/04\\\/25\\\/mas-de-3-700-personas-de-ferias-libres-han-participado-en-capacitaciones-de-la-defensoria-del-contribuyente\\\/#breadcrumb\",\"itemListElement\":[{\"@type\":\"ListItem\",\"position\":1,\"name\":\"Portada\",\"item\":\"https:\\\/\\\/diarioellabrador.cl\\\/\"},{\"@type\":\"ListItem\",\"position\":2,\"name\":\"M\u00e1s de 3.700 personas de ferias libres han participado en capacitaciones de la defensor\u00eda del contribuyente\"}]},{\"@type\":\"WebSite\",\"@id\":\"https:\\\/\\\/diarioellabrador.cl\\\/#website\",\"url\":\"https:\\\/\\\/diarioellabrador.cl\\\/\",\"name\":\"Diario El Labrador\",\"description\":\"Haciendo noticia desde 1921\",\"publisher\":{\"@id\":\"https:\\\/\\\/diarioellabrador.cl\\\/#organization\"},\"potentialAction\":[{\"@type\":\"SearchAction\",\"target\":{\"@type\":\"EntryPoint\",\"urlTemplate\":\"https:\\\/\\\/diarioellabrador.cl\\\/?s={search_term_string}\"},\"query-input\":{\"@type\":\"PropertyValueSpecification\",\"valueRequired\":true,\"valueName\":\"search_term_string\"}}],\"inLanguage\":\"es\"},{\"@type\":\"Organization\",\"@id\":\"https:\\\/\\\/diarioellabrador.cl\\\/#organization\",\"name\":\"Diario El Labrador\",\"url\":\"https:\\\/\\\/diarioellabrador.cl\\\/\",\"logo\":{\"@type\":\"ImageObject\",\"inLanguage\":\"es\",\"@id\":\"https:\\\/\\\/diarioellabrador.cl\\\/#\\\/schema\\\/logo\\\/image\\\/\",\"url\":\"https:\\\/\\\/diarioellabrador.cl\\\/wp-content\\\/uploads\\\/2025\\\/02\\\/cropped-Logo-Icono.png\",\"contentUrl\":\"https:\\\/\\\/diarioellabrador.cl\\\/wp-content\\\/uploads\\\/2025\\\/02\\\/cropped-Logo-Icono.png\",\"width\":512,\"height\":512,\"caption\":\"Diario El Labrador\"},\"image\":{\"@id\":\"https:\\\/\\\/diarioellabrador.cl\\\/#\\\/schema\\\/logo\\\/image\\\/\"},\"sameAs\":[\"https:\\\/\\\/web.facebook.com\\\/profile.php?id=61576120840621\",\"https:\\\/\\\/x.com\\\/ElLabradorOf\",\"https:\\\/\\\/www.instagram.com\\\/diarioellabradoroficial\\\/\"]},{\"@type\":\"Person\",\"@id\":\"https:\\\/\\\/diarioellabrador.cl\\\/#\\\/schema\\\/person\\\/bc25ff80b4563f9c7f4bd7855df01685\",\"name\":\"Editor\",\"image\":{\"@type\":\"ImageObject\",\"inLanguage\":\"es\",\"@id\":\"https:\\\/\\\/secure.gravatar.com\\\/avatar\\\/109c326cf2be5c04f048c2c2a2b8b6ef44bf3d8d1d3d4c55d0ac40c4bc994684?s=96&d=mm&r=g\",\"url\":\"https:\\\/\\\/secure.gravatar.com\\\/avatar\\\/109c326cf2be5c04f048c2c2a2b8b6ef44bf3d8d1d3d4c55d0ac40c4bc994684?s=96&d=mm&r=g\",\"contentUrl\":\"https:\\\/\\\/secure.gravatar.com\\\/avatar\\\/109c326cf2be5c04f048c2c2a2b8b6ef44bf3d8d1d3d4c55d0ac40c4bc994684?s=96&d=mm&r=g\",\"caption\":\"Editor\"},\"url\":\"https:\\\/\\\/diarioellabrador.cl\\\/index.php\\\/author\\\/editor\\\/\"}]}<\/script>\n<!-- \/ Yoast SEO plugin. -->","yoast_head_json":{"title":"M\u00e1s de 3.700 personas de ferias libres han participado en capacitaciones de la defensor\u00eda del contribuyente - Diario El Labrador","robots":{"index":"index","follow":"follow","max-snippet":"max-snippet:-1","max-image-preview":"max-image-preview:large","max-video-preview":"max-video-preview:-1"},"canonical":"https:\/\/diarioellabrador.cl\/index.php\/2026\/04\/25\/mas-de-3-700-personas-de-ferias-libres-han-participado-en-capacitaciones-de-la-defensoria-del-contribuyente\/","og_locale":"es_ES","og_type":"article","og_title":"M\u00e1s de 3.700 personas de ferias libres han participado en capacitaciones de la defensor\u00eda del contribuyente - Diario El Labrador","og_description":"Este despliegue territorial ha permitido acercar informaci\u00f3n de manera clara, directa y en un lenguaje accesible, abordando materias clave como derechos tributarios, cumplimiento de obligaciones, beneficios disponibles y, especialmente, los alcances de la ley para ferias libres, que comienza a implementarse en plenitud el 1 de julio del 2026. La Defensor\u00eda del Contribuyente (Dedecon) contin\u00faa Leer m\u00e1s","og_url":"https:\/\/diarioellabrador.cl\/index.php\/2026\/04\/25\/mas-de-3-700-personas-de-ferias-libres-han-participado-en-capacitaciones-de-la-defensoria-del-contribuyente\/","og_site_name":"Diario El Labrador","article_publisher":"https:\/\/web.facebook.com\/profile.php?id=61576120840621","article_published_time":"2026-04-25T22:42:00+00:00","og_image":[{"width":1920,"height":1440,"url":"https:\/\/diarioellabrador.cl\/wp-content\/uploads\/2026\/04\/Mas-de-3.700-personas-de-ferias-libres-han-participado-en-capacitaciones-de-la-defensoria-del-contribuyente.jpg","type":"image\/jpeg"}],"author":"Editor","twitter_card":"summary_large_image","twitter_creator":"@ElLabradorOf","twitter_site":"@ElLabradorOf","twitter_misc":{"Escrito por":"Editor","Tiempo de lectura":"3 minutos"},"schema":{"@context":"https:\/\/schema.org","@graph":[{"@type":"Article","@id":"https:\/\/diarioellabrador.cl\/index.php\/2026\/04\/25\/mas-de-3-700-personas-de-ferias-libres-han-participado-en-capacitaciones-de-la-defensoria-del-contribuyente\/#article","isPartOf":{"@id":"https:\/\/diarioellabrador.cl\/index.php\/2026\/04\/25\/mas-de-3-700-personas-de-ferias-libres-han-participado-en-capacitaciones-de-la-defensoria-del-contribuyente\/"},"author":{"name":"Editor","@id":"https:\/\/diarioellabrador.cl\/#\/schema\/person\/bc25ff80b4563f9c7f4bd7855df01685"},"headline":"M\u00e1s de 3.700 personas de ferias libres han participado en capacitaciones de la defensor\u00eda del contribuyente","datePublished":"2026-04-25T22:42:00+00:00","mainEntityOfPage":{"@id":"https:\/\/diarioellabrador.cl\/index.php\/2026\/04\/25\/mas-de-3-700-personas-de-ferias-libres-han-participado-en-capacitaciones-de-la-defensoria-del-contribuyente\/"},"wordCount":664,"commentCount":0,"publisher":{"@id":"https:\/\/diarioellabrador.cl\/#organization"},"image":{"@id":"https:\/\/diarioellabrador.cl\/index.php\/2026\/04\/25\/mas-de-3-700-personas-de-ferias-libres-han-participado-en-capacitaciones-de-la-defensoria-del-contribuyente\/#primaryimage"},"thumbnailUrl":"https:\/\/diarioellabrador.cl\/wp-content\/uploads\/2026\/04\/Mas-de-3.700-personas-de-ferias-libres-han-participado-en-capacitaciones-de-la-defensoria-del-contribuyente.jpg","articleSection":["Cr\u00f3nica"],"inLanguage":"es","potentialAction":[{"@type":"CommentAction","name":"Comment","target":["https:\/\/diarioellabrador.cl\/index.php\/2026\/04\/25\/mas-de-3-700-personas-de-ferias-libres-han-participado-en-capacitaciones-de-la-defensoria-del-contribuyente\/#respond"]}]},{"@type":"WebPage","@id":"https:\/\/diarioellabrador.cl\/index.php\/2026\/04\/25\/mas-de-3-700-personas-de-ferias-libres-han-participado-en-capacitaciones-de-la-defensoria-del-contribuyente\/","url":"https:\/\/diarioellabrador.cl\/index.php\/2026\/04\/25\/mas-de-3-700-personas-de-ferias-libres-han-participado-en-capacitaciones-de-la-defensoria-del-contribuyente\/","name":"M\u00e1s de 3.700 personas de ferias libres han participado en capacitaciones de la defensor\u00eda del contribuyente - Diario El Labrador","isPartOf":{"@id":"https:\/\/diarioellabrador.cl\/#website"},"primaryImageOfPage":{"@id":"https:\/\/diarioellabrador.cl\/index.php\/2026\/04\/25\/mas-de-3-700-personas-de-ferias-libres-han-participado-en-capacitaciones-de-la-defensoria-del-contribuyente\/#primaryimage"},"image":{"@id":"https:\/\/diarioellabrador.cl\/index.php\/2026\/04\/25\/mas-de-3-700-personas-de-ferias-libres-han-participado-en-capacitaciones-de-la-defensoria-del-contribuyente\/#primaryimage"},"thumbnailUrl":"https:\/\/diarioellabrador.cl\/wp-content\/uploads\/2026\/04\/Mas-de-3.700-personas-de-ferias-libres-han-participado-en-capacitaciones-de-la-defensoria-del-contribuyente.jpg","datePublished":"2026-04-25T22:42:00+00:00","breadcrumb":{"@id":"https:\/\/diarioellabrador.cl\/index.php\/2026\/04\/25\/mas-de-3-700-personas-de-ferias-libres-han-participado-en-capacitaciones-de-la-defensoria-del-contribuyente\/#breadcrumb"},"inLanguage":"es","potentialAction":[{"@type":"ReadAction","target":["https:\/\/diarioellabrador.cl\/index.php\/2026\/04\/25\/mas-de-3-700-personas-de-ferias-libres-han-participado-en-capacitaciones-de-la-defensoria-del-contribuyente\/"]}]},{"@type":"ImageObject","inLanguage":"es","@id":"https:\/\/diarioellabrador.cl\/index.php\/2026\/04\/25\/mas-de-3-700-personas-de-ferias-libres-han-participado-en-capacitaciones-de-la-defensoria-del-contribuyente\/#primaryimage","url":"https:\/\/diarioellabrador.cl\/wp-content\/uploads\/2026\/04\/Mas-de-3.700-personas-de-ferias-libres-han-participado-en-capacitaciones-de-la-defensoria-del-contribuyente.jpg","contentUrl":"https:\/\/diarioellabrador.cl\/wp-content\/uploads\/2026\/04\/Mas-de-3.700-personas-de-ferias-libres-han-participado-en-capacitaciones-de-la-defensoria-del-contribuyente.jpg","width":1920,"height":1440},{"@type":"BreadcrumbList","@id":"https:\/\/diarioellabrador.cl\/index.php\/2026\/04\/25\/mas-de-3-700-personas-de-ferias-libres-han-participado-en-capacitaciones-de-la-defensoria-del-contribuyente\/#breadcrumb","itemListElement":[{"@type":"ListItem","position":1,"name":"Portada","item":"https:\/\/diarioellabrador.cl\/"},{"@type":"ListItem","position":2,"name":"M\u00e1s de 3.700 personas de ferias libres han participado en capacitaciones de la defensor\u00eda del contribuyente"}]},{"@type":"WebSite","@id":"https:\/\/diarioellabrador.cl\/#website","url":"https:\/\/diarioellabrador.cl\/","name":"Diario El Labrador","description":"Haciendo noticia desde 1921","publisher":{"@id":"https:\/\/diarioellabrador.cl\/#organization"},"potentialAction":[{"@type":"SearchAction","target":{"@type":"EntryPoint","urlTemplate":"https:\/\/diarioellabrador.cl\/?s={search_term_string}"},"query-input":{"@type":"PropertyValueSpecification","valueRequired":true,"valueName":"search_term_string"}}],"inLanguage":"es"},{"@type":"Organization","@id":"https:\/\/diarioellabrador.cl\/#organization","name":"Diario El Labrador","url":"https:\/\/diarioellabrador.cl\/","logo":{"@type":"ImageObject","inLanguage":"es","@id":"https:\/\/diarioellabrador.cl\/#\/schema\/logo\/image\/","url":"https:\/\/diarioellabrador.cl\/wp-content\/uploads\/2025\/02\/cropped-Logo-Icono.png","contentUrl":"https:\/\/diarioellabrador.cl\/wp-content\/uploads\/2025\/02\/cropped-Logo-Icono.png","width":512,"height":512,"caption":"Diario El Labrador"},"image":{"@id":"https:\/\/diarioellabrador.cl\/#\/schema\/logo\/image\/"},"sameAs":["https:\/\/web.facebook.com\/profile.php?id=61576120840621","https:\/\/x.com\/ElLabradorOf","https:\/\/www.instagram.com\/diarioellabradoroficial\/"]},{"@type":"Person","@id":"https:\/\/diarioellabrador.cl\/#\/schema\/person\/bc25ff80b4563f9c7f4bd7855df01685","name":"Editor","image":{"@type":"ImageObject","inLanguage":"es","@id":"https:\/\/secure.gravatar.com\/avatar\/109c326cf2be5c04f048c2c2a2b8b6ef44bf3d8d1d3d4c55d0ac40c4bc994684?s=96&d=mm&r=g","url":"https:\/\/secure.gravatar.com\/avatar\/109c326cf2be5c04f048c2c2a2b8b6ef44bf3d8d1d3d4c55d0ac40c4bc994684?s=96&d=mm&r=g","contentUrl":"https:\/\/secure.gravatar.com\/avatar\/109c326cf2be5c04f048c2c2a2b8b6ef44bf3d8d1d3d4c55d0ac40c4bc994684?s=96&d=mm&r=g","caption":"Editor"},"url":"https:\/\/diarioellabrador.cl\/index.php\/author\/editor\/"}]}},"_links":{"self":[{"href":"https:\/\/diarioellabrador.cl\/index.php\/wp-json\/wp\/v2\/posts\/18545","targetHints":{"allow":["GET"]}}],"collection":[{"href":"https:\/\/diarioellabrador.cl\/index.php\/wp-json\/wp\/v2\/posts"}],"about":[{"href":"https:\/\/diarioellabrador.cl\/index.php\/wp-json\/wp\/v2\/types\/post"}],"author":[{"embeddable":true,"href":"https:\/\/diarioellabrador.cl\/index.php\/wp-json\/wp\/v2\/users\/2"}],"replies":[{"embeddable":true,"href":"https:\/\/diarioellabrador.cl\/index.php\/wp-json\/wp\/v2\/comments?post=18545"}],"version-history":[{"count":1,"href":"https:\/\/diarioellabrador.cl\/index.php\/wp-json\/wp\/v2\/posts\/18545\/revisions"}],"predecessor-version":[{"id":18546,"href":"https:\/\/diarioellabrador.cl\/index.php\/wp-json\/wp\/v2\/posts\/18545\/revisions\/18546"}],"wp:featuredmedia":[{"embeddable":true,"href":"https:\/\/diarioellabrador.cl\/index.php\/wp-json\/wp\/v2\/media\/18502"}],"wp:attachment":[{"href":"https:\/\/diarioellabrador.cl\/index.php\/wp-json\/wp\/v2\/media?parent=18545"}],"wp:term":[{"taxonomy":"category","embeddable":true,"href":"https:\/\/diarioellabrador.cl\/index.php\/wp-json\/wp\/v2\/categories?post=18545"},{"taxonomy":"post_tag","embeddable":true,"href":"https:\/\/diarioellabrador.cl\/index.php\/wp-json\/wp\/v2\/tags?post=18545"}],"curies":[{"name":"wp","href":"https:\/\/api.w.org\/{rel}","templated":true}]}}