{"id":18541,"date":"2026-04-25T18:40:00","date_gmt":"2026-04-25T22:40:00","guid":{"rendered":"https:\/\/diarioellabrador.cl\/?p=18541"},"modified":"2026-04-25T15:41:04","modified_gmt":"2026-04-25T19:41:04","slug":"piden-15-anos-de-carcel-para-acusado-por-robo-con-violencia-en-una-botilleria","status":"publish","type":"post","link":"https:\/\/diarioellabrador.cl\/index.php\/2026\/04\/25\/piden-15-anos-de-carcel-para-acusado-por-robo-con-violencia-en-una-botilleria\/","title":{"rendered":"Piden 15 a\u00f1os de c\u00e1rcel para acusado por robo con violencia en una botiller\u00eda"},"content":{"rendered":"\n<p>En el Juzgado de Garant\u00eda de Talagante se realiz\u00f3 la audiencia de preparaci\u00f3n de juicio oral donde el ente persecutor expuso que el d\u00eda 12 de junio de 2025, a las 22:40 horas aproximadamente, donde una mujer se encontraba cerrando una botiller\u00eda ubicada en Domingo Santa Mar\u00eda en la comuna de El Monte, instantes en que el imputado Antonio MG. lleg\u00f3 al lugar, abordando a la v\u00edctima.<\/p>\n\n\n\n<p>En esos instantes ingresa a la fuerza portando en sus manos un arma de fuego, se\u00f1al\u00e1ndole \u201cqu\u00e9date callada o te disparo p\u00e1same la cartera y el tel\u00e9fono\u201d, para luego golpear a la v\u00edctima en la altura de la costilla del costado derecho, tirarla al suelo y sacarle la llave del auto que ella manten\u00eda, apunt\u00e1ndole en todo momento con el arma que portaba.<\/p>\n\n\n\n<p>Una vez que se apoder\u00f3 de las especies segu\u00eda apunt\u00e1ndola en todo momento con el arma, para luego salir de la botiller\u00eda a bordo de una bicicleta y darse a la fuga del lugar. A causa de la agresi\u00f3n la v\u00edctima result\u00f3 con lesiones leves consistentes hematoma a la altura de la 10\u00aa costilla.<\/p>\n\n\n\n<p>La Fiscal\u00eda solicita se condene al acusado a la pena de 15 a\u00f1os de presidio mayor en grado medio, por el delito de robo con violencia y el TOP de Talagante fij\u00f3 para la realizaci\u00f3n de la audiencia de Juicio Oral, el d\u00eda 8 de junio de 2026 a las 09:00 horas, en las dependencias ubicadas en Avenida Bernardo O\u00b4Higgins 2160, 5\u00ba piso.<\/p>\n","protected":false},"excerpt":{"rendered":"<p>En el Juzgado de Garant\u00eda de Talagante se realiz\u00f3 la audiencia de preparaci\u00f3n de juicio oral donde el ente persecutor expuso que el d\u00eda 12 de junio de 2025, a las 22:40 horas aproximadamente, donde una mujer se encontraba cerrando una botiller\u00eda ubicada en Domingo Santa Mar\u00eda en la comuna de El Monte, instantes en<\/p>\n<div class=\"read-more-wrapper\"><a class=\"read-more\" href=\"https:\/\/diarioellabrador.cl\/index.php\/2026\/04\/25\/piden-15-anos-de-carcel-para-acusado-por-robo-con-violencia-en-una-botilleria\/\" title=\"Leer m\u00e1s\"> <span class=\"button \">Leer m\u00e1s<\/span><\/a><\/div>\n","protected":false},"author":2,"featured_media":18490,"comment_status":"open","ping_status":"open","sticky":false,"template":"","format":"standard","meta":{"footnotes":""},"categories":[3],"tags":[],"class_list":["post-18541","post","type-post","status-publish","format-standard","has-post-thumbnail","hentry","category-policial"],"yoast_head":"<!-- This site is optimized with the Yoast SEO plugin v27.4 - https:\/\/yoast.com\/product\/yoast-seo-wordpress\/ -->\n<title>Piden 15 a\u00f1os de c\u00e1rcel para acusado por robo con violencia en una botiller\u00eda - Diario El Labrador<\/title>\n<meta name=\"robots\" content=\"index, follow, max-snippet:-1, max-image-preview:large, max-video-preview:-1\" \/>\n<link rel=\"canonical\" href=\"https:\/\/diarioellabrador.cl\/index.php\/2026\/04\/25\/piden-15-anos-de-carcel-para-acusado-por-robo-con-violencia-en-una-botilleria\/\" \/>\n<meta property=\"og:locale\" content=\"es_ES\" \/>\n<meta property=\"og:type\" content=\"article\" \/>\n<meta property=\"og:title\" content=\"Piden 15 a\u00f1os de c\u00e1rcel para acusado por robo con violencia en una botiller\u00eda - Diario El Labrador\" \/>\n<meta property=\"og:description\" content=\"En el Juzgado de Garant\u00eda de Talagante se realiz\u00f3 la audiencia de preparaci\u00f3n de juicio oral donde el ente persecutor expuso que el d\u00eda 12 de junio de 2025, a las 22:40 horas aproximadamente, donde una mujer se encontraba cerrando una botiller\u00eda ubicada en Domingo Santa Mar\u00eda en la comuna de El Monte, instantes en Leer m\u00e1s\" \/>\n<meta property=\"og:url\" content=\"https:\/\/diarioellabrador.cl\/index.php\/2026\/04\/25\/piden-15-anos-de-carcel-para-acusado-por-robo-con-violencia-en-una-botilleria\/\" \/>\n<meta property=\"og:site_name\" content=\"Diario El Labrador\" \/>\n<meta property=\"article:publisher\" content=\"https:\/\/web.facebook.com\/profile.php?id=61576120840621\" \/>\n<meta property=\"article:published_time\" content=\"2026-04-25T22:40:00+00:00\" \/>\n<meta property=\"og:image\" content=\"https:\/\/diarioellabrador.cl\/wp-content\/uploads\/2026\/04\/Piden-15-anos-de-carcel-para-acusado-por-robo-con-violencia-en-una-botilleria.jpg\" \/>\n\t<meta property=\"og:image:width\" content=\"740\" \/>\n\t<meta property=\"og:image:height\" content=\"493\" \/>\n\t<meta property=\"og:image:type\" content=\"image\/jpeg\" \/>\n<meta name=\"author\" content=\"Editor\" \/>\n<meta name=\"twitter:card\" content=\"summary_large_image\" \/>\n<meta name=\"twitter:creator\" content=\"@ElLabradorOf\" \/>\n<meta name=\"twitter:site\" content=\"@ElLabradorOf\" \/>\n<meta name=\"twitter:label1\" content=\"Escrito por\" \/>\n\t<meta name=\"twitter:data1\" content=\"Editor\" \/>\n\t<meta name=\"twitter:label2\" content=\"Tiempo de lectura\" \/>\n\t<meta name=\"twitter:data2\" content=\"2 minutos\" \/>\n<script type=\"application\/ld+json\" class=\"yoast-schema-graph\">{\"@context\":\"https:\\\/\\\/schema.org\",\"@graph\":[{\"@type\":\"Article\",\"@id\":\"https:\\\/\\\/diarioellabrador.cl\\\/index.php\\\/2026\\\/04\\\/25\\\/piden-15-anos-de-carcel-para-acusado-por-robo-con-violencia-en-una-botilleria\\\/#article\",\"isPartOf\":{\"@id\":\"https:\\\/\\\/diarioellabrador.cl\\\/index.php\\\/2026\\\/04\\\/25\\\/piden-15-anos-de-carcel-para-acusado-por-robo-con-violencia-en-una-botilleria\\\/\"},\"author\":{\"name\":\"Editor\",\"@id\":\"https:\\\/\\\/diarioellabrador.cl\\\/#\\\/schema\\\/person\\\/bc25ff80b4563f9c7f4bd7855df01685\"},\"headline\":\"Piden 15 a\u00f1os de c\u00e1rcel para acusado por robo con violencia en una botiller\u00eda\",\"datePublished\":\"2026-04-25T22:40:00+00:00\",\"mainEntityOfPage\":{\"@id\":\"https:\\\/\\\/diarioellabrador.cl\\\/index.php\\\/2026\\\/04\\\/25\\\/piden-15-anos-de-carcel-para-acusado-por-robo-con-violencia-en-una-botilleria\\\/\"},\"wordCount\":277,\"commentCount\":0,\"publisher\":{\"@id\":\"https:\\\/\\\/diarioellabrador.cl\\\/#organization\"},\"image\":{\"@id\":\"https:\\\/\\\/diarioellabrador.cl\\\/index.php\\\/2026\\\/04\\\/25\\\/piden-15-anos-de-carcel-para-acusado-por-robo-con-violencia-en-una-botilleria\\\/#primaryimage\"},\"thumbnailUrl\":\"https:\\\/\\\/diarioellabrador.cl\\\/wp-content\\\/uploads\\\/2026\\\/04\\\/Piden-15-anos-de-carcel-para-acusado-por-robo-con-violencia-en-una-botilleria.jpg\",\"articleSection\":[\"Policial\"],\"inLanguage\":\"es\",\"potentialAction\":[{\"@type\":\"CommentAction\",\"name\":\"Comment\",\"target\":[\"https:\\\/\\\/diarioellabrador.cl\\\/index.php\\\/2026\\\/04\\\/25\\\/piden-15-anos-de-carcel-para-acusado-por-robo-con-violencia-en-una-botilleria\\\/#respond\"]}]},{\"@type\":\"WebPage\",\"@id\":\"https:\\\/\\\/diarioellabrador.cl\\\/index.php\\\/2026\\\/04\\\/25\\\/piden-15-anos-de-carcel-para-acusado-por-robo-con-violencia-en-una-botilleria\\\/\",\"url\":\"https:\\\/\\\/diarioellabrador.cl\\\/index.php\\\/2026\\\/04\\\/25\\\/piden-15-anos-de-carcel-para-acusado-por-robo-con-violencia-en-una-botilleria\\\/\",\"name\":\"Piden 15 a\u00f1os de c\u00e1rcel para acusado por robo con violencia en una botiller\u00eda - Diario El Labrador\",\"isPartOf\":{\"@id\":\"https:\\\/\\\/diarioellabrador.cl\\\/#website\"},\"primaryImageOfPage\":{\"@id\":\"https:\\\/\\\/diarioellabrador.cl\\\/index.php\\\/2026\\\/04\\\/25\\\/piden-15-anos-de-carcel-para-acusado-por-robo-con-violencia-en-una-botilleria\\\/#primaryimage\"},\"image\":{\"@id\":\"https:\\\/\\\/diarioellabrador.cl\\\/index.php\\\/2026\\\/04\\\/25\\\/piden-15-anos-de-carcel-para-acusado-por-robo-con-violencia-en-una-botilleria\\\/#primaryimage\"},\"thumbnailUrl\":\"https:\\\/\\\/diarioellabrador.cl\\\/wp-content\\\/uploads\\\/2026\\\/04\\\/Piden-15-anos-de-carcel-para-acusado-por-robo-con-violencia-en-una-botilleria.jpg\",\"datePublished\":\"2026-04-25T22:40:00+00:00\",\"breadcrumb\":{\"@id\":\"https:\\\/\\\/diarioellabrador.cl\\\/index.php\\\/2026\\\/04\\\/25\\\/piden-15-anos-de-carcel-para-acusado-por-robo-con-violencia-en-una-botilleria\\\/#breadcrumb\"},\"inLanguage\":\"es\",\"potentialAction\":[{\"@type\":\"ReadAction\",\"target\":[\"https:\\\/\\\/diarioellabrador.cl\\\/index.php\\\/2026\\\/04\\\/25\\\/piden-15-anos-de-carcel-para-acusado-por-robo-con-violencia-en-una-botilleria\\\/\"]}]},{\"@type\":\"ImageObject\",\"inLanguage\":\"es\",\"@id\":\"https:\\\/\\\/diarioellabrador.cl\\\/index.php\\\/2026\\\/04\\\/25\\\/piden-15-anos-de-carcel-para-acusado-por-robo-con-violencia-en-una-botilleria\\\/#primaryimage\",\"url\":\"https:\\\/\\\/diarioellabrador.cl\\\/wp-content\\\/uploads\\\/2026\\\/04\\\/Piden-15-anos-de-carcel-para-acusado-por-robo-con-violencia-en-una-botilleria.jpg\",\"contentUrl\":\"https:\\\/\\\/diarioellabrador.cl\\\/wp-content\\\/uploads\\\/2026\\\/04\\\/Piden-15-anos-de-carcel-para-acusado-por-robo-con-violencia-en-una-botilleria.jpg\",\"width\":740,\"height\":493},{\"@type\":\"BreadcrumbList\",\"@id\":\"https:\\\/\\\/diarioellabrador.cl\\\/index.php\\\/2026\\\/04\\\/25\\\/piden-15-anos-de-carcel-para-acusado-por-robo-con-violencia-en-una-botilleria\\\/#breadcrumb\",\"itemListElement\":[{\"@type\":\"ListItem\",\"position\":1,\"name\":\"Portada\",\"item\":\"https:\\\/\\\/diarioellabrador.cl\\\/\"},{\"@type\":\"ListItem\",\"position\":2,\"name\":\"Piden 15 a\u00f1os de c\u00e1rcel para acusado por robo con violencia en una botiller\u00eda\"}]},{\"@type\":\"WebSite\",\"@id\":\"https:\\\/\\\/diarioellabrador.cl\\\/#website\",\"url\":\"https:\\\/\\\/diarioellabrador.cl\\\/\",\"name\":\"Diario El Labrador\",\"description\":\"Haciendo noticia desde 1921\",\"publisher\":{\"@id\":\"https:\\\/\\\/diarioellabrador.cl\\\/#organization\"},\"potentialAction\":[{\"@type\":\"SearchAction\",\"target\":{\"@type\":\"EntryPoint\",\"urlTemplate\":\"https:\\\/\\\/diarioellabrador.cl\\\/?s={search_term_string}\"},\"query-input\":{\"@type\":\"PropertyValueSpecification\",\"valueRequired\":true,\"valueName\":\"search_term_string\"}}],\"inLanguage\":\"es\"},{\"@type\":\"Organization\",\"@id\":\"https:\\\/\\\/diarioellabrador.cl\\\/#organization\",\"name\":\"Diario El Labrador\",\"url\":\"https:\\\/\\\/diarioellabrador.cl\\\/\",\"logo\":{\"@type\":\"ImageObject\",\"inLanguage\":\"es\",\"@id\":\"https:\\\/\\\/diarioellabrador.cl\\\/#\\\/schema\\\/logo\\\/image\\\/\",\"url\":\"https:\\\/\\\/diarioellabrador.cl\\\/wp-content\\\/uploads\\\/2025\\\/02\\\/cropped-Logo-Icono.png\",\"contentUrl\":\"https:\\\/\\\/diarioellabrador.cl\\\/wp-content\\\/uploads\\\/2025\\\/02\\\/cropped-Logo-Icono.png\",\"width\":512,\"height\":512,\"caption\":\"Diario El Labrador\"},\"image\":{\"@id\":\"https:\\\/\\\/diarioellabrador.cl\\\/#\\\/schema\\\/logo\\\/image\\\/\"},\"sameAs\":[\"https:\\\/\\\/web.facebook.com\\\/profile.php?id=61576120840621\",\"https:\\\/\\\/x.com\\\/ElLabradorOf\",\"https:\\\/\\\/www.instagram.com\\\/diarioellabradoroficial\\\/\"]},{\"@type\":\"Person\",\"@id\":\"https:\\\/\\\/diarioellabrador.cl\\\/#\\\/schema\\\/person\\\/bc25ff80b4563f9c7f4bd7855df01685\",\"name\":\"Editor\",\"image\":{\"@type\":\"ImageObject\",\"inLanguage\":\"es\",\"@id\":\"https:\\\/\\\/secure.gravatar.com\\\/avatar\\\/109c326cf2be5c04f048c2c2a2b8b6ef44bf3d8d1d3d4c55d0ac40c4bc994684?s=96&d=mm&r=g\",\"url\":\"https:\\\/\\\/secure.gravatar.com\\\/avatar\\\/109c326cf2be5c04f048c2c2a2b8b6ef44bf3d8d1d3d4c55d0ac40c4bc994684?s=96&d=mm&r=g\",\"contentUrl\":\"https:\\\/\\\/secure.gravatar.com\\\/avatar\\\/109c326cf2be5c04f048c2c2a2b8b6ef44bf3d8d1d3d4c55d0ac40c4bc994684?s=96&d=mm&r=g\",\"caption\":\"Editor\"},\"url\":\"https:\\\/\\\/diarioellabrador.cl\\\/index.php\\\/author\\\/editor\\\/\"}]}<\/script>\n<!-- \/ Yoast SEO plugin. -->","yoast_head_json":{"title":"Piden 15 a\u00f1os de c\u00e1rcel para acusado por robo con violencia en una botiller\u00eda - Diario El Labrador","robots":{"index":"index","follow":"follow","max-snippet":"max-snippet:-1","max-image-preview":"max-image-preview:large","max-video-preview":"max-video-preview:-1"},"canonical":"https:\/\/diarioellabrador.cl\/index.php\/2026\/04\/25\/piden-15-anos-de-carcel-para-acusado-por-robo-con-violencia-en-una-botilleria\/","og_locale":"es_ES","og_type":"article","og_title":"Piden 15 a\u00f1os de c\u00e1rcel para acusado por robo con violencia en una botiller\u00eda - Diario El Labrador","og_description":"En el Juzgado de Garant\u00eda de Talagante se realiz\u00f3 la audiencia de preparaci\u00f3n de juicio oral donde el ente persecutor expuso que el d\u00eda 12 de junio de 2025, a las 22:40 horas aproximadamente, donde una mujer se encontraba cerrando una botiller\u00eda ubicada en Domingo Santa Mar\u00eda en la comuna de El Monte, instantes en Leer m\u00e1s","og_url":"https:\/\/diarioellabrador.cl\/index.php\/2026\/04\/25\/piden-15-anos-de-carcel-para-acusado-por-robo-con-violencia-en-una-botilleria\/","og_site_name":"Diario El Labrador","article_publisher":"https:\/\/web.facebook.com\/profile.php?id=61576120840621","article_published_time":"2026-04-25T22:40:00+00:00","og_image":[{"width":740,"height":493,"url":"https:\/\/diarioellabrador.cl\/wp-content\/uploads\/2026\/04\/Piden-15-anos-de-carcel-para-acusado-por-robo-con-violencia-en-una-botilleria.jpg","type":"image\/jpeg"}],"author":"Editor","twitter_card":"summary_large_image","twitter_creator":"@ElLabradorOf","twitter_site":"@ElLabradorOf","twitter_misc":{"Escrito por":"Editor","Tiempo de lectura":"2 minutos"},"schema":{"@context":"https:\/\/schema.org","@graph":[{"@type":"Article","@id":"https:\/\/diarioellabrador.cl\/index.php\/2026\/04\/25\/piden-15-anos-de-carcel-para-acusado-por-robo-con-violencia-en-una-botilleria\/#article","isPartOf":{"@id":"https:\/\/diarioellabrador.cl\/index.php\/2026\/04\/25\/piden-15-anos-de-carcel-para-acusado-por-robo-con-violencia-en-una-botilleria\/"},"author":{"name":"Editor","@id":"https:\/\/diarioellabrador.cl\/#\/schema\/person\/bc25ff80b4563f9c7f4bd7855df01685"},"headline":"Piden 15 a\u00f1os de c\u00e1rcel para acusado por robo con violencia en una botiller\u00eda","datePublished":"2026-04-25T22:40:00+00:00","mainEntityOfPage":{"@id":"https:\/\/diarioellabrador.cl\/index.php\/2026\/04\/25\/piden-15-anos-de-carcel-para-acusado-por-robo-con-violencia-en-una-botilleria\/"},"wordCount":277,"commentCount":0,"publisher":{"@id":"https:\/\/diarioellabrador.cl\/#organization"},"image":{"@id":"https:\/\/diarioellabrador.cl\/index.php\/2026\/04\/25\/piden-15-anos-de-carcel-para-acusado-por-robo-con-violencia-en-una-botilleria\/#primaryimage"},"thumbnailUrl":"https:\/\/diarioellabrador.cl\/wp-content\/uploads\/2026\/04\/Piden-15-anos-de-carcel-para-acusado-por-robo-con-violencia-en-una-botilleria.jpg","articleSection":["Policial"],"inLanguage":"es","potentialAction":[{"@type":"CommentAction","name":"Comment","target":["https:\/\/diarioellabrador.cl\/index.php\/2026\/04\/25\/piden-15-anos-de-carcel-para-acusado-por-robo-con-violencia-en-una-botilleria\/#respond"]}]},{"@type":"WebPage","@id":"https:\/\/diarioellabrador.cl\/index.php\/2026\/04\/25\/piden-15-anos-de-carcel-para-acusado-por-robo-con-violencia-en-una-botilleria\/","url":"https:\/\/diarioellabrador.cl\/index.php\/2026\/04\/25\/piden-15-anos-de-carcel-para-acusado-por-robo-con-violencia-en-una-botilleria\/","name":"Piden 15 a\u00f1os de c\u00e1rcel para acusado por robo con violencia en una botiller\u00eda - Diario El Labrador","isPartOf":{"@id":"https:\/\/diarioellabrador.cl\/#website"},"primaryImageOfPage":{"@id":"https:\/\/diarioellabrador.cl\/index.php\/2026\/04\/25\/piden-15-anos-de-carcel-para-acusado-por-robo-con-violencia-en-una-botilleria\/#primaryimage"},"image":{"@id":"https:\/\/diarioellabrador.cl\/index.php\/2026\/04\/25\/piden-15-anos-de-carcel-para-acusado-por-robo-con-violencia-en-una-botilleria\/#primaryimage"},"thumbnailUrl":"https:\/\/diarioellabrador.cl\/wp-content\/uploads\/2026\/04\/Piden-15-anos-de-carcel-para-acusado-por-robo-con-violencia-en-una-botilleria.jpg","datePublished":"2026-04-25T22:40:00+00:00","breadcrumb":{"@id":"https:\/\/diarioellabrador.cl\/index.php\/2026\/04\/25\/piden-15-anos-de-carcel-para-acusado-por-robo-con-violencia-en-una-botilleria\/#breadcrumb"},"inLanguage":"es","potentialAction":[{"@type":"ReadAction","target":["https:\/\/diarioellabrador.cl\/index.php\/2026\/04\/25\/piden-15-anos-de-carcel-para-acusado-por-robo-con-violencia-en-una-botilleria\/"]}]},{"@type":"ImageObject","inLanguage":"es","@id":"https:\/\/diarioellabrador.cl\/index.php\/2026\/04\/25\/piden-15-anos-de-carcel-para-acusado-por-robo-con-violencia-en-una-botilleria\/#primaryimage","url":"https:\/\/diarioellabrador.cl\/wp-content\/uploads\/2026\/04\/Piden-15-anos-de-carcel-para-acusado-por-robo-con-violencia-en-una-botilleria.jpg","contentUrl":"https:\/\/diarioellabrador.cl\/wp-content\/uploads\/2026\/04\/Piden-15-anos-de-carcel-para-acusado-por-robo-con-violencia-en-una-botilleria.jpg","width":740,"height":493},{"@type":"BreadcrumbList","@id":"https:\/\/diarioellabrador.cl\/index.php\/2026\/04\/25\/piden-15-anos-de-carcel-para-acusado-por-robo-con-violencia-en-una-botilleria\/#breadcrumb","itemListElement":[{"@type":"ListItem","position":1,"name":"Portada","item":"https:\/\/diarioellabrador.cl\/"},{"@type":"ListItem","position":2,"name":"Piden 15 a\u00f1os de c\u00e1rcel para acusado por robo con violencia en una botiller\u00eda"}]},{"@type":"WebSite","@id":"https:\/\/diarioellabrador.cl\/#website","url":"https:\/\/diarioellabrador.cl\/","name":"Diario El Labrador","description":"Haciendo noticia desde 1921","publisher":{"@id":"https:\/\/diarioellabrador.cl\/#organization"},"potentialAction":[{"@type":"SearchAction","target":{"@type":"EntryPoint","urlTemplate":"https:\/\/diarioellabrador.cl\/?s={search_term_string}"},"query-input":{"@type":"PropertyValueSpecification","valueRequired":true,"valueName":"search_term_string"}}],"inLanguage":"es"},{"@type":"Organization","@id":"https:\/\/diarioellabrador.cl\/#organization","name":"Diario El Labrador","url":"https:\/\/diarioellabrador.cl\/","logo":{"@type":"ImageObject","inLanguage":"es","@id":"https:\/\/diarioellabrador.cl\/#\/schema\/logo\/image\/","url":"https:\/\/diarioellabrador.cl\/wp-content\/uploads\/2025\/02\/cropped-Logo-Icono.png","contentUrl":"https:\/\/diarioellabrador.cl\/wp-content\/uploads\/2025\/02\/cropped-Logo-Icono.png","width":512,"height":512,"caption":"Diario El Labrador"},"image":{"@id":"https:\/\/diarioellabrador.cl\/#\/schema\/logo\/image\/"},"sameAs":["https:\/\/web.facebook.com\/profile.php?id=61576120840621","https:\/\/x.com\/ElLabradorOf","https:\/\/www.instagram.com\/diarioellabradoroficial\/"]},{"@type":"Person","@id":"https:\/\/diarioellabrador.cl\/#\/schema\/person\/bc25ff80b4563f9c7f4bd7855df01685","name":"Editor","image":{"@type":"ImageObject","inLanguage":"es","@id":"https:\/\/secure.gravatar.com\/avatar\/109c326cf2be5c04f048c2c2a2b8b6ef44bf3d8d1d3d4c55d0ac40c4bc994684?s=96&d=mm&r=g","url":"https:\/\/secure.gravatar.com\/avatar\/109c326cf2be5c04f048c2c2a2b8b6ef44bf3d8d1d3d4c55d0ac40c4bc994684?s=96&d=mm&r=g","contentUrl":"https:\/\/secure.gravatar.com\/avatar\/109c326cf2be5c04f048c2c2a2b8b6ef44bf3d8d1d3d4c55d0ac40c4bc994684?s=96&d=mm&r=g","caption":"Editor"},"url":"https:\/\/diarioellabrador.cl\/index.php\/author\/editor\/"}]}},"_links":{"self":[{"href":"https:\/\/diarioellabrador.cl\/index.php\/wp-json\/wp\/v2\/posts\/18541","targetHints":{"allow":["GET"]}}],"collection":[{"href":"https:\/\/diarioellabrador.cl\/index.php\/wp-json\/wp\/v2\/posts"}],"about":[{"href":"https:\/\/diarioellabrador.cl\/index.php\/wp-json\/wp\/v2\/types\/post"}],"author":[{"embeddable":true,"href":"https:\/\/diarioellabrador.cl\/index.php\/wp-json\/wp\/v2\/users\/2"}],"replies":[{"embeddable":true,"href":"https:\/\/diarioellabrador.cl\/index.php\/wp-json\/wp\/v2\/comments?post=18541"}],"version-history":[{"count":1,"href":"https:\/\/diarioellabrador.cl\/index.php\/wp-json\/wp\/v2\/posts\/18541\/revisions"}],"predecessor-version":[{"id":18542,"href":"https:\/\/diarioellabrador.cl\/index.php\/wp-json\/wp\/v2\/posts\/18541\/revisions\/18542"}],"wp:featuredmedia":[{"embeddable":true,"href":"https:\/\/diarioellabrador.cl\/index.php\/wp-json\/wp\/v2\/media\/18490"}],"wp:attachment":[{"href":"https:\/\/diarioellabrador.cl\/index.php\/wp-json\/wp\/v2\/media?parent=18541"}],"wp:term":[{"taxonomy":"category","embeddable":true,"href":"https:\/\/diarioellabrador.cl\/index.php\/wp-json\/wp\/v2\/categories?post=18541"},{"taxonomy":"post_tag","embeddable":true,"href":"https:\/\/diarioellabrador.cl\/index.php\/wp-json\/wp\/v2\/tags?post=18541"}],"curies":[{"name":"wp","href":"https:\/\/api.w.org\/{rel}","templated":true}]}}