{"id":18535,"date":"2026-04-25T18:38:00","date_gmt":"2026-04-25T22:38:00","guid":{"rendered":"https:\/\/diarioellabrador.cl\/?p=18535"},"modified":"2026-04-25T15:39:16","modified_gmt":"2026-04-25T19:39:16","slug":"en-prision-preventiva-quedo-mujer-que-mantenia-mas-de-un-kilo-de-clorhidrato-de-cocaina","status":"publish","type":"post","link":"https:\/\/diarioellabrador.cl\/index.php\/2026\/04\/25\/en-prision-preventiva-quedo-mujer-que-mantenia-mas-de-un-kilo-de-clorhidrato-de-cocaina\/","title":{"rendered":"En prisi\u00f3n preventiva qued\u00f3 mujer que manten\u00eda m\u00e1s de un kilo de clorhidrato de coca\u00edna"},"content":{"rendered":"\n<p>Personal de seguridad p\u00fablica fue alertado de hallazgo de droga en la poblaci\u00f3n El Parque y por lo mismo se solicit\u00f3 la presencia de carabineros.<\/p>\n\n\n\n<p>Al lugar llegaron funcionarios de la Secci\u00f3n de Investigaci\u00f3n Policial, SIP, quienes logran constatar la veracidad de la denuncia donde en el patio de una vivienda hab\u00edan arrojado un paquete tipo \u201cladrillo\u201d.<\/p>\n\n\n\n<p>Efectuada prueba de campo, esta arroja resultado positivo para clorhidrato de coca\u00edna, con un peso total de 1 kilo 160 gramos. Asimismo, se incauta otra sustancia con caracter\u00edsticas de \u201ctussi\u201d, con un peso de 53 gramos.<\/p>\n\n\n\n<p>En base a la denuncia se efect\u00faan diversas diligencias investigativas donde logran establecer conforme a declaraciones de testigos, que la due\u00f1a de la droga era una mujer identificada como C.M.O. de 36 a\u00f1os de nacionalidad chilena y con antecedentes por delitos asociados a la Ley 20.000.<\/p>\n\n\n\n<p>En el Tribunal de Garant\u00eda de Melipilla fue formalizada por tr\u00e1fico il\u00edcito de drogas donde la magistrado dictamin\u00f3 la medida cautelar de prisi\u00f3n preventiva en el CPF San Miguel estableciendo un plazo de investigaci\u00f3n de 60 d\u00edas.<\/p>\n","protected":false},"excerpt":{"rendered":"<p>Personal de seguridad p\u00fablica fue alertado de hallazgo de droga en la poblaci\u00f3n El Parque y por lo mismo se solicit\u00f3 la presencia de carabineros. Al lugar llegaron funcionarios de la Secci\u00f3n de Investigaci\u00f3n Policial, SIP, quienes logran constatar la veracidad de la denuncia donde en el patio de una vivienda hab\u00edan arrojado un paquete<\/p>\n<div class=\"read-more-wrapper\"><a class=\"read-more\" href=\"https:\/\/diarioellabrador.cl\/index.php\/2026\/04\/25\/en-prision-preventiva-quedo-mujer-que-mantenia-mas-de-un-kilo-de-clorhidrato-de-cocaina\/\" title=\"Leer m\u00e1s\"> <span class=\"button \">Leer m\u00e1s<\/span><\/a><\/div>\n","protected":false},"author":2,"featured_media":18488,"comment_status":"open","ping_status":"open","sticky":false,"template":"","format":"standard","meta":{"footnotes":""},"categories":[14,3],"tags":[],"class_list":["post-18535","post","type-post","status-publish","format-standard","has-post-thumbnail","hentry","category-destacados","category-policial"],"yoast_head":"<!-- This site is optimized with the Yoast SEO plugin v27.4 - https:\/\/yoast.com\/product\/yoast-seo-wordpress\/ -->\n<title>En prisi\u00f3n preventiva qued\u00f3 mujer que manten\u00eda m\u00e1s de un kilo de clorhidrato de coca\u00edna - Diario El Labrador<\/title>\n<meta name=\"robots\" content=\"index, follow, max-snippet:-1, max-image-preview:large, max-video-preview:-1\" \/>\n<link rel=\"canonical\" href=\"https:\/\/diarioellabrador.cl\/index.php\/2026\/04\/25\/en-prision-preventiva-quedo-mujer-que-mantenia-mas-de-un-kilo-de-clorhidrato-de-cocaina\/\" \/>\n<meta property=\"og:locale\" content=\"es_ES\" \/>\n<meta property=\"og:type\" content=\"article\" \/>\n<meta property=\"og:title\" content=\"En prisi\u00f3n preventiva qued\u00f3 mujer que manten\u00eda m\u00e1s de un kilo de clorhidrato de coca\u00edna - Diario El Labrador\" \/>\n<meta property=\"og:description\" content=\"Personal de seguridad p\u00fablica fue alertado de hallazgo de droga en la poblaci\u00f3n El Parque y por lo mismo se solicit\u00f3 la presencia de carabineros. Al lugar llegaron funcionarios de la Secci\u00f3n de Investigaci\u00f3n Policial, SIP, quienes logran constatar la veracidad de la denuncia donde en el patio de una vivienda hab\u00edan arrojado un paquete Leer m\u00e1s\" \/>\n<meta property=\"og:url\" content=\"https:\/\/diarioellabrador.cl\/index.php\/2026\/04\/25\/en-prision-preventiva-quedo-mujer-que-mantenia-mas-de-un-kilo-de-clorhidrato-de-cocaina\/\" \/>\n<meta property=\"og:site_name\" content=\"Diario El Labrador\" \/>\n<meta property=\"article:publisher\" content=\"https:\/\/web.facebook.com\/profile.php?id=61576120840621\" \/>\n<meta property=\"article:published_time\" content=\"2026-04-25T22:38:00+00:00\" \/>\n<meta property=\"og:image\" content=\"https:\/\/diarioellabrador.cl\/wp-content\/uploads\/2026\/04\/En-prision-preventiva-quedo-mujer-que-mantenia-mas-de-un-kilo-de-clorhidrato-de-cocaina-1.png\" \/>\n\t<meta property=\"og:image:width\" content=\"1600\" \/>\n\t<meta property=\"og:image:height\" content=\"1200\" \/>\n\t<meta property=\"og:image:type\" content=\"image\/png\" \/>\n<meta name=\"author\" content=\"Editor\" \/>\n<meta name=\"twitter:card\" content=\"summary_large_image\" \/>\n<meta name=\"twitter:creator\" content=\"@ElLabradorOf\" \/>\n<meta name=\"twitter:site\" content=\"@ElLabradorOf\" \/>\n<meta name=\"twitter:label1\" content=\"Escrito por\" \/>\n\t<meta name=\"twitter:data1\" content=\"Editor\" \/>\n\t<meta name=\"twitter:label2\" content=\"Tiempo de lectura\" \/>\n\t<meta name=\"twitter:data2\" content=\"2 minutos\" \/>\n<script type=\"application\/ld+json\" class=\"yoast-schema-graph\">{\"@context\":\"https:\\\/\\\/schema.org\",\"@graph\":[{\"@type\":\"Article\",\"@id\":\"https:\\\/\\\/diarioellabrador.cl\\\/index.php\\\/2026\\\/04\\\/25\\\/en-prision-preventiva-quedo-mujer-que-mantenia-mas-de-un-kilo-de-clorhidrato-de-cocaina\\\/#article\",\"isPartOf\":{\"@id\":\"https:\\\/\\\/diarioellabrador.cl\\\/index.php\\\/2026\\\/04\\\/25\\\/en-prision-preventiva-quedo-mujer-que-mantenia-mas-de-un-kilo-de-clorhidrato-de-cocaina\\\/\"},\"author\":{\"name\":\"Editor\",\"@id\":\"https:\\\/\\\/diarioellabrador.cl\\\/#\\\/schema\\\/person\\\/bc25ff80b4563f9c7f4bd7855df01685\"},\"headline\":\"En prisi\u00f3n preventiva qued\u00f3 mujer que manten\u00eda m\u00e1s de un kilo de clorhidrato de coca\u00edna\",\"datePublished\":\"2026-04-25T22:38:00+00:00\",\"mainEntityOfPage\":{\"@id\":\"https:\\\/\\\/diarioellabrador.cl\\\/index.php\\\/2026\\\/04\\\/25\\\/en-prision-preventiva-quedo-mujer-que-mantenia-mas-de-un-kilo-de-clorhidrato-de-cocaina\\\/\"},\"wordCount\":207,\"commentCount\":0,\"publisher\":{\"@id\":\"https:\\\/\\\/diarioellabrador.cl\\\/#organization\"},\"image\":{\"@id\":\"https:\\\/\\\/diarioellabrador.cl\\\/index.php\\\/2026\\\/04\\\/25\\\/en-prision-preventiva-quedo-mujer-que-mantenia-mas-de-un-kilo-de-clorhidrato-de-cocaina\\\/#primaryimage\"},\"thumbnailUrl\":\"https:\\\/\\\/diarioellabrador.cl\\\/wp-content\\\/uploads\\\/2026\\\/04\\\/En-prision-preventiva-quedo-mujer-que-mantenia-mas-de-un-kilo-de-clorhidrato-de-cocaina-1.png\",\"articleSection\":[\"Destacados\",\"Policial\"],\"inLanguage\":\"es\",\"potentialAction\":[{\"@type\":\"CommentAction\",\"name\":\"Comment\",\"target\":[\"https:\\\/\\\/diarioellabrador.cl\\\/index.php\\\/2026\\\/04\\\/25\\\/en-prision-preventiva-quedo-mujer-que-mantenia-mas-de-un-kilo-de-clorhidrato-de-cocaina\\\/#respond\"]}]},{\"@type\":\"WebPage\",\"@id\":\"https:\\\/\\\/diarioellabrador.cl\\\/index.php\\\/2026\\\/04\\\/25\\\/en-prision-preventiva-quedo-mujer-que-mantenia-mas-de-un-kilo-de-clorhidrato-de-cocaina\\\/\",\"url\":\"https:\\\/\\\/diarioellabrador.cl\\\/index.php\\\/2026\\\/04\\\/25\\\/en-prision-preventiva-quedo-mujer-que-mantenia-mas-de-un-kilo-de-clorhidrato-de-cocaina\\\/\",\"name\":\"En prisi\u00f3n preventiva qued\u00f3 mujer que manten\u00eda m\u00e1s de un kilo de clorhidrato de coca\u00edna - Diario El Labrador\",\"isPartOf\":{\"@id\":\"https:\\\/\\\/diarioellabrador.cl\\\/#website\"},\"primaryImageOfPage\":{\"@id\":\"https:\\\/\\\/diarioellabrador.cl\\\/index.php\\\/2026\\\/04\\\/25\\\/en-prision-preventiva-quedo-mujer-que-mantenia-mas-de-un-kilo-de-clorhidrato-de-cocaina\\\/#primaryimage\"},\"image\":{\"@id\":\"https:\\\/\\\/diarioellabrador.cl\\\/index.php\\\/2026\\\/04\\\/25\\\/en-prision-preventiva-quedo-mujer-que-mantenia-mas-de-un-kilo-de-clorhidrato-de-cocaina\\\/#primaryimage\"},\"thumbnailUrl\":\"https:\\\/\\\/diarioellabrador.cl\\\/wp-content\\\/uploads\\\/2026\\\/04\\\/En-prision-preventiva-quedo-mujer-que-mantenia-mas-de-un-kilo-de-clorhidrato-de-cocaina-1.png\",\"datePublished\":\"2026-04-25T22:38:00+00:00\",\"breadcrumb\":{\"@id\":\"https:\\\/\\\/diarioellabrador.cl\\\/index.php\\\/2026\\\/04\\\/25\\\/en-prision-preventiva-quedo-mujer-que-mantenia-mas-de-un-kilo-de-clorhidrato-de-cocaina\\\/#breadcrumb\"},\"inLanguage\":\"es\",\"potentialAction\":[{\"@type\":\"ReadAction\",\"target\":[\"https:\\\/\\\/diarioellabrador.cl\\\/index.php\\\/2026\\\/04\\\/25\\\/en-prision-preventiva-quedo-mujer-que-mantenia-mas-de-un-kilo-de-clorhidrato-de-cocaina\\\/\"]}]},{\"@type\":\"ImageObject\",\"inLanguage\":\"es\",\"@id\":\"https:\\\/\\\/diarioellabrador.cl\\\/index.php\\\/2026\\\/04\\\/25\\\/en-prision-preventiva-quedo-mujer-que-mantenia-mas-de-un-kilo-de-clorhidrato-de-cocaina\\\/#primaryimage\",\"url\":\"https:\\\/\\\/diarioellabrador.cl\\\/wp-content\\\/uploads\\\/2026\\\/04\\\/En-prision-preventiva-quedo-mujer-que-mantenia-mas-de-un-kilo-de-clorhidrato-de-cocaina-1.png\",\"contentUrl\":\"https:\\\/\\\/diarioellabrador.cl\\\/wp-content\\\/uploads\\\/2026\\\/04\\\/En-prision-preventiva-quedo-mujer-que-mantenia-mas-de-un-kilo-de-clorhidrato-de-cocaina-1.png\",\"width\":1600,\"height\":1200},{\"@type\":\"BreadcrumbList\",\"@id\":\"https:\\\/\\\/diarioellabrador.cl\\\/index.php\\\/2026\\\/04\\\/25\\\/en-prision-preventiva-quedo-mujer-que-mantenia-mas-de-un-kilo-de-clorhidrato-de-cocaina\\\/#breadcrumb\",\"itemListElement\":[{\"@type\":\"ListItem\",\"position\":1,\"name\":\"Portada\",\"item\":\"https:\\\/\\\/diarioellabrador.cl\\\/\"},{\"@type\":\"ListItem\",\"position\":2,\"name\":\"En prisi\u00f3n preventiva qued\u00f3 mujer que manten\u00eda m\u00e1s de un kilo de clorhidrato de coca\u00edna\"}]},{\"@type\":\"WebSite\",\"@id\":\"https:\\\/\\\/diarioellabrador.cl\\\/#website\",\"url\":\"https:\\\/\\\/diarioellabrador.cl\\\/\",\"name\":\"Diario El Labrador\",\"description\":\"Haciendo noticia desde 1921\",\"publisher\":{\"@id\":\"https:\\\/\\\/diarioellabrador.cl\\\/#organization\"},\"potentialAction\":[{\"@type\":\"SearchAction\",\"target\":{\"@type\":\"EntryPoint\",\"urlTemplate\":\"https:\\\/\\\/diarioellabrador.cl\\\/?s={search_term_string}\"},\"query-input\":{\"@type\":\"PropertyValueSpecification\",\"valueRequired\":true,\"valueName\":\"search_term_string\"}}],\"inLanguage\":\"es\"},{\"@type\":\"Organization\",\"@id\":\"https:\\\/\\\/diarioellabrador.cl\\\/#organization\",\"name\":\"Diario El Labrador\",\"url\":\"https:\\\/\\\/diarioellabrador.cl\\\/\",\"logo\":{\"@type\":\"ImageObject\",\"inLanguage\":\"es\",\"@id\":\"https:\\\/\\\/diarioellabrador.cl\\\/#\\\/schema\\\/logo\\\/image\\\/\",\"url\":\"https:\\\/\\\/diarioellabrador.cl\\\/wp-content\\\/uploads\\\/2025\\\/02\\\/cropped-Logo-Icono.png\",\"contentUrl\":\"https:\\\/\\\/diarioellabrador.cl\\\/wp-content\\\/uploads\\\/2025\\\/02\\\/cropped-Logo-Icono.png\",\"width\":512,\"height\":512,\"caption\":\"Diario El Labrador\"},\"image\":{\"@id\":\"https:\\\/\\\/diarioellabrador.cl\\\/#\\\/schema\\\/logo\\\/image\\\/\"},\"sameAs\":[\"https:\\\/\\\/web.facebook.com\\\/profile.php?id=61576120840621\",\"https:\\\/\\\/x.com\\\/ElLabradorOf\",\"https:\\\/\\\/www.instagram.com\\\/diarioellabradoroficial\\\/\"]},{\"@type\":\"Person\",\"@id\":\"https:\\\/\\\/diarioellabrador.cl\\\/#\\\/schema\\\/person\\\/bc25ff80b4563f9c7f4bd7855df01685\",\"name\":\"Editor\",\"image\":{\"@type\":\"ImageObject\",\"inLanguage\":\"es\",\"@id\":\"https:\\\/\\\/secure.gravatar.com\\\/avatar\\\/109c326cf2be5c04f048c2c2a2b8b6ef44bf3d8d1d3d4c55d0ac40c4bc994684?s=96&d=mm&r=g\",\"url\":\"https:\\\/\\\/secure.gravatar.com\\\/avatar\\\/109c326cf2be5c04f048c2c2a2b8b6ef44bf3d8d1d3d4c55d0ac40c4bc994684?s=96&d=mm&r=g\",\"contentUrl\":\"https:\\\/\\\/secure.gravatar.com\\\/avatar\\\/109c326cf2be5c04f048c2c2a2b8b6ef44bf3d8d1d3d4c55d0ac40c4bc994684?s=96&d=mm&r=g\",\"caption\":\"Editor\"},\"url\":\"https:\\\/\\\/diarioellabrador.cl\\\/index.php\\\/author\\\/editor\\\/\"}]}<\/script>\n<!-- \/ Yoast SEO plugin. -->","yoast_head_json":{"title":"En prisi\u00f3n preventiva qued\u00f3 mujer que manten\u00eda m\u00e1s de un kilo de clorhidrato de coca\u00edna - Diario El Labrador","robots":{"index":"index","follow":"follow","max-snippet":"max-snippet:-1","max-image-preview":"max-image-preview:large","max-video-preview":"max-video-preview:-1"},"canonical":"https:\/\/diarioellabrador.cl\/index.php\/2026\/04\/25\/en-prision-preventiva-quedo-mujer-que-mantenia-mas-de-un-kilo-de-clorhidrato-de-cocaina\/","og_locale":"es_ES","og_type":"article","og_title":"En prisi\u00f3n preventiva qued\u00f3 mujer que manten\u00eda m\u00e1s de un kilo de clorhidrato de coca\u00edna - Diario El Labrador","og_description":"Personal de seguridad p\u00fablica fue alertado de hallazgo de droga en la poblaci\u00f3n El Parque y por lo mismo se solicit\u00f3 la presencia de carabineros. Al lugar llegaron funcionarios de la Secci\u00f3n de Investigaci\u00f3n Policial, SIP, quienes logran constatar la veracidad de la denuncia donde en el patio de una vivienda hab\u00edan arrojado un paquete Leer m\u00e1s","og_url":"https:\/\/diarioellabrador.cl\/index.php\/2026\/04\/25\/en-prision-preventiva-quedo-mujer-que-mantenia-mas-de-un-kilo-de-clorhidrato-de-cocaina\/","og_site_name":"Diario El Labrador","article_publisher":"https:\/\/web.facebook.com\/profile.php?id=61576120840621","article_published_time":"2026-04-25T22:38:00+00:00","og_image":[{"width":1600,"height":1200,"url":"https:\/\/diarioellabrador.cl\/wp-content\/uploads\/2026\/04\/En-prision-preventiva-quedo-mujer-que-mantenia-mas-de-un-kilo-de-clorhidrato-de-cocaina-1.png","type":"image\/png"}],"author":"Editor","twitter_card":"summary_large_image","twitter_creator":"@ElLabradorOf","twitter_site":"@ElLabradorOf","twitter_misc":{"Escrito por":"Editor","Tiempo de lectura":"2 minutos"},"schema":{"@context":"https:\/\/schema.org","@graph":[{"@type":"Article","@id":"https:\/\/diarioellabrador.cl\/index.php\/2026\/04\/25\/en-prision-preventiva-quedo-mujer-que-mantenia-mas-de-un-kilo-de-clorhidrato-de-cocaina\/#article","isPartOf":{"@id":"https:\/\/diarioellabrador.cl\/index.php\/2026\/04\/25\/en-prision-preventiva-quedo-mujer-que-mantenia-mas-de-un-kilo-de-clorhidrato-de-cocaina\/"},"author":{"name":"Editor","@id":"https:\/\/diarioellabrador.cl\/#\/schema\/person\/bc25ff80b4563f9c7f4bd7855df01685"},"headline":"En prisi\u00f3n preventiva qued\u00f3 mujer que manten\u00eda m\u00e1s de un kilo de clorhidrato de coca\u00edna","datePublished":"2026-04-25T22:38:00+00:00","mainEntityOfPage":{"@id":"https:\/\/diarioellabrador.cl\/index.php\/2026\/04\/25\/en-prision-preventiva-quedo-mujer-que-mantenia-mas-de-un-kilo-de-clorhidrato-de-cocaina\/"},"wordCount":207,"commentCount":0,"publisher":{"@id":"https:\/\/diarioellabrador.cl\/#organization"},"image":{"@id":"https:\/\/diarioellabrador.cl\/index.php\/2026\/04\/25\/en-prision-preventiva-quedo-mujer-que-mantenia-mas-de-un-kilo-de-clorhidrato-de-cocaina\/#primaryimage"},"thumbnailUrl":"https:\/\/diarioellabrador.cl\/wp-content\/uploads\/2026\/04\/En-prision-preventiva-quedo-mujer-que-mantenia-mas-de-un-kilo-de-clorhidrato-de-cocaina-1.png","articleSection":["Destacados","Policial"],"inLanguage":"es","potentialAction":[{"@type":"CommentAction","name":"Comment","target":["https:\/\/diarioellabrador.cl\/index.php\/2026\/04\/25\/en-prision-preventiva-quedo-mujer-que-mantenia-mas-de-un-kilo-de-clorhidrato-de-cocaina\/#respond"]}]},{"@type":"WebPage","@id":"https:\/\/diarioellabrador.cl\/index.php\/2026\/04\/25\/en-prision-preventiva-quedo-mujer-que-mantenia-mas-de-un-kilo-de-clorhidrato-de-cocaina\/","url":"https:\/\/diarioellabrador.cl\/index.php\/2026\/04\/25\/en-prision-preventiva-quedo-mujer-que-mantenia-mas-de-un-kilo-de-clorhidrato-de-cocaina\/","name":"En prisi\u00f3n preventiva qued\u00f3 mujer que manten\u00eda m\u00e1s de un kilo de clorhidrato de coca\u00edna - Diario El Labrador","isPartOf":{"@id":"https:\/\/diarioellabrador.cl\/#website"},"primaryImageOfPage":{"@id":"https:\/\/diarioellabrador.cl\/index.php\/2026\/04\/25\/en-prision-preventiva-quedo-mujer-que-mantenia-mas-de-un-kilo-de-clorhidrato-de-cocaina\/#primaryimage"},"image":{"@id":"https:\/\/diarioellabrador.cl\/index.php\/2026\/04\/25\/en-prision-preventiva-quedo-mujer-que-mantenia-mas-de-un-kilo-de-clorhidrato-de-cocaina\/#primaryimage"},"thumbnailUrl":"https:\/\/diarioellabrador.cl\/wp-content\/uploads\/2026\/04\/En-prision-preventiva-quedo-mujer-que-mantenia-mas-de-un-kilo-de-clorhidrato-de-cocaina-1.png","datePublished":"2026-04-25T22:38:00+00:00","breadcrumb":{"@id":"https:\/\/diarioellabrador.cl\/index.php\/2026\/04\/25\/en-prision-preventiva-quedo-mujer-que-mantenia-mas-de-un-kilo-de-clorhidrato-de-cocaina\/#breadcrumb"},"inLanguage":"es","potentialAction":[{"@type":"ReadAction","target":["https:\/\/diarioellabrador.cl\/index.php\/2026\/04\/25\/en-prision-preventiva-quedo-mujer-que-mantenia-mas-de-un-kilo-de-clorhidrato-de-cocaina\/"]}]},{"@type":"ImageObject","inLanguage":"es","@id":"https:\/\/diarioellabrador.cl\/index.php\/2026\/04\/25\/en-prision-preventiva-quedo-mujer-que-mantenia-mas-de-un-kilo-de-clorhidrato-de-cocaina\/#primaryimage","url":"https:\/\/diarioellabrador.cl\/wp-content\/uploads\/2026\/04\/En-prision-preventiva-quedo-mujer-que-mantenia-mas-de-un-kilo-de-clorhidrato-de-cocaina-1.png","contentUrl":"https:\/\/diarioellabrador.cl\/wp-content\/uploads\/2026\/04\/En-prision-preventiva-quedo-mujer-que-mantenia-mas-de-un-kilo-de-clorhidrato-de-cocaina-1.png","width":1600,"height":1200},{"@type":"BreadcrumbList","@id":"https:\/\/diarioellabrador.cl\/index.php\/2026\/04\/25\/en-prision-preventiva-quedo-mujer-que-mantenia-mas-de-un-kilo-de-clorhidrato-de-cocaina\/#breadcrumb","itemListElement":[{"@type":"ListItem","position":1,"name":"Portada","item":"https:\/\/diarioellabrador.cl\/"},{"@type":"ListItem","position":2,"name":"En prisi\u00f3n preventiva qued\u00f3 mujer que manten\u00eda m\u00e1s de un kilo de clorhidrato de coca\u00edna"}]},{"@type":"WebSite","@id":"https:\/\/diarioellabrador.cl\/#website","url":"https:\/\/diarioellabrador.cl\/","name":"Diario El Labrador","description":"Haciendo noticia desde 1921","publisher":{"@id":"https:\/\/diarioellabrador.cl\/#organization"},"potentialAction":[{"@type":"SearchAction","target":{"@type":"EntryPoint","urlTemplate":"https:\/\/diarioellabrador.cl\/?s={search_term_string}"},"query-input":{"@type":"PropertyValueSpecification","valueRequired":true,"valueName":"search_term_string"}}],"inLanguage":"es"},{"@type":"Organization","@id":"https:\/\/diarioellabrador.cl\/#organization","name":"Diario El Labrador","url":"https:\/\/diarioellabrador.cl\/","logo":{"@type":"ImageObject","inLanguage":"es","@id":"https:\/\/diarioellabrador.cl\/#\/schema\/logo\/image\/","url":"https:\/\/diarioellabrador.cl\/wp-content\/uploads\/2025\/02\/cropped-Logo-Icono.png","contentUrl":"https:\/\/diarioellabrador.cl\/wp-content\/uploads\/2025\/02\/cropped-Logo-Icono.png","width":512,"height":512,"caption":"Diario El Labrador"},"image":{"@id":"https:\/\/diarioellabrador.cl\/#\/schema\/logo\/image\/"},"sameAs":["https:\/\/web.facebook.com\/profile.php?id=61576120840621","https:\/\/x.com\/ElLabradorOf","https:\/\/www.instagram.com\/diarioellabradoroficial\/"]},{"@type":"Person","@id":"https:\/\/diarioellabrador.cl\/#\/schema\/person\/bc25ff80b4563f9c7f4bd7855df01685","name":"Editor","image":{"@type":"ImageObject","inLanguage":"es","@id":"https:\/\/secure.gravatar.com\/avatar\/109c326cf2be5c04f048c2c2a2b8b6ef44bf3d8d1d3d4c55d0ac40c4bc994684?s=96&d=mm&r=g","url":"https:\/\/secure.gravatar.com\/avatar\/109c326cf2be5c04f048c2c2a2b8b6ef44bf3d8d1d3d4c55d0ac40c4bc994684?s=96&d=mm&r=g","contentUrl":"https:\/\/secure.gravatar.com\/avatar\/109c326cf2be5c04f048c2c2a2b8b6ef44bf3d8d1d3d4c55d0ac40c4bc994684?s=96&d=mm&r=g","caption":"Editor"},"url":"https:\/\/diarioellabrador.cl\/index.php\/author\/editor\/"}]}},"_links":{"self":[{"href":"https:\/\/diarioellabrador.cl\/index.php\/wp-json\/wp\/v2\/posts\/18535","targetHints":{"allow":["GET"]}}],"collection":[{"href":"https:\/\/diarioellabrador.cl\/index.php\/wp-json\/wp\/v2\/posts"}],"about":[{"href":"https:\/\/diarioellabrador.cl\/index.php\/wp-json\/wp\/v2\/types\/post"}],"author":[{"embeddable":true,"href":"https:\/\/diarioellabrador.cl\/index.php\/wp-json\/wp\/v2\/users\/2"}],"replies":[{"embeddable":true,"href":"https:\/\/diarioellabrador.cl\/index.php\/wp-json\/wp\/v2\/comments?post=18535"}],"version-history":[{"count":1,"href":"https:\/\/diarioellabrador.cl\/index.php\/wp-json\/wp\/v2\/posts\/18535\/revisions"}],"predecessor-version":[{"id":18536,"href":"https:\/\/diarioellabrador.cl\/index.php\/wp-json\/wp\/v2\/posts\/18535\/revisions\/18536"}],"wp:featuredmedia":[{"embeddable":true,"href":"https:\/\/diarioellabrador.cl\/index.php\/wp-json\/wp\/v2\/media\/18488"}],"wp:attachment":[{"href":"https:\/\/diarioellabrador.cl\/index.php\/wp-json\/wp\/v2\/media?parent=18535"}],"wp:term":[{"taxonomy":"category","embeddable":true,"href":"https:\/\/diarioellabrador.cl\/index.php\/wp-json\/wp\/v2\/categories?post=18535"},{"taxonomy":"post_tag","embeddable":true,"href":"https:\/\/diarioellabrador.cl\/index.php\/wp-json\/wp\/v2\/tags?post=18535"}],"curies":[{"name":"wp","href":"https:\/\/api.w.org\/{rel}","templated":true}]}}