{"id":18533,"date":"2026-04-25T18:33:00","date_gmt":"2026-04-25T22:33:00","guid":{"rendered":"https:\/\/diarioellabrador.cl\/?p=18533"},"modified":"2026-04-25T15:38:38","modified_gmt":"2026-04-25T19:38:38","slug":"heraldica-23","status":"publish","type":"post","link":"https:\/\/diarioellabrador.cl\/index.php\/2026\/04\/25\/heraldica-23\/","title":{"rendered":"Her\u00e1ldica (23)\u00a0\u00a0\u00a0\u00a0\u00a0\u00a0\u00a0\u00a0\u00a0"},"content":{"rendered":"\n<figure class=\"wp-block-image size-full\"><img loading=\"lazy\" decoding=\"async\" width=\"355\" height=\"77\" src=\"https:\/\/diarioellabrador.cl\/wp-content\/uploads\/2026\/04\/Captura-de-pantalla-2025-12-13-152743-2.png\" alt=\"\" class=\"wp-image-18513\" srcset=\"https:\/\/diarioellabrador.cl\/wp-content\/uploads\/2026\/04\/Captura-de-pantalla-2025-12-13-152743-2.png 355w, https:\/\/diarioellabrador.cl\/wp-content\/uploads\/2026\/04\/Captura-de-pantalla-2025-12-13-152743-2-300x65.png 300w\" sizes=\"auto, (max-width: 355px) 100vw, 355px\" \/><\/figure>\n\n\n\n<p>Otros signos externos del blas\u00f3n son los Lambrequines, tenantes y soportes<\/p>\n\n\n\n<p><strong>Lambrequines:<\/strong><\/p>\n\n\n\n<p>Cuando el escudo est\u00e1 timbrado de un yelmo, se ve generalmente a \u00e9ste, adornado de ciertas piezas de tela o tambi\u00e9n penachos que salen detr\u00e1s del yelmo y penden por ambos lados, &nbsp;estos son los Lambrequines.<\/p>\n\n\n\n<p><strong>Lambrequines de plata y sinople<\/strong><\/p>\n\n\n\n<figure class=\"wp-block-image size-full\"><img loading=\"lazy\" decoding=\"async\" width=\"238\" height=\"238\" src=\"https:\/\/diarioellabrador.cl\/wp-content\/uploads\/2026\/04\/Captura-de-pantalla-2026-04-25-125818.png\" alt=\"\" class=\"wp-image-18514\" srcset=\"https:\/\/diarioellabrador.cl\/wp-content\/uploads\/2026\/04\/Captura-de-pantalla-2026-04-25-125818.png 238w, https:\/\/diarioellabrador.cl\/wp-content\/uploads\/2026\/04\/Captura-de-pantalla-2026-04-25-125818-150x150.png 150w, https:\/\/diarioellabrador.cl\/wp-content\/uploads\/2026\/04\/Captura-de-pantalla-2026-04-25-125818-95x95.png 95w, https:\/\/diarioellabrador.cl\/wp-content\/uploads\/2026\/04\/Captura-de-pantalla-2026-04-25-125818-140x140.png 140w\" sizes=\"auto, (max-width: 238px) 100vw, 238px\" \/><\/figure>\n\n\n\n<p><strong>Lambrequines de Oro y\u00a0 gules<\/strong><\/p>\n\n\n\n<figure class=\"wp-block-image size-full\"><img loading=\"lazy\" decoding=\"async\" width=\"271\" height=\"239\" src=\"https:\/\/diarioellabrador.cl\/wp-content\/uploads\/2026\/04\/Captura-de-pantalla-2026-04-25-125822.png\" alt=\"\" class=\"wp-image-18515\" \/><\/figure>\n\n\n\n<p><strong>Tenantes<\/strong><strong>:<\/strong><\/p>\n\n\n\n<p>Los tenantes y soportes, son ciertas figuras de \u00e1ngeles, hombres, cuadr\u00fapedos, aves, reptiles, etc. Aunque cuando las figuras que sostienen o custodian el escudo son \u00e1ngeles o humanos se dice que son \u201cTenantes\u201d en cualquier otro caso, simplemente \u201csoportes\u201d<\/p>\n\n\n\n<p>Ejemplo de Tenantes<\/p>\n\n\n\n<figure class=\"wp-block-image size-full\"><img loading=\"lazy\" decoding=\"async\" width=\"286\" height=\"234\" src=\"https:\/\/diarioellabrador.cl\/wp-content\/uploads\/2026\/04\/Captura-de-pantalla-2026-04-25-125826.png\" alt=\"\" class=\"wp-image-18516\" \/><\/figure>\n\n\n\n<p>Ejemplo de Soportes<\/p>\n\n\n\n<figure class=\"wp-block-image size-full\"><img loading=\"lazy\" decoding=\"async\" width=\"283\" height=\"230\" src=\"https:\/\/diarioellabrador.cl\/wp-content\/uploads\/2026\/04\/Captura-de-pantalla-2026-04-25-125830.png\" alt=\"\" class=\"wp-image-18517\" \/><\/figure>\n\n\n\n<p><strong>A<\/strong><strong>pellido de la semana<\/strong><\/p>\n\n\n\n<p><strong>M<\/strong><strong>anso<\/strong> (Algunos Manso, destacados)<\/p>\n\n\n\n<p>&nbsp;Jos\u00e9 Antonio Manso de Velasco y S\u00e1nchez de Samaniego: (1689-1767)<\/p>\n\n\n\n<p>Conde de Superunda y caballero de la Orden de Santiago fundador de Melipilla, San Felipe. Cauquenes, San Fernando, Talca, Los \u00c1ngeles, Curic\u00f3, Rancagua y Copiap\u00f3. Militar y pol\u00edtico espa\u00f1ol, que fue gobernador del Reino de Chile entre 1737 y 1744, y virrey del Per\u00fa entre los a\u00f1os 1745 y 1761. (Err\u00f3neamente existe una calle \u201cConde de Manso\u201d, debiendo ser \u201c<strong>Conde Manso<\/strong>\u201d, el Conde de Manso NO EXISTI\u00d3). Ojal\u00e1 nuestra alcaldesa y concejo corrijan ese error Hist\u00f3rico.<\/p>\n\n\n\n<p>Mar\u00eda Manso Jara Quemada<\/p>\n\n\n\n<p>Mujer melipillana, descendiente de la estirpe Manso y de la patriota Chilena Paula Jara Quemada, que se destac\u00f3 por su acci\u00f3n ligada a la Iglesia de Melipilla y por su apoyo a la juventud, especialmente en el terremoto de 1939.<\/p>\n\n\n\n<p><em>Escudo Original existente en el retrato del Virrey en la catedral de Lima.<\/em><\/p>\n\n\n\n<figure class=\"wp-block-image size-full\"><img loading=\"lazy\" decoding=\"async\" width=\"129\" height=\"144\" src=\"https:\/\/diarioellabrador.cl\/wp-content\/uploads\/2026\/04\/Captura-de-pantalla-2026-04-25-125837.png\" alt=\"\" class=\"wp-image-18518\" \/><\/figure>\n\n\n\n<p><em>Versi\u00f3n Digital del escudo del Virrey hecha por autor, se trabaja en una versi\u00f3n, que sea concordante con la descripci\u00f3n que hace la revista complutense de Historia de Am\u00e9rica, para publicarla en octubre de este a\u00f1o.<\/em><\/p>\n\n\n\n<figure class=\"wp-block-image size-full\"><img loading=\"lazy\" decoding=\"async\" width=\"338\" height=\"357\" src=\"https:\/\/diarioellabrador.cl\/wp-content\/uploads\/2026\/04\/Captura-de-pantalla-2026-04-25-125904.png\" alt=\"\" class=\"wp-image-18519\" srcset=\"https:\/\/diarioellabrador.cl\/wp-content\/uploads\/2026\/04\/Captura-de-pantalla-2026-04-25-125904.png 338w, https:\/\/diarioellabrador.cl\/wp-content\/uploads\/2026\/04\/Captura-de-pantalla-2026-04-25-125904-284x300.png 284w\" sizes=\"auto, (max-width: 338px) 100vw, 338px\" \/><\/figure>\n\n\n\n<p>Sus Armas:<\/p>\n\n\n\n<p>Cuartelado en nueve particiones: 1\u00b0En campo de oro, un ciervo rampante al natural. 2\u00b0 en campo de gules, tres torres de oro, aclaradas de sable. 3\u00b0en campo de oro, dos torres de gules, mazonada de sable en campo de sable, un tablero ajedrezado de plata. 4\u00b0 en campo de azur, un creciente ranversado de plata sobre ondas del mismo metal. 5\u00b0 en campo de plata, un \u00e1rbol de sinople acompa\u00f1ado de un perro pasante de sable. 6\u00b0 en campo de oro, una cabra montesa al natural sobre monte. 7\u00b0 en campo de sable, una estrella de plata acompa\u00f1ada de dos torres de gules. 8\u00b0 en campo de gules dos torres de lo mismo mazonadas de sable, 9\u00b0 en campo de azur, un caballo rampante de plata.<\/p>\n","protected":false},"excerpt":{"rendered":"<p>Otros signos externos del blas\u00f3n son los Lambrequines, tenantes y soportes Lambrequines: Cuando el escudo est\u00e1 timbrado de un yelmo, se ve generalmente a \u00e9ste, adornado de ciertas piezas de tela o tambi\u00e9n penachos que salen detr\u00e1s del yelmo y penden por ambos lados, &nbsp;estos son los Lambrequines. Lambrequines de plata y sinople Lambrequines de<\/p>\n<div class=\"read-more-wrapper\"><a class=\"read-more\" href=\"https:\/\/diarioellabrador.cl\/index.php\/2026\/04\/25\/heraldica-23\/\" title=\"Leer m\u00e1s\"> <span class=\"button \">Leer m\u00e1s<\/span><\/a><\/div>\n","protected":false},"author":2,"featured_media":18512,"comment_status":"open","ping_status":"open","sticky":false,"template":"","format":"standard","meta":{"footnotes":""},"categories":[7],"tags":[],"class_list":["post-18533","post","type-post","status-publish","format-standard","has-post-thumbnail","hentry","category-cultura"],"yoast_head":"<!-- This site is optimized with the Yoast SEO plugin v27.5 - https:\/\/yoast.com\/product\/yoast-seo-wordpress\/ -->\n<title>Her\u00e1ldica (23)\u00a0\u00a0\u00a0\u00a0\u00a0\u00a0\u00a0\u00a0\u00a0 - Diario El Labrador<\/title>\n<meta name=\"robots\" content=\"index, follow, max-snippet:-1, max-image-preview:large, max-video-preview:-1\" \/>\n<link rel=\"canonical\" href=\"https:\/\/diarioellabrador.cl\/index.php\/2026\/04\/25\/heraldica-23\/\" \/>\n<meta property=\"og:locale\" content=\"es_ES\" \/>\n<meta property=\"og:type\" content=\"article\" \/>\n<meta property=\"og:title\" content=\"Her\u00e1ldica (23)\u00a0\u00a0\u00a0\u00a0\u00a0\u00a0\u00a0\u00a0\u00a0 - Diario El Labrador\" \/>\n<meta property=\"og:description\" content=\"Otros signos externos del blas\u00f3n son los Lambrequines, tenantes y soportes Lambrequines: Cuando el escudo est\u00e1 timbrado de un yelmo, se ve generalmente a \u00e9ste, adornado de ciertas piezas de tela o tambi\u00e9n penachos que salen detr\u00e1s del yelmo y penden por ambos lados, &nbsp;estos son los Lambrequines. Lambrequines de plata y sinople Lambrequines de Leer m\u00e1s\" \/>\n<meta property=\"og:url\" content=\"https:\/\/diarioellabrador.cl\/index.php\/2026\/04\/25\/heraldica-23\/\" \/>\n<meta property=\"og:site_name\" content=\"Diario El Labrador\" \/>\n<meta property=\"article:publisher\" content=\"https:\/\/web.facebook.com\/profile.php?id=61576120840621\" \/>\n<meta property=\"article:published_time\" content=\"2026-04-25T22:33:00+00:00\" \/>\n<meta property=\"og:image\" content=\"https:\/\/diarioellabrador.cl\/wp-content\/uploads\/2026\/04\/Captura-de-pantalla-2025-12-06-164428-2.png\" \/>\n\t<meta property=\"og:image:width\" content=\"274\" \/>\n\t<meta property=\"og:image:height\" content=\"377\" \/>\n\t<meta property=\"og:image:type\" content=\"image\/png\" \/>\n<meta name=\"author\" content=\"Editor\" \/>\n<meta name=\"twitter:card\" content=\"summary_large_image\" \/>\n<meta name=\"twitter:creator\" content=\"@ElLabradorOf\" \/>\n<meta name=\"twitter:site\" content=\"@ElLabradorOf\" \/>\n<meta name=\"twitter:label1\" content=\"Escrito por\" \/>\n\t<meta name=\"twitter:data1\" content=\"Editor\" \/>\n\t<meta name=\"twitter:label2\" content=\"Tiempo de lectura\" \/>\n\t<meta name=\"twitter:data2\" content=\"4 minutos\" \/>\n<script type=\"application\/ld+json\" class=\"yoast-schema-graph\">{\"@context\":\"https:\\\/\\\/schema.org\",\"@graph\":[{\"@type\":\"Article\",\"@id\":\"https:\\\/\\\/diarioellabrador.cl\\\/index.php\\\/2026\\\/04\\\/25\\\/heraldica-23\\\/#article\",\"isPartOf\":{\"@id\":\"https:\\\/\\\/diarioellabrador.cl\\\/index.php\\\/2026\\\/04\\\/25\\\/heraldica-23\\\/\"},\"author\":{\"name\":\"Editor\",\"@id\":\"https:\\\/\\\/diarioellabrador.cl\\\/#\\\/schema\\\/person\\\/bc25ff80b4563f9c7f4bd7855df01685\"},\"headline\":\"Her\u00e1ldica (23)\u00a0\u00a0\u00a0\u00a0\u00a0\u00a0\u00a0\u00a0\u00a0\",\"datePublished\":\"2026-04-25T22:33:00+00:00\",\"mainEntityOfPage\":{\"@id\":\"https:\\\/\\\/diarioellabrador.cl\\\/index.php\\\/2026\\\/04\\\/25\\\/heraldica-23\\\/\"},\"wordCount\":432,\"commentCount\":0,\"publisher\":{\"@id\":\"https:\\\/\\\/diarioellabrador.cl\\\/#organization\"},\"image\":{\"@id\":\"https:\\\/\\\/diarioellabrador.cl\\\/index.php\\\/2026\\\/04\\\/25\\\/heraldica-23\\\/#primaryimage\"},\"thumbnailUrl\":\"https:\\\/\\\/diarioellabrador.cl\\\/wp-content\\\/uploads\\\/2026\\\/04\\\/Captura-de-pantalla-2025-12-06-164428-2.png\",\"articleSection\":[\"Cultura\"],\"inLanguage\":\"es\",\"potentialAction\":[{\"@type\":\"CommentAction\",\"name\":\"Comment\",\"target\":[\"https:\\\/\\\/diarioellabrador.cl\\\/index.php\\\/2026\\\/04\\\/25\\\/heraldica-23\\\/#respond\"]}]},{\"@type\":\"WebPage\",\"@id\":\"https:\\\/\\\/diarioellabrador.cl\\\/index.php\\\/2026\\\/04\\\/25\\\/heraldica-23\\\/\",\"url\":\"https:\\\/\\\/diarioellabrador.cl\\\/index.php\\\/2026\\\/04\\\/25\\\/heraldica-23\\\/\",\"name\":\"Her\u00e1ldica (23)\u00a0\u00a0\u00a0\u00a0\u00a0\u00a0\u00a0\u00a0\u00a0 - Diario El Labrador\",\"isPartOf\":{\"@id\":\"https:\\\/\\\/diarioellabrador.cl\\\/#website\"},\"primaryImageOfPage\":{\"@id\":\"https:\\\/\\\/diarioellabrador.cl\\\/index.php\\\/2026\\\/04\\\/25\\\/heraldica-23\\\/#primaryimage\"},\"image\":{\"@id\":\"https:\\\/\\\/diarioellabrador.cl\\\/index.php\\\/2026\\\/04\\\/25\\\/heraldica-23\\\/#primaryimage\"},\"thumbnailUrl\":\"https:\\\/\\\/diarioellabrador.cl\\\/wp-content\\\/uploads\\\/2026\\\/04\\\/Captura-de-pantalla-2025-12-06-164428-2.png\",\"datePublished\":\"2026-04-25T22:33:00+00:00\",\"breadcrumb\":{\"@id\":\"https:\\\/\\\/diarioellabrador.cl\\\/index.php\\\/2026\\\/04\\\/25\\\/heraldica-23\\\/#breadcrumb\"},\"inLanguage\":\"es\",\"potentialAction\":[{\"@type\":\"ReadAction\",\"target\":[\"https:\\\/\\\/diarioellabrador.cl\\\/index.php\\\/2026\\\/04\\\/25\\\/heraldica-23\\\/\"]}]},{\"@type\":\"ImageObject\",\"inLanguage\":\"es\",\"@id\":\"https:\\\/\\\/diarioellabrador.cl\\\/index.php\\\/2026\\\/04\\\/25\\\/heraldica-23\\\/#primaryimage\",\"url\":\"https:\\\/\\\/diarioellabrador.cl\\\/wp-content\\\/uploads\\\/2026\\\/04\\\/Captura-de-pantalla-2025-12-06-164428-2.png\",\"contentUrl\":\"https:\\\/\\\/diarioellabrador.cl\\\/wp-content\\\/uploads\\\/2026\\\/04\\\/Captura-de-pantalla-2025-12-06-164428-2.png\",\"width\":274,\"height\":377},{\"@type\":\"BreadcrumbList\",\"@id\":\"https:\\\/\\\/diarioellabrador.cl\\\/index.php\\\/2026\\\/04\\\/25\\\/heraldica-23\\\/#breadcrumb\",\"itemListElement\":[{\"@type\":\"ListItem\",\"position\":1,\"name\":\"Portada\",\"item\":\"https:\\\/\\\/diarioellabrador.cl\\\/\"},{\"@type\":\"ListItem\",\"position\":2,\"name\":\"Her\u00e1ldica (23)\u00a0\u00a0\u00a0\u00a0\u00a0\u00a0\u00a0\u00a0\u00a0\"}]},{\"@type\":\"WebSite\",\"@id\":\"https:\\\/\\\/diarioellabrador.cl\\\/#website\",\"url\":\"https:\\\/\\\/diarioellabrador.cl\\\/\",\"name\":\"Diario El Labrador\",\"description\":\"Haciendo noticia desde 1921\",\"publisher\":{\"@id\":\"https:\\\/\\\/diarioellabrador.cl\\\/#organization\"},\"potentialAction\":[{\"@type\":\"SearchAction\",\"target\":{\"@type\":\"EntryPoint\",\"urlTemplate\":\"https:\\\/\\\/diarioellabrador.cl\\\/?s={search_term_string}\"},\"query-input\":{\"@type\":\"PropertyValueSpecification\",\"valueRequired\":true,\"valueName\":\"search_term_string\"}}],\"inLanguage\":\"es\"},{\"@type\":\"Organization\",\"@id\":\"https:\\\/\\\/diarioellabrador.cl\\\/#organization\",\"name\":\"Diario El Labrador\",\"url\":\"https:\\\/\\\/diarioellabrador.cl\\\/\",\"logo\":{\"@type\":\"ImageObject\",\"inLanguage\":\"es\",\"@id\":\"https:\\\/\\\/diarioellabrador.cl\\\/#\\\/schema\\\/logo\\\/image\\\/\",\"url\":\"https:\\\/\\\/diarioellabrador.cl\\\/wp-content\\\/uploads\\\/2025\\\/02\\\/cropped-Logo-Icono.png\",\"contentUrl\":\"https:\\\/\\\/diarioellabrador.cl\\\/wp-content\\\/uploads\\\/2025\\\/02\\\/cropped-Logo-Icono.png\",\"width\":512,\"height\":512,\"caption\":\"Diario El Labrador\"},\"image\":{\"@id\":\"https:\\\/\\\/diarioellabrador.cl\\\/#\\\/schema\\\/logo\\\/image\\\/\"},\"sameAs\":[\"https:\\\/\\\/web.facebook.com\\\/profile.php?id=61576120840621\",\"https:\\\/\\\/x.com\\\/ElLabradorOf\",\"https:\\\/\\\/www.instagram.com\\\/diarioellabradoroficial\\\/\"]},{\"@type\":\"Person\",\"@id\":\"https:\\\/\\\/diarioellabrador.cl\\\/#\\\/schema\\\/person\\\/bc25ff80b4563f9c7f4bd7855df01685\",\"name\":\"Editor\",\"image\":{\"@type\":\"ImageObject\",\"inLanguage\":\"es\",\"@id\":\"https:\\\/\\\/secure.gravatar.com\\\/avatar\\\/109c326cf2be5c04f048c2c2a2b8b6ef44bf3d8d1d3d4c55d0ac40c4bc994684?s=96&d=mm&r=g\",\"url\":\"https:\\\/\\\/secure.gravatar.com\\\/avatar\\\/109c326cf2be5c04f048c2c2a2b8b6ef44bf3d8d1d3d4c55d0ac40c4bc994684?s=96&d=mm&r=g\",\"contentUrl\":\"https:\\\/\\\/secure.gravatar.com\\\/avatar\\\/109c326cf2be5c04f048c2c2a2b8b6ef44bf3d8d1d3d4c55d0ac40c4bc994684?s=96&d=mm&r=g\",\"caption\":\"Editor\"},\"url\":\"https:\\\/\\\/diarioellabrador.cl\\\/index.php\\\/author\\\/editor\\\/\"}]}<\/script>\n<!-- \/ Yoast SEO plugin. -->","yoast_head_json":{"title":"Her\u00e1ldica (23)\u00a0\u00a0\u00a0\u00a0\u00a0\u00a0\u00a0\u00a0\u00a0 - Diario El Labrador","robots":{"index":"index","follow":"follow","max-snippet":"max-snippet:-1","max-image-preview":"max-image-preview:large","max-video-preview":"max-video-preview:-1"},"canonical":"https:\/\/diarioellabrador.cl\/index.php\/2026\/04\/25\/heraldica-23\/","og_locale":"es_ES","og_type":"article","og_title":"Her\u00e1ldica (23)\u00a0\u00a0\u00a0\u00a0\u00a0\u00a0\u00a0\u00a0\u00a0 - Diario El Labrador","og_description":"Otros signos externos del blas\u00f3n son los Lambrequines, tenantes y soportes Lambrequines: Cuando el escudo est\u00e1 timbrado de un yelmo, se ve generalmente a \u00e9ste, adornado de ciertas piezas de tela o tambi\u00e9n penachos que salen detr\u00e1s del yelmo y penden por ambos lados, &nbsp;estos son los Lambrequines. Lambrequines de plata y sinople Lambrequines de Leer m\u00e1s","og_url":"https:\/\/diarioellabrador.cl\/index.php\/2026\/04\/25\/heraldica-23\/","og_site_name":"Diario El Labrador","article_publisher":"https:\/\/web.facebook.com\/profile.php?id=61576120840621","article_published_time":"2026-04-25T22:33:00+00:00","og_image":[{"width":274,"height":377,"url":"https:\/\/diarioellabrador.cl\/wp-content\/uploads\/2026\/04\/Captura-de-pantalla-2025-12-06-164428-2.png","type":"image\/png"}],"author":"Editor","twitter_card":"summary_large_image","twitter_creator":"@ElLabradorOf","twitter_site":"@ElLabradorOf","twitter_misc":{"Escrito por":"Editor","Tiempo de lectura":"4 minutos"},"schema":{"@context":"https:\/\/schema.org","@graph":[{"@type":"Article","@id":"https:\/\/diarioellabrador.cl\/index.php\/2026\/04\/25\/heraldica-23\/#article","isPartOf":{"@id":"https:\/\/diarioellabrador.cl\/index.php\/2026\/04\/25\/heraldica-23\/"},"author":{"name":"Editor","@id":"https:\/\/diarioellabrador.cl\/#\/schema\/person\/bc25ff80b4563f9c7f4bd7855df01685"},"headline":"Her\u00e1ldica (23)\u00a0\u00a0\u00a0\u00a0\u00a0\u00a0\u00a0\u00a0\u00a0","datePublished":"2026-04-25T22:33:00+00:00","mainEntityOfPage":{"@id":"https:\/\/diarioellabrador.cl\/index.php\/2026\/04\/25\/heraldica-23\/"},"wordCount":432,"commentCount":0,"publisher":{"@id":"https:\/\/diarioellabrador.cl\/#organization"},"image":{"@id":"https:\/\/diarioellabrador.cl\/index.php\/2026\/04\/25\/heraldica-23\/#primaryimage"},"thumbnailUrl":"https:\/\/diarioellabrador.cl\/wp-content\/uploads\/2026\/04\/Captura-de-pantalla-2025-12-06-164428-2.png","articleSection":["Cultura"],"inLanguage":"es","potentialAction":[{"@type":"CommentAction","name":"Comment","target":["https:\/\/diarioellabrador.cl\/index.php\/2026\/04\/25\/heraldica-23\/#respond"]}]},{"@type":"WebPage","@id":"https:\/\/diarioellabrador.cl\/index.php\/2026\/04\/25\/heraldica-23\/","url":"https:\/\/diarioellabrador.cl\/index.php\/2026\/04\/25\/heraldica-23\/","name":"Her\u00e1ldica (23)\u00a0\u00a0\u00a0\u00a0\u00a0\u00a0\u00a0\u00a0\u00a0 - Diario El Labrador","isPartOf":{"@id":"https:\/\/diarioellabrador.cl\/#website"},"primaryImageOfPage":{"@id":"https:\/\/diarioellabrador.cl\/index.php\/2026\/04\/25\/heraldica-23\/#primaryimage"},"image":{"@id":"https:\/\/diarioellabrador.cl\/index.php\/2026\/04\/25\/heraldica-23\/#primaryimage"},"thumbnailUrl":"https:\/\/diarioellabrador.cl\/wp-content\/uploads\/2026\/04\/Captura-de-pantalla-2025-12-06-164428-2.png","datePublished":"2026-04-25T22:33:00+00:00","breadcrumb":{"@id":"https:\/\/diarioellabrador.cl\/index.php\/2026\/04\/25\/heraldica-23\/#breadcrumb"},"inLanguage":"es","potentialAction":[{"@type":"ReadAction","target":["https:\/\/diarioellabrador.cl\/index.php\/2026\/04\/25\/heraldica-23\/"]}]},{"@type":"ImageObject","inLanguage":"es","@id":"https:\/\/diarioellabrador.cl\/index.php\/2026\/04\/25\/heraldica-23\/#primaryimage","url":"https:\/\/diarioellabrador.cl\/wp-content\/uploads\/2026\/04\/Captura-de-pantalla-2025-12-06-164428-2.png","contentUrl":"https:\/\/diarioellabrador.cl\/wp-content\/uploads\/2026\/04\/Captura-de-pantalla-2025-12-06-164428-2.png","width":274,"height":377},{"@type":"BreadcrumbList","@id":"https:\/\/diarioellabrador.cl\/index.php\/2026\/04\/25\/heraldica-23\/#breadcrumb","itemListElement":[{"@type":"ListItem","position":1,"name":"Portada","item":"https:\/\/diarioellabrador.cl\/"},{"@type":"ListItem","position":2,"name":"Her\u00e1ldica (23)\u00a0\u00a0\u00a0\u00a0\u00a0\u00a0\u00a0\u00a0\u00a0"}]},{"@type":"WebSite","@id":"https:\/\/diarioellabrador.cl\/#website","url":"https:\/\/diarioellabrador.cl\/","name":"Diario El Labrador","description":"Haciendo noticia desde 1921","publisher":{"@id":"https:\/\/diarioellabrador.cl\/#organization"},"potentialAction":[{"@type":"SearchAction","target":{"@type":"EntryPoint","urlTemplate":"https:\/\/diarioellabrador.cl\/?s={search_term_string}"},"query-input":{"@type":"PropertyValueSpecification","valueRequired":true,"valueName":"search_term_string"}}],"inLanguage":"es"},{"@type":"Organization","@id":"https:\/\/diarioellabrador.cl\/#organization","name":"Diario El Labrador","url":"https:\/\/diarioellabrador.cl\/","logo":{"@type":"ImageObject","inLanguage":"es","@id":"https:\/\/diarioellabrador.cl\/#\/schema\/logo\/image\/","url":"https:\/\/diarioellabrador.cl\/wp-content\/uploads\/2025\/02\/cropped-Logo-Icono.png","contentUrl":"https:\/\/diarioellabrador.cl\/wp-content\/uploads\/2025\/02\/cropped-Logo-Icono.png","width":512,"height":512,"caption":"Diario El Labrador"},"image":{"@id":"https:\/\/diarioellabrador.cl\/#\/schema\/logo\/image\/"},"sameAs":["https:\/\/web.facebook.com\/profile.php?id=61576120840621","https:\/\/x.com\/ElLabradorOf","https:\/\/www.instagram.com\/diarioellabradoroficial\/"]},{"@type":"Person","@id":"https:\/\/diarioellabrador.cl\/#\/schema\/person\/bc25ff80b4563f9c7f4bd7855df01685","name":"Editor","image":{"@type":"ImageObject","inLanguage":"es","@id":"https:\/\/secure.gravatar.com\/avatar\/109c326cf2be5c04f048c2c2a2b8b6ef44bf3d8d1d3d4c55d0ac40c4bc994684?s=96&d=mm&r=g","url":"https:\/\/secure.gravatar.com\/avatar\/109c326cf2be5c04f048c2c2a2b8b6ef44bf3d8d1d3d4c55d0ac40c4bc994684?s=96&d=mm&r=g","contentUrl":"https:\/\/secure.gravatar.com\/avatar\/109c326cf2be5c04f048c2c2a2b8b6ef44bf3d8d1d3d4c55d0ac40c4bc994684?s=96&d=mm&r=g","caption":"Editor"},"url":"https:\/\/diarioellabrador.cl\/index.php\/author\/editor\/"}]}},"_links":{"self":[{"href":"https:\/\/diarioellabrador.cl\/index.php\/wp-json\/wp\/v2\/posts\/18533","targetHints":{"allow":["GET"]}}],"collection":[{"href":"https:\/\/diarioellabrador.cl\/index.php\/wp-json\/wp\/v2\/posts"}],"about":[{"href":"https:\/\/diarioellabrador.cl\/index.php\/wp-json\/wp\/v2\/types\/post"}],"author":[{"embeddable":true,"href":"https:\/\/diarioellabrador.cl\/index.php\/wp-json\/wp\/v2\/users\/2"}],"replies":[{"embeddable":true,"href":"https:\/\/diarioellabrador.cl\/index.php\/wp-json\/wp\/v2\/comments?post=18533"}],"version-history":[{"count":1,"href":"https:\/\/diarioellabrador.cl\/index.php\/wp-json\/wp\/v2\/posts\/18533\/revisions"}],"predecessor-version":[{"id":18534,"href":"https:\/\/diarioellabrador.cl\/index.php\/wp-json\/wp\/v2\/posts\/18533\/revisions\/18534"}],"wp:featuredmedia":[{"embeddable":true,"href":"https:\/\/diarioellabrador.cl\/index.php\/wp-json\/wp\/v2\/media\/18512"}],"wp:attachment":[{"href":"https:\/\/diarioellabrador.cl\/index.php\/wp-json\/wp\/v2\/media?parent=18533"}],"wp:term":[{"taxonomy":"category","embeddable":true,"href":"https:\/\/diarioellabrador.cl\/index.php\/wp-json\/wp\/v2\/categories?post=18533"},{"taxonomy":"post_tag","embeddable":true,"href":"https:\/\/diarioellabrador.cl\/index.php\/wp-json\/wp\/v2\/tags?post=18533"}],"curies":[{"name":"wp","href":"https:\/\/api.w.org\/{rel}","templated":true}]}}