{"id":18529,"date":"2026-04-25T18:32:00","date_gmt":"2026-04-25T22:32:00","guid":{"rendered":"https:\/\/diarioellabrador.cl\/?p=18529"},"modified":"2026-04-25T15:32:50","modified_gmt":"2026-04-25T19:32:50","slug":"mauricio-ordonez-llego-al-criadero-los-arroyos-del-cardal","status":"publish","type":"post","link":"https:\/\/diarioellabrador.cl\/index.php\/2026\/04\/25\/mauricio-ordonez-llego-al-criadero-los-arroyos-del-cardal\/","title":{"rendered":"Mauricio Ord\u00f3\u00f1ez lleg\u00f3 al Criadero Los Arroyos del Cardal"},"content":{"rendered":"\n<p><strong>Autor: <\/strong><a href=\"https:\/\/www.caballoyrodeo.cl\/portal_rodeo\/site\/artic\/20240223\/pags\/20240223201413.html\">Alejandro Alegr\u00eda Torres<\/a><\/p>\n\n\n\n<p><strong>Mauricio Ord\u00f3\u00f1ez <\/strong>comenz\u00f3 una nueva etapa corralera el pasado fin de semana. El jinete y arreglador que estuvo la temporada anterior acompa\u00f1ando a <strong>Francisco Infante <\/strong>en el <strong>Criadero Santa Sara de Mallarauco<\/strong>, cambi\u00f3 de corral en la misma <strong>Asociaci\u00f3n Melipilla <\/strong>y se estren\u00f3 acompa\u00f1ando a <strong>Nicol\u00e1s Arroyo <\/strong>del <strong>Criadero Los Arroyos del Cardal.<\/strong> Su misi\u00f3n es llegar lo m\u00e1s arriba posible y ojal\u00e1 decir presente en el Campeonato Nacional de Rodeo.<\/p>\n\n\n\n<p><strong>&#8211; \u00bfContento por esta nueva etapa en el Criadero Los Arroyos del Cardal?<\/strong><\/p>\n\n\n\n<p>\u00abS\u00ed, contento. Llegu\u00e9 donde don Nicol\u00e1s Arroyo. Vamos a partir esta temporada con \u00e9l para ver c\u00f3mo nos va y con hartas ganas. Tiene un par de colleritas que se ven bastante bien, as\u00ed que ah\u00ed estamos trabajando para ver qu\u00e9 pasa\u00bb.<\/p>\n\n\n\n<p><strong>&#8211; \u00bfCon ganas de llegar arriba?<\/strong><\/p>\n\n\n\n<p>\u00abS\u00ed. El hombre lleg\u00f3 este a\u00f1o por primera vez a Rancagua, creo, y est\u00e1 con las ganas. Yo tengo mucha m\u00e1s experiencia que \u00e9l, soy mucho mayor, pero tambi\u00e9n pasaron a\u00f1os en los que no llegaba a Rancagua. Este a\u00f1o llegamos con don Francisco Infante y ahora se abren las expectativas de nuevo, a ver si llegamos\u00bb.<\/p>\n\n\n\n<p><strong>&#8211; Ya debut\u00f3. \u00bfC\u00f3mo estuvo su estreno?<\/strong><\/p>\n\n\n\n<p>\u00abLa semana pasada premiamos las dos colleras: Una mixta y unos caballos criados. Corrimos cuatro toros en la mixta y quedamos a una atajada de bailar cueca\u00bb.<\/p>\n\n\n\n<p><strong>&#8211; \u00bfYa conoci\u00f3 la caballada?<\/strong><\/p>\n\n\n\n<p>\u00abS\u00ed, tiene caballada nueva. Hay un par de colleras por ah\u00ed que vienen de muy buena clase, con harta intenci\u00f3n de poder sacarlas m\u00e1s adelante\u00bb.<\/p>\n\n\n\n<p><strong>&#8211; \u00bfC\u00f3mo eval\u00faa su paso por el Criadero Santa Sara de Mallarauco?<\/strong><\/p>\n\n\n\n<p>\u00abEn general fue muy bueno. Don Francisco es un buen patr\u00f3n, muy buena persona. Costaba un poco ponerse a su nivel, porque es un hombre muy ganador y le gusta ganar, pero en general creo que anduvimos bastante bien. Completamos dos colleras y dejamos otra con nueve o 10 puntos. La temporada no fue mala y quedamos en conversaciones con \u00e9l para m\u00e1s adelante. Alg\u00fan d\u00eda, a lo mejor, volvemos a correr juntos\u00bb.<\/p>\n\n\n\n<p><strong>&#8211; \u00bfQu\u00e9 se viene para ustedes? \u00bfSeguir\u00e1n corriendo en Temporada Chica?<\/strong><\/p>\n\n\n\n<p>\u00abS\u00ed, aqu\u00ed en Melipilla nos quedan tres rodeos. Este fin de semana, luego paramos una semana y despu\u00e9s vienen dos rodeos m\u00e1s. Ah\u00ed ya termina la temporada ac\u00e1 en Melipilla. Estamos trabajando para llegar m\u00e1s arriba, a ver si nos acercamos un poco m\u00e1s a &#8216;la cueca'\u00bb.<\/p>\n","protected":false},"excerpt":{"rendered":"<p>Autor: Alejandro Alegr\u00eda Torres Mauricio Ord\u00f3\u00f1ez comenz\u00f3 una nueva etapa corralera el pasado fin de semana. El jinete y arreglador que estuvo la temporada anterior acompa\u00f1ando a Francisco Infante en el Criadero Santa Sara de Mallarauco, cambi\u00f3 de corral en la misma Asociaci\u00f3n Melipilla y se estren\u00f3 acompa\u00f1ando a Nicol\u00e1s Arroyo del Criadero Los Arroyos<\/p>\n<div class=\"read-more-wrapper\"><a class=\"read-more\" href=\"https:\/\/diarioellabrador.cl\/index.php\/2026\/04\/25\/mauricio-ordonez-llego-al-criadero-los-arroyos-del-cardal\/\" title=\"Leer m\u00e1s\"> <span class=\"button \">Leer m\u00e1s<\/span><\/a><\/div>\n","protected":false},"author":2,"featured_media":18507,"comment_status":"open","ping_status":"open","sticky":false,"template":"","format":"standard","meta":{"footnotes":""},"categories":[5],"tags":[],"class_list":["post-18529","post","type-post","status-publish","format-standard","has-post-thumbnail","hentry","category-rodeo"],"yoast_head":"<!-- This site is optimized with the Yoast SEO plugin v27.4 - https:\/\/yoast.com\/product\/yoast-seo-wordpress\/ -->\n<title>Mauricio Ord\u00f3\u00f1ez lleg\u00f3 al Criadero Los Arroyos del Cardal - Diario El Labrador<\/title>\n<meta name=\"robots\" content=\"index, follow, max-snippet:-1, max-image-preview:large, max-video-preview:-1\" \/>\n<link rel=\"canonical\" href=\"https:\/\/diarioellabrador.cl\/index.php\/2026\/04\/25\/mauricio-ordonez-llego-al-criadero-los-arroyos-del-cardal\/\" \/>\n<meta property=\"og:locale\" content=\"es_ES\" \/>\n<meta property=\"og:type\" content=\"article\" \/>\n<meta property=\"og:title\" content=\"Mauricio Ord\u00f3\u00f1ez lleg\u00f3 al Criadero Los Arroyos del Cardal - Diario El Labrador\" \/>\n<meta property=\"og:description\" content=\"Autor: Alejandro Alegr\u00eda Torres Mauricio Ord\u00f3\u00f1ez comenz\u00f3 una nueva etapa corralera el pasado fin de semana. El jinete y arreglador que estuvo la temporada anterior acompa\u00f1ando a Francisco Infante en el Criadero Santa Sara de Mallarauco, cambi\u00f3 de corral en la misma Asociaci\u00f3n Melipilla y se estren\u00f3 acompa\u00f1ando a Nicol\u00e1s Arroyo del Criadero Los Arroyos Leer m\u00e1s\" \/>\n<meta property=\"og:url\" content=\"https:\/\/diarioellabrador.cl\/index.php\/2026\/04\/25\/mauricio-ordonez-llego-al-criadero-los-arroyos-del-cardal\/\" \/>\n<meta property=\"og:site_name\" content=\"Diario El Labrador\" \/>\n<meta property=\"article:publisher\" content=\"https:\/\/web.facebook.com\/profile.php?id=61576120840621\" \/>\n<meta property=\"article:published_time\" content=\"2026-04-25T22:32:00+00:00\" \/>\n<meta property=\"og:image\" content=\"https:\/\/diarioellabrador.cl\/wp-content\/uploads\/2026\/04\/Mauricio-Ordonez-llego-al-Criadero-Los-Arroyos-del-Cardal.jpg\" \/>\n\t<meta property=\"og:image:width\" content=\"750\" \/>\n\t<meta property=\"og:image:height\" content=\"389\" \/>\n\t<meta property=\"og:image:type\" content=\"image\/jpeg\" \/>\n<meta name=\"author\" content=\"Editor\" \/>\n<meta name=\"twitter:card\" content=\"summary_large_image\" \/>\n<meta name=\"twitter:creator\" content=\"@ElLabradorOf\" \/>\n<meta name=\"twitter:site\" content=\"@ElLabradorOf\" \/>\n<meta name=\"twitter:label1\" content=\"Escrito por\" \/>\n\t<meta name=\"twitter:data1\" content=\"Editor\" \/>\n\t<meta name=\"twitter:label2\" content=\"Tiempo de lectura\" \/>\n\t<meta name=\"twitter:data2\" content=\"3 minutos\" \/>\n<script type=\"application\/ld+json\" class=\"yoast-schema-graph\">{\"@context\":\"https:\\\/\\\/schema.org\",\"@graph\":[{\"@type\":\"Article\",\"@id\":\"https:\\\/\\\/diarioellabrador.cl\\\/index.php\\\/2026\\\/04\\\/25\\\/mauricio-ordonez-llego-al-criadero-los-arroyos-del-cardal\\\/#article\",\"isPartOf\":{\"@id\":\"https:\\\/\\\/diarioellabrador.cl\\\/index.php\\\/2026\\\/04\\\/25\\\/mauricio-ordonez-llego-al-criadero-los-arroyos-del-cardal\\\/\"},\"author\":{\"name\":\"Editor\",\"@id\":\"https:\\\/\\\/diarioellabrador.cl\\\/#\\\/schema\\\/person\\\/bc25ff80b4563f9c7f4bd7855df01685\"},\"headline\":\"Mauricio Ord\u00f3\u00f1ez lleg\u00f3 al Criadero Los Arroyos del Cardal\",\"datePublished\":\"2026-04-25T22:32:00+00:00\",\"mainEntityOfPage\":{\"@id\":\"https:\\\/\\\/diarioellabrador.cl\\\/index.php\\\/2026\\\/04\\\/25\\\/mauricio-ordonez-llego-al-criadero-los-arroyos-del-cardal\\\/\"},\"wordCount\":438,\"commentCount\":0,\"publisher\":{\"@id\":\"https:\\\/\\\/diarioellabrador.cl\\\/#organization\"},\"image\":{\"@id\":\"https:\\\/\\\/diarioellabrador.cl\\\/index.php\\\/2026\\\/04\\\/25\\\/mauricio-ordonez-llego-al-criadero-los-arroyos-del-cardal\\\/#primaryimage\"},\"thumbnailUrl\":\"https:\\\/\\\/diarioellabrador.cl\\\/wp-content\\\/uploads\\\/2026\\\/04\\\/Mauricio-Ordonez-llego-al-Criadero-Los-Arroyos-del-Cardal.jpg\",\"articleSection\":[\"Rodeo\"],\"inLanguage\":\"es\",\"potentialAction\":[{\"@type\":\"CommentAction\",\"name\":\"Comment\",\"target\":[\"https:\\\/\\\/diarioellabrador.cl\\\/index.php\\\/2026\\\/04\\\/25\\\/mauricio-ordonez-llego-al-criadero-los-arroyos-del-cardal\\\/#respond\"]}]},{\"@type\":\"WebPage\",\"@id\":\"https:\\\/\\\/diarioellabrador.cl\\\/index.php\\\/2026\\\/04\\\/25\\\/mauricio-ordonez-llego-al-criadero-los-arroyos-del-cardal\\\/\",\"url\":\"https:\\\/\\\/diarioellabrador.cl\\\/index.php\\\/2026\\\/04\\\/25\\\/mauricio-ordonez-llego-al-criadero-los-arroyos-del-cardal\\\/\",\"name\":\"Mauricio Ord\u00f3\u00f1ez lleg\u00f3 al Criadero Los Arroyos del Cardal - Diario El Labrador\",\"isPartOf\":{\"@id\":\"https:\\\/\\\/diarioellabrador.cl\\\/#website\"},\"primaryImageOfPage\":{\"@id\":\"https:\\\/\\\/diarioellabrador.cl\\\/index.php\\\/2026\\\/04\\\/25\\\/mauricio-ordonez-llego-al-criadero-los-arroyos-del-cardal\\\/#primaryimage\"},\"image\":{\"@id\":\"https:\\\/\\\/diarioellabrador.cl\\\/index.php\\\/2026\\\/04\\\/25\\\/mauricio-ordonez-llego-al-criadero-los-arroyos-del-cardal\\\/#primaryimage\"},\"thumbnailUrl\":\"https:\\\/\\\/diarioellabrador.cl\\\/wp-content\\\/uploads\\\/2026\\\/04\\\/Mauricio-Ordonez-llego-al-Criadero-Los-Arroyos-del-Cardal.jpg\",\"datePublished\":\"2026-04-25T22:32:00+00:00\",\"breadcrumb\":{\"@id\":\"https:\\\/\\\/diarioellabrador.cl\\\/index.php\\\/2026\\\/04\\\/25\\\/mauricio-ordonez-llego-al-criadero-los-arroyos-del-cardal\\\/#breadcrumb\"},\"inLanguage\":\"es\",\"potentialAction\":[{\"@type\":\"ReadAction\",\"target\":[\"https:\\\/\\\/diarioellabrador.cl\\\/index.php\\\/2026\\\/04\\\/25\\\/mauricio-ordonez-llego-al-criadero-los-arroyos-del-cardal\\\/\"]}]},{\"@type\":\"ImageObject\",\"inLanguage\":\"es\",\"@id\":\"https:\\\/\\\/diarioellabrador.cl\\\/index.php\\\/2026\\\/04\\\/25\\\/mauricio-ordonez-llego-al-criadero-los-arroyos-del-cardal\\\/#primaryimage\",\"url\":\"https:\\\/\\\/diarioellabrador.cl\\\/wp-content\\\/uploads\\\/2026\\\/04\\\/Mauricio-Ordonez-llego-al-Criadero-Los-Arroyos-del-Cardal.jpg\",\"contentUrl\":\"https:\\\/\\\/diarioellabrador.cl\\\/wp-content\\\/uploads\\\/2026\\\/04\\\/Mauricio-Ordonez-llego-al-Criadero-Los-Arroyos-del-Cardal.jpg\",\"width\":750,\"height\":389},{\"@type\":\"BreadcrumbList\",\"@id\":\"https:\\\/\\\/diarioellabrador.cl\\\/index.php\\\/2026\\\/04\\\/25\\\/mauricio-ordonez-llego-al-criadero-los-arroyos-del-cardal\\\/#breadcrumb\",\"itemListElement\":[{\"@type\":\"ListItem\",\"position\":1,\"name\":\"Portada\",\"item\":\"https:\\\/\\\/diarioellabrador.cl\\\/\"},{\"@type\":\"ListItem\",\"position\":2,\"name\":\"Mauricio Ord\u00f3\u00f1ez lleg\u00f3 al Criadero Los Arroyos del Cardal\"}]},{\"@type\":\"WebSite\",\"@id\":\"https:\\\/\\\/diarioellabrador.cl\\\/#website\",\"url\":\"https:\\\/\\\/diarioellabrador.cl\\\/\",\"name\":\"Diario El Labrador\",\"description\":\"Haciendo noticia desde 1921\",\"publisher\":{\"@id\":\"https:\\\/\\\/diarioellabrador.cl\\\/#organization\"},\"potentialAction\":[{\"@type\":\"SearchAction\",\"target\":{\"@type\":\"EntryPoint\",\"urlTemplate\":\"https:\\\/\\\/diarioellabrador.cl\\\/?s={search_term_string}\"},\"query-input\":{\"@type\":\"PropertyValueSpecification\",\"valueRequired\":true,\"valueName\":\"search_term_string\"}}],\"inLanguage\":\"es\"},{\"@type\":\"Organization\",\"@id\":\"https:\\\/\\\/diarioellabrador.cl\\\/#organization\",\"name\":\"Diario El Labrador\",\"url\":\"https:\\\/\\\/diarioellabrador.cl\\\/\",\"logo\":{\"@type\":\"ImageObject\",\"inLanguage\":\"es\",\"@id\":\"https:\\\/\\\/diarioellabrador.cl\\\/#\\\/schema\\\/logo\\\/image\\\/\",\"url\":\"https:\\\/\\\/diarioellabrador.cl\\\/wp-content\\\/uploads\\\/2025\\\/02\\\/cropped-Logo-Icono.png\",\"contentUrl\":\"https:\\\/\\\/diarioellabrador.cl\\\/wp-content\\\/uploads\\\/2025\\\/02\\\/cropped-Logo-Icono.png\",\"width\":512,\"height\":512,\"caption\":\"Diario El Labrador\"},\"image\":{\"@id\":\"https:\\\/\\\/diarioellabrador.cl\\\/#\\\/schema\\\/logo\\\/image\\\/\"},\"sameAs\":[\"https:\\\/\\\/web.facebook.com\\\/profile.php?id=61576120840621\",\"https:\\\/\\\/x.com\\\/ElLabradorOf\",\"https:\\\/\\\/www.instagram.com\\\/diarioellabradoroficial\\\/\"]},{\"@type\":\"Person\",\"@id\":\"https:\\\/\\\/diarioellabrador.cl\\\/#\\\/schema\\\/person\\\/bc25ff80b4563f9c7f4bd7855df01685\",\"name\":\"Editor\",\"image\":{\"@type\":\"ImageObject\",\"inLanguage\":\"es\",\"@id\":\"https:\\\/\\\/secure.gravatar.com\\\/avatar\\\/109c326cf2be5c04f048c2c2a2b8b6ef44bf3d8d1d3d4c55d0ac40c4bc994684?s=96&d=mm&r=g\",\"url\":\"https:\\\/\\\/secure.gravatar.com\\\/avatar\\\/109c326cf2be5c04f048c2c2a2b8b6ef44bf3d8d1d3d4c55d0ac40c4bc994684?s=96&d=mm&r=g\",\"contentUrl\":\"https:\\\/\\\/secure.gravatar.com\\\/avatar\\\/109c326cf2be5c04f048c2c2a2b8b6ef44bf3d8d1d3d4c55d0ac40c4bc994684?s=96&d=mm&r=g\",\"caption\":\"Editor\"},\"url\":\"https:\\\/\\\/diarioellabrador.cl\\\/index.php\\\/author\\\/editor\\\/\"}]}<\/script>\n<!-- \/ Yoast SEO plugin. -->","yoast_head_json":{"title":"Mauricio Ord\u00f3\u00f1ez lleg\u00f3 al Criadero Los Arroyos del Cardal - Diario El Labrador","robots":{"index":"index","follow":"follow","max-snippet":"max-snippet:-1","max-image-preview":"max-image-preview:large","max-video-preview":"max-video-preview:-1"},"canonical":"https:\/\/diarioellabrador.cl\/index.php\/2026\/04\/25\/mauricio-ordonez-llego-al-criadero-los-arroyos-del-cardal\/","og_locale":"es_ES","og_type":"article","og_title":"Mauricio Ord\u00f3\u00f1ez lleg\u00f3 al Criadero Los Arroyos del Cardal - Diario El Labrador","og_description":"Autor: Alejandro Alegr\u00eda Torres Mauricio Ord\u00f3\u00f1ez comenz\u00f3 una nueva etapa corralera el pasado fin de semana. El jinete y arreglador que estuvo la temporada anterior acompa\u00f1ando a Francisco Infante en el Criadero Santa Sara de Mallarauco, cambi\u00f3 de corral en la misma Asociaci\u00f3n Melipilla y se estren\u00f3 acompa\u00f1ando a Nicol\u00e1s Arroyo del Criadero Los Arroyos Leer m\u00e1s","og_url":"https:\/\/diarioellabrador.cl\/index.php\/2026\/04\/25\/mauricio-ordonez-llego-al-criadero-los-arroyos-del-cardal\/","og_site_name":"Diario El Labrador","article_publisher":"https:\/\/web.facebook.com\/profile.php?id=61576120840621","article_published_time":"2026-04-25T22:32:00+00:00","og_image":[{"width":750,"height":389,"url":"https:\/\/diarioellabrador.cl\/wp-content\/uploads\/2026\/04\/Mauricio-Ordonez-llego-al-Criadero-Los-Arroyos-del-Cardal.jpg","type":"image\/jpeg"}],"author":"Editor","twitter_card":"summary_large_image","twitter_creator":"@ElLabradorOf","twitter_site":"@ElLabradorOf","twitter_misc":{"Escrito por":"Editor","Tiempo de lectura":"3 minutos"},"schema":{"@context":"https:\/\/schema.org","@graph":[{"@type":"Article","@id":"https:\/\/diarioellabrador.cl\/index.php\/2026\/04\/25\/mauricio-ordonez-llego-al-criadero-los-arroyos-del-cardal\/#article","isPartOf":{"@id":"https:\/\/diarioellabrador.cl\/index.php\/2026\/04\/25\/mauricio-ordonez-llego-al-criadero-los-arroyos-del-cardal\/"},"author":{"name":"Editor","@id":"https:\/\/diarioellabrador.cl\/#\/schema\/person\/bc25ff80b4563f9c7f4bd7855df01685"},"headline":"Mauricio Ord\u00f3\u00f1ez lleg\u00f3 al Criadero Los Arroyos del Cardal","datePublished":"2026-04-25T22:32:00+00:00","mainEntityOfPage":{"@id":"https:\/\/diarioellabrador.cl\/index.php\/2026\/04\/25\/mauricio-ordonez-llego-al-criadero-los-arroyos-del-cardal\/"},"wordCount":438,"commentCount":0,"publisher":{"@id":"https:\/\/diarioellabrador.cl\/#organization"},"image":{"@id":"https:\/\/diarioellabrador.cl\/index.php\/2026\/04\/25\/mauricio-ordonez-llego-al-criadero-los-arroyos-del-cardal\/#primaryimage"},"thumbnailUrl":"https:\/\/diarioellabrador.cl\/wp-content\/uploads\/2026\/04\/Mauricio-Ordonez-llego-al-Criadero-Los-Arroyos-del-Cardal.jpg","articleSection":["Rodeo"],"inLanguage":"es","potentialAction":[{"@type":"CommentAction","name":"Comment","target":["https:\/\/diarioellabrador.cl\/index.php\/2026\/04\/25\/mauricio-ordonez-llego-al-criadero-los-arroyos-del-cardal\/#respond"]}]},{"@type":"WebPage","@id":"https:\/\/diarioellabrador.cl\/index.php\/2026\/04\/25\/mauricio-ordonez-llego-al-criadero-los-arroyos-del-cardal\/","url":"https:\/\/diarioellabrador.cl\/index.php\/2026\/04\/25\/mauricio-ordonez-llego-al-criadero-los-arroyos-del-cardal\/","name":"Mauricio Ord\u00f3\u00f1ez lleg\u00f3 al Criadero Los Arroyos del Cardal - Diario El Labrador","isPartOf":{"@id":"https:\/\/diarioellabrador.cl\/#website"},"primaryImageOfPage":{"@id":"https:\/\/diarioellabrador.cl\/index.php\/2026\/04\/25\/mauricio-ordonez-llego-al-criadero-los-arroyos-del-cardal\/#primaryimage"},"image":{"@id":"https:\/\/diarioellabrador.cl\/index.php\/2026\/04\/25\/mauricio-ordonez-llego-al-criadero-los-arroyos-del-cardal\/#primaryimage"},"thumbnailUrl":"https:\/\/diarioellabrador.cl\/wp-content\/uploads\/2026\/04\/Mauricio-Ordonez-llego-al-Criadero-Los-Arroyos-del-Cardal.jpg","datePublished":"2026-04-25T22:32:00+00:00","breadcrumb":{"@id":"https:\/\/diarioellabrador.cl\/index.php\/2026\/04\/25\/mauricio-ordonez-llego-al-criadero-los-arroyos-del-cardal\/#breadcrumb"},"inLanguage":"es","potentialAction":[{"@type":"ReadAction","target":["https:\/\/diarioellabrador.cl\/index.php\/2026\/04\/25\/mauricio-ordonez-llego-al-criadero-los-arroyos-del-cardal\/"]}]},{"@type":"ImageObject","inLanguage":"es","@id":"https:\/\/diarioellabrador.cl\/index.php\/2026\/04\/25\/mauricio-ordonez-llego-al-criadero-los-arroyos-del-cardal\/#primaryimage","url":"https:\/\/diarioellabrador.cl\/wp-content\/uploads\/2026\/04\/Mauricio-Ordonez-llego-al-Criadero-Los-Arroyos-del-Cardal.jpg","contentUrl":"https:\/\/diarioellabrador.cl\/wp-content\/uploads\/2026\/04\/Mauricio-Ordonez-llego-al-Criadero-Los-Arroyos-del-Cardal.jpg","width":750,"height":389},{"@type":"BreadcrumbList","@id":"https:\/\/diarioellabrador.cl\/index.php\/2026\/04\/25\/mauricio-ordonez-llego-al-criadero-los-arroyos-del-cardal\/#breadcrumb","itemListElement":[{"@type":"ListItem","position":1,"name":"Portada","item":"https:\/\/diarioellabrador.cl\/"},{"@type":"ListItem","position":2,"name":"Mauricio Ord\u00f3\u00f1ez lleg\u00f3 al Criadero Los Arroyos del Cardal"}]},{"@type":"WebSite","@id":"https:\/\/diarioellabrador.cl\/#website","url":"https:\/\/diarioellabrador.cl\/","name":"Diario El Labrador","description":"Haciendo noticia desde 1921","publisher":{"@id":"https:\/\/diarioellabrador.cl\/#organization"},"potentialAction":[{"@type":"SearchAction","target":{"@type":"EntryPoint","urlTemplate":"https:\/\/diarioellabrador.cl\/?s={search_term_string}"},"query-input":{"@type":"PropertyValueSpecification","valueRequired":true,"valueName":"search_term_string"}}],"inLanguage":"es"},{"@type":"Organization","@id":"https:\/\/diarioellabrador.cl\/#organization","name":"Diario El Labrador","url":"https:\/\/diarioellabrador.cl\/","logo":{"@type":"ImageObject","inLanguage":"es","@id":"https:\/\/diarioellabrador.cl\/#\/schema\/logo\/image\/","url":"https:\/\/diarioellabrador.cl\/wp-content\/uploads\/2025\/02\/cropped-Logo-Icono.png","contentUrl":"https:\/\/diarioellabrador.cl\/wp-content\/uploads\/2025\/02\/cropped-Logo-Icono.png","width":512,"height":512,"caption":"Diario El Labrador"},"image":{"@id":"https:\/\/diarioellabrador.cl\/#\/schema\/logo\/image\/"},"sameAs":["https:\/\/web.facebook.com\/profile.php?id=61576120840621","https:\/\/x.com\/ElLabradorOf","https:\/\/www.instagram.com\/diarioellabradoroficial\/"]},{"@type":"Person","@id":"https:\/\/diarioellabrador.cl\/#\/schema\/person\/bc25ff80b4563f9c7f4bd7855df01685","name":"Editor","image":{"@type":"ImageObject","inLanguage":"es","@id":"https:\/\/secure.gravatar.com\/avatar\/109c326cf2be5c04f048c2c2a2b8b6ef44bf3d8d1d3d4c55d0ac40c4bc994684?s=96&d=mm&r=g","url":"https:\/\/secure.gravatar.com\/avatar\/109c326cf2be5c04f048c2c2a2b8b6ef44bf3d8d1d3d4c55d0ac40c4bc994684?s=96&d=mm&r=g","contentUrl":"https:\/\/secure.gravatar.com\/avatar\/109c326cf2be5c04f048c2c2a2b8b6ef44bf3d8d1d3d4c55d0ac40c4bc994684?s=96&d=mm&r=g","caption":"Editor"},"url":"https:\/\/diarioellabrador.cl\/index.php\/author\/editor\/"}]}},"_links":{"self":[{"href":"https:\/\/diarioellabrador.cl\/index.php\/wp-json\/wp\/v2\/posts\/18529","targetHints":{"allow":["GET"]}}],"collection":[{"href":"https:\/\/diarioellabrador.cl\/index.php\/wp-json\/wp\/v2\/posts"}],"about":[{"href":"https:\/\/diarioellabrador.cl\/index.php\/wp-json\/wp\/v2\/types\/post"}],"author":[{"embeddable":true,"href":"https:\/\/diarioellabrador.cl\/index.php\/wp-json\/wp\/v2\/users\/2"}],"replies":[{"embeddable":true,"href":"https:\/\/diarioellabrador.cl\/index.php\/wp-json\/wp\/v2\/comments?post=18529"}],"version-history":[{"count":1,"href":"https:\/\/diarioellabrador.cl\/index.php\/wp-json\/wp\/v2\/posts\/18529\/revisions"}],"predecessor-version":[{"id":18530,"href":"https:\/\/diarioellabrador.cl\/index.php\/wp-json\/wp\/v2\/posts\/18529\/revisions\/18530"}],"wp:featuredmedia":[{"embeddable":true,"href":"https:\/\/diarioellabrador.cl\/index.php\/wp-json\/wp\/v2\/media\/18507"}],"wp:attachment":[{"href":"https:\/\/diarioellabrador.cl\/index.php\/wp-json\/wp\/v2\/media?parent=18529"}],"wp:term":[{"taxonomy":"category","embeddable":true,"href":"https:\/\/diarioellabrador.cl\/index.php\/wp-json\/wp\/v2\/categories?post=18529"},{"taxonomy":"post_tag","embeddable":true,"href":"https:\/\/diarioellabrador.cl\/index.php\/wp-json\/wp\/v2\/tags?post=18529"}],"curies":[{"name":"wp","href":"https:\/\/api.w.org\/{rel}","templated":true}]}}