{"id":18527,"date":"2026-04-25T18:31:00","date_gmt":"2026-04-25T22:31:00","guid":{"rendered":"https:\/\/diarioellabrador.cl\/?p=18527"},"modified":"2026-04-25T15:32:17","modified_gmt":"2026-04-25T19:32:17","slug":"alfonso-avila-llego-a-gran-aventura-tengo-muchas-ganas-de-estar-de-nuevo-en-la-pelea","status":"publish","type":"post","link":"https:\/\/diarioellabrador.cl\/index.php\/2026\/04\/25\/alfonso-avila-llego-a-gran-aventura-tengo-muchas-ganas-de-estar-de-nuevo-en-la-pelea\/","title":{"rendered":"Alfonso Avila lleg\u00f3 a Gran Aventura: \u00abTengo muchas ganas de estar de nuevo en la pelea\u00bb"},"content":{"rendered":"\n<p><strong>Autor: <\/strong><a href=\"https:\/\/www.caballoyrodeo.cl\/portal_rodeo\/site\/artic\/20240223\/pags\/20240223201413.html\">Alejandro Alegr\u00eda Torres<\/a><\/p>\n\n\n\n<p><strong>Alfonso Avila<\/strong> se transform\u00f3 en la nueva incorporaci\u00f3n del <strong>Criadero Gran Aventura<\/strong>. El ex vicecampe\u00f3n de Chile acompa\u00f1ar\u00e1 a <strong>Cristi\u00e1n Gallardo <\/strong>esta temporada y lo har\u00e1 con la intenci\u00f3n de volver a estar en las grandes peleas y llegar lo m\u00e1s alto posible.<\/p>\n\n\n\n<p>Avila tambi\u00e9n arrib\u00f3 al <strong>Criadero Santa Patricia<\/strong> con la misi\u00f3n de preparar los caballos de <strong>Agust\u00edn Fossatti.<\/strong><\/p>\n\n\n\n<p><strong>&#8211; \u00bfContento por esta nueva etapa corralera?<\/strong><\/p>\n\n\n\n<p>\u00abS\u00ed, s\u00faper feliz en esta etapa. Lo tomo con mucho profesionalismo y con muchas ganas de estar de nuevo en la pelea. Sobre todo, en un criadero tan grande como Gran Aventura, donde en temporadas pasadas han tenido muy buenas campa\u00f1as y han llegado a Rancagua. Tambi\u00e9n han sido due\u00f1os de un gran reproductor como lo es el Espejo\u00bb.<\/p>\n\n\n\n<p><strong>&#8211; \u00bfCu\u00e1l es el objetivo para esta temporada?<\/strong><\/p>\n\n\n\n<p>\u00abLa idea es llegar lo m\u00e1s arriba posible y hacer un buen papel esta temporada. Tambi\u00e9n queremos sacar caballos nuevos. El Gran Aventura est\u00e1 reproduciendo un potro que es hermano del Espejo y tienen varias cr\u00edas de \u00e9l. As\u00ed que la meta es llegar lo m\u00e1s arriba posible y cumplir un buen rol en el criadero\u00bb.<\/p>\n\n\n\n<p><strong>&#8211; \u00bfCu\u00e1ndo comienza a trabajar en Gran Aventura?<\/strong><\/p>\n\n\n\n<p>\u00abVoy a empezar a trabajar ahora en el invierno. Actualmente estoy trabajando en otro lado ac\u00e1 en Las Cabras, en el Criadero Santa Patricia de don Agust\u00edn Fossatti, durante la semana. En el Gran Aventura solamente voy a correr los fines de semana. As\u00ed que estoy con estos dos trabajos, lo que me tiene muy contento y motivado. Tengo todas las ganas de hacerlo lo mejor posible esta temporada\u00bb.<\/p>\n\n\n\n<p><strong>&#8211; \u00bfTiene fecha para su debut?<\/strong><\/p>\n\n\n\n<p>\u00abEn agosto o septiembre ya vamos a empezar a partir. En el invierno ir\u00e9 a ver los caballos e ir\u00e9 prob\u00e1ndolos de a poco. En el Gran Aventura solamente voy a correr, mientras que en la semana trabajo en el Criadero Santa Patricia. Llegu\u00e9 a los dos lados al mismo tiempo, as\u00ed que estoy feliz asesorando, trabajando caballos y sacando los ejemplares de don Agust\u00edn, para luego correr en el Gran Aventura en la Temporada Grande\u00bb.<\/p>\n","protected":false},"excerpt":{"rendered":"<p>Autor: Alejandro Alegr\u00eda Torres Alfonso Avila se transform\u00f3 en la nueva incorporaci\u00f3n del Criadero Gran Aventura. El ex vicecampe\u00f3n de Chile acompa\u00f1ar\u00e1 a Cristi\u00e1n Gallardo esta temporada y lo har\u00e1 con la intenci\u00f3n de volver a estar en las grandes peleas y llegar lo m\u00e1s alto posible. Avila tambi\u00e9n arrib\u00f3 al Criadero Santa Patricia con<\/p>\n<div class=\"read-more-wrapper\"><a class=\"read-more\" href=\"https:\/\/diarioellabrador.cl\/index.php\/2026\/04\/25\/alfonso-avila-llego-a-gran-aventura-tengo-muchas-ganas-de-estar-de-nuevo-en-la-pelea\/\" title=\"Leer m\u00e1s\"> <span class=\"button \">Leer m\u00e1s<\/span><\/a><\/div>\n","protected":false},"author":2,"featured_media":18505,"comment_status":"open","ping_status":"open","sticky":false,"template":"","format":"standard","meta":{"footnotes":""},"categories":[5],"tags":[],"class_list":["post-18527","post","type-post","status-publish","format-standard","has-post-thumbnail","hentry","category-rodeo"],"yoast_head":"<!-- This site is optimized with the Yoast SEO plugin v27.4 - https:\/\/yoast.com\/product\/yoast-seo-wordpress\/ -->\n<title>Alfonso Avila lleg\u00f3 a Gran Aventura: &quot;Tengo muchas ganas de estar de nuevo en la pelea&quot; - Diario El Labrador<\/title>\n<meta name=\"robots\" content=\"index, follow, max-snippet:-1, max-image-preview:large, max-video-preview:-1\" \/>\n<link rel=\"canonical\" href=\"https:\/\/diarioellabrador.cl\/index.php\/2026\/04\/25\/alfonso-avila-llego-a-gran-aventura-tengo-muchas-ganas-de-estar-de-nuevo-en-la-pelea\/\" \/>\n<meta property=\"og:locale\" content=\"es_ES\" \/>\n<meta property=\"og:type\" content=\"article\" \/>\n<meta property=\"og:title\" content=\"Alfonso Avila lleg\u00f3 a Gran Aventura: &quot;Tengo muchas ganas de estar de nuevo en la pelea&quot; - Diario El Labrador\" \/>\n<meta property=\"og:description\" content=\"Autor: Alejandro Alegr\u00eda Torres Alfonso Avila se transform\u00f3 en la nueva incorporaci\u00f3n del Criadero Gran Aventura. El ex vicecampe\u00f3n de Chile acompa\u00f1ar\u00e1 a Cristi\u00e1n Gallardo esta temporada y lo har\u00e1 con la intenci\u00f3n de volver a estar en las grandes peleas y llegar lo m\u00e1s alto posible. Avila tambi\u00e9n arrib\u00f3 al Criadero Santa Patricia con Leer m\u00e1s\" \/>\n<meta property=\"og:url\" content=\"https:\/\/diarioellabrador.cl\/index.php\/2026\/04\/25\/alfonso-avila-llego-a-gran-aventura-tengo-muchas-ganas-de-estar-de-nuevo-en-la-pelea\/\" \/>\n<meta property=\"og:site_name\" content=\"Diario El Labrador\" \/>\n<meta property=\"article:publisher\" content=\"https:\/\/web.facebook.com\/profile.php?id=61576120840621\" \/>\n<meta property=\"article:published_time\" content=\"2026-04-25T22:31:00+00:00\" \/>\n<meta property=\"og:image\" content=\"https:\/\/diarioellabrador.cl\/wp-content\/uploads\/2026\/04\/Alfonso-Avila-llego-a-Gran-Aventura-Tengo-muchas-ganas-de-estar-de-nuevo-en-la-pelea.jpg\" \/>\n\t<meta property=\"og:image:width\" content=\"750\" \/>\n\t<meta property=\"og:image:height\" content=\"389\" \/>\n\t<meta property=\"og:image:type\" content=\"image\/jpeg\" \/>\n<meta name=\"author\" content=\"Editor\" \/>\n<meta name=\"twitter:card\" content=\"summary_large_image\" \/>\n<meta name=\"twitter:creator\" content=\"@ElLabradorOf\" \/>\n<meta name=\"twitter:site\" content=\"@ElLabradorOf\" \/>\n<meta name=\"twitter:label1\" content=\"Escrito por\" \/>\n\t<meta name=\"twitter:data1\" content=\"Editor\" \/>\n\t<meta name=\"twitter:label2\" content=\"Tiempo de lectura\" \/>\n\t<meta name=\"twitter:data2\" content=\"2 minutos\" \/>\n<script type=\"application\/ld+json\" class=\"yoast-schema-graph\">{\"@context\":\"https:\\\/\\\/schema.org\",\"@graph\":[{\"@type\":\"Article\",\"@id\":\"https:\\\/\\\/diarioellabrador.cl\\\/index.php\\\/2026\\\/04\\\/25\\\/alfonso-avila-llego-a-gran-aventura-tengo-muchas-ganas-de-estar-de-nuevo-en-la-pelea\\\/#article\",\"isPartOf\":{\"@id\":\"https:\\\/\\\/diarioellabrador.cl\\\/index.php\\\/2026\\\/04\\\/25\\\/alfonso-avila-llego-a-gran-aventura-tengo-muchas-ganas-de-estar-de-nuevo-en-la-pelea\\\/\"},\"author\":{\"name\":\"Editor\",\"@id\":\"https:\\\/\\\/diarioellabrador.cl\\\/#\\\/schema\\\/person\\\/bc25ff80b4563f9c7f4bd7855df01685\"},\"headline\":\"Alfonso Avila lleg\u00f3 a Gran Aventura: \u00abTengo muchas ganas de estar de nuevo en la pelea\u00bb\",\"datePublished\":\"2026-04-25T22:31:00+00:00\",\"mainEntityOfPage\":{\"@id\":\"https:\\\/\\\/diarioellabrador.cl\\\/index.php\\\/2026\\\/04\\\/25\\\/alfonso-avila-llego-a-gran-aventura-tengo-muchas-ganas-de-estar-de-nuevo-en-la-pelea\\\/\"},\"wordCount\":392,\"commentCount\":0,\"publisher\":{\"@id\":\"https:\\\/\\\/diarioellabrador.cl\\\/#organization\"},\"image\":{\"@id\":\"https:\\\/\\\/diarioellabrador.cl\\\/index.php\\\/2026\\\/04\\\/25\\\/alfonso-avila-llego-a-gran-aventura-tengo-muchas-ganas-de-estar-de-nuevo-en-la-pelea\\\/#primaryimage\"},\"thumbnailUrl\":\"https:\\\/\\\/diarioellabrador.cl\\\/wp-content\\\/uploads\\\/2026\\\/04\\\/Alfonso-Avila-llego-a-Gran-Aventura-Tengo-muchas-ganas-de-estar-de-nuevo-en-la-pelea.jpg\",\"articleSection\":[\"Rodeo\"],\"inLanguage\":\"es\",\"potentialAction\":[{\"@type\":\"CommentAction\",\"name\":\"Comment\",\"target\":[\"https:\\\/\\\/diarioellabrador.cl\\\/index.php\\\/2026\\\/04\\\/25\\\/alfonso-avila-llego-a-gran-aventura-tengo-muchas-ganas-de-estar-de-nuevo-en-la-pelea\\\/#respond\"]}]},{\"@type\":\"WebPage\",\"@id\":\"https:\\\/\\\/diarioellabrador.cl\\\/index.php\\\/2026\\\/04\\\/25\\\/alfonso-avila-llego-a-gran-aventura-tengo-muchas-ganas-de-estar-de-nuevo-en-la-pelea\\\/\",\"url\":\"https:\\\/\\\/diarioellabrador.cl\\\/index.php\\\/2026\\\/04\\\/25\\\/alfonso-avila-llego-a-gran-aventura-tengo-muchas-ganas-de-estar-de-nuevo-en-la-pelea\\\/\",\"name\":\"Alfonso Avila lleg\u00f3 a Gran Aventura: \\\"Tengo muchas ganas de estar de nuevo en la pelea\\\" - Diario El Labrador\",\"isPartOf\":{\"@id\":\"https:\\\/\\\/diarioellabrador.cl\\\/#website\"},\"primaryImageOfPage\":{\"@id\":\"https:\\\/\\\/diarioellabrador.cl\\\/index.php\\\/2026\\\/04\\\/25\\\/alfonso-avila-llego-a-gran-aventura-tengo-muchas-ganas-de-estar-de-nuevo-en-la-pelea\\\/#primaryimage\"},\"image\":{\"@id\":\"https:\\\/\\\/diarioellabrador.cl\\\/index.php\\\/2026\\\/04\\\/25\\\/alfonso-avila-llego-a-gran-aventura-tengo-muchas-ganas-de-estar-de-nuevo-en-la-pelea\\\/#primaryimage\"},\"thumbnailUrl\":\"https:\\\/\\\/diarioellabrador.cl\\\/wp-content\\\/uploads\\\/2026\\\/04\\\/Alfonso-Avila-llego-a-Gran-Aventura-Tengo-muchas-ganas-de-estar-de-nuevo-en-la-pelea.jpg\",\"datePublished\":\"2026-04-25T22:31:00+00:00\",\"breadcrumb\":{\"@id\":\"https:\\\/\\\/diarioellabrador.cl\\\/index.php\\\/2026\\\/04\\\/25\\\/alfonso-avila-llego-a-gran-aventura-tengo-muchas-ganas-de-estar-de-nuevo-en-la-pelea\\\/#breadcrumb\"},\"inLanguage\":\"es\",\"potentialAction\":[{\"@type\":\"ReadAction\",\"target\":[\"https:\\\/\\\/diarioellabrador.cl\\\/index.php\\\/2026\\\/04\\\/25\\\/alfonso-avila-llego-a-gran-aventura-tengo-muchas-ganas-de-estar-de-nuevo-en-la-pelea\\\/\"]}]},{\"@type\":\"ImageObject\",\"inLanguage\":\"es\",\"@id\":\"https:\\\/\\\/diarioellabrador.cl\\\/index.php\\\/2026\\\/04\\\/25\\\/alfonso-avila-llego-a-gran-aventura-tengo-muchas-ganas-de-estar-de-nuevo-en-la-pelea\\\/#primaryimage\",\"url\":\"https:\\\/\\\/diarioellabrador.cl\\\/wp-content\\\/uploads\\\/2026\\\/04\\\/Alfonso-Avila-llego-a-Gran-Aventura-Tengo-muchas-ganas-de-estar-de-nuevo-en-la-pelea.jpg\",\"contentUrl\":\"https:\\\/\\\/diarioellabrador.cl\\\/wp-content\\\/uploads\\\/2026\\\/04\\\/Alfonso-Avila-llego-a-Gran-Aventura-Tengo-muchas-ganas-de-estar-de-nuevo-en-la-pelea.jpg\",\"width\":750,\"height\":389},{\"@type\":\"BreadcrumbList\",\"@id\":\"https:\\\/\\\/diarioellabrador.cl\\\/index.php\\\/2026\\\/04\\\/25\\\/alfonso-avila-llego-a-gran-aventura-tengo-muchas-ganas-de-estar-de-nuevo-en-la-pelea\\\/#breadcrumb\",\"itemListElement\":[{\"@type\":\"ListItem\",\"position\":1,\"name\":\"Portada\",\"item\":\"https:\\\/\\\/diarioellabrador.cl\\\/\"},{\"@type\":\"ListItem\",\"position\":2,\"name\":\"Alfonso Avila lleg\u00f3 a Gran Aventura: \u00abTengo muchas ganas de estar de nuevo en la pelea\u00bb\"}]},{\"@type\":\"WebSite\",\"@id\":\"https:\\\/\\\/diarioellabrador.cl\\\/#website\",\"url\":\"https:\\\/\\\/diarioellabrador.cl\\\/\",\"name\":\"Diario El Labrador\",\"description\":\"Haciendo noticia desde 1921\",\"publisher\":{\"@id\":\"https:\\\/\\\/diarioellabrador.cl\\\/#organization\"},\"potentialAction\":[{\"@type\":\"SearchAction\",\"target\":{\"@type\":\"EntryPoint\",\"urlTemplate\":\"https:\\\/\\\/diarioellabrador.cl\\\/?s={search_term_string}\"},\"query-input\":{\"@type\":\"PropertyValueSpecification\",\"valueRequired\":true,\"valueName\":\"search_term_string\"}}],\"inLanguage\":\"es\"},{\"@type\":\"Organization\",\"@id\":\"https:\\\/\\\/diarioellabrador.cl\\\/#organization\",\"name\":\"Diario El Labrador\",\"url\":\"https:\\\/\\\/diarioellabrador.cl\\\/\",\"logo\":{\"@type\":\"ImageObject\",\"inLanguage\":\"es\",\"@id\":\"https:\\\/\\\/diarioellabrador.cl\\\/#\\\/schema\\\/logo\\\/image\\\/\",\"url\":\"https:\\\/\\\/diarioellabrador.cl\\\/wp-content\\\/uploads\\\/2025\\\/02\\\/cropped-Logo-Icono.png\",\"contentUrl\":\"https:\\\/\\\/diarioellabrador.cl\\\/wp-content\\\/uploads\\\/2025\\\/02\\\/cropped-Logo-Icono.png\",\"width\":512,\"height\":512,\"caption\":\"Diario El Labrador\"},\"image\":{\"@id\":\"https:\\\/\\\/diarioellabrador.cl\\\/#\\\/schema\\\/logo\\\/image\\\/\"},\"sameAs\":[\"https:\\\/\\\/web.facebook.com\\\/profile.php?id=61576120840621\",\"https:\\\/\\\/x.com\\\/ElLabradorOf\",\"https:\\\/\\\/www.instagram.com\\\/diarioellabradoroficial\\\/\"]},{\"@type\":\"Person\",\"@id\":\"https:\\\/\\\/diarioellabrador.cl\\\/#\\\/schema\\\/person\\\/bc25ff80b4563f9c7f4bd7855df01685\",\"name\":\"Editor\",\"image\":{\"@type\":\"ImageObject\",\"inLanguage\":\"es\",\"@id\":\"https:\\\/\\\/secure.gravatar.com\\\/avatar\\\/109c326cf2be5c04f048c2c2a2b8b6ef44bf3d8d1d3d4c55d0ac40c4bc994684?s=96&d=mm&r=g\",\"url\":\"https:\\\/\\\/secure.gravatar.com\\\/avatar\\\/109c326cf2be5c04f048c2c2a2b8b6ef44bf3d8d1d3d4c55d0ac40c4bc994684?s=96&d=mm&r=g\",\"contentUrl\":\"https:\\\/\\\/secure.gravatar.com\\\/avatar\\\/109c326cf2be5c04f048c2c2a2b8b6ef44bf3d8d1d3d4c55d0ac40c4bc994684?s=96&d=mm&r=g\",\"caption\":\"Editor\"},\"url\":\"https:\\\/\\\/diarioellabrador.cl\\\/index.php\\\/author\\\/editor\\\/\"}]}<\/script>\n<!-- \/ Yoast SEO plugin. -->","yoast_head_json":{"title":"Alfonso Avila lleg\u00f3 a Gran Aventura: \"Tengo muchas ganas de estar de nuevo en la pelea\" - Diario El Labrador","robots":{"index":"index","follow":"follow","max-snippet":"max-snippet:-1","max-image-preview":"max-image-preview:large","max-video-preview":"max-video-preview:-1"},"canonical":"https:\/\/diarioellabrador.cl\/index.php\/2026\/04\/25\/alfonso-avila-llego-a-gran-aventura-tengo-muchas-ganas-de-estar-de-nuevo-en-la-pelea\/","og_locale":"es_ES","og_type":"article","og_title":"Alfonso Avila lleg\u00f3 a Gran Aventura: \"Tengo muchas ganas de estar de nuevo en la pelea\" - Diario El Labrador","og_description":"Autor: Alejandro Alegr\u00eda Torres Alfonso Avila se transform\u00f3 en la nueva incorporaci\u00f3n del Criadero Gran Aventura. El ex vicecampe\u00f3n de Chile acompa\u00f1ar\u00e1 a Cristi\u00e1n Gallardo esta temporada y lo har\u00e1 con la intenci\u00f3n de volver a estar en las grandes peleas y llegar lo m\u00e1s alto posible. Avila tambi\u00e9n arrib\u00f3 al Criadero Santa Patricia con Leer m\u00e1s","og_url":"https:\/\/diarioellabrador.cl\/index.php\/2026\/04\/25\/alfonso-avila-llego-a-gran-aventura-tengo-muchas-ganas-de-estar-de-nuevo-en-la-pelea\/","og_site_name":"Diario El Labrador","article_publisher":"https:\/\/web.facebook.com\/profile.php?id=61576120840621","article_published_time":"2026-04-25T22:31:00+00:00","og_image":[{"width":750,"height":389,"url":"https:\/\/diarioellabrador.cl\/wp-content\/uploads\/2026\/04\/Alfonso-Avila-llego-a-Gran-Aventura-Tengo-muchas-ganas-de-estar-de-nuevo-en-la-pelea.jpg","type":"image\/jpeg"}],"author":"Editor","twitter_card":"summary_large_image","twitter_creator":"@ElLabradorOf","twitter_site":"@ElLabradorOf","twitter_misc":{"Escrito por":"Editor","Tiempo de lectura":"2 minutos"},"schema":{"@context":"https:\/\/schema.org","@graph":[{"@type":"Article","@id":"https:\/\/diarioellabrador.cl\/index.php\/2026\/04\/25\/alfonso-avila-llego-a-gran-aventura-tengo-muchas-ganas-de-estar-de-nuevo-en-la-pelea\/#article","isPartOf":{"@id":"https:\/\/diarioellabrador.cl\/index.php\/2026\/04\/25\/alfonso-avila-llego-a-gran-aventura-tengo-muchas-ganas-de-estar-de-nuevo-en-la-pelea\/"},"author":{"name":"Editor","@id":"https:\/\/diarioellabrador.cl\/#\/schema\/person\/bc25ff80b4563f9c7f4bd7855df01685"},"headline":"Alfonso Avila lleg\u00f3 a Gran Aventura: \u00abTengo muchas ganas de estar de nuevo en la pelea\u00bb","datePublished":"2026-04-25T22:31:00+00:00","mainEntityOfPage":{"@id":"https:\/\/diarioellabrador.cl\/index.php\/2026\/04\/25\/alfonso-avila-llego-a-gran-aventura-tengo-muchas-ganas-de-estar-de-nuevo-en-la-pelea\/"},"wordCount":392,"commentCount":0,"publisher":{"@id":"https:\/\/diarioellabrador.cl\/#organization"},"image":{"@id":"https:\/\/diarioellabrador.cl\/index.php\/2026\/04\/25\/alfonso-avila-llego-a-gran-aventura-tengo-muchas-ganas-de-estar-de-nuevo-en-la-pelea\/#primaryimage"},"thumbnailUrl":"https:\/\/diarioellabrador.cl\/wp-content\/uploads\/2026\/04\/Alfonso-Avila-llego-a-Gran-Aventura-Tengo-muchas-ganas-de-estar-de-nuevo-en-la-pelea.jpg","articleSection":["Rodeo"],"inLanguage":"es","potentialAction":[{"@type":"CommentAction","name":"Comment","target":["https:\/\/diarioellabrador.cl\/index.php\/2026\/04\/25\/alfonso-avila-llego-a-gran-aventura-tengo-muchas-ganas-de-estar-de-nuevo-en-la-pelea\/#respond"]}]},{"@type":"WebPage","@id":"https:\/\/diarioellabrador.cl\/index.php\/2026\/04\/25\/alfonso-avila-llego-a-gran-aventura-tengo-muchas-ganas-de-estar-de-nuevo-en-la-pelea\/","url":"https:\/\/diarioellabrador.cl\/index.php\/2026\/04\/25\/alfonso-avila-llego-a-gran-aventura-tengo-muchas-ganas-de-estar-de-nuevo-en-la-pelea\/","name":"Alfonso Avila lleg\u00f3 a Gran Aventura: \"Tengo muchas ganas de estar de nuevo en la pelea\" - Diario El Labrador","isPartOf":{"@id":"https:\/\/diarioellabrador.cl\/#website"},"primaryImageOfPage":{"@id":"https:\/\/diarioellabrador.cl\/index.php\/2026\/04\/25\/alfonso-avila-llego-a-gran-aventura-tengo-muchas-ganas-de-estar-de-nuevo-en-la-pelea\/#primaryimage"},"image":{"@id":"https:\/\/diarioellabrador.cl\/index.php\/2026\/04\/25\/alfonso-avila-llego-a-gran-aventura-tengo-muchas-ganas-de-estar-de-nuevo-en-la-pelea\/#primaryimage"},"thumbnailUrl":"https:\/\/diarioellabrador.cl\/wp-content\/uploads\/2026\/04\/Alfonso-Avila-llego-a-Gran-Aventura-Tengo-muchas-ganas-de-estar-de-nuevo-en-la-pelea.jpg","datePublished":"2026-04-25T22:31:00+00:00","breadcrumb":{"@id":"https:\/\/diarioellabrador.cl\/index.php\/2026\/04\/25\/alfonso-avila-llego-a-gran-aventura-tengo-muchas-ganas-de-estar-de-nuevo-en-la-pelea\/#breadcrumb"},"inLanguage":"es","potentialAction":[{"@type":"ReadAction","target":["https:\/\/diarioellabrador.cl\/index.php\/2026\/04\/25\/alfonso-avila-llego-a-gran-aventura-tengo-muchas-ganas-de-estar-de-nuevo-en-la-pelea\/"]}]},{"@type":"ImageObject","inLanguage":"es","@id":"https:\/\/diarioellabrador.cl\/index.php\/2026\/04\/25\/alfonso-avila-llego-a-gran-aventura-tengo-muchas-ganas-de-estar-de-nuevo-en-la-pelea\/#primaryimage","url":"https:\/\/diarioellabrador.cl\/wp-content\/uploads\/2026\/04\/Alfonso-Avila-llego-a-Gran-Aventura-Tengo-muchas-ganas-de-estar-de-nuevo-en-la-pelea.jpg","contentUrl":"https:\/\/diarioellabrador.cl\/wp-content\/uploads\/2026\/04\/Alfonso-Avila-llego-a-Gran-Aventura-Tengo-muchas-ganas-de-estar-de-nuevo-en-la-pelea.jpg","width":750,"height":389},{"@type":"BreadcrumbList","@id":"https:\/\/diarioellabrador.cl\/index.php\/2026\/04\/25\/alfonso-avila-llego-a-gran-aventura-tengo-muchas-ganas-de-estar-de-nuevo-en-la-pelea\/#breadcrumb","itemListElement":[{"@type":"ListItem","position":1,"name":"Portada","item":"https:\/\/diarioellabrador.cl\/"},{"@type":"ListItem","position":2,"name":"Alfonso Avila lleg\u00f3 a Gran Aventura: \u00abTengo muchas ganas de estar de nuevo en la pelea\u00bb"}]},{"@type":"WebSite","@id":"https:\/\/diarioellabrador.cl\/#website","url":"https:\/\/diarioellabrador.cl\/","name":"Diario El Labrador","description":"Haciendo noticia desde 1921","publisher":{"@id":"https:\/\/diarioellabrador.cl\/#organization"},"potentialAction":[{"@type":"SearchAction","target":{"@type":"EntryPoint","urlTemplate":"https:\/\/diarioellabrador.cl\/?s={search_term_string}"},"query-input":{"@type":"PropertyValueSpecification","valueRequired":true,"valueName":"search_term_string"}}],"inLanguage":"es"},{"@type":"Organization","@id":"https:\/\/diarioellabrador.cl\/#organization","name":"Diario El Labrador","url":"https:\/\/diarioellabrador.cl\/","logo":{"@type":"ImageObject","inLanguage":"es","@id":"https:\/\/diarioellabrador.cl\/#\/schema\/logo\/image\/","url":"https:\/\/diarioellabrador.cl\/wp-content\/uploads\/2025\/02\/cropped-Logo-Icono.png","contentUrl":"https:\/\/diarioellabrador.cl\/wp-content\/uploads\/2025\/02\/cropped-Logo-Icono.png","width":512,"height":512,"caption":"Diario El Labrador"},"image":{"@id":"https:\/\/diarioellabrador.cl\/#\/schema\/logo\/image\/"},"sameAs":["https:\/\/web.facebook.com\/profile.php?id=61576120840621","https:\/\/x.com\/ElLabradorOf","https:\/\/www.instagram.com\/diarioellabradoroficial\/"]},{"@type":"Person","@id":"https:\/\/diarioellabrador.cl\/#\/schema\/person\/bc25ff80b4563f9c7f4bd7855df01685","name":"Editor","image":{"@type":"ImageObject","inLanguage":"es","@id":"https:\/\/secure.gravatar.com\/avatar\/109c326cf2be5c04f048c2c2a2b8b6ef44bf3d8d1d3d4c55d0ac40c4bc994684?s=96&d=mm&r=g","url":"https:\/\/secure.gravatar.com\/avatar\/109c326cf2be5c04f048c2c2a2b8b6ef44bf3d8d1d3d4c55d0ac40c4bc994684?s=96&d=mm&r=g","contentUrl":"https:\/\/secure.gravatar.com\/avatar\/109c326cf2be5c04f048c2c2a2b8b6ef44bf3d8d1d3d4c55d0ac40c4bc994684?s=96&d=mm&r=g","caption":"Editor"},"url":"https:\/\/diarioellabrador.cl\/index.php\/author\/editor\/"}]}},"_links":{"self":[{"href":"https:\/\/diarioellabrador.cl\/index.php\/wp-json\/wp\/v2\/posts\/18527","targetHints":{"allow":["GET"]}}],"collection":[{"href":"https:\/\/diarioellabrador.cl\/index.php\/wp-json\/wp\/v2\/posts"}],"about":[{"href":"https:\/\/diarioellabrador.cl\/index.php\/wp-json\/wp\/v2\/types\/post"}],"author":[{"embeddable":true,"href":"https:\/\/diarioellabrador.cl\/index.php\/wp-json\/wp\/v2\/users\/2"}],"replies":[{"embeddable":true,"href":"https:\/\/diarioellabrador.cl\/index.php\/wp-json\/wp\/v2\/comments?post=18527"}],"version-history":[{"count":1,"href":"https:\/\/diarioellabrador.cl\/index.php\/wp-json\/wp\/v2\/posts\/18527\/revisions"}],"predecessor-version":[{"id":18528,"href":"https:\/\/diarioellabrador.cl\/index.php\/wp-json\/wp\/v2\/posts\/18527\/revisions\/18528"}],"wp:featuredmedia":[{"embeddable":true,"href":"https:\/\/diarioellabrador.cl\/index.php\/wp-json\/wp\/v2\/media\/18505"}],"wp:attachment":[{"href":"https:\/\/diarioellabrador.cl\/index.php\/wp-json\/wp\/v2\/media?parent=18527"}],"wp:term":[{"taxonomy":"category","embeddable":true,"href":"https:\/\/diarioellabrador.cl\/index.php\/wp-json\/wp\/v2\/categories?post=18527"},{"taxonomy":"post_tag","embeddable":true,"href":"https:\/\/diarioellabrador.cl\/index.php\/wp-json\/wp\/v2\/tags?post=18527"}],"curies":[{"name":"wp","href":"https:\/\/api.w.org\/{rel}","templated":true}]}}