{"id":18523,"date":"2026-04-25T18:30:00","date_gmt":"2026-04-25T22:30:00","guid":{"rendered":"https:\/\/diarioellabrador.cl\/?p=18523"},"modified":"2026-04-25T15:31:07","modified_gmt":"2026-04-25T19:31:07","slug":"pep-guardiola-y-la-opcion-que-sacudiria-al-futbol-dirigir-una-seleccion-de-elite-tras-la-premier","status":"publish","type":"post","link":"https:\/\/diarioellabrador.cl\/index.php\/2026\/04\/25\/pep-guardiola-y-la-opcion-que-sacudiria-al-futbol-dirigir-una-seleccion-de-elite-tras-la-premier\/","title":{"rendered":"Pep Guardiola y la opci\u00f3n que sacudir\u00eda al f\u00fatbol: dirigir una selecci\u00f3n de elite tras la Premier"},"content":{"rendered":"\n<p><strong>Josep Guardiola<\/strong> podr\u00eda dar un <strong>giro inesperado<\/strong> a su carrera si la <strong>Federaci\u00f3n Italiana de F\u00fatbol<\/strong> lo contacta tras la temporada inglesa. La posibilidad surge en un momento de incertidumbre sobre su continuidad en el Manchester City y con su v\u00ednculo hist\u00f3rico con Italia.<\/p>\n\n\n\n<p>De acuerdo a <a href=\"https:\/\/www.gazzetta.it\/Calcio\/Nazionale\/24-04-2026\/azzurro-guardiola-pep-ama-l-italia-e-una-scommessa-che-lo-attira.shtml\" target=\"_blank\" rel=\"noreferrer noopener\">La Gazzetta dello Sport<\/a>, el nombre de Pep figura entre <strong>los favoritos<\/strong> para liderar la <strong>\u2018Azzurra\u2019<\/strong> despu\u00e9s del 22 de junio, cuando el nuevo presidente de la federaci\u00f3n italiana asumir\u00e1 el cargo.<\/p>\n\n\n\n<p>Con 41 t\u00edtulos en 18 a\u00f1os, solo Sir Alex Ferguson supera su registro, consolid\u00e1ndolo como uno de los entrenadores m\u00e1s exitosos de la era moderna.<\/p>\n\n\n\n<p>El atractivo para Guardiola no es solo profesional. Durante un festival en Trento en 2018, respondi\u00f3 \u201c<strong>\u00bfPor qu\u00e9 no?<\/strong>\u201d al pregunt\u00e1rsele sobre dirigir una selecci\u00f3n. Su etapa como jugador en Brescia y Roma, junto al dominio del idioma, refuerzan la idea de que un ofrecimiento italiano podr\u00eda resultarle irresistible.<\/p>\n\n\n\n<p>La conclusi\u00f3n de la Premier League el 24 de mayo y la final de la FA Cup el 16 de mayo abren la ventana para que la federaci\u00f3n italiana haga contacto. <strong>Leonardo Bonucci<\/strong>, consultado sobre el futuro de la Nazionale, dijo que \u201csi hay un verdadero deseo de empezar de cero, yo empezar\u00eda con Pep Guardiola, porque traer a alguien como \u00e9l supondr\u00eda un cambio radical con respecto a todo lo que ha ocurrido en el pasado\u201d.<\/p>\n\n\n\n<p>Guardiola cuenta con libertad contractual y apoyo en el Manchester City, lo que le permitir\u00eda decidir si sigue un a\u00f1o m\u00e1s o se retira temporalmente del f\u00fatbol de clubes. Un cargo en una selecci\u00f3n nacional ofrecer\u00eda un ritmo m\u00e1s pausado, equilibrando presi\u00f3n y descanso, ajust\u00e1ndose a sus intereses personales y profesionales.<\/p>\n","protected":false},"excerpt":{"rendered":"<p>Josep Guardiola podr\u00eda dar un giro inesperado a su carrera si la Federaci\u00f3n Italiana de F\u00fatbol lo contacta tras la temporada inglesa. La posibilidad surge en un momento de incertidumbre sobre su continuidad en el Manchester City y con su v\u00ednculo hist\u00f3rico con Italia. De acuerdo a La Gazzetta dello Sport, el nombre de Pep<\/p>\n<div class=\"read-more-wrapper\"><a class=\"read-more\" href=\"https:\/\/diarioellabrador.cl\/index.php\/2026\/04\/25\/pep-guardiola-y-la-opcion-que-sacudiria-al-futbol-dirigir-una-seleccion-de-elite-tras-la-premier\/\" title=\"Leer m\u00e1s\"> <span class=\"button \">Leer m\u00e1s<\/span><\/a><\/div>\n","protected":false},"author":2,"featured_media":18510,"comment_status":"open","ping_status":"open","sticky":false,"template":"","format":"standard","meta":{"footnotes":""},"categories":[4],"tags":[],"class_list":["post-18523","post","type-post","status-publish","format-standard","has-post-thumbnail","hentry","category-deportes"],"yoast_head":"<!-- This site is optimized with the Yoast SEO plugin v27.4 - https:\/\/yoast.com\/product\/yoast-seo-wordpress\/ -->\n<title>Pep Guardiola y la opci\u00f3n que sacudir\u00eda al f\u00fatbol: dirigir una selecci\u00f3n de elite tras la Premier - Diario El Labrador<\/title>\n<meta name=\"robots\" content=\"index, follow, max-snippet:-1, max-image-preview:large, max-video-preview:-1\" \/>\n<link rel=\"canonical\" href=\"https:\/\/diarioellabrador.cl\/index.php\/2026\/04\/25\/pep-guardiola-y-la-opcion-que-sacudiria-al-futbol-dirigir-una-seleccion-de-elite-tras-la-premier\/\" \/>\n<meta property=\"og:locale\" content=\"es_ES\" \/>\n<meta property=\"og:type\" content=\"article\" \/>\n<meta property=\"og:title\" content=\"Pep Guardiola y la opci\u00f3n que sacudir\u00eda al f\u00fatbol: dirigir una selecci\u00f3n de elite tras la Premier - Diario El Labrador\" \/>\n<meta property=\"og:description\" content=\"Josep Guardiola podr\u00eda dar un giro inesperado a su carrera si la Federaci\u00f3n Italiana de F\u00fatbol lo contacta tras la temporada inglesa. La posibilidad surge en un momento de incertidumbre sobre su continuidad en el Manchester City y con su v\u00ednculo hist\u00f3rico con Italia. De acuerdo a La Gazzetta dello Sport, el nombre de Pep Leer m\u00e1s\" \/>\n<meta property=\"og:url\" content=\"https:\/\/diarioellabrador.cl\/index.php\/2026\/04\/25\/pep-guardiola-y-la-opcion-que-sacudiria-al-futbol-dirigir-una-seleccion-de-elite-tras-la-premier\/\" \/>\n<meta property=\"og:site_name\" content=\"Diario El Labrador\" \/>\n<meta property=\"article:publisher\" content=\"https:\/\/web.facebook.com\/profile.php?id=61576120840621\" \/>\n<meta property=\"article:published_time\" content=\"2026-04-25T22:30:00+00:00\" \/>\n<meta property=\"og:image\" content=\"https:\/\/diarioellabrador.cl\/wp-content\/uploads\/2026\/04\/Pep-Guardiola-y-la-opcion-que-sacudiria-al-futbol-dirigir-una-seleccion-de-elite-tras-la-Premier.jpg\" \/>\n\t<meta property=\"og:image:width\" content=\"2273\" \/>\n\t<meta property=\"og:image:height\" content=\"1515\" \/>\n\t<meta property=\"og:image:type\" content=\"image\/jpeg\" \/>\n<meta name=\"author\" content=\"Editor\" \/>\n<meta name=\"twitter:card\" content=\"summary_large_image\" \/>\n<meta name=\"twitter:creator\" content=\"@ElLabradorOf\" \/>\n<meta name=\"twitter:site\" content=\"@ElLabradorOf\" \/>\n<meta name=\"twitter:label1\" content=\"Escrito por\" \/>\n\t<meta name=\"twitter:data1\" content=\"Editor\" \/>\n\t<meta name=\"twitter:label2\" content=\"Tiempo de lectura\" \/>\n\t<meta name=\"twitter:data2\" content=\"2 minutos\" \/>\n<script type=\"application\/ld+json\" class=\"yoast-schema-graph\">{\"@context\":\"https:\\\/\\\/schema.org\",\"@graph\":[{\"@type\":\"Article\",\"@id\":\"https:\\\/\\\/diarioellabrador.cl\\\/index.php\\\/2026\\\/04\\\/25\\\/pep-guardiola-y-la-opcion-que-sacudiria-al-futbol-dirigir-una-seleccion-de-elite-tras-la-premier\\\/#article\",\"isPartOf\":{\"@id\":\"https:\\\/\\\/diarioellabrador.cl\\\/index.php\\\/2026\\\/04\\\/25\\\/pep-guardiola-y-la-opcion-que-sacudiria-al-futbol-dirigir-una-seleccion-de-elite-tras-la-premier\\\/\"},\"author\":{\"name\":\"Editor\",\"@id\":\"https:\\\/\\\/diarioellabrador.cl\\\/#\\\/schema\\\/person\\\/bc25ff80b4563f9c7f4bd7855df01685\"},\"headline\":\"Pep Guardiola y la opci\u00f3n que sacudir\u00eda al f\u00fatbol: dirigir una selecci\u00f3n de elite tras la Premier\",\"datePublished\":\"2026-04-25T22:30:00+00:00\",\"mainEntityOfPage\":{\"@id\":\"https:\\\/\\\/diarioellabrador.cl\\\/index.php\\\/2026\\\/04\\\/25\\\/pep-guardiola-y-la-opcion-que-sacudiria-al-futbol-dirigir-una-seleccion-de-elite-tras-la-premier\\\/\"},\"wordCount\":323,\"commentCount\":0,\"publisher\":{\"@id\":\"https:\\\/\\\/diarioellabrador.cl\\\/#organization\"},\"image\":{\"@id\":\"https:\\\/\\\/diarioellabrador.cl\\\/index.php\\\/2026\\\/04\\\/25\\\/pep-guardiola-y-la-opcion-que-sacudiria-al-futbol-dirigir-una-seleccion-de-elite-tras-la-premier\\\/#primaryimage\"},\"thumbnailUrl\":\"https:\\\/\\\/diarioellabrador.cl\\\/wp-content\\\/uploads\\\/2026\\\/04\\\/Pep-Guardiola-y-la-opcion-que-sacudiria-al-futbol-dirigir-una-seleccion-de-elite-tras-la-Premier.jpg\",\"articleSection\":[\"Deportes\"],\"inLanguage\":\"es\",\"potentialAction\":[{\"@type\":\"CommentAction\",\"name\":\"Comment\",\"target\":[\"https:\\\/\\\/diarioellabrador.cl\\\/index.php\\\/2026\\\/04\\\/25\\\/pep-guardiola-y-la-opcion-que-sacudiria-al-futbol-dirigir-una-seleccion-de-elite-tras-la-premier\\\/#respond\"]}]},{\"@type\":\"WebPage\",\"@id\":\"https:\\\/\\\/diarioellabrador.cl\\\/index.php\\\/2026\\\/04\\\/25\\\/pep-guardiola-y-la-opcion-que-sacudiria-al-futbol-dirigir-una-seleccion-de-elite-tras-la-premier\\\/\",\"url\":\"https:\\\/\\\/diarioellabrador.cl\\\/index.php\\\/2026\\\/04\\\/25\\\/pep-guardiola-y-la-opcion-que-sacudiria-al-futbol-dirigir-una-seleccion-de-elite-tras-la-premier\\\/\",\"name\":\"Pep Guardiola y la opci\u00f3n que sacudir\u00eda al f\u00fatbol: dirigir una selecci\u00f3n de elite tras la Premier - Diario El Labrador\",\"isPartOf\":{\"@id\":\"https:\\\/\\\/diarioellabrador.cl\\\/#website\"},\"primaryImageOfPage\":{\"@id\":\"https:\\\/\\\/diarioellabrador.cl\\\/index.php\\\/2026\\\/04\\\/25\\\/pep-guardiola-y-la-opcion-que-sacudiria-al-futbol-dirigir-una-seleccion-de-elite-tras-la-premier\\\/#primaryimage\"},\"image\":{\"@id\":\"https:\\\/\\\/diarioellabrador.cl\\\/index.php\\\/2026\\\/04\\\/25\\\/pep-guardiola-y-la-opcion-que-sacudiria-al-futbol-dirigir-una-seleccion-de-elite-tras-la-premier\\\/#primaryimage\"},\"thumbnailUrl\":\"https:\\\/\\\/diarioellabrador.cl\\\/wp-content\\\/uploads\\\/2026\\\/04\\\/Pep-Guardiola-y-la-opcion-que-sacudiria-al-futbol-dirigir-una-seleccion-de-elite-tras-la-Premier.jpg\",\"datePublished\":\"2026-04-25T22:30:00+00:00\",\"breadcrumb\":{\"@id\":\"https:\\\/\\\/diarioellabrador.cl\\\/index.php\\\/2026\\\/04\\\/25\\\/pep-guardiola-y-la-opcion-que-sacudiria-al-futbol-dirigir-una-seleccion-de-elite-tras-la-premier\\\/#breadcrumb\"},\"inLanguage\":\"es\",\"potentialAction\":[{\"@type\":\"ReadAction\",\"target\":[\"https:\\\/\\\/diarioellabrador.cl\\\/index.php\\\/2026\\\/04\\\/25\\\/pep-guardiola-y-la-opcion-que-sacudiria-al-futbol-dirigir-una-seleccion-de-elite-tras-la-premier\\\/\"]}]},{\"@type\":\"ImageObject\",\"inLanguage\":\"es\",\"@id\":\"https:\\\/\\\/diarioellabrador.cl\\\/index.php\\\/2026\\\/04\\\/25\\\/pep-guardiola-y-la-opcion-que-sacudiria-al-futbol-dirigir-una-seleccion-de-elite-tras-la-premier\\\/#primaryimage\",\"url\":\"https:\\\/\\\/diarioellabrador.cl\\\/wp-content\\\/uploads\\\/2026\\\/04\\\/Pep-Guardiola-y-la-opcion-que-sacudiria-al-futbol-dirigir-una-seleccion-de-elite-tras-la-Premier.jpg\",\"contentUrl\":\"https:\\\/\\\/diarioellabrador.cl\\\/wp-content\\\/uploads\\\/2026\\\/04\\\/Pep-Guardiola-y-la-opcion-que-sacudiria-al-futbol-dirigir-una-seleccion-de-elite-tras-la-Premier.jpg\",\"width\":2273,\"height\":1515},{\"@type\":\"BreadcrumbList\",\"@id\":\"https:\\\/\\\/diarioellabrador.cl\\\/index.php\\\/2026\\\/04\\\/25\\\/pep-guardiola-y-la-opcion-que-sacudiria-al-futbol-dirigir-una-seleccion-de-elite-tras-la-premier\\\/#breadcrumb\",\"itemListElement\":[{\"@type\":\"ListItem\",\"position\":1,\"name\":\"Portada\",\"item\":\"https:\\\/\\\/diarioellabrador.cl\\\/\"},{\"@type\":\"ListItem\",\"position\":2,\"name\":\"Pep Guardiola y la opci\u00f3n que sacudir\u00eda al f\u00fatbol: dirigir una selecci\u00f3n de elite tras la Premier\"}]},{\"@type\":\"WebSite\",\"@id\":\"https:\\\/\\\/diarioellabrador.cl\\\/#website\",\"url\":\"https:\\\/\\\/diarioellabrador.cl\\\/\",\"name\":\"Diario El Labrador\",\"description\":\"Haciendo noticia desde 1921\",\"publisher\":{\"@id\":\"https:\\\/\\\/diarioellabrador.cl\\\/#organization\"},\"potentialAction\":[{\"@type\":\"SearchAction\",\"target\":{\"@type\":\"EntryPoint\",\"urlTemplate\":\"https:\\\/\\\/diarioellabrador.cl\\\/?s={search_term_string}\"},\"query-input\":{\"@type\":\"PropertyValueSpecification\",\"valueRequired\":true,\"valueName\":\"search_term_string\"}}],\"inLanguage\":\"es\"},{\"@type\":\"Organization\",\"@id\":\"https:\\\/\\\/diarioellabrador.cl\\\/#organization\",\"name\":\"Diario El Labrador\",\"url\":\"https:\\\/\\\/diarioellabrador.cl\\\/\",\"logo\":{\"@type\":\"ImageObject\",\"inLanguage\":\"es\",\"@id\":\"https:\\\/\\\/diarioellabrador.cl\\\/#\\\/schema\\\/logo\\\/image\\\/\",\"url\":\"https:\\\/\\\/diarioellabrador.cl\\\/wp-content\\\/uploads\\\/2025\\\/02\\\/cropped-Logo-Icono.png\",\"contentUrl\":\"https:\\\/\\\/diarioellabrador.cl\\\/wp-content\\\/uploads\\\/2025\\\/02\\\/cropped-Logo-Icono.png\",\"width\":512,\"height\":512,\"caption\":\"Diario El Labrador\"},\"image\":{\"@id\":\"https:\\\/\\\/diarioellabrador.cl\\\/#\\\/schema\\\/logo\\\/image\\\/\"},\"sameAs\":[\"https:\\\/\\\/web.facebook.com\\\/profile.php?id=61576120840621\",\"https:\\\/\\\/x.com\\\/ElLabradorOf\",\"https:\\\/\\\/www.instagram.com\\\/diarioellabradoroficial\\\/\"]},{\"@type\":\"Person\",\"@id\":\"https:\\\/\\\/diarioellabrador.cl\\\/#\\\/schema\\\/person\\\/bc25ff80b4563f9c7f4bd7855df01685\",\"name\":\"Editor\",\"image\":{\"@type\":\"ImageObject\",\"inLanguage\":\"es\",\"@id\":\"https:\\\/\\\/secure.gravatar.com\\\/avatar\\\/109c326cf2be5c04f048c2c2a2b8b6ef44bf3d8d1d3d4c55d0ac40c4bc994684?s=96&d=mm&r=g\",\"url\":\"https:\\\/\\\/secure.gravatar.com\\\/avatar\\\/109c326cf2be5c04f048c2c2a2b8b6ef44bf3d8d1d3d4c55d0ac40c4bc994684?s=96&d=mm&r=g\",\"contentUrl\":\"https:\\\/\\\/secure.gravatar.com\\\/avatar\\\/109c326cf2be5c04f048c2c2a2b8b6ef44bf3d8d1d3d4c55d0ac40c4bc994684?s=96&d=mm&r=g\",\"caption\":\"Editor\"},\"url\":\"https:\\\/\\\/diarioellabrador.cl\\\/index.php\\\/author\\\/editor\\\/\"}]}<\/script>\n<!-- \/ Yoast SEO plugin. -->","yoast_head_json":{"title":"Pep Guardiola y la opci\u00f3n que sacudir\u00eda al f\u00fatbol: dirigir una selecci\u00f3n de elite tras la Premier - Diario El Labrador","robots":{"index":"index","follow":"follow","max-snippet":"max-snippet:-1","max-image-preview":"max-image-preview:large","max-video-preview":"max-video-preview:-1"},"canonical":"https:\/\/diarioellabrador.cl\/index.php\/2026\/04\/25\/pep-guardiola-y-la-opcion-que-sacudiria-al-futbol-dirigir-una-seleccion-de-elite-tras-la-premier\/","og_locale":"es_ES","og_type":"article","og_title":"Pep Guardiola y la opci\u00f3n que sacudir\u00eda al f\u00fatbol: dirigir una selecci\u00f3n de elite tras la Premier - Diario El Labrador","og_description":"Josep Guardiola podr\u00eda dar un giro inesperado a su carrera si la Federaci\u00f3n Italiana de F\u00fatbol lo contacta tras la temporada inglesa. La posibilidad surge en un momento de incertidumbre sobre su continuidad en el Manchester City y con su v\u00ednculo hist\u00f3rico con Italia. De acuerdo a La Gazzetta dello Sport, el nombre de Pep Leer m\u00e1s","og_url":"https:\/\/diarioellabrador.cl\/index.php\/2026\/04\/25\/pep-guardiola-y-la-opcion-que-sacudiria-al-futbol-dirigir-una-seleccion-de-elite-tras-la-premier\/","og_site_name":"Diario El Labrador","article_publisher":"https:\/\/web.facebook.com\/profile.php?id=61576120840621","article_published_time":"2026-04-25T22:30:00+00:00","og_image":[{"width":2273,"height":1515,"url":"https:\/\/diarioellabrador.cl\/wp-content\/uploads\/2026\/04\/Pep-Guardiola-y-la-opcion-que-sacudiria-al-futbol-dirigir-una-seleccion-de-elite-tras-la-Premier.jpg","type":"image\/jpeg"}],"author":"Editor","twitter_card":"summary_large_image","twitter_creator":"@ElLabradorOf","twitter_site":"@ElLabradorOf","twitter_misc":{"Escrito por":"Editor","Tiempo de lectura":"2 minutos"},"schema":{"@context":"https:\/\/schema.org","@graph":[{"@type":"Article","@id":"https:\/\/diarioellabrador.cl\/index.php\/2026\/04\/25\/pep-guardiola-y-la-opcion-que-sacudiria-al-futbol-dirigir-una-seleccion-de-elite-tras-la-premier\/#article","isPartOf":{"@id":"https:\/\/diarioellabrador.cl\/index.php\/2026\/04\/25\/pep-guardiola-y-la-opcion-que-sacudiria-al-futbol-dirigir-una-seleccion-de-elite-tras-la-premier\/"},"author":{"name":"Editor","@id":"https:\/\/diarioellabrador.cl\/#\/schema\/person\/bc25ff80b4563f9c7f4bd7855df01685"},"headline":"Pep Guardiola y la opci\u00f3n que sacudir\u00eda al f\u00fatbol: dirigir una selecci\u00f3n de elite tras la Premier","datePublished":"2026-04-25T22:30:00+00:00","mainEntityOfPage":{"@id":"https:\/\/diarioellabrador.cl\/index.php\/2026\/04\/25\/pep-guardiola-y-la-opcion-que-sacudiria-al-futbol-dirigir-una-seleccion-de-elite-tras-la-premier\/"},"wordCount":323,"commentCount":0,"publisher":{"@id":"https:\/\/diarioellabrador.cl\/#organization"},"image":{"@id":"https:\/\/diarioellabrador.cl\/index.php\/2026\/04\/25\/pep-guardiola-y-la-opcion-que-sacudiria-al-futbol-dirigir-una-seleccion-de-elite-tras-la-premier\/#primaryimage"},"thumbnailUrl":"https:\/\/diarioellabrador.cl\/wp-content\/uploads\/2026\/04\/Pep-Guardiola-y-la-opcion-que-sacudiria-al-futbol-dirigir-una-seleccion-de-elite-tras-la-Premier.jpg","articleSection":["Deportes"],"inLanguage":"es","potentialAction":[{"@type":"CommentAction","name":"Comment","target":["https:\/\/diarioellabrador.cl\/index.php\/2026\/04\/25\/pep-guardiola-y-la-opcion-que-sacudiria-al-futbol-dirigir-una-seleccion-de-elite-tras-la-premier\/#respond"]}]},{"@type":"WebPage","@id":"https:\/\/diarioellabrador.cl\/index.php\/2026\/04\/25\/pep-guardiola-y-la-opcion-que-sacudiria-al-futbol-dirigir-una-seleccion-de-elite-tras-la-premier\/","url":"https:\/\/diarioellabrador.cl\/index.php\/2026\/04\/25\/pep-guardiola-y-la-opcion-que-sacudiria-al-futbol-dirigir-una-seleccion-de-elite-tras-la-premier\/","name":"Pep Guardiola y la opci\u00f3n que sacudir\u00eda al f\u00fatbol: dirigir una selecci\u00f3n de elite tras la Premier - Diario El Labrador","isPartOf":{"@id":"https:\/\/diarioellabrador.cl\/#website"},"primaryImageOfPage":{"@id":"https:\/\/diarioellabrador.cl\/index.php\/2026\/04\/25\/pep-guardiola-y-la-opcion-que-sacudiria-al-futbol-dirigir-una-seleccion-de-elite-tras-la-premier\/#primaryimage"},"image":{"@id":"https:\/\/diarioellabrador.cl\/index.php\/2026\/04\/25\/pep-guardiola-y-la-opcion-que-sacudiria-al-futbol-dirigir-una-seleccion-de-elite-tras-la-premier\/#primaryimage"},"thumbnailUrl":"https:\/\/diarioellabrador.cl\/wp-content\/uploads\/2026\/04\/Pep-Guardiola-y-la-opcion-que-sacudiria-al-futbol-dirigir-una-seleccion-de-elite-tras-la-Premier.jpg","datePublished":"2026-04-25T22:30:00+00:00","breadcrumb":{"@id":"https:\/\/diarioellabrador.cl\/index.php\/2026\/04\/25\/pep-guardiola-y-la-opcion-que-sacudiria-al-futbol-dirigir-una-seleccion-de-elite-tras-la-premier\/#breadcrumb"},"inLanguage":"es","potentialAction":[{"@type":"ReadAction","target":["https:\/\/diarioellabrador.cl\/index.php\/2026\/04\/25\/pep-guardiola-y-la-opcion-que-sacudiria-al-futbol-dirigir-una-seleccion-de-elite-tras-la-premier\/"]}]},{"@type":"ImageObject","inLanguage":"es","@id":"https:\/\/diarioellabrador.cl\/index.php\/2026\/04\/25\/pep-guardiola-y-la-opcion-que-sacudiria-al-futbol-dirigir-una-seleccion-de-elite-tras-la-premier\/#primaryimage","url":"https:\/\/diarioellabrador.cl\/wp-content\/uploads\/2026\/04\/Pep-Guardiola-y-la-opcion-que-sacudiria-al-futbol-dirigir-una-seleccion-de-elite-tras-la-Premier.jpg","contentUrl":"https:\/\/diarioellabrador.cl\/wp-content\/uploads\/2026\/04\/Pep-Guardiola-y-la-opcion-que-sacudiria-al-futbol-dirigir-una-seleccion-de-elite-tras-la-Premier.jpg","width":2273,"height":1515},{"@type":"BreadcrumbList","@id":"https:\/\/diarioellabrador.cl\/index.php\/2026\/04\/25\/pep-guardiola-y-la-opcion-que-sacudiria-al-futbol-dirigir-una-seleccion-de-elite-tras-la-premier\/#breadcrumb","itemListElement":[{"@type":"ListItem","position":1,"name":"Portada","item":"https:\/\/diarioellabrador.cl\/"},{"@type":"ListItem","position":2,"name":"Pep Guardiola y la opci\u00f3n que sacudir\u00eda al f\u00fatbol: dirigir una selecci\u00f3n de elite tras la Premier"}]},{"@type":"WebSite","@id":"https:\/\/diarioellabrador.cl\/#website","url":"https:\/\/diarioellabrador.cl\/","name":"Diario El Labrador","description":"Haciendo noticia desde 1921","publisher":{"@id":"https:\/\/diarioellabrador.cl\/#organization"},"potentialAction":[{"@type":"SearchAction","target":{"@type":"EntryPoint","urlTemplate":"https:\/\/diarioellabrador.cl\/?s={search_term_string}"},"query-input":{"@type":"PropertyValueSpecification","valueRequired":true,"valueName":"search_term_string"}}],"inLanguage":"es"},{"@type":"Organization","@id":"https:\/\/diarioellabrador.cl\/#organization","name":"Diario El Labrador","url":"https:\/\/diarioellabrador.cl\/","logo":{"@type":"ImageObject","inLanguage":"es","@id":"https:\/\/diarioellabrador.cl\/#\/schema\/logo\/image\/","url":"https:\/\/diarioellabrador.cl\/wp-content\/uploads\/2025\/02\/cropped-Logo-Icono.png","contentUrl":"https:\/\/diarioellabrador.cl\/wp-content\/uploads\/2025\/02\/cropped-Logo-Icono.png","width":512,"height":512,"caption":"Diario El Labrador"},"image":{"@id":"https:\/\/diarioellabrador.cl\/#\/schema\/logo\/image\/"},"sameAs":["https:\/\/web.facebook.com\/profile.php?id=61576120840621","https:\/\/x.com\/ElLabradorOf","https:\/\/www.instagram.com\/diarioellabradoroficial\/"]},{"@type":"Person","@id":"https:\/\/diarioellabrador.cl\/#\/schema\/person\/bc25ff80b4563f9c7f4bd7855df01685","name":"Editor","image":{"@type":"ImageObject","inLanguage":"es","@id":"https:\/\/secure.gravatar.com\/avatar\/109c326cf2be5c04f048c2c2a2b8b6ef44bf3d8d1d3d4c55d0ac40c4bc994684?s=96&d=mm&r=g","url":"https:\/\/secure.gravatar.com\/avatar\/109c326cf2be5c04f048c2c2a2b8b6ef44bf3d8d1d3d4c55d0ac40c4bc994684?s=96&d=mm&r=g","contentUrl":"https:\/\/secure.gravatar.com\/avatar\/109c326cf2be5c04f048c2c2a2b8b6ef44bf3d8d1d3d4c55d0ac40c4bc994684?s=96&d=mm&r=g","caption":"Editor"},"url":"https:\/\/diarioellabrador.cl\/index.php\/author\/editor\/"}]}},"_links":{"self":[{"href":"https:\/\/diarioellabrador.cl\/index.php\/wp-json\/wp\/v2\/posts\/18523","targetHints":{"allow":["GET"]}}],"collection":[{"href":"https:\/\/diarioellabrador.cl\/index.php\/wp-json\/wp\/v2\/posts"}],"about":[{"href":"https:\/\/diarioellabrador.cl\/index.php\/wp-json\/wp\/v2\/types\/post"}],"author":[{"embeddable":true,"href":"https:\/\/diarioellabrador.cl\/index.php\/wp-json\/wp\/v2\/users\/2"}],"replies":[{"embeddable":true,"href":"https:\/\/diarioellabrador.cl\/index.php\/wp-json\/wp\/v2\/comments?post=18523"}],"version-history":[{"count":1,"href":"https:\/\/diarioellabrador.cl\/index.php\/wp-json\/wp\/v2\/posts\/18523\/revisions"}],"predecessor-version":[{"id":18524,"href":"https:\/\/diarioellabrador.cl\/index.php\/wp-json\/wp\/v2\/posts\/18523\/revisions\/18524"}],"wp:featuredmedia":[{"embeddable":true,"href":"https:\/\/diarioellabrador.cl\/index.php\/wp-json\/wp\/v2\/media\/18510"}],"wp:attachment":[{"href":"https:\/\/diarioellabrador.cl\/index.php\/wp-json\/wp\/v2\/media?parent=18523"}],"wp:term":[{"taxonomy":"category","embeddable":true,"href":"https:\/\/diarioellabrador.cl\/index.php\/wp-json\/wp\/v2\/categories?post=18523"},{"taxonomy":"post_tag","embeddable":true,"href":"https:\/\/diarioellabrador.cl\/index.php\/wp-json\/wp\/v2\/tags?post=18523"}],"curies":[{"name":"wp","href":"https:\/\/api.w.org\/{rel}","templated":true}]}}