{"id":18521,"date":"2026-04-25T18:30:00","date_gmt":"2026-04-25T22:30:00","guid":{"rendered":"https:\/\/diarioellabrador.cl\/?p=18521"},"modified":"2026-04-25T15:30:37","modified_gmt":"2026-04-25T19:30:37","slug":"muere-ciclista-colombiano-cristian-munoz-a-los-31-anos-sufrio-secuelas-por-grave-caida-en-francia","status":"publish","type":"post","link":"https:\/\/diarioellabrador.cl\/index.php\/2026\/04\/25\/muere-ciclista-colombiano-cristian-munoz-a-los-31-anos-sufrio-secuelas-por-grave-caida-en-francia\/","title":{"rendered":"Muere ciclista colombiano Cristian Mu\u00f1oz a los 31 a\u00f1os: sufri\u00f3 secuelas por grave ca\u00edda en Francia"},"content":{"rendered":"\n<p>El luto se pos\u00f3 sobre el ciclismo colombiano este viernes tras confirmarse <strong>la prematura muerte de Cristian Mu\u00f1oz<\/strong>, destacado exponente de deporte sobre ruedas.<\/p>\n\n\n\n<p>\u201cPara el equipo de ciclismo Nu Colombia es muy triste informar <strong>el fallecimiento de su corredor Cristian Camilo Mu\u00f1oz<\/strong>\u201d, inform\u00f3 por medio de un comunicado la escuadra cicl\u00edstica.<\/p>\n\n\n\n<p>En tanto que el programa Ciclismo en Grande, dirigido por R\u00faben Arcila y Luis Escobar, junto al presidente de Nu Bank, Ra\u00fal Mesa, entregaron detalles sobre lo ocurrido.<\/p>\n\n\n\n<p>Informaron que el 18 de abril de 2026, el corredor cundinamarqu\u00e9s tuvo que ser trasladado a Espa\u00f1a tras una dolencia. <strong>Todo tras un accidente sufrido en la disputa por el Tour du Jura, en Francia<\/strong>.<\/p>\n\n\n\n<p>\u201cEstoy muy triste con la muerte de Cristian Camilo Mu\u00f1oz, nos avisaron que falleci\u00f3 a las 5:00 a. m. (hora de Colombia). \u00c9l tuvo un accidente el d\u00eda s\u00e1bado, cuando est\u00e1bamos corriendo el Tour de Jura (Francia). <strong>All\u00ed tuvo una herida muy grande en la rodilla<\/strong> y tuvieron que colocarle puntos\u201d, aseguraron<\/p>\n\n\n\n<p>Publicidad<\/p>\n\n\n\n<p>Agregaron que Cristian Mu\u00f1oz fue llevado a Espa\u00f1a, donde el m\u00e9dico Xavier Rodr\u00edguez vio su situaci\u00f3n. <strong>\u201cLo comenzaron a tratar con antibi\u00f3ticos, pero la pierna se hinch\u00f3 y lo llevaron al hospital en Oviedo, lo atendieron por urgencias, lo dejaron all\u00ed porque no loe ve\u00edan bien\u201d<\/strong>, dijo.<\/p>\n\n\n\n<p>No obstante, en las \u00faltimas horas, su situaci\u00f3n de salud se complic\u00f3 y pese a todos los esfuerzos del equipo m\u00e9dico, <strong>Cristian falleci\u00f3 en la ma\u00f1ana de este viernes.<\/strong><\/p>\n\n\n\n<h2 class=\"wp-block-heading\">Federaci\u00f3n de Colombia lamenta muerte de Cristian Mu\u00f1oz<\/h2>\n\n\n\n<p>Tras la confirmaci\u00f3n del deceso, la Federaci\u00f3n de Ciclismo de Colombia lament\u00f3 el hecho y destac\u00f3 el vac\u00edo que deja la partida de Cristian Mu\u00f1oz.<\/p>\n\n\n\n<p>\u201cSu partida deja un vac\u00edo inmenso en el ciclismo colombiano y en el coraz\u00f3n de todos aquellos que tuvieron el privilegio de conocerlo y compartir con \u00e9l en las rutas y competencias. <strong>Cristian ser\u00e1 recordado por su entrega, disciplina y calidad humana<\/strong> dentro y fuera del pelot\u00f3n\u201d, aseguraron v\u00eda Instagram<\/p>\n\n\n\n<p>Mu\u00f1oz, que reci\u00e9n hab\u00eda cumplido los 31 a\u00f1os el 20 marzo \u201clleg\u00f3 al WorldTour en 2019, para hacer parte de las filas del <strong>UAE Team Emirates<\/strong> (hasta 2021); tras su paso por el Coldeportes Zen\u00fa, entre 2017 y 2018\u2033, destac\u00f3 la Federaci\u00f3n.<\/p>\n\n\n\n<p>El ciclista fue miembro del EPM-Scott, escuadra en la que corri\u00f3 durante 2022 y 2023, y <strong>desde 2024 hacia parte del NU Colombia<\/strong>.<\/p>\n\n\n\n<p>\u201cDentro de su palmar\u00e9s se destaca el t\u00edtulo de la clasificaci\u00f3n por puntos en la Vuelta de la Juventud del 2017; as\u00ed como dos etapas en la misma competencia y una etapa en el Giro Cicl\u00edstico d\u2019Italia (2.2U) 2018\u201d.<\/p>\n","protected":false},"excerpt":{"rendered":"<p>El luto se pos\u00f3 sobre el ciclismo colombiano este viernes tras confirmarse la prematura muerte de Cristian Mu\u00f1oz, destacado exponente de deporte sobre ruedas. \u201cPara el equipo de ciclismo Nu Colombia es muy triste informar el fallecimiento de su corredor Cristian Camilo Mu\u00f1oz\u201d, inform\u00f3 por medio de un comunicado la escuadra cicl\u00edstica. En tanto que<\/p>\n<div class=\"read-more-wrapper\"><a class=\"read-more\" href=\"https:\/\/diarioellabrador.cl\/index.php\/2026\/04\/25\/muere-ciclista-colombiano-cristian-munoz-a-los-31-anos-sufrio-secuelas-por-grave-caida-en-francia\/\" title=\"Leer m\u00e1s\"> <span class=\"button \">Leer m\u00e1s<\/span><\/a><\/div>\n","protected":false},"author":2,"featured_media":18509,"comment_status":"open","ping_status":"open","sticky":false,"template":"","format":"standard","meta":{"footnotes":""},"categories":[4],"tags":[],"class_list":["post-18521","post","type-post","status-publish","format-standard","has-post-thumbnail","hentry","category-deportes"],"yoast_head":"<!-- This site is optimized with the Yoast SEO plugin v27.4 - https:\/\/yoast.com\/product\/yoast-seo-wordpress\/ -->\n<title>Muere ciclista colombiano Cristian Mu\u00f1oz a los 31 a\u00f1os: sufri\u00f3 secuelas por grave ca\u00edda en Francia - Diario El Labrador<\/title>\n<meta name=\"robots\" content=\"index, follow, max-snippet:-1, max-image-preview:large, max-video-preview:-1\" \/>\n<link rel=\"canonical\" href=\"https:\/\/diarioellabrador.cl\/index.php\/2026\/04\/25\/muere-ciclista-colombiano-cristian-munoz-a-los-31-anos-sufrio-secuelas-por-grave-caida-en-francia\/\" \/>\n<meta property=\"og:locale\" content=\"es_ES\" \/>\n<meta property=\"og:type\" content=\"article\" \/>\n<meta property=\"og:title\" content=\"Muere ciclista colombiano Cristian Mu\u00f1oz a los 31 a\u00f1os: sufri\u00f3 secuelas por grave ca\u00edda en Francia - Diario El Labrador\" \/>\n<meta property=\"og:description\" content=\"El luto se pos\u00f3 sobre el ciclismo colombiano este viernes tras confirmarse la prematura muerte de Cristian Mu\u00f1oz, destacado exponente de deporte sobre ruedas. \u201cPara el equipo de ciclismo Nu Colombia es muy triste informar el fallecimiento de su corredor Cristian Camilo Mu\u00f1oz\u201d, inform\u00f3 por medio de un comunicado la escuadra cicl\u00edstica. En tanto que Leer m\u00e1s\" \/>\n<meta property=\"og:url\" content=\"https:\/\/diarioellabrador.cl\/index.php\/2026\/04\/25\/muere-ciclista-colombiano-cristian-munoz-a-los-31-anos-sufrio-secuelas-por-grave-caida-en-francia\/\" \/>\n<meta property=\"og:site_name\" content=\"Diario El Labrador\" \/>\n<meta property=\"article:publisher\" content=\"https:\/\/web.facebook.com\/profile.php?id=61576120840621\" \/>\n<meta property=\"article:published_time\" content=\"2026-04-25T22:30:00+00:00\" \/>\n<meta property=\"og:image\" content=\"https:\/\/diarioellabrador.cl\/wp-content\/uploads\/2026\/04\/Muere-ciclista-colombiano-Cristian-Munoz-a-los-31-anos-sufrio-secuelas-por-grave-caida-en-Francia.jpg\" \/>\n\t<meta property=\"og:image:width\" content=\"955\" \/>\n\t<meta property=\"og:image:height\" content=\"729\" \/>\n\t<meta property=\"og:image:type\" content=\"image\/jpeg\" \/>\n<meta name=\"author\" content=\"Editor\" \/>\n<meta name=\"twitter:card\" content=\"summary_large_image\" \/>\n<meta name=\"twitter:creator\" content=\"@ElLabradorOf\" \/>\n<meta name=\"twitter:site\" content=\"@ElLabradorOf\" \/>\n<meta name=\"twitter:label1\" content=\"Escrito por\" \/>\n\t<meta name=\"twitter:data1\" content=\"Editor\" \/>\n\t<meta name=\"twitter:label2\" content=\"Tiempo de lectura\" \/>\n\t<meta name=\"twitter:data2\" content=\"3 minutos\" \/>\n<script type=\"application\/ld+json\" class=\"yoast-schema-graph\">{\"@context\":\"https:\\\/\\\/schema.org\",\"@graph\":[{\"@type\":\"Article\",\"@id\":\"https:\\\/\\\/diarioellabrador.cl\\\/index.php\\\/2026\\\/04\\\/25\\\/muere-ciclista-colombiano-cristian-munoz-a-los-31-anos-sufrio-secuelas-por-grave-caida-en-francia\\\/#article\",\"isPartOf\":{\"@id\":\"https:\\\/\\\/diarioellabrador.cl\\\/index.php\\\/2026\\\/04\\\/25\\\/muere-ciclista-colombiano-cristian-munoz-a-los-31-anos-sufrio-secuelas-por-grave-caida-en-francia\\\/\"},\"author\":{\"name\":\"Editor\",\"@id\":\"https:\\\/\\\/diarioellabrador.cl\\\/#\\\/schema\\\/person\\\/bc25ff80b4563f9c7f4bd7855df01685\"},\"headline\":\"Muere ciclista colombiano Cristian Mu\u00f1oz a los 31 a\u00f1os: sufri\u00f3 secuelas por grave ca\u00edda en Francia\",\"datePublished\":\"2026-04-25T22:30:00+00:00\",\"mainEntityOfPage\":{\"@id\":\"https:\\\/\\\/diarioellabrador.cl\\\/index.php\\\/2026\\\/04\\\/25\\\/muere-ciclista-colombiano-cristian-munoz-a-los-31-anos-sufrio-secuelas-por-grave-caida-en-francia\\\/\"},\"wordCount\":476,\"commentCount\":0,\"publisher\":{\"@id\":\"https:\\\/\\\/diarioellabrador.cl\\\/#organization\"},\"image\":{\"@id\":\"https:\\\/\\\/diarioellabrador.cl\\\/index.php\\\/2026\\\/04\\\/25\\\/muere-ciclista-colombiano-cristian-munoz-a-los-31-anos-sufrio-secuelas-por-grave-caida-en-francia\\\/#primaryimage\"},\"thumbnailUrl\":\"https:\\\/\\\/diarioellabrador.cl\\\/wp-content\\\/uploads\\\/2026\\\/04\\\/Muere-ciclista-colombiano-Cristian-Munoz-a-los-31-anos-sufrio-secuelas-por-grave-caida-en-Francia.jpg\",\"articleSection\":[\"Deportes\"],\"inLanguage\":\"es\",\"potentialAction\":[{\"@type\":\"CommentAction\",\"name\":\"Comment\",\"target\":[\"https:\\\/\\\/diarioellabrador.cl\\\/index.php\\\/2026\\\/04\\\/25\\\/muere-ciclista-colombiano-cristian-munoz-a-los-31-anos-sufrio-secuelas-por-grave-caida-en-francia\\\/#respond\"]}]},{\"@type\":\"WebPage\",\"@id\":\"https:\\\/\\\/diarioellabrador.cl\\\/index.php\\\/2026\\\/04\\\/25\\\/muere-ciclista-colombiano-cristian-munoz-a-los-31-anos-sufrio-secuelas-por-grave-caida-en-francia\\\/\",\"url\":\"https:\\\/\\\/diarioellabrador.cl\\\/index.php\\\/2026\\\/04\\\/25\\\/muere-ciclista-colombiano-cristian-munoz-a-los-31-anos-sufrio-secuelas-por-grave-caida-en-francia\\\/\",\"name\":\"Muere ciclista colombiano Cristian Mu\u00f1oz a los 31 a\u00f1os: sufri\u00f3 secuelas por grave ca\u00edda en Francia - Diario El Labrador\",\"isPartOf\":{\"@id\":\"https:\\\/\\\/diarioellabrador.cl\\\/#website\"},\"primaryImageOfPage\":{\"@id\":\"https:\\\/\\\/diarioellabrador.cl\\\/index.php\\\/2026\\\/04\\\/25\\\/muere-ciclista-colombiano-cristian-munoz-a-los-31-anos-sufrio-secuelas-por-grave-caida-en-francia\\\/#primaryimage\"},\"image\":{\"@id\":\"https:\\\/\\\/diarioellabrador.cl\\\/index.php\\\/2026\\\/04\\\/25\\\/muere-ciclista-colombiano-cristian-munoz-a-los-31-anos-sufrio-secuelas-por-grave-caida-en-francia\\\/#primaryimage\"},\"thumbnailUrl\":\"https:\\\/\\\/diarioellabrador.cl\\\/wp-content\\\/uploads\\\/2026\\\/04\\\/Muere-ciclista-colombiano-Cristian-Munoz-a-los-31-anos-sufrio-secuelas-por-grave-caida-en-Francia.jpg\",\"datePublished\":\"2026-04-25T22:30:00+00:00\",\"breadcrumb\":{\"@id\":\"https:\\\/\\\/diarioellabrador.cl\\\/index.php\\\/2026\\\/04\\\/25\\\/muere-ciclista-colombiano-cristian-munoz-a-los-31-anos-sufrio-secuelas-por-grave-caida-en-francia\\\/#breadcrumb\"},\"inLanguage\":\"es\",\"potentialAction\":[{\"@type\":\"ReadAction\",\"target\":[\"https:\\\/\\\/diarioellabrador.cl\\\/index.php\\\/2026\\\/04\\\/25\\\/muere-ciclista-colombiano-cristian-munoz-a-los-31-anos-sufrio-secuelas-por-grave-caida-en-francia\\\/\"]}]},{\"@type\":\"ImageObject\",\"inLanguage\":\"es\",\"@id\":\"https:\\\/\\\/diarioellabrador.cl\\\/index.php\\\/2026\\\/04\\\/25\\\/muere-ciclista-colombiano-cristian-munoz-a-los-31-anos-sufrio-secuelas-por-grave-caida-en-francia\\\/#primaryimage\",\"url\":\"https:\\\/\\\/diarioellabrador.cl\\\/wp-content\\\/uploads\\\/2026\\\/04\\\/Muere-ciclista-colombiano-Cristian-Munoz-a-los-31-anos-sufrio-secuelas-por-grave-caida-en-Francia.jpg\",\"contentUrl\":\"https:\\\/\\\/diarioellabrador.cl\\\/wp-content\\\/uploads\\\/2026\\\/04\\\/Muere-ciclista-colombiano-Cristian-Munoz-a-los-31-anos-sufrio-secuelas-por-grave-caida-en-Francia.jpg\",\"width\":955,\"height\":729},{\"@type\":\"BreadcrumbList\",\"@id\":\"https:\\\/\\\/diarioellabrador.cl\\\/index.php\\\/2026\\\/04\\\/25\\\/muere-ciclista-colombiano-cristian-munoz-a-los-31-anos-sufrio-secuelas-por-grave-caida-en-francia\\\/#breadcrumb\",\"itemListElement\":[{\"@type\":\"ListItem\",\"position\":1,\"name\":\"Portada\",\"item\":\"https:\\\/\\\/diarioellabrador.cl\\\/\"},{\"@type\":\"ListItem\",\"position\":2,\"name\":\"Muere ciclista colombiano Cristian Mu\u00f1oz a los 31 a\u00f1os: sufri\u00f3 secuelas por grave ca\u00edda en Francia\"}]},{\"@type\":\"WebSite\",\"@id\":\"https:\\\/\\\/diarioellabrador.cl\\\/#website\",\"url\":\"https:\\\/\\\/diarioellabrador.cl\\\/\",\"name\":\"Diario El Labrador\",\"description\":\"Haciendo noticia desde 1921\",\"publisher\":{\"@id\":\"https:\\\/\\\/diarioellabrador.cl\\\/#organization\"},\"potentialAction\":[{\"@type\":\"SearchAction\",\"target\":{\"@type\":\"EntryPoint\",\"urlTemplate\":\"https:\\\/\\\/diarioellabrador.cl\\\/?s={search_term_string}\"},\"query-input\":{\"@type\":\"PropertyValueSpecification\",\"valueRequired\":true,\"valueName\":\"search_term_string\"}}],\"inLanguage\":\"es\"},{\"@type\":\"Organization\",\"@id\":\"https:\\\/\\\/diarioellabrador.cl\\\/#organization\",\"name\":\"Diario El Labrador\",\"url\":\"https:\\\/\\\/diarioellabrador.cl\\\/\",\"logo\":{\"@type\":\"ImageObject\",\"inLanguage\":\"es\",\"@id\":\"https:\\\/\\\/diarioellabrador.cl\\\/#\\\/schema\\\/logo\\\/image\\\/\",\"url\":\"https:\\\/\\\/diarioellabrador.cl\\\/wp-content\\\/uploads\\\/2025\\\/02\\\/cropped-Logo-Icono.png\",\"contentUrl\":\"https:\\\/\\\/diarioellabrador.cl\\\/wp-content\\\/uploads\\\/2025\\\/02\\\/cropped-Logo-Icono.png\",\"width\":512,\"height\":512,\"caption\":\"Diario El Labrador\"},\"image\":{\"@id\":\"https:\\\/\\\/diarioellabrador.cl\\\/#\\\/schema\\\/logo\\\/image\\\/\"},\"sameAs\":[\"https:\\\/\\\/web.facebook.com\\\/profile.php?id=61576120840621\",\"https:\\\/\\\/x.com\\\/ElLabradorOf\",\"https:\\\/\\\/www.instagram.com\\\/diarioellabradoroficial\\\/\"]},{\"@type\":\"Person\",\"@id\":\"https:\\\/\\\/diarioellabrador.cl\\\/#\\\/schema\\\/person\\\/bc25ff80b4563f9c7f4bd7855df01685\",\"name\":\"Editor\",\"image\":{\"@type\":\"ImageObject\",\"inLanguage\":\"es\",\"@id\":\"https:\\\/\\\/secure.gravatar.com\\\/avatar\\\/109c326cf2be5c04f048c2c2a2b8b6ef44bf3d8d1d3d4c55d0ac40c4bc994684?s=96&d=mm&r=g\",\"url\":\"https:\\\/\\\/secure.gravatar.com\\\/avatar\\\/109c326cf2be5c04f048c2c2a2b8b6ef44bf3d8d1d3d4c55d0ac40c4bc994684?s=96&d=mm&r=g\",\"contentUrl\":\"https:\\\/\\\/secure.gravatar.com\\\/avatar\\\/109c326cf2be5c04f048c2c2a2b8b6ef44bf3d8d1d3d4c55d0ac40c4bc994684?s=96&d=mm&r=g\",\"caption\":\"Editor\"},\"url\":\"https:\\\/\\\/diarioellabrador.cl\\\/index.php\\\/author\\\/editor\\\/\"}]}<\/script>\n<!-- \/ Yoast SEO plugin. -->","yoast_head_json":{"title":"Muere ciclista colombiano Cristian Mu\u00f1oz a los 31 a\u00f1os: sufri\u00f3 secuelas por grave ca\u00edda en Francia - Diario El Labrador","robots":{"index":"index","follow":"follow","max-snippet":"max-snippet:-1","max-image-preview":"max-image-preview:large","max-video-preview":"max-video-preview:-1"},"canonical":"https:\/\/diarioellabrador.cl\/index.php\/2026\/04\/25\/muere-ciclista-colombiano-cristian-munoz-a-los-31-anos-sufrio-secuelas-por-grave-caida-en-francia\/","og_locale":"es_ES","og_type":"article","og_title":"Muere ciclista colombiano Cristian Mu\u00f1oz a los 31 a\u00f1os: sufri\u00f3 secuelas por grave ca\u00edda en Francia - Diario El Labrador","og_description":"El luto se pos\u00f3 sobre el ciclismo colombiano este viernes tras confirmarse la prematura muerte de Cristian Mu\u00f1oz, destacado exponente de deporte sobre ruedas. \u201cPara el equipo de ciclismo Nu Colombia es muy triste informar el fallecimiento de su corredor Cristian Camilo Mu\u00f1oz\u201d, inform\u00f3 por medio de un comunicado la escuadra cicl\u00edstica. En tanto que Leer m\u00e1s","og_url":"https:\/\/diarioellabrador.cl\/index.php\/2026\/04\/25\/muere-ciclista-colombiano-cristian-munoz-a-los-31-anos-sufrio-secuelas-por-grave-caida-en-francia\/","og_site_name":"Diario El Labrador","article_publisher":"https:\/\/web.facebook.com\/profile.php?id=61576120840621","article_published_time":"2026-04-25T22:30:00+00:00","og_image":[{"width":955,"height":729,"url":"https:\/\/diarioellabrador.cl\/wp-content\/uploads\/2026\/04\/Muere-ciclista-colombiano-Cristian-Munoz-a-los-31-anos-sufrio-secuelas-por-grave-caida-en-Francia.jpg","type":"image\/jpeg"}],"author":"Editor","twitter_card":"summary_large_image","twitter_creator":"@ElLabradorOf","twitter_site":"@ElLabradorOf","twitter_misc":{"Escrito por":"Editor","Tiempo de lectura":"3 minutos"},"schema":{"@context":"https:\/\/schema.org","@graph":[{"@type":"Article","@id":"https:\/\/diarioellabrador.cl\/index.php\/2026\/04\/25\/muere-ciclista-colombiano-cristian-munoz-a-los-31-anos-sufrio-secuelas-por-grave-caida-en-francia\/#article","isPartOf":{"@id":"https:\/\/diarioellabrador.cl\/index.php\/2026\/04\/25\/muere-ciclista-colombiano-cristian-munoz-a-los-31-anos-sufrio-secuelas-por-grave-caida-en-francia\/"},"author":{"name":"Editor","@id":"https:\/\/diarioellabrador.cl\/#\/schema\/person\/bc25ff80b4563f9c7f4bd7855df01685"},"headline":"Muere ciclista colombiano Cristian Mu\u00f1oz a los 31 a\u00f1os: sufri\u00f3 secuelas por grave ca\u00edda en Francia","datePublished":"2026-04-25T22:30:00+00:00","mainEntityOfPage":{"@id":"https:\/\/diarioellabrador.cl\/index.php\/2026\/04\/25\/muere-ciclista-colombiano-cristian-munoz-a-los-31-anos-sufrio-secuelas-por-grave-caida-en-francia\/"},"wordCount":476,"commentCount":0,"publisher":{"@id":"https:\/\/diarioellabrador.cl\/#organization"},"image":{"@id":"https:\/\/diarioellabrador.cl\/index.php\/2026\/04\/25\/muere-ciclista-colombiano-cristian-munoz-a-los-31-anos-sufrio-secuelas-por-grave-caida-en-francia\/#primaryimage"},"thumbnailUrl":"https:\/\/diarioellabrador.cl\/wp-content\/uploads\/2026\/04\/Muere-ciclista-colombiano-Cristian-Munoz-a-los-31-anos-sufrio-secuelas-por-grave-caida-en-Francia.jpg","articleSection":["Deportes"],"inLanguage":"es","potentialAction":[{"@type":"CommentAction","name":"Comment","target":["https:\/\/diarioellabrador.cl\/index.php\/2026\/04\/25\/muere-ciclista-colombiano-cristian-munoz-a-los-31-anos-sufrio-secuelas-por-grave-caida-en-francia\/#respond"]}]},{"@type":"WebPage","@id":"https:\/\/diarioellabrador.cl\/index.php\/2026\/04\/25\/muere-ciclista-colombiano-cristian-munoz-a-los-31-anos-sufrio-secuelas-por-grave-caida-en-francia\/","url":"https:\/\/diarioellabrador.cl\/index.php\/2026\/04\/25\/muere-ciclista-colombiano-cristian-munoz-a-los-31-anos-sufrio-secuelas-por-grave-caida-en-francia\/","name":"Muere ciclista colombiano Cristian Mu\u00f1oz a los 31 a\u00f1os: sufri\u00f3 secuelas por grave ca\u00edda en Francia - Diario El Labrador","isPartOf":{"@id":"https:\/\/diarioellabrador.cl\/#website"},"primaryImageOfPage":{"@id":"https:\/\/diarioellabrador.cl\/index.php\/2026\/04\/25\/muere-ciclista-colombiano-cristian-munoz-a-los-31-anos-sufrio-secuelas-por-grave-caida-en-francia\/#primaryimage"},"image":{"@id":"https:\/\/diarioellabrador.cl\/index.php\/2026\/04\/25\/muere-ciclista-colombiano-cristian-munoz-a-los-31-anos-sufrio-secuelas-por-grave-caida-en-francia\/#primaryimage"},"thumbnailUrl":"https:\/\/diarioellabrador.cl\/wp-content\/uploads\/2026\/04\/Muere-ciclista-colombiano-Cristian-Munoz-a-los-31-anos-sufrio-secuelas-por-grave-caida-en-Francia.jpg","datePublished":"2026-04-25T22:30:00+00:00","breadcrumb":{"@id":"https:\/\/diarioellabrador.cl\/index.php\/2026\/04\/25\/muere-ciclista-colombiano-cristian-munoz-a-los-31-anos-sufrio-secuelas-por-grave-caida-en-francia\/#breadcrumb"},"inLanguage":"es","potentialAction":[{"@type":"ReadAction","target":["https:\/\/diarioellabrador.cl\/index.php\/2026\/04\/25\/muere-ciclista-colombiano-cristian-munoz-a-los-31-anos-sufrio-secuelas-por-grave-caida-en-francia\/"]}]},{"@type":"ImageObject","inLanguage":"es","@id":"https:\/\/diarioellabrador.cl\/index.php\/2026\/04\/25\/muere-ciclista-colombiano-cristian-munoz-a-los-31-anos-sufrio-secuelas-por-grave-caida-en-francia\/#primaryimage","url":"https:\/\/diarioellabrador.cl\/wp-content\/uploads\/2026\/04\/Muere-ciclista-colombiano-Cristian-Munoz-a-los-31-anos-sufrio-secuelas-por-grave-caida-en-Francia.jpg","contentUrl":"https:\/\/diarioellabrador.cl\/wp-content\/uploads\/2026\/04\/Muere-ciclista-colombiano-Cristian-Munoz-a-los-31-anos-sufrio-secuelas-por-grave-caida-en-Francia.jpg","width":955,"height":729},{"@type":"BreadcrumbList","@id":"https:\/\/diarioellabrador.cl\/index.php\/2026\/04\/25\/muere-ciclista-colombiano-cristian-munoz-a-los-31-anos-sufrio-secuelas-por-grave-caida-en-francia\/#breadcrumb","itemListElement":[{"@type":"ListItem","position":1,"name":"Portada","item":"https:\/\/diarioellabrador.cl\/"},{"@type":"ListItem","position":2,"name":"Muere ciclista colombiano Cristian Mu\u00f1oz a los 31 a\u00f1os: sufri\u00f3 secuelas por grave ca\u00edda en Francia"}]},{"@type":"WebSite","@id":"https:\/\/diarioellabrador.cl\/#website","url":"https:\/\/diarioellabrador.cl\/","name":"Diario El Labrador","description":"Haciendo noticia desde 1921","publisher":{"@id":"https:\/\/diarioellabrador.cl\/#organization"},"potentialAction":[{"@type":"SearchAction","target":{"@type":"EntryPoint","urlTemplate":"https:\/\/diarioellabrador.cl\/?s={search_term_string}"},"query-input":{"@type":"PropertyValueSpecification","valueRequired":true,"valueName":"search_term_string"}}],"inLanguage":"es"},{"@type":"Organization","@id":"https:\/\/diarioellabrador.cl\/#organization","name":"Diario El Labrador","url":"https:\/\/diarioellabrador.cl\/","logo":{"@type":"ImageObject","inLanguage":"es","@id":"https:\/\/diarioellabrador.cl\/#\/schema\/logo\/image\/","url":"https:\/\/diarioellabrador.cl\/wp-content\/uploads\/2025\/02\/cropped-Logo-Icono.png","contentUrl":"https:\/\/diarioellabrador.cl\/wp-content\/uploads\/2025\/02\/cropped-Logo-Icono.png","width":512,"height":512,"caption":"Diario El Labrador"},"image":{"@id":"https:\/\/diarioellabrador.cl\/#\/schema\/logo\/image\/"},"sameAs":["https:\/\/web.facebook.com\/profile.php?id=61576120840621","https:\/\/x.com\/ElLabradorOf","https:\/\/www.instagram.com\/diarioellabradoroficial\/"]},{"@type":"Person","@id":"https:\/\/diarioellabrador.cl\/#\/schema\/person\/bc25ff80b4563f9c7f4bd7855df01685","name":"Editor","image":{"@type":"ImageObject","inLanguage":"es","@id":"https:\/\/secure.gravatar.com\/avatar\/109c326cf2be5c04f048c2c2a2b8b6ef44bf3d8d1d3d4c55d0ac40c4bc994684?s=96&d=mm&r=g","url":"https:\/\/secure.gravatar.com\/avatar\/109c326cf2be5c04f048c2c2a2b8b6ef44bf3d8d1d3d4c55d0ac40c4bc994684?s=96&d=mm&r=g","contentUrl":"https:\/\/secure.gravatar.com\/avatar\/109c326cf2be5c04f048c2c2a2b8b6ef44bf3d8d1d3d4c55d0ac40c4bc994684?s=96&d=mm&r=g","caption":"Editor"},"url":"https:\/\/diarioellabrador.cl\/index.php\/author\/editor\/"}]}},"_links":{"self":[{"href":"https:\/\/diarioellabrador.cl\/index.php\/wp-json\/wp\/v2\/posts\/18521","targetHints":{"allow":["GET"]}}],"collection":[{"href":"https:\/\/diarioellabrador.cl\/index.php\/wp-json\/wp\/v2\/posts"}],"about":[{"href":"https:\/\/diarioellabrador.cl\/index.php\/wp-json\/wp\/v2\/types\/post"}],"author":[{"embeddable":true,"href":"https:\/\/diarioellabrador.cl\/index.php\/wp-json\/wp\/v2\/users\/2"}],"replies":[{"embeddable":true,"href":"https:\/\/diarioellabrador.cl\/index.php\/wp-json\/wp\/v2\/comments?post=18521"}],"version-history":[{"count":1,"href":"https:\/\/diarioellabrador.cl\/index.php\/wp-json\/wp\/v2\/posts\/18521\/revisions"}],"predecessor-version":[{"id":18522,"href":"https:\/\/diarioellabrador.cl\/index.php\/wp-json\/wp\/v2\/posts\/18521\/revisions\/18522"}],"wp:featuredmedia":[{"embeddable":true,"href":"https:\/\/diarioellabrador.cl\/index.php\/wp-json\/wp\/v2\/media\/18509"}],"wp:attachment":[{"href":"https:\/\/diarioellabrador.cl\/index.php\/wp-json\/wp\/v2\/media?parent=18521"}],"wp:term":[{"taxonomy":"category","embeddable":true,"href":"https:\/\/diarioellabrador.cl\/index.php\/wp-json\/wp\/v2\/categories?post=18521"},{"taxonomy":"post_tag","embeddable":true,"href":"https:\/\/diarioellabrador.cl\/index.php\/wp-json\/wp\/v2\/tags?post=18521"}],"curies":[{"name":"wp","href":"https:\/\/api.w.org\/{rel}","templated":true}]}}