{"id":18486,"date":"2026-04-25T18:28:00","date_gmt":"2026-04-25T22:28:00","guid":{"rendered":"https:\/\/diarioellabrador.cl\/?p=18486"},"modified":"2026-04-25T15:30:09","modified_gmt":"2026-04-25T19:30:09","slug":"uefa-castiga-a-prestianni-por-insultos-a-vinicius-argentino-fue-culpado-de-actitud-homofobica","status":"publish","type":"post","link":"https:\/\/diarioellabrador.cl\/index.php\/2026\/04\/25\/uefa-castiga-a-prestianni-por-insultos-a-vinicius-argentino-fue-culpado-de-actitud-homofobica\/","title":{"rendered":"UEFA castiga a Prestianni por insultos a Vinicius: argentino fue culpado de actitud homof\u00f3bica"},"content":{"rendered":"\n<p>El Comit\u00e9 de Control, \u00c9tica y Disciplina de la UEFA sancion\u00f3 este viernes con seis partidos \u201cpor comportamiento discriminatorio\u201d al jugador del Benfica, <strong>Gianluca Prestianni<\/strong>, por insultar a <strong>Vinicius Junior<\/strong> durante el partido que disput\u00f3 su equipo frente al <strong>Real Madrid<\/strong> en la <a href=\"https:\/\/es.uefa.com\/uefachampionsleague\/\" target=\"_blank\" rel=\"noreferrer noopener\">Champions League<\/a>.<\/p>\n\n\n\n<p>El pasado 17 de febrero, durante el choque de ida de los dieciseisavos de final de la competici\u00f3n, <strong>Prestianni se tap\u00f3 la boca con la mano y se dirigi\u00f3 en t\u00e9rminos racistas al jugador del merengue<\/strong>, que denunci\u00f3 al \u00e1rbitro la acci\u00f3n de su rival. El colegiado detuvo el partido y en ese momento no hubo sanci\u00f3n disciplinaria.<\/p>\n\n\n\n<p>Despu\u00e9s de la investigaci\u00f3n llevada a cabo por un inspector de la entidad, la instituci\u00f3n presidida por Alexander Ceferin <strong>sentenci\u00f3 al jugador argentino a una sanci\u00f3n de seis encuentros<\/strong>, aunque tres de ellos quedan en suspenso durante un periodo de prueba de dos a\u00f1os, seg\u00fan inform\u00f3 la instituci\u00f3n a trav\u00e9s de un comunicado oficial.<\/p>\n\n\n\n<p>El Comit\u00e9 de Control, \u00c9tica y Disciplina de la UEFA (CEDB) acord\u00f3 suspender a Prestianni por conducta discriminatoria (es decir, homof\u00f3bica) contra Vinicius Junior.<\/p>\n\n\n\n<p>Esta decisi\u00f3n (es decir, la suspensi\u00f3n de seis partidos) incluye la suspensi\u00f3n provisional de un partido que cumpli\u00f3 el jugador durante el partido de vuelta disputado en el Bernab\u00e9u, el 25 de febrero.<\/p>\n\n\n\n<p>Adem\u00e1s, solicita a la FIFA que extienda a nivel mundial la suspensi\u00f3n.<\/p>\n","protected":false},"excerpt":{"rendered":"<p>El Comit\u00e9 de Control, \u00c9tica y Disciplina de la UEFA sancion\u00f3 este viernes con seis partidos \u201cpor comportamiento discriminatorio\u201d al jugador del Benfica, Gianluca Prestianni, por insultar a Vinicius Junior durante el partido que disput\u00f3 su equipo frente al Real Madrid en la Champions League. El pasado 17 de febrero, durante el choque de ida<\/p>\n<div class=\"read-more-wrapper\"><a class=\"read-more\" href=\"https:\/\/diarioellabrador.cl\/index.php\/2026\/04\/25\/uefa-castiga-a-prestianni-por-insultos-a-vinicius-argentino-fue-culpado-de-actitud-homofobica\/\" title=\"Leer m\u00e1s\"> <span class=\"button \">Leer m\u00e1s<\/span><\/a><\/div>\n","protected":false},"author":2,"featured_media":18511,"comment_status":"open","ping_status":"open","sticky":false,"template":"","format":"standard","meta":{"footnotes":""},"categories":[4],"tags":[],"class_list":["post-18486","post","type-post","status-publish","format-standard","has-post-thumbnail","hentry","category-deportes"],"yoast_head":"<!-- This site is optimized with the Yoast SEO plugin v27.4 - https:\/\/yoast.com\/product\/yoast-seo-wordpress\/ -->\n<title>UEFA castiga a Prestianni por insultos a Vinicius: argentino fue culpado de actitud homof\u00f3bica - Diario El Labrador<\/title>\n<meta name=\"robots\" content=\"index, follow, max-snippet:-1, max-image-preview:large, max-video-preview:-1\" \/>\n<link rel=\"canonical\" href=\"https:\/\/diarioellabrador.cl\/index.php\/2026\/04\/25\/uefa-castiga-a-prestianni-por-insultos-a-vinicius-argentino-fue-culpado-de-actitud-homofobica\/\" \/>\n<meta property=\"og:locale\" content=\"es_ES\" \/>\n<meta property=\"og:type\" content=\"article\" \/>\n<meta property=\"og:title\" content=\"UEFA castiga a Prestianni por insultos a Vinicius: argentino fue culpado de actitud homof\u00f3bica - Diario El Labrador\" \/>\n<meta property=\"og:description\" content=\"El Comit\u00e9 de Control, \u00c9tica y Disciplina de la UEFA sancion\u00f3 este viernes con seis partidos \u201cpor comportamiento discriminatorio\u201d al jugador del Benfica, Gianluca Prestianni, por insultar a Vinicius Junior durante el partido que disput\u00f3 su equipo frente al Real Madrid en la Champions League. El pasado 17 de febrero, durante el choque de ida Leer m\u00e1s\" \/>\n<meta property=\"og:url\" content=\"https:\/\/diarioellabrador.cl\/index.php\/2026\/04\/25\/uefa-castiga-a-prestianni-por-insultos-a-vinicius-argentino-fue-culpado-de-actitud-homofobica\/\" \/>\n<meta property=\"og:site_name\" content=\"Diario El Labrador\" \/>\n<meta property=\"article:publisher\" content=\"https:\/\/web.facebook.com\/profile.php?id=61576120840621\" \/>\n<meta property=\"article:published_time\" content=\"2026-04-25T22:28:00+00:00\" \/>\n<meta property=\"og:image\" content=\"https:\/\/diarioellabrador.cl\/wp-content\/uploads\/2026\/04\/UEFA-castiga-a-Prestianni-por-insultos-a-Vinicius-argentino-fue-culpado-de-actitud-homofobica.jpg\" \/>\n\t<meta property=\"og:image:width\" content=\"512\" \/>\n\t<meta property=\"og:image:height\" content=\"640\" \/>\n\t<meta property=\"og:image:type\" content=\"image\/jpeg\" \/>\n<meta name=\"author\" content=\"Editor\" \/>\n<meta name=\"twitter:card\" content=\"summary_large_image\" \/>\n<meta name=\"twitter:creator\" content=\"@ElLabradorOf\" \/>\n<meta name=\"twitter:site\" content=\"@ElLabradorOf\" \/>\n<meta name=\"twitter:label1\" content=\"Escrito por\" \/>\n\t<meta name=\"twitter:data1\" content=\"Editor\" \/>\n\t<meta name=\"twitter:label2\" content=\"Tiempo de lectura\" \/>\n\t<meta name=\"twitter:data2\" content=\"2 minutos\" \/>\n<script type=\"application\/ld+json\" class=\"yoast-schema-graph\">{\"@context\":\"https:\\\/\\\/schema.org\",\"@graph\":[{\"@type\":\"Article\",\"@id\":\"https:\\\/\\\/diarioellabrador.cl\\\/index.php\\\/2026\\\/04\\\/25\\\/uefa-castiga-a-prestianni-por-insultos-a-vinicius-argentino-fue-culpado-de-actitud-homofobica\\\/#article\",\"isPartOf\":{\"@id\":\"https:\\\/\\\/diarioellabrador.cl\\\/index.php\\\/2026\\\/04\\\/25\\\/uefa-castiga-a-prestianni-por-insultos-a-vinicius-argentino-fue-culpado-de-actitud-homofobica\\\/\"},\"author\":{\"name\":\"Editor\",\"@id\":\"https:\\\/\\\/diarioellabrador.cl\\\/#\\\/schema\\\/person\\\/bc25ff80b4563f9c7f4bd7855df01685\"},\"headline\":\"UEFA castiga a Prestianni por insultos a Vinicius: argentino fue culpado de actitud homof\u00f3bica\",\"datePublished\":\"2026-04-25T22:28:00+00:00\",\"mainEntityOfPage\":{\"@id\":\"https:\\\/\\\/diarioellabrador.cl\\\/index.php\\\/2026\\\/04\\\/25\\\/uefa-castiga-a-prestianni-por-insultos-a-vinicius-argentino-fue-culpado-de-actitud-homofobica\\\/\"},\"wordCount\":258,\"commentCount\":0,\"publisher\":{\"@id\":\"https:\\\/\\\/diarioellabrador.cl\\\/#organization\"},\"image\":{\"@id\":\"https:\\\/\\\/diarioellabrador.cl\\\/index.php\\\/2026\\\/04\\\/25\\\/uefa-castiga-a-prestianni-por-insultos-a-vinicius-argentino-fue-culpado-de-actitud-homofobica\\\/#primaryimage\"},\"thumbnailUrl\":\"https:\\\/\\\/diarioellabrador.cl\\\/wp-content\\\/uploads\\\/2026\\\/04\\\/UEFA-castiga-a-Prestianni-por-insultos-a-Vinicius-argentino-fue-culpado-de-actitud-homofobica.jpg\",\"articleSection\":[\"Deportes\"],\"inLanguage\":\"es\",\"potentialAction\":[{\"@type\":\"CommentAction\",\"name\":\"Comment\",\"target\":[\"https:\\\/\\\/diarioellabrador.cl\\\/index.php\\\/2026\\\/04\\\/25\\\/uefa-castiga-a-prestianni-por-insultos-a-vinicius-argentino-fue-culpado-de-actitud-homofobica\\\/#respond\"]}]},{\"@type\":\"WebPage\",\"@id\":\"https:\\\/\\\/diarioellabrador.cl\\\/index.php\\\/2026\\\/04\\\/25\\\/uefa-castiga-a-prestianni-por-insultos-a-vinicius-argentino-fue-culpado-de-actitud-homofobica\\\/\",\"url\":\"https:\\\/\\\/diarioellabrador.cl\\\/index.php\\\/2026\\\/04\\\/25\\\/uefa-castiga-a-prestianni-por-insultos-a-vinicius-argentino-fue-culpado-de-actitud-homofobica\\\/\",\"name\":\"UEFA castiga a Prestianni por insultos a Vinicius: argentino fue culpado de actitud homof\u00f3bica - Diario El Labrador\",\"isPartOf\":{\"@id\":\"https:\\\/\\\/diarioellabrador.cl\\\/#website\"},\"primaryImageOfPage\":{\"@id\":\"https:\\\/\\\/diarioellabrador.cl\\\/index.php\\\/2026\\\/04\\\/25\\\/uefa-castiga-a-prestianni-por-insultos-a-vinicius-argentino-fue-culpado-de-actitud-homofobica\\\/#primaryimage\"},\"image\":{\"@id\":\"https:\\\/\\\/diarioellabrador.cl\\\/index.php\\\/2026\\\/04\\\/25\\\/uefa-castiga-a-prestianni-por-insultos-a-vinicius-argentino-fue-culpado-de-actitud-homofobica\\\/#primaryimage\"},\"thumbnailUrl\":\"https:\\\/\\\/diarioellabrador.cl\\\/wp-content\\\/uploads\\\/2026\\\/04\\\/UEFA-castiga-a-Prestianni-por-insultos-a-Vinicius-argentino-fue-culpado-de-actitud-homofobica.jpg\",\"datePublished\":\"2026-04-25T22:28:00+00:00\",\"breadcrumb\":{\"@id\":\"https:\\\/\\\/diarioellabrador.cl\\\/index.php\\\/2026\\\/04\\\/25\\\/uefa-castiga-a-prestianni-por-insultos-a-vinicius-argentino-fue-culpado-de-actitud-homofobica\\\/#breadcrumb\"},\"inLanguage\":\"es\",\"potentialAction\":[{\"@type\":\"ReadAction\",\"target\":[\"https:\\\/\\\/diarioellabrador.cl\\\/index.php\\\/2026\\\/04\\\/25\\\/uefa-castiga-a-prestianni-por-insultos-a-vinicius-argentino-fue-culpado-de-actitud-homofobica\\\/\"]}]},{\"@type\":\"ImageObject\",\"inLanguage\":\"es\",\"@id\":\"https:\\\/\\\/diarioellabrador.cl\\\/index.php\\\/2026\\\/04\\\/25\\\/uefa-castiga-a-prestianni-por-insultos-a-vinicius-argentino-fue-culpado-de-actitud-homofobica\\\/#primaryimage\",\"url\":\"https:\\\/\\\/diarioellabrador.cl\\\/wp-content\\\/uploads\\\/2026\\\/04\\\/UEFA-castiga-a-Prestianni-por-insultos-a-Vinicius-argentino-fue-culpado-de-actitud-homofobica.jpg\",\"contentUrl\":\"https:\\\/\\\/diarioellabrador.cl\\\/wp-content\\\/uploads\\\/2026\\\/04\\\/UEFA-castiga-a-Prestianni-por-insultos-a-Vinicius-argentino-fue-culpado-de-actitud-homofobica.jpg\",\"width\":512,\"height\":640},{\"@type\":\"BreadcrumbList\",\"@id\":\"https:\\\/\\\/diarioellabrador.cl\\\/index.php\\\/2026\\\/04\\\/25\\\/uefa-castiga-a-prestianni-por-insultos-a-vinicius-argentino-fue-culpado-de-actitud-homofobica\\\/#breadcrumb\",\"itemListElement\":[{\"@type\":\"ListItem\",\"position\":1,\"name\":\"Portada\",\"item\":\"https:\\\/\\\/diarioellabrador.cl\\\/\"},{\"@type\":\"ListItem\",\"position\":2,\"name\":\"UEFA castiga a Prestianni por insultos a Vinicius: argentino fue culpado de actitud homof\u00f3bica\"}]},{\"@type\":\"WebSite\",\"@id\":\"https:\\\/\\\/diarioellabrador.cl\\\/#website\",\"url\":\"https:\\\/\\\/diarioellabrador.cl\\\/\",\"name\":\"Diario El Labrador\",\"description\":\"Haciendo noticia desde 1921\",\"publisher\":{\"@id\":\"https:\\\/\\\/diarioellabrador.cl\\\/#organization\"},\"potentialAction\":[{\"@type\":\"SearchAction\",\"target\":{\"@type\":\"EntryPoint\",\"urlTemplate\":\"https:\\\/\\\/diarioellabrador.cl\\\/?s={search_term_string}\"},\"query-input\":{\"@type\":\"PropertyValueSpecification\",\"valueRequired\":true,\"valueName\":\"search_term_string\"}}],\"inLanguage\":\"es\"},{\"@type\":\"Organization\",\"@id\":\"https:\\\/\\\/diarioellabrador.cl\\\/#organization\",\"name\":\"Diario El Labrador\",\"url\":\"https:\\\/\\\/diarioellabrador.cl\\\/\",\"logo\":{\"@type\":\"ImageObject\",\"inLanguage\":\"es\",\"@id\":\"https:\\\/\\\/diarioellabrador.cl\\\/#\\\/schema\\\/logo\\\/image\\\/\",\"url\":\"https:\\\/\\\/diarioellabrador.cl\\\/wp-content\\\/uploads\\\/2025\\\/02\\\/cropped-Logo-Icono.png\",\"contentUrl\":\"https:\\\/\\\/diarioellabrador.cl\\\/wp-content\\\/uploads\\\/2025\\\/02\\\/cropped-Logo-Icono.png\",\"width\":512,\"height\":512,\"caption\":\"Diario El Labrador\"},\"image\":{\"@id\":\"https:\\\/\\\/diarioellabrador.cl\\\/#\\\/schema\\\/logo\\\/image\\\/\"},\"sameAs\":[\"https:\\\/\\\/web.facebook.com\\\/profile.php?id=61576120840621\",\"https:\\\/\\\/x.com\\\/ElLabradorOf\",\"https:\\\/\\\/www.instagram.com\\\/diarioellabradoroficial\\\/\"]},{\"@type\":\"Person\",\"@id\":\"https:\\\/\\\/diarioellabrador.cl\\\/#\\\/schema\\\/person\\\/bc25ff80b4563f9c7f4bd7855df01685\",\"name\":\"Editor\",\"image\":{\"@type\":\"ImageObject\",\"inLanguage\":\"es\",\"@id\":\"https:\\\/\\\/secure.gravatar.com\\\/avatar\\\/109c326cf2be5c04f048c2c2a2b8b6ef44bf3d8d1d3d4c55d0ac40c4bc994684?s=96&d=mm&r=g\",\"url\":\"https:\\\/\\\/secure.gravatar.com\\\/avatar\\\/109c326cf2be5c04f048c2c2a2b8b6ef44bf3d8d1d3d4c55d0ac40c4bc994684?s=96&d=mm&r=g\",\"contentUrl\":\"https:\\\/\\\/secure.gravatar.com\\\/avatar\\\/109c326cf2be5c04f048c2c2a2b8b6ef44bf3d8d1d3d4c55d0ac40c4bc994684?s=96&d=mm&r=g\",\"caption\":\"Editor\"},\"url\":\"https:\\\/\\\/diarioellabrador.cl\\\/index.php\\\/author\\\/editor\\\/\"}]}<\/script>\n<!-- \/ Yoast SEO plugin. -->","yoast_head_json":{"title":"UEFA castiga a Prestianni por insultos a Vinicius: argentino fue culpado de actitud homof\u00f3bica - Diario El Labrador","robots":{"index":"index","follow":"follow","max-snippet":"max-snippet:-1","max-image-preview":"max-image-preview:large","max-video-preview":"max-video-preview:-1"},"canonical":"https:\/\/diarioellabrador.cl\/index.php\/2026\/04\/25\/uefa-castiga-a-prestianni-por-insultos-a-vinicius-argentino-fue-culpado-de-actitud-homofobica\/","og_locale":"es_ES","og_type":"article","og_title":"UEFA castiga a Prestianni por insultos a Vinicius: argentino fue culpado de actitud homof\u00f3bica - Diario El Labrador","og_description":"El Comit\u00e9 de Control, \u00c9tica y Disciplina de la UEFA sancion\u00f3 este viernes con seis partidos \u201cpor comportamiento discriminatorio\u201d al jugador del Benfica, Gianluca Prestianni, por insultar a Vinicius Junior durante el partido que disput\u00f3 su equipo frente al Real Madrid en la Champions League. El pasado 17 de febrero, durante el choque de ida Leer m\u00e1s","og_url":"https:\/\/diarioellabrador.cl\/index.php\/2026\/04\/25\/uefa-castiga-a-prestianni-por-insultos-a-vinicius-argentino-fue-culpado-de-actitud-homofobica\/","og_site_name":"Diario El Labrador","article_publisher":"https:\/\/web.facebook.com\/profile.php?id=61576120840621","article_published_time":"2026-04-25T22:28:00+00:00","og_image":[{"width":512,"height":640,"url":"https:\/\/diarioellabrador.cl\/wp-content\/uploads\/2026\/04\/UEFA-castiga-a-Prestianni-por-insultos-a-Vinicius-argentino-fue-culpado-de-actitud-homofobica.jpg","type":"image\/jpeg"}],"author":"Editor","twitter_card":"summary_large_image","twitter_creator":"@ElLabradorOf","twitter_site":"@ElLabradorOf","twitter_misc":{"Escrito por":"Editor","Tiempo de lectura":"2 minutos"},"schema":{"@context":"https:\/\/schema.org","@graph":[{"@type":"Article","@id":"https:\/\/diarioellabrador.cl\/index.php\/2026\/04\/25\/uefa-castiga-a-prestianni-por-insultos-a-vinicius-argentino-fue-culpado-de-actitud-homofobica\/#article","isPartOf":{"@id":"https:\/\/diarioellabrador.cl\/index.php\/2026\/04\/25\/uefa-castiga-a-prestianni-por-insultos-a-vinicius-argentino-fue-culpado-de-actitud-homofobica\/"},"author":{"name":"Editor","@id":"https:\/\/diarioellabrador.cl\/#\/schema\/person\/bc25ff80b4563f9c7f4bd7855df01685"},"headline":"UEFA castiga a Prestianni por insultos a Vinicius: argentino fue culpado de actitud homof\u00f3bica","datePublished":"2026-04-25T22:28:00+00:00","mainEntityOfPage":{"@id":"https:\/\/diarioellabrador.cl\/index.php\/2026\/04\/25\/uefa-castiga-a-prestianni-por-insultos-a-vinicius-argentino-fue-culpado-de-actitud-homofobica\/"},"wordCount":258,"commentCount":0,"publisher":{"@id":"https:\/\/diarioellabrador.cl\/#organization"},"image":{"@id":"https:\/\/diarioellabrador.cl\/index.php\/2026\/04\/25\/uefa-castiga-a-prestianni-por-insultos-a-vinicius-argentino-fue-culpado-de-actitud-homofobica\/#primaryimage"},"thumbnailUrl":"https:\/\/diarioellabrador.cl\/wp-content\/uploads\/2026\/04\/UEFA-castiga-a-Prestianni-por-insultos-a-Vinicius-argentino-fue-culpado-de-actitud-homofobica.jpg","articleSection":["Deportes"],"inLanguage":"es","potentialAction":[{"@type":"CommentAction","name":"Comment","target":["https:\/\/diarioellabrador.cl\/index.php\/2026\/04\/25\/uefa-castiga-a-prestianni-por-insultos-a-vinicius-argentino-fue-culpado-de-actitud-homofobica\/#respond"]}]},{"@type":"WebPage","@id":"https:\/\/diarioellabrador.cl\/index.php\/2026\/04\/25\/uefa-castiga-a-prestianni-por-insultos-a-vinicius-argentino-fue-culpado-de-actitud-homofobica\/","url":"https:\/\/diarioellabrador.cl\/index.php\/2026\/04\/25\/uefa-castiga-a-prestianni-por-insultos-a-vinicius-argentino-fue-culpado-de-actitud-homofobica\/","name":"UEFA castiga a Prestianni por insultos a Vinicius: argentino fue culpado de actitud homof\u00f3bica - Diario El Labrador","isPartOf":{"@id":"https:\/\/diarioellabrador.cl\/#website"},"primaryImageOfPage":{"@id":"https:\/\/diarioellabrador.cl\/index.php\/2026\/04\/25\/uefa-castiga-a-prestianni-por-insultos-a-vinicius-argentino-fue-culpado-de-actitud-homofobica\/#primaryimage"},"image":{"@id":"https:\/\/diarioellabrador.cl\/index.php\/2026\/04\/25\/uefa-castiga-a-prestianni-por-insultos-a-vinicius-argentino-fue-culpado-de-actitud-homofobica\/#primaryimage"},"thumbnailUrl":"https:\/\/diarioellabrador.cl\/wp-content\/uploads\/2026\/04\/UEFA-castiga-a-Prestianni-por-insultos-a-Vinicius-argentino-fue-culpado-de-actitud-homofobica.jpg","datePublished":"2026-04-25T22:28:00+00:00","breadcrumb":{"@id":"https:\/\/diarioellabrador.cl\/index.php\/2026\/04\/25\/uefa-castiga-a-prestianni-por-insultos-a-vinicius-argentino-fue-culpado-de-actitud-homofobica\/#breadcrumb"},"inLanguage":"es","potentialAction":[{"@type":"ReadAction","target":["https:\/\/diarioellabrador.cl\/index.php\/2026\/04\/25\/uefa-castiga-a-prestianni-por-insultos-a-vinicius-argentino-fue-culpado-de-actitud-homofobica\/"]}]},{"@type":"ImageObject","inLanguage":"es","@id":"https:\/\/diarioellabrador.cl\/index.php\/2026\/04\/25\/uefa-castiga-a-prestianni-por-insultos-a-vinicius-argentino-fue-culpado-de-actitud-homofobica\/#primaryimage","url":"https:\/\/diarioellabrador.cl\/wp-content\/uploads\/2026\/04\/UEFA-castiga-a-Prestianni-por-insultos-a-Vinicius-argentino-fue-culpado-de-actitud-homofobica.jpg","contentUrl":"https:\/\/diarioellabrador.cl\/wp-content\/uploads\/2026\/04\/UEFA-castiga-a-Prestianni-por-insultos-a-Vinicius-argentino-fue-culpado-de-actitud-homofobica.jpg","width":512,"height":640},{"@type":"BreadcrumbList","@id":"https:\/\/diarioellabrador.cl\/index.php\/2026\/04\/25\/uefa-castiga-a-prestianni-por-insultos-a-vinicius-argentino-fue-culpado-de-actitud-homofobica\/#breadcrumb","itemListElement":[{"@type":"ListItem","position":1,"name":"Portada","item":"https:\/\/diarioellabrador.cl\/"},{"@type":"ListItem","position":2,"name":"UEFA castiga a Prestianni por insultos a Vinicius: argentino fue culpado de actitud homof\u00f3bica"}]},{"@type":"WebSite","@id":"https:\/\/diarioellabrador.cl\/#website","url":"https:\/\/diarioellabrador.cl\/","name":"Diario El Labrador","description":"Haciendo noticia desde 1921","publisher":{"@id":"https:\/\/diarioellabrador.cl\/#organization"},"potentialAction":[{"@type":"SearchAction","target":{"@type":"EntryPoint","urlTemplate":"https:\/\/diarioellabrador.cl\/?s={search_term_string}"},"query-input":{"@type":"PropertyValueSpecification","valueRequired":true,"valueName":"search_term_string"}}],"inLanguage":"es"},{"@type":"Organization","@id":"https:\/\/diarioellabrador.cl\/#organization","name":"Diario El Labrador","url":"https:\/\/diarioellabrador.cl\/","logo":{"@type":"ImageObject","inLanguage":"es","@id":"https:\/\/diarioellabrador.cl\/#\/schema\/logo\/image\/","url":"https:\/\/diarioellabrador.cl\/wp-content\/uploads\/2025\/02\/cropped-Logo-Icono.png","contentUrl":"https:\/\/diarioellabrador.cl\/wp-content\/uploads\/2025\/02\/cropped-Logo-Icono.png","width":512,"height":512,"caption":"Diario El Labrador"},"image":{"@id":"https:\/\/diarioellabrador.cl\/#\/schema\/logo\/image\/"},"sameAs":["https:\/\/web.facebook.com\/profile.php?id=61576120840621","https:\/\/x.com\/ElLabradorOf","https:\/\/www.instagram.com\/diarioellabradoroficial\/"]},{"@type":"Person","@id":"https:\/\/diarioellabrador.cl\/#\/schema\/person\/bc25ff80b4563f9c7f4bd7855df01685","name":"Editor","image":{"@type":"ImageObject","inLanguage":"es","@id":"https:\/\/secure.gravatar.com\/avatar\/109c326cf2be5c04f048c2c2a2b8b6ef44bf3d8d1d3d4c55d0ac40c4bc994684?s=96&d=mm&r=g","url":"https:\/\/secure.gravatar.com\/avatar\/109c326cf2be5c04f048c2c2a2b8b6ef44bf3d8d1d3d4c55d0ac40c4bc994684?s=96&d=mm&r=g","contentUrl":"https:\/\/secure.gravatar.com\/avatar\/109c326cf2be5c04f048c2c2a2b8b6ef44bf3d8d1d3d4c55d0ac40c4bc994684?s=96&d=mm&r=g","caption":"Editor"},"url":"https:\/\/diarioellabrador.cl\/index.php\/author\/editor\/"}]}},"_links":{"self":[{"href":"https:\/\/diarioellabrador.cl\/index.php\/wp-json\/wp\/v2\/posts\/18486","targetHints":{"allow":["GET"]}}],"collection":[{"href":"https:\/\/diarioellabrador.cl\/index.php\/wp-json\/wp\/v2\/posts"}],"about":[{"href":"https:\/\/diarioellabrador.cl\/index.php\/wp-json\/wp\/v2\/types\/post"}],"author":[{"embeddable":true,"href":"https:\/\/diarioellabrador.cl\/index.php\/wp-json\/wp\/v2\/users\/2"}],"replies":[{"embeddable":true,"href":"https:\/\/diarioellabrador.cl\/index.php\/wp-json\/wp\/v2\/comments?post=18486"}],"version-history":[{"count":1,"href":"https:\/\/diarioellabrador.cl\/index.php\/wp-json\/wp\/v2\/posts\/18486\/revisions"}],"predecessor-version":[{"id":18520,"href":"https:\/\/diarioellabrador.cl\/index.php\/wp-json\/wp\/v2\/posts\/18486\/revisions\/18520"}],"wp:featuredmedia":[{"embeddable":true,"href":"https:\/\/diarioellabrador.cl\/index.php\/wp-json\/wp\/v2\/media\/18511"}],"wp:attachment":[{"href":"https:\/\/diarioellabrador.cl\/index.php\/wp-json\/wp\/v2\/media?parent=18486"}],"wp:term":[{"taxonomy":"category","embeddable":true,"href":"https:\/\/diarioellabrador.cl\/index.php\/wp-json\/wp\/v2\/categories?post=18486"},{"taxonomy":"post_tag","embeddable":true,"href":"https:\/\/diarioellabrador.cl\/index.php\/wp-json\/wp\/v2\/tags?post=18486"}],"curies":[{"name":"wp","href":"https:\/\/api.w.org\/{rel}","templated":true}]}}