{"id":18484,"date":"2026-04-25T18:27:00","date_gmt":"2026-04-25T22:27:00","guid":{"rendered":"https:\/\/diarioellabrador.cl\/?p=18484"},"modified":"2026-04-27T15:36:43","modified_gmt":"2026-04-27T19:36:43","slug":"no-hay-deuda-que-no-se-pague","status":"publish","type":"post","link":"https:\/\/diarioellabrador.cl\/index.php\/2026\/04\/25\/no-hay-deuda-que-no-se-pague\/","title":{"rendered":"No hay deuda que no se pague"},"content":{"rendered":"<div class=\"wp-block-image\">\n<figure class=\"alignleft size-thumbnail\"><img loading=\"lazy\" decoding=\"async\" width=\"150\" height=\"150\" src=\"https:\/\/diarioellabrador.cl\/wp-content\/uploads\/2025\/07\/348428900_1619729781827598_5488219646893788893_n-150x150.jpg\" alt=\"\" class=\"wp-image-5065\" srcset=\"https:\/\/diarioellabrador.cl\/wp-content\/uploads\/2025\/07\/348428900_1619729781827598_5488219646893788893_n-150x150.jpg 150w, https:\/\/diarioellabrador.cl\/wp-content\/uploads\/2025\/07\/348428900_1619729781827598_5488219646893788893_n-300x300.jpg 300w, https:\/\/diarioellabrador.cl\/wp-content\/uploads\/2025\/07\/348428900_1619729781827598_5488219646893788893_n-95x95.jpg 95w, https:\/\/diarioellabrador.cl\/wp-content\/uploads\/2025\/07\/348428900_1619729781827598_5488219646893788893_n-140x140.jpg 140w, https:\/\/diarioellabrador.cl\/wp-content\/uploads\/2025\/07\/348428900_1619729781827598_5488219646893788893_n-400x400.jpg 400w, https:\/\/diarioellabrador.cl\/wp-content\/uploads\/2025\/07\/348428900_1619729781827598_5488219646893788893_n.jpg 535w\" sizes=\"auto, (max-width: 150px) 100vw, 150px\" \/><\/figure>\n<\/div>\n\n\n<p><br><br><br><br>Por Nelson Retamales Tirado<\/p>\n\n\n\n<br>\n<br>\n\n\n\n<p>No hay deuda que no se pague ni plazo que no se cumpla, dice el refranero popular, de origen espa\u00f1ol y eso lo est\u00e1n viviendo en carne propia muchos chilenos que estudiaron con Cr\u00e9dito con Aval del Estado (CAE).<\/p>\n\n\n\n<p>Tal cr\u00e9dito ha permitido a j\u00f3venes seguir estudios superiores en busca de una mejora personal, de movilidad social que les permita subir de nivel socioecon\u00f3mico y, hay que decirlo, cuando suscribieron el compromiso, sab\u00edan qu\u00e9 obligaciones contra\u00edan y a qu\u00e9 se expon\u00edan, pero bien val\u00eda el riesgo en consideraci\u00f3n a los resultados que, para algunos no fue posible, b\u00e1sicamente por la imposibilidad de terminar sus carreras, ya no por falta de dinero, sino, por falta de las capacidades requeridas para satisfacer las exigencias universitarias que, aunque sea cruel, hay que decirlo, no todos las tienen.<\/p>\n\n\n\n<p>\u00bfSe imagina que todos tuvi\u00e9ramos educaci\u00f3n universitaria? No habr\u00eda quien hiciera las tareas intermedias y menores y, justamente, porque todos j\u00f3venes de campo han buscado estudiar en las universidades, es que hoy, gracias a la tan resistida migraci\u00f3n, hay gente que trabaje los campos. No es malo que lo hagan, pero deben tener en cuenta que, en los trabajos, tambi\u00e9n rige la ley de la oferta y la demanda y mientras m\u00e1s profesionales haya, menor ser\u00e1 la posibilidad de encontrar el trabajo so\u00f1ado y, el que encuentren, ser\u00e1 mal remunerado y pueden sufrir hasta una frustraci\u00f3n severa, con inciertos resultados.<\/p>\n\n\n\n<p>\u00bfCu\u00e1ntos periodistas, abogados, ingenieros en administraci\u00f3n y un largo etc\u00e9tera, egresan cada a\u00f1o? Son miles y cada vez, resulta m\u00e1s dif\u00edcil encontrar un buen puesto y se cae, lamentablemente, en el desprestigiado \u201cpituteo\u201d o nepotismo, que permite contratar a gente poco preparada para una funci\u00f3n, pese a tener un t\u00edtulo, \u201cconseguido\u201d, a veces, de mal modo.<\/p>\n\n\n\n<p>Recuerdo a mi amigo Mario Alver Jarpa que escribi\u00f3, ha muchos a\u00f1os -cuando hab\u00eda poca seriedad en las universidades privadas- que se obten\u00eda un t\u00edtulo, no por saber, sino, por estar al d\u00eda en las cuotas. Hoy eso ha cambiado, aunque quedan algunas pocas universidades que s\u00f3lo les interesa el negocio.<\/p>\n\n\n\n<p>Hace pocos d\u00edas, en una cuenta anual de una Corporaci\u00f3n de Educaci\u00f3n y Salud, rural, en la que soy director, una l\u00e1mina del Power Point proyectada dec\u00eda, \u201cEducaci\u00f3n superior para todas y todos\u201d. Junto con advertir que faltaba \u201ctodes\u201d, para completar el lenguaje inclusivo -en contra del que estoy por convicci\u00f3n y formaci\u00f3n- hice la reflexi\u00f3n sobre el hecho que, si todos esos ni\u00f1os realmente fueran a la universidad, ser\u00eda un caos familiar, econ\u00f3mico y quiz\u00e1s, mental.<\/p>\n\n\n\n<p>Pero bueno, \u201cme fui en la vol\u00e1\u201d y me desvi\u00e9 del tema, -pero no soy un desviado, advierto- de modo que, volver\u00e9 pr\u00f3ximamente, pero dejo el esbozo.<\/p>\n\n\n\n<p>Muchos que deben el CAE, le dieron la mayor\u00eda a Boric porque lo terminar\u00eda, algunos se titularon y ganan muy bien, pero nadie paga. La Tesorer\u00eda General, est\u00e1 activando procedimientos para recuperar, al menos U$D 20 millones, de aquellos que hoy ganan m\u00e1s de $5 millones al mes. Una frescura que perjudica a quienes a esperan acceder.<\/p>\n","protected":false},"excerpt":{"rendered":"<p>Por Nelson Retamales Tirado No hay deuda que no se pague ni plazo que no se cumpla, dice el refranero popular, de origen espa\u00f1ol y eso lo est\u00e1n viviendo en carne propia muchos chilenos que estudiaron con Cr\u00e9dito con Aval del Estado (CAE). Tal cr\u00e9dito ha permitido a j\u00f3venes seguir estudios superiores en busca de<\/p>\n<div class=\"read-more-wrapper\"><a class=\"read-more\" href=\"https:\/\/diarioellabrador.cl\/index.php\/2026\/04\/25\/no-hay-deuda-que-no-se-pague\/\" title=\"Leer m\u00e1s\"> <span class=\"button \">Leer m\u00e1s<\/span><\/a><\/div>\n","protected":false},"author":2,"featured_media":18575,"comment_status":"open","ping_status":"open","sticky":false,"template":"","format":"standard","meta":{"footnotes":""},"categories":[9],"tags":[],"class_list":["post-18484","post","type-post","status-publish","format-standard","has-post-thumbnail","hentry","category-opinion"],"yoast_head":"<!-- This site is optimized with the Yoast SEO plugin v27.4 - https:\/\/yoast.com\/product\/yoast-seo-wordpress\/ -->\n<title>No hay deuda que no se pague - Diario El Labrador<\/title>\n<meta name=\"robots\" content=\"index, follow, max-snippet:-1, max-image-preview:large, max-video-preview:-1\" \/>\n<link rel=\"canonical\" href=\"https:\/\/diarioellabrador.cl\/index.php\/2026\/04\/25\/no-hay-deuda-que-no-se-pague\/\" \/>\n<meta property=\"og:locale\" content=\"es_ES\" \/>\n<meta property=\"og:type\" content=\"article\" \/>\n<meta property=\"og:title\" content=\"No hay deuda que no se pague - Diario El Labrador\" \/>\n<meta property=\"og:description\" content=\"Por Nelson Retamales Tirado No hay deuda que no se pague ni plazo que no se cumpla, dice el refranero popular, de origen espa\u00f1ol y eso lo est\u00e1n viviendo en carne propia muchos chilenos que estudiaron con Cr\u00e9dito con Aval del Estado (CAE). Tal cr\u00e9dito ha permitido a j\u00f3venes seguir estudios superiores en busca de Leer m\u00e1s\" \/>\n<meta property=\"og:url\" content=\"https:\/\/diarioellabrador.cl\/index.php\/2026\/04\/25\/no-hay-deuda-que-no-se-pague\/\" \/>\n<meta property=\"og:site_name\" content=\"Diario El Labrador\" \/>\n<meta property=\"article:publisher\" content=\"https:\/\/web.facebook.com\/profile.php?id=61576120840621\" \/>\n<meta property=\"article:published_time\" content=\"2026-04-25T22:27:00+00:00\" \/>\n<meta property=\"article:modified_time\" content=\"2026-04-27T19:36:43+00:00\" \/>\n<meta property=\"og:image\" content=\"https:\/\/diarioellabrador.cl\/wp-content\/uploads\/2026\/04\/ChatGPT-Image-27-abr-2026-11_06_57-a.m-1024x713.png\" \/>\n\t<meta property=\"og:image:width\" content=\"1024\" \/>\n\t<meta property=\"og:image:height\" content=\"713\" \/>\n\t<meta property=\"og:image:type\" content=\"image\/png\" \/>\n<meta name=\"author\" content=\"Editor\" \/>\n<meta name=\"twitter:card\" content=\"summary_large_image\" \/>\n<meta name=\"twitter:creator\" content=\"@ElLabradorOf\" \/>\n<meta name=\"twitter:site\" content=\"@ElLabradorOf\" \/>\n<meta name=\"twitter:label1\" content=\"Escrito por\" \/>\n\t<meta name=\"twitter:data1\" content=\"Editor\" \/>\n\t<meta name=\"twitter:label2\" content=\"Tiempo de lectura\" \/>\n\t<meta name=\"twitter:data2\" content=\"3 minutos\" \/>\n<script type=\"application\/ld+json\" class=\"yoast-schema-graph\">{\"@context\":\"https:\\\/\\\/schema.org\",\"@graph\":[{\"@type\":\"Article\",\"@id\":\"https:\\\/\\\/diarioellabrador.cl\\\/index.php\\\/2026\\\/04\\\/25\\\/no-hay-deuda-que-no-se-pague\\\/#article\",\"isPartOf\":{\"@id\":\"https:\\\/\\\/diarioellabrador.cl\\\/index.php\\\/2026\\\/04\\\/25\\\/no-hay-deuda-que-no-se-pague\\\/\"},\"author\":{\"name\":\"Editor\",\"@id\":\"https:\\\/\\\/diarioellabrador.cl\\\/#\\\/schema\\\/person\\\/bc25ff80b4563f9c7f4bd7855df01685\"},\"headline\":\"No hay deuda que no se pague\",\"datePublished\":\"2026-04-25T22:27:00+00:00\",\"dateModified\":\"2026-04-27T19:36:43+00:00\",\"mainEntityOfPage\":{\"@id\":\"https:\\\/\\\/diarioellabrador.cl\\\/index.php\\\/2026\\\/04\\\/25\\\/no-hay-deuda-que-no-se-pague\\\/\"},\"wordCount\":565,\"commentCount\":0,\"publisher\":{\"@id\":\"https:\\\/\\\/diarioellabrador.cl\\\/#organization\"},\"image\":{\"@id\":\"https:\\\/\\\/diarioellabrador.cl\\\/index.php\\\/2026\\\/04\\\/25\\\/no-hay-deuda-que-no-se-pague\\\/#primaryimage\"},\"thumbnailUrl\":\"https:\\\/\\\/diarioellabrador.cl\\\/wp-content\\\/uploads\\\/2026\\\/04\\\/ChatGPT-Image-27-abr-2026-11_06_57-a.m.png\",\"articleSection\":[\"Opini\u00f3n\"],\"inLanguage\":\"es\",\"potentialAction\":[{\"@type\":\"CommentAction\",\"name\":\"Comment\",\"target\":[\"https:\\\/\\\/diarioellabrador.cl\\\/index.php\\\/2026\\\/04\\\/25\\\/no-hay-deuda-que-no-se-pague\\\/#respond\"]}]},{\"@type\":\"WebPage\",\"@id\":\"https:\\\/\\\/diarioellabrador.cl\\\/index.php\\\/2026\\\/04\\\/25\\\/no-hay-deuda-que-no-se-pague\\\/\",\"url\":\"https:\\\/\\\/diarioellabrador.cl\\\/index.php\\\/2026\\\/04\\\/25\\\/no-hay-deuda-que-no-se-pague\\\/\",\"name\":\"No hay deuda que no se pague - Diario El Labrador\",\"isPartOf\":{\"@id\":\"https:\\\/\\\/diarioellabrador.cl\\\/#website\"},\"primaryImageOfPage\":{\"@id\":\"https:\\\/\\\/diarioellabrador.cl\\\/index.php\\\/2026\\\/04\\\/25\\\/no-hay-deuda-que-no-se-pague\\\/#primaryimage\"},\"image\":{\"@id\":\"https:\\\/\\\/diarioellabrador.cl\\\/index.php\\\/2026\\\/04\\\/25\\\/no-hay-deuda-que-no-se-pague\\\/#primaryimage\"},\"thumbnailUrl\":\"https:\\\/\\\/diarioellabrador.cl\\\/wp-content\\\/uploads\\\/2026\\\/04\\\/ChatGPT-Image-27-abr-2026-11_06_57-a.m.png\",\"datePublished\":\"2026-04-25T22:27:00+00:00\",\"dateModified\":\"2026-04-27T19:36:43+00:00\",\"breadcrumb\":{\"@id\":\"https:\\\/\\\/diarioellabrador.cl\\\/index.php\\\/2026\\\/04\\\/25\\\/no-hay-deuda-que-no-se-pague\\\/#breadcrumb\"},\"inLanguage\":\"es\",\"potentialAction\":[{\"@type\":\"ReadAction\",\"target\":[\"https:\\\/\\\/diarioellabrador.cl\\\/index.php\\\/2026\\\/04\\\/25\\\/no-hay-deuda-que-no-se-pague\\\/\"]}]},{\"@type\":\"ImageObject\",\"inLanguage\":\"es\",\"@id\":\"https:\\\/\\\/diarioellabrador.cl\\\/index.php\\\/2026\\\/04\\\/25\\\/no-hay-deuda-que-no-se-pague\\\/#primaryimage\",\"url\":\"https:\\\/\\\/diarioellabrador.cl\\\/wp-content\\\/uploads\\\/2026\\\/04\\\/ChatGPT-Image-27-abr-2026-11_06_57-a.m.png\",\"contentUrl\":\"https:\\\/\\\/diarioellabrador.cl\\\/wp-content\\\/uploads\\\/2026\\\/04\\\/ChatGPT-Image-27-abr-2026-11_06_57-a.m.png\",\"width\":1503,\"height\":1047},{\"@type\":\"BreadcrumbList\",\"@id\":\"https:\\\/\\\/diarioellabrador.cl\\\/index.php\\\/2026\\\/04\\\/25\\\/no-hay-deuda-que-no-se-pague\\\/#breadcrumb\",\"itemListElement\":[{\"@type\":\"ListItem\",\"position\":1,\"name\":\"Portada\",\"item\":\"https:\\\/\\\/diarioellabrador.cl\\\/\"},{\"@type\":\"ListItem\",\"position\":2,\"name\":\"No hay deuda que no se pague\"}]},{\"@type\":\"WebSite\",\"@id\":\"https:\\\/\\\/diarioellabrador.cl\\\/#website\",\"url\":\"https:\\\/\\\/diarioellabrador.cl\\\/\",\"name\":\"Diario El Labrador\",\"description\":\"Haciendo noticia desde 1921\",\"publisher\":{\"@id\":\"https:\\\/\\\/diarioellabrador.cl\\\/#organization\"},\"potentialAction\":[{\"@type\":\"SearchAction\",\"target\":{\"@type\":\"EntryPoint\",\"urlTemplate\":\"https:\\\/\\\/diarioellabrador.cl\\\/?s={search_term_string}\"},\"query-input\":{\"@type\":\"PropertyValueSpecification\",\"valueRequired\":true,\"valueName\":\"search_term_string\"}}],\"inLanguage\":\"es\"},{\"@type\":\"Organization\",\"@id\":\"https:\\\/\\\/diarioellabrador.cl\\\/#organization\",\"name\":\"Diario El Labrador\",\"url\":\"https:\\\/\\\/diarioellabrador.cl\\\/\",\"logo\":{\"@type\":\"ImageObject\",\"inLanguage\":\"es\",\"@id\":\"https:\\\/\\\/diarioellabrador.cl\\\/#\\\/schema\\\/logo\\\/image\\\/\",\"url\":\"https:\\\/\\\/diarioellabrador.cl\\\/wp-content\\\/uploads\\\/2025\\\/02\\\/cropped-Logo-Icono.png\",\"contentUrl\":\"https:\\\/\\\/diarioellabrador.cl\\\/wp-content\\\/uploads\\\/2025\\\/02\\\/cropped-Logo-Icono.png\",\"width\":512,\"height\":512,\"caption\":\"Diario El Labrador\"},\"image\":{\"@id\":\"https:\\\/\\\/diarioellabrador.cl\\\/#\\\/schema\\\/logo\\\/image\\\/\"},\"sameAs\":[\"https:\\\/\\\/web.facebook.com\\\/profile.php?id=61576120840621\",\"https:\\\/\\\/x.com\\\/ElLabradorOf\",\"https:\\\/\\\/www.instagram.com\\\/diarioellabradoroficial\\\/\"]},{\"@type\":\"Person\",\"@id\":\"https:\\\/\\\/diarioellabrador.cl\\\/#\\\/schema\\\/person\\\/bc25ff80b4563f9c7f4bd7855df01685\",\"name\":\"Editor\",\"image\":{\"@type\":\"ImageObject\",\"inLanguage\":\"es\",\"@id\":\"https:\\\/\\\/secure.gravatar.com\\\/avatar\\\/109c326cf2be5c04f048c2c2a2b8b6ef44bf3d8d1d3d4c55d0ac40c4bc994684?s=96&d=mm&r=g\",\"url\":\"https:\\\/\\\/secure.gravatar.com\\\/avatar\\\/109c326cf2be5c04f048c2c2a2b8b6ef44bf3d8d1d3d4c55d0ac40c4bc994684?s=96&d=mm&r=g\",\"contentUrl\":\"https:\\\/\\\/secure.gravatar.com\\\/avatar\\\/109c326cf2be5c04f048c2c2a2b8b6ef44bf3d8d1d3d4c55d0ac40c4bc994684?s=96&d=mm&r=g\",\"caption\":\"Editor\"},\"url\":\"https:\\\/\\\/diarioellabrador.cl\\\/index.php\\\/author\\\/editor\\\/\"}]}<\/script>\n<!-- \/ Yoast SEO plugin. -->","yoast_head_json":{"title":"No hay deuda que no se pague - Diario El Labrador","robots":{"index":"index","follow":"follow","max-snippet":"max-snippet:-1","max-image-preview":"max-image-preview:large","max-video-preview":"max-video-preview:-1"},"canonical":"https:\/\/diarioellabrador.cl\/index.php\/2026\/04\/25\/no-hay-deuda-que-no-se-pague\/","og_locale":"es_ES","og_type":"article","og_title":"No hay deuda que no se pague - Diario El Labrador","og_description":"Por Nelson Retamales Tirado No hay deuda que no se pague ni plazo que no se cumpla, dice el refranero popular, de origen espa\u00f1ol y eso lo est\u00e1n viviendo en carne propia muchos chilenos que estudiaron con Cr\u00e9dito con Aval del Estado (CAE). Tal cr\u00e9dito ha permitido a j\u00f3venes seguir estudios superiores en busca de Leer m\u00e1s","og_url":"https:\/\/diarioellabrador.cl\/index.php\/2026\/04\/25\/no-hay-deuda-que-no-se-pague\/","og_site_name":"Diario El Labrador","article_publisher":"https:\/\/web.facebook.com\/profile.php?id=61576120840621","article_published_time":"2026-04-25T22:27:00+00:00","article_modified_time":"2026-04-27T19:36:43+00:00","og_image":[{"width":1024,"height":713,"url":"https:\/\/diarioellabrador.cl\/wp-content\/uploads\/2026\/04\/ChatGPT-Image-27-abr-2026-11_06_57-a.m-1024x713.png","type":"image\/png"}],"author":"Editor","twitter_card":"summary_large_image","twitter_creator":"@ElLabradorOf","twitter_site":"@ElLabradorOf","twitter_misc":{"Escrito por":"Editor","Tiempo de lectura":"3 minutos"},"schema":{"@context":"https:\/\/schema.org","@graph":[{"@type":"Article","@id":"https:\/\/diarioellabrador.cl\/index.php\/2026\/04\/25\/no-hay-deuda-que-no-se-pague\/#article","isPartOf":{"@id":"https:\/\/diarioellabrador.cl\/index.php\/2026\/04\/25\/no-hay-deuda-que-no-se-pague\/"},"author":{"name":"Editor","@id":"https:\/\/diarioellabrador.cl\/#\/schema\/person\/bc25ff80b4563f9c7f4bd7855df01685"},"headline":"No hay deuda que no se pague","datePublished":"2026-04-25T22:27:00+00:00","dateModified":"2026-04-27T19:36:43+00:00","mainEntityOfPage":{"@id":"https:\/\/diarioellabrador.cl\/index.php\/2026\/04\/25\/no-hay-deuda-que-no-se-pague\/"},"wordCount":565,"commentCount":0,"publisher":{"@id":"https:\/\/diarioellabrador.cl\/#organization"},"image":{"@id":"https:\/\/diarioellabrador.cl\/index.php\/2026\/04\/25\/no-hay-deuda-que-no-se-pague\/#primaryimage"},"thumbnailUrl":"https:\/\/diarioellabrador.cl\/wp-content\/uploads\/2026\/04\/ChatGPT-Image-27-abr-2026-11_06_57-a.m.png","articleSection":["Opini\u00f3n"],"inLanguage":"es","potentialAction":[{"@type":"CommentAction","name":"Comment","target":["https:\/\/diarioellabrador.cl\/index.php\/2026\/04\/25\/no-hay-deuda-que-no-se-pague\/#respond"]}]},{"@type":"WebPage","@id":"https:\/\/diarioellabrador.cl\/index.php\/2026\/04\/25\/no-hay-deuda-que-no-se-pague\/","url":"https:\/\/diarioellabrador.cl\/index.php\/2026\/04\/25\/no-hay-deuda-que-no-se-pague\/","name":"No hay deuda que no se pague - Diario El Labrador","isPartOf":{"@id":"https:\/\/diarioellabrador.cl\/#website"},"primaryImageOfPage":{"@id":"https:\/\/diarioellabrador.cl\/index.php\/2026\/04\/25\/no-hay-deuda-que-no-se-pague\/#primaryimage"},"image":{"@id":"https:\/\/diarioellabrador.cl\/index.php\/2026\/04\/25\/no-hay-deuda-que-no-se-pague\/#primaryimage"},"thumbnailUrl":"https:\/\/diarioellabrador.cl\/wp-content\/uploads\/2026\/04\/ChatGPT-Image-27-abr-2026-11_06_57-a.m.png","datePublished":"2026-04-25T22:27:00+00:00","dateModified":"2026-04-27T19:36:43+00:00","breadcrumb":{"@id":"https:\/\/diarioellabrador.cl\/index.php\/2026\/04\/25\/no-hay-deuda-que-no-se-pague\/#breadcrumb"},"inLanguage":"es","potentialAction":[{"@type":"ReadAction","target":["https:\/\/diarioellabrador.cl\/index.php\/2026\/04\/25\/no-hay-deuda-que-no-se-pague\/"]}]},{"@type":"ImageObject","inLanguage":"es","@id":"https:\/\/diarioellabrador.cl\/index.php\/2026\/04\/25\/no-hay-deuda-que-no-se-pague\/#primaryimage","url":"https:\/\/diarioellabrador.cl\/wp-content\/uploads\/2026\/04\/ChatGPT-Image-27-abr-2026-11_06_57-a.m.png","contentUrl":"https:\/\/diarioellabrador.cl\/wp-content\/uploads\/2026\/04\/ChatGPT-Image-27-abr-2026-11_06_57-a.m.png","width":1503,"height":1047},{"@type":"BreadcrumbList","@id":"https:\/\/diarioellabrador.cl\/index.php\/2026\/04\/25\/no-hay-deuda-que-no-se-pague\/#breadcrumb","itemListElement":[{"@type":"ListItem","position":1,"name":"Portada","item":"https:\/\/diarioellabrador.cl\/"},{"@type":"ListItem","position":2,"name":"No hay deuda que no se pague"}]},{"@type":"WebSite","@id":"https:\/\/diarioellabrador.cl\/#website","url":"https:\/\/diarioellabrador.cl\/","name":"Diario El Labrador","description":"Haciendo noticia desde 1921","publisher":{"@id":"https:\/\/diarioellabrador.cl\/#organization"},"potentialAction":[{"@type":"SearchAction","target":{"@type":"EntryPoint","urlTemplate":"https:\/\/diarioellabrador.cl\/?s={search_term_string}"},"query-input":{"@type":"PropertyValueSpecification","valueRequired":true,"valueName":"search_term_string"}}],"inLanguage":"es"},{"@type":"Organization","@id":"https:\/\/diarioellabrador.cl\/#organization","name":"Diario El Labrador","url":"https:\/\/diarioellabrador.cl\/","logo":{"@type":"ImageObject","inLanguage":"es","@id":"https:\/\/diarioellabrador.cl\/#\/schema\/logo\/image\/","url":"https:\/\/diarioellabrador.cl\/wp-content\/uploads\/2025\/02\/cropped-Logo-Icono.png","contentUrl":"https:\/\/diarioellabrador.cl\/wp-content\/uploads\/2025\/02\/cropped-Logo-Icono.png","width":512,"height":512,"caption":"Diario El Labrador"},"image":{"@id":"https:\/\/diarioellabrador.cl\/#\/schema\/logo\/image\/"},"sameAs":["https:\/\/web.facebook.com\/profile.php?id=61576120840621","https:\/\/x.com\/ElLabradorOf","https:\/\/www.instagram.com\/diarioellabradoroficial\/"]},{"@type":"Person","@id":"https:\/\/diarioellabrador.cl\/#\/schema\/person\/bc25ff80b4563f9c7f4bd7855df01685","name":"Editor","image":{"@type":"ImageObject","inLanguage":"es","@id":"https:\/\/secure.gravatar.com\/avatar\/109c326cf2be5c04f048c2c2a2b8b6ef44bf3d8d1d3d4c55d0ac40c4bc994684?s=96&d=mm&r=g","url":"https:\/\/secure.gravatar.com\/avatar\/109c326cf2be5c04f048c2c2a2b8b6ef44bf3d8d1d3d4c55d0ac40c4bc994684?s=96&d=mm&r=g","contentUrl":"https:\/\/secure.gravatar.com\/avatar\/109c326cf2be5c04f048c2c2a2b8b6ef44bf3d8d1d3d4c55d0ac40c4bc994684?s=96&d=mm&r=g","caption":"Editor"},"url":"https:\/\/diarioellabrador.cl\/index.php\/author\/editor\/"}]}},"_links":{"self":[{"href":"https:\/\/diarioellabrador.cl\/index.php\/wp-json\/wp\/v2\/posts\/18484","targetHints":{"allow":["GET"]}}],"collection":[{"href":"https:\/\/diarioellabrador.cl\/index.php\/wp-json\/wp\/v2\/posts"}],"about":[{"href":"https:\/\/diarioellabrador.cl\/index.php\/wp-json\/wp\/v2\/types\/post"}],"author":[{"embeddable":true,"href":"https:\/\/diarioellabrador.cl\/index.php\/wp-json\/wp\/v2\/users\/2"}],"replies":[{"embeddable":true,"href":"https:\/\/diarioellabrador.cl\/index.php\/wp-json\/wp\/v2\/comments?post=18484"}],"version-history":[{"count":3,"href":"https:\/\/diarioellabrador.cl\/index.php\/wp-json\/wp\/v2\/posts\/18484\/revisions"}],"predecessor-version":[{"id":18652,"href":"https:\/\/diarioellabrador.cl\/index.php\/wp-json\/wp\/v2\/posts\/18484\/revisions\/18652"}],"wp:featuredmedia":[{"embeddable":true,"href":"https:\/\/diarioellabrador.cl\/index.php\/wp-json\/wp\/v2\/media\/18575"}],"wp:attachment":[{"href":"https:\/\/diarioellabrador.cl\/index.php\/wp-json\/wp\/v2\/media?parent=18484"}],"wp:term":[{"taxonomy":"category","embeddable":true,"href":"https:\/\/diarioellabrador.cl\/index.php\/wp-json\/wp\/v2\/categories?post=18484"},{"taxonomy":"post_tag","embeddable":true,"href":"https:\/\/diarioellabrador.cl\/index.php\/wp-json\/wp\/v2\/tags?post=18484"}],"curies":[{"name":"wp","href":"https:\/\/api.w.org\/{rel}","templated":true}]}}