{"id":1799,"date":"2025-04-14T19:21:20","date_gmt":"2025-04-14T23:21:20","guid":{"rendered":"https:\/\/diarioellabrador.cl\/?p=1799"},"modified":"2025-04-14T19:21:21","modified_gmt":"2025-04-14T23:21:21","slug":"avanzan-mejoras-al-sistema-de-abastecimiento-de-cooperativa-de-agua-potable-domingo-ortiz-de-rozas-en-la-comuna-de-alhue","status":"publish","type":"post","link":"https:\/\/diarioellabrador.cl\/index.php\/2025\/04\/14\/avanzan-mejoras-al-sistema-de-abastecimiento-de-cooperativa-de-agua-potable-domingo-ortiz-de-rozas-en-la-comuna-de-alhue\/","title":{"rendered":"Avanzan mejoras al sistema de abastecimiento de Cooperativa de Agua Potable Domingo Ortiz de Rozas en la comuna de Alhu\u00e9"},"content":{"rendered":"\n<p>Con el objetivo de fortalecer el servicio sanitario en la comuna, se ejecutan importantes obras en el sistema de abastecimiento de la Cooperativa de Agua Potable Domingo Ortiz de Rozas. Estas intervenciones buscan optimizar la eficiencia, durabilidad y sostenibilidad del suministro de agua potable para la comunidad.<\/p>\n\n\n\n<p>El proyecto, financiado por el Ministerio de Obras P\u00fablicas (MOP), a trav\u00e9s de la Direcci\u00f3n de Obras Hidr\u00e1ulicas (DOH), contempla una inversi\u00f3n superior a los $1.725 millones, y cuenta con el respaldo de la Ilustre Municipalidad de Alhu\u00e9, que colabora activamente en la inspecci\u00f3n y supervisi\u00f3n de los trabajos mediante su Direcci\u00f3n de Obras Municipales (DOM).<\/p>\n\n\n\n<p>El proyecto incluye el reemplazo de las tuber\u00edas actuales de PVC por tuber\u00edas de HDPE, material m\u00e1s resistente y duradero; el aumento del di\u00e1metro de sus tuber\u00edas, para mejorar el caudal de agua; la rehabilitaci\u00f3n de los pozos 1 y 2; la renovaci\u00f3n de los grupos motobomba para una operaci\u00f3n m\u00e1s eficiente; la construcci\u00f3n de casetas de control, y la incorporaci\u00f3n de un generador de respaldo, adem\u00e1s de las mejoras el\u00e9ctricas para aumentar la potencia disponible.<\/p>\n\n\n\n<p>Estas obras representan un gran avance en la infraestructura h\u00eddrica de la comuna, asegurando un suministro de agua m\u00e1s confiable y de mejor calidad. Se estima que los trabajos finalizar\u00e1n en diciembre de este a\u00f1o y se ha dispuesto la utilizaci\u00f3n de la t\u00e9cnica de cracking, que minimiza las molestias para la comunidad al evitar grandes excavaciones.<\/p>\n\n\n\n<p>Desde la Ilustre Municipalidad de Alhu\u00e9&nbsp; se agradece la comprensi\u00f3n y colaboraci\u00f3n de los vecinos y vecinas durante la ejecuci\u00f3n de estas obras, reafirmando el compromiso por minimizar cualquier inconveniente.<\/p>\n\n\n\n<p>Para consultas adicionales, pueden acercarse a las oficinas del DOM o comunicarse al tel\u00e9fono +56 9 7764 6518.<\/p>\n","protected":false},"excerpt":{"rendered":"<p>Con el objetivo de fortalecer el servicio sanitario en la comuna, se ejecutan importantes obras en el sistema de abastecimiento de la Cooperativa de Agua Potable Domingo Ortiz de Rozas. Estas intervenciones buscan optimizar la eficiencia, durabilidad y sostenibilidad del suministro de agua potable para la comunidad. El proyecto, financiado por el Ministerio de Obras<\/p>\n<div class=\"read-more-wrapper\"><a class=\"read-more\" href=\"https:\/\/diarioellabrador.cl\/index.php\/2025\/04\/14\/avanzan-mejoras-al-sistema-de-abastecimiento-de-cooperativa-de-agua-potable-domingo-ortiz-de-rozas-en-la-comuna-de-alhue\/\" title=\"Leer m\u00e1s\"> <span class=\"button \">Leer m\u00e1s<\/span><\/a><\/div>\n","protected":false},"author":2,"featured_media":1738,"comment_status":"open","ping_status":"open","sticky":false,"template":"","format":"standard","meta":{"footnotes":""},"categories":[1],"tags":[],"class_list":["post-1799","post","type-post","status-publish","format-standard","has-post-thumbnail","hentry","category-cronica"],"yoast_head":"<!-- This site is optimized with the Yoast SEO plugin v27.5 - https:\/\/yoast.com\/product\/yoast-seo-wordpress\/ -->\n<title>Avanzan mejoras al sistema de abastecimiento de Cooperativa de Agua Potable Domingo Ortiz de Rozas en la comuna de Alhu\u00e9 - Diario El Labrador<\/title>\n<meta name=\"robots\" content=\"index, follow, max-snippet:-1, max-image-preview:large, max-video-preview:-1\" \/>\n<link rel=\"canonical\" href=\"https:\/\/diarioellabrador.cl\/index.php\/2025\/04\/14\/avanzan-mejoras-al-sistema-de-abastecimiento-de-cooperativa-de-agua-potable-domingo-ortiz-de-rozas-en-la-comuna-de-alhue\/\" \/>\n<meta property=\"og:locale\" content=\"es_ES\" \/>\n<meta property=\"og:type\" content=\"article\" \/>\n<meta property=\"og:title\" content=\"Avanzan mejoras al sistema de abastecimiento de Cooperativa de Agua Potable Domingo Ortiz de Rozas en la comuna de Alhu\u00e9 - Diario El Labrador\" \/>\n<meta property=\"og:description\" content=\"Con el objetivo de fortalecer el servicio sanitario en la comuna, se ejecutan importantes obras en el sistema de abastecimiento de la Cooperativa de Agua Potable Domingo Ortiz de Rozas. Estas intervenciones buscan optimizar la eficiencia, durabilidad y sostenibilidad del suministro de agua potable para la comunidad. El proyecto, financiado por el Ministerio de Obras Leer m\u00e1s\" \/>\n<meta property=\"og:url\" content=\"https:\/\/diarioellabrador.cl\/index.php\/2025\/04\/14\/avanzan-mejoras-al-sistema-de-abastecimiento-de-cooperativa-de-agua-potable-domingo-ortiz-de-rozas-en-la-comuna-de-alhue\/\" \/>\n<meta property=\"og:site_name\" content=\"Diario El Labrador\" \/>\n<meta property=\"article:publisher\" content=\"https:\/\/web.facebook.com\/profile.php?id=61576120840621\" \/>\n<meta property=\"article:published_time\" content=\"2025-04-14T23:21:20+00:00\" \/>\n<meta property=\"article:modified_time\" content=\"2025-04-14T23:21:21+00:00\" \/>\n<meta property=\"og:image\" content=\"https:\/\/diarioellabrador.cl\/wp-content\/uploads\/2025\/04\/Avanzan-mejoras-al-sistema-de-abastecimiento-de-Cooperativa-de-Agua-Potable-Domingo-Ortiz-de-Rozas-en-la-comuna-de-Alhue.jpeg\" \/>\n\t<meta property=\"og:image:width\" content=\"2048\" \/>\n\t<meta property=\"og:image:height\" content=\"1369\" \/>\n\t<meta property=\"og:image:type\" content=\"image\/jpeg\" \/>\n<meta name=\"author\" content=\"Editor\" \/>\n<meta name=\"twitter:card\" content=\"summary_large_image\" \/>\n<meta name=\"twitter:creator\" content=\"@ElLabradorOf\" \/>\n<meta name=\"twitter:site\" content=\"@ElLabradorOf\" \/>\n<meta name=\"twitter:label1\" content=\"Escrito por\" \/>\n\t<meta name=\"twitter:data1\" content=\"Editor\" \/>\n\t<meta name=\"twitter:label2\" content=\"Tiempo de lectura\" \/>\n\t<meta name=\"twitter:data2\" content=\"2 minutos\" \/>\n<script type=\"application\/ld+json\" class=\"yoast-schema-graph\">{\"@context\":\"https:\\\/\\\/schema.org\",\"@graph\":[{\"@type\":\"Article\",\"@id\":\"https:\\\/\\\/diarioellabrador.cl\\\/index.php\\\/2025\\\/04\\\/14\\\/avanzan-mejoras-al-sistema-de-abastecimiento-de-cooperativa-de-agua-potable-domingo-ortiz-de-rozas-en-la-comuna-de-alhue\\\/#article\",\"isPartOf\":{\"@id\":\"https:\\\/\\\/diarioellabrador.cl\\\/index.php\\\/2025\\\/04\\\/14\\\/avanzan-mejoras-al-sistema-de-abastecimiento-de-cooperativa-de-agua-potable-domingo-ortiz-de-rozas-en-la-comuna-de-alhue\\\/\"},\"author\":{\"name\":\"Editor\",\"@id\":\"https:\\\/\\\/diarioellabrador.cl\\\/#\\\/schema\\\/person\\\/bc25ff80b4563f9c7f4bd7855df01685\"},\"headline\":\"Avanzan mejoras al sistema de abastecimiento de Cooperativa de Agua Potable Domingo Ortiz de Rozas en la comuna de Alhu\u00e9\",\"datePublished\":\"2025-04-14T23:21:20+00:00\",\"dateModified\":\"2025-04-14T23:21:21+00:00\",\"mainEntityOfPage\":{\"@id\":\"https:\\\/\\\/diarioellabrador.cl\\\/index.php\\\/2025\\\/04\\\/14\\\/avanzan-mejoras-al-sistema-de-abastecimiento-de-cooperativa-de-agua-potable-domingo-ortiz-de-rozas-en-la-comuna-de-alhue\\\/\"},\"wordCount\":329,\"commentCount\":0,\"publisher\":{\"@id\":\"https:\\\/\\\/diarioellabrador.cl\\\/#organization\"},\"image\":{\"@id\":\"https:\\\/\\\/diarioellabrador.cl\\\/index.php\\\/2025\\\/04\\\/14\\\/avanzan-mejoras-al-sistema-de-abastecimiento-de-cooperativa-de-agua-potable-domingo-ortiz-de-rozas-en-la-comuna-de-alhue\\\/#primaryimage\"},\"thumbnailUrl\":\"https:\\\/\\\/diarioellabrador.cl\\\/wp-content\\\/uploads\\\/2025\\\/04\\\/Avanzan-mejoras-al-sistema-de-abastecimiento-de-Cooperativa-de-Agua-Potable-Domingo-Ortiz-de-Rozas-en-la-comuna-de-Alhue.jpeg\",\"articleSection\":[\"Cr\u00f3nica\"],\"inLanguage\":\"es\",\"potentialAction\":[{\"@type\":\"CommentAction\",\"name\":\"Comment\",\"target\":[\"https:\\\/\\\/diarioellabrador.cl\\\/index.php\\\/2025\\\/04\\\/14\\\/avanzan-mejoras-al-sistema-de-abastecimiento-de-cooperativa-de-agua-potable-domingo-ortiz-de-rozas-en-la-comuna-de-alhue\\\/#respond\"]}]},{\"@type\":\"WebPage\",\"@id\":\"https:\\\/\\\/diarioellabrador.cl\\\/index.php\\\/2025\\\/04\\\/14\\\/avanzan-mejoras-al-sistema-de-abastecimiento-de-cooperativa-de-agua-potable-domingo-ortiz-de-rozas-en-la-comuna-de-alhue\\\/\",\"url\":\"https:\\\/\\\/diarioellabrador.cl\\\/index.php\\\/2025\\\/04\\\/14\\\/avanzan-mejoras-al-sistema-de-abastecimiento-de-cooperativa-de-agua-potable-domingo-ortiz-de-rozas-en-la-comuna-de-alhue\\\/\",\"name\":\"Avanzan mejoras al sistema de abastecimiento de Cooperativa de Agua Potable Domingo Ortiz de Rozas en la comuna de Alhu\u00e9 - Diario El Labrador\",\"isPartOf\":{\"@id\":\"https:\\\/\\\/diarioellabrador.cl\\\/#website\"},\"primaryImageOfPage\":{\"@id\":\"https:\\\/\\\/diarioellabrador.cl\\\/index.php\\\/2025\\\/04\\\/14\\\/avanzan-mejoras-al-sistema-de-abastecimiento-de-cooperativa-de-agua-potable-domingo-ortiz-de-rozas-en-la-comuna-de-alhue\\\/#primaryimage\"},\"image\":{\"@id\":\"https:\\\/\\\/diarioellabrador.cl\\\/index.php\\\/2025\\\/04\\\/14\\\/avanzan-mejoras-al-sistema-de-abastecimiento-de-cooperativa-de-agua-potable-domingo-ortiz-de-rozas-en-la-comuna-de-alhue\\\/#primaryimage\"},\"thumbnailUrl\":\"https:\\\/\\\/diarioellabrador.cl\\\/wp-content\\\/uploads\\\/2025\\\/04\\\/Avanzan-mejoras-al-sistema-de-abastecimiento-de-Cooperativa-de-Agua-Potable-Domingo-Ortiz-de-Rozas-en-la-comuna-de-Alhue.jpeg\",\"datePublished\":\"2025-04-14T23:21:20+00:00\",\"dateModified\":\"2025-04-14T23:21:21+00:00\",\"breadcrumb\":{\"@id\":\"https:\\\/\\\/diarioellabrador.cl\\\/index.php\\\/2025\\\/04\\\/14\\\/avanzan-mejoras-al-sistema-de-abastecimiento-de-cooperativa-de-agua-potable-domingo-ortiz-de-rozas-en-la-comuna-de-alhue\\\/#breadcrumb\"},\"inLanguage\":\"es\",\"potentialAction\":[{\"@type\":\"ReadAction\",\"target\":[\"https:\\\/\\\/diarioellabrador.cl\\\/index.php\\\/2025\\\/04\\\/14\\\/avanzan-mejoras-al-sistema-de-abastecimiento-de-cooperativa-de-agua-potable-domingo-ortiz-de-rozas-en-la-comuna-de-alhue\\\/\"]}]},{\"@type\":\"ImageObject\",\"inLanguage\":\"es\",\"@id\":\"https:\\\/\\\/diarioellabrador.cl\\\/index.php\\\/2025\\\/04\\\/14\\\/avanzan-mejoras-al-sistema-de-abastecimiento-de-cooperativa-de-agua-potable-domingo-ortiz-de-rozas-en-la-comuna-de-alhue\\\/#primaryimage\",\"url\":\"https:\\\/\\\/diarioellabrador.cl\\\/wp-content\\\/uploads\\\/2025\\\/04\\\/Avanzan-mejoras-al-sistema-de-abastecimiento-de-Cooperativa-de-Agua-Potable-Domingo-Ortiz-de-Rozas-en-la-comuna-de-Alhue.jpeg\",\"contentUrl\":\"https:\\\/\\\/diarioellabrador.cl\\\/wp-content\\\/uploads\\\/2025\\\/04\\\/Avanzan-mejoras-al-sistema-de-abastecimiento-de-Cooperativa-de-Agua-Potable-Domingo-Ortiz-de-Rozas-en-la-comuna-de-Alhue.jpeg\",\"width\":2048,\"height\":1369},{\"@type\":\"BreadcrumbList\",\"@id\":\"https:\\\/\\\/diarioellabrador.cl\\\/index.php\\\/2025\\\/04\\\/14\\\/avanzan-mejoras-al-sistema-de-abastecimiento-de-cooperativa-de-agua-potable-domingo-ortiz-de-rozas-en-la-comuna-de-alhue\\\/#breadcrumb\",\"itemListElement\":[{\"@type\":\"ListItem\",\"position\":1,\"name\":\"Portada\",\"item\":\"https:\\\/\\\/diarioellabrador.cl\\\/\"},{\"@type\":\"ListItem\",\"position\":2,\"name\":\"Avanzan mejoras al sistema de abastecimiento de Cooperativa de Agua Potable Domingo Ortiz de Rozas en la comuna de Alhu\u00e9\"}]},{\"@type\":\"WebSite\",\"@id\":\"https:\\\/\\\/diarioellabrador.cl\\\/#website\",\"url\":\"https:\\\/\\\/diarioellabrador.cl\\\/\",\"name\":\"Diario El Labrador\",\"description\":\"Haciendo noticia desde 1921\",\"publisher\":{\"@id\":\"https:\\\/\\\/diarioellabrador.cl\\\/#organization\"},\"potentialAction\":[{\"@type\":\"SearchAction\",\"target\":{\"@type\":\"EntryPoint\",\"urlTemplate\":\"https:\\\/\\\/diarioellabrador.cl\\\/?s={search_term_string}\"},\"query-input\":{\"@type\":\"PropertyValueSpecification\",\"valueRequired\":true,\"valueName\":\"search_term_string\"}}],\"inLanguage\":\"es\"},{\"@type\":\"Organization\",\"@id\":\"https:\\\/\\\/diarioellabrador.cl\\\/#organization\",\"name\":\"Diario El Labrador\",\"url\":\"https:\\\/\\\/diarioellabrador.cl\\\/\",\"logo\":{\"@type\":\"ImageObject\",\"inLanguage\":\"es\",\"@id\":\"https:\\\/\\\/diarioellabrador.cl\\\/#\\\/schema\\\/logo\\\/image\\\/\",\"url\":\"https:\\\/\\\/diarioellabrador.cl\\\/wp-content\\\/uploads\\\/2025\\\/02\\\/cropped-Logo-Icono.png\",\"contentUrl\":\"https:\\\/\\\/diarioellabrador.cl\\\/wp-content\\\/uploads\\\/2025\\\/02\\\/cropped-Logo-Icono.png\",\"width\":512,\"height\":512,\"caption\":\"Diario El Labrador\"},\"image\":{\"@id\":\"https:\\\/\\\/diarioellabrador.cl\\\/#\\\/schema\\\/logo\\\/image\\\/\"},\"sameAs\":[\"https:\\\/\\\/web.facebook.com\\\/profile.php?id=61576120840621\",\"https:\\\/\\\/x.com\\\/ElLabradorOf\",\"https:\\\/\\\/www.instagram.com\\\/diarioellabradoroficial\\\/\"]},{\"@type\":\"Person\",\"@id\":\"https:\\\/\\\/diarioellabrador.cl\\\/#\\\/schema\\\/person\\\/bc25ff80b4563f9c7f4bd7855df01685\",\"name\":\"Editor\",\"image\":{\"@type\":\"ImageObject\",\"inLanguage\":\"es\",\"@id\":\"https:\\\/\\\/secure.gravatar.com\\\/avatar\\\/109c326cf2be5c04f048c2c2a2b8b6ef44bf3d8d1d3d4c55d0ac40c4bc994684?s=96&d=mm&r=g\",\"url\":\"https:\\\/\\\/secure.gravatar.com\\\/avatar\\\/109c326cf2be5c04f048c2c2a2b8b6ef44bf3d8d1d3d4c55d0ac40c4bc994684?s=96&d=mm&r=g\",\"contentUrl\":\"https:\\\/\\\/secure.gravatar.com\\\/avatar\\\/109c326cf2be5c04f048c2c2a2b8b6ef44bf3d8d1d3d4c55d0ac40c4bc994684?s=96&d=mm&r=g\",\"caption\":\"Editor\"},\"url\":\"https:\\\/\\\/diarioellabrador.cl\\\/index.php\\\/author\\\/editor\\\/\"}]}<\/script>\n<!-- \/ Yoast SEO plugin. -->","yoast_head_json":{"title":"Avanzan mejoras al sistema de abastecimiento de Cooperativa de Agua Potable Domingo Ortiz de Rozas en la comuna de Alhu\u00e9 - Diario El Labrador","robots":{"index":"index","follow":"follow","max-snippet":"max-snippet:-1","max-image-preview":"max-image-preview:large","max-video-preview":"max-video-preview:-1"},"canonical":"https:\/\/diarioellabrador.cl\/index.php\/2025\/04\/14\/avanzan-mejoras-al-sistema-de-abastecimiento-de-cooperativa-de-agua-potable-domingo-ortiz-de-rozas-en-la-comuna-de-alhue\/","og_locale":"es_ES","og_type":"article","og_title":"Avanzan mejoras al sistema de abastecimiento de Cooperativa de Agua Potable Domingo Ortiz de Rozas en la comuna de Alhu\u00e9 - Diario El Labrador","og_description":"Con el objetivo de fortalecer el servicio sanitario en la comuna, se ejecutan importantes obras en el sistema de abastecimiento de la Cooperativa de Agua Potable Domingo Ortiz de Rozas. Estas intervenciones buscan optimizar la eficiencia, durabilidad y sostenibilidad del suministro de agua potable para la comunidad. El proyecto, financiado por el Ministerio de Obras Leer m\u00e1s","og_url":"https:\/\/diarioellabrador.cl\/index.php\/2025\/04\/14\/avanzan-mejoras-al-sistema-de-abastecimiento-de-cooperativa-de-agua-potable-domingo-ortiz-de-rozas-en-la-comuna-de-alhue\/","og_site_name":"Diario El Labrador","article_publisher":"https:\/\/web.facebook.com\/profile.php?id=61576120840621","article_published_time":"2025-04-14T23:21:20+00:00","article_modified_time":"2025-04-14T23:21:21+00:00","og_image":[{"width":2048,"height":1369,"url":"https:\/\/diarioellabrador.cl\/wp-content\/uploads\/2025\/04\/Avanzan-mejoras-al-sistema-de-abastecimiento-de-Cooperativa-de-Agua-Potable-Domingo-Ortiz-de-Rozas-en-la-comuna-de-Alhue.jpeg","type":"image\/jpeg"}],"author":"Editor","twitter_card":"summary_large_image","twitter_creator":"@ElLabradorOf","twitter_site":"@ElLabradorOf","twitter_misc":{"Escrito por":"Editor","Tiempo de lectura":"2 minutos"},"schema":{"@context":"https:\/\/schema.org","@graph":[{"@type":"Article","@id":"https:\/\/diarioellabrador.cl\/index.php\/2025\/04\/14\/avanzan-mejoras-al-sistema-de-abastecimiento-de-cooperativa-de-agua-potable-domingo-ortiz-de-rozas-en-la-comuna-de-alhue\/#article","isPartOf":{"@id":"https:\/\/diarioellabrador.cl\/index.php\/2025\/04\/14\/avanzan-mejoras-al-sistema-de-abastecimiento-de-cooperativa-de-agua-potable-domingo-ortiz-de-rozas-en-la-comuna-de-alhue\/"},"author":{"name":"Editor","@id":"https:\/\/diarioellabrador.cl\/#\/schema\/person\/bc25ff80b4563f9c7f4bd7855df01685"},"headline":"Avanzan mejoras al sistema de abastecimiento de Cooperativa de Agua Potable Domingo Ortiz de Rozas en la comuna de Alhu\u00e9","datePublished":"2025-04-14T23:21:20+00:00","dateModified":"2025-04-14T23:21:21+00:00","mainEntityOfPage":{"@id":"https:\/\/diarioellabrador.cl\/index.php\/2025\/04\/14\/avanzan-mejoras-al-sistema-de-abastecimiento-de-cooperativa-de-agua-potable-domingo-ortiz-de-rozas-en-la-comuna-de-alhue\/"},"wordCount":329,"commentCount":0,"publisher":{"@id":"https:\/\/diarioellabrador.cl\/#organization"},"image":{"@id":"https:\/\/diarioellabrador.cl\/index.php\/2025\/04\/14\/avanzan-mejoras-al-sistema-de-abastecimiento-de-cooperativa-de-agua-potable-domingo-ortiz-de-rozas-en-la-comuna-de-alhue\/#primaryimage"},"thumbnailUrl":"https:\/\/diarioellabrador.cl\/wp-content\/uploads\/2025\/04\/Avanzan-mejoras-al-sistema-de-abastecimiento-de-Cooperativa-de-Agua-Potable-Domingo-Ortiz-de-Rozas-en-la-comuna-de-Alhue.jpeg","articleSection":["Cr\u00f3nica"],"inLanguage":"es","potentialAction":[{"@type":"CommentAction","name":"Comment","target":["https:\/\/diarioellabrador.cl\/index.php\/2025\/04\/14\/avanzan-mejoras-al-sistema-de-abastecimiento-de-cooperativa-de-agua-potable-domingo-ortiz-de-rozas-en-la-comuna-de-alhue\/#respond"]}]},{"@type":"WebPage","@id":"https:\/\/diarioellabrador.cl\/index.php\/2025\/04\/14\/avanzan-mejoras-al-sistema-de-abastecimiento-de-cooperativa-de-agua-potable-domingo-ortiz-de-rozas-en-la-comuna-de-alhue\/","url":"https:\/\/diarioellabrador.cl\/index.php\/2025\/04\/14\/avanzan-mejoras-al-sistema-de-abastecimiento-de-cooperativa-de-agua-potable-domingo-ortiz-de-rozas-en-la-comuna-de-alhue\/","name":"Avanzan mejoras al sistema de abastecimiento de Cooperativa de Agua Potable Domingo Ortiz de Rozas en la comuna de Alhu\u00e9 - Diario El Labrador","isPartOf":{"@id":"https:\/\/diarioellabrador.cl\/#website"},"primaryImageOfPage":{"@id":"https:\/\/diarioellabrador.cl\/index.php\/2025\/04\/14\/avanzan-mejoras-al-sistema-de-abastecimiento-de-cooperativa-de-agua-potable-domingo-ortiz-de-rozas-en-la-comuna-de-alhue\/#primaryimage"},"image":{"@id":"https:\/\/diarioellabrador.cl\/index.php\/2025\/04\/14\/avanzan-mejoras-al-sistema-de-abastecimiento-de-cooperativa-de-agua-potable-domingo-ortiz-de-rozas-en-la-comuna-de-alhue\/#primaryimage"},"thumbnailUrl":"https:\/\/diarioellabrador.cl\/wp-content\/uploads\/2025\/04\/Avanzan-mejoras-al-sistema-de-abastecimiento-de-Cooperativa-de-Agua-Potable-Domingo-Ortiz-de-Rozas-en-la-comuna-de-Alhue.jpeg","datePublished":"2025-04-14T23:21:20+00:00","dateModified":"2025-04-14T23:21:21+00:00","breadcrumb":{"@id":"https:\/\/diarioellabrador.cl\/index.php\/2025\/04\/14\/avanzan-mejoras-al-sistema-de-abastecimiento-de-cooperativa-de-agua-potable-domingo-ortiz-de-rozas-en-la-comuna-de-alhue\/#breadcrumb"},"inLanguage":"es","potentialAction":[{"@type":"ReadAction","target":["https:\/\/diarioellabrador.cl\/index.php\/2025\/04\/14\/avanzan-mejoras-al-sistema-de-abastecimiento-de-cooperativa-de-agua-potable-domingo-ortiz-de-rozas-en-la-comuna-de-alhue\/"]}]},{"@type":"ImageObject","inLanguage":"es","@id":"https:\/\/diarioellabrador.cl\/index.php\/2025\/04\/14\/avanzan-mejoras-al-sistema-de-abastecimiento-de-cooperativa-de-agua-potable-domingo-ortiz-de-rozas-en-la-comuna-de-alhue\/#primaryimage","url":"https:\/\/diarioellabrador.cl\/wp-content\/uploads\/2025\/04\/Avanzan-mejoras-al-sistema-de-abastecimiento-de-Cooperativa-de-Agua-Potable-Domingo-Ortiz-de-Rozas-en-la-comuna-de-Alhue.jpeg","contentUrl":"https:\/\/diarioellabrador.cl\/wp-content\/uploads\/2025\/04\/Avanzan-mejoras-al-sistema-de-abastecimiento-de-Cooperativa-de-Agua-Potable-Domingo-Ortiz-de-Rozas-en-la-comuna-de-Alhue.jpeg","width":2048,"height":1369},{"@type":"BreadcrumbList","@id":"https:\/\/diarioellabrador.cl\/index.php\/2025\/04\/14\/avanzan-mejoras-al-sistema-de-abastecimiento-de-cooperativa-de-agua-potable-domingo-ortiz-de-rozas-en-la-comuna-de-alhue\/#breadcrumb","itemListElement":[{"@type":"ListItem","position":1,"name":"Portada","item":"https:\/\/diarioellabrador.cl\/"},{"@type":"ListItem","position":2,"name":"Avanzan mejoras al sistema de abastecimiento de Cooperativa de Agua Potable Domingo Ortiz de Rozas en la comuna de Alhu\u00e9"}]},{"@type":"WebSite","@id":"https:\/\/diarioellabrador.cl\/#website","url":"https:\/\/diarioellabrador.cl\/","name":"Diario El Labrador","description":"Haciendo noticia desde 1921","publisher":{"@id":"https:\/\/diarioellabrador.cl\/#organization"},"potentialAction":[{"@type":"SearchAction","target":{"@type":"EntryPoint","urlTemplate":"https:\/\/diarioellabrador.cl\/?s={search_term_string}"},"query-input":{"@type":"PropertyValueSpecification","valueRequired":true,"valueName":"search_term_string"}}],"inLanguage":"es"},{"@type":"Organization","@id":"https:\/\/diarioellabrador.cl\/#organization","name":"Diario El Labrador","url":"https:\/\/diarioellabrador.cl\/","logo":{"@type":"ImageObject","inLanguage":"es","@id":"https:\/\/diarioellabrador.cl\/#\/schema\/logo\/image\/","url":"https:\/\/diarioellabrador.cl\/wp-content\/uploads\/2025\/02\/cropped-Logo-Icono.png","contentUrl":"https:\/\/diarioellabrador.cl\/wp-content\/uploads\/2025\/02\/cropped-Logo-Icono.png","width":512,"height":512,"caption":"Diario El Labrador"},"image":{"@id":"https:\/\/diarioellabrador.cl\/#\/schema\/logo\/image\/"},"sameAs":["https:\/\/web.facebook.com\/profile.php?id=61576120840621","https:\/\/x.com\/ElLabradorOf","https:\/\/www.instagram.com\/diarioellabradoroficial\/"]},{"@type":"Person","@id":"https:\/\/diarioellabrador.cl\/#\/schema\/person\/bc25ff80b4563f9c7f4bd7855df01685","name":"Editor","image":{"@type":"ImageObject","inLanguage":"es","@id":"https:\/\/secure.gravatar.com\/avatar\/109c326cf2be5c04f048c2c2a2b8b6ef44bf3d8d1d3d4c55d0ac40c4bc994684?s=96&d=mm&r=g","url":"https:\/\/secure.gravatar.com\/avatar\/109c326cf2be5c04f048c2c2a2b8b6ef44bf3d8d1d3d4c55d0ac40c4bc994684?s=96&d=mm&r=g","contentUrl":"https:\/\/secure.gravatar.com\/avatar\/109c326cf2be5c04f048c2c2a2b8b6ef44bf3d8d1d3d4c55d0ac40c4bc994684?s=96&d=mm&r=g","caption":"Editor"},"url":"https:\/\/diarioellabrador.cl\/index.php\/author\/editor\/"}]}},"_links":{"self":[{"href":"https:\/\/diarioellabrador.cl\/index.php\/wp-json\/wp\/v2\/posts\/1799","targetHints":{"allow":["GET"]}}],"collection":[{"href":"https:\/\/diarioellabrador.cl\/index.php\/wp-json\/wp\/v2\/posts"}],"about":[{"href":"https:\/\/diarioellabrador.cl\/index.php\/wp-json\/wp\/v2\/types\/post"}],"author":[{"embeddable":true,"href":"https:\/\/diarioellabrador.cl\/index.php\/wp-json\/wp\/v2\/users\/2"}],"replies":[{"embeddable":true,"href":"https:\/\/diarioellabrador.cl\/index.php\/wp-json\/wp\/v2\/comments?post=1799"}],"version-history":[{"count":1,"href":"https:\/\/diarioellabrador.cl\/index.php\/wp-json\/wp\/v2\/posts\/1799\/revisions"}],"predecessor-version":[{"id":1800,"href":"https:\/\/diarioellabrador.cl\/index.php\/wp-json\/wp\/v2\/posts\/1799\/revisions\/1800"}],"wp:featuredmedia":[{"embeddable":true,"href":"https:\/\/diarioellabrador.cl\/index.php\/wp-json\/wp\/v2\/media\/1738"}],"wp:attachment":[{"href":"https:\/\/diarioellabrador.cl\/index.php\/wp-json\/wp\/v2\/media?parent=1799"}],"wp:term":[{"taxonomy":"category","embeddable":true,"href":"https:\/\/diarioellabrador.cl\/index.php\/wp-json\/wp\/v2\/categories?post=1799"},{"taxonomy":"post_tag","embeddable":true,"href":"https:\/\/diarioellabrador.cl\/index.php\/wp-json\/wp\/v2\/tags?post=1799"}],"curies":[{"name":"wp","href":"https:\/\/api.w.org\/{rel}","templated":true}]}}