{"id":1797,"date":"2025-04-14T19:20:48","date_gmt":"2025-04-14T23:20:48","guid":{"rendered":"https:\/\/diarioellabrador.cl\/?p=1797"},"modified":"2025-04-14T19:20:48","modified_gmt":"2025-04-14T23:20:48","slug":"autoridades-de-la-region-metropolitana-realizan-llamado-al-consumo-responsable-de-productos-del-mar-en-semana-santa","status":"publish","type":"post","link":"https:\/\/diarioellabrador.cl\/index.php\/2025\/04\/14\/autoridades-de-la-region-metropolitana-realizan-llamado-al-consumo-responsable-de-productos-del-mar-en-semana-santa\/","title":{"rendered":"Autoridades de la Regi\u00f3n Metropolitana realizan llamado al consumo responsable de productos del mar en Semana Santa"},"content":{"rendered":"\n<p>En el marco de la Semana Santa, periodo en que se concentra hasta el 25% del consumo anual de productos del mar, la Direcci\u00f3n Regional del Servicio Nacional de Pesca y Acuicultura (SERNAPESCA) y la Secretar\u00eda Regional Ministerial (SEREMI) de Econom\u00eda, Fomento y Turismo de la Regi\u00f3n Metropolitana refuerzan la importancia de la pesca legal y el consumo seguro de productos del mar en estas fechas. Esta alta demanda incrementa la actividad extractiva y comercializaci\u00f3n, elevando lamentablemente el riesgo de pesca ilegal o productos en mal estado, ante lo cual SERNAPESCA intensificar\u00e1 su fiscalizaci\u00f3n para combatir estas pr\u00e1cticas que amenazan a la pesca legal y a los consumidores de pescados y mariscos.<\/p>\n\n\n\n<p>En ese sentido el Director Regional de SERNAPESCA Metropolitano Marcelo Moreno se\u00f1al\u00f3: \u201c<em>para<\/em><em> esta Semana Santa quiero invitarlos a que consuman responsablemente los exquisitos productos del mar nuestro, me refiero a, por supuesto, a cuidar la inocuidad del producto y preocuparse que sean productos frescos. Como Servicio Nacional de Pesca y Acuicultura, estamos orientados a la fiscalizaci\u00f3n para el cumplimiento de normativa pesquera. Es decir, fiscalizamos que todos los productos del mar que se comercializan tengan su origen legal debidamente establecido\u201d.<\/em><\/p>\n\n\n\n<figure class=\"wp-block-image size-large\"><img loading=\"lazy\" decoding=\"async\" width=\"1024\" height=\"683\" src=\"https:\/\/diarioellabrador.cl\/wp-content\/uploads\/2025\/04\/Autoridades-de-la-Region-Metropolitana-realizan-llamado-al-consumo-responsable-de-productos-del-mar-en-Semana-Santa-1024x683.jpg\" alt=\"\" class=\"wp-image-1742\" srcset=\"https:\/\/diarioellabrador.cl\/wp-content\/uploads\/2025\/04\/Autoridades-de-la-Region-Metropolitana-realizan-llamado-al-consumo-responsable-de-productos-del-mar-en-Semana-Santa-1024x683.jpg 1024w, https:\/\/diarioellabrador.cl\/wp-content\/uploads\/2025\/04\/Autoridades-de-la-Region-Metropolitana-realizan-llamado-al-consumo-responsable-de-productos-del-mar-en-Semana-Santa-300x200.jpg 300w, https:\/\/diarioellabrador.cl\/wp-content\/uploads\/2025\/04\/Autoridades-de-la-Region-Metropolitana-realizan-llamado-al-consumo-responsable-de-productos-del-mar-en-Semana-Santa-768x512.jpg 768w, https:\/\/diarioellabrador.cl\/wp-content\/uploads\/2025\/04\/Autoridades-de-la-Region-Metropolitana-realizan-llamado-al-consumo-responsable-de-productos-del-mar-en-Semana-Santa-800x533.jpg 800w, https:\/\/diarioellabrador.cl\/wp-content\/uploads\/2025\/04\/Autoridades-de-la-Region-Metropolitana-realizan-llamado-al-consumo-responsable-de-productos-del-mar-en-Semana-Santa-600x400.jpg 600w, https:\/\/diarioellabrador.cl\/wp-content\/uploads\/2025\/04\/Autoridades-de-la-Region-Metropolitana-realizan-llamado-al-consumo-responsable-de-productos-del-mar-en-Semana-Santa-400x267.jpg 400w, https:\/\/diarioellabrador.cl\/wp-content\/uploads\/2025\/04\/Autoridades-de-la-Region-Metropolitana-realizan-llamado-al-consumo-responsable-de-productos-del-mar-en-Semana-Santa.jpg 1500w\" sizes=\"auto, (max-width: 1024px) 100vw, 1024px\" \/><\/figure>\n\n\n\n<p>Advirtiendo adem\u00e1s sobre el riesgo sanitario asociado al consumo de productos provenientes de la pesca ilegal, especialmente aquellos extra\u00eddos de \u00e1reas cerradas debido a la presencia de toxinas de marea roja. Por ello, recalcan la importancia de verificar la legalidad del origen de los mariscos y pescados para proteger la salud de las personas y promover el consumo seguro.<\/p>\n\n\n\n<p>Por otra parte, el Seremi de Econom\u00eda Fomento y Turismo de la Regi\u00f3n Metropolitana Cristi\u00e1n Rodr\u00edguez a\u00f1adi\u00f3: <em>\u201creiteramos el llamado a los consumidores de nuestra regi\u00f3n a realizar un consumo seguro, informado y responsable de pescados y mariscos durante esta Semana Santa, prefiriendo siempre el comercio establecido y verificando el origen de los productos. De esta manera estaremos apoyando a los miles de pescadores que trabajan esforzadamente para dar cumplimiento a la normativa legal vigente y tambi\u00e9n estaremos cuidando a nuestras familias de posibles enfermedades por productos en mal estado\u201d.<\/em><em><br><\/em><\/p>\n\n\n\n<p>Las autoridades recalcaron su compromiso con la pesca y el comercio legal de esta, instando a los consumidores de la Regi\u00f3n Metropolitana a ser parte de esta labor a trav\u00e9s de un consumo seguro, informado y responsable durante esta Semana Santa con la finalidad de evitar enfermedades y cumplir con las normativas.<\/p>\n","protected":false},"excerpt":{"rendered":"<p>En el marco de la Semana Santa, periodo en que se concentra hasta el 25% del consumo anual de productos del mar, la Direcci\u00f3n Regional del Servicio Nacional de Pesca y Acuicultura (SERNAPESCA) y la Secretar\u00eda Regional Ministerial (SEREMI) de Econom\u00eda, Fomento y Turismo de la Regi\u00f3n Metropolitana refuerzan la importancia de la pesca legal<\/p>\n<div class=\"read-more-wrapper\"><a class=\"read-more\" href=\"https:\/\/diarioellabrador.cl\/index.php\/2025\/04\/14\/autoridades-de-la-region-metropolitana-realizan-llamado-al-consumo-responsable-de-productos-del-mar-en-semana-santa\/\" title=\"Leer m\u00e1s\"> <span class=\"button \">Leer m\u00e1s<\/span><\/a><\/div>\n","protected":false},"author":2,"featured_media":1741,"comment_status":"open","ping_status":"open","sticky":false,"template":"","format":"standard","meta":{"footnotes":""},"categories":[1],"tags":[],"class_list":["post-1797","post","type-post","status-publish","format-standard","has-post-thumbnail","hentry","category-cronica"],"yoast_head":"<!-- This site is optimized with the Yoast SEO plugin v27.5 - https:\/\/yoast.com\/product\/yoast-seo-wordpress\/ -->\n<title>Autoridades de la Regi\u00f3n Metropolitana realizan llamado al consumo responsable de productos del mar en Semana Santa - Diario El Labrador<\/title>\n<meta name=\"robots\" content=\"index, follow, max-snippet:-1, max-image-preview:large, max-video-preview:-1\" \/>\n<link rel=\"canonical\" href=\"https:\/\/diarioellabrador.cl\/index.php\/2025\/04\/14\/autoridades-de-la-region-metropolitana-realizan-llamado-al-consumo-responsable-de-productos-del-mar-en-semana-santa\/\" \/>\n<meta property=\"og:locale\" content=\"es_ES\" \/>\n<meta property=\"og:type\" content=\"article\" \/>\n<meta property=\"og:title\" content=\"Autoridades de la Regi\u00f3n Metropolitana realizan llamado al consumo responsable de productos del mar en Semana Santa - Diario El Labrador\" \/>\n<meta property=\"og:description\" content=\"En el marco de la Semana Santa, periodo en que se concentra hasta el 25% del consumo anual de productos del mar, la Direcci\u00f3n Regional del Servicio Nacional de Pesca y Acuicultura (SERNAPESCA) y la Secretar\u00eda Regional Ministerial (SEREMI) de Econom\u00eda, Fomento y Turismo de la Regi\u00f3n Metropolitana refuerzan la importancia de la pesca legal Leer m\u00e1s\" \/>\n<meta property=\"og:url\" content=\"https:\/\/diarioellabrador.cl\/index.php\/2025\/04\/14\/autoridades-de-la-region-metropolitana-realizan-llamado-al-consumo-responsable-de-productos-del-mar-en-semana-santa\/\" \/>\n<meta property=\"og:site_name\" content=\"Diario El Labrador\" \/>\n<meta property=\"article:publisher\" content=\"https:\/\/web.facebook.com\/profile.php?id=61576120840621\" \/>\n<meta property=\"article:published_time\" content=\"2025-04-14T23:20:48+00:00\" \/>\n<meta property=\"og:image\" content=\"https:\/\/diarioellabrador.cl\/wp-content\/uploads\/2025\/04\/Autoridades-de-la-Region-Metropolitana-realizan-llamado-al-consumo-responsable-de-productos-del-mar-en-Semana-Santa.jpeg\" \/>\n\t<meta property=\"og:image:width\" content=\"1599\" \/>\n\t<meta property=\"og:image:height\" content=\"994\" \/>\n\t<meta property=\"og:image:type\" content=\"image\/jpeg\" \/>\n<meta name=\"author\" content=\"Editor\" \/>\n<meta name=\"twitter:card\" content=\"summary_large_image\" \/>\n<meta name=\"twitter:creator\" content=\"@ElLabradorOf\" \/>\n<meta name=\"twitter:site\" content=\"@ElLabradorOf\" \/>\n<meta name=\"twitter:label1\" content=\"Escrito por\" \/>\n\t<meta name=\"twitter:data1\" content=\"Editor\" \/>\n\t<meta name=\"twitter:label2\" content=\"Tiempo de lectura\" \/>\n\t<meta name=\"twitter:data2\" content=\"2 minutos\" \/>\n<script type=\"application\/ld+json\" class=\"yoast-schema-graph\">{\"@context\":\"https:\\\/\\\/schema.org\",\"@graph\":[{\"@type\":\"Article\",\"@id\":\"https:\\\/\\\/diarioellabrador.cl\\\/index.php\\\/2025\\\/04\\\/14\\\/autoridades-de-la-region-metropolitana-realizan-llamado-al-consumo-responsable-de-productos-del-mar-en-semana-santa\\\/#article\",\"isPartOf\":{\"@id\":\"https:\\\/\\\/diarioellabrador.cl\\\/index.php\\\/2025\\\/04\\\/14\\\/autoridades-de-la-region-metropolitana-realizan-llamado-al-consumo-responsable-de-productos-del-mar-en-semana-santa\\\/\"},\"author\":{\"name\":\"Editor\",\"@id\":\"https:\\\/\\\/diarioellabrador.cl\\\/#\\\/schema\\\/person\\\/bc25ff80b4563f9c7f4bd7855df01685\"},\"headline\":\"Autoridades de la Regi\u00f3n Metropolitana realizan llamado al consumo responsable de productos del mar en Semana Santa\",\"datePublished\":\"2025-04-14T23:20:48+00:00\",\"mainEntityOfPage\":{\"@id\":\"https:\\\/\\\/diarioellabrador.cl\\\/index.php\\\/2025\\\/04\\\/14\\\/autoridades-de-la-region-metropolitana-realizan-llamado-al-consumo-responsable-de-productos-del-mar-en-semana-santa\\\/\"},\"wordCount\":431,\"commentCount\":0,\"publisher\":{\"@id\":\"https:\\\/\\\/diarioellabrador.cl\\\/#organization\"},\"image\":{\"@id\":\"https:\\\/\\\/diarioellabrador.cl\\\/index.php\\\/2025\\\/04\\\/14\\\/autoridades-de-la-region-metropolitana-realizan-llamado-al-consumo-responsable-de-productos-del-mar-en-semana-santa\\\/#primaryimage\"},\"thumbnailUrl\":\"https:\\\/\\\/diarioellabrador.cl\\\/wp-content\\\/uploads\\\/2025\\\/04\\\/Autoridades-de-la-Region-Metropolitana-realizan-llamado-al-consumo-responsable-de-productos-del-mar-en-Semana-Santa.jpeg\",\"articleSection\":[\"Cr\u00f3nica\"],\"inLanguage\":\"es\",\"potentialAction\":[{\"@type\":\"CommentAction\",\"name\":\"Comment\",\"target\":[\"https:\\\/\\\/diarioellabrador.cl\\\/index.php\\\/2025\\\/04\\\/14\\\/autoridades-de-la-region-metropolitana-realizan-llamado-al-consumo-responsable-de-productos-del-mar-en-semana-santa\\\/#respond\"]}]},{\"@type\":\"WebPage\",\"@id\":\"https:\\\/\\\/diarioellabrador.cl\\\/index.php\\\/2025\\\/04\\\/14\\\/autoridades-de-la-region-metropolitana-realizan-llamado-al-consumo-responsable-de-productos-del-mar-en-semana-santa\\\/\",\"url\":\"https:\\\/\\\/diarioellabrador.cl\\\/index.php\\\/2025\\\/04\\\/14\\\/autoridades-de-la-region-metropolitana-realizan-llamado-al-consumo-responsable-de-productos-del-mar-en-semana-santa\\\/\",\"name\":\"Autoridades de la Regi\u00f3n Metropolitana realizan llamado al consumo responsable de productos del mar en Semana Santa - Diario El Labrador\",\"isPartOf\":{\"@id\":\"https:\\\/\\\/diarioellabrador.cl\\\/#website\"},\"primaryImageOfPage\":{\"@id\":\"https:\\\/\\\/diarioellabrador.cl\\\/index.php\\\/2025\\\/04\\\/14\\\/autoridades-de-la-region-metropolitana-realizan-llamado-al-consumo-responsable-de-productos-del-mar-en-semana-santa\\\/#primaryimage\"},\"image\":{\"@id\":\"https:\\\/\\\/diarioellabrador.cl\\\/index.php\\\/2025\\\/04\\\/14\\\/autoridades-de-la-region-metropolitana-realizan-llamado-al-consumo-responsable-de-productos-del-mar-en-semana-santa\\\/#primaryimage\"},\"thumbnailUrl\":\"https:\\\/\\\/diarioellabrador.cl\\\/wp-content\\\/uploads\\\/2025\\\/04\\\/Autoridades-de-la-Region-Metropolitana-realizan-llamado-al-consumo-responsable-de-productos-del-mar-en-Semana-Santa.jpeg\",\"datePublished\":\"2025-04-14T23:20:48+00:00\",\"breadcrumb\":{\"@id\":\"https:\\\/\\\/diarioellabrador.cl\\\/index.php\\\/2025\\\/04\\\/14\\\/autoridades-de-la-region-metropolitana-realizan-llamado-al-consumo-responsable-de-productos-del-mar-en-semana-santa\\\/#breadcrumb\"},\"inLanguage\":\"es\",\"potentialAction\":[{\"@type\":\"ReadAction\",\"target\":[\"https:\\\/\\\/diarioellabrador.cl\\\/index.php\\\/2025\\\/04\\\/14\\\/autoridades-de-la-region-metropolitana-realizan-llamado-al-consumo-responsable-de-productos-del-mar-en-semana-santa\\\/\"]}]},{\"@type\":\"ImageObject\",\"inLanguage\":\"es\",\"@id\":\"https:\\\/\\\/diarioellabrador.cl\\\/index.php\\\/2025\\\/04\\\/14\\\/autoridades-de-la-region-metropolitana-realizan-llamado-al-consumo-responsable-de-productos-del-mar-en-semana-santa\\\/#primaryimage\",\"url\":\"https:\\\/\\\/diarioellabrador.cl\\\/wp-content\\\/uploads\\\/2025\\\/04\\\/Autoridades-de-la-Region-Metropolitana-realizan-llamado-al-consumo-responsable-de-productos-del-mar-en-Semana-Santa.jpeg\",\"contentUrl\":\"https:\\\/\\\/diarioellabrador.cl\\\/wp-content\\\/uploads\\\/2025\\\/04\\\/Autoridades-de-la-Region-Metropolitana-realizan-llamado-al-consumo-responsable-de-productos-del-mar-en-Semana-Santa.jpeg\",\"width\":1599,\"height\":994},{\"@type\":\"BreadcrumbList\",\"@id\":\"https:\\\/\\\/diarioellabrador.cl\\\/index.php\\\/2025\\\/04\\\/14\\\/autoridades-de-la-region-metropolitana-realizan-llamado-al-consumo-responsable-de-productos-del-mar-en-semana-santa\\\/#breadcrumb\",\"itemListElement\":[{\"@type\":\"ListItem\",\"position\":1,\"name\":\"Portada\",\"item\":\"https:\\\/\\\/diarioellabrador.cl\\\/\"},{\"@type\":\"ListItem\",\"position\":2,\"name\":\"Autoridades de la Regi\u00f3n Metropolitana realizan llamado al consumo responsable de productos del mar en Semana Santa\"}]},{\"@type\":\"WebSite\",\"@id\":\"https:\\\/\\\/diarioellabrador.cl\\\/#website\",\"url\":\"https:\\\/\\\/diarioellabrador.cl\\\/\",\"name\":\"Diario El Labrador\",\"description\":\"Haciendo noticia desde 1921\",\"publisher\":{\"@id\":\"https:\\\/\\\/diarioellabrador.cl\\\/#organization\"},\"potentialAction\":[{\"@type\":\"SearchAction\",\"target\":{\"@type\":\"EntryPoint\",\"urlTemplate\":\"https:\\\/\\\/diarioellabrador.cl\\\/?s={search_term_string}\"},\"query-input\":{\"@type\":\"PropertyValueSpecification\",\"valueRequired\":true,\"valueName\":\"search_term_string\"}}],\"inLanguage\":\"es\"},{\"@type\":\"Organization\",\"@id\":\"https:\\\/\\\/diarioellabrador.cl\\\/#organization\",\"name\":\"Diario El Labrador\",\"url\":\"https:\\\/\\\/diarioellabrador.cl\\\/\",\"logo\":{\"@type\":\"ImageObject\",\"inLanguage\":\"es\",\"@id\":\"https:\\\/\\\/diarioellabrador.cl\\\/#\\\/schema\\\/logo\\\/image\\\/\",\"url\":\"https:\\\/\\\/diarioellabrador.cl\\\/wp-content\\\/uploads\\\/2025\\\/02\\\/cropped-Logo-Icono.png\",\"contentUrl\":\"https:\\\/\\\/diarioellabrador.cl\\\/wp-content\\\/uploads\\\/2025\\\/02\\\/cropped-Logo-Icono.png\",\"width\":512,\"height\":512,\"caption\":\"Diario El Labrador\"},\"image\":{\"@id\":\"https:\\\/\\\/diarioellabrador.cl\\\/#\\\/schema\\\/logo\\\/image\\\/\"},\"sameAs\":[\"https:\\\/\\\/web.facebook.com\\\/profile.php?id=61576120840621\",\"https:\\\/\\\/x.com\\\/ElLabradorOf\",\"https:\\\/\\\/www.instagram.com\\\/diarioellabradoroficial\\\/\"]},{\"@type\":\"Person\",\"@id\":\"https:\\\/\\\/diarioellabrador.cl\\\/#\\\/schema\\\/person\\\/bc25ff80b4563f9c7f4bd7855df01685\",\"name\":\"Editor\",\"image\":{\"@type\":\"ImageObject\",\"inLanguage\":\"es\",\"@id\":\"https:\\\/\\\/secure.gravatar.com\\\/avatar\\\/109c326cf2be5c04f048c2c2a2b8b6ef44bf3d8d1d3d4c55d0ac40c4bc994684?s=96&d=mm&r=g\",\"url\":\"https:\\\/\\\/secure.gravatar.com\\\/avatar\\\/109c326cf2be5c04f048c2c2a2b8b6ef44bf3d8d1d3d4c55d0ac40c4bc994684?s=96&d=mm&r=g\",\"contentUrl\":\"https:\\\/\\\/secure.gravatar.com\\\/avatar\\\/109c326cf2be5c04f048c2c2a2b8b6ef44bf3d8d1d3d4c55d0ac40c4bc994684?s=96&d=mm&r=g\",\"caption\":\"Editor\"},\"url\":\"https:\\\/\\\/diarioellabrador.cl\\\/index.php\\\/author\\\/editor\\\/\"}]}<\/script>\n<!-- \/ Yoast SEO plugin. -->","yoast_head_json":{"title":"Autoridades de la Regi\u00f3n Metropolitana realizan llamado al consumo responsable de productos del mar en Semana Santa - Diario El Labrador","robots":{"index":"index","follow":"follow","max-snippet":"max-snippet:-1","max-image-preview":"max-image-preview:large","max-video-preview":"max-video-preview:-1"},"canonical":"https:\/\/diarioellabrador.cl\/index.php\/2025\/04\/14\/autoridades-de-la-region-metropolitana-realizan-llamado-al-consumo-responsable-de-productos-del-mar-en-semana-santa\/","og_locale":"es_ES","og_type":"article","og_title":"Autoridades de la Regi\u00f3n Metropolitana realizan llamado al consumo responsable de productos del mar en Semana Santa - Diario El Labrador","og_description":"En el marco de la Semana Santa, periodo en que se concentra hasta el 25% del consumo anual de productos del mar, la Direcci\u00f3n Regional del Servicio Nacional de Pesca y Acuicultura (SERNAPESCA) y la Secretar\u00eda Regional Ministerial (SEREMI) de Econom\u00eda, Fomento y Turismo de la Regi\u00f3n Metropolitana refuerzan la importancia de la pesca legal Leer m\u00e1s","og_url":"https:\/\/diarioellabrador.cl\/index.php\/2025\/04\/14\/autoridades-de-la-region-metropolitana-realizan-llamado-al-consumo-responsable-de-productos-del-mar-en-semana-santa\/","og_site_name":"Diario El Labrador","article_publisher":"https:\/\/web.facebook.com\/profile.php?id=61576120840621","article_published_time":"2025-04-14T23:20:48+00:00","og_image":[{"width":1599,"height":994,"url":"https:\/\/diarioellabrador.cl\/wp-content\/uploads\/2025\/04\/Autoridades-de-la-Region-Metropolitana-realizan-llamado-al-consumo-responsable-de-productos-del-mar-en-Semana-Santa.jpeg","type":"image\/jpeg"}],"author":"Editor","twitter_card":"summary_large_image","twitter_creator":"@ElLabradorOf","twitter_site":"@ElLabradorOf","twitter_misc":{"Escrito por":"Editor","Tiempo de lectura":"2 minutos"},"schema":{"@context":"https:\/\/schema.org","@graph":[{"@type":"Article","@id":"https:\/\/diarioellabrador.cl\/index.php\/2025\/04\/14\/autoridades-de-la-region-metropolitana-realizan-llamado-al-consumo-responsable-de-productos-del-mar-en-semana-santa\/#article","isPartOf":{"@id":"https:\/\/diarioellabrador.cl\/index.php\/2025\/04\/14\/autoridades-de-la-region-metropolitana-realizan-llamado-al-consumo-responsable-de-productos-del-mar-en-semana-santa\/"},"author":{"name":"Editor","@id":"https:\/\/diarioellabrador.cl\/#\/schema\/person\/bc25ff80b4563f9c7f4bd7855df01685"},"headline":"Autoridades de la Regi\u00f3n Metropolitana realizan llamado al consumo responsable de productos del mar en Semana Santa","datePublished":"2025-04-14T23:20:48+00:00","mainEntityOfPage":{"@id":"https:\/\/diarioellabrador.cl\/index.php\/2025\/04\/14\/autoridades-de-la-region-metropolitana-realizan-llamado-al-consumo-responsable-de-productos-del-mar-en-semana-santa\/"},"wordCount":431,"commentCount":0,"publisher":{"@id":"https:\/\/diarioellabrador.cl\/#organization"},"image":{"@id":"https:\/\/diarioellabrador.cl\/index.php\/2025\/04\/14\/autoridades-de-la-region-metropolitana-realizan-llamado-al-consumo-responsable-de-productos-del-mar-en-semana-santa\/#primaryimage"},"thumbnailUrl":"https:\/\/diarioellabrador.cl\/wp-content\/uploads\/2025\/04\/Autoridades-de-la-Region-Metropolitana-realizan-llamado-al-consumo-responsable-de-productos-del-mar-en-Semana-Santa.jpeg","articleSection":["Cr\u00f3nica"],"inLanguage":"es","potentialAction":[{"@type":"CommentAction","name":"Comment","target":["https:\/\/diarioellabrador.cl\/index.php\/2025\/04\/14\/autoridades-de-la-region-metropolitana-realizan-llamado-al-consumo-responsable-de-productos-del-mar-en-semana-santa\/#respond"]}]},{"@type":"WebPage","@id":"https:\/\/diarioellabrador.cl\/index.php\/2025\/04\/14\/autoridades-de-la-region-metropolitana-realizan-llamado-al-consumo-responsable-de-productos-del-mar-en-semana-santa\/","url":"https:\/\/diarioellabrador.cl\/index.php\/2025\/04\/14\/autoridades-de-la-region-metropolitana-realizan-llamado-al-consumo-responsable-de-productos-del-mar-en-semana-santa\/","name":"Autoridades de la Regi\u00f3n Metropolitana realizan llamado al consumo responsable de productos del mar en Semana Santa - Diario El Labrador","isPartOf":{"@id":"https:\/\/diarioellabrador.cl\/#website"},"primaryImageOfPage":{"@id":"https:\/\/diarioellabrador.cl\/index.php\/2025\/04\/14\/autoridades-de-la-region-metropolitana-realizan-llamado-al-consumo-responsable-de-productos-del-mar-en-semana-santa\/#primaryimage"},"image":{"@id":"https:\/\/diarioellabrador.cl\/index.php\/2025\/04\/14\/autoridades-de-la-region-metropolitana-realizan-llamado-al-consumo-responsable-de-productos-del-mar-en-semana-santa\/#primaryimage"},"thumbnailUrl":"https:\/\/diarioellabrador.cl\/wp-content\/uploads\/2025\/04\/Autoridades-de-la-Region-Metropolitana-realizan-llamado-al-consumo-responsable-de-productos-del-mar-en-Semana-Santa.jpeg","datePublished":"2025-04-14T23:20:48+00:00","breadcrumb":{"@id":"https:\/\/diarioellabrador.cl\/index.php\/2025\/04\/14\/autoridades-de-la-region-metropolitana-realizan-llamado-al-consumo-responsable-de-productos-del-mar-en-semana-santa\/#breadcrumb"},"inLanguage":"es","potentialAction":[{"@type":"ReadAction","target":["https:\/\/diarioellabrador.cl\/index.php\/2025\/04\/14\/autoridades-de-la-region-metropolitana-realizan-llamado-al-consumo-responsable-de-productos-del-mar-en-semana-santa\/"]}]},{"@type":"ImageObject","inLanguage":"es","@id":"https:\/\/diarioellabrador.cl\/index.php\/2025\/04\/14\/autoridades-de-la-region-metropolitana-realizan-llamado-al-consumo-responsable-de-productos-del-mar-en-semana-santa\/#primaryimage","url":"https:\/\/diarioellabrador.cl\/wp-content\/uploads\/2025\/04\/Autoridades-de-la-Region-Metropolitana-realizan-llamado-al-consumo-responsable-de-productos-del-mar-en-Semana-Santa.jpeg","contentUrl":"https:\/\/diarioellabrador.cl\/wp-content\/uploads\/2025\/04\/Autoridades-de-la-Region-Metropolitana-realizan-llamado-al-consumo-responsable-de-productos-del-mar-en-Semana-Santa.jpeg","width":1599,"height":994},{"@type":"BreadcrumbList","@id":"https:\/\/diarioellabrador.cl\/index.php\/2025\/04\/14\/autoridades-de-la-region-metropolitana-realizan-llamado-al-consumo-responsable-de-productos-del-mar-en-semana-santa\/#breadcrumb","itemListElement":[{"@type":"ListItem","position":1,"name":"Portada","item":"https:\/\/diarioellabrador.cl\/"},{"@type":"ListItem","position":2,"name":"Autoridades de la Regi\u00f3n Metropolitana realizan llamado al consumo responsable de productos del mar en Semana Santa"}]},{"@type":"WebSite","@id":"https:\/\/diarioellabrador.cl\/#website","url":"https:\/\/diarioellabrador.cl\/","name":"Diario El Labrador","description":"Haciendo noticia desde 1921","publisher":{"@id":"https:\/\/diarioellabrador.cl\/#organization"},"potentialAction":[{"@type":"SearchAction","target":{"@type":"EntryPoint","urlTemplate":"https:\/\/diarioellabrador.cl\/?s={search_term_string}"},"query-input":{"@type":"PropertyValueSpecification","valueRequired":true,"valueName":"search_term_string"}}],"inLanguage":"es"},{"@type":"Organization","@id":"https:\/\/diarioellabrador.cl\/#organization","name":"Diario El Labrador","url":"https:\/\/diarioellabrador.cl\/","logo":{"@type":"ImageObject","inLanguage":"es","@id":"https:\/\/diarioellabrador.cl\/#\/schema\/logo\/image\/","url":"https:\/\/diarioellabrador.cl\/wp-content\/uploads\/2025\/02\/cropped-Logo-Icono.png","contentUrl":"https:\/\/diarioellabrador.cl\/wp-content\/uploads\/2025\/02\/cropped-Logo-Icono.png","width":512,"height":512,"caption":"Diario El Labrador"},"image":{"@id":"https:\/\/diarioellabrador.cl\/#\/schema\/logo\/image\/"},"sameAs":["https:\/\/web.facebook.com\/profile.php?id=61576120840621","https:\/\/x.com\/ElLabradorOf","https:\/\/www.instagram.com\/diarioellabradoroficial\/"]},{"@type":"Person","@id":"https:\/\/diarioellabrador.cl\/#\/schema\/person\/bc25ff80b4563f9c7f4bd7855df01685","name":"Editor","image":{"@type":"ImageObject","inLanguage":"es","@id":"https:\/\/secure.gravatar.com\/avatar\/109c326cf2be5c04f048c2c2a2b8b6ef44bf3d8d1d3d4c55d0ac40c4bc994684?s=96&d=mm&r=g","url":"https:\/\/secure.gravatar.com\/avatar\/109c326cf2be5c04f048c2c2a2b8b6ef44bf3d8d1d3d4c55d0ac40c4bc994684?s=96&d=mm&r=g","contentUrl":"https:\/\/secure.gravatar.com\/avatar\/109c326cf2be5c04f048c2c2a2b8b6ef44bf3d8d1d3d4c55d0ac40c4bc994684?s=96&d=mm&r=g","caption":"Editor"},"url":"https:\/\/diarioellabrador.cl\/index.php\/author\/editor\/"}]}},"_links":{"self":[{"href":"https:\/\/diarioellabrador.cl\/index.php\/wp-json\/wp\/v2\/posts\/1797","targetHints":{"allow":["GET"]}}],"collection":[{"href":"https:\/\/diarioellabrador.cl\/index.php\/wp-json\/wp\/v2\/posts"}],"about":[{"href":"https:\/\/diarioellabrador.cl\/index.php\/wp-json\/wp\/v2\/types\/post"}],"author":[{"embeddable":true,"href":"https:\/\/diarioellabrador.cl\/index.php\/wp-json\/wp\/v2\/users\/2"}],"replies":[{"embeddable":true,"href":"https:\/\/diarioellabrador.cl\/index.php\/wp-json\/wp\/v2\/comments?post=1797"}],"version-history":[{"count":1,"href":"https:\/\/diarioellabrador.cl\/index.php\/wp-json\/wp\/v2\/posts\/1797\/revisions"}],"predecessor-version":[{"id":1798,"href":"https:\/\/diarioellabrador.cl\/index.php\/wp-json\/wp\/v2\/posts\/1797\/revisions\/1798"}],"wp:featuredmedia":[{"embeddable":true,"href":"https:\/\/diarioellabrador.cl\/index.php\/wp-json\/wp\/v2\/media\/1741"}],"wp:attachment":[{"href":"https:\/\/diarioellabrador.cl\/index.php\/wp-json\/wp\/v2\/media?parent=1797"}],"wp:term":[{"taxonomy":"category","embeddable":true,"href":"https:\/\/diarioellabrador.cl\/index.php\/wp-json\/wp\/v2\/categories?post=1797"},{"taxonomy":"post_tag","embeddable":true,"href":"https:\/\/diarioellabrador.cl\/index.php\/wp-json\/wp\/v2\/tags?post=1797"}],"curies":[{"name":"wp","href":"https:\/\/api.w.org\/{rel}","templated":true}]}}