{"id":1791,"date":"2025-04-14T19:19:08","date_gmt":"2025-04-14T23:19:08","guid":{"rendered":"https:\/\/diarioellabrador.cl\/?p=1791"},"modified":"2025-04-14T19:19:09","modified_gmt":"2025-04-14T23:19:09","slug":"delegado-bastian-alarcon-informa-apertura-de-postulaciones-al-fondo-nacional-del-adulto-mayor-2025","status":"publish","type":"post","link":"https:\/\/diarioellabrador.cl\/index.php\/2025\/04\/14\/delegado-bastian-alarcon-informa-apertura-de-postulaciones-al-fondo-nacional-del-adulto-mayor-2025\/","title":{"rendered":"Delegado Basti\u00e1n Alarc\u00f3n informa apertura de postulaciones al Fondo Nacional del Adulto Mayor 2025"},"content":{"rendered":"\n<ul class=\"wp-block-list\">\n<li><strong>El cierre de postulaciones ser\u00e1 el 9 de mayo, hasta las 12:00 horas, bases que se pueden encontrar en <\/strong><a href=\"http:\/\/www.senama.gob.cl\"><strong>www.senama.gob.cl<\/strong><\/a><strong>.<\/strong><\/li>\n<\/ul>\n\n\n\n<p>La postulaci\u00f3n a la versi\u00f3n 2025 del Fondo Nacional del Adulto Mayor \u00abHern\u00e1n Zapata Far\u00edas\u00bb, componente Proyectos Autogestionados para Organizaciones de Personas Mayores ya se encuentra abierto. As\u00ed lo inform\u00f3 el delegado presidencial provincial de Melipilla, Basti\u00e1n Alarc\u00f3n. &nbsp;<\/p>\n\n\n\n<p>La autoridad precis\u00f3 que la iniciativa es financiada gracias a recursos del Servicio Nacional del Adulto Mayor (SENAMA), dirigida a organizaciones de personas mayores de todo el pa\u00eds, la cual busca fomentar la autonom\u00eda, el emprendimiento, la participaci\u00f3n equitativa, y la creaci\u00f3n de espacios de encuentro, opini\u00f3n y toma de decisiones. En este aspecto, agreg\u00f3 que los proyectos deber\u00e1n estar enfocados en tem\u00e1ticas relacionadas a la vida saludable, fortalecimiento institucional; habilitaci\u00f3n y\/o equipamiento, actividades que transforman vidas, inclusi\u00f3n digital y recreaci\u00f3n.<\/p>\n\n\n\n<p>\u201cComo Delegaci\u00f3n Presidencial Provincial de Melipilla invitamos a las organizaciones de personas mayores a informarse y ser parte del proceso de postulaci\u00f3n al Fondo SENAMA 2025, recursos que &nbsp;sabemos son muy esperados por las organizaciones ya que les permite llevar a cabo sus proyectos e iniciativas. Este fondo tiene como prop\u00f3sito avanzar en un envejecimiento digno, activo y saludable a trav\u00e9s de tres ejes estrat\u00e9gicos planteados por nuestro presidente Gabriel Boric: cuidados, participaci\u00f3n y buen trato. En este sentido, el Fondo Nacional del Adulto Mayor forma parte del eje de participaci\u00f3n, ya que promueve la asociatividad y autogesti\u00f3n de las personas mayores, entregando recursos para el desarrollo de sus proyectos\u201d.<\/p>\n\n\n\n<p>Destacar que pueden acceder al fondo todas aquellas organizaciones de personas mayores legalmente constituidas como clubes de personas mayores (organizaciones comunitarias funcionales seg\u00fan Ley N\u00b019.418); uniones comunales de adultos mayores; federaciones provinciales, regionales o nacionales de uniones comunales (sujetas a la Ley N\u00b020.500); confederaciones de federaciones de adultos mayores; adem\u00e1s de otras asociaciones o fundaciones de personas mayores conformadas bajo la Ley N\u00b020.500.<\/p>\n\n\n\n<p>La autoridad provincial precis\u00f3 que las postulaciones estar\u00e1n abiertas hasta el viernes 9 de mayo de 2025 a las 12:00 horas (mediod\u00eda). Asimismo, se podr\u00e1 realizar de forma presencial en las Coordinaciones Regionales de SENAMA o en las Delegaciones Presidenciales Provinciales, y tambi\u00e9n online a trav\u00e9s del sitio web oficial: <a href=\"http:\/\/www.senama.gob.cl\">www.senama.gob.cl<\/a><\/p>\n\n\n\n<p>Finalmente, el delegado Alarc\u00f3n expuso que desde Delegaci\u00f3n Presidencial Provincial de Melipilla se informar\u00e1 pr\u00f3ximas capacitaciones para organizaciones de personas mayores en cada una de las comunas de la provincia, con el objetivo de entregar orientaci\u00f3n y resolver dudas sobre el proceso de postulaci\u00f3n, haciendo un llamado a estar atentos a la informaci\u00f3n de fechas y lugares, que ser\u00e1 comunicada oportunamente a trav\u00e9s de los municipios y redes sociales de DPPMelipilla.<\/p>\n","protected":false},"excerpt":{"rendered":"<p>La postulaci\u00f3n a la versi\u00f3n 2025 del Fondo Nacional del Adulto Mayor \u00abHern\u00e1n Zapata Far\u00edas\u00bb, componente Proyectos Autogestionados para Organizaciones de Personas Mayores ya se encuentra abierto. As\u00ed lo inform\u00f3 el delegado presidencial provincial de Melipilla, Basti\u00e1n Alarc\u00f3n. &nbsp; La autoridad precis\u00f3 que la iniciativa es financiada gracias a recursos del Servicio Nacional del Adulto<\/p>\n<div class=\"read-more-wrapper\"><a class=\"read-more\" href=\"https:\/\/diarioellabrador.cl\/index.php\/2025\/04\/14\/delegado-bastian-alarcon-informa-apertura-de-postulaciones-al-fondo-nacional-del-adulto-mayor-2025\/\" title=\"Leer m\u00e1s\"> <span class=\"button \">Leer m\u00e1s<\/span><\/a><\/div>\n","protected":false},"author":2,"featured_media":1739,"comment_status":"open","ping_status":"open","sticky":false,"template":"","format":"standard","meta":{"footnotes":""},"categories":[1],"tags":[],"class_list":["post-1791","post","type-post","status-publish","format-standard","has-post-thumbnail","hentry","category-cronica"],"yoast_head":"<!-- This site is optimized with the Yoast SEO plugin v27.5 - https:\/\/yoast.com\/product\/yoast-seo-wordpress\/ -->\n<title>Delegado Basti\u00e1n Alarc\u00f3n informa apertura de postulaciones al Fondo Nacional del Adulto Mayor 2025 - Diario El Labrador<\/title>\n<meta name=\"robots\" content=\"index, follow, max-snippet:-1, max-image-preview:large, max-video-preview:-1\" \/>\n<link rel=\"canonical\" href=\"https:\/\/diarioellabrador.cl\/index.php\/2025\/04\/14\/delegado-bastian-alarcon-informa-apertura-de-postulaciones-al-fondo-nacional-del-adulto-mayor-2025\/\" \/>\n<meta property=\"og:locale\" content=\"es_ES\" \/>\n<meta property=\"og:type\" content=\"article\" \/>\n<meta property=\"og:title\" content=\"Delegado Basti\u00e1n Alarc\u00f3n informa apertura de postulaciones al Fondo Nacional del Adulto Mayor 2025 - Diario El Labrador\" \/>\n<meta property=\"og:description\" content=\"La postulaci\u00f3n a la versi\u00f3n 2025 del Fondo Nacional del Adulto Mayor \u00abHern\u00e1n Zapata Far\u00edas\u00bb, componente Proyectos Autogestionados para Organizaciones de Personas Mayores ya se encuentra abierto. As\u00ed lo inform\u00f3 el delegado presidencial provincial de Melipilla, Basti\u00e1n Alarc\u00f3n. &nbsp; La autoridad precis\u00f3 que la iniciativa es financiada gracias a recursos del Servicio Nacional del Adulto Leer m\u00e1s\" \/>\n<meta property=\"og:url\" content=\"https:\/\/diarioellabrador.cl\/index.php\/2025\/04\/14\/delegado-bastian-alarcon-informa-apertura-de-postulaciones-al-fondo-nacional-del-adulto-mayor-2025\/\" \/>\n<meta property=\"og:site_name\" content=\"Diario El Labrador\" \/>\n<meta property=\"article:publisher\" content=\"https:\/\/web.facebook.com\/profile.php?id=61576120840621\" \/>\n<meta property=\"article:published_time\" content=\"2025-04-14T23:19:08+00:00\" \/>\n<meta property=\"article:modified_time\" content=\"2025-04-14T23:19:09+00:00\" \/>\n<meta property=\"og:image\" content=\"https:\/\/diarioellabrador.cl\/wp-content\/uploads\/2025\/04\/Fondo-SENAMA-14-04-2025.jpg\" \/>\n\t<meta property=\"og:image:width\" content=\"1080\" \/>\n\t<meta property=\"og:image:height\" content=\"1080\" \/>\n\t<meta property=\"og:image:type\" content=\"image\/jpeg\" \/>\n<meta name=\"author\" content=\"Editor\" \/>\n<meta name=\"twitter:card\" content=\"summary_large_image\" \/>\n<meta name=\"twitter:creator\" content=\"@ElLabradorOf\" \/>\n<meta name=\"twitter:site\" content=\"@ElLabradorOf\" \/>\n<meta name=\"twitter:label1\" content=\"Escrito por\" \/>\n\t<meta name=\"twitter:data1\" content=\"Editor\" \/>\n\t<meta name=\"twitter:label2\" content=\"Tiempo de lectura\" \/>\n\t<meta name=\"twitter:data2\" content=\"2 minutos\" \/>\n<script type=\"application\/ld+json\" class=\"yoast-schema-graph\">{\"@context\":\"https:\\\/\\\/schema.org\",\"@graph\":[{\"@type\":\"Article\",\"@id\":\"https:\\\/\\\/diarioellabrador.cl\\\/index.php\\\/2025\\\/04\\\/14\\\/delegado-bastian-alarcon-informa-apertura-de-postulaciones-al-fondo-nacional-del-adulto-mayor-2025\\\/#article\",\"isPartOf\":{\"@id\":\"https:\\\/\\\/diarioellabrador.cl\\\/index.php\\\/2025\\\/04\\\/14\\\/delegado-bastian-alarcon-informa-apertura-de-postulaciones-al-fondo-nacional-del-adulto-mayor-2025\\\/\"},\"author\":{\"name\":\"Editor\",\"@id\":\"https:\\\/\\\/diarioellabrador.cl\\\/#\\\/schema\\\/person\\\/bc25ff80b4563f9c7f4bd7855df01685\"},\"headline\":\"Delegado Basti\u00e1n Alarc\u00f3n informa apertura de postulaciones al Fondo Nacional del Adulto Mayor 2025\",\"datePublished\":\"2025-04-14T23:19:08+00:00\",\"dateModified\":\"2025-04-14T23:19:09+00:00\",\"mainEntityOfPage\":{\"@id\":\"https:\\\/\\\/diarioellabrador.cl\\\/index.php\\\/2025\\\/04\\\/14\\\/delegado-bastian-alarcon-informa-apertura-de-postulaciones-al-fondo-nacional-del-adulto-mayor-2025\\\/\"},\"wordCount\":488,\"commentCount\":0,\"publisher\":{\"@id\":\"https:\\\/\\\/diarioellabrador.cl\\\/#organization\"},\"image\":{\"@id\":\"https:\\\/\\\/diarioellabrador.cl\\\/index.php\\\/2025\\\/04\\\/14\\\/delegado-bastian-alarcon-informa-apertura-de-postulaciones-al-fondo-nacional-del-adulto-mayor-2025\\\/#primaryimage\"},\"thumbnailUrl\":\"https:\\\/\\\/diarioellabrador.cl\\\/wp-content\\\/uploads\\\/2025\\\/04\\\/Fondo-SENAMA-14-04-2025.jpg\",\"articleSection\":[\"Cr\u00f3nica\"],\"inLanguage\":\"es\",\"potentialAction\":[{\"@type\":\"CommentAction\",\"name\":\"Comment\",\"target\":[\"https:\\\/\\\/diarioellabrador.cl\\\/index.php\\\/2025\\\/04\\\/14\\\/delegado-bastian-alarcon-informa-apertura-de-postulaciones-al-fondo-nacional-del-adulto-mayor-2025\\\/#respond\"]}]},{\"@type\":\"WebPage\",\"@id\":\"https:\\\/\\\/diarioellabrador.cl\\\/index.php\\\/2025\\\/04\\\/14\\\/delegado-bastian-alarcon-informa-apertura-de-postulaciones-al-fondo-nacional-del-adulto-mayor-2025\\\/\",\"url\":\"https:\\\/\\\/diarioellabrador.cl\\\/index.php\\\/2025\\\/04\\\/14\\\/delegado-bastian-alarcon-informa-apertura-de-postulaciones-al-fondo-nacional-del-adulto-mayor-2025\\\/\",\"name\":\"Delegado Basti\u00e1n Alarc\u00f3n informa apertura de postulaciones al Fondo Nacional del Adulto Mayor 2025 - Diario El Labrador\",\"isPartOf\":{\"@id\":\"https:\\\/\\\/diarioellabrador.cl\\\/#website\"},\"primaryImageOfPage\":{\"@id\":\"https:\\\/\\\/diarioellabrador.cl\\\/index.php\\\/2025\\\/04\\\/14\\\/delegado-bastian-alarcon-informa-apertura-de-postulaciones-al-fondo-nacional-del-adulto-mayor-2025\\\/#primaryimage\"},\"image\":{\"@id\":\"https:\\\/\\\/diarioellabrador.cl\\\/index.php\\\/2025\\\/04\\\/14\\\/delegado-bastian-alarcon-informa-apertura-de-postulaciones-al-fondo-nacional-del-adulto-mayor-2025\\\/#primaryimage\"},\"thumbnailUrl\":\"https:\\\/\\\/diarioellabrador.cl\\\/wp-content\\\/uploads\\\/2025\\\/04\\\/Fondo-SENAMA-14-04-2025.jpg\",\"datePublished\":\"2025-04-14T23:19:08+00:00\",\"dateModified\":\"2025-04-14T23:19:09+00:00\",\"breadcrumb\":{\"@id\":\"https:\\\/\\\/diarioellabrador.cl\\\/index.php\\\/2025\\\/04\\\/14\\\/delegado-bastian-alarcon-informa-apertura-de-postulaciones-al-fondo-nacional-del-adulto-mayor-2025\\\/#breadcrumb\"},\"inLanguage\":\"es\",\"potentialAction\":[{\"@type\":\"ReadAction\",\"target\":[\"https:\\\/\\\/diarioellabrador.cl\\\/index.php\\\/2025\\\/04\\\/14\\\/delegado-bastian-alarcon-informa-apertura-de-postulaciones-al-fondo-nacional-del-adulto-mayor-2025\\\/\"]}]},{\"@type\":\"ImageObject\",\"inLanguage\":\"es\",\"@id\":\"https:\\\/\\\/diarioellabrador.cl\\\/index.php\\\/2025\\\/04\\\/14\\\/delegado-bastian-alarcon-informa-apertura-de-postulaciones-al-fondo-nacional-del-adulto-mayor-2025\\\/#primaryimage\",\"url\":\"https:\\\/\\\/diarioellabrador.cl\\\/wp-content\\\/uploads\\\/2025\\\/04\\\/Fondo-SENAMA-14-04-2025.jpg\",\"contentUrl\":\"https:\\\/\\\/diarioellabrador.cl\\\/wp-content\\\/uploads\\\/2025\\\/04\\\/Fondo-SENAMA-14-04-2025.jpg\",\"width\":1080,\"height\":1080},{\"@type\":\"BreadcrumbList\",\"@id\":\"https:\\\/\\\/diarioellabrador.cl\\\/index.php\\\/2025\\\/04\\\/14\\\/delegado-bastian-alarcon-informa-apertura-de-postulaciones-al-fondo-nacional-del-adulto-mayor-2025\\\/#breadcrumb\",\"itemListElement\":[{\"@type\":\"ListItem\",\"position\":1,\"name\":\"Portada\",\"item\":\"https:\\\/\\\/diarioellabrador.cl\\\/\"},{\"@type\":\"ListItem\",\"position\":2,\"name\":\"Delegado Basti\u00e1n Alarc\u00f3n informa apertura de postulaciones al Fondo Nacional del Adulto Mayor 2025\"}]},{\"@type\":\"WebSite\",\"@id\":\"https:\\\/\\\/diarioellabrador.cl\\\/#website\",\"url\":\"https:\\\/\\\/diarioellabrador.cl\\\/\",\"name\":\"Diario El Labrador\",\"description\":\"Haciendo noticia desde 1921\",\"publisher\":{\"@id\":\"https:\\\/\\\/diarioellabrador.cl\\\/#organization\"},\"potentialAction\":[{\"@type\":\"SearchAction\",\"target\":{\"@type\":\"EntryPoint\",\"urlTemplate\":\"https:\\\/\\\/diarioellabrador.cl\\\/?s={search_term_string}\"},\"query-input\":{\"@type\":\"PropertyValueSpecification\",\"valueRequired\":true,\"valueName\":\"search_term_string\"}}],\"inLanguage\":\"es\"},{\"@type\":\"Organization\",\"@id\":\"https:\\\/\\\/diarioellabrador.cl\\\/#organization\",\"name\":\"Diario El Labrador\",\"url\":\"https:\\\/\\\/diarioellabrador.cl\\\/\",\"logo\":{\"@type\":\"ImageObject\",\"inLanguage\":\"es\",\"@id\":\"https:\\\/\\\/diarioellabrador.cl\\\/#\\\/schema\\\/logo\\\/image\\\/\",\"url\":\"https:\\\/\\\/diarioellabrador.cl\\\/wp-content\\\/uploads\\\/2025\\\/02\\\/cropped-Logo-Icono.png\",\"contentUrl\":\"https:\\\/\\\/diarioellabrador.cl\\\/wp-content\\\/uploads\\\/2025\\\/02\\\/cropped-Logo-Icono.png\",\"width\":512,\"height\":512,\"caption\":\"Diario El Labrador\"},\"image\":{\"@id\":\"https:\\\/\\\/diarioellabrador.cl\\\/#\\\/schema\\\/logo\\\/image\\\/\"},\"sameAs\":[\"https:\\\/\\\/web.facebook.com\\\/profile.php?id=61576120840621\",\"https:\\\/\\\/x.com\\\/ElLabradorOf\",\"https:\\\/\\\/www.instagram.com\\\/diarioellabradoroficial\\\/\"]},{\"@type\":\"Person\",\"@id\":\"https:\\\/\\\/diarioellabrador.cl\\\/#\\\/schema\\\/person\\\/bc25ff80b4563f9c7f4bd7855df01685\",\"name\":\"Editor\",\"image\":{\"@type\":\"ImageObject\",\"inLanguage\":\"es\",\"@id\":\"https:\\\/\\\/secure.gravatar.com\\\/avatar\\\/109c326cf2be5c04f048c2c2a2b8b6ef44bf3d8d1d3d4c55d0ac40c4bc994684?s=96&d=mm&r=g\",\"url\":\"https:\\\/\\\/secure.gravatar.com\\\/avatar\\\/109c326cf2be5c04f048c2c2a2b8b6ef44bf3d8d1d3d4c55d0ac40c4bc994684?s=96&d=mm&r=g\",\"contentUrl\":\"https:\\\/\\\/secure.gravatar.com\\\/avatar\\\/109c326cf2be5c04f048c2c2a2b8b6ef44bf3d8d1d3d4c55d0ac40c4bc994684?s=96&d=mm&r=g\",\"caption\":\"Editor\"},\"url\":\"https:\\\/\\\/diarioellabrador.cl\\\/index.php\\\/author\\\/editor\\\/\"}]}<\/script>\n<!-- \/ Yoast SEO plugin. -->","yoast_head_json":{"title":"Delegado Basti\u00e1n Alarc\u00f3n informa apertura de postulaciones al Fondo Nacional del Adulto Mayor 2025 - Diario El Labrador","robots":{"index":"index","follow":"follow","max-snippet":"max-snippet:-1","max-image-preview":"max-image-preview:large","max-video-preview":"max-video-preview:-1"},"canonical":"https:\/\/diarioellabrador.cl\/index.php\/2025\/04\/14\/delegado-bastian-alarcon-informa-apertura-de-postulaciones-al-fondo-nacional-del-adulto-mayor-2025\/","og_locale":"es_ES","og_type":"article","og_title":"Delegado Basti\u00e1n Alarc\u00f3n informa apertura de postulaciones al Fondo Nacional del Adulto Mayor 2025 - Diario El Labrador","og_description":"La postulaci\u00f3n a la versi\u00f3n 2025 del Fondo Nacional del Adulto Mayor \u00abHern\u00e1n Zapata Far\u00edas\u00bb, componente Proyectos Autogestionados para Organizaciones de Personas Mayores ya se encuentra abierto. As\u00ed lo inform\u00f3 el delegado presidencial provincial de Melipilla, Basti\u00e1n Alarc\u00f3n. &nbsp; La autoridad precis\u00f3 que la iniciativa es financiada gracias a recursos del Servicio Nacional del Adulto Leer m\u00e1s","og_url":"https:\/\/diarioellabrador.cl\/index.php\/2025\/04\/14\/delegado-bastian-alarcon-informa-apertura-de-postulaciones-al-fondo-nacional-del-adulto-mayor-2025\/","og_site_name":"Diario El Labrador","article_publisher":"https:\/\/web.facebook.com\/profile.php?id=61576120840621","article_published_time":"2025-04-14T23:19:08+00:00","article_modified_time":"2025-04-14T23:19:09+00:00","og_image":[{"width":1080,"height":1080,"url":"https:\/\/diarioellabrador.cl\/wp-content\/uploads\/2025\/04\/Fondo-SENAMA-14-04-2025.jpg","type":"image\/jpeg"}],"author":"Editor","twitter_card":"summary_large_image","twitter_creator":"@ElLabradorOf","twitter_site":"@ElLabradorOf","twitter_misc":{"Escrito por":"Editor","Tiempo de lectura":"2 minutos"},"schema":{"@context":"https:\/\/schema.org","@graph":[{"@type":"Article","@id":"https:\/\/diarioellabrador.cl\/index.php\/2025\/04\/14\/delegado-bastian-alarcon-informa-apertura-de-postulaciones-al-fondo-nacional-del-adulto-mayor-2025\/#article","isPartOf":{"@id":"https:\/\/diarioellabrador.cl\/index.php\/2025\/04\/14\/delegado-bastian-alarcon-informa-apertura-de-postulaciones-al-fondo-nacional-del-adulto-mayor-2025\/"},"author":{"name":"Editor","@id":"https:\/\/diarioellabrador.cl\/#\/schema\/person\/bc25ff80b4563f9c7f4bd7855df01685"},"headline":"Delegado Basti\u00e1n Alarc\u00f3n informa apertura de postulaciones al Fondo Nacional del Adulto Mayor 2025","datePublished":"2025-04-14T23:19:08+00:00","dateModified":"2025-04-14T23:19:09+00:00","mainEntityOfPage":{"@id":"https:\/\/diarioellabrador.cl\/index.php\/2025\/04\/14\/delegado-bastian-alarcon-informa-apertura-de-postulaciones-al-fondo-nacional-del-adulto-mayor-2025\/"},"wordCount":488,"commentCount":0,"publisher":{"@id":"https:\/\/diarioellabrador.cl\/#organization"},"image":{"@id":"https:\/\/diarioellabrador.cl\/index.php\/2025\/04\/14\/delegado-bastian-alarcon-informa-apertura-de-postulaciones-al-fondo-nacional-del-adulto-mayor-2025\/#primaryimage"},"thumbnailUrl":"https:\/\/diarioellabrador.cl\/wp-content\/uploads\/2025\/04\/Fondo-SENAMA-14-04-2025.jpg","articleSection":["Cr\u00f3nica"],"inLanguage":"es","potentialAction":[{"@type":"CommentAction","name":"Comment","target":["https:\/\/diarioellabrador.cl\/index.php\/2025\/04\/14\/delegado-bastian-alarcon-informa-apertura-de-postulaciones-al-fondo-nacional-del-adulto-mayor-2025\/#respond"]}]},{"@type":"WebPage","@id":"https:\/\/diarioellabrador.cl\/index.php\/2025\/04\/14\/delegado-bastian-alarcon-informa-apertura-de-postulaciones-al-fondo-nacional-del-adulto-mayor-2025\/","url":"https:\/\/diarioellabrador.cl\/index.php\/2025\/04\/14\/delegado-bastian-alarcon-informa-apertura-de-postulaciones-al-fondo-nacional-del-adulto-mayor-2025\/","name":"Delegado Basti\u00e1n Alarc\u00f3n informa apertura de postulaciones al Fondo Nacional del Adulto Mayor 2025 - Diario El Labrador","isPartOf":{"@id":"https:\/\/diarioellabrador.cl\/#website"},"primaryImageOfPage":{"@id":"https:\/\/diarioellabrador.cl\/index.php\/2025\/04\/14\/delegado-bastian-alarcon-informa-apertura-de-postulaciones-al-fondo-nacional-del-adulto-mayor-2025\/#primaryimage"},"image":{"@id":"https:\/\/diarioellabrador.cl\/index.php\/2025\/04\/14\/delegado-bastian-alarcon-informa-apertura-de-postulaciones-al-fondo-nacional-del-adulto-mayor-2025\/#primaryimage"},"thumbnailUrl":"https:\/\/diarioellabrador.cl\/wp-content\/uploads\/2025\/04\/Fondo-SENAMA-14-04-2025.jpg","datePublished":"2025-04-14T23:19:08+00:00","dateModified":"2025-04-14T23:19:09+00:00","breadcrumb":{"@id":"https:\/\/diarioellabrador.cl\/index.php\/2025\/04\/14\/delegado-bastian-alarcon-informa-apertura-de-postulaciones-al-fondo-nacional-del-adulto-mayor-2025\/#breadcrumb"},"inLanguage":"es","potentialAction":[{"@type":"ReadAction","target":["https:\/\/diarioellabrador.cl\/index.php\/2025\/04\/14\/delegado-bastian-alarcon-informa-apertura-de-postulaciones-al-fondo-nacional-del-adulto-mayor-2025\/"]}]},{"@type":"ImageObject","inLanguage":"es","@id":"https:\/\/diarioellabrador.cl\/index.php\/2025\/04\/14\/delegado-bastian-alarcon-informa-apertura-de-postulaciones-al-fondo-nacional-del-adulto-mayor-2025\/#primaryimage","url":"https:\/\/diarioellabrador.cl\/wp-content\/uploads\/2025\/04\/Fondo-SENAMA-14-04-2025.jpg","contentUrl":"https:\/\/diarioellabrador.cl\/wp-content\/uploads\/2025\/04\/Fondo-SENAMA-14-04-2025.jpg","width":1080,"height":1080},{"@type":"BreadcrumbList","@id":"https:\/\/diarioellabrador.cl\/index.php\/2025\/04\/14\/delegado-bastian-alarcon-informa-apertura-de-postulaciones-al-fondo-nacional-del-adulto-mayor-2025\/#breadcrumb","itemListElement":[{"@type":"ListItem","position":1,"name":"Portada","item":"https:\/\/diarioellabrador.cl\/"},{"@type":"ListItem","position":2,"name":"Delegado Basti\u00e1n Alarc\u00f3n informa apertura de postulaciones al Fondo Nacional del Adulto Mayor 2025"}]},{"@type":"WebSite","@id":"https:\/\/diarioellabrador.cl\/#website","url":"https:\/\/diarioellabrador.cl\/","name":"Diario El Labrador","description":"Haciendo noticia desde 1921","publisher":{"@id":"https:\/\/diarioellabrador.cl\/#organization"},"potentialAction":[{"@type":"SearchAction","target":{"@type":"EntryPoint","urlTemplate":"https:\/\/diarioellabrador.cl\/?s={search_term_string}"},"query-input":{"@type":"PropertyValueSpecification","valueRequired":true,"valueName":"search_term_string"}}],"inLanguage":"es"},{"@type":"Organization","@id":"https:\/\/diarioellabrador.cl\/#organization","name":"Diario El Labrador","url":"https:\/\/diarioellabrador.cl\/","logo":{"@type":"ImageObject","inLanguage":"es","@id":"https:\/\/diarioellabrador.cl\/#\/schema\/logo\/image\/","url":"https:\/\/diarioellabrador.cl\/wp-content\/uploads\/2025\/02\/cropped-Logo-Icono.png","contentUrl":"https:\/\/diarioellabrador.cl\/wp-content\/uploads\/2025\/02\/cropped-Logo-Icono.png","width":512,"height":512,"caption":"Diario El Labrador"},"image":{"@id":"https:\/\/diarioellabrador.cl\/#\/schema\/logo\/image\/"},"sameAs":["https:\/\/web.facebook.com\/profile.php?id=61576120840621","https:\/\/x.com\/ElLabradorOf","https:\/\/www.instagram.com\/diarioellabradoroficial\/"]},{"@type":"Person","@id":"https:\/\/diarioellabrador.cl\/#\/schema\/person\/bc25ff80b4563f9c7f4bd7855df01685","name":"Editor","image":{"@type":"ImageObject","inLanguage":"es","@id":"https:\/\/secure.gravatar.com\/avatar\/109c326cf2be5c04f048c2c2a2b8b6ef44bf3d8d1d3d4c55d0ac40c4bc994684?s=96&d=mm&r=g","url":"https:\/\/secure.gravatar.com\/avatar\/109c326cf2be5c04f048c2c2a2b8b6ef44bf3d8d1d3d4c55d0ac40c4bc994684?s=96&d=mm&r=g","contentUrl":"https:\/\/secure.gravatar.com\/avatar\/109c326cf2be5c04f048c2c2a2b8b6ef44bf3d8d1d3d4c55d0ac40c4bc994684?s=96&d=mm&r=g","caption":"Editor"},"url":"https:\/\/diarioellabrador.cl\/index.php\/author\/editor\/"}]}},"_links":{"self":[{"href":"https:\/\/diarioellabrador.cl\/index.php\/wp-json\/wp\/v2\/posts\/1791","targetHints":{"allow":["GET"]}}],"collection":[{"href":"https:\/\/diarioellabrador.cl\/index.php\/wp-json\/wp\/v2\/posts"}],"about":[{"href":"https:\/\/diarioellabrador.cl\/index.php\/wp-json\/wp\/v2\/types\/post"}],"author":[{"embeddable":true,"href":"https:\/\/diarioellabrador.cl\/index.php\/wp-json\/wp\/v2\/users\/2"}],"replies":[{"embeddable":true,"href":"https:\/\/diarioellabrador.cl\/index.php\/wp-json\/wp\/v2\/comments?post=1791"}],"version-history":[{"count":1,"href":"https:\/\/diarioellabrador.cl\/index.php\/wp-json\/wp\/v2\/posts\/1791\/revisions"}],"predecessor-version":[{"id":1792,"href":"https:\/\/diarioellabrador.cl\/index.php\/wp-json\/wp\/v2\/posts\/1791\/revisions\/1792"}],"wp:featuredmedia":[{"embeddable":true,"href":"https:\/\/diarioellabrador.cl\/index.php\/wp-json\/wp\/v2\/media\/1739"}],"wp:attachment":[{"href":"https:\/\/diarioellabrador.cl\/index.php\/wp-json\/wp\/v2\/media?parent=1791"}],"wp:term":[{"taxonomy":"category","embeddable":true,"href":"https:\/\/diarioellabrador.cl\/index.php\/wp-json\/wp\/v2\/categories?post=1791"},{"taxonomy":"post_tag","embeddable":true,"href":"https:\/\/diarioellabrador.cl\/index.php\/wp-json\/wp\/v2\/tags?post=1791"}],"curies":[{"name":"wp","href":"https:\/\/api.w.org\/{rel}","templated":true}]}}