{"id":1787,"date":"2025-04-14T19:17:48","date_gmt":"2025-04-14T23:17:48","guid":{"rendered":"https:\/\/diarioellabrador.cl\/?p=1787"},"modified":"2025-04-14T19:17:48","modified_gmt":"2025-04-14T23:17:48","slug":"cuando-vuelve-a-subir-el-sueldo-minimo-en-chile-esto-dice-la-ley","status":"publish","type":"post","link":"https:\/\/diarioellabrador.cl\/index.php\/2025\/04\/14\/cuando-vuelve-a-subir-el-sueldo-minimo-en-chile-esto-dice-la-ley\/","title":{"rendered":"\u00bfCu\u00e1ndo vuelve a subir el sueldo m\u00ednimo en Chile? Esto dice la ley"},"content":{"rendered":"\n<h2 class=\"wp-block-heading\">Conoce cu\u00e1l es el monto actual y qu\u00e9 plantea la CUT para las pr\u00f3ximas negociaciones.<\/h2>\n\n\n\n<p>El <strong>sueldo m\u00ednimo en Chile<\/strong> ha experimentado varios ajustes en los \u00faltimos a\u00f1os, como parte de un plan de aumento gradual impulsado por el Gobierno en 2023.<\/p>\n\n\n\n<p>Luego, <strong>en 2024 se concretaron dos alzas<\/strong>, siendo la \u00faltima aplicada tras la variaci\u00f3n del IPC registrada entre julio y diciembre del a\u00f1o pasado.<\/p>\n\n\n\n<p>Actualmente, el monto del <strong>sueldo m\u00ednimo alcanza los $510.636<\/strong>, pero una nueva modificaci\u00f3n est\u00e1 en camino.<\/p>\n\n\n\n<h2 class=\"wp-block-heading\">\u00bfCu\u00e1ndo vuelve a subir el sueldo m\u00ednimo en Chile?<\/h2>\n\n\n\n<p>De acuerdo con el art\u00edculo 6 de la Ley N\u00ba 21.578, est\u00e1 programado un <strong>nuevo reajuste al salario m\u00ednimo<\/strong> durante el mes de <strong>mayo de 2025<\/strong>.<\/p>\n\n\n\n<p>Aunque todav\u00eda no se ha definido cu\u00e1l ser\u00e1 el nuevo monto, esta actualizaci\u00f3n est\u00e1 contemplada por ley y responde al <strong>plan de aumentos escalonados<\/strong>.<\/p>\n\n\n\n<h2 class=\"wp-block-heading\">La CUT negocia un nuevo modelo de salario<\/h2>\n\n\n\n<p>Por otro lado, la<strong> Central Unitaria de Trabajadores<\/strong> (<strong>CUT<\/strong>) se prepara para iniciar una nueva ronda de negociaciones con los ministerios del Trabajo y Hacienda.<\/p>\n\n\n\n<p>En esta oportunidad, la organizaci\u00f3n no solicitar\u00e1 una cifra espec\u00edfica de aumento, sino que <strong>buscar\u00e1 instalar el concepto de \u201csalario vital\u201d<\/strong> en lugar de sueldo m\u00ednimo.<\/p>\n\n\n\n<p>El secretario general de la CUT, Eric Campos, explic\u00f3 que la propuesta consiste en alcanzar un<strong> ingreso l\u00edquido de $725.000 mensuales<\/strong> para una familia de cuatro personas.<\/p>\n","protected":false},"excerpt":{"rendered":"<p>Conoce cu\u00e1l es el monto actual y qu\u00e9 plantea la CUT para las pr\u00f3ximas negociaciones. El sueldo m\u00ednimo en Chile ha experimentado varios ajustes en los \u00faltimos a\u00f1os, como parte de un plan de aumento gradual impulsado por el Gobierno en 2023. Luego, en 2024 se concretaron dos alzas, siendo la \u00faltima aplicada tras la<\/p>\n<div class=\"read-more-wrapper\"><a class=\"read-more\" href=\"https:\/\/diarioellabrador.cl\/index.php\/2025\/04\/14\/cuando-vuelve-a-subir-el-sueldo-minimo-en-chile-esto-dice-la-ley\/\" title=\"Leer m\u00e1s\"> <span class=\"button \">Leer m\u00e1s<\/span><\/a><\/div>\n","protected":false},"author":2,"featured_media":1745,"comment_status":"open","ping_status":"open","sticky":false,"template":"","format":"standard","meta":{"footnotes":""},"categories":[1],"tags":[],"class_list":["post-1787","post","type-post","status-publish","format-standard","has-post-thumbnail","hentry","category-cronica"],"yoast_head":"<!-- This site is optimized with the Yoast SEO plugin v27.5 - https:\/\/yoast.com\/product\/yoast-seo-wordpress\/ -->\n<title>\u00bfCu\u00e1ndo vuelve a subir el sueldo m\u00ednimo en Chile? Esto dice la ley - Diario El Labrador<\/title>\n<meta name=\"robots\" content=\"index, follow, max-snippet:-1, max-image-preview:large, max-video-preview:-1\" \/>\n<link rel=\"canonical\" href=\"https:\/\/diarioellabrador.cl\/index.php\/2025\/04\/14\/cuando-vuelve-a-subir-el-sueldo-minimo-en-chile-esto-dice-la-ley\/\" \/>\n<meta property=\"og:locale\" content=\"es_ES\" \/>\n<meta property=\"og:type\" content=\"article\" \/>\n<meta property=\"og:title\" content=\"\u00bfCu\u00e1ndo vuelve a subir el sueldo m\u00ednimo en Chile? Esto dice la ley - Diario El Labrador\" \/>\n<meta property=\"og:description\" content=\"Conoce cu\u00e1l es el monto actual y qu\u00e9 plantea la CUT para las pr\u00f3ximas negociaciones. El sueldo m\u00ednimo en Chile ha experimentado varios ajustes en los \u00faltimos a\u00f1os, como parte de un plan de aumento gradual impulsado por el Gobierno en 2023. Luego, en 2024 se concretaron dos alzas, siendo la \u00faltima aplicada tras la Leer m\u00e1s\" \/>\n<meta property=\"og:url\" content=\"https:\/\/diarioellabrador.cl\/index.php\/2025\/04\/14\/cuando-vuelve-a-subir-el-sueldo-minimo-en-chile-esto-dice-la-ley\/\" \/>\n<meta property=\"og:site_name\" content=\"Diario El Labrador\" \/>\n<meta property=\"article:publisher\" content=\"https:\/\/web.facebook.com\/profile.php?id=61576120840621\" \/>\n<meta property=\"article:published_time\" content=\"2025-04-14T23:17:48+00:00\" \/>\n<meta property=\"og:image\" content=\"https:\/\/diarioellabrador.cl\/wp-content\/uploads\/2025\/04\/Cuando-vuelve-a-subir-el-sueldo-minimo-en-Chile.jpg\" \/>\n\t<meta property=\"og:image:width\" content=\"1472\" \/>\n\t<meta property=\"og:image:height\" content=\"1104\" \/>\n\t<meta property=\"og:image:type\" content=\"image\/jpeg\" \/>\n<meta name=\"author\" content=\"Editor\" \/>\n<meta name=\"twitter:card\" content=\"summary_large_image\" \/>\n<meta name=\"twitter:creator\" content=\"@ElLabradorOf\" \/>\n<meta name=\"twitter:site\" content=\"@ElLabradorOf\" \/>\n<meta name=\"twitter:label1\" content=\"Escrito por\" \/>\n\t<meta name=\"twitter:data1\" content=\"Editor\" \/>\n\t<meta name=\"twitter:label2\" content=\"Tiempo de lectura\" \/>\n\t<meta name=\"twitter:data2\" content=\"1 minuto\" \/>\n<script type=\"application\/ld+json\" class=\"yoast-schema-graph\">{\"@context\":\"https:\\\/\\\/schema.org\",\"@graph\":[{\"@type\":\"Article\",\"@id\":\"https:\\\/\\\/diarioellabrador.cl\\\/index.php\\\/2025\\\/04\\\/14\\\/cuando-vuelve-a-subir-el-sueldo-minimo-en-chile-esto-dice-la-ley\\\/#article\",\"isPartOf\":{\"@id\":\"https:\\\/\\\/diarioellabrador.cl\\\/index.php\\\/2025\\\/04\\\/14\\\/cuando-vuelve-a-subir-el-sueldo-minimo-en-chile-esto-dice-la-ley\\\/\"},\"author\":{\"name\":\"Editor\",\"@id\":\"https:\\\/\\\/diarioellabrador.cl\\\/#\\\/schema\\\/person\\\/bc25ff80b4563f9c7f4bd7855df01685\"},\"headline\":\"\u00bfCu\u00e1ndo vuelve a subir el sueldo m\u00ednimo en Chile? Esto dice la ley\",\"datePublished\":\"2025-04-14T23:17:48+00:00\",\"mainEntityOfPage\":{\"@id\":\"https:\\\/\\\/diarioellabrador.cl\\\/index.php\\\/2025\\\/04\\\/14\\\/cuando-vuelve-a-subir-el-sueldo-minimo-en-chile-esto-dice-la-ley\\\/\"},\"wordCount\":254,\"commentCount\":0,\"publisher\":{\"@id\":\"https:\\\/\\\/diarioellabrador.cl\\\/#organization\"},\"image\":{\"@id\":\"https:\\\/\\\/diarioellabrador.cl\\\/index.php\\\/2025\\\/04\\\/14\\\/cuando-vuelve-a-subir-el-sueldo-minimo-en-chile-esto-dice-la-ley\\\/#primaryimage\"},\"thumbnailUrl\":\"https:\\\/\\\/diarioellabrador.cl\\\/wp-content\\\/uploads\\\/2025\\\/04\\\/Cuando-vuelve-a-subir-el-sueldo-minimo-en-Chile.jpg\",\"articleSection\":[\"Cr\u00f3nica\"],\"inLanguage\":\"es\",\"potentialAction\":[{\"@type\":\"CommentAction\",\"name\":\"Comment\",\"target\":[\"https:\\\/\\\/diarioellabrador.cl\\\/index.php\\\/2025\\\/04\\\/14\\\/cuando-vuelve-a-subir-el-sueldo-minimo-en-chile-esto-dice-la-ley\\\/#respond\"]}]},{\"@type\":\"WebPage\",\"@id\":\"https:\\\/\\\/diarioellabrador.cl\\\/index.php\\\/2025\\\/04\\\/14\\\/cuando-vuelve-a-subir-el-sueldo-minimo-en-chile-esto-dice-la-ley\\\/\",\"url\":\"https:\\\/\\\/diarioellabrador.cl\\\/index.php\\\/2025\\\/04\\\/14\\\/cuando-vuelve-a-subir-el-sueldo-minimo-en-chile-esto-dice-la-ley\\\/\",\"name\":\"\u00bfCu\u00e1ndo vuelve a subir el sueldo m\u00ednimo en Chile? Esto dice la ley - Diario El Labrador\",\"isPartOf\":{\"@id\":\"https:\\\/\\\/diarioellabrador.cl\\\/#website\"},\"primaryImageOfPage\":{\"@id\":\"https:\\\/\\\/diarioellabrador.cl\\\/index.php\\\/2025\\\/04\\\/14\\\/cuando-vuelve-a-subir-el-sueldo-minimo-en-chile-esto-dice-la-ley\\\/#primaryimage\"},\"image\":{\"@id\":\"https:\\\/\\\/diarioellabrador.cl\\\/index.php\\\/2025\\\/04\\\/14\\\/cuando-vuelve-a-subir-el-sueldo-minimo-en-chile-esto-dice-la-ley\\\/#primaryimage\"},\"thumbnailUrl\":\"https:\\\/\\\/diarioellabrador.cl\\\/wp-content\\\/uploads\\\/2025\\\/04\\\/Cuando-vuelve-a-subir-el-sueldo-minimo-en-Chile.jpg\",\"datePublished\":\"2025-04-14T23:17:48+00:00\",\"breadcrumb\":{\"@id\":\"https:\\\/\\\/diarioellabrador.cl\\\/index.php\\\/2025\\\/04\\\/14\\\/cuando-vuelve-a-subir-el-sueldo-minimo-en-chile-esto-dice-la-ley\\\/#breadcrumb\"},\"inLanguage\":\"es\",\"potentialAction\":[{\"@type\":\"ReadAction\",\"target\":[\"https:\\\/\\\/diarioellabrador.cl\\\/index.php\\\/2025\\\/04\\\/14\\\/cuando-vuelve-a-subir-el-sueldo-minimo-en-chile-esto-dice-la-ley\\\/\"]}]},{\"@type\":\"ImageObject\",\"inLanguage\":\"es\",\"@id\":\"https:\\\/\\\/diarioellabrador.cl\\\/index.php\\\/2025\\\/04\\\/14\\\/cuando-vuelve-a-subir-el-sueldo-minimo-en-chile-esto-dice-la-ley\\\/#primaryimage\",\"url\":\"https:\\\/\\\/diarioellabrador.cl\\\/wp-content\\\/uploads\\\/2025\\\/04\\\/Cuando-vuelve-a-subir-el-sueldo-minimo-en-Chile.jpg\",\"contentUrl\":\"https:\\\/\\\/diarioellabrador.cl\\\/wp-content\\\/uploads\\\/2025\\\/04\\\/Cuando-vuelve-a-subir-el-sueldo-minimo-en-Chile.jpg\",\"width\":1472,\"height\":1104},{\"@type\":\"BreadcrumbList\",\"@id\":\"https:\\\/\\\/diarioellabrador.cl\\\/index.php\\\/2025\\\/04\\\/14\\\/cuando-vuelve-a-subir-el-sueldo-minimo-en-chile-esto-dice-la-ley\\\/#breadcrumb\",\"itemListElement\":[{\"@type\":\"ListItem\",\"position\":1,\"name\":\"Portada\",\"item\":\"https:\\\/\\\/diarioellabrador.cl\\\/\"},{\"@type\":\"ListItem\",\"position\":2,\"name\":\"\u00bfCu\u00e1ndo vuelve a subir el sueldo m\u00ednimo en Chile? Esto dice la ley\"}]},{\"@type\":\"WebSite\",\"@id\":\"https:\\\/\\\/diarioellabrador.cl\\\/#website\",\"url\":\"https:\\\/\\\/diarioellabrador.cl\\\/\",\"name\":\"Diario El Labrador\",\"description\":\"Haciendo noticia desde 1921\",\"publisher\":{\"@id\":\"https:\\\/\\\/diarioellabrador.cl\\\/#organization\"},\"potentialAction\":[{\"@type\":\"SearchAction\",\"target\":{\"@type\":\"EntryPoint\",\"urlTemplate\":\"https:\\\/\\\/diarioellabrador.cl\\\/?s={search_term_string}\"},\"query-input\":{\"@type\":\"PropertyValueSpecification\",\"valueRequired\":true,\"valueName\":\"search_term_string\"}}],\"inLanguage\":\"es\"},{\"@type\":\"Organization\",\"@id\":\"https:\\\/\\\/diarioellabrador.cl\\\/#organization\",\"name\":\"Diario El Labrador\",\"url\":\"https:\\\/\\\/diarioellabrador.cl\\\/\",\"logo\":{\"@type\":\"ImageObject\",\"inLanguage\":\"es\",\"@id\":\"https:\\\/\\\/diarioellabrador.cl\\\/#\\\/schema\\\/logo\\\/image\\\/\",\"url\":\"https:\\\/\\\/diarioellabrador.cl\\\/wp-content\\\/uploads\\\/2025\\\/02\\\/cropped-Logo-Icono.png\",\"contentUrl\":\"https:\\\/\\\/diarioellabrador.cl\\\/wp-content\\\/uploads\\\/2025\\\/02\\\/cropped-Logo-Icono.png\",\"width\":512,\"height\":512,\"caption\":\"Diario El Labrador\"},\"image\":{\"@id\":\"https:\\\/\\\/diarioellabrador.cl\\\/#\\\/schema\\\/logo\\\/image\\\/\"},\"sameAs\":[\"https:\\\/\\\/web.facebook.com\\\/profile.php?id=61576120840621\",\"https:\\\/\\\/x.com\\\/ElLabradorOf\",\"https:\\\/\\\/www.instagram.com\\\/diarioellabradoroficial\\\/\"]},{\"@type\":\"Person\",\"@id\":\"https:\\\/\\\/diarioellabrador.cl\\\/#\\\/schema\\\/person\\\/bc25ff80b4563f9c7f4bd7855df01685\",\"name\":\"Editor\",\"image\":{\"@type\":\"ImageObject\",\"inLanguage\":\"es\",\"@id\":\"https:\\\/\\\/secure.gravatar.com\\\/avatar\\\/109c326cf2be5c04f048c2c2a2b8b6ef44bf3d8d1d3d4c55d0ac40c4bc994684?s=96&d=mm&r=g\",\"url\":\"https:\\\/\\\/secure.gravatar.com\\\/avatar\\\/109c326cf2be5c04f048c2c2a2b8b6ef44bf3d8d1d3d4c55d0ac40c4bc994684?s=96&d=mm&r=g\",\"contentUrl\":\"https:\\\/\\\/secure.gravatar.com\\\/avatar\\\/109c326cf2be5c04f048c2c2a2b8b6ef44bf3d8d1d3d4c55d0ac40c4bc994684?s=96&d=mm&r=g\",\"caption\":\"Editor\"},\"url\":\"https:\\\/\\\/diarioellabrador.cl\\\/index.php\\\/author\\\/editor\\\/\"}]}<\/script>\n<!-- \/ Yoast SEO plugin. -->","yoast_head_json":{"title":"\u00bfCu\u00e1ndo vuelve a subir el sueldo m\u00ednimo en Chile? Esto dice la ley - Diario El Labrador","robots":{"index":"index","follow":"follow","max-snippet":"max-snippet:-1","max-image-preview":"max-image-preview:large","max-video-preview":"max-video-preview:-1"},"canonical":"https:\/\/diarioellabrador.cl\/index.php\/2025\/04\/14\/cuando-vuelve-a-subir-el-sueldo-minimo-en-chile-esto-dice-la-ley\/","og_locale":"es_ES","og_type":"article","og_title":"\u00bfCu\u00e1ndo vuelve a subir el sueldo m\u00ednimo en Chile? Esto dice la ley - Diario El Labrador","og_description":"Conoce cu\u00e1l es el monto actual y qu\u00e9 plantea la CUT para las pr\u00f3ximas negociaciones. El sueldo m\u00ednimo en Chile ha experimentado varios ajustes en los \u00faltimos a\u00f1os, como parte de un plan de aumento gradual impulsado por el Gobierno en 2023. Luego, en 2024 se concretaron dos alzas, siendo la \u00faltima aplicada tras la Leer m\u00e1s","og_url":"https:\/\/diarioellabrador.cl\/index.php\/2025\/04\/14\/cuando-vuelve-a-subir-el-sueldo-minimo-en-chile-esto-dice-la-ley\/","og_site_name":"Diario El Labrador","article_publisher":"https:\/\/web.facebook.com\/profile.php?id=61576120840621","article_published_time":"2025-04-14T23:17:48+00:00","og_image":[{"width":1472,"height":1104,"url":"https:\/\/diarioellabrador.cl\/wp-content\/uploads\/2025\/04\/Cuando-vuelve-a-subir-el-sueldo-minimo-en-Chile.jpg","type":"image\/jpeg"}],"author":"Editor","twitter_card":"summary_large_image","twitter_creator":"@ElLabradorOf","twitter_site":"@ElLabradorOf","twitter_misc":{"Escrito por":"Editor","Tiempo de lectura":"1 minuto"},"schema":{"@context":"https:\/\/schema.org","@graph":[{"@type":"Article","@id":"https:\/\/diarioellabrador.cl\/index.php\/2025\/04\/14\/cuando-vuelve-a-subir-el-sueldo-minimo-en-chile-esto-dice-la-ley\/#article","isPartOf":{"@id":"https:\/\/diarioellabrador.cl\/index.php\/2025\/04\/14\/cuando-vuelve-a-subir-el-sueldo-minimo-en-chile-esto-dice-la-ley\/"},"author":{"name":"Editor","@id":"https:\/\/diarioellabrador.cl\/#\/schema\/person\/bc25ff80b4563f9c7f4bd7855df01685"},"headline":"\u00bfCu\u00e1ndo vuelve a subir el sueldo m\u00ednimo en Chile? Esto dice la ley","datePublished":"2025-04-14T23:17:48+00:00","mainEntityOfPage":{"@id":"https:\/\/diarioellabrador.cl\/index.php\/2025\/04\/14\/cuando-vuelve-a-subir-el-sueldo-minimo-en-chile-esto-dice-la-ley\/"},"wordCount":254,"commentCount":0,"publisher":{"@id":"https:\/\/diarioellabrador.cl\/#organization"},"image":{"@id":"https:\/\/diarioellabrador.cl\/index.php\/2025\/04\/14\/cuando-vuelve-a-subir-el-sueldo-minimo-en-chile-esto-dice-la-ley\/#primaryimage"},"thumbnailUrl":"https:\/\/diarioellabrador.cl\/wp-content\/uploads\/2025\/04\/Cuando-vuelve-a-subir-el-sueldo-minimo-en-Chile.jpg","articleSection":["Cr\u00f3nica"],"inLanguage":"es","potentialAction":[{"@type":"CommentAction","name":"Comment","target":["https:\/\/diarioellabrador.cl\/index.php\/2025\/04\/14\/cuando-vuelve-a-subir-el-sueldo-minimo-en-chile-esto-dice-la-ley\/#respond"]}]},{"@type":"WebPage","@id":"https:\/\/diarioellabrador.cl\/index.php\/2025\/04\/14\/cuando-vuelve-a-subir-el-sueldo-minimo-en-chile-esto-dice-la-ley\/","url":"https:\/\/diarioellabrador.cl\/index.php\/2025\/04\/14\/cuando-vuelve-a-subir-el-sueldo-minimo-en-chile-esto-dice-la-ley\/","name":"\u00bfCu\u00e1ndo vuelve a subir el sueldo m\u00ednimo en Chile? Esto dice la ley - Diario El Labrador","isPartOf":{"@id":"https:\/\/diarioellabrador.cl\/#website"},"primaryImageOfPage":{"@id":"https:\/\/diarioellabrador.cl\/index.php\/2025\/04\/14\/cuando-vuelve-a-subir-el-sueldo-minimo-en-chile-esto-dice-la-ley\/#primaryimage"},"image":{"@id":"https:\/\/diarioellabrador.cl\/index.php\/2025\/04\/14\/cuando-vuelve-a-subir-el-sueldo-minimo-en-chile-esto-dice-la-ley\/#primaryimage"},"thumbnailUrl":"https:\/\/diarioellabrador.cl\/wp-content\/uploads\/2025\/04\/Cuando-vuelve-a-subir-el-sueldo-minimo-en-Chile.jpg","datePublished":"2025-04-14T23:17:48+00:00","breadcrumb":{"@id":"https:\/\/diarioellabrador.cl\/index.php\/2025\/04\/14\/cuando-vuelve-a-subir-el-sueldo-minimo-en-chile-esto-dice-la-ley\/#breadcrumb"},"inLanguage":"es","potentialAction":[{"@type":"ReadAction","target":["https:\/\/diarioellabrador.cl\/index.php\/2025\/04\/14\/cuando-vuelve-a-subir-el-sueldo-minimo-en-chile-esto-dice-la-ley\/"]}]},{"@type":"ImageObject","inLanguage":"es","@id":"https:\/\/diarioellabrador.cl\/index.php\/2025\/04\/14\/cuando-vuelve-a-subir-el-sueldo-minimo-en-chile-esto-dice-la-ley\/#primaryimage","url":"https:\/\/diarioellabrador.cl\/wp-content\/uploads\/2025\/04\/Cuando-vuelve-a-subir-el-sueldo-minimo-en-Chile.jpg","contentUrl":"https:\/\/diarioellabrador.cl\/wp-content\/uploads\/2025\/04\/Cuando-vuelve-a-subir-el-sueldo-minimo-en-Chile.jpg","width":1472,"height":1104},{"@type":"BreadcrumbList","@id":"https:\/\/diarioellabrador.cl\/index.php\/2025\/04\/14\/cuando-vuelve-a-subir-el-sueldo-minimo-en-chile-esto-dice-la-ley\/#breadcrumb","itemListElement":[{"@type":"ListItem","position":1,"name":"Portada","item":"https:\/\/diarioellabrador.cl\/"},{"@type":"ListItem","position":2,"name":"\u00bfCu\u00e1ndo vuelve a subir el sueldo m\u00ednimo en Chile? Esto dice la ley"}]},{"@type":"WebSite","@id":"https:\/\/diarioellabrador.cl\/#website","url":"https:\/\/diarioellabrador.cl\/","name":"Diario El Labrador","description":"Haciendo noticia desde 1921","publisher":{"@id":"https:\/\/diarioellabrador.cl\/#organization"},"potentialAction":[{"@type":"SearchAction","target":{"@type":"EntryPoint","urlTemplate":"https:\/\/diarioellabrador.cl\/?s={search_term_string}"},"query-input":{"@type":"PropertyValueSpecification","valueRequired":true,"valueName":"search_term_string"}}],"inLanguage":"es"},{"@type":"Organization","@id":"https:\/\/diarioellabrador.cl\/#organization","name":"Diario El Labrador","url":"https:\/\/diarioellabrador.cl\/","logo":{"@type":"ImageObject","inLanguage":"es","@id":"https:\/\/diarioellabrador.cl\/#\/schema\/logo\/image\/","url":"https:\/\/diarioellabrador.cl\/wp-content\/uploads\/2025\/02\/cropped-Logo-Icono.png","contentUrl":"https:\/\/diarioellabrador.cl\/wp-content\/uploads\/2025\/02\/cropped-Logo-Icono.png","width":512,"height":512,"caption":"Diario El Labrador"},"image":{"@id":"https:\/\/diarioellabrador.cl\/#\/schema\/logo\/image\/"},"sameAs":["https:\/\/web.facebook.com\/profile.php?id=61576120840621","https:\/\/x.com\/ElLabradorOf","https:\/\/www.instagram.com\/diarioellabradoroficial\/"]},{"@type":"Person","@id":"https:\/\/diarioellabrador.cl\/#\/schema\/person\/bc25ff80b4563f9c7f4bd7855df01685","name":"Editor","image":{"@type":"ImageObject","inLanguage":"es","@id":"https:\/\/secure.gravatar.com\/avatar\/109c326cf2be5c04f048c2c2a2b8b6ef44bf3d8d1d3d4c55d0ac40c4bc994684?s=96&d=mm&r=g","url":"https:\/\/secure.gravatar.com\/avatar\/109c326cf2be5c04f048c2c2a2b8b6ef44bf3d8d1d3d4c55d0ac40c4bc994684?s=96&d=mm&r=g","contentUrl":"https:\/\/secure.gravatar.com\/avatar\/109c326cf2be5c04f048c2c2a2b8b6ef44bf3d8d1d3d4c55d0ac40c4bc994684?s=96&d=mm&r=g","caption":"Editor"},"url":"https:\/\/diarioellabrador.cl\/index.php\/author\/editor\/"}]}},"_links":{"self":[{"href":"https:\/\/diarioellabrador.cl\/index.php\/wp-json\/wp\/v2\/posts\/1787","targetHints":{"allow":["GET"]}}],"collection":[{"href":"https:\/\/diarioellabrador.cl\/index.php\/wp-json\/wp\/v2\/posts"}],"about":[{"href":"https:\/\/diarioellabrador.cl\/index.php\/wp-json\/wp\/v2\/types\/post"}],"author":[{"embeddable":true,"href":"https:\/\/diarioellabrador.cl\/index.php\/wp-json\/wp\/v2\/users\/2"}],"replies":[{"embeddable":true,"href":"https:\/\/diarioellabrador.cl\/index.php\/wp-json\/wp\/v2\/comments?post=1787"}],"version-history":[{"count":1,"href":"https:\/\/diarioellabrador.cl\/index.php\/wp-json\/wp\/v2\/posts\/1787\/revisions"}],"predecessor-version":[{"id":1788,"href":"https:\/\/diarioellabrador.cl\/index.php\/wp-json\/wp\/v2\/posts\/1787\/revisions\/1788"}],"wp:featuredmedia":[{"embeddable":true,"href":"https:\/\/diarioellabrador.cl\/index.php\/wp-json\/wp\/v2\/media\/1745"}],"wp:attachment":[{"href":"https:\/\/diarioellabrador.cl\/index.php\/wp-json\/wp\/v2\/media?parent=1787"}],"wp:term":[{"taxonomy":"category","embeddable":true,"href":"https:\/\/diarioellabrador.cl\/index.php\/wp-json\/wp\/v2\/categories?post=1787"},{"taxonomy":"post_tag","embeddable":true,"href":"https:\/\/diarioellabrador.cl\/index.php\/wp-json\/wp\/v2\/tags?post=1787"}],"curies":[{"name":"wp","href":"https:\/\/api.w.org\/{rel}","templated":true}]}}