{"id":1785,"date":"2025-04-14T19:17:25","date_gmt":"2025-04-14T23:17:25","guid":{"rendered":"https:\/\/diarioellabrador.cl\/?p=1785"},"modified":"2025-04-14T19:17:25","modified_gmt":"2025-04-14T23:17:25","slug":"isla-de-maipo-municipio-realiza-trabajos-en-veredas-y-ciclovias","status":"publish","type":"post","link":"https:\/\/diarioellabrador.cl\/index.php\/2025\/04\/14\/isla-de-maipo-municipio-realiza-trabajos-en-veredas-y-ciclovias\/","title":{"rendered":"Isla de Maipo: municipio realiza trabajos en veredas y ciclov\u00edas"},"content":{"rendered":"\n<p>Con el objetivo de avanzar en materia de mantenci\u00f3n de espacios p\u00fablicos, la municipalidad de Isla de Maipo realiz\u00f3 trabajos en veredas y ciclov\u00edas.<\/p>\n\n\n\n<p>De acuerdo a informaci\u00f3n entregada desde la casa consistorial. equipos de la Direcci\u00f3n de Obras realizaron nivelaci\u00f3n de veredas en Barrio La Campi\u00f1a, trabajos que permitieron mejorar las condiciones de circulaci\u00f3n de los vecinos y residentes del sector Valle La Reserva.<\/p>\n\n\n\n<p>Por otro lado, se retomaron los trabajos de despeje de ciclov\u00eda en el tramo de calle Ignacio Carrera Pinto, a fin de ofrecer un tramo m\u00e1s seguro para los ciclistas que transitan diariamente por este punto, informaron.<\/p>\n\n\n\n<figure class=\"wp-block-image size-large\"><img loading=\"lazy\" decoding=\"async\" width=\"1024\" height=\"1024\" src=\"https:\/\/diarioellabrador.cl\/wp-content\/uploads\/2025\/04\/Isla-de-Maipo-municipio-realiza-trabajos-en-veredas-y-ciclovias-2-1024x1024.jpg\" alt=\"\" class=\"wp-image-1747\" srcset=\"https:\/\/diarioellabrador.cl\/wp-content\/uploads\/2025\/04\/Isla-de-Maipo-municipio-realiza-trabajos-en-veredas-y-ciclovias-2-1024x1024.jpg 1024w, https:\/\/diarioellabrador.cl\/wp-content\/uploads\/2025\/04\/Isla-de-Maipo-municipio-realiza-trabajos-en-veredas-y-ciclovias-2-300x300.jpg 300w, https:\/\/diarioellabrador.cl\/wp-content\/uploads\/2025\/04\/Isla-de-Maipo-municipio-realiza-trabajos-en-veredas-y-ciclovias-2-150x150.jpg 150w, https:\/\/diarioellabrador.cl\/wp-content\/uploads\/2025\/04\/Isla-de-Maipo-municipio-realiza-trabajos-en-veredas-y-ciclovias-2-768x768.jpg 768w, https:\/\/diarioellabrador.cl\/wp-content\/uploads\/2025\/04\/Isla-de-Maipo-municipio-realiza-trabajos-en-veredas-y-ciclovias-2-95x95.jpg 95w, https:\/\/diarioellabrador.cl\/wp-content\/uploads\/2025\/04\/Isla-de-Maipo-municipio-realiza-trabajos-en-veredas-y-ciclovias-2-140x140.jpg 140w, https:\/\/diarioellabrador.cl\/wp-content\/uploads\/2025\/04\/Isla-de-Maipo-municipio-realiza-trabajos-en-veredas-y-ciclovias-2-800x800.jpg 800w, https:\/\/diarioellabrador.cl\/wp-content\/uploads\/2025\/04\/Isla-de-Maipo-municipio-realiza-trabajos-en-veredas-y-ciclovias-2-600x600.jpg 600w, https:\/\/diarioellabrador.cl\/wp-content\/uploads\/2025\/04\/Isla-de-Maipo-municipio-realiza-trabajos-en-veredas-y-ciclovias-2-400x400.jpg 400w, https:\/\/diarioellabrador.cl\/wp-content\/uploads\/2025\/04\/Isla-de-Maipo-municipio-realiza-trabajos-en-veredas-y-ciclovias-2.jpg 1440w\" sizes=\"auto, (max-width: 1024px) 100vw, 1024px\" \/><\/figure>\n","protected":false},"excerpt":{"rendered":"<p>Con el objetivo de avanzar en materia de mantenci\u00f3n de espacios p\u00fablicos, la municipalidad de Isla de Maipo realiz\u00f3 trabajos en veredas y ciclov\u00edas. De acuerdo a informaci\u00f3n entregada desde la casa consistorial. equipos de la Direcci\u00f3n de Obras realizaron nivelaci\u00f3n de veredas en Barrio La Campi\u00f1a, trabajos que permitieron mejorar las condiciones de circulaci\u00f3n<\/p>\n<div class=\"read-more-wrapper\"><a class=\"read-more\" href=\"https:\/\/diarioellabrador.cl\/index.php\/2025\/04\/14\/isla-de-maipo-municipio-realiza-trabajos-en-veredas-y-ciclovias\/\" title=\"Leer m\u00e1s\"> <span class=\"button \">Leer m\u00e1s<\/span><\/a><\/div>\n","protected":false},"author":2,"featured_media":1746,"comment_status":"open","ping_status":"open","sticky":false,"template":"","format":"standard","meta":{"footnotes":""},"categories":[1],"tags":[],"class_list":["post-1785","post","type-post","status-publish","format-standard","has-post-thumbnail","hentry","category-cronica"],"yoast_head":"<!-- This site is optimized with the Yoast SEO plugin v27.5 - https:\/\/yoast.com\/product\/yoast-seo-wordpress\/ -->\n<title>Isla de Maipo: municipio realiza trabajos en veredas y ciclov\u00edas - Diario El Labrador<\/title>\n<meta name=\"robots\" content=\"index, follow, max-snippet:-1, max-image-preview:large, max-video-preview:-1\" \/>\n<link rel=\"canonical\" href=\"https:\/\/diarioellabrador.cl\/index.php\/2025\/04\/14\/isla-de-maipo-municipio-realiza-trabajos-en-veredas-y-ciclovias\/\" \/>\n<meta property=\"og:locale\" content=\"es_ES\" \/>\n<meta property=\"og:type\" content=\"article\" \/>\n<meta property=\"og:title\" content=\"Isla de Maipo: municipio realiza trabajos en veredas y ciclov\u00edas - Diario El Labrador\" \/>\n<meta property=\"og:description\" content=\"Con el objetivo de avanzar en materia de mantenci\u00f3n de espacios p\u00fablicos, la municipalidad de Isla de Maipo realiz\u00f3 trabajos en veredas y ciclov\u00edas. De acuerdo a informaci\u00f3n entregada desde la casa consistorial. equipos de la Direcci\u00f3n de Obras realizaron nivelaci\u00f3n de veredas en Barrio La Campi\u00f1a, trabajos que permitieron mejorar las condiciones de circulaci\u00f3n Leer m\u00e1s\" \/>\n<meta property=\"og:url\" content=\"https:\/\/diarioellabrador.cl\/index.php\/2025\/04\/14\/isla-de-maipo-municipio-realiza-trabajos-en-veredas-y-ciclovias\/\" \/>\n<meta property=\"og:site_name\" content=\"Diario El Labrador\" \/>\n<meta property=\"article:publisher\" content=\"https:\/\/web.facebook.com\/profile.php?id=61576120840621\" \/>\n<meta property=\"article:published_time\" content=\"2025-04-14T23:17:25+00:00\" \/>\n<meta property=\"og:image\" content=\"https:\/\/diarioellabrador.cl\/wp-content\/uploads\/2025\/04\/Isla-de-Maipo-municipio-realiza-trabajos-en-veredas-y-ciclovias-1.jpg\" \/>\n\t<meta property=\"og:image:width\" content=\"1200\" \/>\n\t<meta property=\"og:image:height\" content=\"1599\" \/>\n\t<meta property=\"og:image:type\" content=\"image\/jpeg\" \/>\n<meta name=\"author\" content=\"Editor\" \/>\n<meta name=\"twitter:card\" content=\"summary_large_image\" \/>\n<meta name=\"twitter:creator\" content=\"@ElLabradorOf\" \/>\n<meta name=\"twitter:site\" content=\"@ElLabradorOf\" \/>\n<meta name=\"twitter:label1\" content=\"Escrito por\" \/>\n\t<meta name=\"twitter:data1\" content=\"Editor\" \/>\n\t<meta name=\"twitter:label2\" content=\"Tiempo de lectura\" \/>\n\t<meta name=\"twitter:data2\" content=\"1 minuto\" \/>\n<script type=\"application\/ld+json\" class=\"yoast-schema-graph\">{\"@context\":\"https:\\\/\\\/schema.org\",\"@graph\":[{\"@type\":\"Article\",\"@id\":\"https:\\\/\\\/diarioellabrador.cl\\\/index.php\\\/2025\\\/04\\\/14\\\/isla-de-maipo-municipio-realiza-trabajos-en-veredas-y-ciclovias\\\/#article\",\"isPartOf\":{\"@id\":\"https:\\\/\\\/diarioellabrador.cl\\\/index.php\\\/2025\\\/04\\\/14\\\/isla-de-maipo-municipio-realiza-trabajos-en-veredas-y-ciclovias\\\/\"},\"author\":{\"name\":\"Editor\",\"@id\":\"https:\\\/\\\/diarioellabrador.cl\\\/#\\\/schema\\\/person\\\/bc25ff80b4563f9c7f4bd7855df01685\"},\"headline\":\"Isla de Maipo: municipio realiza trabajos en veredas y ciclov\u00edas\",\"datePublished\":\"2025-04-14T23:17:25+00:00\",\"mainEntityOfPage\":{\"@id\":\"https:\\\/\\\/diarioellabrador.cl\\\/index.php\\\/2025\\\/04\\\/14\\\/isla-de-maipo-municipio-realiza-trabajos-en-veredas-y-ciclovias\\\/\"},\"wordCount\":123,\"commentCount\":0,\"publisher\":{\"@id\":\"https:\\\/\\\/diarioellabrador.cl\\\/#organization\"},\"image\":{\"@id\":\"https:\\\/\\\/diarioellabrador.cl\\\/index.php\\\/2025\\\/04\\\/14\\\/isla-de-maipo-municipio-realiza-trabajos-en-veredas-y-ciclovias\\\/#primaryimage\"},\"thumbnailUrl\":\"https:\\\/\\\/diarioellabrador.cl\\\/wp-content\\\/uploads\\\/2025\\\/04\\\/Isla-de-Maipo-municipio-realiza-trabajos-en-veredas-y-ciclovias-1.jpg\",\"articleSection\":[\"Cr\u00f3nica\"],\"inLanguage\":\"es\",\"potentialAction\":[{\"@type\":\"CommentAction\",\"name\":\"Comment\",\"target\":[\"https:\\\/\\\/diarioellabrador.cl\\\/index.php\\\/2025\\\/04\\\/14\\\/isla-de-maipo-municipio-realiza-trabajos-en-veredas-y-ciclovias\\\/#respond\"]}]},{\"@type\":\"WebPage\",\"@id\":\"https:\\\/\\\/diarioellabrador.cl\\\/index.php\\\/2025\\\/04\\\/14\\\/isla-de-maipo-municipio-realiza-trabajos-en-veredas-y-ciclovias\\\/\",\"url\":\"https:\\\/\\\/diarioellabrador.cl\\\/index.php\\\/2025\\\/04\\\/14\\\/isla-de-maipo-municipio-realiza-trabajos-en-veredas-y-ciclovias\\\/\",\"name\":\"Isla de Maipo: municipio realiza trabajos en veredas y ciclov\u00edas - Diario El Labrador\",\"isPartOf\":{\"@id\":\"https:\\\/\\\/diarioellabrador.cl\\\/#website\"},\"primaryImageOfPage\":{\"@id\":\"https:\\\/\\\/diarioellabrador.cl\\\/index.php\\\/2025\\\/04\\\/14\\\/isla-de-maipo-municipio-realiza-trabajos-en-veredas-y-ciclovias\\\/#primaryimage\"},\"image\":{\"@id\":\"https:\\\/\\\/diarioellabrador.cl\\\/index.php\\\/2025\\\/04\\\/14\\\/isla-de-maipo-municipio-realiza-trabajos-en-veredas-y-ciclovias\\\/#primaryimage\"},\"thumbnailUrl\":\"https:\\\/\\\/diarioellabrador.cl\\\/wp-content\\\/uploads\\\/2025\\\/04\\\/Isla-de-Maipo-municipio-realiza-trabajos-en-veredas-y-ciclovias-1.jpg\",\"datePublished\":\"2025-04-14T23:17:25+00:00\",\"breadcrumb\":{\"@id\":\"https:\\\/\\\/diarioellabrador.cl\\\/index.php\\\/2025\\\/04\\\/14\\\/isla-de-maipo-municipio-realiza-trabajos-en-veredas-y-ciclovias\\\/#breadcrumb\"},\"inLanguage\":\"es\",\"potentialAction\":[{\"@type\":\"ReadAction\",\"target\":[\"https:\\\/\\\/diarioellabrador.cl\\\/index.php\\\/2025\\\/04\\\/14\\\/isla-de-maipo-municipio-realiza-trabajos-en-veredas-y-ciclovias\\\/\"]}]},{\"@type\":\"ImageObject\",\"inLanguage\":\"es\",\"@id\":\"https:\\\/\\\/diarioellabrador.cl\\\/index.php\\\/2025\\\/04\\\/14\\\/isla-de-maipo-municipio-realiza-trabajos-en-veredas-y-ciclovias\\\/#primaryimage\",\"url\":\"https:\\\/\\\/diarioellabrador.cl\\\/wp-content\\\/uploads\\\/2025\\\/04\\\/Isla-de-Maipo-municipio-realiza-trabajos-en-veredas-y-ciclovias-1.jpg\",\"contentUrl\":\"https:\\\/\\\/diarioellabrador.cl\\\/wp-content\\\/uploads\\\/2025\\\/04\\\/Isla-de-Maipo-municipio-realiza-trabajos-en-veredas-y-ciclovias-1.jpg\",\"width\":1200,\"height\":1599},{\"@type\":\"BreadcrumbList\",\"@id\":\"https:\\\/\\\/diarioellabrador.cl\\\/index.php\\\/2025\\\/04\\\/14\\\/isla-de-maipo-municipio-realiza-trabajos-en-veredas-y-ciclovias\\\/#breadcrumb\",\"itemListElement\":[{\"@type\":\"ListItem\",\"position\":1,\"name\":\"Portada\",\"item\":\"https:\\\/\\\/diarioellabrador.cl\\\/\"},{\"@type\":\"ListItem\",\"position\":2,\"name\":\"Isla de Maipo: municipio realiza trabajos en veredas y ciclov\u00edas\"}]},{\"@type\":\"WebSite\",\"@id\":\"https:\\\/\\\/diarioellabrador.cl\\\/#website\",\"url\":\"https:\\\/\\\/diarioellabrador.cl\\\/\",\"name\":\"Diario El Labrador\",\"description\":\"Haciendo noticia desde 1921\",\"publisher\":{\"@id\":\"https:\\\/\\\/diarioellabrador.cl\\\/#organization\"},\"potentialAction\":[{\"@type\":\"SearchAction\",\"target\":{\"@type\":\"EntryPoint\",\"urlTemplate\":\"https:\\\/\\\/diarioellabrador.cl\\\/?s={search_term_string}\"},\"query-input\":{\"@type\":\"PropertyValueSpecification\",\"valueRequired\":true,\"valueName\":\"search_term_string\"}}],\"inLanguage\":\"es\"},{\"@type\":\"Organization\",\"@id\":\"https:\\\/\\\/diarioellabrador.cl\\\/#organization\",\"name\":\"Diario El Labrador\",\"url\":\"https:\\\/\\\/diarioellabrador.cl\\\/\",\"logo\":{\"@type\":\"ImageObject\",\"inLanguage\":\"es\",\"@id\":\"https:\\\/\\\/diarioellabrador.cl\\\/#\\\/schema\\\/logo\\\/image\\\/\",\"url\":\"https:\\\/\\\/diarioellabrador.cl\\\/wp-content\\\/uploads\\\/2025\\\/02\\\/cropped-Logo-Icono.png\",\"contentUrl\":\"https:\\\/\\\/diarioellabrador.cl\\\/wp-content\\\/uploads\\\/2025\\\/02\\\/cropped-Logo-Icono.png\",\"width\":512,\"height\":512,\"caption\":\"Diario El Labrador\"},\"image\":{\"@id\":\"https:\\\/\\\/diarioellabrador.cl\\\/#\\\/schema\\\/logo\\\/image\\\/\"},\"sameAs\":[\"https:\\\/\\\/web.facebook.com\\\/profile.php?id=61576120840621\",\"https:\\\/\\\/x.com\\\/ElLabradorOf\",\"https:\\\/\\\/www.instagram.com\\\/diarioellabradoroficial\\\/\"]},{\"@type\":\"Person\",\"@id\":\"https:\\\/\\\/diarioellabrador.cl\\\/#\\\/schema\\\/person\\\/bc25ff80b4563f9c7f4bd7855df01685\",\"name\":\"Editor\",\"image\":{\"@type\":\"ImageObject\",\"inLanguage\":\"es\",\"@id\":\"https:\\\/\\\/secure.gravatar.com\\\/avatar\\\/109c326cf2be5c04f048c2c2a2b8b6ef44bf3d8d1d3d4c55d0ac40c4bc994684?s=96&d=mm&r=g\",\"url\":\"https:\\\/\\\/secure.gravatar.com\\\/avatar\\\/109c326cf2be5c04f048c2c2a2b8b6ef44bf3d8d1d3d4c55d0ac40c4bc994684?s=96&d=mm&r=g\",\"contentUrl\":\"https:\\\/\\\/secure.gravatar.com\\\/avatar\\\/109c326cf2be5c04f048c2c2a2b8b6ef44bf3d8d1d3d4c55d0ac40c4bc994684?s=96&d=mm&r=g\",\"caption\":\"Editor\"},\"url\":\"https:\\\/\\\/diarioellabrador.cl\\\/index.php\\\/author\\\/editor\\\/\"}]}<\/script>\n<!-- \/ Yoast SEO plugin. -->","yoast_head_json":{"title":"Isla de Maipo: municipio realiza trabajos en veredas y ciclov\u00edas - Diario El Labrador","robots":{"index":"index","follow":"follow","max-snippet":"max-snippet:-1","max-image-preview":"max-image-preview:large","max-video-preview":"max-video-preview:-1"},"canonical":"https:\/\/diarioellabrador.cl\/index.php\/2025\/04\/14\/isla-de-maipo-municipio-realiza-trabajos-en-veredas-y-ciclovias\/","og_locale":"es_ES","og_type":"article","og_title":"Isla de Maipo: municipio realiza trabajos en veredas y ciclov\u00edas - Diario El Labrador","og_description":"Con el objetivo de avanzar en materia de mantenci\u00f3n de espacios p\u00fablicos, la municipalidad de Isla de Maipo realiz\u00f3 trabajos en veredas y ciclov\u00edas. De acuerdo a informaci\u00f3n entregada desde la casa consistorial. equipos de la Direcci\u00f3n de Obras realizaron nivelaci\u00f3n de veredas en Barrio La Campi\u00f1a, trabajos que permitieron mejorar las condiciones de circulaci\u00f3n Leer m\u00e1s","og_url":"https:\/\/diarioellabrador.cl\/index.php\/2025\/04\/14\/isla-de-maipo-municipio-realiza-trabajos-en-veredas-y-ciclovias\/","og_site_name":"Diario El Labrador","article_publisher":"https:\/\/web.facebook.com\/profile.php?id=61576120840621","article_published_time":"2025-04-14T23:17:25+00:00","og_image":[{"width":1200,"height":1599,"url":"https:\/\/diarioellabrador.cl\/wp-content\/uploads\/2025\/04\/Isla-de-Maipo-municipio-realiza-trabajos-en-veredas-y-ciclovias-1.jpg","type":"image\/jpeg"}],"author":"Editor","twitter_card":"summary_large_image","twitter_creator":"@ElLabradorOf","twitter_site":"@ElLabradorOf","twitter_misc":{"Escrito por":"Editor","Tiempo de lectura":"1 minuto"},"schema":{"@context":"https:\/\/schema.org","@graph":[{"@type":"Article","@id":"https:\/\/diarioellabrador.cl\/index.php\/2025\/04\/14\/isla-de-maipo-municipio-realiza-trabajos-en-veredas-y-ciclovias\/#article","isPartOf":{"@id":"https:\/\/diarioellabrador.cl\/index.php\/2025\/04\/14\/isla-de-maipo-municipio-realiza-trabajos-en-veredas-y-ciclovias\/"},"author":{"name":"Editor","@id":"https:\/\/diarioellabrador.cl\/#\/schema\/person\/bc25ff80b4563f9c7f4bd7855df01685"},"headline":"Isla de Maipo: municipio realiza trabajos en veredas y ciclov\u00edas","datePublished":"2025-04-14T23:17:25+00:00","mainEntityOfPage":{"@id":"https:\/\/diarioellabrador.cl\/index.php\/2025\/04\/14\/isla-de-maipo-municipio-realiza-trabajos-en-veredas-y-ciclovias\/"},"wordCount":123,"commentCount":0,"publisher":{"@id":"https:\/\/diarioellabrador.cl\/#organization"},"image":{"@id":"https:\/\/diarioellabrador.cl\/index.php\/2025\/04\/14\/isla-de-maipo-municipio-realiza-trabajos-en-veredas-y-ciclovias\/#primaryimage"},"thumbnailUrl":"https:\/\/diarioellabrador.cl\/wp-content\/uploads\/2025\/04\/Isla-de-Maipo-municipio-realiza-trabajos-en-veredas-y-ciclovias-1.jpg","articleSection":["Cr\u00f3nica"],"inLanguage":"es","potentialAction":[{"@type":"CommentAction","name":"Comment","target":["https:\/\/diarioellabrador.cl\/index.php\/2025\/04\/14\/isla-de-maipo-municipio-realiza-trabajos-en-veredas-y-ciclovias\/#respond"]}]},{"@type":"WebPage","@id":"https:\/\/diarioellabrador.cl\/index.php\/2025\/04\/14\/isla-de-maipo-municipio-realiza-trabajos-en-veredas-y-ciclovias\/","url":"https:\/\/diarioellabrador.cl\/index.php\/2025\/04\/14\/isla-de-maipo-municipio-realiza-trabajos-en-veredas-y-ciclovias\/","name":"Isla de Maipo: municipio realiza trabajos en veredas y ciclov\u00edas - Diario El Labrador","isPartOf":{"@id":"https:\/\/diarioellabrador.cl\/#website"},"primaryImageOfPage":{"@id":"https:\/\/diarioellabrador.cl\/index.php\/2025\/04\/14\/isla-de-maipo-municipio-realiza-trabajos-en-veredas-y-ciclovias\/#primaryimage"},"image":{"@id":"https:\/\/diarioellabrador.cl\/index.php\/2025\/04\/14\/isla-de-maipo-municipio-realiza-trabajos-en-veredas-y-ciclovias\/#primaryimage"},"thumbnailUrl":"https:\/\/diarioellabrador.cl\/wp-content\/uploads\/2025\/04\/Isla-de-Maipo-municipio-realiza-trabajos-en-veredas-y-ciclovias-1.jpg","datePublished":"2025-04-14T23:17:25+00:00","breadcrumb":{"@id":"https:\/\/diarioellabrador.cl\/index.php\/2025\/04\/14\/isla-de-maipo-municipio-realiza-trabajos-en-veredas-y-ciclovias\/#breadcrumb"},"inLanguage":"es","potentialAction":[{"@type":"ReadAction","target":["https:\/\/diarioellabrador.cl\/index.php\/2025\/04\/14\/isla-de-maipo-municipio-realiza-trabajos-en-veredas-y-ciclovias\/"]}]},{"@type":"ImageObject","inLanguage":"es","@id":"https:\/\/diarioellabrador.cl\/index.php\/2025\/04\/14\/isla-de-maipo-municipio-realiza-trabajos-en-veredas-y-ciclovias\/#primaryimage","url":"https:\/\/diarioellabrador.cl\/wp-content\/uploads\/2025\/04\/Isla-de-Maipo-municipio-realiza-trabajos-en-veredas-y-ciclovias-1.jpg","contentUrl":"https:\/\/diarioellabrador.cl\/wp-content\/uploads\/2025\/04\/Isla-de-Maipo-municipio-realiza-trabajos-en-veredas-y-ciclovias-1.jpg","width":1200,"height":1599},{"@type":"BreadcrumbList","@id":"https:\/\/diarioellabrador.cl\/index.php\/2025\/04\/14\/isla-de-maipo-municipio-realiza-trabajos-en-veredas-y-ciclovias\/#breadcrumb","itemListElement":[{"@type":"ListItem","position":1,"name":"Portada","item":"https:\/\/diarioellabrador.cl\/"},{"@type":"ListItem","position":2,"name":"Isla de Maipo: municipio realiza trabajos en veredas y ciclov\u00edas"}]},{"@type":"WebSite","@id":"https:\/\/diarioellabrador.cl\/#website","url":"https:\/\/diarioellabrador.cl\/","name":"Diario El Labrador","description":"Haciendo noticia desde 1921","publisher":{"@id":"https:\/\/diarioellabrador.cl\/#organization"},"potentialAction":[{"@type":"SearchAction","target":{"@type":"EntryPoint","urlTemplate":"https:\/\/diarioellabrador.cl\/?s={search_term_string}"},"query-input":{"@type":"PropertyValueSpecification","valueRequired":true,"valueName":"search_term_string"}}],"inLanguage":"es"},{"@type":"Organization","@id":"https:\/\/diarioellabrador.cl\/#organization","name":"Diario El Labrador","url":"https:\/\/diarioellabrador.cl\/","logo":{"@type":"ImageObject","inLanguage":"es","@id":"https:\/\/diarioellabrador.cl\/#\/schema\/logo\/image\/","url":"https:\/\/diarioellabrador.cl\/wp-content\/uploads\/2025\/02\/cropped-Logo-Icono.png","contentUrl":"https:\/\/diarioellabrador.cl\/wp-content\/uploads\/2025\/02\/cropped-Logo-Icono.png","width":512,"height":512,"caption":"Diario El Labrador"},"image":{"@id":"https:\/\/diarioellabrador.cl\/#\/schema\/logo\/image\/"},"sameAs":["https:\/\/web.facebook.com\/profile.php?id=61576120840621","https:\/\/x.com\/ElLabradorOf","https:\/\/www.instagram.com\/diarioellabradoroficial\/"]},{"@type":"Person","@id":"https:\/\/diarioellabrador.cl\/#\/schema\/person\/bc25ff80b4563f9c7f4bd7855df01685","name":"Editor","image":{"@type":"ImageObject","inLanguage":"es","@id":"https:\/\/secure.gravatar.com\/avatar\/109c326cf2be5c04f048c2c2a2b8b6ef44bf3d8d1d3d4c55d0ac40c4bc994684?s=96&d=mm&r=g","url":"https:\/\/secure.gravatar.com\/avatar\/109c326cf2be5c04f048c2c2a2b8b6ef44bf3d8d1d3d4c55d0ac40c4bc994684?s=96&d=mm&r=g","contentUrl":"https:\/\/secure.gravatar.com\/avatar\/109c326cf2be5c04f048c2c2a2b8b6ef44bf3d8d1d3d4c55d0ac40c4bc994684?s=96&d=mm&r=g","caption":"Editor"},"url":"https:\/\/diarioellabrador.cl\/index.php\/author\/editor\/"}]}},"_links":{"self":[{"href":"https:\/\/diarioellabrador.cl\/index.php\/wp-json\/wp\/v2\/posts\/1785","targetHints":{"allow":["GET"]}}],"collection":[{"href":"https:\/\/diarioellabrador.cl\/index.php\/wp-json\/wp\/v2\/posts"}],"about":[{"href":"https:\/\/diarioellabrador.cl\/index.php\/wp-json\/wp\/v2\/types\/post"}],"author":[{"embeddable":true,"href":"https:\/\/diarioellabrador.cl\/index.php\/wp-json\/wp\/v2\/users\/2"}],"replies":[{"embeddable":true,"href":"https:\/\/diarioellabrador.cl\/index.php\/wp-json\/wp\/v2\/comments?post=1785"}],"version-history":[{"count":1,"href":"https:\/\/diarioellabrador.cl\/index.php\/wp-json\/wp\/v2\/posts\/1785\/revisions"}],"predecessor-version":[{"id":1786,"href":"https:\/\/diarioellabrador.cl\/index.php\/wp-json\/wp\/v2\/posts\/1785\/revisions\/1786"}],"wp:featuredmedia":[{"embeddable":true,"href":"https:\/\/diarioellabrador.cl\/index.php\/wp-json\/wp\/v2\/media\/1746"}],"wp:attachment":[{"href":"https:\/\/diarioellabrador.cl\/index.php\/wp-json\/wp\/v2\/media?parent=1785"}],"wp:term":[{"taxonomy":"category","embeddable":true,"href":"https:\/\/diarioellabrador.cl\/index.php\/wp-json\/wp\/v2\/categories?post=1785"},{"taxonomy":"post_tag","embeddable":true,"href":"https:\/\/diarioellabrador.cl\/index.php\/wp-json\/wp\/v2\/tags?post=1785"}],"curies":[{"name":"wp","href":"https:\/\/api.w.org\/{rel}","templated":true}]}}