{"id":1781,"date":"2025-04-14T19:16:25","date_gmt":"2025-04-14T23:16:25","guid":{"rendered":"https:\/\/diarioellabrador.cl\/?p=1781"},"modified":"2025-04-14T19:16:25","modified_gmt":"2025-04-14T23:16:25","slug":"detienen-a-menor-de-edad-que-portaba-arma-de-fuego-en-plaza-de-armas","status":"publish","type":"post","link":"https:\/\/diarioellabrador.cl\/index.php\/2025\/04\/14\/detienen-a-menor-de-edad-que-portaba-arma-de-fuego-en-plaza-de-armas\/","title":{"rendered":"Detienen a menor de edad que portaba arma de fuego en Plaza de Armas"},"content":{"rendered":"\n<p>Un menor de edad fue sorprendido por Carabineros portando un arma de fogueo en Plaza de Armas de Melipilla, acompa\u00f1ado de otros sujetos que consum\u00edan marihuana.<\/p>\n\n\n\n<p>Fue alrededor de las 16.30 horas que personal de la secci\u00f3n motorizada de Carabineros se encontraban en el centro de la ciudad cuando fueron alertado que un grupo de 6 j\u00f3venes consum\u00edan droga en plena v\u00eda p\u00fablica.<\/p>\n\n\n\n<p>Los efectivos de inmediato se dirigieron al sector donde se encontraban para proceder a efectuar un control de identidad investigativo.<\/p>\n\n\n\n<p>Al proceder a su fiscalizaci\u00f3n, se encontr\u00f3 entre sus pertenencias marihuana elaborada y dosificada, adem\u00e1s de un rev\u00f3lver a fogueo, elemento considerado como arma prohibida.<\/p>\n\n\n\n<p>Producto de lo anterior, se detuvo a dos personas: un adulto y un menor de edad de 15 a\u00f1os, quedando ambos a disposici\u00f3n el Ministerio P\u00fablico.<\/p>\n\n\n\n<p><strong>PLAN DE INTERVENCI\u00d3N<\/strong><\/p>\n\n\n\n<p>Desde Carabineros de la 24 comisar\u00eda de Melipilla informaron que este procedimiento se enmarca dentro del denominado Plan de Intervenci\u00f3n Activa, que se est\u00e1 desarrollando en el centro de la comuna, esto con el objetivo de reforzar la presencia policial, prevenir delitos e incivilidades junto con garantizar un entorno m\u00e1s seguro para todos los vecinos.<\/p>\n","protected":false},"excerpt":{"rendered":"<p>Un menor de edad fue sorprendido por Carabineros portando un arma de fogueo en Plaza de Armas de Melipilla, acompa\u00f1ado de otros sujetos que consum\u00edan marihuana. Fue alrededor de las 16.30 horas que personal de la secci\u00f3n motorizada de Carabineros se encontraban en el centro de la ciudad cuando fueron alertado que un grupo de<\/p>\n<div class=\"read-more-wrapper\"><a class=\"read-more\" href=\"https:\/\/diarioellabrador.cl\/index.php\/2025\/04\/14\/detienen-a-menor-de-edad-que-portaba-arma-de-fuego-en-plaza-de-armas\/\" title=\"Leer m\u00e1s\"> <span class=\"button \">Leer m\u00e1s<\/span><\/a><\/div>\n","protected":false},"author":2,"featured_media":1753,"comment_status":"open","ping_status":"open","sticky":false,"template":"","format":"standard","meta":{"footnotes":""},"categories":[3],"tags":[],"class_list":["post-1781","post","type-post","status-publish","format-standard","has-post-thumbnail","hentry","category-policial"],"yoast_head":"<!-- This site is optimized with the Yoast SEO plugin v27.5 - https:\/\/yoast.com\/product\/yoast-seo-wordpress\/ -->\n<title>Detienen a menor de edad que portaba arma de fuego en Plaza de Armas - Diario El Labrador<\/title>\n<meta name=\"robots\" content=\"index, follow, max-snippet:-1, max-image-preview:large, max-video-preview:-1\" \/>\n<link rel=\"canonical\" href=\"https:\/\/diarioellabrador.cl\/index.php\/2025\/04\/14\/detienen-a-menor-de-edad-que-portaba-arma-de-fuego-en-plaza-de-armas\/\" \/>\n<meta property=\"og:locale\" content=\"es_ES\" \/>\n<meta property=\"og:type\" content=\"article\" \/>\n<meta property=\"og:title\" content=\"Detienen a menor de edad que portaba arma de fuego en Plaza de Armas - Diario El Labrador\" \/>\n<meta property=\"og:description\" content=\"Un menor de edad fue sorprendido por Carabineros portando un arma de fogueo en Plaza de Armas de Melipilla, acompa\u00f1ado de otros sujetos que consum\u00edan marihuana. Fue alrededor de las 16.30 horas que personal de la secci\u00f3n motorizada de Carabineros se encontraban en el centro de la ciudad cuando fueron alertado que un grupo de Leer m\u00e1s\" \/>\n<meta property=\"og:url\" content=\"https:\/\/diarioellabrador.cl\/index.php\/2025\/04\/14\/detienen-a-menor-de-edad-que-portaba-arma-de-fuego-en-plaza-de-armas\/\" \/>\n<meta property=\"og:site_name\" content=\"Diario El Labrador\" \/>\n<meta property=\"article:publisher\" content=\"https:\/\/web.facebook.com\/profile.php?id=61576120840621\" \/>\n<meta property=\"article:published_time\" content=\"2025-04-14T23:16:25+00:00\" \/>\n<meta property=\"og:image\" content=\"https:\/\/diarioellabrador.cl\/wp-content\/uploads\/2025\/04\/Detienen-a-menor-de-edad-que-portaba-arma-de-fuego-en-Plaza-de-Armas.jpg\" \/>\n\t<meta property=\"og:image:width\" content=\"1280\" \/>\n\t<meta property=\"og:image:height\" content=\"720\" \/>\n\t<meta property=\"og:image:type\" content=\"image\/jpeg\" \/>\n<meta name=\"author\" content=\"Editor\" \/>\n<meta name=\"twitter:card\" content=\"summary_large_image\" \/>\n<meta name=\"twitter:creator\" content=\"@ElLabradorOf\" \/>\n<meta name=\"twitter:site\" content=\"@ElLabradorOf\" \/>\n<meta name=\"twitter:label1\" content=\"Escrito por\" \/>\n\t<meta name=\"twitter:data1\" content=\"Editor\" \/>\n\t<meta name=\"twitter:label2\" content=\"Tiempo de lectura\" \/>\n\t<meta name=\"twitter:data2\" content=\"1 minuto\" \/>\n<script type=\"application\/ld+json\" class=\"yoast-schema-graph\">{\"@context\":\"https:\\\/\\\/schema.org\",\"@graph\":[{\"@type\":\"Article\",\"@id\":\"https:\\\/\\\/diarioellabrador.cl\\\/index.php\\\/2025\\\/04\\\/14\\\/detienen-a-menor-de-edad-que-portaba-arma-de-fuego-en-plaza-de-armas\\\/#article\",\"isPartOf\":{\"@id\":\"https:\\\/\\\/diarioellabrador.cl\\\/index.php\\\/2025\\\/04\\\/14\\\/detienen-a-menor-de-edad-que-portaba-arma-de-fuego-en-plaza-de-armas\\\/\"},\"author\":{\"name\":\"Editor\",\"@id\":\"https:\\\/\\\/diarioellabrador.cl\\\/#\\\/schema\\\/person\\\/bc25ff80b4563f9c7f4bd7855df01685\"},\"headline\":\"Detienen a menor de edad que portaba arma de fuego en Plaza de Armas\",\"datePublished\":\"2025-04-14T23:16:25+00:00\",\"mainEntityOfPage\":{\"@id\":\"https:\\\/\\\/diarioellabrador.cl\\\/index.php\\\/2025\\\/04\\\/14\\\/detienen-a-menor-de-edad-que-portaba-arma-de-fuego-en-plaza-de-armas\\\/\"},\"wordCount\":219,\"commentCount\":0,\"publisher\":{\"@id\":\"https:\\\/\\\/diarioellabrador.cl\\\/#organization\"},\"image\":{\"@id\":\"https:\\\/\\\/diarioellabrador.cl\\\/index.php\\\/2025\\\/04\\\/14\\\/detienen-a-menor-de-edad-que-portaba-arma-de-fuego-en-plaza-de-armas\\\/#primaryimage\"},\"thumbnailUrl\":\"https:\\\/\\\/diarioellabrador.cl\\\/wp-content\\\/uploads\\\/2025\\\/04\\\/Detienen-a-menor-de-edad-que-portaba-arma-de-fuego-en-Plaza-de-Armas.jpg\",\"articleSection\":[\"Policial\"],\"inLanguage\":\"es\",\"potentialAction\":[{\"@type\":\"CommentAction\",\"name\":\"Comment\",\"target\":[\"https:\\\/\\\/diarioellabrador.cl\\\/index.php\\\/2025\\\/04\\\/14\\\/detienen-a-menor-de-edad-que-portaba-arma-de-fuego-en-plaza-de-armas\\\/#respond\"]}]},{\"@type\":\"WebPage\",\"@id\":\"https:\\\/\\\/diarioellabrador.cl\\\/index.php\\\/2025\\\/04\\\/14\\\/detienen-a-menor-de-edad-que-portaba-arma-de-fuego-en-plaza-de-armas\\\/\",\"url\":\"https:\\\/\\\/diarioellabrador.cl\\\/index.php\\\/2025\\\/04\\\/14\\\/detienen-a-menor-de-edad-que-portaba-arma-de-fuego-en-plaza-de-armas\\\/\",\"name\":\"Detienen a menor de edad que portaba arma de fuego en Plaza de Armas - Diario El Labrador\",\"isPartOf\":{\"@id\":\"https:\\\/\\\/diarioellabrador.cl\\\/#website\"},\"primaryImageOfPage\":{\"@id\":\"https:\\\/\\\/diarioellabrador.cl\\\/index.php\\\/2025\\\/04\\\/14\\\/detienen-a-menor-de-edad-que-portaba-arma-de-fuego-en-plaza-de-armas\\\/#primaryimage\"},\"image\":{\"@id\":\"https:\\\/\\\/diarioellabrador.cl\\\/index.php\\\/2025\\\/04\\\/14\\\/detienen-a-menor-de-edad-que-portaba-arma-de-fuego-en-plaza-de-armas\\\/#primaryimage\"},\"thumbnailUrl\":\"https:\\\/\\\/diarioellabrador.cl\\\/wp-content\\\/uploads\\\/2025\\\/04\\\/Detienen-a-menor-de-edad-que-portaba-arma-de-fuego-en-Plaza-de-Armas.jpg\",\"datePublished\":\"2025-04-14T23:16:25+00:00\",\"breadcrumb\":{\"@id\":\"https:\\\/\\\/diarioellabrador.cl\\\/index.php\\\/2025\\\/04\\\/14\\\/detienen-a-menor-de-edad-que-portaba-arma-de-fuego-en-plaza-de-armas\\\/#breadcrumb\"},\"inLanguage\":\"es\",\"potentialAction\":[{\"@type\":\"ReadAction\",\"target\":[\"https:\\\/\\\/diarioellabrador.cl\\\/index.php\\\/2025\\\/04\\\/14\\\/detienen-a-menor-de-edad-que-portaba-arma-de-fuego-en-plaza-de-armas\\\/\"]}]},{\"@type\":\"ImageObject\",\"inLanguage\":\"es\",\"@id\":\"https:\\\/\\\/diarioellabrador.cl\\\/index.php\\\/2025\\\/04\\\/14\\\/detienen-a-menor-de-edad-que-portaba-arma-de-fuego-en-plaza-de-armas\\\/#primaryimage\",\"url\":\"https:\\\/\\\/diarioellabrador.cl\\\/wp-content\\\/uploads\\\/2025\\\/04\\\/Detienen-a-menor-de-edad-que-portaba-arma-de-fuego-en-Plaza-de-Armas.jpg\",\"contentUrl\":\"https:\\\/\\\/diarioellabrador.cl\\\/wp-content\\\/uploads\\\/2025\\\/04\\\/Detienen-a-menor-de-edad-que-portaba-arma-de-fuego-en-Plaza-de-Armas.jpg\",\"width\":1280,\"height\":720},{\"@type\":\"BreadcrumbList\",\"@id\":\"https:\\\/\\\/diarioellabrador.cl\\\/index.php\\\/2025\\\/04\\\/14\\\/detienen-a-menor-de-edad-que-portaba-arma-de-fuego-en-plaza-de-armas\\\/#breadcrumb\",\"itemListElement\":[{\"@type\":\"ListItem\",\"position\":1,\"name\":\"Portada\",\"item\":\"https:\\\/\\\/diarioellabrador.cl\\\/\"},{\"@type\":\"ListItem\",\"position\":2,\"name\":\"Detienen a menor de edad que portaba arma de fuego en Plaza de Armas\"}]},{\"@type\":\"WebSite\",\"@id\":\"https:\\\/\\\/diarioellabrador.cl\\\/#website\",\"url\":\"https:\\\/\\\/diarioellabrador.cl\\\/\",\"name\":\"Diario El Labrador\",\"description\":\"Haciendo noticia desde 1921\",\"publisher\":{\"@id\":\"https:\\\/\\\/diarioellabrador.cl\\\/#organization\"},\"potentialAction\":[{\"@type\":\"SearchAction\",\"target\":{\"@type\":\"EntryPoint\",\"urlTemplate\":\"https:\\\/\\\/diarioellabrador.cl\\\/?s={search_term_string}\"},\"query-input\":{\"@type\":\"PropertyValueSpecification\",\"valueRequired\":true,\"valueName\":\"search_term_string\"}}],\"inLanguage\":\"es\"},{\"@type\":\"Organization\",\"@id\":\"https:\\\/\\\/diarioellabrador.cl\\\/#organization\",\"name\":\"Diario El Labrador\",\"url\":\"https:\\\/\\\/diarioellabrador.cl\\\/\",\"logo\":{\"@type\":\"ImageObject\",\"inLanguage\":\"es\",\"@id\":\"https:\\\/\\\/diarioellabrador.cl\\\/#\\\/schema\\\/logo\\\/image\\\/\",\"url\":\"https:\\\/\\\/diarioellabrador.cl\\\/wp-content\\\/uploads\\\/2025\\\/02\\\/cropped-Logo-Icono.png\",\"contentUrl\":\"https:\\\/\\\/diarioellabrador.cl\\\/wp-content\\\/uploads\\\/2025\\\/02\\\/cropped-Logo-Icono.png\",\"width\":512,\"height\":512,\"caption\":\"Diario El Labrador\"},\"image\":{\"@id\":\"https:\\\/\\\/diarioellabrador.cl\\\/#\\\/schema\\\/logo\\\/image\\\/\"},\"sameAs\":[\"https:\\\/\\\/web.facebook.com\\\/profile.php?id=61576120840621\",\"https:\\\/\\\/x.com\\\/ElLabradorOf\",\"https:\\\/\\\/www.instagram.com\\\/diarioellabradoroficial\\\/\"]},{\"@type\":\"Person\",\"@id\":\"https:\\\/\\\/diarioellabrador.cl\\\/#\\\/schema\\\/person\\\/bc25ff80b4563f9c7f4bd7855df01685\",\"name\":\"Editor\",\"image\":{\"@type\":\"ImageObject\",\"inLanguage\":\"es\",\"@id\":\"https:\\\/\\\/secure.gravatar.com\\\/avatar\\\/109c326cf2be5c04f048c2c2a2b8b6ef44bf3d8d1d3d4c55d0ac40c4bc994684?s=96&d=mm&r=g\",\"url\":\"https:\\\/\\\/secure.gravatar.com\\\/avatar\\\/109c326cf2be5c04f048c2c2a2b8b6ef44bf3d8d1d3d4c55d0ac40c4bc994684?s=96&d=mm&r=g\",\"contentUrl\":\"https:\\\/\\\/secure.gravatar.com\\\/avatar\\\/109c326cf2be5c04f048c2c2a2b8b6ef44bf3d8d1d3d4c55d0ac40c4bc994684?s=96&d=mm&r=g\",\"caption\":\"Editor\"},\"url\":\"https:\\\/\\\/diarioellabrador.cl\\\/index.php\\\/author\\\/editor\\\/\"}]}<\/script>\n<!-- \/ Yoast SEO plugin. -->","yoast_head_json":{"title":"Detienen a menor de edad que portaba arma de fuego en Plaza de Armas - Diario El Labrador","robots":{"index":"index","follow":"follow","max-snippet":"max-snippet:-1","max-image-preview":"max-image-preview:large","max-video-preview":"max-video-preview:-1"},"canonical":"https:\/\/diarioellabrador.cl\/index.php\/2025\/04\/14\/detienen-a-menor-de-edad-que-portaba-arma-de-fuego-en-plaza-de-armas\/","og_locale":"es_ES","og_type":"article","og_title":"Detienen a menor de edad que portaba arma de fuego en Plaza de Armas - Diario El Labrador","og_description":"Un menor de edad fue sorprendido por Carabineros portando un arma de fogueo en Plaza de Armas de Melipilla, acompa\u00f1ado de otros sujetos que consum\u00edan marihuana. Fue alrededor de las 16.30 horas que personal de la secci\u00f3n motorizada de Carabineros se encontraban en el centro de la ciudad cuando fueron alertado que un grupo de Leer m\u00e1s","og_url":"https:\/\/diarioellabrador.cl\/index.php\/2025\/04\/14\/detienen-a-menor-de-edad-que-portaba-arma-de-fuego-en-plaza-de-armas\/","og_site_name":"Diario El Labrador","article_publisher":"https:\/\/web.facebook.com\/profile.php?id=61576120840621","article_published_time":"2025-04-14T23:16:25+00:00","og_image":[{"width":1280,"height":720,"url":"https:\/\/diarioellabrador.cl\/wp-content\/uploads\/2025\/04\/Detienen-a-menor-de-edad-que-portaba-arma-de-fuego-en-Plaza-de-Armas.jpg","type":"image\/jpeg"}],"author":"Editor","twitter_card":"summary_large_image","twitter_creator":"@ElLabradorOf","twitter_site":"@ElLabradorOf","twitter_misc":{"Escrito por":"Editor","Tiempo de lectura":"1 minuto"},"schema":{"@context":"https:\/\/schema.org","@graph":[{"@type":"Article","@id":"https:\/\/diarioellabrador.cl\/index.php\/2025\/04\/14\/detienen-a-menor-de-edad-que-portaba-arma-de-fuego-en-plaza-de-armas\/#article","isPartOf":{"@id":"https:\/\/diarioellabrador.cl\/index.php\/2025\/04\/14\/detienen-a-menor-de-edad-que-portaba-arma-de-fuego-en-plaza-de-armas\/"},"author":{"name":"Editor","@id":"https:\/\/diarioellabrador.cl\/#\/schema\/person\/bc25ff80b4563f9c7f4bd7855df01685"},"headline":"Detienen a menor de edad que portaba arma de fuego en Plaza de Armas","datePublished":"2025-04-14T23:16:25+00:00","mainEntityOfPage":{"@id":"https:\/\/diarioellabrador.cl\/index.php\/2025\/04\/14\/detienen-a-menor-de-edad-que-portaba-arma-de-fuego-en-plaza-de-armas\/"},"wordCount":219,"commentCount":0,"publisher":{"@id":"https:\/\/diarioellabrador.cl\/#organization"},"image":{"@id":"https:\/\/diarioellabrador.cl\/index.php\/2025\/04\/14\/detienen-a-menor-de-edad-que-portaba-arma-de-fuego-en-plaza-de-armas\/#primaryimage"},"thumbnailUrl":"https:\/\/diarioellabrador.cl\/wp-content\/uploads\/2025\/04\/Detienen-a-menor-de-edad-que-portaba-arma-de-fuego-en-Plaza-de-Armas.jpg","articleSection":["Policial"],"inLanguage":"es","potentialAction":[{"@type":"CommentAction","name":"Comment","target":["https:\/\/diarioellabrador.cl\/index.php\/2025\/04\/14\/detienen-a-menor-de-edad-que-portaba-arma-de-fuego-en-plaza-de-armas\/#respond"]}]},{"@type":"WebPage","@id":"https:\/\/diarioellabrador.cl\/index.php\/2025\/04\/14\/detienen-a-menor-de-edad-que-portaba-arma-de-fuego-en-plaza-de-armas\/","url":"https:\/\/diarioellabrador.cl\/index.php\/2025\/04\/14\/detienen-a-menor-de-edad-que-portaba-arma-de-fuego-en-plaza-de-armas\/","name":"Detienen a menor de edad que portaba arma de fuego en Plaza de Armas - Diario El Labrador","isPartOf":{"@id":"https:\/\/diarioellabrador.cl\/#website"},"primaryImageOfPage":{"@id":"https:\/\/diarioellabrador.cl\/index.php\/2025\/04\/14\/detienen-a-menor-de-edad-que-portaba-arma-de-fuego-en-plaza-de-armas\/#primaryimage"},"image":{"@id":"https:\/\/diarioellabrador.cl\/index.php\/2025\/04\/14\/detienen-a-menor-de-edad-que-portaba-arma-de-fuego-en-plaza-de-armas\/#primaryimage"},"thumbnailUrl":"https:\/\/diarioellabrador.cl\/wp-content\/uploads\/2025\/04\/Detienen-a-menor-de-edad-que-portaba-arma-de-fuego-en-Plaza-de-Armas.jpg","datePublished":"2025-04-14T23:16:25+00:00","breadcrumb":{"@id":"https:\/\/diarioellabrador.cl\/index.php\/2025\/04\/14\/detienen-a-menor-de-edad-que-portaba-arma-de-fuego-en-plaza-de-armas\/#breadcrumb"},"inLanguage":"es","potentialAction":[{"@type":"ReadAction","target":["https:\/\/diarioellabrador.cl\/index.php\/2025\/04\/14\/detienen-a-menor-de-edad-que-portaba-arma-de-fuego-en-plaza-de-armas\/"]}]},{"@type":"ImageObject","inLanguage":"es","@id":"https:\/\/diarioellabrador.cl\/index.php\/2025\/04\/14\/detienen-a-menor-de-edad-que-portaba-arma-de-fuego-en-plaza-de-armas\/#primaryimage","url":"https:\/\/diarioellabrador.cl\/wp-content\/uploads\/2025\/04\/Detienen-a-menor-de-edad-que-portaba-arma-de-fuego-en-Plaza-de-Armas.jpg","contentUrl":"https:\/\/diarioellabrador.cl\/wp-content\/uploads\/2025\/04\/Detienen-a-menor-de-edad-que-portaba-arma-de-fuego-en-Plaza-de-Armas.jpg","width":1280,"height":720},{"@type":"BreadcrumbList","@id":"https:\/\/diarioellabrador.cl\/index.php\/2025\/04\/14\/detienen-a-menor-de-edad-que-portaba-arma-de-fuego-en-plaza-de-armas\/#breadcrumb","itemListElement":[{"@type":"ListItem","position":1,"name":"Portada","item":"https:\/\/diarioellabrador.cl\/"},{"@type":"ListItem","position":2,"name":"Detienen a menor de edad que portaba arma de fuego en Plaza de Armas"}]},{"@type":"WebSite","@id":"https:\/\/diarioellabrador.cl\/#website","url":"https:\/\/diarioellabrador.cl\/","name":"Diario El Labrador","description":"Haciendo noticia desde 1921","publisher":{"@id":"https:\/\/diarioellabrador.cl\/#organization"},"potentialAction":[{"@type":"SearchAction","target":{"@type":"EntryPoint","urlTemplate":"https:\/\/diarioellabrador.cl\/?s={search_term_string}"},"query-input":{"@type":"PropertyValueSpecification","valueRequired":true,"valueName":"search_term_string"}}],"inLanguage":"es"},{"@type":"Organization","@id":"https:\/\/diarioellabrador.cl\/#organization","name":"Diario El Labrador","url":"https:\/\/diarioellabrador.cl\/","logo":{"@type":"ImageObject","inLanguage":"es","@id":"https:\/\/diarioellabrador.cl\/#\/schema\/logo\/image\/","url":"https:\/\/diarioellabrador.cl\/wp-content\/uploads\/2025\/02\/cropped-Logo-Icono.png","contentUrl":"https:\/\/diarioellabrador.cl\/wp-content\/uploads\/2025\/02\/cropped-Logo-Icono.png","width":512,"height":512,"caption":"Diario El Labrador"},"image":{"@id":"https:\/\/diarioellabrador.cl\/#\/schema\/logo\/image\/"},"sameAs":["https:\/\/web.facebook.com\/profile.php?id=61576120840621","https:\/\/x.com\/ElLabradorOf","https:\/\/www.instagram.com\/diarioellabradoroficial\/"]},{"@type":"Person","@id":"https:\/\/diarioellabrador.cl\/#\/schema\/person\/bc25ff80b4563f9c7f4bd7855df01685","name":"Editor","image":{"@type":"ImageObject","inLanguage":"es","@id":"https:\/\/secure.gravatar.com\/avatar\/109c326cf2be5c04f048c2c2a2b8b6ef44bf3d8d1d3d4c55d0ac40c4bc994684?s=96&d=mm&r=g","url":"https:\/\/secure.gravatar.com\/avatar\/109c326cf2be5c04f048c2c2a2b8b6ef44bf3d8d1d3d4c55d0ac40c4bc994684?s=96&d=mm&r=g","contentUrl":"https:\/\/secure.gravatar.com\/avatar\/109c326cf2be5c04f048c2c2a2b8b6ef44bf3d8d1d3d4c55d0ac40c4bc994684?s=96&d=mm&r=g","caption":"Editor"},"url":"https:\/\/diarioellabrador.cl\/index.php\/author\/editor\/"}]}},"_links":{"self":[{"href":"https:\/\/diarioellabrador.cl\/index.php\/wp-json\/wp\/v2\/posts\/1781","targetHints":{"allow":["GET"]}}],"collection":[{"href":"https:\/\/diarioellabrador.cl\/index.php\/wp-json\/wp\/v2\/posts"}],"about":[{"href":"https:\/\/diarioellabrador.cl\/index.php\/wp-json\/wp\/v2\/types\/post"}],"author":[{"embeddable":true,"href":"https:\/\/diarioellabrador.cl\/index.php\/wp-json\/wp\/v2\/users\/2"}],"replies":[{"embeddable":true,"href":"https:\/\/diarioellabrador.cl\/index.php\/wp-json\/wp\/v2\/comments?post=1781"}],"version-history":[{"count":1,"href":"https:\/\/diarioellabrador.cl\/index.php\/wp-json\/wp\/v2\/posts\/1781\/revisions"}],"predecessor-version":[{"id":1782,"href":"https:\/\/diarioellabrador.cl\/index.php\/wp-json\/wp\/v2\/posts\/1781\/revisions\/1782"}],"wp:featuredmedia":[{"embeddable":true,"href":"https:\/\/diarioellabrador.cl\/index.php\/wp-json\/wp\/v2\/media\/1753"}],"wp:attachment":[{"href":"https:\/\/diarioellabrador.cl\/index.php\/wp-json\/wp\/v2\/media?parent=1781"}],"wp:term":[{"taxonomy":"category","embeddable":true,"href":"https:\/\/diarioellabrador.cl\/index.php\/wp-json\/wp\/v2\/categories?post=1781"},{"taxonomy":"post_tag","embeddable":true,"href":"https:\/\/diarioellabrador.cl\/index.php\/wp-json\/wp\/v2\/tags?post=1781"}],"curies":[{"name":"wp","href":"https:\/\/api.w.org\/{rel}","templated":true}]}}