{"id":1700,"date":"2025-04-12T15:56:05","date_gmt":"2025-04-12T19:56:05","guid":{"rendered":"https:\/\/diarioellabrador.cl\/?p=1700"},"modified":"2025-04-12T15:56:05","modified_gmt":"2025-04-12T19:56:05","slug":"invitan-a-emprendedores-locales-a-optimizar-contenido-en-instagram","status":"publish","type":"post","link":"https:\/\/diarioellabrador.cl\/index.php\/2025\/04\/12\/invitan-a-emprendedores-locales-a-optimizar-contenido-en-instagram\/","title":{"rendered":"Invitan a emprendedores locales a optimizar contenido en Instagram"},"content":{"rendered":"\n<p>El Centro de Negocios Sercotec Melipilla invita a todos los emprendedores y MIPES de la provincia a participar en la&nbsp;charla gratuita denominada:&nbsp;\u201cC\u00f3mo optimizar contenido en Instagram para tu negocio\u201d.<\/p>\n\n\n\n<p>En esta jornada, los participantes aprender\u00e1n c\u00f3mo aprovechar al m\u00e1ximo el potencial de una de las plataformas m\u00e1s poderosas para conectar con clientes potenciales.<\/p>\n\n\n\n<p>La charla, que se llevar\u00e1 a cabo el&nbsp;mi\u00e9rcoles 16 de abril a las 10:30 hrs. en modalidad online, abordar\u00e1 aspectos clave sobre c\u00f3mo mejorar la presencia digital y generar contenido efectivo en Instagram. Durante la sesi\u00f3n, se compartir\u00e1n estrategias para aumentar el alcance y c\u00f3mo convertir seguidores en clientes.<\/p>\n\n\n\n<p>Las inscripciones pueden realizarse v\u00eda online a trav\u00e9s de un link disponible en las redes sociales del Centro de Negocios Melipilla.<\/p>\n\n\n\n<p>\u201cEsta es una excelente oportunidad para mejorar la visibilidad de tu negocio en redes sociales y aprender a generar contenido que impulse su crecimiento en Instagram\u201d, indicaron.<\/p>\n","protected":false},"excerpt":{"rendered":"<p>El Centro de Negocios Sercotec Melipilla invita a todos los emprendedores y MIPES de la provincia a participar en la&nbsp;charla gratuita denominada:&nbsp;\u201cC\u00f3mo optimizar contenido en Instagram para tu negocio\u201d. En esta jornada, los participantes aprender\u00e1n c\u00f3mo aprovechar al m\u00e1ximo el potencial de una de las plataformas m\u00e1s poderosas para conectar con clientes potenciales. La charla,<\/p>\n<div class=\"read-more-wrapper\"><a class=\"read-more\" href=\"https:\/\/diarioellabrador.cl\/index.php\/2025\/04\/12\/invitan-a-emprendedores-locales-a-optimizar-contenido-en-instagram\/\" title=\"Leer m\u00e1s\"> <span class=\"button \">Leer m\u00e1s<\/span><\/a><\/div>\n","protected":false},"author":2,"featured_media":1662,"comment_status":"open","ping_status":"open","sticky":false,"template":"","format":"standard","meta":{"footnotes":""},"categories":[1],"tags":[],"class_list":["post-1700","post","type-post","status-publish","format-standard","has-post-thumbnail","hentry","category-cronica"],"yoast_head":"<!-- This site is optimized with the Yoast SEO plugin v27.5 - https:\/\/yoast.com\/product\/yoast-seo-wordpress\/ -->\n<title>Invitan a emprendedores locales a optimizar contenido en Instagram - Diario El Labrador<\/title>\n<meta name=\"robots\" content=\"index, follow, max-snippet:-1, max-image-preview:large, max-video-preview:-1\" \/>\n<link rel=\"canonical\" href=\"https:\/\/diarioellabrador.cl\/index.php\/2025\/04\/12\/invitan-a-emprendedores-locales-a-optimizar-contenido-en-instagram\/\" \/>\n<meta property=\"og:locale\" content=\"es_ES\" \/>\n<meta property=\"og:type\" content=\"article\" \/>\n<meta property=\"og:title\" content=\"Invitan a emprendedores locales a optimizar contenido en Instagram - Diario El Labrador\" \/>\n<meta property=\"og:description\" content=\"El Centro de Negocios Sercotec Melipilla invita a todos los emprendedores y MIPES de la provincia a participar en la&nbsp;charla gratuita denominada:&nbsp;\u201cC\u00f3mo optimizar contenido en Instagram para tu negocio\u201d. En esta jornada, los participantes aprender\u00e1n c\u00f3mo aprovechar al m\u00e1ximo el potencial de una de las plataformas m\u00e1s poderosas para conectar con clientes potenciales. La charla, Leer m\u00e1s\" \/>\n<meta property=\"og:url\" content=\"https:\/\/diarioellabrador.cl\/index.php\/2025\/04\/12\/invitan-a-emprendedores-locales-a-optimizar-contenido-en-instagram\/\" \/>\n<meta property=\"og:site_name\" content=\"Diario El Labrador\" \/>\n<meta property=\"article:publisher\" content=\"https:\/\/web.facebook.com\/profile.php?id=61576120840621\" \/>\n<meta property=\"article:published_time\" content=\"2025-04-12T19:56:05+00:00\" \/>\n<meta property=\"og:image\" content=\"https:\/\/diarioellabrador.cl\/wp-content\/uploads\/2025\/04\/Invitan-a-emprendedores-locales-a-optimizar-contenido-en-Instagram-823x1024.png\" \/>\n\t<meta property=\"og:image:width\" content=\"823\" \/>\n\t<meta property=\"og:image:height\" content=\"1024\" \/>\n\t<meta property=\"og:image:type\" content=\"image\/png\" \/>\n<meta name=\"author\" content=\"Editor\" \/>\n<meta name=\"twitter:card\" content=\"summary_large_image\" \/>\n<meta name=\"twitter:creator\" content=\"@ElLabradorOf\" \/>\n<meta name=\"twitter:site\" content=\"@ElLabradorOf\" \/>\n<meta name=\"twitter:label1\" content=\"Escrito por\" \/>\n\t<meta name=\"twitter:data1\" content=\"Editor\" \/>\n\t<meta name=\"twitter:label2\" content=\"Tiempo de lectura\" \/>\n\t<meta name=\"twitter:data2\" content=\"1 minuto\" \/>\n<script type=\"application\/ld+json\" class=\"yoast-schema-graph\">{\"@context\":\"https:\\\/\\\/schema.org\",\"@graph\":[{\"@type\":\"Article\",\"@id\":\"https:\\\/\\\/diarioellabrador.cl\\\/index.php\\\/2025\\\/04\\\/12\\\/invitan-a-emprendedores-locales-a-optimizar-contenido-en-instagram\\\/#article\",\"isPartOf\":{\"@id\":\"https:\\\/\\\/diarioellabrador.cl\\\/index.php\\\/2025\\\/04\\\/12\\\/invitan-a-emprendedores-locales-a-optimizar-contenido-en-instagram\\\/\"},\"author\":{\"name\":\"Editor\",\"@id\":\"https:\\\/\\\/diarioellabrador.cl\\\/#\\\/schema\\\/person\\\/bc25ff80b4563f9c7f4bd7855df01685\"},\"headline\":\"Invitan a emprendedores locales a optimizar contenido en Instagram\",\"datePublished\":\"2025-04-12T19:56:05+00:00\",\"mainEntityOfPage\":{\"@id\":\"https:\\\/\\\/diarioellabrador.cl\\\/index.php\\\/2025\\\/04\\\/12\\\/invitan-a-emprendedores-locales-a-optimizar-contenido-en-instagram\\\/\"},\"wordCount\":175,\"commentCount\":0,\"publisher\":{\"@id\":\"https:\\\/\\\/diarioellabrador.cl\\\/#organization\"},\"image\":{\"@id\":\"https:\\\/\\\/diarioellabrador.cl\\\/index.php\\\/2025\\\/04\\\/12\\\/invitan-a-emprendedores-locales-a-optimizar-contenido-en-instagram\\\/#primaryimage\"},\"thumbnailUrl\":\"https:\\\/\\\/diarioellabrador.cl\\\/wp-content\\\/uploads\\\/2025\\\/04\\\/Invitan-a-emprendedores-locales-a-optimizar-contenido-en-Instagram.png\",\"articleSection\":[\"Cr\u00f3nica\"],\"inLanguage\":\"es\",\"potentialAction\":[{\"@type\":\"CommentAction\",\"name\":\"Comment\",\"target\":[\"https:\\\/\\\/diarioellabrador.cl\\\/index.php\\\/2025\\\/04\\\/12\\\/invitan-a-emprendedores-locales-a-optimizar-contenido-en-instagram\\\/#respond\"]}]},{\"@type\":\"WebPage\",\"@id\":\"https:\\\/\\\/diarioellabrador.cl\\\/index.php\\\/2025\\\/04\\\/12\\\/invitan-a-emprendedores-locales-a-optimizar-contenido-en-instagram\\\/\",\"url\":\"https:\\\/\\\/diarioellabrador.cl\\\/index.php\\\/2025\\\/04\\\/12\\\/invitan-a-emprendedores-locales-a-optimizar-contenido-en-instagram\\\/\",\"name\":\"Invitan a emprendedores locales a optimizar contenido en Instagram - Diario El Labrador\",\"isPartOf\":{\"@id\":\"https:\\\/\\\/diarioellabrador.cl\\\/#website\"},\"primaryImageOfPage\":{\"@id\":\"https:\\\/\\\/diarioellabrador.cl\\\/index.php\\\/2025\\\/04\\\/12\\\/invitan-a-emprendedores-locales-a-optimizar-contenido-en-instagram\\\/#primaryimage\"},\"image\":{\"@id\":\"https:\\\/\\\/diarioellabrador.cl\\\/index.php\\\/2025\\\/04\\\/12\\\/invitan-a-emprendedores-locales-a-optimizar-contenido-en-instagram\\\/#primaryimage\"},\"thumbnailUrl\":\"https:\\\/\\\/diarioellabrador.cl\\\/wp-content\\\/uploads\\\/2025\\\/04\\\/Invitan-a-emprendedores-locales-a-optimizar-contenido-en-Instagram.png\",\"datePublished\":\"2025-04-12T19:56:05+00:00\",\"breadcrumb\":{\"@id\":\"https:\\\/\\\/diarioellabrador.cl\\\/index.php\\\/2025\\\/04\\\/12\\\/invitan-a-emprendedores-locales-a-optimizar-contenido-en-instagram\\\/#breadcrumb\"},\"inLanguage\":\"es\",\"potentialAction\":[{\"@type\":\"ReadAction\",\"target\":[\"https:\\\/\\\/diarioellabrador.cl\\\/index.php\\\/2025\\\/04\\\/12\\\/invitan-a-emprendedores-locales-a-optimizar-contenido-en-instagram\\\/\"]}]},{\"@type\":\"ImageObject\",\"inLanguage\":\"es\",\"@id\":\"https:\\\/\\\/diarioellabrador.cl\\\/index.php\\\/2025\\\/04\\\/12\\\/invitan-a-emprendedores-locales-a-optimizar-contenido-en-instagram\\\/#primaryimage\",\"url\":\"https:\\\/\\\/diarioellabrador.cl\\\/wp-content\\\/uploads\\\/2025\\\/04\\\/Invitan-a-emprendedores-locales-a-optimizar-contenido-en-Instagram.png\",\"contentUrl\":\"https:\\\/\\\/diarioellabrador.cl\\\/wp-content\\\/uploads\\\/2025\\\/04\\\/Invitan-a-emprendedores-locales-a-optimizar-contenido-en-Instagram.png\",\"width\":1162,\"height\":1446},{\"@type\":\"BreadcrumbList\",\"@id\":\"https:\\\/\\\/diarioellabrador.cl\\\/index.php\\\/2025\\\/04\\\/12\\\/invitan-a-emprendedores-locales-a-optimizar-contenido-en-instagram\\\/#breadcrumb\",\"itemListElement\":[{\"@type\":\"ListItem\",\"position\":1,\"name\":\"Portada\",\"item\":\"https:\\\/\\\/diarioellabrador.cl\\\/\"},{\"@type\":\"ListItem\",\"position\":2,\"name\":\"Invitan a emprendedores locales a optimizar contenido en Instagram\"}]},{\"@type\":\"WebSite\",\"@id\":\"https:\\\/\\\/diarioellabrador.cl\\\/#website\",\"url\":\"https:\\\/\\\/diarioellabrador.cl\\\/\",\"name\":\"Diario El Labrador\",\"description\":\"Haciendo noticia desde 1921\",\"publisher\":{\"@id\":\"https:\\\/\\\/diarioellabrador.cl\\\/#organization\"},\"potentialAction\":[{\"@type\":\"SearchAction\",\"target\":{\"@type\":\"EntryPoint\",\"urlTemplate\":\"https:\\\/\\\/diarioellabrador.cl\\\/?s={search_term_string}\"},\"query-input\":{\"@type\":\"PropertyValueSpecification\",\"valueRequired\":true,\"valueName\":\"search_term_string\"}}],\"inLanguage\":\"es\"},{\"@type\":\"Organization\",\"@id\":\"https:\\\/\\\/diarioellabrador.cl\\\/#organization\",\"name\":\"Diario El Labrador\",\"url\":\"https:\\\/\\\/diarioellabrador.cl\\\/\",\"logo\":{\"@type\":\"ImageObject\",\"inLanguage\":\"es\",\"@id\":\"https:\\\/\\\/diarioellabrador.cl\\\/#\\\/schema\\\/logo\\\/image\\\/\",\"url\":\"https:\\\/\\\/diarioellabrador.cl\\\/wp-content\\\/uploads\\\/2025\\\/02\\\/cropped-Logo-Icono.png\",\"contentUrl\":\"https:\\\/\\\/diarioellabrador.cl\\\/wp-content\\\/uploads\\\/2025\\\/02\\\/cropped-Logo-Icono.png\",\"width\":512,\"height\":512,\"caption\":\"Diario El Labrador\"},\"image\":{\"@id\":\"https:\\\/\\\/diarioellabrador.cl\\\/#\\\/schema\\\/logo\\\/image\\\/\"},\"sameAs\":[\"https:\\\/\\\/web.facebook.com\\\/profile.php?id=61576120840621\",\"https:\\\/\\\/x.com\\\/ElLabradorOf\",\"https:\\\/\\\/www.instagram.com\\\/diarioellabradoroficial\\\/\"]},{\"@type\":\"Person\",\"@id\":\"https:\\\/\\\/diarioellabrador.cl\\\/#\\\/schema\\\/person\\\/bc25ff80b4563f9c7f4bd7855df01685\",\"name\":\"Editor\",\"image\":{\"@type\":\"ImageObject\",\"inLanguage\":\"es\",\"@id\":\"https:\\\/\\\/secure.gravatar.com\\\/avatar\\\/109c326cf2be5c04f048c2c2a2b8b6ef44bf3d8d1d3d4c55d0ac40c4bc994684?s=96&d=mm&r=g\",\"url\":\"https:\\\/\\\/secure.gravatar.com\\\/avatar\\\/109c326cf2be5c04f048c2c2a2b8b6ef44bf3d8d1d3d4c55d0ac40c4bc994684?s=96&d=mm&r=g\",\"contentUrl\":\"https:\\\/\\\/secure.gravatar.com\\\/avatar\\\/109c326cf2be5c04f048c2c2a2b8b6ef44bf3d8d1d3d4c55d0ac40c4bc994684?s=96&d=mm&r=g\",\"caption\":\"Editor\"},\"url\":\"https:\\\/\\\/diarioellabrador.cl\\\/index.php\\\/author\\\/editor\\\/\"}]}<\/script>\n<!-- \/ Yoast SEO plugin. -->","yoast_head_json":{"title":"Invitan a emprendedores locales a optimizar contenido en Instagram - Diario El Labrador","robots":{"index":"index","follow":"follow","max-snippet":"max-snippet:-1","max-image-preview":"max-image-preview:large","max-video-preview":"max-video-preview:-1"},"canonical":"https:\/\/diarioellabrador.cl\/index.php\/2025\/04\/12\/invitan-a-emprendedores-locales-a-optimizar-contenido-en-instagram\/","og_locale":"es_ES","og_type":"article","og_title":"Invitan a emprendedores locales a optimizar contenido en Instagram - Diario El Labrador","og_description":"El Centro de Negocios Sercotec Melipilla invita a todos los emprendedores y MIPES de la provincia a participar en la&nbsp;charla gratuita denominada:&nbsp;\u201cC\u00f3mo optimizar contenido en Instagram para tu negocio\u201d. En esta jornada, los participantes aprender\u00e1n c\u00f3mo aprovechar al m\u00e1ximo el potencial de una de las plataformas m\u00e1s poderosas para conectar con clientes potenciales. La charla, Leer m\u00e1s","og_url":"https:\/\/diarioellabrador.cl\/index.php\/2025\/04\/12\/invitan-a-emprendedores-locales-a-optimizar-contenido-en-instagram\/","og_site_name":"Diario El Labrador","article_publisher":"https:\/\/web.facebook.com\/profile.php?id=61576120840621","article_published_time":"2025-04-12T19:56:05+00:00","og_image":[{"width":823,"height":1024,"url":"https:\/\/diarioellabrador.cl\/wp-content\/uploads\/2025\/04\/Invitan-a-emprendedores-locales-a-optimizar-contenido-en-Instagram-823x1024.png","type":"image\/png"}],"author":"Editor","twitter_card":"summary_large_image","twitter_creator":"@ElLabradorOf","twitter_site":"@ElLabradorOf","twitter_misc":{"Escrito por":"Editor","Tiempo de lectura":"1 minuto"},"schema":{"@context":"https:\/\/schema.org","@graph":[{"@type":"Article","@id":"https:\/\/diarioellabrador.cl\/index.php\/2025\/04\/12\/invitan-a-emprendedores-locales-a-optimizar-contenido-en-instagram\/#article","isPartOf":{"@id":"https:\/\/diarioellabrador.cl\/index.php\/2025\/04\/12\/invitan-a-emprendedores-locales-a-optimizar-contenido-en-instagram\/"},"author":{"name":"Editor","@id":"https:\/\/diarioellabrador.cl\/#\/schema\/person\/bc25ff80b4563f9c7f4bd7855df01685"},"headline":"Invitan a emprendedores locales a optimizar contenido en Instagram","datePublished":"2025-04-12T19:56:05+00:00","mainEntityOfPage":{"@id":"https:\/\/diarioellabrador.cl\/index.php\/2025\/04\/12\/invitan-a-emprendedores-locales-a-optimizar-contenido-en-instagram\/"},"wordCount":175,"commentCount":0,"publisher":{"@id":"https:\/\/diarioellabrador.cl\/#organization"},"image":{"@id":"https:\/\/diarioellabrador.cl\/index.php\/2025\/04\/12\/invitan-a-emprendedores-locales-a-optimizar-contenido-en-instagram\/#primaryimage"},"thumbnailUrl":"https:\/\/diarioellabrador.cl\/wp-content\/uploads\/2025\/04\/Invitan-a-emprendedores-locales-a-optimizar-contenido-en-Instagram.png","articleSection":["Cr\u00f3nica"],"inLanguage":"es","potentialAction":[{"@type":"CommentAction","name":"Comment","target":["https:\/\/diarioellabrador.cl\/index.php\/2025\/04\/12\/invitan-a-emprendedores-locales-a-optimizar-contenido-en-instagram\/#respond"]}]},{"@type":"WebPage","@id":"https:\/\/diarioellabrador.cl\/index.php\/2025\/04\/12\/invitan-a-emprendedores-locales-a-optimizar-contenido-en-instagram\/","url":"https:\/\/diarioellabrador.cl\/index.php\/2025\/04\/12\/invitan-a-emprendedores-locales-a-optimizar-contenido-en-instagram\/","name":"Invitan a emprendedores locales a optimizar contenido en Instagram - Diario El Labrador","isPartOf":{"@id":"https:\/\/diarioellabrador.cl\/#website"},"primaryImageOfPage":{"@id":"https:\/\/diarioellabrador.cl\/index.php\/2025\/04\/12\/invitan-a-emprendedores-locales-a-optimizar-contenido-en-instagram\/#primaryimage"},"image":{"@id":"https:\/\/diarioellabrador.cl\/index.php\/2025\/04\/12\/invitan-a-emprendedores-locales-a-optimizar-contenido-en-instagram\/#primaryimage"},"thumbnailUrl":"https:\/\/diarioellabrador.cl\/wp-content\/uploads\/2025\/04\/Invitan-a-emprendedores-locales-a-optimizar-contenido-en-Instagram.png","datePublished":"2025-04-12T19:56:05+00:00","breadcrumb":{"@id":"https:\/\/diarioellabrador.cl\/index.php\/2025\/04\/12\/invitan-a-emprendedores-locales-a-optimizar-contenido-en-instagram\/#breadcrumb"},"inLanguage":"es","potentialAction":[{"@type":"ReadAction","target":["https:\/\/diarioellabrador.cl\/index.php\/2025\/04\/12\/invitan-a-emprendedores-locales-a-optimizar-contenido-en-instagram\/"]}]},{"@type":"ImageObject","inLanguage":"es","@id":"https:\/\/diarioellabrador.cl\/index.php\/2025\/04\/12\/invitan-a-emprendedores-locales-a-optimizar-contenido-en-instagram\/#primaryimage","url":"https:\/\/diarioellabrador.cl\/wp-content\/uploads\/2025\/04\/Invitan-a-emprendedores-locales-a-optimizar-contenido-en-Instagram.png","contentUrl":"https:\/\/diarioellabrador.cl\/wp-content\/uploads\/2025\/04\/Invitan-a-emprendedores-locales-a-optimizar-contenido-en-Instagram.png","width":1162,"height":1446},{"@type":"BreadcrumbList","@id":"https:\/\/diarioellabrador.cl\/index.php\/2025\/04\/12\/invitan-a-emprendedores-locales-a-optimizar-contenido-en-instagram\/#breadcrumb","itemListElement":[{"@type":"ListItem","position":1,"name":"Portada","item":"https:\/\/diarioellabrador.cl\/"},{"@type":"ListItem","position":2,"name":"Invitan a emprendedores locales a optimizar contenido en Instagram"}]},{"@type":"WebSite","@id":"https:\/\/diarioellabrador.cl\/#website","url":"https:\/\/diarioellabrador.cl\/","name":"Diario El Labrador","description":"Haciendo noticia desde 1921","publisher":{"@id":"https:\/\/diarioellabrador.cl\/#organization"},"potentialAction":[{"@type":"SearchAction","target":{"@type":"EntryPoint","urlTemplate":"https:\/\/diarioellabrador.cl\/?s={search_term_string}"},"query-input":{"@type":"PropertyValueSpecification","valueRequired":true,"valueName":"search_term_string"}}],"inLanguage":"es"},{"@type":"Organization","@id":"https:\/\/diarioellabrador.cl\/#organization","name":"Diario El Labrador","url":"https:\/\/diarioellabrador.cl\/","logo":{"@type":"ImageObject","inLanguage":"es","@id":"https:\/\/diarioellabrador.cl\/#\/schema\/logo\/image\/","url":"https:\/\/diarioellabrador.cl\/wp-content\/uploads\/2025\/02\/cropped-Logo-Icono.png","contentUrl":"https:\/\/diarioellabrador.cl\/wp-content\/uploads\/2025\/02\/cropped-Logo-Icono.png","width":512,"height":512,"caption":"Diario El Labrador"},"image":{"@id":"https:\/\/diarioellabrador.cl\/#\/schema\/logo\/image\/"},"sameAs":["https:\/\/web.facebook.com\/profile.php?id=61576120840621","https:\/\/x.com\/ElLabradorOf","https:\/\/www.instagram.com\/diarioellabradoroficial\/"]},{"@type":"Person","@id":"https:\/\/diarioellabrador.cl\/#\/schema\/person\/bc25ff80b4563f9c7f4bd7855df01685","name":"Editor","image":{"@type":"ImageObject","inLanguage":"es","@id":"https:\/\/secure.gravatar.com\/avatar\/109c326cf2be5c04f048c2c2a2b8b6ef44bf3d8d1d3d4c55d0ac40c4bc994684?s=96&d=mm&r=g","url":"https:\/\/secure.gravatar.com\/avatar\/109c326cf2be5c04f048c2c2a2b8b6ef44bf3d8d1d3d4c55d0ac40c4bc994684?s=96&d=mm&r=g","contentUrl":"https:\/\/secure.gravatar.com\/avatar\/109c326cf2be5c04f048c2c2a2b8b6ef44bf3d8d1d3d4c55d0ac40c4bc994684?s=96&d=mm&r=g","caption":"Editor"},"url":"https:\/\/diarioellabrador.cl\/index.php\/author\/editor\/"}]}},"_links":{"self":[{"href":"https:\/\/diarioellabrador.cl\/index.php\/wp-json\/wp\/v2\/posts\/1700","targetHints":{"allow":["GET"]}}],"collection":[{"href":"https:\/\/diarioellabrador.cl\/index.php\/wp-json\/wp\/v2\/posts"}],"about":[{"href":"https:\/\/diarioellabrador.cl\/index.php\/wp-json\/wp\/v2\/types\/post"}],"author":[{"embeddable":true,"href":"https:\/\/diarioellabrador.cl\/index.php\/wp-json\/wp\/v2\/users\/2"}],"replies":[{"embeddable":true,"href":"https:\/\/diarioellabrador.cl\/index.php\/wp-json\/wp\/v2\/comments?post=1700"}],"version-history":[{"count":1,"href":"https:\/\/diarioellabrador.cl\/index.php\/wp-json\/wp\/v2\/posts\/1700\/revisions"}],"predecessor-version":[{"id":1701,"href":"https:\/\/diarioellabrador.cl\/index.php\/wp-json\/wp\/v2\/posts\/1700\/revisions\/1701"}],"wp:featuredmedia":[{"embeddable":true,"href":"https:\/\/diarioellabrador.cl\/index.php\/wp-json\/wp\/v2\/media\/1662"}],"wp:attachment":[{"href":"https:\/\/diarioellabrador.cl\/index.php\/wp-json\/wp\/v2\/media?parent=1700"}],"wp:term":[{"taxonomy":"category","embeddable":true,"href":"https:\/\/diarioellabrador.cl\/index.php\/wp-json\/wp\/v2\/categories?post=1700"},{"taxonomy":"post_tag","embeddable":true,"href":"https:\/\/diarioellabrador.cl\/index.php\/wp-json\/wp\/v2\/tags?post=1700"}],"curies":[{"name":"wp","href":"https:\/\/api.w.org\/{rel}","templated":true}]}}