{"id":16766,"date":"2026-03-17T18:17:12","date_gmt":"2026-03-17T22:17:12","guid":{"rendered":"https:\/\/diarioellabrador.cl\/?p=16766"},"modified":"2026-03-17T18:17:14","modified_gmt":"2026-03-17T22:17:14","slug":"organizan-evento-a-beneficio-de-querido-locutor-melipillano","status":"publish","type":"post","link":"https:\/\/diarioellabrador.cl\/index.php\/2026\/03\/17\/organizan-evento-a-beneficio-de-querido-locutor-melipillano\/","title":{"rendered":"Organizan evento a beneficio de querido locutor melipillano"},"content":{"rendered":"\n<p>Por Carlos Silva S<\/p>\n\n\n\n<p>Un evento solidario que busca reunir recursos que le permita financiar su tratamiento, organizan amigos y familiares de Eduardo \u201cLalo\u201d D\u00edaz, conocido comunicador local afectado por una diabetes, que lo mantiene en silla de ruedas tras la amputaci\u00f3n de uno de sus pies.<\/p>\n\n\n\n<p>Su situaci\u00f3n de salud ha mermado su actividad econ\u00f3mica, por lo que el locutor ha tenido que reinventarse para poder subsistir a trav\u00e9s de venta de comestibles en redes sociales.<\/p>\n\n\n\n<p>Por esta situaci\u00f3n y para ir en su ayuda, este s\u00e1bado 21 de marzo se realizar\u00e1 un gran bailable en el casino de la medialuna de Chi\u00f1igue Las Rosas, a contar de las 20:00 horas.<\/p>\n\n\n\n<p>Entre los artistas que se presentar\u00e1n durante la jornada, destacan, la Sonora Santa Cecilia, el grupo Desaf\u00edo Ranchero, C\u00f3mplices, El Charro de Tantehue, entre otros.<\/p>\n\n\n\n<p>La entrada tendr\u00e1 un valor de $2.000, y en la animaci\u00f3n estar\u00e1 Rafael Valladares, conocido como \u201cEl rey del Bingo\u201d, quien a trav\u00e9s de Facebook extendi\u00f3 la invitaci\u00f3n a la comunidad a colaborar con \u201cLalo\u201d.<\/p>\n","protected":false},"excerpt":{"rendered":"<p>Por Carlos Silva S Un evento solidario que busca reunir recursos que le permita financiar su tratamiento, organizan amigos y familiares de Eduardo \u201cLalo\u201d D\u00edaz, conocido comunicador local afectado por una diabetes, que lo mantiene en silla de ruedas tras la amputaci\u00f3n de uno de sus pies. Su situaci\u00f3n de salud ha mermado su actividad<\/p>\n<div class=\"read-more-wrapper\"><a class=\"read-more\" href=\"https:\/\/diarioellabrador.cl\/index.php\/2026\/03\/17\/organizan-evento-a-beneficio-de-querido-locutor-melipillano\/\" title=\"Leer m\u00e1s\"> <span class=\"button \">Leer m\u00e1s<\/span><\/a><\/div>\n","protected":false},"author":2,"featured_media":16714,"comment_status":"open","ping_status":"open","sticky":false,"template":"","format":"standard","meta":{"footnotes":""},"categories":[1],"tags":[],"class_list":["post-16766","post","type-post","status-publish","format-standard","has-post-thumbnail","hentry","category-cronica"],"yoast_head":"<!-- This site is optimized with the Yoast SEO plugin v27.5 - https:\/\/yoast.com\/product\/yoast-seo-wordpress\/ -->\n<title>Organizan evento a beneficio de querido locutor melipillano - Diario El Labrador<\/title>\n<meta name=\"robots\" content=\"index, follow, max-snippet:-1, max-image-preview:large, max-video-preview:-1\" \/>\n<link rel=\"canonical\" href=\"https:\/\/diarioellabrador.cl\/index.php\/2026\/03\/17\/organizan-evento-a-beneficio-de-querido-locutor-melipillano\/\" \/>\n<meta property=\"og:locale\" content=\"es_ES\" \/>\n<meta property=\"og:type\" content=\"article\" \/>\n<meta property=\"og:title\" content=\"Organizan evento a beneficio de querido locutor melipillano - Diario El Labrador\" \/>\n<meta property=\"og:description\" content=\"Por Carlos Silva S Un evento solidario que busca reunir recursos que le permita financiar su tratamiento, organizan amigos y familiares de Eduardo \u201cLalo\u201d D\u00edaz, conocido comunicador local afectado por una diabetes, que lo mantiene en silla de ruedas tras la amputaci\u00f3n de uno de sus pies. Su situaci\u00f3n de salud ha mermado su actividad Leer m\u00e1s\" \/>\n<meta property=\"og:url\" content=\"https:\/\/diarioellabrador.cl\/index.php\/2026\/03\/17\/organizan-evento-a-beneficio-de-querido-locutor-melipillano\/\" \/>\n<meta property=\"og:site_name\" content=\"Diario El Labrador\" \/>\n<meta property=\"article:publisher\" content=\"https:\/\/web.facebook.com\/profile.php?id=61576120840621\" \/>\n<meta property=\"article:published_time\" content=\"2026-03-17T22:17:12+00:00\" \/>\n<meta property=\"article:modified_time\" content=\"2026-03-17T22:17:14+00:00\" \/>\n<meta property=\"og:image\" content=\"https:\/\/diarioellabrador.cl\/wp-content\/uploads\/2026\/03\/Organizan-evento-a-beneficio-de-querido-locutor-melipillano.jpg\" \/>\n\t<meta property=\"og:image:width\" content=\"617\" \/>\n\t<meta property=\"og:image:height\" content=\"751\" \/>\n\t<meta property=\"og:image:type\" content=\"image\/jpeg\" \/>\n<meta name=\"author\" content=\"Editor\" \/>\n<meta name=\"twitter:card\" content=\"summary_large_image\" \/>\n<meta name=\"twitter:creator\" content=\"@ElLabradorOf\" \/>\n<meta name=\"twitter:site\" content=\"@ElLabradorOf\" \/>\n<meta name=\"twitter:label1\" content=\"Escrito por\" \/>\n\t<meta name=\"twitter:data1\" content=\"Editor\" \/>\n\t<meta name=\"twitter:label2\" content=\"Tiempo de lectura\" \/>\n\t<meta name=\"twitter:data2\" content=\"1 minuto\" \/>\n<script type=\"application\/ld+json\" class=\"yoast-schema-graph\">{\"@context\":\"https:\\\/\\\/schema.org\",\"@graph\":[{\"@type\":\"Article\",\"@id\":\"https:\\\/\\\/diarioellabrador.cl\\\/index.php\\\/2026\\\/03\\\/17\\\/organizan-evento-a-beneficio-de-querido-locutor-melipillano\\\/#article\",\"isPartOf\":{\"@id\":\"https:\\\/\\\/diarioellabrador.cl\\\/index.php\\\/2026\\\/03\\\/17\\\/organizan-evento-a-beneficio-de-querido-locutor-melipillano\\\/\"},\"author\":{\"name\":\"Editor\",\"@id\":\"https:\\\/\\\/diarioellabrador.cl\\\/#\\\/schema\\\/person\\\/bc25ff80b4563f9c7f4bd7855df01685\"},\"headline\":\"Organizan evento a beneficio de querido locutor melipillano\",\"datePublished\":\"2026-03-17T22:17:12+00:00\",\"dateModified\":\"2026-03-17T22:17:14+00:00\",\"mainEntityOfPage\":{\"@id\":\"https:\\\/\\\/diarioellabrador.cl\\\/index.php\\\/2026\\\/03\\\/17\\\/organizan-evento-a-beneficio-de-querido-locutor-melipillano\\\/\"},\"wordCount\":191,\"commentCount\":0,\"publisher\":{\"@id\":\"https:\\\/\\\/diarioellabrador.cl\\\/#organization\"},\"image\":{\"@id\":\"https:\\\/\\\/diarioellabrador.cl\\\/index.php\\\/2026\\\/03\\\/17\\\/organizan-evento-a-beneficio-de-querido-locutor-melipillano\\\/#primaryimage\"},\"thumbnailUrl\":\"https:\\\/\\\/diarioellabrador.cl\\\/wp-content\\\/uploads\\\/2026\\\/03\\\/Organizan-evento-a-beneficio-de-querido-locutor-melipillano.jpg\",\"articleSection\":[\"Cr\u00f3nica\"],\"inLanguage\":\"es\",\"potentialAction\":[{\"@type\":\"CommentAction\",\"name\":\"Comment\",\"target\":[\"https:\\\/\\\/diarioellabrador.cl\\\/index.php\\\/2026\\\/03\\\/17\\\/organizan-evento-a-beneficio-de-querido-locutor-melipillano\\\/#respond\"]}]},{\"@type\":\"WebPage\",\"@id\":\"https:\\\/\\\/diarioellabrador.cl\\\/index.php\\\/2026\\\/03\\\/17\\\/organizan-evento-a-beneficio-de-querido-locutor-melipillano\\\/\",\"url\":\"https:\\\/\\\/diarioellabrador.cl\\\/index.php\\\/2026\\\/03\\\/17\\\/organizan-evento-a-beneficio-de-querido-locutor-melipillano\\\/\",\"name\":\"Organizan evento a beneficio de querido locutor melipillano - Diario El Labrador\",\"isPartOf\":{\"@id\":\"https:\\\/\\\/diarioellabrador.cl\\\/#website\"},\"primaryImageOfPage\":{\"@id\":\"https:\\\/\\\/diarioellabrador.cl\\\/index.php\\\/2026\\\/03\\\/17\\\/organizan-evento-a-beneficio-de-querido-locutor-melipillano\\\/#primaryimage\"},\"image\":{\"@id\":\"https:\\\/\\\/diarioellabrador.cl\\\/index.php\\\/2026\\\/03\\\/17\\\/organizan-evento-a-beneficio-de-querido-locutor-melipillano\\\/#primaryimage\"},\"thumbnailUrl\":\"https:\\\/\\\/diarioellabrador.cl\\\/wp-content\\\/uploads\\\/2026\\\/03\\\/Organizan-evento-a-beneficio-de-querido-locutor-melipillano.jpg\",\"datePublished\":\"2026-03-17T22:17:12+00:00\",\"dateModified\":\"2026-03-17T22:17:14+00:00\",\"breadcrumb\":{\"@id\":\"https:\\\/\\\/diarioellabrador.cl\\\/index.php\\\/2026\\\/03\\\/17\\\/organizan-evento-a-beneficio-de-querido-locutor-melipillano\\\/#breadcrumb\"},\"inLanguage\":\"es\",\"potentialAction\":[{\"@type\":\"ReadAction\",\"target\":[\"https:\\\/\\\/diarioellabrador.cl\\\/index.php\\\/2026\\\/03\\\/17\\\/organizan-evento-a-beneficio-de-querido-locutor-melipillano\\\/\"]}]},{\"@type\":\"ImageObject\",\"inLanguage\":\"es\",\"@id\":\"https:\\\/\\\/diarioellabrador.cl\\\/index.php\\\/2026\\\/03\\\/17\\\/organizan-evento-a-beneficio-de-querido-locutor-melipillano\\\/#primaryimage\",\"url\":\"https:\\\/\\\/diarioellabrador.cl\\\/wp-content\\\/uploads\\\/2026\\\/03\\\/Organizan-evento-a-beneficio-de-querido-locutor-melipillano.jpg\",\"contentUrl\":\"https:\\\/\\\/diarioellabrador.cl\\\/wp-content\\\/uploads\\\/2026\\\/03\\\/Organizan-evento-a-beneficio-de-querido-locutor-melipillano.jpg\",\"width\":617,\"height\":751},{\"@type\":\"BreadcrumbList\",\"@id\":\"https:\\\/\\\/diarioellabrador.cl\\\/index.php\\\/2026\\\/03\\\/17\\\/organizan-evento-a-beneficio-de-querido-locutor-melipillano\\\/#breadcrumb\",\"itemListElement\":[{\"@type\":\"ListItem\",\"position\":1,\"name\":\"Portada\",\"item\":\"https:\\\/\\\/diarioellabrador.cl\\\/\"},{\"@type\":\"ListItem\",\"position\":2,\"name\":\"Organizan evento a beneficio de querido locutor melipillano\"}]},{\"@type\":\"WebSite\",\"@id\":\"https:\\\/\\\/diarioellabrador.cl\\\/#website\",\"url\":\"https:\\\/\\\/diarioellabrador.cl\\\/\",\"name\":\"Diario El Labrador\",\"description\":\"Haciendo noticia desde 1921\",\"publisher\":{\"@id\":\"https:\\\/\\\/diarioellabrador.cl\\\/#organization\"},\"potentialAction\":[{\"@type\":\"SearchAction\",\"target\":{\"@type\":\"EntryPoint\",\"urlTemplate\":\"https:\\\/\\\/diarioellabrador.cl\\\/?s={search_term_string}\"},\"query-input\":{\"@type\":\"PropertyValueSpecification\",\"valueRequired\":true,\"valueName\":\"search_term_string\"}}],\"inLanguage\":\"es\"},{\"@type\":\"Organization\",\"@id\":\"https:\\\/\\\/diarioellabrador.cl\\\/#organization\",\"name\":\"Diario El Labrador\",\"url\":\"https:\\\/\\\/diarioellabrador.cl\\\/\",\"logo\":{\"@type\":\"ImageObject\",\"inLanguage\":\"es\",\"@id\":\"https:\\\/\\\/diarioellabrador.cl\\\/#\\\/schema\\\/logo\\\/image\\\/\",\"url\":\"https:\\\/\\\/diarioellabrador.cl\\\/wp-content\\\/uploads\\\/2025\\\/02\\\/cropped-Logo-Icono.png\",\"contentUrl\":\"https:\\\/\\\/diarioellabrador.cl\\\/wp-content\\\/uploads\\\/2025\\\/02\\\/cropped-Logo-Icono.png\",\"width\":512,\"height\":512,\"caption\":\"Diario El Labrador\"},\"image\":{\"@id\":\"https:\\\/\\\/diarioellabrador.cl\\\/#\\\/schema\\\/logo\\\/image\\\/\"},\"sameAs\":[\"https:\\\/\\\/web.facebook.com\\\/profile.php?id=61576120840621\",\"https:\\\/\\\/x.com\\\/ElLabradorOf\",\"https:\\\/\\\/www.instagram.com\\\/diarioellabradoroficial\\\/\"]},{\"@type\":\"Person\",\"@id\":\"https:\\\/\\\/diarioellabrador.cl\\\/#\\\/schema\\\/person\\\/bc25ff80b4563f9c7f4bd7855df01685\",\"name\":\"Editor\",\"image\":{\"@type\":\"ImageObject\",\"inLanguage\":\"es\",\"@id\":\"https:\\\/\\\/secure.gravatar.com\\\/avatar\\\/109c326cf2be5c04f048c2c2a2b8b6ef44bf3d8d1d3d4c55d0ac40c4bc994684?s=96&d=mm&r=g\",\"url\":\"https:\\\/\\\/secure.gravatar.com\\\/avatar\\\/109c326cf2be5c04f048c2c2a2b8b6ef44bf3d8d1d3d4c55d0ac40c4bc994684?s=96&d=mm&r=g\",\"contentUrl\":\"https:\\\/\\\/secure.gravatar.com\\\/avatar\\\/109c326cf2be5c04f048c2c2a2b8b6ef44bf3d8d1d3d4c55d0ac40c4bc994684?s=96&d=mm&r=g\",\"caption\":\"Editor\"},\"url\":\"https:\\\/\\\/diarioellabrador.cl\\\/index.php\\\/author\\\/editor\\\/\"}]}<\/script>\n<!-- \/ Yoast SEO plugin. -->","yoast_head_json":{"title":"Organizan evento a beneficio de querido locutor melipillano - Diario El Labrador","robots":{"index":"index","follow":"follow","max-snippet":"max-snippet:-1","max-image-preview":"max-image-preview:large","max-video-preview":"max-video-preview:-1"},"canonical":"https:\/\/diarioellabrador.cl\/index.php\/2026\/03\/17\/organizan-evento-a-beneficio-de-querido-locutor-melipillano\/","og_locale":"es_ES","og_type":"article","og_title":"Organizan evento a beneficio de querido locutor melipillano - Diario El Labrador","og_description":"Por Carlos Silva S Un evento solidario que busca reunir recursos que le permita financiar su tratamiento, organizan amigos y familiares de Eduardo \u201cLalo\u201d D\u00edaz, conocido comunicador local afectado por una diabetes, que lo mantiene en silla de ruedas tras la amputaci\u00f3n de uno de sus pies. Su situaci\u00f3n de salud ha mermado su actividad Leer m\u00e1s","og_url":"https:\/\/diarioellabrador.cl\/index.php\/2026\/03\/17\/organizan-evento-a-beneficio-de-querido-locutor-melipillano\/","og_site_name":"Diario El Labrador","article_publisher":"https:\/\/web.facebook.com\/profile.php?id=61576120840621","article_published_time":"2026-03-17T22:17:12+00:00","article_modified_time":"2026-03-17T22:17:14+00:00","og_image":[{"width":617,"height":751,"url":"https:\/\/diarioellabrador.cl\/wp-content\/uploads\/2026\/03\/Organizan-evento-a-beneficio-de-querido-locutor-melipillano.jpg","type":"image\/jpeg"}],"author":"Editor","twitter_card":"summary_large_image","twitter_creator":"@ElLabradorOf","twitter_site":"@ElLabradorOf","twitter_misc":{"Escrito por":"Editor","Tiempo de lectura":"1 minuto"},"schema":{"@context":"https:\/\/schema.org","@graph":[{"@type":"Article","@id":"https:\/\/diarioellabrador.cl\/index.php\/2026\/03\/17\/organizan-evento-a-beneficio-de-querido-locutor-melipillano\/#article","isPartOf":{"@id":"https:\/\/diarioellabrador.cl\/index.php\/2026\/03\/17\/organizan-evento-a-beneficio-de-querido-locutor-melipillano\/"},"author":{"name":"Editor","@id":"https:\/\/diarioellabrador.cl\/#\/schema\/person\/bc25ff80b4563f9c7f4bd7855df01685"},"headline":"Organizan evento a beneficio de querido locutor melipillano","datePublished":"2026-03-17T22:17:12+00:00","dateModified":"2026-03-17T22:17:14+00:00","mainEntityOfPage":{"@id":"https:\/\/diarioellabrador.cl\/index.php\/2026\/03\/17\/organizan-evento-a-beneficio-de-querido-locutor-melipillano\/"},"wordCount":191,"commentCount":0,"publisher":{"@id":"https:\/\/diarioellabrador.cl\/#organization"},"image":{"@id":"https:\/\/diarioellabrador.cl\/index.php\/2026\/03\/17\/organizan-evento-a-beneficio-de-querido-locutor-melipillano\/#primaryimage"},"thumbnailUrl":"https:\/\/diarioellabrador.cl\/wp-content\/uploads\/2026\/03\/Organizan-evento-a-beneficio-de-querido-locutor-melipillano.jpg","articleSection":["Cr\u00f3nica"],"inLanguage":"es","potentialAction":[{"@type":"CommentAction","name":"Comment","target":["https:\/\/diarioellabrador.cl\/index.php\/2026\/03\/17\/organizan-evento-a-beneficio-de-querido-locutor-melipillano\/#respond"]}]},{"@type":"WebPage","@id":"https:\/\/diarioellabrador.cl\/index.php\/2026\/03\/17\/organizan-evento-a-beneficio-de-querido-locutor-melipillano\/","url":"https:\/\/diarioellabrador.cl\/index.php\/2026\/03\/17\/organizan-evento-a-beneficio-de-querido-locutor-melipillano\/","name":"Organizan evento a beneficio de querido locutor melipillano - Diario El Labrador","isPartOf":{"@id":"https:\/\/diarioellabrador.cl\/#website"},"primaryImageOfPage":{"@id":"https:\/\/diarioellabrador.cl\/index.php\/2026\/03\/17\/organizan-evento-a-beneficio-de-querido-locutor-melipillano\/#primaryimage"},"image":{"@id":"https:\/\/diarioellabrador.cl\/index.php\/2026\/03\/17\/organizan-evento-a-beneficio-de-querido-locutor-melipillano\/#primaryimage"},"thumbnailUrl":"https:\/\/diarioellabrador.cl\/wp-content\/uploads\/2026\/03\/Organizan-evento-a-beneficio-de-querido-locutor-melipillano.jpg","datePublished":"2026-03-17T22:17:12+00:00","dateModified":"2026-03-17T22:17:14+00:00","breadcrumb":{"@id":"https:\/\/diarioellabrador.cl\/index.php\/2026\/03\/17\/organizan-evento-a-beneficio-de-querido-locutor-melipillano\/#breadcrumb"},"inLanguage":"es","potentialAction":[{"@type":"ReadAction","target":["https:\/\/diarioellabrador.cl\/index.php\/2026\/03\/17\/organizan-evento-a-beneficio-de-querido-locutor-melipillano\/"]}]},{"@type":"ImageObject","inLanguage":"es","@id":"https:\/\/diarioellabrador.cl\/index.php\/2026\/03\/17\/organizan-evento-a-beneficio-de-querido-locutor-melipillano\/#primaryimage","url":"https:\/\/diarioellabrador.cl\/wp-content\/uploads\/2026\/03\/Organizan-evento-a-beneficio-de-querido-locutor-melipillano.jpg","contentUrl":"https:\/\/diarioellabrador.cl\/wp-content\/uploads\/2026\/03\/Organizan-evento-a-beneficio-de-querido-locutor-melipillano.jpg","width":617,"height":751},{"@type":"BreadcrumbList","@id":"https:\/\/diarioellabrador.cl\/index.php\/2026\/03\/17\/organizan-evento-a-beneficio-de-querido-locutor-melipillano\/#breadcrumb","itemListElement":[{"@type":"ListItem","position":1,"name":"Portada","item":"https:\/\/diarioellabrador.cl\/"},{"@type":"ListItem","position":2,"name":"Organizan evento a beneficio de querido locutor melipillano"}]},{"@type":"WebSite","@id":"https:\/\/diarioellabrador.cl\/#website","url":"https:\/\/diarioellabrador.cl\/","name":"Diario El Labrador","description":"Haciendo noticia desde 1921","publisher":{"@id":"https:\/\/diarioellabrador.cl\/#organization"},"potentialAction":[{"@type":"SearchAction","target":{"@type":"EntryPoint","urlTemplate":"https:\/\/diarioellabrador.cl\/?s={search_term_string}"},"query-input":{"@type":"PropertyValueSpecification","valueRequired":true,"valueName":"search_term_string"}}],"inLanguage":"es"},{"@type":"Organization","@id":"https:\/\/diarioellabrador.cl\/#organization","name":"Diario El Labrador","url":"https:\/\/diarioellabrador.cl\/","logo":{"@type":"ImageObject","inLanguage":"es","@id":"https:\/\/diarioellabrador.cl\/#\/schema\/logo\/image\/","url":"https:\/\/diarioellabrador.cl\/wp-content\/uploads\/2025\/02\/cropped-Logo-Icono.png","contentUrl":"https:\/\/diarioellabrador.cl\/wp-content\/uploads\/2025\/02\/cropped-Logo-Icono.png","width":512,"height":512,"caption":"Diario El Labrador"},"image":{"@id":"https:\/\/diarioellabrador.cl\/#\/schema\/logo\/image\/"},"sameAs":["https:\/\/web.facebook.com\/profile.php?id=61576120840621","https:\/\/x.com\/ElLabradorOf","https:\/\/www.instagram.com\/diarioellabradoroficial\/"]},{"@type":"Person","@id":"https:\/\/diarioellabrador.cl\/#\/schema\/person\/bc25ff80b4563f9c7f4bd7855df01685","name":"Editor","image":{"@type":"ImageObject","inLanguage":"es","@id":"https:\/\/secure.gravatar.com\/avatar\/109c326cf2be5c04f048c2c2a2b8b6ef44bf3d8d1d3d4c55d0ac40c4bc994684?s=96&d=mm&r=g","url":"https:\/\/secure.gravatar.com\/avatar\/109c326cf2be5c04f048c2c2a2b8b6ef44bf3d8d1d3d4c55d0ac40c4bc994684?s=96&d=mm&r=g","contentUrl":"https:\/\/secure.gravatar.com\/avatar\/109c326cf2be5c04f048c2c2a2b8b6ef44bf3d8d1d3d4c55d0ac40c4bc994684?s=96&d=mm&r=g","caption":"Editor"},"url":"https:\/\/diarioellabrador.cl\/index.php\/author\/editor\/"}]}},"_links":{"self":[{"href":"https:\/\/diarioellabrador.cl\/index.php\/wp-json\/wp\/v2\/posts\/16766","targetHints":{"allow":["GET"]}}],"collection":[{"href":"https:\/\/diarioellabrador.cl\/index.php\/wp-json\/wp\/v2\/posts"}],"about":[{"href":"https:\/\/diarioellabrador.cl\/index.php\/wp-json\/wp\/v2\/types\/post"}],"author":[{"embeddable":true,"href":"https:\/\/diarioellabrador.cl\/index.php\/wp-json\/wp\/v2\/users\/2"}],"replies":[{"embeddable":true,"href":"https:\/\/diarioellabrador.cl\/index.php\/wp-json\/wp\/v2\/comments?post=16766"}],"version-history":[{"count":1,"href":"https:\/\/diarioellabrador.cl\/index.php\/wp-json\/wp\/v2\/posts\/16766\/revisions"}],"predecessor-version":[{"id":16767,"href":"https:\/\/diarioellabrador.cl\/index.php\/wp-json\/wp\/v2\/posts\/16766\/revisions\/16767"}],"wp:featuredmedia":[{"embeddable":true,"href":"https:\/\/diarioellabrador.cl\/index.php\/wp-json\/wp\/v2\/media\/16714"}],"wp:attachment":[{"href":"https:\/\/diarioellabrador.cl\/index.php\/wp-json\/wp\/v2\/media?parent=16766"}],"wp:term":[{"taxonomy":"category","embeddable":true,"href":"https:\/\/diarioellabrador.cl\/index.php\/wp-json\/wp\/v2\/categories?post=16766"},{"taxonomy":"post_tag","embeddable":true,"href":"https:\/\/diarioellabrador.cl\/index.php\/wp-json\/wp\/v2\/tags?post=16766"}],"curies":[{"name":"wp","href":"https:\/\/api.w.org\/{rel}","templated":true}]}}